{"id":25040,"date":"2023-05-25T14:23:27","date_gmt":"2023-05-25T14:23:27","guid":{"rendered":"https:\/\/cvinoticias.com\/v3\/?p=25040"},"modified":"2023-05-25T14:23:27","modified_gmt":"2023-05-25T14:23:27","slug":"el-trabajo-de-la-concordia","status":"publish","type":"post","link":"https:\/\/cvinoticias.com\/v3\/el-trabajo-de-la-concordia\/","title":{"rendered":"El trabajo de la Concordia"},"content":{"rendered":"\n<p><strong><em>Luego de la convocatoria del presidente de la C\u00e1mara de Representantes de la provincia, Ing. Carlos Eduardo Rovira, los diputados sesionaron el mi\u00e9rcoles 24, debido al feriado patrio, en busca de continuar con la alta productividad que goza el poder legislativo misionero, aprobando proyectos que permiten seguir conquistando derechos que colocan a Misiones en la vanguardia del pa\u00eds.<\/em><\/strong><\/p>\n\n\n\n<p>Este mi\u00e9rcoles 24 de mayo sesion\u00f3 por primera vez en el a\u00f1o la C\u00e1mara de Representantes de la provincia, en consonancia al llamado del presidente de la c\u00e1mara en vistas al feriado nacional por conmemoraci\u00f3n de la revoluci\u00f3n de mayo, respondiendo al mandato popular los representantes del pueblo misionero, se reunieron para trabajar en concordia y a destajo superando todo tipo de grietas que a nivel nacional hace imposible la construcci\u00f3n de consensos, para as\u00ed poder garantizar y promover nuevos derechos a trav\u00e9s de las herramientas legislativas.<\/p>\n\n\n\n<p>Al contrario de lo que pensaba el escritor y pensador b\u00falgaro Elias Canetti, sobre la utilizaci\u00f3n de la estructura psicol\u00f3gica de los ej\u00e9rcitos en el sistema de partidos en el Parlamento moderno, en Misiones reina la concordia y la cooperaci\u00f3n para buscar el bienestar de los ciudadanos.<\/p>\n\n\n\n<p><strong>Alta Productividad Misionera<\/strong><\/p>\n\n\n\n<p>El parlamento de la tierra colorada est\u00e1 por encima de la media nacional, en cuanto a leyes se trata, en el transcurso del 2022 se aprobaron 119 iniciativas, que responden a las necesidades de cada uno de los sectores de la sociedad. Mientras que a nivel nacional en el 2022 seg\u00fan organismos de control y transparencia gubernamentales el trabajo legislativo llevado adelante en el Congreso por diputados y senadores nacionales fue uno de los m\u00e1s bajos a nivel de producci\u00f3n de leyes y sesiones, en total se aprobaron 37 leyes, esta merma en la cantidad de leyes se traduce en un a\u00f1o con un comportamiento similar al de un a\u00f1o electoral.<\/p>\n\n\n\n<p>Esto es debido al conflicto pol\u00edtico nacional, sus internas en los diferentes frentes y la imposibilidad de concertar pautas en com\u00fan y lograr acuerdos duraderos para un pa\u00eds mejor, acuerdos que se logran en Misiones gracias a la responsabilidad y el trabajo del Frente Renovador de la Concordia, que con su bloque de 27 diputados, marca el ritmo pol\u00edtico de la provincia con el \u00fanico norte que es mejorar la vida a los misioneros.<\/p>\n\n\n\n<p><strong>Proyectos de Vanguardia<\/strong><\/p>\n\n\n\n<p>Los proyectos que se trataron en el recinto en esta primera sesi\u00f3n est\u00e1n relacionados a diversas problem\u00e1ticas sociales y buscan soluciones con pol\u00edticas p\u00fablicas inclusivas e innovadoras, los proyectos aprobados son los siguientes:<br>Duelo respetado, el proyecto crea un marco regulatorio para la creaci\u00f3n de pol\u00edticas p\u00fablicas que busquen garantizar, promover y efectivizar el derecho de la persona gestante, de un duelo respetado y a la atenci\u00f3n frente a la muerte gestacional y perinatal. Tambi\u00e9n se sumara a esto la creaci\u00f3n del D\u00eda Provincial del Duelo por Muerte Perinatal, Gestacional y Neonatal, el 15 de octubre donde se realizar\u00e1n actividades de promoci\u00f3n, concientizaci\u00f3n, informaci\u00f3n y difusi\u00f3n.<\/p>\n\n\n\n<p>Programa de Fomento de Espacios Amigables para Ni\u00f1os, Ni\u00f1as y Adolescentes, el proyecto impulsa la creaci\u00f3n de espacios amigables para ni\u00f1os, ni\u00f1as y adolescentes en todos los \u00e1mbitos p\u00fablicos y privados de la provincia, reflejando que la ni\u00f1ez en Misiones es prioridad.<\/p>\n\n\n\n<p>Parlamento Estudiantil en los Concejos Deliberantes, el proyecto crea un marco regulatorio para implementar el modelo parlamento estudiantil misionero en todos los concejos deliberantes de la provincia, promoviendo la participaci\u00f3n pol\u00edtica con la creaci\u00f3n de espacios donde los j\u00f3venes puedan expresarse y as\u00ed formar parte del proceso de desarrollo de la provincia.<\/p>\n\n\n\n<p>Programa Provincial Barrera Ambiental, el proyecto impulsa la protecci\u00f3n de la biodiversidad y ecolog\u00eda misionera, con la finalidad de minimizar los riesgos de focos de incendios, mediante la implementaci\u00f3n de medidas de prevenci\u00f3n y control en las \u00e1reas externas, aleda\u00f1as y circunvecinas de los Parques Provinciales, Nacionales, Federales y de \u00c1reas Naturales Protegidas.<\/p>\n\n\n\n<p><strong>Por Fernando Retamozo &#8211; Polit\u00f3logo. Periodista.<\/strong><\/p>\n","protected":false},"excerpt":{"rendered":"<p>Luego de la convocatoria del presidente de la C\u00e1mara de Representantes de la provincia, Ing. Carlos Eduardo Rovira, los diputados sesionaron el mi\u00e9rcoles 24, debido al feriado patrio, en busca de continuar con la alta productividad que goza el poder legislativo misionero, aprobando proyectos que permiten seguir conquistando derechos que colocan a Misiones en la [&hellip;]<\/p>\n","protected":false},"author":2,"featured_media":25041,"comment_status":"open","ping_status":"open","sticky":false,"template":"","format":"standard","meta":{"footnotes":""},"categories":[42],"tags":[],"class_list":["post-25040","post","type-post","status-publish","format-standard","has-post-thumbnail","hentry","category-politica"],"yoast_head":"<!-- This site is optimized with the Yoast SEO plugin v27.5 - https:\/\/yoast.com\/product\/yoast-seo-wordpress\/ -->\n<title>El trabajo de la Concordia | CVI NOTICIAS<\/title>\n<meta name=\"robots\" content=\"index, follow, max-snippet:-1, max-image-preview:large, max-video-preview:-1\" \/>\n<link rel=\"canonical\" href=\"https:\/\/cvinoticias.com\/v3\/el-trabajo-de-la-concordia\/\" \/>\n<meta property=\"og:locale\" content=\"es_ES\" \/>\n<meta property=\"og:type\" content=\"article\" \/>\n<meta property=\"og:title\" content=\"El trabajo de la Concordia | CVI NOTICIAS\" \/>\n<meta property=\"og:description\" content=\"Luego de la convocatoria del presidente de la C\u00e1mara de Representantes de la provincia, Ing. Carlos Eduardo Rovira, los diputados sesionaron el mi\u00e9rcoles 24, debido al feriado patrio, en busca de continuar con la alta productividad que goza el poder legislativo misionero, aprobando proyectos que permiten seguir conquistando derechos que colocan a Misiones en la [&hellip;]\" \/>\n<meta property=\"og:url\" content=\"https:\/\/cvinoticias.com\/v3\/el-trabajo-de-la-concordia\/\" \/>\n<meta property=\"og:site_name\" content=\"CVI NOTICIAS\" \/>\n<meta property=\"article:publisher\" content=\"https:\/\/www.facebook.com\/cvinoticias\" \/>\n<meta property=\"article:published_time\" content=\"2023-05-25T14:23:27+00:00\" \/>\n<meta property=\"og:image\" content=\"https:\/\/cvinoticias.com\/wp-content\/uploads\/2023\/05\/Screenshot_20230525_112023_Docs.jpg\" \/>\n\t<meta property=\"og:image:width\" content=\"930\" \/>\n\t<meta property=\"og:image:height\" content=\"520\" \/>\n\t<meta property=\"og:image:type\" content=\"image\/jpeg\" \/>\n<meta name=\"author\" content=\"f1000024\" \/>\n<meta name=\"twitter:card\" content=\"summary_large_image\" \/>\n<meta name=\"twitter:label1\" content=\"Escrito por\" \/>\n\t<meta name=\"twitter:data1\" content=\"f1000024\" \/>\n\t<meta name=\"twitter:label2\" content=\"Tiempo de lectura\" \/>\n\t<meta name=\"twitter:data2\" content=\"3 minutos\" \/>\n<script type=\"application\/ld+json\" class=\"yoast-schema-graph\">{\"@context\":\"https:\\\/\\\/schema.org\",\"@graph\":[{\"@type\":\"Article\",\"@id\":\"https:\\\/\\\/cvinoticias.com\\\/v3\\\/el-trabajo-de-la-concordia\\\/#article\",\"isPartOf\":{\"@id\":\"https:\\\/\\\/cvinoticias.com\\\/v3\\\/el-trabajo-de-la-concordia\\\/\"},\"author\":{\"name\":\"f1000024\",\"@id\":\"https:\\\/\\\/cvinoticias.com\\\/v3\\\/#\\\/schema\\\/person\\\/2db77e3c6bc03c538495d7b2b8be9b66\"},\"headline\":\"El trabajo de la Concordia\",\"datePublished\":\"2023-05-25T14:23:27+00:00\",\"mainEntityOfPage\":{\"@id\":\"https:\\\/\\\/cvinoticias.com\\\/v3\\\/el-trabajo-de-la-concordia\\\/\"},\"wordCount\":698,\"commentCount\":0,\"publisher\":{\"@id\":\"https:\\\/\\\/cvinoticias.com\\\/v3\\\/#organization\"},\"image\":{\"@id\":\"https:\\\/\\\/cvinoticias.com\\\/v3\\\/el-trabajo-de-la-concordia\\\/#primaryimage\"},\"thumbnailUrl\":\"https:\\\/\\\/cvinoticias.com\\\/wp-content\\\/uploads\\\/2023\\\/05\\\/Screenshot_20230525_112023_Docs.jpg\",\"articleSection\":[\"Politica\"],\"inLanguage\":\"es\",\"potentialAction\":[{\"@type\":\"CommentAction\",\"name\":\"Comment\",\"target\":[\"https:\\\/\\\/cvinoticias.com\\\/v3\\\/el-trabajo-de-la-concordia\\\/#respond\"]}]},{\"@type\":\"WebPage\",\"@id\":\"https:\\\/\\\/cvinoticias.com\\\/v3\\\/el-trabajo-de-la-concordia\\\/\",\"url\":\"https:\\\/\\\/cvinoticias.com\\\/v3\\\/el-trabajo-de-la-concordia\\\/\",\"name\":\"El trabajo de la Concordia | CVI NOTICIAS\",\"isPartOf\":{\"@id\":\"https:\\\/\\\/cvinoticias.com\\\/v3\\\/#website\"},\"primaryImageOfPage\":{\"@id\":\"https:\\\/\\\/cvinoticias.com\\\/v3\\\/el-trabajo-de-la-concordia\\\/#primaryimage\"},\"image\":{\"@id\":\"https:\\\/\\\/cvinoticias.com\\\/v3\\\/el-trabajo-de-la-concordia\\\/#primaryimage\"},\"thumbnailUrl\":\"https:\\\/\\\/cvinoticias.com\\\/wp-content\\\/uploads\\\/2023\\\/05\\\/Screenshot_20230525_112023_Docs.jpg\",\"datePublished\":\"2023-05-25T14:23:27+00:00\",\"breadcrumb\":{\"@id\":\"https:\\\/\\\/cvinoticias.com\\\/v3\\\/el-trabajo-de-la-concordia\\\/#breadcrumb\"},\"inLanguage\":\"es\",\"potentialAction\":[{\"@type\":\"ReadAction\",\"target\":[\"https:\\\/\\\/cvinoticias.com\\\/v3\\\/el-trabajo-de-la-concordia\\\/\"]}]},{\"@type\":\"ImageObject\",\"inLanguage\":\"es\",\"@id\":\"https:\\\/\\\/cvinoticias.com\\\/v3\\\/el-trabajo-de-la-concordia\\\/#primaryimage\",\"url\":\"https:\\\/\\\/cvinoticias.com\\\/wp-content\\\/uploads\\\/2023\\\/05\\\/Screenshot_20230525_112023_Docs.jpg\",\"contentUrl\":\"https:\\\/\\\/cvinoticias.com\\\/wp-content\\\/uploads\\\/2023\\\/05\\\/Screenshot_20230525_112023_Docs.jpg\",\"width\":930,\"height\":520},{\"@type\":\"BreadcrumbList\",\"@id\":\"https:\\\/\\\/cvinoticias.com\\\/v3\\\/el-trabajo-de-la-concordia\\\/#breadcrumb\",\"itemListElement\":[{\"@type\":\"ListItem\",\"position\":1,\"name\":\"Portada\",\"item\":\"https:\\\/\\\/cvinoticias.com\\\/v3\\\/\"},{\"@type\":\"ListItem\",\"position\":2,\"name\":\"El trabajo de la Concordia\"}]},{\"@type\":\"WebSite\",\"@id\":\"https:\\\/\\\/cvinoticias.com\\\/v3\\\/#website\",\"url\":\"https:\\\/\\\/cvinoticias.com\\\/v3\\\/\",\"name\":\"CVI NOTICIAS\",\"description\":\"\",\"publisher\":{\"@id\":\"https:\\\/\\\/cvinoticias.com\\\/v3\\\/#organization\"},\"alternateName\":\"CVI\",\"potentialAction\":[{\"@type\":\"SearchAction\",\"target\":{\"@type\":\"EntryPoint\",\"urlTemplate\":\"https:\\\/\\\/cvinoticias.com\\\/v3\\\/?s={search_term_string}\"},\"query-input\":{\"@type\":\"PropertyValueSpecification\",\"valueRequired\":true,\"valueName\":\"search_term_string\"}}],\"inLanguage\":\"es\"},{\"@type\":\"Organization\",\"@id\":\"https:\\\/\\\/cvinoticias.com\\\/v3\\\/#organization\",\"name\":\"CVI NOTICIAS\",\"url\":\"https:\\\/\\\/cvinoticias.com\\\/v3\\\/\",\"logo\":{\"@type\":\"ImageObject\",\"inLanguage\":\"es\",\"@id\":\"https:\\\/\\\/cvinoticias.com\\\/v3\\\/#\\\/schema\\\/logo\\\/image\\\/\",\"url\":\"https:\\\/\\\/cvinoticias.com\\\/wp-content\\\/uploads\\\/2023\\\/04\\\/cropped-cropped-cropped-cropped-cropped-3-1.png\",\"contentUrl\":\"https:\\\/\\\/cvinoticias.com\\\/wp-content\\\/uploads\\\/2023\\\/04\\\/cropped-cropped-cropped-cropped-cropped-3-1.png\",\"width\":95,\"height\":122,\"caption\":\"CVI NOTICIAS\"},\"image\":{\"@id\":\"https:\\\/\\\/cvinoticias.com\\\/v3\\\/#\\\/schema\\\/logo\\\/image\\\/\"},\"sameAs\":[\"https:\\\/\\\/www.facebook.com\\\/cvinoticias\",\"https:\\\/\\\/www.instagram.com\\\/cvinoticias\\\/\",\"https:\\\/\\\/www.youtube.com\\\/@CVINOTICIAS\"]},{\"@type\":\"Person\",\"@id\":\"https:\\\/\\\/cvinoticias.com\\\/v3\\\/#\\\/schema\\\/person\\\/2db77e3c6bc03c538495d7b2b8be9b66\",\"name\":\"f1000024\",\"image\":{\"@type\":\"ImageObject\",\"inLanguage\":\"es\",\"@id\":\"https:\\\/\\\/secure.gravatar.com\\\/avatar\\\/d4fe7459cfc51ff5129ce1a732bbef5928568b8092d412ef95611616376bbeed?s=96&d=mm&r=g\",\"url\":\"https:\\\/\\\/secure.gravatar.com\\\/avatar\\\/d4fe7459cfc51ff5129ce1a732bbef5928568b8092d412ef95611616376bbeed?s=96&d=mm&r=g\",\"contentUrl\":\"https:\\\/\\\/secure.gravatar.com\\\/avatar\\\/d4fe7459cfc51ff5129ce1a732bbef5928568b8092d412ef95611616376bbeed?s=96&d=mm&r=g\",\"caption\":\"f1000024\"},\"url\":\"https:\\\/\\\/cvinoticias.com\\\/v3\\\/author\\\/f1000024\\\/\"}]}<\/script>\n<!-- \/ Yoast SEO plugin. -->","yoast_head_json":{"title":"El trabajo de la Concordia | CVI NOTICIAS","robots":{"index":"index","follow":"follow","max-snippet":"max-snippet:-1","max-image-preview":"max-image-preview:large","max-video-preview":"max-video-preview:-1"},"canonical":"https:\/\/cvinoticias.com\/v3\/el-trabajo-de-la-concordia\/","og_locale":"es_ES","og_type":"article","og_title":"El trabajo de la Concordia | CVI NOTICIAS","og_description":"Luego de la convocatoria del presidente de la C\u00e1mara de Representantes de la provincia, Ing. Carlos Eduardo Rovira, los diputados sesionaron el mi\u00e9rcoles 24, debido al feriado patrio, en busca de continuar con la alta productividad que goza el poder legislativo misionero, aprobando proyectos que permiten seguir conquistando derechos que colocan a Misiones en la [&hellip;]","og_url":"https:\/\/cvinoticias.com\/v3\/el-trabajo-de-la-concordia\/","og_site_name":"CVI NOTICIAS","article_publisher":"https:\/\/www.facebook.com\/cvinoticias","article_published_time":"2023-05-25T14:23:27+00:00","og_image":[{"width":930,"height":520,"url":"https:\/\/cvinoticias.com\/wp-content\/uploads\/2023\/05\/Screenshot_20230525_112023_Docs.jpg","type":"image\/jpeg"}],"author":"f1000024","twitter_card":"summary_large_image","twitter_misc":{"Escrito por":"f1000024","Tiempo de lectura":"3 minutos"},"schema":{"@context":"https:\/\/schema.org","@graph":[{"@type":"Article","@id":"https:\/\/cvinoticias.com\/v3\/el-trabajo-de-la-concordia\/#article","isPartOf":{"@id":"https:\/\/cvinoticias.com\/v3\/el-trabajo-de-la-concordia\/"},"author":{"name":"f1000024","@id":"https:\/\/cvinoticias.com\/v3\/#\/schema\/person\/2db77e3c6bc03c538495d7b2b8be9b66"},"headline":"El trabajo de la Concordia","datePublished":"2023-05-25T14:23:27+00:00","mainEntityOfPage":{"@id":"https:\/\/cvinoticias.com\/v3\/el-trabajo-de-la-concordia\/"},"wordCount":698,"commentCount":0,"publisher":{"@id":"https:\/\/cvinoticias.com\/v3\/#organization"},"image":{"@id":"https:\/\/cvinoticias.com\/v3\/el-trabajo-de-la-concordia\/#primaryimage"},"thumbnailUrl":"https:\/\/cvinoticias.com\/wp-content\/uploads\/2023\/05\/Screenshot_20230525_112023_Docs.jpg","articleSection":["Politica"],"inLanguage":"es","potentialAction":[{"@type":"CommentAction","name":"Comment","target":["https:\/\/cvinoticias.com\/v3\/el-trabajo-de-la-concordia\/#respond"]}]},{"@type":"WebPage","@id":"https:\/\/cvinoticias.com\/v3\/el-trabajo-de-la-concordia\/","url":"https:\/\/cvinoticias.com\/v3\/el-trabajo-de-la-concordia\/","name":"El trabajo de la Concordia | CVI NOTICIAS","isPartOf":{"@id":"https:\/\/cvinoticias.com\/v3\/#website"},"primaryImageOfPage":{"@id":"https:\/\/cvinoticias.com\/v3\/el-trabajo-de-la-concordia\/#primaryimage"},"image":{"@id":"https:\/\/cvinoticias.com\/v3\/el-trabajo-de-la-concordia\/#primaryimage"},"thumbnailUrl":"https:\/\/cvinoticias.com\/wp-content\/uploads\/2023\/05\/Screenshot_20230525_112023_Docs.jpg","datePublished":"2023-05-25T14:23:27+00:00","breadcrumb":{"@id":"https:\/\/cvinoticias.com\/v3\/el-trabajo-de-la-concordia\/#breadcrumb"},"inLanguage":"es","potentialAction":[{"@type":"ReadAction","target":["https:\/\/cvinoticias.com\/v3\/el-trabajo-de-la-concordia\/"]}]},{"@type":"ImageObject","inLanguage":"es","@id":"https:\/\/cvinoticias.com\/v3\/el-trabajo-de-la-concordia\/#primaryimage","url":"https:\/\/cvinoticias.com\/wp-content\/uploads\/2023\/05\/Screenshot_20230525_112023_Docs.jpg","contentUrl":"https:\/\/cvinoticias.com\/wp-content\/uploads\/2023\/05\/Screenshot_20230525_112023_Docs.jpg","width":930,"height":520},{"@type":"BreadcrumbList","@id":"https:\/\/cvinoticias.com\/v3\/el-trabajo-de-la-concordia\/#breadcrumb","itemListElement":[{"@type":"ListItem","position":1,"name":"Portada","item":"https:\/\/cvinoticias.com\/v3\/"},{"@type":"ListItem","position":2,"name":"El trabajo de la Concordia"}]},{"@type":"WebSite","@id":"https:\/\/cvinoticias.com\/v3\/#website","url":"https:\/\/cvinoticias.com\/v3\/","name":"CVI NOTICIAS","description":"","publisher":{"@id":"https:\/\/cvinoticias.com\/v3\/#organization"},"alternateName":"CVI","potentialAction":[{"@type":"SearchAction","target":{"@type":"EntryPoint","urlTemplate":"https:\/\/cvinoticias.com\/v3\/?s={search_term_string}"},"query-input":{"@type":"PropertyValueSpecification","valueRequired":true,"valueName":"search_term_string"}}],"inLanguage":"es"},{"@type":"Organization","@id":"https:\/\/cvinoticias.com\/v3\/#organization","name":"CVI NOTICIAS","url":"https:\/\/cvinoticias.com\/v3\/","logo":{"@type":"ImageObject","inLanguage":"es","@id":"https:\/\/cvinoticias.com\/v3\/#\/schema\/logo\/image\/","url":"https:\/\/cvinoticias.com\/wp-content\/uploads\/2023\/04\/cropped-cropped-cropped-cropped-cropped-3-1.png","contentUrl":"https:\/\/cvinoticias.com\/wp-content\/uploads\/2023\/04\/cropped-cropped-cropped-cropped-cropped-3-1.png","width":95,"height":122,"caption":"CVI NOTICIAS"},"image":{"@id":"https:\/\/cvinoticias.com\/v3\/#\/schema\/logo\/image\/"},"sameAs":["https:\/\/www.facebook.com\/cvinoticias","https:\/\/www.instagram.com\/cvinoticias\/","https:\/\/www.youtube.com\/@CVINOTICIAS"]},{"@type":"Person","@id":"https:\/\/cvinoticias.com\/v3\/#\/schema\/person\/2db77e3c6bc03c538495d7b2b8be9b66","name":"f1000024","image":{"@type":"ImageObject","inLanguage":"es","@id":"https:\/\/secure.gravatar.com\/avatar\/d4fe7459cfc51ff5129ce1a732bbef5928568b8092d412ef95611616376bbeed?s=96&d=mm&r=g","url":"https:\/\/secure.gravatar.com\/avatar\/d4fe7459cfc51ff5129ce1a732bbef5928568b8092d412ef95611616376bbeed?s=96&d=mm&r=g","contentUrl":"https:\/\/secure.gravatar.com\/avatar\/d4fe7459cfc51ff5129ce1a732bbef5928568b8092d412ef95611616376bbeed?s=96&d=mm&r=g","caption":"f1000024"},"url":"https:\/\/cvinoticias.com\/v3\/author\/f1000024\/"}]}},"_links":{"self":[{"href":"https:\/\/cvinoticias.com\/v3\/wp-json\/wp\/v2\/posts\/25040","targetHints":{"allow":["GET"]}}],"collection":[{"href":"https:\/\/cvinoticias.com\/v3\/wp-json\/wp\/v2\/posts"}],"about":[{"href":"https:\/\/cvinoticias.com\/v3\/wp-json\/wp\/v2\/types\/post"}],"author":[{"embeddable":true,"href":"https:\/\/cvinoticias.com\/v3\/wp-json\/wp\/v2\/users\/2"}],"replies":[{"embeddable":true,"href":"https:\/\/cvinoticias.com\/v3\/wp-json\/wp\/v2\/comments?post=25040"}],"version-history":[{"count":1,"href":"https:\/\/cvinoticias.com\/v3\/wp-json\/wp\/v2\/posts\/25040\/revisions"}],"predecessor-version":[{"id":25042,"href":"https:\/\/cvinoticias.com\/v3\/wp-json\/wp\/v2\/posts\/25040\/revisions\/25042"}],"wp:featuredmedia":[{"embeddable":true,"href":"https:\/\/cvinoticias.com\/v3\/wp-json\/wp\/v2\/media\/25041"}],"wp:attachment":[{"href":"https:\/\/cvinoticias.com\/v3\/wp-json\/wp\/v2\/media?parent=25040"}],"wp:term":[{"taxonomy":"category","embeddable":true,"href":"https:\/\/cvinoticias.com\/v3\/wp-json\/wp\/v2\/categories?post=25040"},{"taxonomy":"post_tag","embeddable":true,"href":"https:\/\/cvinoticias.com\/v3\/wp-json\/wp\/v2\/tags?post=25040"}],"curies":[{"name":"wp","href":"https:\/\/api.w.org\/{rel}","templated":true}]}}