{"id":25028,"date":"2023-05-25T10:43:38","date_gmt":"2023-05-25T10:43:38","guid":{"rendered":"https:\/\/cvinoticias.com\/v3\/?p=25028"},"modified":"2023-05-25T10:43:38","modified_gmt":"2023-05-25T10:43:38","slug":"la-uta-anuncio-un-paro-de-colectivos-para-el-martes","status":"publish","type":"post","link":"https:\/\/cvinoticias.com\/v3\/la-uta-anuncio-un-paro-de-colectivos-para-el-martes\/","title":{"rendered":"La UTA anunci\u00f3 un paro de colectivos para el martes"},"content":{"rendered":"\n<p><strong><em>La Uni\u00f3n Tranviario Automotor (UTA) anunci\u00f3 que realizar\u00e1 un paro de transportes el pr\u00f3ximo martes 30 de mayo en todo el pa\u00eds, en caso de no llegar a un acuerdo y obtener el incremento salarial requerido en una pr\u00f3xima audiencia con el ministerio de Trabajo.<\/em><\/strong><\/p>\n\n\n\n<p>La UTA y las c\u00e1maras empresarias del sector no pudieron alcanzar un acuerdo en la audiencia convocada el martes por el Ministerio de Trabajo. La organizaci\u00f3n sindical advirti\u00f3 que, de no haber respuesta positiva a los reclamos salariales, realizar\u00e1n un paro el martes pr\u00f3ximo.<\/p>\n\n\n\n<p>\u2014 utaargentina (@utaargentina) May 23, 2023<br>A trav\u00e9s de un comunicado, el consejo directivo nacional de la UTA advirti\u00f3 que a la medianoche del lunes pr\u00f3ximo concluir\u00e1 el per\u00edodo h\u00e1bil de conciliaci\u00f3n obligatoria, por lo que si en la audiencia de ese d\u00eda no se producen soluciones iniciar\u00e1 un paro nacional el martes 30.<\/p>\n\n\n\n<p>Sin embargo, fuentes oficiales confiaron a la agencia estatal de noticias T\u00e9lam que existe la posibilidad de alcanzar un acuerdo sobre la base de \u00abla voluntad pol\u00edtica de las partes\u00bb en la audiencia del lunes, y agregaron que Trabajo tiene la potestad de extender el per\u00edodo de conciliaci\u00f3n obligatoria. La cartera a cargo de Raquel \u00abKelly\u00bb Olmos hab\u00eda dictado el jueves \u00faltimo ese instrumento por cinco d\u00edas en el conflicto de los choferes de colectivos de corta y media distancia, que hab\u00edan dispuesto un paro de 24 horas para el d\u00eda siguiente en todo el territorio nacional.<\/p>\n","protected":false},"excerpt":{"rendered":"<p>La Uni\u00f3n Tranviario Automotor (UTA) anunci\u00f3 que realizar\u00e1 un paro de transportes el pr\u00f3ximo martes 30 de mayo en todo el pa\u00eds, en caso de no llegar a un acuerdo y obtener el incremento salarial requerido en una pr\u00f3xima audiencia con el ministerio de Trabajo. La UTA y las c\u00e1maras empresarias del sector no pudieron [&hellip;]<\/p>\n","protected":false},"author":2,"featured_media":25029,"comment_status":"open","ping_status":"open","sticky":false,"template":"","format":"standard","meta":{"footnotes":""},"categories":[39],"tags":[],"class_list":["post-25028","post","type-post","status-publish","format-standard","has-post-thumbnail","hentry","category-nacionales"],"yoast_head":"<!-- This site is optimized with the Yoast SEO plugin v27.5 - https:\/\/yoast.com\/product\/yoast-seo-wordpress\/ -->\n<title>La UTA anunci\u00f3 un paro de colectivos para el martes | CVI NOTICIAS<\/title>\n<meta name=\"robots\" content=\"index, follow, max-snippet:-1, max-image-preview:large, max-video-preview:-1\" \/>\n<link rel=\"canonical\" href=\"https:\/\/cvinoticias.com\/v3\/la-uta-anuncio-un-paro-de-colectivos-para-el-martes\/\" \/>\n<meta property=\"og:locale\" content=\"es_ES\" \/>\n<meta property=\"og:type\" content=\"article\" \/>\n<meta property=\"og:title\" content=\"La UTA anunci\u00f3 un paro de colectivos para el martes | CVI NOTICIAS\" \/>\n<meta property=\"og:description\" content=\"La Uni\u00f3n Tranviario Automotor (UTA) anunci\u00f3 que realizar\u00e1 un paro de transportes el pr\u00f3ximo martes 30 de mayo en todo el pa\u00eds, en caso de no llegar a un acuerdo y obtener el incremento salarial requerido en una pr\u00f3xima audiencia con el ministerio de Trabajo. La UTA y las c\u00e1maras empresarias del sector no pudieron [&hellip;]\" \/>\n<meta property=\"og:url\" content=\"https:\/\/cvinoticias.com\/v3\/la-uta-anuncio-un-paro-de-colectivos-para-el-martes\/\" \/>\n<meta property=\"og:site_name\" content=\"CVI NOTICIAS\" \/>\n<meta property=\"article:publisher\" content=\"https:\/\/www.facebook.com\/cvinoticias\" \/>\n<meta property=\"article:published_time\" content=\"2023-05-25T10:43:38+00:00\" \/>\n<meta property=\"og:image\" content=\"https:\/\/cvinoticias.com\/wp-content\/uploads\/2023\/05\/f608x342-469160_498883_0.jpg\" \/>\n\t<meta property=\"og:image:width\" content=\"608\" \/>\n\t<meta property=\"og:image:height\" content=\"342\" \/>\n\t<meta property=\"og:image:type\" content=\"image\/jpeg\" \/>\n<meta name=\"author\" content=\"f1000024\" \/>\n<meta name=\"twitter:card\" content=\"summary_large_image\" \/>\n<meta name=\"twitter:label1\" content=\"Escrito por\" \/>\n\t<meta name=\"twitter:data1\" content=\"f1000024\" \/>\n\t<meta name=\"twitter:label2\" content=\"Tiempo de lectura\" \/>\n\t<meta name=\"twitter:data2\" content=\"1 minuto\" \/>\n<script type=\"application\/ld+json\" class=\"yoast-schema-graph\">{\"@context\":\"https:\\\/\\\/schema.org\",\"@graph\":[{\"@type\":\"Article\",\"@id\":\"https:\\\/\\\/cvinoticias.com\\\/v3\\\/la-uta-anuncio-un-paro-de-colectivos-para-el-martes\\\/#article\",\"isPartOf\":{\"@id\":\"https:\\\/\\\/cvinoticias.com\\\/v3\\\/la-uta-anuncio-un-paro-de-colectivos-para-el-martes\\\/\"},\"author\":{\"name\":\"f1000024\",\"@id\":\"https:\\\/\\\/cvinoticias.com\\\/v3\\\/#\\\/schema\\\/person\\\/2db77e3c6bc03c538495d7b2b8be9b66\"},\"headline\":\"La UTA anunci\u00f3 un paro de colectivos para el martes\",\"datePublished\":\"2023-05-25T10:43:38+00:00\",\"mainEntityOfPage\":{\"@id\":\"https:\\\/\\\/cvinoticias.com\\\/v3\\\/la-uta-anuncio-un-paro-de-colectivos-para-el-martes\\\/\"},\"wordCount\":266,\"commentCount\":0,\"publisher\":{\"@id\":\"https:\\\/\\\/cvinoticias.com\\\/v3\\\/#organization\"},\"image\":{\"@id\":\"https:\\\/\\\/cvinoticias.com\\\/v3\\\/la-uta-anuncio-un-paro-de-colectivos-para-el-martes\\\/#primaryimage\"},\"thumbnailUrl\":\"https:\\\/\\\/cvinoticias.com\\\/wp-content\\\/uploads\\\/2023\\\/05\\\/f608x342-469160_498883_0.jpg\",\"articleSection\":[\"Nacionales\"],\"inLanguage\":\"es\",\"potentialAction\":[{\"@type\":\"CommentAction\",\"name\":\"Comment\",\"target\":[\"https:\\\/\\\/cvinoticias.com\\\/v3\\\/la-uta-anuncio-un-paro-de-colectivos-para-el-martes\\\/#respond\"]}]},{\"@type\":\"WebPage\",\"@id\":\"https:\\\/\\\/cvinoticias.com\\\/v3\\\/la-uta-anuncio-un-paro-de-colectivos-para-el-martes\\\/\",\"url\":\"https:\\\/\\\/cvinoticias.com\\\/v3\\\/la-uta-anuncio-un-paro-de-colectivos-para-el-martes\\\/\",\"name\":\"La UTA anunci\u00f3 un paro de colectivos para el martes | CVI NOTICIAS\",\"isPartOf\":{\"@id\":\"https:\\\/\\\/cvinoticias.com\\\/v3\\\/#website\"},\"primaryImageOfPage\":{\"@id\":\"https:\\\/\\\/cvinoticias.com\\\/v3\\\/la-uta-anuncio-un-paro-de-colectivos-para-el-martes\\\/#primaryimage\"},\"image\":{\"@id\":\"https:\\\/\\\/cvinoticias.com\\\/v3\\\/la-uta-anuncio-un-paro-de-colectivos-para-el-martes\\\/#primaryimage\"},\"thumbnailUrl\":\"https:\\\/\\\/cvinoticias.com\\\/wp-content\\\/uploads\\\/2023\\\/05\\\/f608x342-469160_498883_0.jpg\",\"datePublished\":\"2023-05-25T10:43:38+00:00\",\"breadcrumb\":{\"@id\":\"https:\\\/\\\/cvinoticias.com\\\/v3\\\/la-uta-anuncio-un-paro-de-colectivos-para-el-martes\\\/#breadcrumb\"},\"inLanguage\":\"es\",\"potentialAction\":[{\"@type\":\"ReadAction\",\"target\":[\"https:\\\/\\\/cvinoticias.com\\\/v3\\\/la-uta-anuncio-un-paro-de-colectivos-para-el-martes\\\/\"]}]},{\"@type\":\"ImageObject\",\"inLanguage\":\"es\",\"@id\":\"https:\\\/\\\/cvinoticias.com\\\/v3\\\/la-uta-anuncio-un-paro-de-colectivos-para-el-martes\\\/#primaryimage\",\"url\":\"https:\\\/\\\/cvinoticias.com\\\/wp-content\\\/uploads\\\/2023\\\/05\\\/f608x342-469160_498883_0.jpg\",\"contentUrl\":\"https:\\\/\\\/cvinoticias.com\\\/wp-content\\\/uploads\\\/2023\\\/05\\\/f608x342-469160_498883_0.jpg\",\"width\":608,\"height\":342},{\"@type\":\"BreadcrumbList\",\"@id\":\"https:\\\/\\\/cvinoticias.com\\\/v3\\\/la-uta-anuncio-un-paro-de-colectivos-para-el-martes\\\/#breadcrumb\",\"itemListElement\":[{\"@type\":\"ListItem\",\"position\":1,\"name\":\"Portada\",\"item\":\"https:\\\/\\\/cvinoticias.com\\\/v3\\\/\"},{\"@type\":\"ListItem\",\"position\":2,\"name\":\"La UTA anunci\u00f3 un paro de colectivos para el martes\"}]},{\"@type\":\"WebSite\",\"@id\":\"https:\\\/\\\/cvinoticias.com\\\/v3\\\/#website\",\"url\":\"https:\\\/\\\/cvinoticias.com\\\/v3\\\/\",\"name\":\"CVI NOTICIAS\",\"description\":\"\",\"publisher\":{\"@id\":\"https:\\\/\\\/cvinoticias.com\\\/v3\\\/#organization\"},\"alternateName\":\"CVI\",\"potentialAction\":[{\"@type\":\"SearchAction\",\"target\":{\"@type\":\"EntryPoint\",\"urlTemplate\":\"https:\\\/\\\/cvinoticias.com\\\/v3\\\/?s={search_term_string}\"},\"query-input\":{\"@type\":\"PropertyValueSpecification\",\"valueRequired\":true,\"valueName\":\"search_term_string\"}}],\"inLanguage\":\"es\"},{\"@type\":\"Organization\",\"@id\":\"https:\\\/\\\/cvinoticias.com\\\/v3\\\/#organization\",\"name\":\"CVI NOTICIAS\",\"url\":\"https:\\\/\\\/cvinoticias.com\\\/v3\\\/\",\"logo\":{\"@type\":\"ImageObject\",\"inLanguage\":\"es\",\"@id\":\"https:\\\/\\\/cvinoticias.com\\\/v3\\\/#\\\/schema\\\/logo\\\/image\\\/\",\"url\":\"https:\\\/\\\/cvinoticias.com\\\/wp-content\\\/uploads\\\/2023\\\/04\\\/cropped-cropped-cropped-cropped-cropped-3-1.png\",\"contentUrl\":\"https:\\\/\\\/cvinoticias.com\\\/wp-content\\\/uploads\\\/2023\\\/04\\\/cropped-cropped-cropped-cropped-cropped-3-1.png\",\"width\":95,\"height\":122,\"caption\":\"CVI NOTICIAS\"},\"image\":{\"@id\":\"https:\\\/\\\/cvinoticias.com\\\/v3\\\/#\\\/schema\\\/logo\\\/image\\\/\"},\"sameAs\":[\"https:\\\/\\\/www.facebook.com\\\/cvinoticias\",\"https:\\\/\\\/www.instagram.com\\\/cvinoticias\\\/\",\"https:\\\/\\\/www.youtube.com\\\/@CVINOTICIAS\"]},{\"@type\":\"Person\",\"@id\":\"https:\\\/\\\/cvinoticias.com\\\/v3\\\/#\\\/schema\\\/person\\\/2db77e3c6bc03c538495d7b2b8be9b66\",\"name\":\"f1000024\",\"image\":{\"@type\":\"ImageObject\",\"inLanguage\":\"es\",\"@id\":\"https:\\\/\\\/secure.gravatar.com\\\/avatar\\\/d4fe7459cfc51ff5129ce1a732bbef5928568b8092d412ef95611616376bbeed?s=96&d=mm&r=g\",\"url\":\"https:\\\/\\\/secure.gravatar.com\\\/avatar\\\/d4fe7459cfc51ff5129ce1a732bbef5928568b8092d412ef95611616376bbeed?s=96&d=mm&r=g\",\"contentUrl\":\"https:\\\/\\\/secure.gravatar.com\\\/avatar\\\/d4fe7459cfc51ff5129ce1a732bbef5928568b8092d412ef95611616376bbeed?s=96&d=mm&r=g\",\"caption\":\"f1000024\"},\"url\":\"https:\\\/\\\/cvinoticias.com\\\/v3\\\/author\\\/f1000024\\\/\"}]}<\/script>\n<!-- \/ Yoast SEO plugin. -->","yoast_head_json":{"title":"La UTA anunci\u00f3 un paro de colectivos para el martes | CVI NOTICIAS","robots":{"index":"index","follow":"follow","max-snippet":"max-snippet:-1","max-image-preview":"max-image-preview:large","max-video-preview":"max-video-preview:-1"},"canonical":"https:\/\/cvinoticias.com\/v3\/la-uta-anuncio-un-paro-de-colectivos-para-el-martes\/","og_locale":"es_ES","og_type":"article","og_title":"La UTA anunci\u00f3 un paro de colectivos para el martes | CVI NOTICIAS","og_description":"La Uni\u00f3n Tranviario Automotor (UTA) anunci\u00f3 que realizar\u00e1 un paro de transportes el pr\u00f3ximo martes 30 de mayo en todo el pa\u00eds, en caso de no llegar a un acuerdo y obtener el incremento salarial requerido en una pr\u00f3xima audiencia con el ministerio de Trabajo. La UTA y las c\u00e1maras empresarias del sector no pudieron [&hellip;]","og_url":"https:\/\/cvinoticias.com\/v3\/la-uta-anuncio-un-paro-de-colectivos-para-el-martes\/","og_site_name":"CVI NOTICIAS","article_publisher":"https:\/\/www.facebook.com\/cvinoticias","article_published_time":"2023-05-25T10:43:38+00:00","og_image":[{"width":608,"height":342,"url":"https:\/\/cvinoticias.com\/wp-content\/uploads\/2023\/05\/f608x342-469160_498883_0.jpg","type":"image\/jpeg"}],"author":"f1000024","twitter_card":"summary_large_image","twitter_misc":{"Escrito por":"f1000024","Tiempo de lectura":"1 minuto"},"schema":{"@context":"https:\/\/schema.org","@graph":[{"@type":"Article","@id":"https:\/\/cvinoticias.com\/v3\/la-uta-anuncio-un-paro-de-colectivos-para-el-martes\/#article","isPartOf":{"@id":"https:\/\/cvinoticias.com\/v3\/la-uta-anuncio-un-paro-de-colectivos-para-el-martes\/"},"author":{"name":"f1000024","@id":"https:\/\/cvinoticias.com\/v3\/#\/schema\/person\/2db77e3c6bc03c538495d7b2b8be9b66"},"headline":"La UTA anunci\u00f3 un paro de colectivos para el martes","datePublished":"2023-05-25T10:43:38+00:00","mainEntityOfPage":{"@id":"https:\/\/cvinoticias.com\/v3\/la-uta-anuncio-un-paro-de-colectivos-para-el-martes\/"},"wordCount":266,"commentCount":0,"publisher":{"@id":"https:\/\/cvinoticias.com\/v3\/#organization"},"image":{"@id":"https:\/\/cvinoticias.com\/v3\/la-uta-anuncio-un-paro-de-colectivos-para-el-martes\/#primaryimage"},"thumbnailUrl":"https:\/\/cvinoticias.com\/wp-content\/uploads\/2023\/05\/f608x342-469160_498883_0.jpg","articleSection":["Nacionales"],"inLanguage":"es","potentialAction":[{"@type":"CommentAction","name":"Comment","target":["https:\/\/cvinoticias.com\/v3\/la-uta-anuncio-un-paro-de-colectivos-para-el-martes\/#respond"]}]},{"@type":"WebPage","@id":"https:\/\/cvinoticias.com\/v3\/la-uta-anuncio-un-paro-de-colectivos-para-el-martes\/","url":"https:\/\/cvinoticias.com\/v3\/la-uta-anuncio-un-paro-de-colectivos-para-el-martes\/","name":"La UTA anunci\u00f3 un paro de colectivos para el martes | CVI NOTICIAS","isPartOf":{"@id":"https:\/\/cvinoticias.com\/v3\/#website"},"primaryImageOfPage":{"@id":"https:\/\/cvinoticias.com\/v3\/la-uta-anuncio-un-paro-de-colectivos-para-el-martes\/#primaryimage"},"image":{"@id":"https:\/\/cvinoticias.com\/v3\/la-uta-anuncio-un-paro-de-colectivos-para-el-martes\/#primaryimage"},"thumbnailUrl":"https:\/\/cvinoticias.com\/wp-content\/uploads\/2023\/05\/f608x342-469160_498883_0.jpg","datePublished":"2023-05-25T10:43:38+00:00","breadcrumb":{"@id":"https:\/\/cvinoticias.com\/v3\/la-uta-anuncio-un-paro-de-colectivos-para-el-martes\/#breadcrumb"},"inLanguage":"es","potentialAction":[{"@type":"ReadAction","target":["https:\/\/cvinoticias.com\/v3\/la-uta-anuncio-un-paro-de-colectivos-para-el-martes\/"]}]},{"@type":"ImageObject","inLanguage":"es","@id":"https:\/\/cvinoticias.com\/v3\/la-uta-anuncio-un-paro-de-colectivos-para-el-martes\/#primaryimage","url":"https:\/\/cvinoticias.com\/wp-content\/uploads\/2023\/05\/f608x342-469160_498883_0.jpg","contentUrl":"https:\/\/cvinoticias.com\/wp-content\/uploads\/2023\/05\/f608x342-469160_498883_0.jpg","width":608,"height":342},{"@type":"BreadcrumbList","@id":"https:\/\/cvinoticias.com\/v3\/la-uta-anuncio-un-paro-de-colectivos-para-el-martes\/#breadcrumb","itemListElement":[{"@type":"ListItem","position":1,"name":"Portada","item":"https:\/\/cvinoticias.com\/v3\/"},{"@type":"ListItem","position":2,"name":"La UTA anunci\u00f3 un paro de colectivos para el martes"}]},{"@type":"WebSite","@id":"https:\/\/cvinoticias.com\/v3\/#website","url":"https:\/\/cvinoticias.com\/v3\/","name":"CVI NOTICIAS","description":"","publisher":{"@id":"https:\/\/cvinoticias.com\/v3\/#organization"},"alternateName":"CVI","potentialAction":[{"@type":"SearchAction","target":{"@type":"EntryPoint","urlTemplate":"https:\/\/cvinoticias.com\/v3\/?s={search_term_string}"},"query-input":{"@type":"PropertyValueSpecification","valueRequired":true,"valueName":"search_term_string"}}],"inLanguage":"es"},{"@type":"Organization","@id":"https:\/\/cvinoticias.com\/v3\/#organization","name":"CVI NOTICIAS","url":"https:\/\/cvinoticias.com\/v3\/","logo":{"@type":"ImageObject","inLanguage":"es","@id":"https:\/\/cvinoticias.com\/v3\/#\/schema\/logo\/image\/","url":"https:\/\/cvinoticias.com\/wp-content\/uploads\/2023\/04\/cropped-cropped-cropped-cropped-cropped-3-1.png","contentUrl":"https:\/\/cvinoticias.com\/wp-content\/uploads\/2023\/04\/cropped-cropped-cropped-cropped-cropped-3-1.png","width":95,"height":122,"caption":"CVI NOTICIAS"},"image":{"@id":"https:\/\/cvinoticias.com\/v3\/#\/schema\/logo\/image\/"},"sameAs":["https:\/\/www.facebook.com\/cvinoticias","https:\/\/www.instagram.com\/cvinoticias\/","https:\/\/www.youtube.com\/@CVINOTICIAS"]},{"@type":"Person","@id":"https:\/\/cvinoticias.com\/v3\/#\/schema\/person\/2db77e3c6bc03c538495d7b2b8be9b66","name":"f1000024","image":{"@type":"ImageObject","inLanguage":"es","@id":"https:\/\/secure.gravatar.com\/avatar\/d4fe7459cfc51ff5129ce1a732bbef5928568b8092d412ef95611616376bbeed?s=96&d=mm&r=g","url":"https:\/\/secure.gravatar.com\/avatar\/d4fe7459cfc51ff5129ce1a732bbef5928568b8092d412ef95611616376bbeed?s=96&d=mm&r=g","contentUrl":"https:\/\/secure.gravatar.com\/avatar\/d4fe7459cfc51ff5129ce1a732bbef5928568b8092d412ef95611616376bbeed?s=96&d=mm&r=g","caption":"f1000024"},"url":"https:\/\/cvinoticias.com\/v3\/author\/f1000024\/"}]}},"_links":{"self":[{"href":"https:\/\/cvinoticias.com\/v3\/wp-json\/wp\/v2\/posts\/25028","targetHints":{"allow":["GET"]}}],"collection":[{"href":"https:\/\/cvinoticias.com\/v3\/wp-json\/wp\/v2\/posts"}],"about":[{"href":"https:\/\/cvinoticias.com\/v3\/wp-json\/wp\/v2\/types\/post"}],"author":[{"embeddable":true,"href":"https:\/\/cvinoticias.com\/v3\/wp-json\/wp\/v2\/users\/2"}],"replies":[{"embeddable":true,"href":"https:\/\/cvinoticias.com\/v3\/wp-json\/wp\/v2\/comments?post=25028"}],"version-history":[{"count":1,"href":"https:\/\/cvinoticias.com\/v3\/wp-json\/wp\/v2\/posts\/25028\/revisions"}],"predecessor-version":[{"id":25030,"href":"https:\/\/cvinoticias.com\/v3\/wp-json\/wp\/v2\/posts\/25028\/revisions\/25030"}],"wp:featuredmedia":[{"embeddable":true,"href":"https:\/\/cvinoticias.com\/v3\/wp-json\/wp\/v2\/media\/25029"}],"wp:attachment":[{"href":"https:\/\/cvinoticias.com\/v3\/wp-json\/wp\/v2\/media?parent=25028"}],"wp:term":[{"taxonomy":"category","embeddable":true,"href":"https:\/\/cvinoticias.com\/v3\/wp-json\/wp\/v2\/categories?post=25028"},{"taxonomy":"post_tag","embeddable":true,"href":"https:\/\/cvinoticias.com\/v3\/wp-json\/wp\/v2\/tags?post=25028"}],"curies":[{"name":"wp","href":"https:\/\/api.w.org\/{rel}","templated":true}]}}