{"id":25021,"date":"2023-05-25T01:59:07","date_gmt":"2023-05-25T01:59:07","guid":{"rendered":"https:\/\/cvinoticias.com\/v3\/?p=25021"},"modified":"2023-05-25T01:59:07","modified_gmt":"2023-05-25T01:59:07","slug":"parlamento-misionero-salud-ninez-juventud-y-ambiente-los-temas-tratados-en-la-primera-sesion-ordinaria-del-ano","status":"publish","type":"post","link":"https:\/\/cvinoticias.com\/v3\/parlamento-misionero-salud-ninez-juventud-y-ambiente-los-temas-tratados-en-la-primera-sesion-ordinaria-del-ano\/","title":{"rendered":"Parlamento Misionero: Salud, ni\u00f1ez, juventud y ambiente; los temas tratados en la Primera Sesi\u00f3n Ordinaria del a\u00f1o"},"content":{"rendered":"\n<p><strong><em>La C\u00e1mara de Representantes de Misiones comenz\u00f3 sus sesiones ordinarias abordando tem\u00e1ticas siempre presentes en el tratamiento legislativo de la provincia, como la atenci\u00f3n sanitaria y el cuidado e inclusi\u00f3n de los ni\u00f1os, as\u00ed como la defensa del medio ambiente y el involucramiento de los j\u00f3venes en la pol\u00edtica.<\/em><\/strong><\/p>\n\n\n\n<p>Garantizar el derecho de la persona gestante a un duelo respetado frente a la muerte gestacional y perinatal; la creaci\u00f3n de Espacios Amigables para Ni\u00f1os, Ni\u00f1as y Adolescentes; el marco regulatorio para implementar el modelo Parlamento Estudiantil Misionero en los Concejos Deliberantes de la provincia y la creaci\u00f3n del Programa Provincial Barrera Ambiental; fueron los proyectos de Ley aprobados este mi\u00e9rcoles por los diputados misioneros.<br>.<br>En la primera sesi\u00f3n ordinaria del ciclo legislativo 2023 el Parlamento Misionero abord\u00f3 el tratamiento de diferentes tem\u00e1ticas que hacen a la cotidianeidad de la sociedad. En primer lugar, se trat\u00f3 un proyecto que busca garantizar, promover y efectivizar el derecho de la persona gestante a un duelo respetado y a la atenci\u00f3n frente a la muerte gestacional y perinatal.<\/p>\n\n\n\n<figure class=\"wp-block-image size-large\"><a href=\"https:\/\/cvinoticias.com\/wp-content\/uploads\/2023\/05\/IMG-20230524-WA0238.jpg\"><img decoding=\"async\" width=\"1024\" height=\"576\" data-src=\"https:\/\/cvinoticias.com\/wp-content\/uploads\/2023\/05\/IMG-20230524-WA0238-1024x576.jpg\" alt=\"\" class=\"wp-image-25022 lazyload\" data-srcset=\"https:\/\/cvinoticias.com\/wp-content\/uploads\/2023\/05\/IMG-20230524-WA0238-1024x576.jpg 1024w, https:\/\/cvinoticias.com\/wp-content\/uploads\/2023\/05\/IMG-20230524-WA0238-300x169.jpg 300w, https:\/\/cvinoticias.com\/wp-content\/uploads\/2023\/05\/IMG-20230524-WA0238-768x432.jpg 768w, https:\/\/cvinoticias.com\/wp-content\/uploads\/2023\/05\/IMG-20230524-WA0238.jpg 1280w\" data-sizes=\"(max-width: 1024px) 100vw, 1024px\" src=\"data:image\/svg+xml;base64,PHN2ZyB3aWR0aD0iMSIgaGVpZ2h0PSIxIiB4bWxucz0iaHR0cDovL3d3dy53My5vcmcvMjAwMC9zdmciPjwvc3ZnPg==\" style=\"--smush-placeholder-width: 1024px; --smush-placeholder-aspect-ratio: 1024\/576;\" \/><\/a><\/figure>\n\n\n\n<p>Las diputadas Rita N\u00fa\u00f1ez y Yamila Ruiz se\u00f1alaron que la Ley aprobada se plantea como objetivos \u201cdotar a los profesionales de la salud que intervienen al momento del parto de procedimientos de actuaci\u00f3n estandarizados que faciliten la atenci\u00f3n sanitaria de aquellas personas gestantes y familias que sufren una muerte gestacional o perinatal\u201d, al igual que proporcionar un ambiente de contenci\u00f3n y cuidado con acompa\u00f1amiento de profesionales especialistas en la materia y \u201cfacilitar la informaci\u00f3n necesaria acerca de las opciones terap\u00e9uticas, gestiones a realizar, documentaci\u00f3n a cumplimentar y consultas sucesivas, a fin de que puedan decidir las alternativas m\u00e1s pertinentes asegurando el acompa\u00f1amiento de los profesionales durante todo el proceso\u201d.<\/p>\n\n\n\n<p>\u201cEl fallecimiento intrauterino o de un reci\u00e9n nacido en el momento del nacimiento o pocos d\u00edas despu\u00e9s es una noticia devastadora para las madres, padres y la familia. La muerte de un hijo\/a se reconoce como uno de los eventos vitales m\u00e1s estresantes que un adulto puede experimentar dando como resultado depresi\u00f3n, ansiedad, irritabilidad, cambios en los patrones de alimentaci\u00f3n y sue\u00f1o, alteraci\u00f3n de la conducta y sentimiento de culpa entre otros\u201d, se\u00f1ala el texto legislativo y propone dotar de una serie de derechos a las personas q pasen ese trance: recibir informaci\u00f3n sobre las distintas intervenciones m\u00e9dicas que pueden tener lugar durante esos procesos de manera que puedan optar libremente cuando existen diferentes alternativas; tratamiento con respeto, de modo individual y personalizado que le garantice la intimidad durante todo el proceso; acceder a una habitaci\u00f3n exclusiva y de uso privado en el centro de salud desde el momento del fallecimiento; entre otros.<\/p>\n\n\n\n<p>Finalmente, se instituye el 15 de octubre de cada a\u00f1o como el \u201cD\u00eda Provincial de Concientizaci\u00f3n sobre la Muerte Gestacional y Perinatal\u201d.<\/p>\n\n\n\n<p><strong>Inclusi\u00f3n para las infancias<\/strong><\/p>\n\n\n\n<p>A su turno, los legisladores dieron luz verde al proyecto de Ley que crea Espacios Amigables para Ni\u00f1os, Ni\u00f1as y Adolescentes en todos los \u00e1mbitos p\u00fablicos y privados de la Provincia. El texto normativo especifica que \u201cse entiende por espacio amigable aquel que es brindado por una Instituci\u00f3n u organizaci\u00f3n que incluye, en sus objetivos, propuestas y desarrollo, un lugar inclusivo para ni\u00f1os, ni\u00f1as y adolescentes. Es un espacio en el que se ofrece un lugar seguro, confiable y de inter\u00e9s para los ni\u00f1os y donde se respeten todos sus derechos\u201d.<\/p>\n\n\n\n<p>Entre los prop\u00f3sitos de la flamante Ley, se encuentran: promover el desarrollo de la infancia y la adolescencia en un marco de respeto y buen trato, fomentar los v\u00ednculos con la familia y con la sociedad, llevar adelante acciones por la infancia desde una perspectiva de derechos y de respeto hacia la diversidad, sensibilizar a la comunidad para el conocimiento y el respeto de los derechos de la infancia, concientizar respecto a la necesidad de implementar ambientes, productos y servicios inclusivos para todos, e involucrar a los padres y dem\u00e1s adultos como agentes generadores de cambio en cuanto a las pr\u00e1cticas culturalmente impuestas y generar as\u00ed impactos positivos en la ni\u00f1ez.<\/p>\n\n\n\n<p><strong>Parlamento Estudiantil en los Concejos Deliberantes<\/strong><\/p>\n\n\n\n<p>M\u00e1s adelante, el pleno de la C\u00e1mara continu\u00f3 con el punto 3 del Plan de Labor: el proyecto que establece el marco regulatorio para implementar el modelo Parlamento Estudiantil Misionero en los Concejos Deliberantes de la Provincia, a fin de promover el tratamiento de iniciativas que tengan como fuente de inspiraci\u00f3n el esp\u00edritu transformador de la juventud misionera.<br>Esta nueva Ley, impulsada por el Presidente de la C\u00e1mara Ing. Carlos Rovira, contin\u00faa con un rasgo caracter\u00edstico de nuestra provincia: brindar espacios de debate y protagonismo democr\u00e1tico a los j\u00f3venes misioneros. En este caso, se focaliza \u201cconcretamente en el ejercicio de la pr\u00e1ctica legislativa como herramienta pedag\u00f3gica\u201d, seg\u00fan el texto votado.<br>En cuanto al articulado del proyecto, el mismo \u201ctiene como finalidad fomentar la cultura democr\u00e1tica y participaci\u00f3n pol\u00edtica ciudadana en todos los rincones de la Provincia\u201d, se\u00f1ala el proyecto.<br>Recordemos que el Parlamento Estudiantil Misionero tiene su origen gracias a la iniciativa de la C\u00e1mara de Representantes, que en el a\u00f1o 2005 crea el Parlamento Estudiantil Provincial con el objetivo de incentivar a la comunidad educativa a involucrarse en el conocimiento de la pr\u00e1ctica del ejercicio del Poder Legislativo.<\/p>\n\n\n\n<p><strong>Barrera Ambiental<\/strong><\/p>\n\n\n\n<p>La \u00faltima Ley sancionada por el Parlamento Misionero en su primera sesi\u00f3n ordinaria de 2023 fue de car\u00e1cter ambiental: se cre\u00f3 el \u201cPrograma Provincial Barrera Ambiental\u201d, cuyo objetivo es minimizar los riesgos de focos de incendios, mediante la implementaci\u00f3n de medidas de prevenci\u00f3n y control en las \u00e1reas externas, aleda\u00f1as y circunvecinas de los Parques Provinciales, Nacionales, Federales y de \u00c1reas Naturales Protegidas como as\u00ed tambi\u00e9n la concientizaci\u00f3n sobre su importancia para la riqueza natural de Misiones.<\/p>\n\n\n\n<p><strong>Este Programa est\u00e1 constituido por la siguiente serie de objetivos:<\/strong><\/p>\n\n\n\n<ul class=\"wp-block-list\">\n<li>&#8211; Proteger de incendios forestales y rurales a la forestaci\u00f3n nativa ubicada dentro de los Parques Provinciales, Nacionales y Federales, y de \u00c1reas Naturales Protegidas<\/li>\n\n\n\n<li>&#8211; Concientizar a la sociedad sobre la importancia de la preservaci\u00f3n y cuidado de los bosques protectores y fajas ecol\u00f3gicas<\/li>\n\n\n\n<li>Incentivar a los propietarios de tierras rurales ubicados dentro de la Barrera &#8211; &#8211; Ambiental a implementar acciones tendientes al uso responsable y la progresiva eliminaci\u00f3n del uso del fuego como pr\u00e1ctica productiva<\/li>\n\n\n\n<li>Promocionar la organizaci\u00f3n comunitaria para la prevenci\u00f3n de focos de incendio y el accionar en situaci\u00f3n de emergencia \u00edgnea<\/li>\n\n\n\n<li>Instar a la implementaci\u00f3n de sistemas de alerta temprana de focos de incendios dentro de la Barrera Ambiental<\/li>\n\n\n\n<li>Instruir sobre la importancia de la prevenci\u00f3n del fuego para la conservaci\u00f3n de la biodiversidad y la salvaguarda de los procesos ecosist\u00e9micos esenciales<\/li>\n\n\n\n<li>Sensibilizar a la comunidad sobre el da\u00f1o inconmensurable producido en los ecosistemas a ra\u00edz de la acci\u00f3n del fuego, y el deterioro de la capacidad de restauraci\u00f3n de la flora y fauna nativa<\/li>\n\n\n\n<li>Propender al trabajo interdisciplinario y colaborativo entre todos los actores con injerencia en la problem\u00e1tica del fuego<\/li>\n<\/ul>\n\n\n\n<p>Por \u00faltimo, cabe destacar que \u201cBarrera Ambiental\u201d busca constituirse como una herramienta para planificar, organizar e implementar programas de capacitaci\u00f3n, generar espacios institucionales de articulaci\u00f3n con las comunidades abor\u00edgenes asentadas en las zonas establecidas dentro de la \u00abBarrera Ambiental de \u00c1reas Naturales Protegidas\u201d, ONG, Asociaciones, Fundaciones, Cooperativas y todos aquellos actores con injerencia en la problem\u00e1tica del fuego, y para llevar adelante toda otra acci\u00f3n que pueda aportar a la prevenci\u00f3n y minimizaci\u00f3n de riesgos en la \u00abBarrera Ambiental\u201d.<\/p>\n","protected":false},"excerpt":{"rendered":"<p>La C\u00e1mara de Representantes de Misiones comenz\u00f3 sus sesiones ordinarias abordando tem\u00e1ticas siempre presentes en el tratamiento legislativo de la provincia, como la atenci\u00f3n sanitaria y el cuidado e inclusi\u00f3n de los ni\u00f1os, as\u00ed como la defensa del medio ambiente y el involucramiento de los j\u00f3venes en la pol\u00edtica. Garantizar el derecho de la persona [&hellip;]<\/p>\n","protected":false},"author":2,"featured_media":25023,"comment_status":"open","ping_status":"open","sticky":false,"template":"","format":"standard","meta":{"footnotes":""},"categories":[42],"tags":[],"class_list":["post-25021","post","type-post","status-publish","format-standard","has-post-thumbnail","hentry","category-politica"],"yoast_head":"<!-- This site is optimized with the Yoast SEO plugin v27.5 - https:\/\/yoast.com\/product\/yoast-seo-wordpress\/ -->\n<title>Parlamento Misionero: Salud, ni\u00f1ez, juventud y ambiente; los temas tratados en la Primera Sesi\u00f3n Ordinaria del a\u00f1o | CVI NOTICIAS<\/title>\n<meta name=\"robots\" content=\"index, follow, max-snippet:-1, max-image-preview:large, max-video-preview:-1\" \/>\n<link rel=\"canonical\" href=\"https:\/\/cvinoticias.com\/v3\/parlamento-misionero-salud-ninez-juventud-y-ambiente-los-temas-tratados-en-la-primera-sesion-ordinaria-del-ano\/\" \/>\n<meta property=\"og:locale\" content=\"es_ES\" \/>\n<meta property=\"og:type\" content=\"article\" \/>\n<meta property=\"og:title\" content=\"Parlamento Misionero: Salud, ni\u00f1ez, juventud y ambiente; los temas tratados en la Primera Sesi\u00f3n Ordinaria del a\u00f1o | CVI NOTICIAS\" \/>\n<meta property=\"og:description\" content=\"La C\u00e1mara de Representantes de Misiones comenz\u00f3 sus sesiones ordinarias abordando tem\u00e1ticas siempre presentes en el tratamiento legislativo de la provincia, como la atenci\u00f3n sanitaria y el cuidado e inclusi\u00f3n de los ni\u00f1os, as\u00ed como la defensa del medio ambiente y el involucramiento de los j\u00f3venes en la pol\u00edtica. Garantizar el derecho de la persona [&hellip;]\" \/>\n<meta property=\"og:url\" content=\"https:\/\/cvinoticias.com\/v3\/parlamento-misionero-salud-ninez-juventud-y-ambiente-los-temas-tratados-en-la-primera-sesion-ordinaria-del-ano\/\" \/>\n<meta property=\"og:site_name\" content=\"CVI NOTICIAS\" \/>\n<meta property=\"article:publisher\" content=\"https:\/\/www.facebook.com\/cvinoticias\" \/>\n<meta property=\"article:published_time\" content=\"2023-05-25T01:59:07+00:00\" \/>\n<meta property=\"og:image\" content=\"https:\/\/cvinoticias.com\/wp-content\/uploads\/2023\/05\/IMG-20230524-WA0237.jpg\" \/>\n\t<meta property=\"og:image:width\" content=\"1280\" \/>\n\t<meta property=\"og:image:height\" content=\"766\" \/>\n\t<meta property=\"og:image:type\" content=\"image\/jpeg\" \/>\n<meta name=\"author\" content=\"f1000024\" \/>\n<meta name=\"twitter:card\" content=\"summary_large_image\" \/>\n<meta name=\"twitter:label1\" content=\"Escrito por\" \/>\n\t<meta name=\"twitter:data1\" content=\"f1000024\" \/>\n\t<meta name=\"twitter:label2\" content=\"Tiempo de lectura\" \/>\n\t<meta name=\"twitter:data2\" content=\"7 minutos\" \/>\n<script type=\"application\/ld+json\" class=\"yoast-schema-graph\">{\"@context\":\"https:\\\/\\\/schema.org\",\"@graph\":[{\"@type\":\"Article\",\"@id\":\"https:\\\/\\\/cvinoticias.com\\\/v3\\\/parlamento-misionero-salud-ninez-juventud-y-ambiente-los-temas-tratados-en-la-primera-sesion-ordinaria-del-ano\\\/#article\",\"isPartOf\":{\"@id\":\"https:\\\/\\\/cvinoticias.com\\\/v3\\\/parlamento-misionero-salud-ninez-juventud-y-ambiente-los-temas-tratados-en-la-primera-sesion-ordinaria-del-ano\\\/\"},\"author\":{\"name\":\"f1000024\",\"@id\":\"https:\\\/\\\/cvinoticias.com\\\/v3\\\/#\\\/schema\\\/person\\\/2db77e3c6bc03c538495d7b2b8be9b66\"},\"headline\":\"Parlamento Misionero: Salud, ni\u00f1ez, juventud y ambiente; los temas tratados en la Primera Sesi\u00f3n Ordinaria del a\u00f1o\",\"datePublished\":\"2023-05-25T01:59:07+00:00\",\"mainEntityOfPage\":{\"@id\":\"https:\\\/\\\/cvinoticias.com\\\/v3\\\/parlamento-misionero-salud-ninez-juventud-y-ambiente-los-temas-tratados-en-la-primera-sesion-ordinaria-del-ano\\\/\"},\"wordCount\":1337,\"commentCount\":0,\"publisher\":{\"@id\":\"https:\\\/\\\/cvinoticias.com\\\/v3\\\/#organization\"},\"image\":{\"@id\":\"https:\\\/\\\/cvinoticias.com\\\/v3\\\/parlamento-misionero-salud-ninez-juventud-y-ambiente-los-temas-tratados-en-la-primera-sesion-ordinaria-del-ano\\\/#primaryimage\"},\"thumbnailUrl\":\"https:\\\/\\\/cvinoticias.com\\\/wp-content\\\/uploads\\\/2023\\\/05\\\/IMG-20230524-WA0237.jpg\",\"articleSection\":[\"Politica\"],\"inLanguage\":\"es\",\"potentialAction\":[{\"@type\":\"CommentAction\",\"name\":\"Comment\",\"target\":[\"https:\\\/\\\/cvinoticias.com\\\/v3\\\/parlamento-misionero-salud-ninez-juventud-y-ambiente-los-temas-tratados-en-la-primera-sesion-ordinaria-del-ano\\\/#respond\"]}]},{\"@type\":\"WebPage\",\"@id\":\"https:\\\/\\\/cvinoticias.com\\\/v3\\\/parlamento-misionero-salud-ninez-juventud-y-ambiente-los-temas-tratados-en-la-primera-sesion-ordinaria-del-ano\\\/\",\"url\":\"https:\\\/\\\/cvinoticias.com\\\/v3\\\/parlamento-misionero-salud-ninez-juventud-y-ambiente-los-temas-tratados-en-la-primera-sesion-ordinaria-del-ano\\\/\",\"name\":\"Parlamento Misionero: Salud, ni\u00f1ez, juventud y ambiente; los temas tratados en la Primera Sesi\u00f3n Ordinaria del a\u00f1o | CVI NOTICIAS\",\"isPartOf\":{\"@id\":\"https:\\\/\\\/cvinoticias.com\\\/v3\\\/#website\"},\"primaryImageOfPage\":{\"@id\":\"https:\\\/\\\/cvinoticias.com\\\/v3\\\/parlamento-misionero-salud-ninez-juventud-y-ambiente-los-temas-tratados-en-la-primera-sesion-ordinaria-del-ano\\\/#primaryimage\"},\"image\":{\"@id\":\"https:\\\/\\\/cvinoticias.com\\\/v3\\\/parlamento-misionero-salud-ninez-juventud-y-ambiente-los-temas-tratados-en-la-primera-sesion-ordinaria-del-ano\\\/#primaryimage\"},\"thumbnailUrl\":\"https:\\\/\\\/cvinoticias.com\\\/wp-content\\\/uploads\\\/2023\\\/05\\\/IMG-20230524-WA0237.jpg\",\"datePublished\":\"2023-05-25T01:59:07+00:00\",\"breadcrumb\":{\"@id\":\"https:\\\/\\\/cvinoticias.com\\\/v3\\\/parlamento-misionero-salud-ninez-juventud-y-ambiente-los-temas-tratados-en-la-primera-sesion-ordinaria-del-ano\\\/#breadcrumb\"},\"inLanguage\":\"es\",\"potentialAction\":[{\"@type\":\"ReadAction\",\"target\":[\"https:\\\/\\\/cvinoticias.com\\\/v3\\\/parlamento-misionero-salud-ninez-juventud-y-ambiente-los-temas-tratados-en-la-primera-sesion-ordinaria-del-ano\\\/\"]}]},{\"@type\":\"ImageObject\",\"inLanguage\":\"es\",\"@id\":\"https:\\\/\\\/cvinoticias.com\\\/v3\\\/parlamento-misionero-salud-ninez-juventud-y-ambiente-los-temas-tratados-en-la-primera-sesion-ordinaria-del-ano\\\/#primaryimage\",\"url\":\"https:\\\/\\\/cvinoticias.com\\\/wp-content\\\/uploads\\\/2023\\\/05\\\/IMG-20230524-WA0237.jpg\",\"contentUrl\":\"https:\\\/\\\/cvinoticias.com\\\/wp-content\\\/uploads\\\/2023\\\/05\\\/IMG-20230524-WA0237.jpg\",\"width\":1280,\"height\":766},{\"@type\":\"BreadcrumbList\",\"@id\":\"https:\\\/\\\/cvinoticias.com\\\/v3\\\/parlamento-misionero-salud-ninez-juventud-y-ambiente-los-temas-tratados-en-la-primera-sesion-ordinaria-del-ano\\\/#breadcrumb\",\"itemListElement\":[{\"@type\":\"ListItem\",\"position\":1,\"name\":\"Portada\",\"item\":\"https:\\\/\\\/cvinoticias.com\\\/v3\\\/\"},{\"@type\":\"ListItem\",\"position\":2,\"name\":\"Parlamento Misionero: Salud, ni\u00f1ez, juventud y ambiente; los temas tratados en la Primera Sesi\u00f3n Ordinaria del a\u00f1o\"}]},{\"@type\":\"WebSite\",\"@id\":\"https:\\\/\\\/cvinoticias.com\\\/v3\\\/#website\",\"url\":\"https:\\\/\\\/cvinoticias.com\\\/v3\\\/\",\"name\":\"CVI NOTICIAS\",\"description\":\"\",\"publisher\":{\"@id\":\"https:\\\/\\\/cvinoticias.com\\\/v3\\\/#organization\"},\"alternateName\":\"CVI\",\"potentialAction\":[{\"@type\":\"SearchAction\",\"target\":{\"@type\":\"EntryPoint\",\"urlTemplate\":\"https:\\\/\\\/cvinoticias.com\\\/v3\\\/?s={search_term_string}\"},\"query-input\":{\"@type\":\"PropertyValueSpecification\",\"valueRequired\":true,\"valueName\":\"search_term_string\"}}],\"inLanguage\":\"es\"},{\"@type\":\"Organization\",\"@id\":\"https:\\\/\\\/cvinoticias.com\\\/v3\\\/#organization\",\"name\":\"CVI NOTICIAS\",\"url\":\"https:\\\/\\\/cvinoticias.com\\\/v3\\\/\",\"logo\":{\"@type\":\"ImageObject\",\"inLanguage\":\"es\",\"@id\":\"https:\\\/\\\/cvinoticias.com\\\/v3\\\/#\\\/schema\\\/logo\\\/image\\\/\",\"url\":\"https:\\\/\\\/cvinoticias.com\\\/wp-content\\\/uploads\\\/2023\\\/04\\\/cropped-cropped-cropped-cropped-cropped-3-1.png\",\"contentUrl\":\"https:\\\/\\\/cvinoticias.com\\\/wp-content\\\/uploads\\\/2023\\\/04\\\/cropped-cropped-cropped-cropped-cropped-3-1.png\",\"width\":95,\"height\":122,\"caption\":\"CVI NOTICIAS\"},\"image\":{\"@id\":\"https:\\\/\\\/cvinoticias.com\\\/v3\\\/#\\\/schema\\\/logo\\\/image\\\/\"},\"sameAs\":[\"https:\\\/\\\/www.facebook.com\\\/cvinoticias\",\"https:\\\/\\\/www.instagram.com\\\/cvinoticias\\\/\",\"https:\\\/\\\/www.youtube.com\\\/@CVINOTICIAS\"]},{\"@type\":\"Person\",\"@id\":\"https:\\\/\\\/cvinoticias.com\\\/v3\\\/#\\\/schema\\\/person\\\/2db77e3c6bc03c538495d7b2b8be9b66\",\"name\":\"f1000024\",\"image\":{\"@type\":\"ImageObject\",\"inLanguage\":\"es\",\"@id\":\"https:\\\/\\\/secure.gravatar.com\\\/avatar\\\/d4fe7459cfc51ff5129ce1a732bbef5928568b8092d412ef95611616376bbeed?s=96&d=mm&r=g\",\"url\":\"https:\\\/\\\/secure.gravatar.com\\\/avatar\\\/d4fe7459cfc51ff5129ce1a732bbef5928568b8092d412ef95611616376bbeed?s=96&d=mm&r=g\",\"contentUrl\":\"https:\\\/\\\/secure.gravatar.com\\\/avatar\\\/d4fe7459cfc51ff5129ce1a732bbef5928568b8092d412ef95611616376bbeed?s=96&d=mm&r=g\",\"caption\":\"f1000024\"},\"url\":\"https:\\\/\\\/cvinoticias.com\\\/v3\\\/author\\\/f1000024\\\/\"}]}<\/script>\n<!-- \/ Yoast SEO plugin. -->","yoast_head_json":{"title":"Parlamento Misionero: Salud, ni\u00f1ez, juventud y ambiente; los temas tratados en la Primera Sesi\u00f3n Ordinaria del a\u00f1o | CVI NOTICIAS","robots":{"index":"index","follow":"follow","max-snippet":"max-snippet:-1","max-image-preview":"max-image-preview:large","max-video-preview":"max-video-preview:-1"},"canonical":"https:\/\/cvinoticias.com\/v3\/parlamento-misionero-salud-ninez-juventud-y-ambiente-los-temas-tratados-en-la-primera-sesion-ordinaria-del-ano\/","og_locale":"es_ES","og_type":"article","og_title":"Parlamento Misionero: Salud, ni\u00f1ez, juventud y ambiente; los temas tratados en la Primera Sesi\u00f3n Ordinaria del a\u00f1o | CVI NOTICIAS","og_description":"La C\u00e1mara de Representantes de Misiones comenz\u00f3 sus sesiones ordinarias abordando tem\u00e1ticas siempre presentes en el tratamiento legislativo de la provincia, como la atenci\u00f3n sanitaria y el cuidado e inclusi\u00f3n de los ni\u00f1os, as\u00ed como la defensa del medio ambiente y el involucramiento de los j\u00f3venes en la pol\u00edtica. Garantizar el derecho de la persona [&hellip;]","og_url":"https:\/\/cvinoticias.com\/v3\/parlamento-misionero-salud-ninez-juventud-y-ambiente-los-temas-tratados-en-la-primera-sesion-ordinaria-del-ano\/","og_site_name":"CVI NOTICIAS","article_publisher":"https:\/\/www.facebook.com\/cvinoticias","article_published_time":"2023-05-25T01:59:07+00:00","og_image":[{"width":1280,"height":766,"url":"https:\/\/cvinoticias.com\/wp-content\/uploads\/2023\/05\/IMG-20230524-WA0237.jpg","type":"image\/jpeg"}],"author":"f1000024","twitter_card":"summary_large_image","twitter_misc":{"Escrito por":"f1000024","Tiempo de lectura":"7 minutos"},"schema":{"@context":"https:\/\/schema.org","@graph":[{"@type":"Article","@id":"https:\/\/cvinoticias.com\/v3\/parlamento-misionero-salud-ninez-juventud-y-ambiente-los-temas-tratados-en-la-primera-sesion-ordinaria-del-ano\/#article","isPartOf":{"@id":"https:\/\/cvinoticias.com\/v3\/parlamento-misionero-salud-ninez-juventud-y-ambiente-los-temas-tratados-en-la-primera-sesion-ordinaria-del-ano\/"},"author":{"name":"f1000024","@id":"https:\/\/cvinoticias.com\/v3\/#\/schema\/person\/2db77e3c6bc03c538495d7b2b8be9b66"},"headline":"Parlamento Misionero: Salud, ni\u00f1ez, juventud y ambiente; los temas tratados en la Primera Sesi\u00f3n Ordinaria del a\u00f1o","datePublished":"2023-05-25T01:59:07+00:00","mainEntityOfPage":{"@id":"https:\/\/cvinoticias.com\/v3\/parlamento-misionero-salud-ninez-juventud-y-ambiente-los-temas-tratados-en-la-primera-sesion-ordinaria-del-ano\/"},"wordCount":1337,"commentCount":0,"publisher":{"@id":"https:\/\/cvinoticias.com\/v3\/#organization"},"image":{"@id":"https:\/\/cvinoticias.com\/v3\/parlamento-misionero-salud-ninez-juventud-y-ambiente-los-temas-tratados-en-la-primera-sesion-ordinaria-del-ano\/#primaryimage"},"thumbnailUrl":"https:\/\/cvinoticias.com\/wp-content\/uploads\/2023\/05\/IMG-20230524-WA0237.jpg","articleSection":["Politica"],"inLanguage":"es","potentialAction":[{"@type":"CommentAction","name":"Comment","target":["https:\/\/cvinoticias.com\/v3\/parlamento-misionero-salud-ninez-juventud-y-ambiente-los-temas-tratados-en-la-primera-sesion-ordinaria-del-ano\/#respond"]}]},{"@type":"WebPage","@id":"https:\/\/cvinoticias.com\/v3\/parlamento-misionero-salud-ninez-juventud-y-ambiente-los-temas-tratados-en-la-primera-sesion-ordinaria-del-ano\/","url":"https:\/\/cvinoticias.com\/v3\/parlamento-misionero-salud-ninez-juventud-y-ambiente-los-temas-tratados-en-la-primera-sesion-ordinaria-del-ano\/","name":"Parlamento Misionero: Salud, ni\u00f1ez, juventud y ambiente; los temas tratados en la Primera Sesi\u00f3n Ordinaria del a\u00f1o | CVI NOTICIAS","isPartOf":{"@id":"https:\/\/cvinoticias.com\/v3\/#website"},"primaryImageOfPage":{"@id":"https:\/\/cvinoticias.com\/v3\/parlamento-misionero-salud-ninez-juventud-y-ambiente-los-temas-tratados-en-la-primera-sesion-ordinaria-del-ano\/#primaryimage"},"image":{"@id":"https:\/\/cvinoticias.com\/v3\/parlamento-misionero-salud-ninez-juventud-y-ambiente-los-temas-tratados-en-la-primera-sesion-ordinaria-del-ano\/#primaryimage"},"thumbnailUrl":"https:\/\/cvinoticias.com\/wp-content\/uploads\/2023\/05\/IMG-20230524-WA0237.jpg","datePublished":"2023-05-25T01:59:07+00:00","breadcrumb":{"@id":"https:\/\/cvinoticias.com\/v3\/parlamento-misionero-salud-ninez-juventud-y-ambiente-los-temas-tratados-en-la-primera-sesion-ordinaria-del-ano\/#breadcrumb"},"inLanguage":"es","potentialAction":[{"@type":"ReadAction","target":["https:\/\/cvinoticias.com\/v3\/parlamento-misionero-salud-ninez-juventud-y-ambiente-los-temas-tratados-en-la-primera-sesion-ordinaria-del-ano\/"]}]},{"@type":"ImageObject","inLanguage":"es","@id":"https:\/\/cvinoticias.com\/v3\/parlamento-misionero-salud-ninez-juventud-y-ambiente-los-temas-tratados-en-la-primera-sesion-ordinaria-del-ano\/#primaryimage","url":"https:\/\/cvinoticias.com\/wp-content\/uploads\/2023\/05\/IMG-20230524-WA0237.jpg","contentUrl":"https:\/\/cvinoticias.com\/wp-content\/uploads\/2023\/05\/IMG-20230524-WA0237.jpg","width":1280,"height":766},{"@type":"BreadcrumbList","@id":"https:\/\/cvinoticias.com\/v3\/parlamento-misionero-salud-ninez-juventud-y-ambiente-los-temas-tratados-en-la-primera-sesion-ordinaria-del-ano\/#breadcrumb","itemListElement":[{"@type":"ListItem","position":1,"name":"Portada","item":"https:\/\/cvinoticias.com\/v3\/"},{"@type":"ListItem","position":2,"name":"Parlamento Misionero: Salud, ni\u00f1ez, juventud y ambiente; los temas tratados en la Primera Sesi\u00f3n Ordinaria del a\u00f1o"}]},{"@type":"WebSite","@id":"https:\/\/cvinoticias.com\/v3\/#website","url":"https:\/\/cvinoticias.com\/v3\/","name":"CVI NOTICIAS","description":"","publisher":{"@id":"https:\/\/cvinoticias.com\/v3\/#organization"},"alternateName":"CVI","potentialAction":[{"@type":"SearchAction","target":{"@type":"EntryPoint","urlTemplate":"https:\/\/cvinoticias.com\/v3\/?s={search_term_string}"},"query-input":{"@type":"PropertyValueSpecification","valueRequired":true,"valueName":"search_term_string"}}],"inLanguage":"es"},{"@type":"Organization","@id":"https:\/\/cvinoticias.com\/v3\/#organization","name":"CVI NOTICIAS","url":"https:\/\/cvinoticias.com\/v3\/","logo":{"@type":"ImageObject","inLanguage":"es","@id":"https:\/\/cvinoticias.com\/v3\/#\/schema\/logo\/image\/","url":"https:\/\/cvinoticias.com\/wp-content\/uploads\/2023\/04\/cropped-cropped-cropped-cropped-cropped-3-1.png","contentUrl":"https:\/\/cvinoticias.com\/wp-content\/uploads\/2023\/04\/cropped-cropped-cropped-cropped-cropped-3-1.png","width":95,"height":122,"caption":"CVI NOTICIAS"},"image":{"@id":"https:\/\/cvinoticias.com\/v3\/#\/schema\/logo\/image\/"},"sameAs":["https:\/\/www.facebook.com\/cvinoticias","https:\/\/www.instagram.com\/cvinoticias\/","https:\/\/www.youtube.com\/@CVINOTICIAS"]},{"@type":"Person","@id":"https:\/\/cvinoticias.com\/v3\/#\/schema\/person\/2db77e3c6bc03c538495d7b2b8be9b66","name":"f1000024","image":{"@type":"ImageObject","inLanguage":"es","@id":"https:\/\/secure.gravatar.com\/avatar\/d4fe7459cfc51ff5129ce1a732bbef5928568b8092d412ef95611616376bbeed?s=96&d=mm&r=g","url":"https:\/\/secure.gravatar.com\/avatar\/d4fe7459cfc51ff5129ce1a732bbef5928568b8092d412ef95611616376bbeed?s=96&d=mm&r=g","contentUrl":"https:\/\/secure.gravatar.com\/avatar\/d4fe7459cfc51ff5129ce1a732bbef5928568b8092d412ef95611616376bbeed?s=96&d=mm&r=g","caption":"f1000024"},"url":"https:\/\/cvinoticias.com\/v3\/author\/f1000024\/"}]}},"_links":{"self":[{"href":"https:\/\/cvinoticias.com\/v3\/wp-json\/wp\/v2\/posts\/25021","targetHints":{"allow":["GET"]}}],"collection":[{"href":"https:\/\/cvinoticias.com\/v3\/wp-json\/wp\/v2\/posts"}],"about":[{"href":"https:\/\/cvinoticias.com\/v3\/wp-json\/wp\/v2\/types\/post"}],"author":[{"embeddable":true,"href":"https:\/\/cvinoticias.com\/v3\/wp-json\/wp\/v2\/users\/2"}],"replies":[{"embeddable":true,"href":"https:\/\/cvinoticias.com\/v3\/wp-json\/wp\/v2\/comments?post=25021"}],"version-history":[{"count":1,"href":"https:\/\/cvinoticias.com\/v3\/wp-json\/wp\/v2\/posts\/25021\/revisions"}],"predecessor-version":[{"id":25024,"href":"https:\/\/cvinoticias.com\/v3\/wp-json\/wp\/v2\/posts\/25021\/revisions\/25024"}],"wp:featuredmedia":[{"embeddable":true,"href":"https:\/\/cvinoticias.com\/v3\/wp-json\/wp\/v2\/media\/25023"}],"wp:attachment":[{"href":"https:\/\/cvinoticias.com\/v3\/wp-json\/wp\/v2\/media?parent=25021"}],"wp:term":[{"taxonomy":"category","embeddable":true,"href":"https:\/\/cvinoticias.com\/v3\/wp-json\/wp\/v2\/categories?post=25021"},{"taxonomy":"post_tag","embeddable":true,"href":"https:\/\/cvinoticias.com\/v3\/wp-json\/wp\/v2\/tags?post=25021"}],"curies":[{"name":"wp","href":"https:\/\/api.w.org\/{rel}","templated":true}]}}