{"id":24998,"date":"2023-05-24T10:43:50","date_gmt":"2023-05-24T10:43:50","guid":{"rendered":"https:\/\/cvinoticias.com\/v3\/?p=24998"},"modified":"2023-05-24T10:43:50","modified_gmt":"2023-05-24T10:43:50","slug":"lejos-del-voto-bronca-prevalecen-las-buenas-vibras","status":"publish","type":"post","link":"https:\/\/cvinoticias.com\/v3\/lejos-del-voto-bronca-prevalecen-las-buenas-vibras\/","title":{"rendered":"Lejos del \u201cvoto bronca\u201d, prevalecen las \u201cbuenas vibras\u201d"},"content":{"rendered":"\n<p>Nota de Opini\u00f3n, por Fernando Retamozo<\/p>\n\n\n\n<p><strong><em>\u201cNo podemos resolver un problema con el mismo nivel de pensamiento que contribuy\u00f3 a crearlo\u201d Albert Einstein.<\/em><\/strong><\/p>\n\n\n\n<p>En un contexto nacional en donde los \u00faltimos ocho a\u00f1os tuvimos la experiencia de una arena pol\u00edtica formateada por dos alianzas que componen el bicoalicionismo nacional, espacios que a la hora de gobernar no pudieron solucionar las problem\u00e1ticas que se les fueron encomendadas si no que las profundizaron, empieza a crecer un profundo descontento, el cual en pol\u00edtica lo suelen capitalizar los gobiernos que son opciones polarizantes con otros, pero la gran insatisfacci\u00f3n que est\u00e1 encauzando el sector pol\u00edtico nacional hace que el descontento que se puede dar como algo coyuntural, se transforme en una desafecci\u00f3n pol\u00edtica que implica una desconfianza profunda hacia la clase dirigente y suele afectar principalmente a j\u00f3venes, que actualmente componen m\u00e1s del 55% del padr\u00f3n electoral nacional.<\/p>\n\n\n\n<p>Seg\u00fan estudiosos de la ciencia pol\u00edtica estos sectores suelen adoptar dos posibles posiciones el d\u00eda de la elecci\u00f3n: a) no acuden a votar, porque no creen en el sistema de partidos, o b) votan para ver perder al partido de gobierno. Estas fracturas entre la sociedad y la dirigencia suelen hacer proliferar a outsiders o extremistas, que suelen capturar el denominado \u201cvoto bronca\u201d que no necesariamente significa que apoyen sus propuestas si no que buscan una salida rupturista frente a la insatisfacci\u00f3n, esto se puede constatar en una de los m\u00e1s recientes informes de la consultora Zuban C\u00f3rdoba que se\u00f1ala que el 61,7% de los encuestados est\u00e1 en contra de dolarizar la econom\u00eda, el 77,3% est\u00e1 en desacuerdo con la legalizaci\u00f3n de la libre portaci\u00f3n de armas, el 68,2% est\u00e1 en desacuerdo con privatizar YPF, el 66,6% en contra de privatizar Aerol\u00edneas, el 49,2% no busca eliminar subsidios y planes sociales y el 84,2% desacuerda en privatizar la educaci\u00f3n p\u00fablica.<\/p>\n\n\n\n<p>En contramano y despeg\u00e1ndose del ca\u00f3tico escenario nacional el resultado del ultimo 7 de mayo en las elecciones provinciales de Misiones, lejos del \u201cvoto bronca\u201d pudieron proliferar las \u201cbuenas vibras\u201d frase acu\u00f1ada por su conductor el Ing. Carlos Rovira, demostrando que la sociedad premia a los modelos de gesti\u00f3n exitosos, y el Frente Renovador de la Concordia demostr\u00f3 que cuando existe un plan y un norte al que seguir, la ciudadan\u00eda no se deja enga\u00f1ar por falsos esl\u00f3ganes ni se deja atrapar por la pol\u00edtica del des\u00e1nimo.<\/p>\n\n\n\n<p>El Frente Renovador de la Concordia cosech\u00f3 casi 420 mil votos de 700 mil misioneros que fueron a las urnas con esperanzas y convicci\u00f3n en uno de los d\u00edas m\u00e1s lluviosos de la provincia en lo que va del a\u00f1o, sac\u00e1ndole una diferencia de m\u00e1s de 300 mil votos al segundo que representaba al espacio de Juntos por el Cambio y una distancia de 400 mil votos al espacio que representaba al Frente de Todos en Misiones. Fue la diferencia m\u00e1s grande hasta el momento por parte de un oficialismo provincial, donde casi el 70 % de los misioneros acompa\u00f1aron al modelo renovador.<\/p>\n\n\n\n<p>D\u00e1ndose hechos hist\u00f3ricos como la victoria en circuitos electorales que eran viejos bastiones de los radicales, hoy en Juntos por el cambio, como ser el centro de la ciudad capitalina donde la boleta renovadora duplico en votos al adversario. La derrota opositora fue demoledora en toda la tierra colorada significando una mayor\u00eda de 25 diputados en la c\u00e1mara de representantes de la provincia, y resaltando que la casi totalidad de los municipios quedaran bajo el mismo signo partidario de la renovaci\u00f3n.<\/p>\n\n\n\n<p>Del Laberinto se sale por arriba<\/p>\n\n\n\n<p>Como escribi\u00f3 alguna vez el escritor argentino Leopoldo Marechal \u201cdel laberinto se sale por arriba\u201d, laberinto que la estrategia de juntos por el cambio quiso instalar con la grieta nacional trayendo dirigentes nacionales y as\u00ed poder capitalizar el \u201cvoto bronca\u201d, ninguna de las dos cosas sucedieron el misionero sali\u00f3 por arriba de este laberinto y vot\u00f3 en defensa de un proyecto de gesti\u00f3n serio y ordenado que contiene a todos los misioneros.<\/p>\n\n\n\n<p>Los argentinos lejos de la derechizaci\u00f3n que muchos venden con promesas de ajustes y recortes, buscan aires de cambio, cambio que no ven en las viejas recetas de juntos por el cambio, que no est\u00e1n juntos ni tampoco son el cambio, si no que encuentran en la pol\u00edtica innovadora y disruptiva del modelo misionerista, que lejos de conformarse con lo hecho va en busca de nuevos desaf\u00edos llevando a la Misiones Startup a los m\u00e1s alto a fuerza de gesti\u00f3n y visi\u00f3n de futuro por parte de su conductor, Carlos Rovira, quien encontr\u00f3 en la \u00faltima elecci\u00f3n una alquimia perfecta entre juventud y experiencia significando \u201cLa Gran Suma\u201d de Misiones, encabezada por Hugo Passalaqua y Lucas Romero Spinelli.<\/p>\n\n\n\n<p>El Modelo Renovador<\/p>\n\n\n\n<p>Seg\u00fan Thomas Khun un paradigma es un sistema de creencias, principios, valores y premisas que determinan la visi\u00f3n que una determinada comunidad tiene de la realidad, en otras palabras un paradigma es un ejemplo cercano, un ejemplo que hace de modelo para otros casos cercanos. El modelo renovador de la econom\u00eda del conocimiento, de la Misiones Startup es el paradigma a copiar para los modelos nacionales y provinciales, marcado por progreso continuo, que se refleja en uno de los \u00faltimos informes de la direcci\u00f3n de estad\u00edsticas y censos de Corrientes donde destacan a Misiones como la provincia del NEA (Chaco, Corrientes, Formosa y Misiones), con mayor cantidad de asalariados registrados en el sector privado, contando con 104.657 puestos de trabajo en el sector, seguido por Corrientes (80.084), Chaco (79.417), y por \u00faltimo Formosa (27.148). Por esto y por otras cosas, todos quieren replicar el paradigma ya probado en Misiones, que crece y se hace fuerte lejos de las grietas nacionales yendo en contra de la norma de las distintas elecciones provinciales que se vienen realizando, donde el ausentismo y el voto en blanco son protagonista, como por ejemplo en Tierra del Fuego donde la segunda fuerza provincial fue el voto en blanco.<\/p>\n\n\n\n<p>En camino a las nacionales el frente renovador se convierte en uno de los espacios m\u00e1s codiciados en el cruce electoral donde m\u00e1s de uno de los presidenciables lo quiere en su boleta, queda esperar y ver como el futuro pol\u00edtico nacional se desata, futuro que estar\u00e1 signado en gran parte por lo econ\u00f3mico que est\u00e1 en manos del ministro de econom\u00eda Sergio Massa, piloto de tormentas ajenas, que trabaja a destajo y a contra tiempo por un respaldo del banco del BRICS, New Development Bank (NDB) para cumplimentar con el pacto con Brasil que permitir\u00eda a la Argentina exportar e importar en moneda nacional con dicho pa\u00eds, tambi\u00e9n se sumar\u00eda el cierre de las conversaciones para la reedici\u00f3n del acuerdo con el Fondo Monetario Internacional (FMI) y adem\u00e1s una ampliaci\u00f3n del swap con China, cumplimentando toda esta ingenier\u00eda econ\u00f3mica pensada por el ministro de econom\u00eda para quitarle presi\u00f3n a las reservas flacas que heredo en el Banco Central.<\/p>\n\n\n\n<p><strong>(*) Polit\u00f3logo y periodista.<\/strong><\/p>\n","protected":false},"excerpt":{"rendered":"<p>Nota de Opini\u00f3n, por Fernando Retamozo \u201cNo podemos resolver un problema con el mismo nivel de pensamiento que contribuy\u00f3 a crearlo\u201d Albert Einstein. En un contexto nacional en donde los \u00faltimos ocho a\u00f1os tuvimos la experiencia de una arena pol\u00edtica formateada por dos alianzas que componen el bicoalicionismo nacional, espacios que a la hora de [&hellip;]<\/p>\n","protected":false},"author":2,"featured_media":24999,"comment_status":"open","ping_status":"open","sticky":false,"template":"","format":"standard","meta":{"footnotes":""},"categories":[42],"tags":[],"class_list":["post-24998","post","type-post","status-publish","format-standard","has-post-thumbnail","hentry","category-politica"],"yoast_head":"<!-- This site is optimized with the Yoast SEO plugin v27.5 - https:\/\/yoast.com\/product\/yoast-seo-wordpress\/ -->\n<title>Lejos del \u201cvoto bronca\u201d, prevalecen las \u201cbuenas vibras\u201d | CVI NOTICIAS<\/title>\n<meta name=\"robots\" content=\"index, follow, max-snippet:-1, max-image-preview:large, max-video-preview:-1\" \/>\n<link rel=\"canonical\" href=\"https:\/\/cvinoticias.com\/v3\/lejos-del-voto-bronca-prevalecen-las-buenas-vibras\/\" \/>\n<meta property=\"og:locale\" content=\"es_ES\" \/>\n<meta property=\"og:type\" content=\"article\" \/>\n<meta property=\"og:title\" content=\"Lejos del \u201cvoto bronca\u201d, prevalecen las \u201cbuenas vibras\u201d | CVI NOTICIAS\" \/>\n<meta property=\"og:description\" content=\"Nota de Opini\u00f3n, por Fernando Retamozo \u201cNo podemos resolver un problema con el mismo nivel de pensamiento que contribuy\u00f3 a crearlo\u201d Albert Einstein. En un contexto nacional en donde los \u00faltimos ocho a\u00f1os tuvimos la experiencia de una arena pol\u00edtica formateada por dos alianzas que componen el bicoalicionismo nacional, espacios que a la hora de [&hellip;]\" \/>\n<meta property=\"og:url\" content=\"https:\/\/cvinoticias.com\/v3\/lejos-del-voto-bronca-prevalecen-las-buenas-vibras\/\" \/>\n<meta property=\"og:site_name\" content=\"CVI NOTICIAS\" \/>\n<meta property=\"article:publisher\" content=\"https:\/\/www.facebook.com\/cvinoticias\" \/>\n<meta property=\"article:published_time\" content=\"2023-05-24T10:43:50+00:00\" \/>\n<meta property=\"og:image\" content=\"https:\/\/cvinoticias.com\/wp-content\/uploads\/2023\/05\/IMG-20230524-WA0018.jpg\" \/>\n\t<meta property=\"og:image:width\" content=\"1600\" \/>\n\t<meta property=\"og:image:height\" content=\"1066\" \/>\n\t<meta property=\"og:image:type\" content=\"image\/jpeg\" \/>\n<meta name=\"author\" content=\"f1000024\" \/>\n<meta name=\"twitter:card\" content=\"summary_large_image\" \/>\n<meta name=\"twitter:label1\" content=\"Escrito por\" \/>\n\t<meta name=\"twitter:data1\" content=\"f1000024\" \/>\n\t<meta name=\"twitter:label2\" content=\"Tiempo de lectura\" \/>\n\t<meta name=\"twitter:data2\" content=\"6 minutos\" \/>\n<script type=\"application\/ld+json\" class=\"yoast-schema-graph\">{\"@context\":\"https:\\\/\\\/schema.org\",\"@graph\":[{\"@type\":\"Article\",\"@id\":\"https:\\\/\\\/cvinoticias.com\\\/v3\\\/lejos-del-voto-bronca-prevalecen-las-buenas-vibras\\\/#article\",\"isPartOf\":{\"@id\":\"https:\\\/\\\/cvinoticias.com\\\/v3\\\/lejos-del-voto-bronca-prevalecen-las-buenas-vibras\\\/\"},\"author\":{\"name\":\"f1000024\",\"@id\":\"https:\\\/\\\/cvinoticias.com\\\/v3\\\/#\\\/schema\\\/person\\\/2db77e3c6bc03c538495d7b2b8be9b66\"},\"headline\":\"Lejos del \u201cvoto bronca\u201d, prevalecen las \u201cbuenas vibras\u201d\",\"datePublished\":\"2023-05-24T10:43:50+00:00\",\"mainEntityOfPage\":{\"@id\":\"https:\\\/\\\/cvinoticias.com\\\/v3\\\/lejos-del-voto-bronca-prevalecen-las-buenas-vibras\\\/\"},\"wordCount\":1207,\"commentCount\":0,\"publisher\":{\"@id\":\"https:\\\/\\\/cvinoticias.com\\\/v3\\\/#organization\"},\"image\":{\"@id\":\"https:\\\/\\\/cvinoticias.com\\\/v3\\\/lejos-del-voto-bronca-prevalecen-las-buenas-vibras\\\/#primaryimage\"},\"thumbnailUrl\":\"https:\\\/\\\/cvinoticias.com\\\/wp-content\\\/uploads\\\/2023\\\/05\\\/IMG-20230524-WA0018.jpg\",\"articleSection\":[\"Politica\"],\"inLanguage\":\"es\",\"potentialAction\":[{\"@type\":\"CommentAction\",\"name\":\"Comment\",\"target\":[\"https:\\\/\\\/cvinoticias.com\\\/v3\\\/lejos-del-voto-bronca-prevalecen-las-buenas-vibras\\\/#respond\"]}]},{\"@type\":\"WebPage\",\"@id\":\"https:\\\/\\\/cvinoticias.com\\\/v3\\\/lejos-del-voto-bronca-prevalecen-las-buenas-vibras\\\/\",\"url\":\"https:\\\/\\\/cvinoticias.com\\\/v3\\\/lejos-del-voto-bronca-prevalecen-las-buenas-vibras\\\/\",\"name\":\"Lejos del \u201cvoto bronca\u201d, prevalecen las \u201cbuenas vibras\u201d | CVI NOTICIAS\",\"isPartOf\":{\"@id\":\"https:\\\/\\\/cvinoticias.com\\\/v3\\\/#website\"},\"primaryImageOfPage\":{\"@id\":\"https:\\\/\\\/cvinoticias.com\\\/v3\\\/lejos-del-voto-bronca-prevalecen-las-buenas-vibras\\\/#primaryimage\"},\"image\":{\"@id\":\"https:\\\/\\\/cvinoticias.com\\\/v3\\\/lejos-del-voto-bronca-prevalecen-las-buenas-vibras\\\/#primaryimage\"},\"thumbnailUrl\":\"https:\\\/\\\/cvinoticias.com\\\/wp-content\\\/uploads\\\/2023\\\/05\\\/IMG-20230524-WA0018.jpg\",\"datePublished\":\"2023-05-24T10:43:50+00:00\",\"breadcrumb\":{\"@id\":\"https:\\\/\\\/cvinoticias.com\\\/v3\\\/lejos-del-voto-bronca-prevalecen-las-buenas-vibras\\\/#breadcrumb\"},\"inLanguage\":\"es\",\"potentialAction\":[{\"@type\":\"ReadAction\",\"target\":[\"https:\\\/\\\/cvinoticias.com\\\/v3\\\/lejos-del-voto-bronca-prevalecen-las-buenas-vibras\\\/\"]}]},{\"@type\":\"ImageObject\",\"inLanguage\":\"es\",\"@id\":\"https:\\\/\\\/cvinoticias.com\\\/v3\\\/lejos-del-voto-bronca-prevalecen-las-buenas-vibras\\\/#primaryimage\",\"url\":\"https:\\\/\\\/cvinoticias.com\\\/wp-content\\\/uploads\\\/2023\\\/05\\\/IMG-20230524-WA0018.jpg\",\"contentUrl\":\"https:\\\/\\\/cvinoticias.com\\\/wp-content\\\/uploads\\\/2023\\\/05\\\/IMG-20230524-WA0018.jpg\",\"width\":1600,\"height\":1066},{\"@type\":\"BreadcrumbList\",\"@id\":\"https:\\\/\\\/cvinoticias.com\\\/v3\\\/lejos-del-voto-bronca-prevalecen-las-buenas-vibras\\\/#breadcrumb\",\"itemListElement\":[{\"@type\":\"ListItem\",\"position\":1,\"name\":\"Portada\",\"item\":\"https:\\\/\\\/cvinoticias.com\\\/v3\\\/\"},{\"@type\":\"ListItem\",\"position\":2,\"name\":\"Lejos del \u201cvoto bronca\u201d, prevalecen las \u201cbuenas vibras\u201d\"}]},{\"@type\":\"WebSite\",\"@id\":\"https:\\\/\\\/cvinoticias.com\\\/v3\\\/#website\",\"url\":\"https:\\\/\\\/cvinoticias.com\\\/v3\\\/\",\"name\":\"CVI NOTICIAS\",\"description\":\"\",\"publisher\":{\"@id\":\"https:\\\/\\\/cvinoticias.com\\\/v3\\\/#organization\"},\"alternateName\":\"CVI\",\"potentialAction\":[{\"@type\":\"SearchAction\",\"target\":{\"@type\":\"EntryPoint\",\"urlTemplate\":\"https:\\\/\\\/cvinoticias.com\\\/v3\\\/?s={search_term_string}\"},\"query-input\":{\"@type\":\"PropertyValueSpecification\",\"valueRequired\":true,\"valueName\":\"search_term_string\"}}],\"inLanguage\":\"es\"},{\"@type\":\"Organization\",\"@id\":\"https:\\\/\\\/cvinoticias.com\\\/v3\\\/#organization\",\"name\":\"CVI NOTICIAS\",\"url\":\"https:\\\/\\\/cvinoticias.com\\\/v3\\\/\",\"logo\":{\"@type\":\"ImageObject\",\"inLanguage\":\"es\",\"@id\":\"https:\\\/\\\/cvinoticias.com\\\/v3\\\/#\\\/schema\\\/logo\\\/image\\\/\",\"url\":\"https:\\\/\\\/cvinoticias.com\\\/wp-content\\\/uploads\\\/2023\\\/04\\\/cropped-cropped-cropped-cropped-cropped-3-1.png\",\"contentUrl\":\"https:\\\/\\\/cvinoticias.com\\\/wp-content\\\/uploads\\\/2023\\\/04\\\/cropped-cropped-cropped-cropped-cropped-3-1.png\",\"width\":95,\"height\":122,\"caption\":\"CVI NOTICIAS\"},\"image\":{\"@id\":\"https:\\\/\\\/cvinoticias.com\\\/v3\\\/#\\\/schema\\\/logo\\\/image\\\/\"},\"sameAs\":[\"https:\\\/\\\/www.facebook.com\\\/cvinoticias\",\"https:\\\/\\\/www.instagram.com\\\/cvinoticias\\\/\",\"https:\\\/\\\/www.youtube.com\\\/@CVINOTICIAS\"]},{\"@type\":\"Person\",\"@id\":\"https:\\\/\\\/cvinoticias.com\\\/v3\\\/#\\\/schema\\\/person\\\/2db77e3c6bc03c538495d7b2b8be9b66\",\"name\":\"f1000024\",\"image\":{\"@type\":\"ImageObject\",\"inLanguage\":\"es\",\"@id\":\"https:\\\/\\\/secure.gravatar.com\\\/avatar\\\/d4fe7459cfc51ff5129ce1a732bbef5928568b8092d412ef95611616376bbeed?s=96&d=mm&r=g\",\"url\":\"https:\\\/\\\/secure.gravatar.com\\\/avatar\\\/d4fe7459cfc51ff5129ce1a732bbef5928568b8092d412ef95611616376bbeed?s=96&d=mm&r=g\",\"contentUrl\":\"https:\\\/\\\/secure.gravatar.com\\\/avatar\\\/d4fe7459cfc51ff5129ce1a732bbef5928568b8092d412ef95611616376bbeed?s=96&d=mm&r=g\",\"caption\":\"f1000024\"},\"url\":\"https:\\\/\\\/cvinoticias.com\\\/v3\\\/author\\\/f1000024\\\/\"}]}<\/script>\n<!-- \/ Yoast SEO plugin. -->","yoast_head_json":{"title":"Lejos del \u201cvoto bronca\u201d, prevalecen las \u201cbuenas vibras\u201d | CVI NOTICIAS","robots":{"index":"index","follow":"follow","max-snippet":"max-snippet:-1","max-image-preview":"max-image-preview:large","max-video-preview":"max-video-preview:-1"},"canonical":"https:\/\/cvinoticias.com\/v3\/lejos-del-voto-bronca-prevalecen-las-buenas-vibras\/","og_locale":"es_ES","og_type":"article","og_title":"Lejos del \u201cvoto bronca\u201d, prevalecen las \u201cbuenas vibras\u201d | CVI NOTICIAS","og_description":"Nota de Opini\u00f3n, por Fernando Retamozo \u201cNo podemos resolver un problema con el mismo nivel de pensamiento que contribuy\u00f3 a crearlo\u201d Albert Einstein. En un contexto nacional en donde los \u00faltimos ocho a\u00f1os tuvimos la experiencia de una arena pol\u00edtica formateada por dos alianzas que componen el bicoalicionismo nacional, espacios que a la hora de [&hellip;]","og_url":"https:\/\/cvinoticias.com\/v3\/lejos-del-voto-bronca-prevalecen-las-buenas-vibras\/","og_site_name":"CVI NOTICIAS","article_publisher":"https:\/\/www.facebook.com\/cvinoticias","article_published_time":"2023-05-24T10:43:50+00:00","og_image":[{"width":1600,"height":1066,"url":"https:\/\/cvinoticias.com\/wp-content\/uploads\/2023\/05\/IMG-20230524-WA0018.jpg","type":"image\/jpeg"}],"author":"f1000024","twitter_card":"summary_large_image","twitter_misc":{"Escrito por":"f1000024","Tiempo de lectura":"6 minutos"},"schema":{"@context":"https:\/\/schema.org","@graph":[{"@type":"Article","@id":"https:\/\/cvinoticias.com\/v3\/lejos-del-voto-bronca-prevalecen-las-buenas-vibras\/#article","isPartOf":{"@id":"https:\/\/cvinoticias.com\/v3\/lejos-del-voto-bronca-prevalecen-las-buenas-vibras\/"},"author":{"name":"f1000024","@id":"https:\/\/cvinoticias.com\/v3\/#\/schema\/person\/2db77e3c6bc03c538495d7b2b8be9b66"},"headline":"Lejos del \u201cvoto bronca\u201d, prevalecen las \u201cbuenas vibras\u201d","datePublished":"2023-05-24T10:43:50+00:00","mainEntityOfPage":{"@id":"https:\/\/cvinoticias.com\/v3\/lejos-del-voto-bronca-prevalecen-las-buenas-vibras\/"},"wordCount":1207,"commentCount":0,"publisher":{"@id":"https:\/\/cvinoticias.com\/v3\/#organization"},"image":{"@id":"https:\/\/cvinoticias.com\/v3\/lejos-del-voto-bronca-prevalecen-las-buenas-vibras\/#primaryimage"},"thumbnailUrl":"https:\/\/cvinoticias.com\/wp-content\/uploads\/2023\/05\/IMG-20230524-WA0018.jpg","articleSection":["Politica"],"inLanguage":"es","potentialAction":[{"@type":"CommentAction","name":"Comment","target":["https:\/\/cvinoticias.com\/v3\/lejos-del-voto-bronca-prevalecen-las-buenas-vibras\/#respond"]}]},{"@type":"WebPage","@id":"https:\/\/cvinoticias.com\/v3\/lejos-del-voto-bronca-prevalecen-las-buenas-vibras\/","url":"https:\/\/cvinoticias.com\/v3\/lejos-del-voto-bronca-prevalecen-las-buenas-vibras\/","name":"Lejos del \u201cvoto bronca\u201d, prevalecen las \u201cbuenas vibras\u201d | CVI NOTICIAS","isPartOf":{"@id":"https:\/\/cvinoticias.com\/v3\/#website"},"primaryImageOfPage":{"@id":"https:\/\/cvinoticias.com\/v3\/lejos-del-voto-bronca-prevalecen-las-buenas-vibras\/#primaryimage"},"image":{"@id":"https:\/\/cvinoticias.com\/v3\/lejos-del-voto-bronca-prevalecen-las-buenas-vibras\/#primaryimage"},"thumbnailUrl":"https:\/\/cvinoticias.com\/wp-content\/uploads\/2023\/05\/IMG-20230524-WA0018.jpg","datePublished":"2023-05-24T10:43:50+00:00","breadcrumb":{"@id":"https:\/\/cvinoticias.com\/v3\/lejos-del-voto-bronca-prevalecen-las-buenas-vibras\/#breadcrumb"},"inLanguage":"es","potentialAction":[{"@type":"ReadAction","target":["https:\/\/cvinoticias.com\/v3\/lejos-del-voto-bronca-prevalecen-las-buenas-vibras\/"]}]},{"@type":"ImageObject","inLanguage":"es","@id":"https:\/\/cvinoticias.com\/v3\/lejos-del-voto-bronca-prevalecen-las-buenas-vibras\/#primaryimage","url":"https:\/\/cvinoticias.com\/wp-content\/uploads\/2023\/05\/IMG-20230524-WA0018.jpg","contentUrl":"https:\/\/cvinoticias.com\/wp-content\/uploads\/2023\/05\/IMG-20230524-WA0018.jpg","width":1600,"height":1066},{"@type":"BreadcrumbList","@id":"https:\/\/cvinoticias.com\/v3\/lejos-del-voto-bronca-prevalecen-las-buenas-vibras\/#breadcrumb","itemListElement":[{"@type":"ListItem","position":1,"name":"Portada","item":"https:\/\/cvinoticias.com\/v3\/"},{"@type":"ListItem","position":2,"name":"Lejos del \u201cvoto bronca\u201d, prevalecen las \u201cbuenas vibras\u201d"}]},{"@type":"WebSite","@id":"https:\/\/cvinoticias.com\/v3\/#website","url":"https:\/\/cvinoticias.com\/v3\/","name":"CVI NOTICIAS","description":"","publisher":{"@id":"https:\/\/cvinoticias.com\/v3\/#organization"},"alternateName":"CVI","potentialAction":[{"@type":"SearchAction","target":{"@type":"EntryPoint","urlTemplate":"https:\/\/cvinoticias.com\/v3\/?s={search_term_string}"},"query-input":{"@type":"PropertyValueSpecification","valueRequired":true,"valueName":"search_term_string"}}],"inLanguage":"es"},{"@type":"Organization","@id":"https:\/\/cvinoticias.com\/v3\/#organization","name":"CVI NOTICIAS","url":"https:\/\/cvinoticias.com\/v3\/","logo":{"@type":"ImageObject","inLanguage":"es","@id":"https:\/\/cvinoticias.com\/v3\/#\/schema\/logo\/image\/","url":"https:\/\/cvinoticias.com\/wp-content\/uploads\/2023\/04\/cropped-cropped-cropped-cropped-cropped-3-1.png","contentUrl":"https:\/\/cvinoticias.com\/wp-content\/uploads\/2023\/04\/cropped-cropped-cropped-cropped-cropped-3-1.png","width":95,"height":122,"caption":"CVI NOTICIAS"},"image":{"@id":"https:\/\/cvinoticias.com\/v3\/#\/schema\/logo\/image\/"},"sameAs":["https:\/\/www.facebook.com\/cvinoticias","https:\/\/www.instagram.com\/cvinoticias\/","https:\/\/www.youtube.com\/@CVINOTICIAS"]},{"@type":"Person","@id":"https:\/\/cvinoticias.com\/v3\/#\/schema\/person\/2db77e3c6bc03c538495d7b2b8be9b66","name":"f1000024","image":{"@type":"ImageObject","inLanguage":"es","@id":"https:\/\/secure.gravatar.com\/avatar\/d4fe7459cfc51ff5129ce1a732bbef5928568b8092d412ef95611616376bbeed?s=96&d=mm&r=g","url":"https:\/\/secure.gravatar.com\/avatar\/d4fe7459cfc51ff5129ce1a732bbef5928568b8092d412ef95611616376bbeed?s=96&d=mm&r=g","contentUrl":"https:\/\/secure.gravatar.com\/avatar\/d4fe7459cfc51ff5129ce1a732bbef5928568b8092d412ef95611616376bbeed?s=96&d=mm&r=g","caption":"f1000024"},"url":"https:\/\/cvinoticias.com\/v3\/author\/f1000024\/"}]}},"_links":{"self":[{"href":"https:\/\/cvinoticias.com\/v3\/wp-json\/wp\/v2\/posts\/24998","targetHints":{"allow":["GET"]}}],"collection":[{"href":"https:\/\/cvinoticias.com\/v3\/wp-json\/wp\/v2\/posts"}],"about":[{"href":"https:\/\/cvinoticias.com\/v3\/wp-json\/wp\/v2\/types\/post"}],"author":[{"embeddable":true,"href":"https:\/\/cvinoticias.com\/v3\/wp-json\/wp\/v2\/users\/2"}],"replies":[{"embeddable":true,"href":"https:\/\/cvinoticias.com\/v3\/wp-json\/wp\/v2\/comments?post=24998"}],"version-history":[{"count":1,"href":"https:\/\/cvinoticias.com\/v3\/wp-json\/wp\/v2\/posts\/24998\/revisions"}],"predecessor-version":[{"id":25000,"href":"https:\/\/cvinoticias.com\/v3\/wp-json\/wp\/v2\/posts\/24998\/revisions\/25000"}],"wp:featuredmedia":[{"embeddable":true,"href":"https:\/\/cvinoticias.com\/v3\/wp-json\/wp\/v2\/media\/24999"}],"wp:attachment":[{"href":"https:\/\/cvinoticias.com\/v3\/wp-json\/wp\/v2\/media?parent=24998"}],"wp:term":[{"taxonomy":"category","embeddable":true,"href":"https:\/\/cvinoticias.com\/v3\/wp-json\/wp\/v2\/categories?post=24998"},{"taxonomy":"post_tag","embeddable":true,"href":"https:\/\/cvinoticias.com\/v3\/wp-json\/wp\/v2\/tags?post=24998"}],"curies":[{"name":"wp","href":"https:\/\/api.w.org\/{rel}","templated":true}]}}