{"id":24980,"date":"2023-05-23T11:55:13","date_gmt":"2023-05-23T11:55:13","guid":{"rendered":"https:\/\/cvinoticias.com\/v3\/?p=24980"},"modified":"2023-05-23T11:55:13","modified_gmt":"2023-05-23T11:55:13","slug":"advierten-que-las-lamparas-led-para-secar-el-esmalte-de-las-unas-pueden-causar-cancer-y-mutaciones-en-el-adn","status":"publish","type":"post","link":"https:\/\/cvinoticias.com\/v3\/advierten-que-las-lamparas-led-para-secar-el-esmalte-de-las-unas-pueden-causar-cancer-y-mutaciones-en-el-adn\/","title":{"rendered":"Advierten que las l\u00e1mparas LED para secar el esmalte de las u\u00f1as pueden causar c\u00e1ncer y mutaciones en el ADN"},"content":{"rendered":"\n<p><strong><em>Los dispositivos de secado de esmalte de u\u00f1as de luz ultravioleta que se utilizan para fijar los esmaltes en gel pueden representar un problema de salud p\u00fablica mayor de lo que se pensaba, ya que investigadores de la Universidad de California en San Diego (EEUU) descubrieron que su uso genera muerte celular y mutaciones en el ADN que podr\u00edan causar c\u00e1ncer.<\/em><\/strong><\/p>\n\n\n\n<p>La utilizaci\u00f3n de esta cabina es muy com\u00fan en los salones de belleza de u\u00f1as. Generalmente, usan un espectro particular de luz ultravioleta que va de 340 a 395 nan\u00f3metros (nm) para secar los productos qu\u00edmicos que se usan en las manicuras semipermanentes.<\/p>\n\n\n\n<p>Los investigadores comparan el riesgo con el de las m\u00e1quinas bronceadoras que tienen potentes filtros que emiten radiaciones ultravioletas con un espectro que puede ser incluso menor que la usada en los secadores de u\u00f1as, aproximadamente de 280 a 400 nm. En el caso del uso de las cabinas bronceadoras de rayos UVA, est\u00e1 suficientemente demostrado de manera cient\u00edficamente concluyente que son cancer\u00edgenas. Sin embargo, el espectro utilizado en los secadores de u\u00f1as no se ha estudiado a\u00fan.<\/p>\n\n\n\n<p>\u201cSi se observa la forma en que se presentan estos dispositivos, se comercializan como seguros, sin nada de qu\u00e9 preocuparse. Pero hasta donde sabemos, nadie ha estudiado estos dispositivos ni c\u00f3mo afectan a las c\u00e9lulas humanas a nivel molecular o celular hasta ahora\u201d, advierte Ludmil Alexandrov, profesor de bioingenier\u00eda y medicina celular y molecular en UC San Diego, y autor del estudio, que fue publicado en Nature Communications.<\/p>\n\n\n\n<p>\u201cObservamos varias cosas: primero, que el ADN se da\u00f1a. Tambi\u00e9n vimos que parte del da\u00f1o en el ADN no se repara con el tiempo y conduce a mutaciones despu\u00e9s de cada exposici\u00f3n al secador de esmalte de u\u00f1as ultravioleta. Por \u00faltimo, vimos que la exposici\u00f3n puede causar disfunci\u00f3n mitocondrial, lo que tambi\u00e9n puede provocar mutaciones adicionales\u201d, afirma la investigadora.<\/p>\n\n\n\n<p>De hecho, durante el estudio examinaron a pacientes con c\u00e1ncer de piel y vieron \u201cexactamente\u201d los mismos patrones de mutaciones en estos pacientes que se observaron en las c\u00e9lulas irradiadas.<\/p>\n\n\n\n<p>Los investigadores advierten que, si bien los resultados muestran los efectos nocivos del uso repetido de estos dispositivos en las c\u00e9lulas humanas, se necesitar\u00eda un estudio a largo plazo antes de afirmar de manera concluyente que el uso de estas m\u00e1quinas aumenta el riesgo de c\u00e1ncer de piel.<\/p>\n\n\n\n<p>Por el momento, Maria Zhivagui, becaria postdoctoral en el Laboratorio Alexandrov y primera autora del estudio, afirma que era fan de este tipo de manicuras, pero renunci\u00f3 a hacerse las u\u00f1as con esta t\u00e9cnica despu\u00e9s de ver los resultados.<\/p>\n\n\n\n<p>\u201cUna vez que vi el efecto de la radiaci\u00f3n emitida por el dispositivo de secado de esmalte en gel sobre la muerte celular y que, en realidad, muta las c\u00e9lulas incluso despu\u00e9s de una sola sesi\u00f3n de 20 minutos, me sorprendi\u00f3. Encontr\u00e9 que era muy alarmante y decid\u00ed dejar de usarlo\u201d, afirma.<\/p>\n","protected":false},"excerpt":{"rendered":"<p>Los dispositivos de secado de esmalte de u\u00f1as de luz ultravioleta que se utilizan para fijar los esmaltes en gel pueden representar un problema de salud p\u00fablica mayor de lo que se pensaba, ya que investigadores de la Universidad de California en San Diego (EEUU) descubrieron que su uso genera muerte celular y mutaciones en [&hellip;]<\/p>\n","protected":false},"author":2,"featured_media":24981,"comment_status":"open","ping_status":"open","sticky":false,"template":"","format":"standard","meta":{"footnotes":""},"categories":[35],"tags":[],"class_list":["post-24980","post","type-post","status-publish","format-standard","has-post-thumbnail","hentry","category-informacion-general"],"yoast_head":"<!-- This site is optimized with the Yoast SEO plugin v27.5 - https:\/\/yoast.com\/product\/yoast-seo-wordpress\/ -->\n<title>Advierten que las l\u00e1mparas LED para secar el esmalte de las u\u00f1as pueden causar c\u00e1ncer y mutaciones en el ADN | CVI NOTICIAS<\/title>\n<meta name=\"robots\" content=\"index, follow, max-snippet:-1, max-image-preview:large, max-video-preview:-1\" \/>\n<link rel=\"canonical\" href=\"https:\/\/cvinoticias.com\/v3\/advierten-que-las-lamparas-led-para-secar-el-esmalte-de-las-unas-pueden-causar-cancer-y-mutaciones-en-el-adn\/\" \/>\n<meta property=\"og:locale\" content=\"es_ES\" \/>\n<meta property=\"og:type\" content=\"article\" \/>\n<meta property=\"og:title\" content=\"Advierten que las l\u00e1mparas LED para secar el esmalte de las u\u00f1as pueden causar c\u00e1ncer y mutaciones en el ADN | CVI NOTICIAS\" \/>\n<meta property=\"og:description\" content=\"Los dispositivos de secado de esmalte de u\u00f1as de luz ultravioleta que se utilizan para fijar los esmaltes en gel pueden representar un problema de salud p\u00fablica mayor de lo que se pensaba, ya que investigadores de la Universidad de California en San Diego (EEUU) descubrieron que su uso genera muerte celular y mutaciones en [&hellip;]\" \/>\n<meta property=\"og:url\" content=\"https:\/\/cvinoticias.com\/v3\/advierten-que-las-lamparas-led-para-secar-el-esmalte-de-las-unas-pueden-causar-cancer-y-mutaciones-en-el-adn\/\" \/>\n<meta property=\"og:site_name\" content=\"CVI NOTICIAS\" \/>\n<meta property=\"article:publisher\" content=\"https:\/\/www.facebook.com\/cvinoticias\" \/>\n<meta property=\"article:published_time\" content=\"2023-05-23T11:55:13+00:00\" \/>\n<meta property=\"og:image\" content=\"https:\/\/cvinoticias.com\/wp-content\/uploads\/2023\/05\/como-usar-lampara-para-unas.jpg\" \/>\n\t<meta property=\"og:image:width\" content=\"650\" \/>\n\t<meta property=\"og:image:height\" content=\"433\" \/>\n\t<meta property=\"og:image:type\" content=\"image\/jpeg\" \/>\n<meta name=\"author\" content=\"f1000024\" \/>\n<meta name=\"twitter:card\" content=\"summary_large_image\" \/>\n<meta name=\"twitter:label1\" content=\"Escrito por\" \/>\n\t<meta name=\"twitter:data1\" content=\"f1000024\" \/>\n\t<meta name=\"twitter:label2\" content=\"Tiempo de lectura\" \/>\n\t<meta name=\"twitter:data2\" content=\"3 minutos\" \/>\n<script type=\"application\/ld+json\" class=\"yoast-schema-graph\">{\"@context\":\"https:\\\/\\\/schema.org\",\"@graph\":[{\"@type\":\"Article\",\"@id\":\"https:\\\/\\\/cvinoticias.com\\\/v3\\\/advierten-que-las-lamparas-led-para-secar-el-esmalte-de-las-unas-pueden-causar-cancer-y-mutaciones-en-el-adn\\\/#article\",\"isPartOf\":{\"@id\":\"https:\\\/\\\/cvinoticias.com\\\/v3\\\/advierten-que-las-lamparas-led-para-secar-el-esmalte-de-las-unas-pueden-causar-cancer-y-mutaciones-en-el-adn\\\/\"},\"author\":{\"name\":\"f1000024\",\"@id\":\"https:\\\/\\\/cvinoticias.com\\\/v3\\\/#\\\/schema\\\/person\\\/2db77e3c6bc03c538495d7b2b8be9b66\"},\"headline\":\"Advierten que las l\u00e1mparas LED para secar el esmalte de las u\u00f1as pueden causar c\u00e1ncer y mutaciones en el ADN\",\"datePublished\":\"2023-05-23T11:55:13+00:00\",\"mainEntityOfPage\":{\"@id\":\"https:\\\/\\\/cvinoticias.com\\\/v3\\\/advierten-que-las-lamparas-led-para-secar-el-esmalte-de-las-unas-pueden-causar-cancer-y-mutaciones-en-el-adn\\\/\"},\"wordCount\":536,\"commentCount\":0,\"publisher\":{\"@id\":\"https:\\\/\\\/cvinoticias.com\\\/v3\\\/#organization\"},\"image\":{\"@id\":\"https:\\\/\\\/cvinoticias.com\\\/v3\\\/advierten-que-las-lamparas-led-para-secar-el-esmalte-de-las-unas-pueden-causar-cancer-y-mutaciones-en-el-adn\\\/#primaryimage\"},\"thumbnailUrl\":\"https:\\\/\\\/cvinoticias.com\\\/wp-content\\\/uploads\\\/2023\\\/05\\\/como-usar-lampara-para-unas.jpg\",\"articleSection\":[\"Informaci\u00f3n General\"],\"inLanguage\":\"es\",\"potentialAction\":[{\"@type\":\"CommentAction\",\"name\":\"Comment\",\"target\":[\"https:\\\/\\\/cvinoticias.com\\\/v3\\\/advierten-que-las-lamparas-led-para-secar-el-esmalte-de-las-unas-pueden-causar-cancer-y-mutaciones-en-el-adn\\\/#respond\"]}]},{\"@type\":\"WebPage\",\"@id\":\"https:\\\/\\\/cvinoticias.com\\\/v3\\\/advierten-que-las-lamparas-led-para-secar-el-esmalte-de-las-unas-pueden-causar-cancer-y-mutaciones-en-el-adn\\\/\",\"url\":\"https:\\\/\\\/cvinoticias.com\\\/v3\\\/advierten-que-las-lamparas-led-para-secar-el-esmalte-de-las-unas-pueden-causar-cancer-y-mutaciones-en-el-adn\\\/\",\"name\":\"Advierten que las l\u00e1mparas LED para secar el esmalte de las u\u00f1as pueden causar c\u00e1ncer y mutaciones en el ADN | CVI NOTICIAS\",\"isPartOf\":{\"@id\":\"https:\\\/\\\/cvinoticias.com\\\/v3\\\/#website\"},\"primaryImageOfPage\":{\"@id\":\"https:\\\/\\\/cvinoticias.com\\\/v3\\\/advierten-que-las-lamparas-led-para-secar-el-esmalte-de-las-unas-pueden-causar-cancer-y-mutaciones-en-el-adn\\\/#primaryimage\"},\"image\":{\"@id\":\"https:\\\/\\\/cvinoticias.com\\\/v3\\\/advierten-que-las-lamparas-led-para-secar-el-esmalte-de-las-unas-pueden-causar-cancer-y-mutaciones-en-el-adn\\\/#primaryimage\"},\"thumbnailUrl\":\"https:\\\/\\\/cvinoticias.com\\\/wp-content\\\/uploads\\\/2023\\\/05\\\/como-usar-lampara-para-unas.jpg\",\"datePublished\":\"2023-05-23T11:55:13+00:00\",\"breadcrumb\":{\"@id\":\"https:\\\/\\\/cvinoticias.com\\\/v3\\\/advierten-que-las-lamparas-led-para-secar-el-esmalte-de-las-unas-pueden-causar-cancer-y-mutaciones-en-el-adn\\\/#breadcrumb\"},\"inLanguage\":\"es\",\"potentialAction\":[{\"@type\":\"ReadAction\",\"target\":[\"https:\\\/\\\/cvinoticias.com\\\/v3\\\/advierten-que-las-lamparas-led-para-secar-el-esmalte-de-las-unas-pueden-causar-cancer-y-mutaciones-en-el-adn\\\/\"]}]},{\"@type\":\"ImageObject\",\"inLanguage\":\"es\",\"@id\":\"https:\\\/\\\/cvinoticias.com\\\/v3\\\/advierten-que-las-lamparas-led-para-secar-el-esmalte-de-las-unas-pueden-causar-cancer-y-mutaciones-en-el-adn\\\/#primaryimage\",\"url\":\"https:\\\/\\\/cvinoticias.com\\\/wp-content\\\/uploads\\\/2023\\\/05\\\/como-usar-lampara-para-unas.jpg\",\"contentUrl\":\"https:\\\/\\\/cvinoticias.com\\\/wp-content\\\/uploads\\\/2023\\\/05\\\/como-usar-lampara-para-unas.jpg\",\"width\":650,\"height\":433},{\"@type\":\"BreadcrumbList\",\"@id\":\"https:\\\/\\\/cvinoticias.com\\\/v3\\\/advierten-que-las-lamparas-led-para-secar-el-esmalte-de-las-unas-pueden-causar-cancer-y-mutaciones-en-el-adn\\\/#breadcrumb\",\"itemListElement\":[{\"@type\":\"ListItem\",\"position\":1,\"name\":\"Portada\",\"item\":\"https:\\\/\\\/cvinoticias.com\\\/v3\\\/\"},{\"@type\":\"ListItem\",\"position\":2,\"name\":\"Advierten que las l\u00e1mparas LED para secar el esmalte de las u\u00f1as pueden causar c\u00e1ncer y mutaciones en el ADN\"}]},{\"@type\":\"WebSite\",\"@id\":\"https:\\\/\\\/cvinoticias.com\\\/v3\\\/#website\",\"url\":\"https:\\\/\\\/cvinoticias.com\\\/v3\\\/\",\"name\":\"CVI NOTICIAS\",\"description\":\"\",\"publisher\":{\"@id\":\"https:\\\/\\\/cvinoticias.com\\\/v3\\\/#organization\"},\"alternateName\":\"CVI\",\"potentialAction\":[{\"@type\":\"SearchAction\",\"target\":{\"@type\":\"EntryPoint\",\"urlTemplate\":\"https:\\\/\\\/cvinoticias.com\\\/v3\\\/?s={search_term_string}\"},\"query-input\":{\"@type\":\"PropertyValueSpecification\",\"valueRequired\":true,\"valueName\":\"search_term_string\"}}],\"inLanguage\":\"es\"},{\"@type\":\"Organization\",\"@id\":\"https:\\\/\\\/cvinoticias.com\\\/v3\\\/#organization\",\"name\":\"CVI NOTICIAS\",\"url\":\"https:\\\/\\\/cvinoticias.com\\\/v3\\\/\",\"logo\":{\"@type\":\"ImageObject\",\"inLanguage\":\"es\",\"@id\":\"https:\\\/\\\/cvinoticias.com\\\/v3\\\/#\\\/schema\\\/logo\\\/image\\\/\",\"url\":\"https:\\\/\\\/cvinoticias.com\\\/wp-content\\\/uploads\\\/2023\\\/04\\\/cropped-cropped-cropped-cropped-cropped-3-1.png\",\"contentUrl\":\"https:\\\/\\\/cvinoticias.com\\\/wp-content\\\/uploads\\\/2023\\\/04\\\/cropped-cropped-cropped-cropped-cropped-3-1.png\",\"width\":95,\"height\":122,\"caption\":\"CVI NOTICIAS\"},\"image\":{\"@id\":\"https:\\\/\\\/cvinoticias.com\\\/v3\\\/#\\\/schema\\\/logo\\\/image\\\/\"},\"sameAs\":[\"https:\\\/\\\/www.facebook.com\\\/cvinoticias\",\"https:\\\/\\\/www.instagram.com\\\/cvinoticias\\\/\",\"https:\\\/\\\/www.youtube.com\\\/@CVINOTICIAS\"]},{\"@type\":\"Person\",\"@id\":\"https:\\\/\\\/cvinoticias.com\\\/v3\\\/#\\\/schema\\\/person\\\/2db77e3c6bc03c538495d7b2b8be9b66\",\"name\":\"f1000024\",\"image\":{\"@type\":\"ImageObject\",\"inLanguage\":\"es\",\"@id\":\"https:\\\/\\\/secure.gravatar.com\\\/avatar\\\/d4fe7459cfc51ff5129ce1a732bbef5928568b8092d412ef95611616376bbeed?s=96&d=mm&r=g\",\"url\":\"https:\\\/\\\/secure.gravatar.com\\\/avatar\\\/d4fe7459cfc51ff5129ce1a732bbef5928568b8092d412ef95611616376bbeed?s=96&d=mm&r=g\",\"contentUrl\":\"https:\\\/\\\/secure.gravatar.com\\\/avatar\\\/d4fe7459cfc51ff5129ce1a732bbef5928568b8092d412ef95611616376bbeed?s=96&d=mm&r=g\",\"caption\":\"f1000024\"},\"url\":\"https:\\\/\\\/cvinoticias.com\\\/v3\\\/author\\\/f1000024\\\/\"}]}<\/script>\n<!-- \/ Yoast SEO plugin. -->","yoast_head_json":{"title":"Advierten que las l\u00e1mparas LED para secar el esmalte de las u\u00f1as pueden causar c\u00e1ncer y mutaciones en el ADN | CVI NOTICIAS","robots":{"index":"index","follow":"follow","max-snippet":"max-snippet:-1","max-image-preview":"max-image-preview:large","max-video-preview":"max-video-preview:-1"},"canonical":"https:\/\/cvinoticias.com\/v3\/advierten-que-las-lamparas-led-para-secar-el-esmalte-de-las-unas-pueden-causar-cancer-y-mutaciones-en-el-adn\/","og_locale":"es_ES","og_type":"article","og_title":"Advierten que las l\u00e1mparas LED para secar el esmalte de las u\u00f1as pueden causar c\u00e1ncer y mutaciones en el ADN | CVI NOTICIAS","og_description":"Los dispositivos de secado de esmalte de u\u00f1as de luz ultravioleta que se utilizan para fijar los esmaltes en gel pueden representar un problema de salud p\u00fablica mayor de lo que se pensaba, ya que investigadores de la Universidad de California en San Diego (EEUU) descubrieron que su uso genera muerte celular y mutaciones en [&hellip;]","og_url":"https:\/\/cvinoticias.com\/v3\/advierten-que-las-lamparas-led-para-secar-el-esmalte-de-las-unas-pueden-causar-cancer-y-mutaciones-en-el-adn\/","og_site_name":"CVI NOTICIAS","article_publisher":"https:\/\/www.facebook.com\/cvinoticias","article_published_time":"2023-05-23T11:55:13+00:00","og_image":[{"width":650,"height":433,"url":"https:\/\/cvinoticias.com\/wp-content\/uploads\/2023\/05\/como-usar-lampara-para-unas.jpg","type":"image\/jpeg"}],"author":"f1000024","twitter_card":"summary_large_image","twitter_misc":{"Escrito por":"f1000024","Tiempo de lectura":"3 minutos"},"schema":{"@context":"https:\/\/schema.org","@graph":[{"@type":"Article","@id":"https:\/\/cvinoticias.com\/v3\/advierten-que-las-lamparas-led-para-secar-el-esmalte-de-las-unas-pueden-causar-cancer-y-mutaciones-en-el-adn\/#article","isPartOf":{"@id":"https:\/\/cvinoticias.com\/v3\/advierten-que-las-lamparas-led-para-secar-el-esmalte-de-las-unas-pueden-causar-cancer-y-mutaciones-en-el-adn\/"},"author":{"name":"f1000024","@id":"https:\/\/cvinoticias.com\/v3\/#\/schema\/person\/2db77e3c6bc03c538495d7b2b8be9b66"},"headline":"Advierten que las l\u00e1mparas LED para secar el esmalte de las u\u00f1as pueden causar c\u00e1ncer y mutaciones en el ADN","datePublished":"2023-05-23T11:55:13+00:00","mainEntityOfPage":{"@id":"https:\/\/cvinoticias.com\/v3\/advierten-que-las-lamparas-led-para-secar-el-esmalte-de-las-unas-pueden-causar-cancer-y-mutaciones-en-el-adn\/"},"wordCount":536,"commentCount":0,"publisher":{"@id":"https:\/\/cvinoticias.com\/v3\/#organization"},"image":{"@id":"https:\/\/cvinoticias.com\/v3\/advierten-que-las-lamparas-led-para-secar-el-esmalte-de-las-unas-pueden-causar-cancer-y-mutaciones-en-el-adn\/#primaryimage"},"thumbnailUrl":"https:\/\/cvinoticias.com\/wp-content\/uploads\/2023\/05\/como-usar-lampara-para-unas.jpg","articleSection":["Informaci\u00f3n General"],"inLanguage":"es","potentialAction":[{"@type":"CommentAction","name":"Comment","target":["https:\/\/cvinoticias.com\/v3\/advierten-que-las-lamparas-led-para-secar-el-esmalte-de-las-unas-pueden-causar-cancer-y-mutaciones-en-el-adn\/#respond"]}]},{"@type":"WebPage","@id":"https:\/\/cvinoticias.com\/v3\/advierten-que-las-lamparas-led-para-secar-el-esmalte-de-las-unas-pueden-causar-cancer-y-mutaciones-en-el-adn\/","url":"https:\/\/cvinoticias.com\/v3\/advierten-que-las-lamparas-led-para-secar-el-esmalte-de-las-unas-pueden-causar-cancer-y-mutaciones-en-el-adn\/","name":"Advierten que las l\u00e1mparas LED para secar el esmalte de las u\u00f1as pueden causar c\u00e1ncer y mutaciones en el ADN | CVI NOTICIAS","isPartOf":{"@id":"https:\/\/cvinoticias.com\/v3\/#website"},"primaryImageOfPage":{"@id":"https:\/\/cvinoticias.com\/v3\/advierten-que-las-lamparas-led-para-secar-el-esmalte-de-las-unas-pueden-causar-cancer-y-mutaciones-en-el-adn\/#primaryimage"},"image":{"@id":"https:\/\/cvinoticias.com\/v3\/advierten-que-las-lamparas-led-para-secar-el-esmalte-de-las-unas-pueden-causar-cancer-y-mutaciones-en-el-adn\/#primaryimage"},"thumbnailUrl":"https:\/\/cvinoticias.com\/wp-content\/uploads\/2023\/05\/como-usar-lampara-para-unas.jpg","datePublished":"2023-05-23T11:55:13+00:00","breadcrumb":{"@id":"https:\/\/cvinoticias.com\/v3\/advierten-que-las-lamparas-led-para-secar-el-esmalte-de-las-unas-pueden-causar-cancer-y-mutaciones-en-el-adn\/#breadcrumb"},"inLanguage":"es","potentialAction":[{"@type":"ReadAction","target":["https:\/\/cvinoticias.com\/v3\/advierten-que-las-lamparas-led-para-secar-el-esmalte-de-las-unas-pueden-causar-cancer-y-mutaciones-en-el-adn\/"]}]},{"@type":"ImageObject","inLanguage":"es","@id":"https:\/\/cvinoticias.com\/v3\/advierten-que-las-lamparas-led-para-secar-el-esmalte-de-las-unas-pueden-causar-cancer-y-mutaciones-en-el-adn\/#primaryimage","url":"https:\/\/cvinoticias.com\/wp-content\/uploads\/2023\/05\/como-usar-lampara-para-unas.jpg","contentUrl":"https:\/\/cvinoticias.com\/wp-content\/uploads\/2023\/05\/como-usar-lampara-para-unas.jpg","width":650,"height":433},{"@type":"BreadcrumbList","@id":"https:\/\/cvinoticias.com\/v3\/advierten-que-las-lamparas-led-para-secar-el-esmalte-de-las-unas-pueden-causar-cancer-y-mutaciones-en-el-adn\/#breadcrumb","itemListElement":[{"@type":"ListItem","position":1,"name":"Portada","item":"https:\/\/cvinoticias.com\/v3\/"},{"@type":"ListItem","position":2,"name":"Advierten que las l\u00e1mparas LED para secar el esmalte de las u\u00f1as pueden causar c\u00e1ncer y mutaciones en el ADN"}]},{"@type":"WebSite","@id":"https:\/\/cvinoticias.com\/v3\/#website","url":"https:\/\/cvinoticias.com\/v3\/","name":"CVI NOTICIAS","description":"","publisher":{"@id":"https:\/\/cvinoticias.com\/v3\/#organization"},"alternateName":"CVI","potentialAction":[{"@type":"SearchAction","target":{"@type":"EntryPoint","urlTemplate":"https:\/\/cvinoticias.com\/v3\/?s={search_term_string}"},"query-input":{"@type":"PropertyValueSpecification","valueRequired":true,"valueName":"search_term_string"}}],"inLanguage":"es"},{"@type":"Organization","@id":"https:\/\/cvinoticias.com\/v3\/#organization","name":"CVI NOTICIAS","url":"https:\/\/cvinoticias.com\/v3\/","logo":{"@type":"ImageObject","inLanguage":"es","@id":"https:\/\/cvinoticias.com\/v3\/#\/schema\/logo\/image\/","url":"https:\/\/cvinoticias.com\/wp-content\/uploads\/2023\/04\/cropped-cropped-cropped-cropped-cropped-3-1.png","contentUrl":"https:\/\/cvinoticias.com\/wp-content\/uploads\/2023\/04\/cropped-cropped-cropped-cropped-cropped-3-1.png","width":95,"height":122,"caption":"CVI NOTICIAS"},"image":{"@id":"https:\/\/cvinoticias.com\/v3\/#\/schema\/logo\/image\/"},"sameAs":["https:\/\/www.facebook.com\/cvinoticias","https:\/\/www.instagram.com\/cvinoticias\/","https:\/\/www.youtube.com\/@CVINOTICIAS"]},{"@type":"Person","@id":"https:\/\/cvinoticias.com\/v3\/#\/schema\/person\/2db77e3c6bc03c538495d7b2b8be9b66","name":"f1000024","image":{"@type":"ImageObject","inLanguage":"es","@id":"https:\/\/secure.gravatar.com\/avatar\/d4fe7459cfc51ff5129ce1a732bbef5928568b8092d412ef95611616376bbeed?s=96&d=mm&r=g","url":"https:\/\/secure.gravatar.com\/avatar\/d4fe7459cfc51ff5129ce1a732bbef5928568b8092d412ef95611616376bbeed?s=96&d=mm&r=g","contentUrl":"https:\/\/secure.gravatar.com\/avatar\/d4fe7459cfc51ff5129ce1a732bbef5928568b8092d412ef95611616376bbeed?s=96&d=mm&r=g","caption":"f1000024"},"url":"https:\/\/cvinoticias.com\/v3\/author\/f1000024\/"}]}},"_links":{"self":[{"href":"https:\/\/cvinoticias.com\/v3\/wp-json\/wp\/v2\/posts\/24980","targetHints":{"allow":["GET"]}}],"collection":[{"href":"https:\/\/cvinoticias.com\/v3\/wp-json\/wp\/v2\/posts"}],"about":[{"href":"https:\/\/cvinoticias.com\/v3\/wp-json\/wp\/v2\/types\/post"}],"author":[{"embeddable":true,"href":"https:\/\/cvinoticias.com\/v3\/wp-json\/wp\/v2\/users\/2"}],"replies":[{"embeddable":true,"href":"https:\/\/cvinoticias.com\/v3\/wp-json\/wp\/v2\/comments?post=24980"}],"version-history":[{"count":1,"href":"https:\/\/cvinoticias.com\/v3\/wp-json\/wp\/v2\/posts\/24980\/revisions"}],"predecessor-version":[{"id":24982,"href":"https:\/\/cvinoticias.com\/v3\/wp-json\/wp\/v2\/posts\/24980\/revisions\/24982"}],"wp:featuredmedia":[{"embeddable":true,"href":"https:\/\/cvinoticias.com\/v3\/wp-json\/wp\/v2\/media\/24981"}],"wp:attachment":[{"href":"https:\/\/cvinoticias.com\/v3\/wp-json\/wp\/v2\/media?parent=24980"}],"wp:term":[{"taxonomy":"category","embeddable":true,"href":"https:\/\/cvinoticias.com\/v3\/wp-json\/wp\/v2\/categories?post=24980"},{"taxonomy":"post_tag","embeddable":true,"href":"https:\/\/cvinoticias.com\/v3\/wp-json\/wp\/v2\/tags?post=24980"}],"curies":[{"name":"wp","href":"https:\/\/api.w.org\/{rel}","templated":true}]}}