{"id":2497,"date":"2021-02-08T13:58:05","date_gmt":"2021-02-08T13:58:05","guid":{"rendered":"https:\/\/cvinoticias.com\/v3\/?p=2497"},"modified":"2021-02-08T13:58:05","modified_gmt":"2021-02-08T13:58:05","slug":"accidente-automovilistico-en-ruta-nacional-12","status":"publish","type":"post","link":"https:\/\/cvinoticias.com\/v3\/accidente-automovilistico-en-ruta-nacional-12\/","title":{"rendered":"Accidente automovil\u00edstico en Ruta Nacional 12"},"content":{"rendered":"\n<p><strong><em>El d\u00eda de ayer, aproximadamente a las 20:30 hs los Bomberos Voluntarios de Iguaz\u00fa reciben una denuncia de accidente automovil\u00edstico en la Ruta Nacional 12, altura 1621.<\/em><\/strong><\/p>\n\n\n\n<p>Luego de confirmar la llamada, sale una dotaci\u00f3n r\u00e1pidamente hasta el lugar, al llegar, las v\u00edctimas hab\u00edan sido trasladada al hospital de la ciudad con la ambulancia. Bomberos cortan las bater\u00edas de los autom\u00f3viles para evitar un cortocircuito y asi que estos pudieran prenderse fuego, y prevenci\u00f3n para evitar algun accidente.<\/p>\n\n\n\n<p>Las dos v\u00edctimas que fueron trasladadas al hospital eran los conductores de cada rodado, los otros pasajeros que se encontraban en el interior del rodado no sufrieron lesiones. Siendo que en el Chevrolet Cobalt en su interior viajaban 5 personas (3 mayores y 2 menores) y del Chevrolet Prisma hab\u00eda dos ocupantes, s\u00f3lo uno de ellos fue trasladado al hospital.<\/p>\n\n\n\n<p>Trabajaron en el lugar Bomberos Voluntarios de Iguazu, el 107 y Gendarmer\u00eda Nacional<\/p>\n\n\n\n<figure class=\"wp-block-image size-large\"><a href=\"https:\/\/cvinoticias.com\/wp-content\/uploads\/2021\/02\/IMG-20210208-WA0029.jpg\"><img decoding=\"async\" width=\"1024\" height=\"576\" data-src=\"https:\/\/cvinoticias.com\/wp-content\/uploads\/2021\/02\/IMG-20210208-WA0029-1024x576.jpg\" alt=\"\" class=\"wp-image-2499 lazyload\" data-srcset=\"https:\/\/cvinoticias.com\/wp-content\/uploads\/2021\/02\/IMG-20210208-WA0029-1024x576.jpg 1024w, https:\/\/cvinoticias.com\/wp-content\/uploads\/2021\/02\/IMG-20210208-WA0029-300x169.jpg 300w, https:\/\/cvinoticias.com\/wp-content\/uploads\/2021\/02\/IMG-20210208-WA0029-768x432.jpg 768w, https:\/\/cvinoticias.com\/wp-content\/uploads\/2021\/02\/IMG-20210208-WA0029.jpg 1156w\" data-sizes=\"(max-width: 1024px) 100vw, 1024px\" src=\"data:image\/svg+xml;base64,PHN2ZyB3aWR0aD0iMSIgaGVpZ2h0PSIxIiB4bWxucz0iaHR0cDovL3d3dy53My5vcmcvMjAwMC9zdmciPjwvc3ZnPg==\" style=\"--smush-placeholder-width: 1024px; --smush-placeholder-aspect-ratio: 1024\/576;\" \/><\/a><\/figure>\n\n\n\n<figure class=\"wp-block-image size-large is-resized\"><a href=\"https:\/\/cvinoticias.com\/wp-content\/uploads\/2021\/02\/IMG-20210208-WA0030.jpg\"><img decoding=\"async\" data-src=\"https:\/\/cvinoticias.com\/wp-content\/uploads\/2021\/02\/IMG-20210208-WA0030-1024x576.jpg\" alt=\"\" class=\"wp-image-2500 lazyload\" width=\"411\" height=\"231\" data-srcset=\"https:\/\/cvinoticias.com\/wp-content\/uploads\/2021\/02\/IMG-20210208-WA0030-1024x576.jpg 1024w, https:\/\/cvinoticias.com\/wp-content\/uploads\/2021\/02\/IMG-20210208-WA0030-300x169.jpg 300w, https:\/\/cvinoticias.com\/wp-content\/uploads\/2021\/02\/IMG-20210208-WA0030-768x432.jpg 768w, https:\/\/cvinoticias.com\/wp-content\/uploads\/2021\/02\/IMG-20210208-WA0030.jpg 1156w\" data-sizes=\"(max-width: 411px) 100vw, 411px\" src=\"data:image\/svg+xml;base64,PHN2ZyB3aWR0aD0iMSIgaGVpZ2h0PSIxIiB4bWxucz0iaHR0cDovL3d3dy53My5vcmcvMjAwMC9zdmciPjwvc3ZnPg==\" style=\"--smush-placeholder-width: 411px; --smush-placeholder-aspect-ratio: 411\/231;\" \/><\/a><\/figure>\n","protected":false},"excerpt":{"rendered":"<p>El d\u00eda de ayer, aproximadamente a las 20:30 hs los Bomberos Voluntarios de Iguaz\u00fa reciben una denuncia de accidente automovil\u00edstico en la Ruta Nacional 12, altura 1621. Luego de confirmar la llamada, sale una dotaci\u00f3n r\u00e1pidamente hasta el lugar, al llegar, las v\u00edctimas hab\u00edan sido trasladada al hospital de la ciudad con la ambulancia. Bomberos [&hellip;]<\/p>\n","protected":false},"author":2,"featured_media":2498,"comment_status":"open","ping_status":"open","sticky":false,"template":"","format":"standard","meta":{"footnotes":""},"categories":[29],"tags":[],"class_list":["post-2497","post","type-post","status-publish","format-standard","has-post-thumbnail","hentry","category-locales"],"yoast_head":"<!-- This site is optimized with the Yoast SEO plugin v27.5 - https:\/\/yoast.com\/product\/yoast-seo-wordpress\/ -->\n<title>Accidente automovil\u00edstico en Ruta Nacional 12 | CVI NOTICIAS<\/title>\n<meta name=\"robots\" content=\"index, follow, max-snippet:-1, max-image-preview:large, max-video-preview:-1\" \/>\n<link rel=\"canonical\" href=\"https:\/\/cvinoticias.com\/v3\/accidente-automovilistico-en-ruta-nacional-12\/\" \/>\n<meta property=\"og:locale\" content=\"es_ES\" \/>\n<meta property=\"og:type\" content=\"article\" \/>\n<meta property=\"og:title\" content=\"Accidente automovil\u00edstico en Ruta Nacional 12 | CVI NOTICIAS\" \/>\n<meta property=\"og:description\" content=\"El d\u00eda de ayer, aproximadamente a las 20:30 hs los Bomberos Voluntarios de Iguaz\u00fa reciben una denuncia de accidente automovil\u00edstico en la Ruta Nacional 12, altura 1621. Luego de confirmar la llamada, sale una dotaci\u00f3n r\u00e1pidamente hasta el lugar, al llegar, las v\u00edctimas hab\u00edan sido trasladada al hospital de la ciudad con la ambulancia. Bomberos [&hellip;]\" \/>\n<meta property=\"og:url\" content=\"https:\/\/cvinoticias.com\/v3\/accidente-automovilistico-en-ruta-nacional-12\/\" \/>\n<meta property=\"og:site_name\" content=\"CVI NOTICIAS\" \/>\n<meta property=\"article:publisher\" content=\"https:\/\/www.facebook.com\/cvinoticias\" \/>\n<meta property=\"article:published_time\" content=\"2021-02-08T13:58:05+00:00\" \/>\n<meta property=\"og:image\" content=\"https:\/\/cvinoticias.com\/wp-content\/uploads\/2021\/02\/IMG-20210208-WA0031.jpg\" \/>\n\t<meta property=\"og:image:width\" content=\"1156\" \/>\n\t<meta property=\"og:image:height\" content=\"650\" \/>\n\t<meta property=\"og:image:type\" content=\"image\/jpeg\" \/>\n<meta name=\"author\" content=\"f1000024\" \/>\n<meta name=\"twitter:card\" content=\"summary_large_image\" \/>\n<meta name=\"twitter:label1\" content=\"Escrito por\" \/>\n\t<meta name=\"twitter:data1\" content=\"f1000024\" \/>\n\t<meta name=\"twitter:label2\" content=\"Tiempo de lectura\" \/>\n\t<meta name=\"twitter:data2\" content=\"1 minuto\" \/>\n<script type=\"application\/ld+json\" class=\"yoast-schema-graph\">{\"@context\":\"https:\\\/\\\/schema.org\",\"@graph\":[{\"@type\":\"Article\",\"@id\":\"https:\\\/\\\/cvinoticias.com\\\/v3\\\/accidente-automovilistico-en-ruta-nacional-12\\\/#article\",\"isPartOf\":{\"@id\":\"https:\\\/\\\/cvinoticias.com\\\/v3\\\/accidente-automovilistico-en-ruta-nacional-12\\\/\"},\"author\":{\"name\":\"f1000024\",\"@id\":\"https:\\\/\\\/cvinoticias.com\\\/v3\\\/#\\\/schema\\\/person\\\/2db77e3c6bc03c538495d7b2b8be9b66\"},\"headline\":\"Accidente automovil\u00edstico en Ruta Nacional 12\",\"datePublished\":\"2021-02-08T13:58:05+00:00\",\"mainEntityOfPage\":{\"@id\":\"https:\\\/\\\/cvinoticias.com\\\/v3\\\/accidente-automovilistico-en-ruta-nacional-12\\\/\"},\"wordCount\":163,\"commentCount\":0,\"publisher\":{\"@id\":\"https:\\\/\\\/cvinoticias.com\\\/v3\\\/#organization\"},\"image\":{\"@id\":\"https:\\\/\\\/cvinoticias.com\\\/v3\\\/accidente-automovilistico-en-ruta-nacional-12\\\/#primaryimage\"},\"thumbnailUrl\":\"https:\\\/\\\/cvinoticias.com\\\/wp-content\\\/uploads\\\/2021\\\/02\\\/IMG-20210208-WA0031.jpg\",\"articleSection\":[\"Locales\"],\"inLanguage\":\"es\",\"potentialAction\":[{\"@type\":\"CommentAction\",\"name\":\"Comment\",\"target\":[\"https:\\\/\\\/cvinoticias.com\\\/v3\\\/accidente-automovilistico-en-ruta-nacional-12\\\/#respond\"]}]},{\"@type\":\"WebPage\",\"@id\":\"https:\\\/\\\/cvinoticias.com\\\/v3\\\/accidente-automovilistico-en-ruta-nacional-12\\\/\",\"url\":\"https:\\\/\\\/cvinoticias.com\\\/v3\\\/accidente-automovilistico-en-ruta-nacional-12\\\/\",\"name\":\"Accidente automovil\u00edstico en Ruta Nacional 12 | CVI NOTICIAS\",\"isPartOf\":{\"@id\":\"https:\\\/\\\/cvinoticias.com\\\/v3\\\/#website\"},\"primaryImageOfPage\":{\"@id\":\"https:\\\/\\\/cvinoticias.com\\\/v3\\\/accidente-automovilistico-en-ruta-nacional-12\\\/#primaryimage\"},\"image\":{\"@id\":\"https:\\\/\\\/cvinoticias.com\\\/v3\\\/accidente-automovilistico-en-ruta-nacional-12\\\/#primaryimage\"},\"thumbnailUrl\":\"https:\\\/\\\/cvinoticias.com\\\/wp-content\\\/uploads\\\/2021\\\/02\\\/IMG-20210208-WA0031.jpg\",\"datePublished\":\"2021-02-08T13:58:05+00:00\",\"breadcrumb\":{\"@id\":\"https:\\\/\\\/cvinoticias.com\\\/v3\\\/accidente-automovilistico-en-ruta-nacional-12\\\/#breadcrumb\"},\"inLanguage\":\"es\",\"potentialAction\":[{\"@type\":\"ReadAction\",\"target\":[\"https:\\\/\\\/cvinoticias.com\\\/v3\\\/accidente-automovilistico-en-ruta-nacional-12\\\/\"]}]},{\"@type\":\"ImageObject\",\"inLanguage\":\"es\",\"@id\":\"https:\\\/\\\/cvinoticias.com\\\/v3\\\/accidente-automovilistico-en-ruta-nacional-12\\\/#primaryimage\",\"url\":\"https:\\\/\\\/cvinoticias.com\\\/wp-content\\\/uploads\\\/2021\\\/02\\\/IMG-20210208-WA0031.jpg\",\"contentUrl\":\"https:\\\/\\\/cvinoticias.com\\\/wp-content\\\/uploads\\\/2021\\\/02\\\/IMG-20210208-WA0031.jpg\",\"width\":1156,\"height\":650},{\"@type\":\"BreadcrumbList\",\"@id\":\"https:\\\/\\\/cvinoticias.com\\\/v3\\\/accidente-automovilistico-en-ruta-nacional-12\\\/#breadcrumb\",\"itemListElement\":[{\"@type\":\"ListItem\",\"position\":1,\"name\":\"Portada\",\"item\":\"https:\\\/\\\/cvinoticias.com\\\/v3\\\/\"},{\"@type\":\"ListItem\",\"position\":2,\"name\":\"Accidente automovil\u00edstico en Ruta Nacional 12\"}]},{\"@type\":\"WebSite\",\"@id\":\"https:\\\/\\\/cvinoticias.com\\\/v3\\\/#website\",\"url\":\"https:\\\/\\\/cvinoticias.com\\\/v3\\\/\",\"name\":\"CVI NOTICIAS\",\"description\":\"\",\"publisher\":{\"@id\":\"https:\\\/\\\/cvinoticias.com\\\/v3\\\/#organization\"},\"alternateName\":\"CVI\",\"potentialAction\":[{\"@type\":\"SearchAction\",\"target\":{\"@type\":\"EntryPoint\",\"urlTemplate\":\"https:\\\/\\\/cvinoticias.com\\\/v3\\\/?s={search_term_string}\"},\"query-input\":{\"@type\":\"PropertyValueSpecification\",\"valueRequired\":true,\"valueName\":\"search_term_string\"}}],\"inLanguage\":\"es\"},{\"@type\":\"Organization\",\"@id\":\"https:\\\/\\\/cvinoticias.com\\\/v3\\\/#organization\",\"name\":\"CVI NOTICIAS\",\"url\":\"https:\\\/\\\/cvinoticias.com\\\/v3\\\/\",\"logo\":{\"@type\":\"ImageObject\",\"inLanguage\":\"es\",\"@id\":\"https:\\\/\\\/cvinoticias.com\\\/v3\\\/#\\\/schema\\\/logo\\\/image\\\/\",\"url\":\"https:\\\/\\\/cvinoticias.com\\\/wp-content\\\/uploads\\\/2023\\\/04\\\/cropped-cropped-cropped-cropped-cropped-3-1.png\",\"contentUrl\":\"https:\\\/\\\/cvinoticias.com\\\/wp-content\\\/uploads\\\/2023\\\/04\\\/cropped-cropped-cropped-cropped-cropped-3-1.png\",\"width\":95,\"height\":122,\"caption\":\"CVI NOTICIAS\"},\"image\":{\"@id\":\"https:\\\/\\\/cvinoticias.com\\\/v3\\\/#\\\/schema\\\/logo\\\/image\\\/\"},\"sameAs\":[\"https:\\\/\\\/www.facebook.com\\\/cvinoticias\",\"https:\\\/\\\/www.instagram.com\\\/cvinoticias\\\/\",\"https:\\\/\\\/www.youtube.com\\\/@CVINOTICIAS\"]},{\"@type\":\"Person\",\"@id\":\"https:\\\/\\\/cvinoticias.com\\\/v3\\\/#\\\/schema\\\/person\\\/2db77e3c6bc03c538495d7b2b8be9b66\",\"name\":\"f1000024\",\"image\":{\"@type\":\"ImageObject\",\"inLanguage\":\"es\",\"@id\":\"https:\\\/\\\/secure.gravatar.com\\\/avatar\\\/d4fe7459cfc51ff5129ce1a732bbef5928568b8092d412ef95611616376bbeed?s=96&d=mm&r=g\",\"url\":\"https:\\\/\\\/secure.gravatar.com\\\/avatar\\\/d4fe7459cfc51ff5129ce1a732bbef5928568b8092d412ef95611616376bbeed?s=96&d=mm&r=g\",\"contentUrl\":\"https:\\\/\\\/secure.gravatar.com\\\/avatar\\\/d4fe7459cfc51ff5129ce1a732bbef5928568b8092d412ef95611616376bbeed?s=96&d=mm&r=g\",\"caption\":\"f1000024\"},\"url\":\"https:\\\/\\\/cvinoticias.com\\\/v3\\\/author\\\/f1000024\\\/\"}]}<\/script>\n<!-- \/ Yoast SEO plugin. -->","yoast_head_json":{"title":"Accidente automovil\u00edstico en Ruta Nacional 12 | CVI NOTICIAS","robots":{"index":"index","follow":"follow","max-snippet":"max-snippet:-1","max-image-preview":"max-image-preview:large","max-video-preview":"max-video-preview:-1"},"canonical":"https:\/\/cvinoticias.com\/v3\/accidente-automovilistico-en-ruta-nacional-12\/","og_locale":"es_ES","og_type":"article","og_title":"Accidente automovil\u00edstico en Ruta Nacional 12 | CVI NOTICIAS","og_description":"El d\u00eda de ayer, aproximadamente a las 20:30 hs los Bomberos Voluntarios de Iguaz\u00fa reciben una denuncia de accidente automovil\u00edstico en la Ruta Nacional 12, altura 1621. Luego de confirmar la llamada, sale una dotaci\u00f3n r\u00e1pidamente hasta el lugar, al llegar, las v\u00edctimas hab\u00edan sido trasladada al hospital de la ciudad con la ambulancia. Bomberos [&hellip;]","og_url":"https:\/\/cvinoticias.com\/v3\/accidente-automovilistico-en-ruta-nacional-12\/","og_site_name":"CVI NOTICIAS","article_publisher":"https:\/\/www.facebook.com\/cvinoticias","article_published_time":"2021-02-08T13:58:05+00:00","og_image":[{"width":1156,"height":650,"url":"https:\/\/cvinoticias.com\/wp-content\/uploads\/2021\/02\/IMG-20210208-WA0031.jpg","type":"image\/jpeg"}],"author":"f1000024","twitter_card":"summary_large_image","twitter_misc":{"Escrito por":"f1000024","Tiempo de lectura":"1 minuto"},"schema":{"@context":"https:\/\/schema.org","@graph":[{"@type":"Article","@id":"https:\/\/cvinoticias.com\/v3\/accidente-automovilistico-en-ruta-nacional-12\/#article","isPartOf":{"@id":"https:\/\/cvinoticias.com\/v3\/accidente-automovilistico-en-ruta-nacional-12\/"},"author":{"name":"f1000024","@id":"https:\/\/cvinoticias.com\/v3\/#\/schema\/person\/2db77e3c6bc03c538495d7b2b8be9b66"},"headline":"Accidente automovil\u00edstico en Ruta Nacional 12","datePublished":"2021-02-08T13:58:05+00:00","mainEntityOfPage":{"@id":"https:\/\/cvinoticias.com\/v3\/accidente-automovilistico-en-ruta-nacional-12\/"},"wordCount":163,"commentCount":0,"publisher":{"@id":"https:\/\/cvinoticias.com\/v3\/#organization"},"image":{"@id":"https:\/\/cvinoticias.com\/v3\/accidente-automovilistico-en-ruta-nacional-12\/#primaryimage"},"thumbnailUrl":"https:\/\/cvinoticias.com\/wp-content\/uploads\/2021\/02\/IMG-20210208-WA0031.jpg","articleSection":["Locales"],"inLanguage":"es","potentialAction":[{"@type":"CommentAction","name":"Comment","target":["https:\/\/cvinoticias.com\/v3\/accidente-automovilistico-en-ruta-nacional-12\/#respond"]}]},{"@type":"WebPage","@id":"https:\/\/cvinoticias.com\/v3\/accidente-automovilistico-en-ruta-nacional-12\/","url":"https:\/\/cvinoticias.com\/v3\/accidente-automovilistico-en-ruta-nacional-12\/","name":"Accidente automovil\u00edstico en Ruta Nacional 12 | CVI NOTICIAS","isPartOf":{"@id":"https:\/\/cvinoticias.com\/v3\/#website"},"primaryImageOfPage":{"@id":"https:\/\/cvinoticias.com\/v3\/accidente-automovilistico-en-ruta-nacional-12\/#primaryimage"},"image":{"@id":"https:\/\/cvinoticias.com\/v3\/accidente-automovilistico-en-ruta-nacional-12\/#primaryimage"},"thumbnailUrl":"https:\/\/cvinoticias.com\/wp-content\/uploads\/2021\/02\/IMG-20210208-WA0031.jpg","datePublished":"2021-02-08T13:58:05+00:00","breadcrumb":{"@id":"https:\/\/cvinoticias.com\/v3\/accidente-automovilistico-en-ruta-nacional-12\/#breadcrumb"},"inLanguage":"es","potentialAction":[{"@type":"ReadAction","target":["https:\/\/cvinoticias.com\/v3\/accidente-automovilistico-en-ruta-nacional-12\/"]}]},{"@type":"ImageObject","inLanguage":"es","@id":"https:\/\/cvinoticias.com\/v3\/accidente-automovilistico-en-ruta-nacional-12\/#primaryimage","url":"https:\/\/cvinoticias.com\/wp-content\/uploads\/2021\/02\/IMG-20210208-WA0031.jpg","contentUrl":"https:\/\/cvinoticias.com\/wp-content\/uploads\/2021\/02\/IMG-20210208-WA0031.jpg","width":1156,"height":650},{"@type":"BreadcrumbList","@id":"https:\/\/cvinoticias.com\/v3\/accidente-automovilistico-en-ruta-nacional-12\/#breadcrumb","itemListElement":[{"@type":"ListItem","position":1,"name":"Portada","item":"https:\/\/cvinoticias.com\/v3\/"},{"@type":"ListItem","position":2,"name":"Accidente automovil\u00edstico en Ruta Nacional 12"}]},{"@type":"WebSite","@id":"https:\/\/cvinoticias.com\/v3\/#website","url":"https:\/\/cvinoticias.com\/v3\/","name":"CVI NOTICIAS","description":"","publisher":{"@id":"https:\/\/cvinoticias.com\/v3\/#organization"},"alternateName":"CVI","potentialAction":[{"@type":"SearchAction","target":{"@type":"EntryPoint","urlTemplate":"https:\/\/cvinoticias.com\/v3\/?s={search_term_string}"},"query-input":{"@type":"PropertyValueSpecification","valueRequired":true,"valueName":"search_term_string"}}],"inLanguage":"es"},{"@type":"Organization","@id":"https:\/\/cvinoticias.com\/v3\/#organization","name":"CVI NOTICIAS","url":"https:\/\/cvinoticias.com\/v3\/","logo":{"@type":"ImageObject","inLanguage":"es","@id":"https:\/\/cvinoticias.com\/v3\/#\/schema\/logo\/image\/","url":"https:\/\/cvinoticias.com\/wp-content\/uploads\/2023\/04\/cropped-cropped-cropped-cropped-cropped-3-1.png","contentUrl":"https:\/\/cvinoticias.com\/wp-content\/uploads\/2023\/04\/cropped-cropped-cropped-cropped-cropped-3-1.png","width":95,"height":122,"caption":"CVI NOTICIAS"},"image":{"@id":"https:\/\/cvinoticias.com\/v3\/#\/schema\/logo\/image\/"},"sameAs":["https:\/\/www.facebook.com\/cvinoticias","https:\/\/www.instagram.com\/cvinoticias\/","https:\/\/www.youtube.com\/@CVINOTICIAS"]},{"@type":"Person","@id":"https:\/\/cvinoticias.com\/v3\/#\/schema\/person\/2db77e3c6bc03c538495d7b2b8be9b66","name":"f1000024","image":{"@type":"ImageObject","inLanguage":"es","@id":"https:\/\/secure.gravatar.com\/avatar\/d4fe7459cfc51ff5129ce1a732bbef5928568b8092d412ef95611616376bbeed?s=96&d=mm&r=g","url":"https:\/\/secure.gravatar.com\/avatar\/d4fe7459cfc51ff5129ce1a732bbef5928568b8092d412ef95611616376bbeed?s=96&d=mm&r=g","contentUrl":"https:\/\/secure.gravatar.com\/avatar\/d4fe7459cfc51ff5129ce1a732bbef5928568b8092d412ef95611616376bbeed?s=96&d=mm&r=g","caption":"f1000024"},"url":"https:\/\/cvinoticias.com\/v3\/author\/f1000024\/"}]}},"_links":{"self":[{"href":"https:\/\/cvinoticias.com\/v3\/wp-json\/wp\/v2\/posts\/2497","targetHints":{"allow":["GET"]}}],"collection":[{"href":"https:\/\/cvinoticias.com\/v3\/wp-json\/wp\/v2\/posts"}],"about":[{"href":"https:\/\/cvinoticias.com\/v3\/wp-json\/wp\/v2\/types\/post"}],"author":[{"embeddable":true,"href":"https:\/\/cvinoticias.com\/v3\/wp-json\/wp\/v2\/users\/2"}],"replies":[{"embeddable":true,"href":"https:\/\/cvinoticias.com\/v3\/wp-json\/wp\/v2\/comments?post=2497"}],"version-history":[{"count":1,"href":"https:\/\/cvinoticias.com\/v3\/wp-json\/wp\/v2\/posts\/2497\/revisions"}],"predecessor-version":[{"id":2501,"href":"https:\/\/cvinoticias.com\/v3\/wp-json\/wp\/v2\/posts\/2497\/revisions\/2501"}],"wp:featuredmedia":[{"embeddable":true,"href":"https:\/\/cvinoticias.com\/v3\/wp-json\/wp\/v2\/media\/2498"}],"wp:attachment":[{"href":"https:\/\/cvinoticias.com\/v3\/wp-json\/wp\/v2\/media?parent=2497"}],"wp:term":[{"taxonomy":"category","embeddable":true,"href":"https:\/\/cvinoticias.com\/v3\/wp-json\/wp\/v2\/categories?post=2497"},{"taxonomy":"post_tag","embeddable":true,"href":"https:\/\/cvinoticias.com\/v3\/wp-json\/wp\/v2\/tags?post=2497"}],"curies":[{"name":"wp","href":"https:\/\/api.w.org\/{rel}","templated":true}]}}