{"id":24967,"date":"2023-05-22T19:56:58","date_gmt":"2023-05-22T19:56:58","guid":{"rendered":"https:\/\/cvinoticias.com\/v3\/?p=24967"},"modified":"2023-05-22T19:56:58","modified_gmt":"2023-05-22T19:56:58","slug":"mas-de-100-pilotos-corrieron-la-fecha-2-del-misionero-de-karting-en-posadas","status":"publish","type":"post","link":"https:\/\/cvinoticias.com\/v3\/mas-de-100-pilotos-corrieron-la-fecha-2-del-misionero-de-karting-en-posadas\/","title":{"rendered":"M\u00e1s de 100 pilotos corrieron la fecha 2 del Misionero de Karting en Posadas"},"content":{"rendered":"\n<p><strong><em>El Campeonato Misionero de Karting que fiscaliza la FeMAD disput\u00f3 la segunda fecha de la temporada oficial 2023 en el kart\u00f3dromo de Posadas, con la presencia de 125 pilotos presentes A pesar de la lluvia que fue constante durante casi toda la jornada, los protagonistas brindaron un gran espect\u00e1culo y demostraron el nivel de pilotos de la tierra colorada para competir con piso mojado.<\/em><\/strong><\/p>\n\n\n\n<p>La competencia tuvo la presencia de pilotos de Corrientes, de Encarnaci\u00f3n (Paraguay) e incluso un representante de la provincia de Santa F\u00e9.<\/p>\n\n\n\n<p>La organizaci\u00f3n estuvo a cargo del Autom\u00f3vil Club Misiones (ACM).<\/p>\n\n\n\n<p>Los ganadores de la 2da fecha del Misionero de Karting fueron: Felipe Morgenstern (Escuela), Francisco Morgenstern (Cadetes), Alicia Graef (Copa Damas), Bruno Melo (110cc) Santino Dolce (10 HP) Fernando Steffen (4T Senior), Diego Bogado (M\u00e1ster 200cc), Santiago Kran (Cajeros Promocional 2T) y Gustavo Maldonado (4T Est\u00e1ndar).<\/p>\n\n\n\n<p><strong>Las finales con lluvia<\/strong><\/p>\n\n\n\n<p>Se disputaron las carreras finales y quien abri\u00f3 el espect\u00e1culo fue la categor\u00eda Escuela, los m\u00e1s peques que desafiaron el clima y lo hicieron de la mejor manera. Felipe Morgenstern logr\u00f3 el triunfo, en segundo lugar se coloc\u00f3 Felipe Gonzalez y tercero, Tadeo Rogaczewski. Cuarto, Alejo Zaizer y quinto lugar Franchesco Sartori entre los 15 participantes.<\/p>\n\n\n\n<p>En Cadetes 7,5, Francisco Morgenstern gan\u00f3 en esta divisional, segunda ubicaci\u00f3n qued\u00f3 en manos para Ian Hummel quien realiz\u00f3 una gran carrera y tercero, finalmente Lautaro Gritti. Cuarto, Juan Cruz Flieder y quinto, Francisco Abente quien debut\u00f3 en esta fecha.<\/p>\n\n\n\n<p>En Copa Damas tambi\u00e9n con piso h\u00famedo e intermitentes lluvias Alicia Graef lo hizo de la mejor manera dejando como escolta en ese momento a la campeona Martina Mrakava en un gran duelo de las chicas. A lo largo de las vueltas, Mrakava trataba de descontarle a Graeff en los tiempos en cada sector, detr\u00e1s se posicionaba Melisa Barrios, Griselda Da Silva y Zoe Florentin.<\/p>\n\n\n\n<p>Lleg\u00f3 la bandera a cuadros y el triunfo qued\u00f3 en manos de Alicia Graef, la piloto de Eldorado que sum\u00f3 un nuevo \u00e9xito en la temporada despu\u00e9s de su regreso a las \u201cDamas\u201d, segunda, la obere\u00f1a Martina Mrakava y tercera, Melisa Barrios.<\/p>\n\n\n\n<p>En categor\u00eda Escuela 110cc, se vio otro atractivo espect\u00e1culo con Bruno Melo comandando buena parte de la competencia en el cual la termin\u00f3 dominando hasta el final, as\u00ed el piloto de San Pedro consigui\u00f3 el primer triunfo. Segundo Facundo Hettinger (Eldorado) y tercero, Luciano Soto (Wanda) en un \u201ctop\u201d 3 del norte de la provincia. Luego del tercer lugar correspondi\u00f3 a Mateo Panasiuk despu\u00e9s de que el kart de \u201cFacu\u201d Hettinger no pase la revisaci\u00f3n correspondiente.<\/p>\n\n\n\n<p>En categor\u00eda 10 HP, Santiago Possiel (Eldorado) tuvo una buena largada para poder dominar la competencia, pero sin descuidarse porque Santiago Dolce lo med\u00eda en cada sector del trazado capitalino para poder avanzar. En la vuelta 5, en la curva 1 ante una gran maniobra. Santino Dolce lo pudo superar y salt\u00f3 al liderazgo. Gan\u00f3 Dolce, segundo, de gran fin de semana Santi Possiel y tercero, otra labor importante Diego Carballo.<\/p>\n\n\n\n<p>En 4T Senior una carrera luchada con buenas maniobras tuvo a Fernando Sttefen, Christian Sartori, Javier Mucci, Manuel Pascual y Renee Pletsh, los hist\u00f3ricos 4 Tiempos dieron un buen espect\u00e1culo a sus seguidores por parte de cada piloto y estructura.<\/p>\n\n\n\n<p>Fernando Steffen (Puerto Rico) se qued\u00f3 con el triunfo, segundo, Christian Sartori y tercero, Manuel Pascual sumando puntos importantes.<\/p>\n\n\n\n<p>En la M\u00e1ster 200cc Robertino Lukoski, Finten y Bogado, luchaban por las primeras posiciones. En la vuelta 7, Diego Bogado qued\u00f3 al frente de las posiciones lo segu\u00eda de cerca, el local Juan Finten en una buena final que se desarrollaba casi al final de la jornada. El piloto de Eldorado, Diego Bogado termin\u00f3 cerrando todas las posibilidades a sus rivales para llevar el triunfo, segundo, Juan Finten y tercero, Adri\u00e1n Urqu\u00eda.<\/p>\n\n\n\n<p>En la gran Cajeros Promocional 2T con cerca de 30 pilotos tuvo a Santi Kran y Yoryi Kibysz luchada, con ajustadas maniobras Mat\u00edas Witzke que subi\u00f3 en el clasificador al segundo puesto en las primeras vueltas. Kran sac\u00f3 ventaja con el correr de las vueltas y se peleaban por la segunda ubicaci\u00f3n Fabi\u00e1n Carr\u00e9 y Mat\u00edas Witzke. Detr\u00e1s de ellos se encolumnaban el piloto de Virasoro, Jos\u00e9 Luis Gonzalez y la poleman Agustina Tajada.<br>El joven \u201cSanti\u201d Kran que debuto en la categor\u00eda la fecha pasada hizo todo redondito sorprendiendo desde el inicio de la final, astuto para aprovechar cada momento y de esa manera pudo sellar el triunfo. El primero para \u00e9l en este tipo de categor\u00edas potentes. Segundo termin\u00f3 el piloto de Garuhap\u00e9, Mat\u00edas Witzke y tercero, finalmente, Fabi\u00e1n Carr\u00e9 (Alem), cuarto, Jos\u00e9 Luis Gonzalez (Virasoro Corrientes), quinto, Cristian Spengler (Eldorado) y sexto, Mariano Tajada.<\/p>\n\n\n\n<p>En la potente 4T Est\u00e1ndar con 30 pilotos en la carrera final se vio una ajustada largada y se centraba en Gustavo Maldonado, el joven Julio Da Silva y Yonatan Lukoski, los tres primeros en la grilla del primer giro, Da Silva pudo superar Maldonado en la pelea por la punta de la carrera. Llegando a un poco m\u00e1s de mitad de carrera, Julio Da Silva hace abandono de la competencia y todo cambio, Gustavo Maldonado comienza a comandar la carrera final sin cometer errores. Mientras que Yonatan Lukoski y Ezequiel Galarza quien daba la sorpresa de la competencia buscaba progresar en el clasificador en puesto de podio.<\/p>\n\n\n\n<p>Al arribo de la bandera a cuadros, Gustavo Maldonado se qued\u00f3 con el triunfo, segundo Lukoski y tercero Galarza que se anota entre los primeros que logran podio de la siempre dif\u00edcil categor\u00eda llev\u00e1ndose el trofeo para Virasoro (Corrientes). Cuarto, Dami\u00e1n De Lima y quinto Gast\u00f3n Arriola.<\/p>\n\n\n\n<p>La pr\u00f3xima se correr\u00e1 el 24 y 25 de junio en el Kart\u00f3dromo de Ober\u00e1.<\/p>\n","protected":false},"excerpt":{"rendered":"<p>El Campeonato Misionero de Karting que fiscaliza la FeMAD disput\u00f3 la segunda fecha de la temporada oficial 2023 en el kart\u00f3dromo de Posadas, con la presencia de 125 pilotos presentes A pesar de la lluvia que fue constante durante casi toda la jornada, los protagonistas brindaron un gran espect\u00e1culo y demostraron el nivel de pilotos [&hellip;]<\/p>\n","protected":false},"author":2,"featured_media":24968,"comment_status":"open","ping_status":"open","sticky":false,"template":"","format":"standard","meta":{"footnotes":""},"categories":[43],"tags":[],"class_list":["post-24967","post","type-post","status-publish","format-standard","has-post-thumbnail","hentry","category-provinciales"],"yoast_head":"<!-- This site is optimized with the Yoast SEO plugin v27.5 - https:\/\/yoast.com\/product\/yoast-seo-wordpress\/ -->\n<title>M\u00e1s de 100 pilotos corrieron la fecha 2 del Misionero de Karting en Posadas | CVI NOTICIAS<\/title>\n<meta name=\"robots\" content=\"index, follow, max-snippet:-1, max-image-preview:large, max-video-preview:-1\" \/>\n<link rel=\"canonical\" href=\"https:\/\/cvinoticias.com\/v3\/mas-de-100-pilotos-corrieron-la-fecha-2-del-misionero-de-karting-en-posadas\/\" \/>\n<meta property=\"og:locale\" content=\"es_ES\" \/>\n<meta property=\"og:type\" content=\"article\" \/>\n<meta property=\"og:title\" content=\"M\u00e1s de 100 pilotos corrieron la fecha 2 del Misionero de Karting en Posadas | CVI NOTICIAS\" \/>\n<meta property=\"og:description\" content=\"El Campeonato Misionero de Karting que fiscaliza la FeMAD disput\u00f3 la segunda fecha de la temporada oficial 2023 en el kart\u00f3dromo de Posadas, con la presencia de 125 pilotos presentes A pesar de la lluvia que fue constante durante casi toda la jornada, los protagonistas brindaron un gran espect\u00e1culo y demostraron el nivel de pilotos [&hellip;]\" \/>\n<meta property=\"og:url\" content=\"https:\/\/cvinoticias.com\/v3\/mas-de-100-pilotos-corrieron-la-fecha-2-del-misionero-de-karting-en-posadas\/\" \/>\n<meta property=\"og:site_name\" content=\"CVI NOTICIAS\" \/>\n<meta property=\"article:publisher\" content=\"https:\/\/www.facebook.com\/cvinoticias\" \/>\n<meta property=\"article:published_time\" content=\"2023-05-22T19:56:58+00:00\" \/>\n<meta property=\"og:image\" content=\"https:\/\/cvinoticias.com\/wp-content\/uploads\/2023\/05\/b21fb8ae-2f99-496c-87de-4ce1a59198621.jpg\" \/>\n\t<meta property=\"og:image:width\" content=\"1599\" \/>\n\t<meta property=\"og:image:height\" content=\"1066\" \/>\n\t<meta property=\"og:image:type\" content=\"image\/jpeg\" \/>\n<meta name=\"author\" content=\"f1000024\" \/>\n<meta name=\"twitter:card\" content=\"summary_large_image\" \/>\n<meta name=\"twitter:label1\" content=\"Escrito por\" \/>\n\t<meta name=\"twitter:data1\" content=\"f1000024\" \/>\n\t<meta name=\"twitter:label2\" content=\"Tiempo de lectura\" \/>\n\t<meta name=\"twitter:data2\" content=\"5 minutos\" \/>\n<script type=\"application\/ld+json\" class=\"yoast-schema-graph\">{\"@context\":\"https:\\\/\\\/schema.org\",\"@graph\":[{\"@type\":\"Article\",\"@id\":\"https:\\\/\\\/cvinoticias.com\\\/v3\\\/mas-de-100-pilotos-corrieron-la-fecha-2-del-misionero-de-karting-en-posadas\\\/#article\",\"isPartOf\":{\"@id\":\"https:\\\/\\\/cvinoticias.com\\\/v3\\\/mas-de-100-pilotos-corrieron-la-fecha-2-del-misionero-de-karting-en-posadas\\\/\"},\"author\":{\"name\":\"f1000024\",\"@id\":\"https:\\\/\\\/cvinoticias.com\\\/v3\\\/#\\\/schema\\\/person\\\/2db77e3c6bc03c538495d7b2b8be9b66\"},\"headline\":\"M\u00e1s de 100 pilotos corrieron la fecha 2 del Misionero de Karting en Posadas\",\"datePublished\":\"2023-05-22T19:56:58+00:00\",\"mainEntityOfPage\":{\"@id\":\"https:\\\/\\\/cvinoticias.com\\\/v3\\\/mas-de-100-pilotos-corrieron-la-fecha-2-del-misionero-de-karting-en-posadas\\\/\"},\"wordCount\":988,\"commentCount\":0,\"publisher\":{\"@id\":\"https:\\\/\\\/cvinoticias.com\\\/v3\\\/#organization\"},\"image\":{\"@id\":\"https:\\\/\\\/cvinoticias.com\\\/v3\\\/mas-de-100-pilotos-corrieron-la-fecha-2-del-misionero-de-karting-en-posadas\\\/#primaryimage\"},\"thumbnailUrl\":\"https:\\\/\\\/cvinoticias.com\\\/wp-content\\\/uploads\\\/2023\\\/05\\\/b21fb8ae-2f99-496c-87de-4ce1a59198621.jpg\",\"articleSection\":[\"Provinciales\"],\"inLanguage\":\"es\",\"potentialAction\":[{\"@type\":\"CommentAction\",\"name\":\"Comment\",\"target\":[\"https:\\\/\\\/cvinoticias.com\\\/v3\\\/mas-de-100-pilotos-corrieron-la-fecha-2-del-misionero-de-karting-en-posadas\\\/#respond\"]}]},{\"@type\":\"WebPage\",\"@id\":\"https:\\\/\\\/cvinoticias.com\\\/v3\\\/mas-de-100-pilotos-corrieron-la-fecha-2-del-misionero-de-karting-en-posadas\\\/\",\"url\":\"https:\\\/\\\/cvinoticias.com\\\/v3\\\/mas-de-100-pilotos-corrieron-la-fecha-2-del-misionero-de-karting-en-posadas\\\/\",\"name\":\"M\u00e1s de 100 pilotos corrieron la fecha 2 del Misionero de Karting en Posadas | CVI NOTICIAS\",\"isPartOf\":{\"@id\":\"https:\\\/\\\/cvinoticias.com\\\/v3\\\/#website\"},\"primaryImageOfPage\":{\"@id\":\"https:\\\/\\\/cvinoticias.com\\\/v3\\\/mas-de-100-pilotos-corrieron-la-fecha-2-del-misionero-de-karting-en-posadas\\\/#primaryimage\"},\"image\":{\"@id\":\"https:\\\/\\\/cvinoticias.com\\\/v3\\\/mas-de-100-pilotos-corrieron-la-fecha-2-del-misionero-de-karting-en-posadas\\\/#primaryimage\"},\"thumbnailUrl\":\"https:\\\/\\\/cvinoticias.com\\\/wp-content\\\/uploads\\\/2023\\\/05\\\/b21fb8ae-2f99-496c-87de-4ce1a59198621.jpg\",\"datePublished\":\"2023-05-22T19:56:58+00:00\",\"breadcrumb\":{\"@id\":\"https:\\\/\\\/cvinoticias.com\\\/v3\\\/mas-de-100-pilotos-corrieron-la-fecha-2-del-misionero-de-karting-en-posadas\\\/#breadcrumb\"},\"inLanguage\":\"es\",\"potentialAction\":[{\"@type\":\"ReadAction\",\"target\":[\"https:\\\/\\\/cvinoticias.com\\\/v3\\\/mas-de-100-pilotos-corrieron-la-fecha-2-del-misionero-de-karting-en-posadas\\\/\"]}]},{\"@type\":\"ImageObject\",\"inLanguage\":\"es\",\"@id\":\"https:\\\/\\\/cvinoticias.com\\\/v3\\\/mas-de-100-pilotos-corrieron-la-fecha-2-del-misionero-de-karting-en-posadas\\\/#primaryimage\",\"url\":\"https:\\\/\\\/cvinoticias.com\\\/wp-content\\\/uploads\\\/2023\\\/05\\\/b21fb8ae-2f99-496c-87de-4ce1a59198621.jpg\",\"contentUrl\":\"https:\\\/\\\/cvinoticias.com\\\/wp-content\\\/uploads\\\/2023\\\/05\\\/b21fb8ae-2f99-496c-87de-4ce1a59198621.jpg\",\"width\":1599,\"height\":1066},{\"@type\":\"BreadcrumbList\",\"@id\":\"https:\\\/\\\/cvinoticias.com\\\/v3\\\/mas-de-100-pilotos-corrieron-la-fecha-2-del-misionero-de-karting-en-posadas\\\/#breadcrumb\",\"itemListElement\":[{\"@type\":\"ListItem\",\"position\":1,\"name\":\"Portada\",\"item\":\"https:\\\/\\\/cvinoticias.com\\\/v3\\\/\"},{\"@type\":\"ListItem\",\"position\":2,\"name\":\"M\u00e1s de 100 pilotos corrieron la fecha 2 del Misionero de Karting en Posadas\"}]},{\"@type\":\"WebSite\",\"@id\":\"https:\\\/\\\/cvinoticias.com\\\/v3\\\/#website\",\"url\":\"https:\\\/\\\/cvinoticias.com\\\/v3\\\/\",\"name\":\"CVI NOTICIAS\",\"description\":\"\",\"publisher\":{\"@id\":\"https:\\\/\\\/cvinoticias.com\\\/v3\\\/#organization\"},\"alternateName\":\"CVI\",\"potentialAction\":[{\"@type\":\"SearchAction\",\"target\":{\"@type\":\"EntryPoint\",\"urlTemplate\":\"https:\\\/\\\/cvinoticias.com\\\/v3\\\/?s={search_term_string}\"},\"query-input\":{\"@type\":\"PropertyValueSpecification\",\"valueRequired\":true,\"valueName\":\"search_term_string\"}}],\"inLanguage\":\"es\"},{\"@type\":\"Organization\",\"@id\":\"https:\\\/\\\/cvinoticias.com\\\/v3\\\/#organization\",\"name\":\"CVI NOTICIAS\",\"url\":\"https:\\\/\\\/cvinoticias.com\\\/v3\\\/\",\"logo\":{\"@type\":\"ImageObject\",\"inLanguage\":\"es\",\"@id\":\"https:\\\/\\\/cvinoticias.com\\\/v3\\\/#\\\/schema\\\/logo\\\/image\\\/\",\"url\":\"https:\\\/\\\/cvinoticias.com\\\/wp-content\\\/uploads\\\/2023\\\/04\\\/cropped-cropped-cropped-cropped-cropped-3-1.png\",\"contentUrl\":\"https:\\\/\\\/cvinoticias.com\\\/wp-content\\\/uploads\\\/2023\\\/04\\\/cropped-cropped-cropped-cropped-cropped-3-1.png\",\"width\":95,\"height\":122,\"caption\":\"CVI NOTICIAS\"},\"image\":{\"@id\":\"https:\\\/\\\/cvinoticias.com\\\/v3\\\/#\\\/schema\\\/logo\\\/image\\\/\"},\"sameAs\":[\"https:\\\/\\\/www.facebook.com\\\/cvinoticias\",\"https:\\\/\\\/www.instagram.com\\\/cvinoticias\\\/\",\"https:\\\/\\\/www.youtube.com\\\/@CVINOTICIAS\"]},{\"@type\":\"Person\",\"@id\":\"https:\\\/\\\/cvinoticias.com\\\/v3\\\/#\\\/schema\\\/person\\\/2db77e3c6bc03c538495d7b2b8be9b66\",\"name\":\"f1000024\",\"image\":{\"@type\":\"ImageObject\",\"inLanguage\":\"es\",\"@id\":\"https:\\\/\\\/secure.gravatar.com\\\/avatar\\\/d4fe7459cfc51ff5129ce1a732bbef5928568b8092d412ef95611616376bbeed?s=96&d=mm&r=g\",\"url\":\"https:\\\/\\\/secure.gravatar.com\\\/avatar\\\/d4fe7459cfc51ff5129ce1a732bbef5928568b8092d412ef95611616376bbeed?s=96&d=mm&r=g\",\"contentUrl\":\"https:\\\/\\\/secure.gravatar.com\\\/avatar\\\/d4fe7459cfc51ff5129ce1a732bbef5928568b8092d412ef95611616376bbeed?s=96&d=mm&r=g\",\"caption\":\"f1000024\"},\"url\":\"https:\\\/\\\/cvinoticias.com\\\/v3\\\/author\\\/f1000024\\\/\"}]}<\/script>\n<!-- \/ Yoast SEO plugin. -->","yoast_head_json":{"title":"M\u00e1s de 100 pilotos corrieron la fecha 2 del Misionero de Karting en Posadas | CVI NOTICIAS","robots":{"index":"index","follow":"follow","max-snippet":"max-snippet:-1","max-image-preview":"max-image-preview:large","max-video-preview":"max-video-preview:-1"},"canonical":"https:\/\/cvinoticias.com\/v3\/mas-de-100-pilotos-corrieron-la-fecha-2-del-misionero-de-karting-en-posadas\/","og_locale":"es_ES","og_type":"article","og_title":"M\u00e1s de 100 pilotos corrieron la fecha 2 del Misionero de Karting en Posadas | CVI NOTICIAS","og_description":"El Campeonato Misionero de Karting que fiscaliza la FeMAD disput\u00f3 la segunda fecha de la temporada oficial 2023 en el kart\u00f3dromo de Posadas, con la presencia de 125 pilotos presentes A pesar de la lluvia que fue constante durante casi toda la jornada, los protagonistas brindaron un gran espect\u00e1culo y demostraron el nivel de pilotos [&hellip;]","og_url":"https:\/\/cvinoticias.com\/v3\/mas-de-100-pilotos-corrieron-la-fecha-2-del-misionero-de-karting-en-posadas\/","og_site_name":"CVI NOTICIAS","article_publisher":"https:\/\/www.facebook.com\/cvinoticias","article_published_time":"2023-05-22T19:56:58+00:00","og_image":[{"width":1599,"height":1066,"url":"https:\/\/cvinoticias.com\/wp-content\/uploads\/2023\/05\/b21fb8ae-2f99-496c-87de-4ce1a59198621.jpg","type":"image\/jpeg"}],"author":"f1000024","twitter_card":"summary_large_image","twitter_misc":{"Escrito por":"f1000024","Tiempo de lectura":"5 minutos"},"schema":{"@context":"https:\/\/schema.org","@graph":[{"@type":"Article","@id":"https:\/\/cvinoticias.com\/v3\/mas-de-100-pilotos-corrieron-la-fecha-2-del-misionero-de-karting-en-posadas\/#article","isPartOf":{"@id":"https:\/\/cvinoticias.com\/v3\/mas-de-100-pilotos-corrieron-la-fecha-2-del-misionero-de-karting-en-posadas\/"},"author":{"name":"f1000024","@id":"https:\/\/cvinoticias.com\/v3\/#\/schema\/person\/2db77e3c6bc03c538495d7b2b8be9b66"},"headline":"M\u00e1s de 100 pilotos corrieron la fecha 2 del Misionero de Karting en Posadas","datePublished":"2023-05-22T19:56:58+00:00","mainEntityOfPage":{"@id":"https:\/\/cvinoticias.com\/v3\/mas-de-100-pilotos-corrieron-la-fecha-2-del-misionero-de-karting-en-posadas\/"},"wordCount":988,"commentCount":0,"publisher":{"@id":"https:\/\/cvinoticias.com\/v3\/#organization"},"image":{"@id":"https:\/\/cvinoticias.com\/v3\/mas-de-100-pilotos-corrieron-la-fecha-2-del-misionero-de-karting-en-posadas\/#primaryimage"},"thumbnailUrl":"https:\/\/cvinoticias.com\/wp-content\/uploads\/2023\/05\/b21fb8ae-2f99-496c-87de-4ce1a59198621.jpg","articleSection":["Provinciales"],"inLanguage":"es","potentialAction":[{"@type":"CommentAction","name":"Comment","target":["https:\/\/cvinoticias.com\/v3\/mas-de-100-pilotos-corrieron-la-fecha-2-del-misionero-de-karting-en-posadas\/#respond"]}]},{"@type":"WebPage","@id":"https:\/\/cvinoticias.com\/v3\/mas-de-100-pilotos-corrieron-la-fecha-2-del-misionero-de-karting-en-posadas\/","url":"https:\/\/cvinoticias.com\/v3\/mas-de-100-pilotos-corrieron-la-fecha-2-del-misionero-de-karting-en-posadas\/","name":"M\u00e1s de 100 pilotos corrieron la fecha 2 del Misionero de Karting en Posadas | CVI NOTICIAS","isPartOf":{"@id":"https:\/\/cvinoticias.com\/v3\/#website"},"primaryImageOfPage":{"@id":"https:\/\/cvinoticias.com\/v3\/mas-de-100-pilotos-corrieron-la-fecha-2-del-misionero-de-karting-en-posadas\/#primaryimage"},"image":{"@id":"https:\/\/cvinoticias.com\/v3\/mas-de-100-pilotos-corrieron-la-fecha-2-del-misionero-de-karting-en-posadas\/#primaryimage"},"thumbnailUrl":"https:\/\/cvinoticias.com\/wp-content\/uploads\/2023\/05\/b21fb8ae-2f99-496c-87de-4ce1a59198621.jpg","datePublished":"2023-05-22T19:56:58+00:00","breadcrumb":{"@id":"https:\/\/cvinoticias.com\/v3\/mas-de-100-pilotos-corrieron-la-fecha-2-del-misionero-de-karting-en-posadas\/#breadcrumb"},"inLanguage":"es","potentialAction":[{"@type":"ReadAction","target":["https:\/\/cvinoticias.com\/v3\/mas-de-100-pilotos-corrieron-la-fecha-2-del-misionero-de-karting-en-posadas\/"]}]},{"@type":"ImageObject","inLanguage":"es","@id":"https:\/\/cvinoticias.com\/v3\/mas-de-100-pilotos-corrieron-la-fecha-2-del-misionero-de-karting-en-posadas\/#primaryimage","url":"https:\/\/cvinoticias.com\/wp-content\/uploads\/2023\/05\/b21fb8ae-2f99-496c-87de-4ce1a59198621.jpg","contentUrl":"https:\/\/cvinoticias.com\/wp-content\/uploads\/2023\/05\/b21fb8ae-2f99-496c-87de-4ce1a59198621.jpg","width":1599,"height":1066},{"@type":"BreadcrumbList","@id":"https:\/\/cvinoticias.com\/v3\/mas-de-100-pilotos-corrieron-la-fecha-2-del-misionero-de-karting-en-posadas\/#breadcrumb","itemListElement":[{"@type":"ListItem","position":1,"name":"Portada","item":"https:\/\/cvinoticias.com\/v3\/"},{"@type":"ListItem","position":2,"name":"M\u00e1s de 100 pilotos corrieron la fecha 2 del Misionero de Karting en Posadas"}]},{"@type":"WebSite","@id":"https:\/\/cvinoticias.com\/v3\/#website","url":"https:\/\/cvinoticias.com\/v3\/","name":"CVI NOTICIAS","description":"","publisher":{"@id":"https:\/\/cvinoticias.com\/v3\/#organization"},"alternateName":"CVI","potentialAction":[{"@type":"SearchAction","target":{"@type":"EntryPoint","urlTemplate":"https:\/\/cvinoticias.com\/v3\/?s={search_term_string}"},"query-input":{"@type":"PropertyValueSpecification","valueRequired":true,"valueName":"search_term_string"}}],"inLanguage":"es"},{"@type":"Organization","@id":"https:\/\/cvinoticias.com\/v3\/#organization","name":"CVI NOTICIAS","url":"https:\/\/cvinoticias.com\/v3\/","logo":{"@type":"ImageObject","inLanguage":"es","@id":"https:\/\/cvinoticias.com\/v3\/#\/schema\/logo\/image\/","url":"https:\/\/cvinoticias.com\/wp-content\/uploads\/2023\/04\/cropped-cropped-cropped-cropped-cropped-3-1.png","contentUrl":"https:\/\/cvinoticias.com\/wp-content\/uploads\/2023\/04\/cropped-cropped-cropped-cropped-cropped-3-1.png","width":95,"height":122,"caption":"CVI NOTICIAS"},"image":{"@id":"https:\/\/cvinoticias.com\/v3\/#\/schema\/logo\/image\/"},"sameAs":["https:\/\/www.facebook.com\/cvinoticias","https:\/\/www.instagram.com\/cvinoticias\/","https:\/\/www.youtube.com\/@CVINOTICIAS"]},{"@type":"Person","@id":"https:\/\/cvinoticias.com\/v3\/#\/schema\/person\/2db77e3c6bc03c538495d7b2b8be9b66","name":"f1000024","image":{"@type":"ImageObject","inLanguage":"es","@id":"https:\/\/secure.gravatar.com\/avatar\/d4fe7459cfc51ff5129ce1a732bbef5928568b8092d412ef95611616376bbeed?s=96&d=mm&r=g","url":"https:\/\/secure.gravatar.com\/avatar\/d4fe7459cfc51ff5129ce1a732bbef5928568b8092d412ef95611616376bbeed?s=96&d=mm&r=g","contentUrl":"https:\/\/secure.gravatar.com\/avatar\/d4fe7459cfc51ff5129ce1a732bbef5928568b8092d412ef95611616376bbeed?s=96&d=mm&r=g","caption":"f1000024"},"url":"https:\/\/cvinoticias.com\/v3\/author\/f1000024\/"}]}},"_links":{"self":[{"href":"https:\/\/cvinoticias.com\/v3\/wp-json\/wp\/v2\/posts\/24967","targetHints":{"allow":["GET"]}}],"collection":[{"href":"https:\/\/cvinoticias.com\/v3\/wp-json\/wp\/v2\/posts"}],"about":[{"href":"https:\/\/cvinoticias.com\/v3\/wp-json\/wp\/v2\/types\/post"}],"author":[{"embeddable":true,"href":"https:\/\/cvinoticias.com\/v3\/wp-json\/wp\/v2\/users\/2"}],"replies":[{"embeddable":true,"href":"https:\/\/cvinoticias.com\/v3\/wp-json\/wp\/v2\/comments?post=24967"}],"version-history":[{"count":1,"href":"https:\/\/cvinoticias.com\/v3\/wp-json\/wp\/v2\/posts\/24967\/revisions"}],"predecessor-version":[{"id":24969,"href":"https:\/\/cvinoticias.com\/v3\/wp-json\/wp\/v2\/posts\/24967\/revisions\/24969"}],"wp:featuredmedia":[{"embeddable":true,"href":"https:\/\/cvinoticias.com\/v3\/wp-json\/wp\/v2\/media\/24968"}],"wp:attachment":[{"href":"https:\/\/cvinoticias.com\/v3\/wp-json\/wp\/v2\/media?parent=24967"}],"wp:term":[{"taxonomy":"category","embeddable":true,"href":"https:\/\/cvinoticias.com\/v3\/wp-json\/wp\/v2\/categories?post=24967"},{"taxonomy":"post_tag","embeddable":true,"href":"https:\/\/cvinoticias.com\/v3\/wp-json\/wp\/v2\/tags?post=24967"}],"curies":[{"name":"wp","href":"https:\/\/api.w.org\/{rel}","templated":true}]}}