{"id":24957,"date":"2023-05-22T11:41:02","date_gmt":"2023-05-22T11:41:02","guid":{"rendered":"https:\/\/cvinoticias.com\/v3\/?p=24957"},"modified":"2023-05-22T11:41:02","modified_gmt":"2023-05-22T11:41:02","slug":"la-unesco-quiere-que-la-educacion-ambiental-sea-un-componente-clave-de-los-planes-de-estudio","status":"publish","type":"post","link":"https:\/\/cvinoticias.com\/v3\/la-unesco-quiere-que-la-educacion-ambiental-sea-un-componente-clave-de-los-planes-de-estudio\/","title":{"rendered":"La UNESCO quiere que la educaci\u00f3n ambiental sea un componente clave de los planes de estudio"},"content":{"rendered":"\n<p><strong><em>Autoridades y especialistas en educaci\u00f3n y medio ambiente se comprometieron a tomar medidas concretas para transformar el sistema de aprendizaje en pro de la supervivencia del planeta.<\/em><\/strong><\/p>\n\n\n\n<p>M\u00e1s de 80 ministros y viceministros, y 2.000 especialistas en educaci\u00f3n y medio ambiente se comprometieron a tomar medidas concretas para transformar el sistema de aprendizaje en planes de estudios en pro de la supervivencia de nuestro planeta, adoptando la Declaraci\u00f3n de Berl\u00edn sobre la Educaci\u00f3n para el Desarrollo Sostenible (EDS) al final de la Conferencia Mundial virtual que se llev\u00f3 a cabo durante tres d\u00edas (17 al 19 de mayo) en Berl\u00edn.<\/p>\n\n\n\n<p>La Conferencia, seguida en l\u00ednea por m\u00e1s de 10.000 personas, fue organizada por la UNESCO en cooperaci\u00f3n con el Ministerio Federal de Educaci\u00f3n e Investigaci\u00f3n de Alemania y con el apoyo generoso de la Comisi\u00f3n Alemana para la UNESCO como socio asesor.<\/p>\n\n\n\n<p>La UNESCO pidi\u00f3 que la educaci\u00f3n para el desarrollo sostenible sea un componente central de los sistemas educativos en todos los niveles para 2025.<\/p>\n\n\n\n<p>La educaci\u00f3n puede ser una poderosa palanca para transformar nuestra relaci\u00f3n con la naturaleza. Debemos invertir en este campo para preservar el planeta. Audrey Azoulay, Directora General de la UNESCO<\/p>\n\n\n\n<p><em><strong>Informe Unesco de Educaci\u00f3n Ambiental en planes de estudios<\/strong><\/em><\/p>\n\n\n\n<p>El lanzamiento por parte de la UNESCO de una nueva publicaci\u00f3n en la que se analizan los planes de educaci\u00f3n y los marcos curriculares de unos 50 pa\u00edses ha avivado el debate. La Organizaci\u00f3n se\u00f1ala que m\u00e1s de la mitad de ellos no hacen referencia al cambio clim\u00e1tico, mientras que s\u00f3lo el 19% se ocupa de la biodiversidad.<\/p>\n\n\n\n<p>La Declaraci\u00f3n de Berl\u00edn menciona una serie de pol\u00edticas destinadas a transformar la educaci\u00f3n en un sentido amplio, abarcando la ense\u00f1anza, el aprendizaje, la formaci\u00f3n profesional y el compromiso c\u00edvico. Tambi\u00e9n destaca la necesidad de aplicar la Educaci\u00f3n para el Desarrollo Sostenible centr\u00e1ndose en las habilidades cognitivas, el aprendizaje social y emocional, la colaboraci\u00f3n, la capacidad de resolver problemas y el fomento de la resiliencia, entre otros.<\/p>\n\n\n\n<p>La educaci\u00f3n para el desarrollo sostenible no debe ser un privilegio, sino accesible a todos. El \u00e9xito del programa de Educaci\u00f3n para el Desarrollo Sostenible 2030 nos acercar\u00e1 a todos los Objetivos de Desarrollo Sostenible. Angela Merkel, canciller alemana<\/p>\n\n\n\n<p><em>Educaci\u00f3n para el Desarrollo Sostenible 2030 en planes de estudios<\/em><\/p>\n\n\n\n<p>\u00abLa educaci\u00f3n para el desarrollo sostenible no debe ser un privilegio, sino accesible a todos. El \u00e9xito del programa de Educaci\u00f3n para el Desarrollo Sostenible 2030 nos acercar\u00e1 a todos los Objetivos de Desarrollo Sostenible\u00bb, dijo la canciller alemana Angela Merkel en su discurso de bienvenida. Se refiri\u00f3 a la amplia red de socios alemanes que trabajan por la sostenibilidad en todos los niveles de la educaci\u00f3n y la formaci\u00f3n.<\/p>\n\n\n\n<p>Durante la conferencia, los pa\u00edses compartieron sus planes de Educaci\u00f3n para el Desarrollo Sostenible. Anja Karliczek, Ministra Federal de Educaci\u00f3n e Investigaci\u00f3n de Alemania, comparti\u00f3 los compromisos de 18 pa\u00edses de la Uni\u00f3n Europea para implementar el marco de la Educaci\u00f3n para el Desarrollo Sostenible 2030, destacando que es una fuerza motriz para lograr todos los Objetivos de Desarrollo Sostenible (ODS).<\/p>\n\n\n\n<p>Debemos centrarnos no s\u00f3lo en ampliar el acceso y mejorar los resultados del aprendizaje, sino tambi\u00e9n en el tipo de educaci\u00f3n que necesita nuestro mundo. La Educaci\u00f3n para el Desarrollo Sostenible estar\u00e1 en el centro de la reinvenci\u00f3n de la educaci\u00f3n. Amina Mohammed, Secretaria General Adjunta de la ONU.<\/p>\n\n\n\n<p><strong>\u00abLa lucha contra el cambio clim\u00e1tico empieza en la escuela\u201d<\/strong><\/p>\n\n\n\n<p>Para Laurent Fabius, quien presidi\u00f3 la COP21 que dio lugar al Acuerdo Clim\u00e1tico de Par\u00eds, \u00abla lucha contra el cambio clim\u00e1tico empieza en la escuela.\u201d Record\u00f3 los compromisos de este acuerdo en materia de educaci\u00f3n y pidi\u00f3 que se redoblen los esfuerzos para mejorar la formaci\u00f3n del profesorado en materia de Educaci\u00f3n para el Desarrollo Sostenible, al tiempo que se incrementa la financiaci\u00f3n: \u00ab2021 es el a\u00f1o en que superaremos la pandemia y nos embarcaremos en un modelo de desarrollo sostenible para el futuro que debe incluir la EDS. Si perdemos esta oportunidad, perderemos d\u00e9cadas. Es una carrera contra el tiempo.\u201d<\/p>\n\n\n\n<p>A lo largo de la conferencia, las voces de los j\u00f3venes (que hicieron el llamamiento al cambio para poder #AprenderPorElPlaneta) ocuparon un lugar destacado.<\/p>\n\n\n\n<p>Construir un nuevo estilo de vida no es f\u00e1cil, pero poco a poco y juntos estoy seguro de que podemos hacerlo. La educaci\u00f3n debe darnos las herramientas para hacerlo. Aprender no s\u00f3lo sobre nuestro planeta, sino tambi\u00e9n para nuestro planeta, deber\u00eda formar parte de la educaci\u00f3n de todos los j\u00f3venes, en cualquier parte del mundo. Rajwa Pandhita, , una estudiante de Indonesia<\/p>\n\n\n\n<p>La adopci\u00f3n de la Declaraci\u00f3n de Berl\u00edn dar\u00e1 un impulso a la aplicaci\u00f3n de la Hoja de Ruta de la EDS para 2030, el marco de esta d\u00e9cada de la Educaci\u00f3n para el Desarrollo Sostenible. Se pedir\u00e1 a cada Estado miembro de la UNESCO que cree una red de actores que juntos puedan poner en pr\u00e1ctica esta ambiciosa visi\u00f3n de la educaci\u00f3n.<\/p>\n\n\n\n<p>Despu\u00e9s de Berl\u00edn, el a\u00f1o 2021 deber\u00eda ofrecer a los Estados otras oportunidades para concretar este compromiso, especialmente en dos conferencias de la ONU, la COP15 sobre biodiversidad en Kunming (China) y la COP26 sobre cambio clim\u00e1tico en Glasgow (Reino Unido).<\/p>\n","protected":false},"excerpt":{"rendered":"<p>Autoridades y especialistas en educaci\u00f3n y medio ambiente se comprometieron a tomar medidas concretas para transformar el sistema de aprendizaje en pro de la supervivencia del planeta. M\u00e1s de 80 ministros y viceministros, y 2.000 especialistas en educaci\u00f3n y medio ambiente se comprometieron a tomar medidas concretas para transformar el sistema de aprendizaje en planes [&hellip;]<\/p>\n","protected":false},"author":2,"featured_media":24958,"comment_status":"open","ping_status":"open","sticky":false,"template":"","format":"standard","meta":{"footnotes":""},"categories":[35],"tags":[],"class_list":["post-24957","post","type-post","status-publish","format-standard","has-post-thumbnail","hentry","category-informacion-general"],"yoast_head":"<!-- This site is optimized with the Yoast SEO plugin v27.5 - https:\/\/yoast.com\/product\/yoast-seo-wordpress\/ -->\n<title>La UNESCO quiere que la educaci\u00f3n ambiental sea un componente clave de los planes de estudio | CVI NOTICIAS<\/title>\n<meta name=\"robots\" content=\"index, follow, max-snippet:-1, max-image-preview:large, max-video-preview:-1\" \/>\n<link rel=\"canonical\" href=\"https:\/\/cvinoticias.com\/v3\/la-unesco-quiere-que-la-educacion-ambiental-sea-un-componente-clave-de-los-planes-de-estudio\/\" \/>\n<meta property=\"og:locale\" content=\"es_ES\" \/>\n<meta property=\"og:type\" content=\"article\" \/>\n<meta property=\"og:title\" content=\"La UNESCO quiere que la educaci\u00f3n ambiental sea un componente clave de los planes de estudio | CVI NOTICIAS\" \/>\n<meta property=\"og:description\" content=\"Autoridades y especialistas en educaci\u00f3n y medio ambiente se comprometieron a tomar medidas concretas para transformar el sistema de aprendizaje en pro de la supervivencia del planeta. M\u00e1s de 80 ministros y viceministros, y 2.000 especialistas en educaci\u00f3n y medio ambiente se comprometieron a tomar medidas concretas para transformar el sistema de aprendizaje en planes [&hellip;]\" \/>\n<meta property=\"og:url\" content=\"https:\/\/cvinoticias.com\/v3\/la-unesco-quiere-que-la-educacion-ambiental-sea-un-componente-clave-de-los-planes-de-estudio\/\" \/>\n<meta property=\"og:site_name\" content=\"CVI NOTICIAS\" \/>\n<meta property=\"article:publisher\" content=\"https:\/\/www.facebook.com\/cvinoticias\" \/>\n<meta property=\"article:published_time\" content=\"2023-05-22T11:41:02+00:00\" \/>\n<meta property=\"og:image\" content=\"https:\/\/cvinoticias.com\/wp-content\/uploads\/2023\/05\/2021-05-21-10-55-40-775-60a791acfac91f05582a8697.jpg\" \/>\n\t<meta property=\"og:image:width\" content=\"942\" \/>\n\t<meta property=\"og:image:height\" content=\"630\" \/>\n\t<meta property=\"og:image:type\" content=\"image\/jpeg\" \/>\n<meta name=\"author\" content=\"f1000024\" \/>\n<meta name=\"twitter:card\" content=\"summary_large_image\" \/>\n<meta name=\"twitter:label1\" content=\"Escrito por\" \/>\n\t<meta name=\"twitter:data1\" content=\"f1000024\" \/>\n\t<meta name=\"twitter:label2\" content=\"Tiempo de lectura\" \/>\n\t<meta name=\"twitter:data2\" content=\"5 minutos\" \/>\n<script type=\"application\/ld+json\" class=\"yoast-schema-graph\">{\"@context\":\"https:\\\/\\\/schema.org\",\"@graph\":[{\"@type\":\"Article\",\"@id\":\"https:\\\/\\\/cvinoticias.com\\\/v3\\\/la-unesco-quiere-que-la-educacion-ambiental-sea-un-componente-clave-de-los-planes-de-estudio\\\/#article\",\"isPartOf\":{\"@id\":\"https:\\\/\\\/cvinoticias.com\\\/v3\\\/la-unesco-quiere-que-la-educacion-ambiental-sea-un-componente-clave-de-los-planes-de-estudio\\\/\"},\"author\":{\"name\":\"f1000024\",\"@id\":\"https:\\\/\\\/cvinoticias.com\\\/v3\\\/#\\\/schema\\\/person\\\/2db77e3c6bc03c538495d7b2b8be9b66\"},\"headline\":\"La UNESCO quiere que la educaci\u00f3n ambiental sea un componente clave de los planes de estudio\",\"datePublished\":\"2023-05-22T11:41:02+00:00\",\"mainEntityOfPage\":{\"@id\":\"https:\\\/\\\/cvinoticias.com\\\/v3\\\/la-unesco-quiere-que-la-educacion-ambiental-sea-un-componente-clave-de-los-planes-de-estudio\\\/\"},\"wordCount\":948,\"commentCount\":0,\"publisher\":{\"@id\":\"https:\\\/\\\/cvinoticias.com\\\/v3\\\/#organization\"},\"image\":{\"@id\":\"https:\\\/\\\/cvinoticias.com\\\/v3\\\/la-unesco-quiere-que-la-educacion-ambiental-sea-un-componente-clave-de-los-planes-de-estudio\\\/#primaryimage\"},\"thumbnailUrl\":\"https:\\\/\\\/cvinoticias.com\\\/wp-content\\\/uploads\\\/2023\\\/05\\\/2021-05-21-10-55-40-775-60a791acfac91f05582a8697.jpg\",\"articleSection\":[\"Informaci\u00f3n General\"],\"inLanguage\":\"es\",\"potentialAction\":[{\"@type\":\"CommentAction\",\"name\":\"Comment\",\"target\":[\"https:\\\/\\\/cvinoticias.com\\\/v3\\\/la-unesco-quiere-que-la-educacion-ambiental-sea-un-componente-clave-de-los-planes-de-estudio\\\/#respond\"]}]},{\"@type\":\"WebPage\",\"@id\":\"https:\\\/\\\/cvinoticias.com\\\/v3\\\/la-unesco-quiere-que-la-educacion-ambiental-sea-un-componente-clave-de-los-planes-de-estudio\\\/\",\"url\":\"https:\\\/\\\/cvinoticias.com\\\/v3\\\/la-unesco-quiere-que-la-educacion-ambiental-sea-un-componente-clave-de-los-planes-de-estudio\\\/\",\"name\":\"La UNESCO quiere que la educaci\u00f3n ambiental sea un componente clave de los planes de estudio | CVI NOTICIAS\",\"isPartOf\":{\"@id\":\"https:\\\/\\\/cvinoticias.com\\\/v3\\\/#website\"},\"primaryImageOfPage\":{\"@id\":\"https:\\\/\\\/cvinoticias.com\\\/v3\\\/la-unesco-quiere-que-la-educacion-ambiental-sea-un-componente-clave-de-los-planes-de-estudio\\\/#primaryimage\"},\"image\":{\"@id\":\"https:\\\/\\\/cvinoticias.com\\\/v3\\\/la-unesco-quiere-que-la-educacion-ambiental-sea-un-componente-clave-de-los-planes-de-estudio\\\/#primaryimage\"},\"thumbnailUrl\":\"https:\\\/\\\/cvinoticias.com\\\/wp-content\\\/uploads\\\/2023\\\/05\\\/2021-05-21-10-55-40-775-60a791acfac91f05582a8697.jpg\",\"datePublished\":\"2023-05-22T11:41:02+00:00\",\"breadcrumb\":{\"@id\":\"https:\\\/\\\/cvinoticias.com\\\/v3\\\/la-unesco-quiere-que-la-educacion-ambiental-sea-un-componente-clave-de-los-planes-de-estudio\\\/#breadcrumb\"},\"inLanguage\":\"es\",\"potentialAction\":[{\"@type\":\"ReadAction\",\"target\":[\"https:\\\/\\\/cvinoticias.com\\\/v3\\\/la-unesco-quiere-que-la-educacion-ambiental-sea-un-componente-clave-de-los-planes-de-estudio\\\/\"]}]},{\"@type\":\"ImageObject\",\"inLanguage\":\"es\",\"@id\":\"https:\\\/\\\/cvinoticias.com\\\/v3\\\/la-unesco-quiere-que-la-educacion-ambiental-sea-un-componente-clave-de-los-planes-de-estudio\\\/#primaryimage\",\"url\":\"https:\\\/\\\/cvinoticias.com\\\/wp-content\\\/uploads\\\/2023\\\/05\\\/2021-05-21-10-55-40-775-60a791acfac91f05582a8697.jpg\",\"contentUrl\":\"https:\\\/\\\/cvinoticias.com\\\/wp-content\\\/uploads\\\/2023\\\/05\\\/2021-05-21-10-55-40-775-60a791acfac91f05582a8697.jpg\",\"width\":942,\"height\":630},{\"@type\":\"BreadcrumbList\",\"@id\":\"https:\\\/\\\/cvinoticias.com\\\/v3\\\/la-unesco-quiere-que-la-educacion-ambiental-sea-un-componente-clave-de-los-planes-de-estudio\\\/#breadcrumb\",\"itemListElement\":[{\"@type\":\"ListItem\",\"position\":1,\"name\":\"Portada\",\"item\":\"https:\\\/\\\/cvinoticias.com\\\/v3\\\/\"},{\"@type\":\"ListItem\",\"position\":2,\"name\":\"La UNESCO quiere que la educaci\u00f3n ambiental sea un componente clave de los planes de estudio\"}]},{\"@type\":\"WebSite\",\"@id\":\"https:\\\/\\\/cvinoticias.com\\\/v3\\\/#website\",\"url\":\"https:\\\/\\\/cvinoticias.com\\\/v3\\\/\",\"name\":\"CVI NOTICIAS\",\"description\":\"\",\"publisher\":{\"@id\":\"https:\\\/\\\/cvinoticias.com\\\/v3\\\/#organization\"},\"alternateName\":\"CVI\",\"potentialAction\":[{\"@type\":\"SearchAction\",\"target\":{\"@type\":\"EntryPoint\",\"urlTemplate\":\"https:\\\/\\\/cvinoticias.com\\\/v3\\\/?s={search_term_string}\"},\"query-input\":{\"@type\":\"PropertyValueSpecification\",\"valueRequired\":true,\"valueName\":\"search_term_string\"}}],\"inLanguage\":\"es\"},{\"@type\":\"Organization\",\"@id\":\"https:\\\/\\\/cvinoticias.com\\\/v3\\\/#organization\",\"name\":\"CVI NOTICIAS\",\"url\":\"https:\\\/\\\/cvinoticias.com\\\/v3\\\/\",\"logo\":{\"@type\":\"ImageObject\",\"inLanguage\":\"es\",\"@id\":\"https:\\\/\\\/cvinoticias.com\\\/v3\\\/#\\\/schema\\\/logo\\\/image\\\/\",\"url\":\"https:\\\/\\\/cvinoticias.com\\\/wp-content\\\/uploads\\\/2023\\\/04\\\/cropped-cropped-cropped-cropped-cropped-3-1.png\",\"contentUrl\":\"https:\\\/\\\/cvinoticias.com\\\/wp-content\\\/uploads\\\/2023\\\/04\\\/cropped-cropped-cropped-cropped-cropped-3-1.png\",\"width\":95,\"height\":122,\"caption\":\"CVI NOTICIAS\"},\"image\":{\"@id\":\"https:\\\/\\\/cvinoticias.com\\\/v3\\\/#\\\/schema\\\/logo\\\/image\\\/\"},\"sameAs\":[\"https:\\\/\\\/www.facebook.com\\\/cvinoticias\",\"https:\\\/\\\/www.instagram.com\\\/cvinoticias\\\/\",\"https:\\\/\\\/www.youtube.com\\\/@CVINOTICIAS\"]},{\"@type\":\"Person\",\"@id\":\"https:\\\/\\\/cvinoticias.com\\\/v3\\\/#\\\/schema\\\/person\\\/2db77e3c6bc03c538495d7b2b8be9b66\",\"name\":\"f1000024\",\"image\":{\"@type\":\"ImageObject\",\"inLanguage\":\"es\",\"@id\":\"https:\\\/\\\/secure.gravatar.com\\\/avatar\\\/d4fe7459cfc51ff5129ce1a732bbef5928568b8092d412ef95611616376bbeed?s=96&d=mm&r=g\",\"url\":\"https:\\\/\\\/secure.gravatar.com\\\/avatar\\\/d4fe7459cfc51ff5129ce1a732bbef5928568b8092d412ef95611616376bbeed?s=96&d=mm&r=g\",\"contentUrl\":\"https:\\\/\\\/secure.gravatar.com\\\/avatar\\\/d4fe7459cfc51ff5129ce1a732bbef5928568b8092d412ef95611616376bbeed?s=96&d=mm&r=g\",\"caption\":\"f1000024\"},\"url\":\"https:\\\/\\\/cvinoticias.com\\\/v3\\\/author\\\/f1000024\\\/\"}]}<\/script>\n<!-- \/ Yoast SEO plugin. -->","yoast_head_json":{"title":"La UNESCO quiere que la educaci\u00f3n ambiental sea un componente clave de los planes de estudio | CVI NOTICIAS","robots":{"index":"index","follow":"follow","max-snippet":"max-snippet:-1","max-image-preview":"max-image-preview:large","max-video-preview":"max-video-preview:-1"},"canonical":"https:\/\/cvinoticias.com\/v3\/la-unesco-quiere-que-la-educacion-ambiental-sea-un-componente-clave-de-los-planes-de-estudio\/","og_locale":"es_ES","og_type":"article","og_title":"La UNESCO quiere que la educaci\u00f3n ambiental sea un componente clave de los planes de estudio | CVI NOTICIAS","og_description":"Autoridades y especialistas en educaci\u00f3n y medio ambiente se comprometieron a tomar medidas concretas para transformar el sistema de aprendizaje en pro de la supervivencia del planeta. M\u00e1s de 80 ministros y viceministros, y 2.000 especialistas en educaci\u00f3n y medio ambiente se comprometieron a tomar medidas concretas para transformar el sistema de aprendizaje en planes [&hellip;]","og_url":"https:\/\/cvinoticias.com\/v3\/la-unesco-quiere-que-la-educacion-ambiental-sea-un-componente-clave-de-los-planes-de-estudio\/","og_site_name":"CVI NOTICIAS","article_publisher":"https:\/\/www.facebook.com\/cvinoticias","article_published_time":"2023-05-22T11:41:02+00:00","og_image":[{"width":942,"height":630,"url":"https:\/\/cvinoticias.com\/wp-content\/uploads\/2023\/05\/2021-05-21-10-55-40-775-60a791acfac91f05582a8697.jpg","type":"image\/jpeg"}],"author":"f1000024","twitter_card":"summary_large_image","twitter_misc":{"Escrito por":"f1000024","Tiempo de lectura":"5 minutos"},"schema":{"@context":"https:\/\/schema.org","@graph":[{"@type":"Article","@id":"https:\/\/cvinoticias.com\/v3\/la-unesco-quiere-que-la-educacion-ambiental-sea-un-componente-clave-de-los-planes-de-estudio\/#article","isPartOf":{"@id":"https:\/\/cvinoticias.com\/v3\/la-unesco-quiere-que-la-educacion-ambiental-sea-un-componente-clave-de-los-planes-de-estudio\/"},"author":{"name":"f1000024","@id":"https:\/\/cvinoticias.com\/v3\/#\/schema\/person\/2db77e3c6bc03c538495d7b2b8be9b66"},"headline":"La UNESCO quiere que la educaci\u00f3n ambiental sea un componente clave de los planes de estudio","datePublished":"2023-05-22T11:41:02+00:00","mainEntityOfPage":{"@id":"https:\/\/cvinoticias.com\/v3\/la-unesco-quiere-que-la-educacion-ambiental-sea-un-componente-clave-de-los-planes-de-estudio\/"},"wordCount":948,"commentCount":0,"publisher":{"@id":"https:\/\/cvinoticias.com\/v3\/#organization"},"image":{"@id":"https:\/\/cvinoticias.com\/v3\/la-unesco-quiere-que-la-educacion-ambiental-sea-un-componente-clave-de-los-planes-de-estudio\/#primaryimage"},"thumbnailUrl":"https:\/\/cvinoticias.com\/wp-content\/uploads\/2023\/05\/2021-05-21-10-55-40-775-60a791acfac91f05582a8697.jpg","articleSection":["Informaci\u00f3n General"],"inLanguage":"es","potentialAction":[{"@type":"CommentAction","name":"Comment","target":["https:\/\/cvinoticias.com\/v3\/la-unesco-quiere-que-la-educacion-ambiental-sea-un-componente-clave-de-los-planes-de-estudio\/#respond"]}]},{"@type":"WebPage","@id":"https:\/\/cvinoticias.com\/v3\/la-unesco-quiere-que-la-educacion-ambiental-sea-un-componente-clave-de-los-planes-de-estudio\/","url":"https:\/\/cvinoticias.com\/v3\/la-unesco-quiere-que-la-educacion-ambiental-sea-un-componente-clave-de-los-planes-de-estudio\/","name":"La UNESCO quiere que la educaci\u00f3n ambiental sea un componente clave de los planes de estudio | CVI NOTICIAS","isPartOf":{"@id":"https:\/\/cvinoticias.com\/v3\/#website"},"primaryImageOfPage":{"@id":"https:\/\/cvinoticias.com\/v3\/la-unesco-quiere-que-la-educacion-ambiental-sea-un-componente-clave-de-los-planes-de-estudio\/#primaryimage"},"image":{"@id":"https:\/\/cvinoticias.com\/v3\/la-unesco-quiere-que-la-educacion-ambiental-sea-un-componente-clave-de-los-planes-de-estudio\/#primaryimage"},"thumbnailUrl":"https:\/\/cvinoticias.com\/wp-content\/uploads\/2023\/05\/2021-05-21-10-55-40-775-60a791acfac91f05582a8697.jpg","datePublished":"2023-05-22T11:41:02+00:00","breadcrumb":{"@id":"https:\/\/cvinoticias.com\/v3\/la-unesco-quiere-que-la-educacion-ambiental-sea-un-componente-clave-de-los-planes-de-estudio\/#breadcrumb"},"inLanguage":"es","potentialAction":[{"@type":"ReadAction","target":["https:\/\/cvinoticias.com\/v3\/la-unesco-quiere-que-la-educacion-ambiental-sea-un-componente-clave-de-los-planes-de-estudio\/"]}]},{"@type":"ImageObject","inLanguage":"es","@id":"https:\/\/cvinoticias.com\/v3\/la-unesco-quiere-que-la-educacion-ambiental-sea-un-componente-clave-de-los-planes-de-estudio\/#primaryimage","url":"https:\/\/cvinoticias.com\/wp-content\/uploads\/2023\/05\/2021-05-21-10-55-40-775-60a791acfac91f05582a8697.jpg","contentUrl":"https:\/\/cvinoticias.com\/wp-content\/uploads\/2023\/05\/2021-05-21-10-55-40-775-60a791acfac91f05582a8697.jpg","width":942,"height":630},{"@type":"BreadcrumbList","@id":"https:\/\/cvinoticias.com\/v3\/la-unesco-quiere-que-la-educacion-ambiental-sea-un-componente-clave-de-los-planes-de-estudio\/#breadcrumb","itemListElement":[{"@type":"ListItem","position":1,"name":"Portada","item":"https:\/\/cvinoticias.com\/v3\/"},{"@type":"ListItem","position":2,"name":"La UNESCO quiere que la educaci\u00f3n ambiental sea un componente clave de los planes de estudio"}]},{"@type":"WebSite","@id":"https:\/\/cvinoticias.com\/v3\/#website","url":"https:\/\/cvinoticias.com\/v3\/","name":"CVI NOTICIAS","description":"","publisher":{"@id":"https:\/\/cvinoticias.com\/v3\/#organization"},"alternateName":"CVI","potentialAction":[{"@type":"SearchAction","target":{"@type":"EntryPoint","urlTemplate":"https:\/\/cvinoticias.com\/v3\/?s={search_term_string}"},"query-input":{"@type":"PropertyValueSpecification","valueRequired":true,"valueName":"search_term_string"}}],"inLanguage":"es"},{"@type":"Organization","@id":"https:\/\/cvinoticias.com\/v3\/#organization","name":"CVI NOTICIAS","url":"https:\/\/cvinoticias.com\/v3\/","logo":{"@type":"ImageObject","inLanguage":"es","@id":"https:\/\/cvinoticias.com\/v3\/#\/schema\/logo\/image\/","url":"https:\/\/cvinoticias.com\/wp-content\/uploads\/2023\/04\/cropped-cropped-cropped-cropped-cropped-3-1.png","contentUrl":"https:\/\/cvinoticias.com\/wp-content\/uploads\/2023\/04\/cropped-cropped-cropped-cropped-cropped-3-1.png","width":95,"height":122,"caption":"CVI NOTICIAS"},"image":{"@id":"https:\/\/cvinoticias.com\/v3\/#\/schema\/logo\/image\/"},"sameAs":["https:\/\/www.facebook.com\/cvinoticias","https:\/\/www.instagram.com\/cvinoticias\/","https:\/\/www.youtube.com\/@CVINOTICIAS"]},{"@type":"Person","@id":"https:\/\/cvinoticias.com\/v3\/#\/schema\/person\/2db77e3c6bc03c538495d7b2b8be9b66","name":"f1000024","image":{"@type":"ImageObject","inLanguage":"es","@id":"https:\/\/secure.gravatar.com\/avatar\/d4fe7459cfc51ff5129ce1a732bbef5928568b8092d412ef95611616376bbeed?s=96&d=mm&r=g","url":"https:\/\/secure.gravatar.com\/avatar\/d4fe7459cfc51ff5129ce1a732bbef5928568b8092d412ef95611616376bbeed?s=96&d=mm&r=g","contentUrl":"https:\/\/secure.gravatar.com\/avatar\/d4fe7459cfc51ff5129ce1a732bbef5928568b8092d412ef95611616376bbeed?s=96&d=mm&r=g","caption":"f1000024"},"url":"https:\/\/cvinoticias.com\/v3\/author\/f1000024\/"}]}},"_links":{"self":[{"href":"https:\/\/cvinoticias.com\/v3\/wp-json\/wp\/v2\/posts\/24957","targetHints":{"allow":["GET"]}}],"collection":[{"href":"https:\/\/cvinoticias.com\/v3\/wp-json\/wp\/v2\/posts"}],"about":[{"href":"https:\/\/cvinoticias.com\/v3\/wp-json\/wp\/v2\/types\/post"}],"author":[{"embeddable":true,"href":"https:\/\/cvinoticias.com\/v3\/wp-json\/wp\/v2\/users\/2"}],"replies":[{"embeddable":true,"href":"https:\/\/cvinoticias.com\/v3\/wp-json\/wp\/v2\/comments?post=24957"}],"version-history":[{"count":1,"href":"https:\/\/cvinoticias.com\/v3\/wp-json\/wp\/v2\/posts\/24957\/revisions"}],"predecessor-version":[{"id":24959,"href":"https:\/\/cvinoticias.com\/v3\/wp-json\/wp\/v2\/posts\/24957\/revisions\/24959"}],"wp:featuredmedia":[{"embeddable":true,"href":"https:\/\/cvinoticias.com\/v3\/wp-json\/wp\/v2\/media\/24958"}],"wp:attachment":[{"href":"https:\/\/cvinoticias.com\/v3\/wp-json\/wp\/v2\/media?parent=24957"}],"wp:term":[{"taxonomy":"category","embeddable":true,"href":"https:\/\/cvinoticias.com\/v3\/wp-json\/wp\/v2\/categories?post=24957"},{"taxonomy":"post_tag","embeddable":true,"href":"https:\/\/cvinoticias.com\/v3\/wp-json\/wp\/v2\/tags?post=24957"}],"curies":[{"name":"wp","href":"https:\/\/api.w.org\/{rel}","templated":true}]}}