{"id":24952,"date":"2023-05-22T10:49:18","date_gmt":"2023-05-22T10:49:18","guid":{"rendered":"https:\/\/cvinoticias.com\/v3\/?p=24952"},"modified":"2023-05-22T10:49:18","modified_gmt":"2023-05-22T10:49:18","slug":"hallaron-el-cuerpo-de-un-hombre-que-habria-ido-a-cazar-y-desaparecio","status":"publish","type":"post","link":"https:\/\/cvinoticias.com\/v3\/hallaron-el-cuerpo-de-un-hombre-que-habria-ido-a-cazar-y-desaparecio\/","title":{"rendered":"Hallaron el cuerpo de un hombre que habr\u00eda ido a cazar y desapareci\u00f3"},"content":{"rendered":"\n<p><strong><em>Ricardo An\u00edbal Ojeda de 24 a\u00f1os, se hab\u00eda ausentado de su domicilio ubicado en el barrio Belgrano, ex Ruta Nacional 14 de la localidad de San Jos\u00e9, el d\u00eda mi\u00e9rcoles 17 de mayo, fecha en la que habr\u00eda ido a cazar y no regresara hasta el momento, seg\u00fan denunci\u00f3 su padre.<\/em><\/strong><\/p>\n\n\n\n<p>El progenitor alert\u00f3 a la comisar\u00eda, tras dos d\u00edas de su ausencia y de manifestaciones referidas por su nuera, de que Ricardo a\u00fan no hab\u00eda regresado. Desde ese entonces, la Comisar\u00eda Primera de San Jos\u00e9, junto a otras divisiones, iniciaron las b\u00fasquedas para dar con su paradero.<\/p>\n\n\n\n<figure class=\"wp-block-image size-large\"><a href=\"https:\/\/cvinoticias.com\/wp-content\/uploads\/2023\/05\/IMG-20230521-WA0126.jpg\"><img decoding=\"async\" width=\"1024\" height=\"457\" data-src=\"https:\/\/cvinoticias.com\/wp-content\/uploads\/2023\/05\/IMG-20230521-WA0126-1024x457.jpg\" alt=\"\" class=\"wp-image-24955 lazyload\" data-srcset=\"https:\/\/cvinoticias.com\/wp-content\/uploads\/2023\/05\/IMG-20230521-WA0126-1024x457.jpg 1024w, https:\/\/cvinoticias.com\/wp-content\/uploads\/2023\/05\/IMG-20230521-WA0126-300x134.jpg 300w, https:\/\/cvinoticias.com\/wp-content\/uploads\/2023\/05\/IMG-20230521-WA0126-768x343.jpg 768w, https:\/\/cvinoticias.com\/wp-content\/uploads\/2023\/05\/IMG-20230521-WA0126.jpg 1379w\" data-sizes=\"(max-width: 1024px) 100vw, 1024px\" src=\"data:image\/svg+xml;base64,PHN2ZyB3aWR0aD0iMSIgaGVpZ2h0PSIxIiB4bWxucz0iaHR0cDovL3d3dy53My5vcmcvMjAwMC9zdmciPjwvc3ZnPg==\" style=\"--smush-placeholder-width: 1024px; --smush-placeholder-aspect-ratio: 1024\/457;\" \/><\/a><\/figure>\n\n\n\n<p>Esta tarde, en el marco de los rastrillajes llevados a cabo, los efectivos de la Comisar\u00eda de Fachinal, dependencias de la Unidad Regional VII y la Direcci\u00f3n Defensa del Medioambiente, hallaron el cuerpo de Ricardo en un de campo privado, ubicado al margen de la Ruta Nacional 105, al kil\u00f3metro 23.<\/p>\n\n\n\n<p>El m\u00e9dico policial solicit\u00f3 la correspondiente autopsia m\u00e9dico-legal, para establecer las causales de su muerte. Intervine el Juzgado de Instrucci\u00f3n nro. 2 de Posadas, quien orden\u00f3 que el occiso sea llevado a la morgue judicial de Posadas.<\/p>\n\n\n\n<figure class=\"wp-block-image size-large\"><a href=\"https:\/\/cvinoticias.com\/wp-content\/uploads\/2023\/05\/IMG-20230521-WA0127.jpg\"><img decoding=\"async\" width=\"1024\" height=\"543\" data-src=\"https:\/\/cvinoticias.com\/wp-content\/uploads\/2023\/05\/IMG-20230521-WA0127-1024x543.jpg\" alt=\"\" class=\"wp-image-24954 lazyload\" data-srcset=\"https:\/\/cvinoticias.com\/wp-content\/uploads\/2023\/05\/IMG-20230521-WA0127-1024x543.jpg 1024w, https:\/\/cvinoticias.com\/wp-content\/uploads\/2023\/05\/IMG-20230521-WA0127-300x159.jpg 300w, https:\/\/cvinoticias.com\/wp-content\/uploads\/2023\/05\/IMG-20230521-WA0127-768x407.jpg 768w, https:\/\/cvinoticias.com\/wp-content\/uploads\/2023\/05\/IMG-20230521-WA0127.jpg 1188w\" data-sizes=\"(max-width: 1024px) 100vw, 1024px\" src=\"data:image\/svg+xml;base64,PHN2ZyB3aWR0aD0iMSIgaGVpZ2h0PSIxIiB4bWxucz0iaHR0cDovL3d3dy53My5vcmcvMjAwMC9zdmciPjwvc3ZnPg==\" style=\"--smush-placeholder-width: 1024px; --smush-placeholder-aspect-ratio: 1024\/543;\" \/><\/a><\/figure>\n","protected":false},"excerpt":{"rendered":"<p>Ricardo An\u00edbal Ojeda de 24 a\u00f1os, se hab\u00eda ausentado de su domicilio ubicado en el barrio Belgrano, ex Ruta Nacional 14 de la localidad de San Jos\u00e9, el d\u00eda mi\u00e9rcoles 17 de mayo, fecha en la que habr\u00eda ido a cazar y no regresara hasta el momento, seg\u00fan denunci\u00f3 su padre. El progenitor alert\u00f3 a [&hellip;]<\/p>\n","protected":false},"author":2,"featured_media":24953,"comment_status":"open","ping_status":"open","sticky":false,"template":"","format":"standard","meta":{"footnotes":""},"categories":[43],"tags":[],"class_list":["post-24952","post","type-post","status-publish","format-standard","has-post-thumbnail","hentry","category-provinciales"],"yoast_head":"<!-- This site is optimized with the Yoast SEO plugin v27.5 - https:\/\/yoast.com\/product\/yoast-seo-wordpress\/ -->\n<title>Hallaron el cuerpo de un hombre que habr\u00eda ido a cazar y desapareci\u00f3 | CVI NOTICIAS<\/title>\n<meta name=\"robots\" content=\"index, follow, max-snippet:-1, max-image-preview:large, max-video-preview:-1\" \/>\n<link rel=\"canonical\" href=\"https:\/\/cvinoticias.com\/v3\/hallaron-el-cuerpo-de-un-hombre-que-habria-ido-a-cazar-y-desaparecio\/\" \/>\n<meta property=\"og:locale\" content=\"es_ES\" \/>\n<meta property=\"og:type\" content=\"article\" \/>\n<meta property=\"og:title\" content=\"Hallaron el cuerpo de un hombre que habr\u00eda ido a cazar y desapareci\u00f3 | CVI NOTICIAS\" \/>\n<meta property=\"og:description\" content=\"Ricardo An\u00edbal Ojeda de 24 a\u00f1os, se hab\u00eda ausentado de su domicilio ubicado en el barrio Belgrano, ex Ruta Nacional 14 de la localidad de San Jos\u00e9, el d\u00eda mi\u00e9rcoles 17 de mayo, fecha en la que habr\u00eda ido a cazar y no regresara hasta el momento, seg\u00fan denunci\u00f3 su padre. El progenitor alert\u00f3 a [&hellip;]\" \/>\n<meta property=\"og:url\" content=\"https:\/\/cvinoticias.com\/v3\/hallaron-el-cuerpo-de-un-hombre-que-habria-ido-a-cazar-y-desaparecio\/\" \/>\n<meta property=\"og:site_name\" content=\"CVI NOTICIAS\" \/>\n<meta property=\"article:publisher\" content=\"https:\/\/www.facebook.com\/cvinoticias\" \/>\n<meta property=\"article:published_time\" content=\"2023-05-22T10:49:18+00:00\" \/>\n<meta property=\"og:image\" content=\"https:\/\/cvinoticias.com\/wp-content\/uploads\/2023\/05\/IMG-20230521-WA0125.jpg\" \/>\n\t<meta property=\"og:image:width\" content=\"1280\" \/>\n\t<meta property=\"og:image:height\" content=\"576\" \/>\n\t<meta property=\"og:image:type\" content=\"image\/jpeg\" \/>\n<meta name=\"author\" content=\"f1000024\" \/>\n<meta name=\"twitter:card\" content=\"summary_large_image\" \/>\n<meta name=\"twitter:label1\" content=\"Escrito por\" \/>\n\t<meta name=\"twitter:data1\" content=\"f1000024\" \/>\n\t<meta name=\"twitter:label2\" content=\"Tiempo de lectura\" \/>\n\t<meta name=\"twitter:data2\" content=\"1 minuto\" \/>\n<script type=\"application\/ld+json\" class=\"yoast-schema-graph\">{\"@context\":\"https:\\\/\\\/schema.org\",\"@graph\":[{\"@type\":\"Article\",\"@id\":\"https:\\\/\\\/cvinoticias.com\\\/v3\\\/hallaron-el-cuerpo-de-un-hombre-que-habria-ido-a-cazar-y-desaparecio\\\/#article\",\"isPartOf\":{\"@id\":\"https:\\\/\\\/cvinoticias.com\\\/v3\\\/hallaron-el-cuerpo-de-un-hombre-que-habria-ido-a-cazar-y-desaparecio\\\/\"},\"author\":{\"name\":\"f1000024\",\"@id\":\"https:\\\/\\\/cvinoticias.com\\\/v3\\\/#\\\/schema\\\/person\\\/2db77e3c6bc03c538495d7b2b8be9b66\"},\"headline\":\"Hallaron el cuerpo de un hombre que habr\u00eda ido a cazar y desapareci\u00f3\",\"datePublished\":\"2023-05-22T10:49:18+00:00\",\"mainEntityOfPage\":{\"@id\":\"https:\\\/\\\/cvinoticias.com\\\/v3\\\/hallaron-el-cuerpo-de-un-hombre-que-habria-ido-a-cazar-y-desaparecio\\\/\"},\"wordCount\":213,\"commentCount\":0,\"publisher\":{\"@id\":\"https:\\\/\\\/cvinoticias.com\\\/v3\\\/#organization\"},\"image\":{\"@id\":\"https:\\\/\\\/cvinoticias.com\\\/v3\\\/hallaron-el-cuerpo-de-un-hombre-que-habria-ido-a-cazar-y-desaparecio\\\/#primaryimage\"},\"thumbnailUrl\":\"https:\\\/\\\/cvinoticias.com\\\/wp-content\\\/uploads\\\/2023\\\/05\\\/IMG-20230521-WA0125.jpg\",\"articleSection\":[\"Provinciales\"],\"inLanguage\":\"es\",\"potentialAction\":[{\"@type\":\"CommentAction\",\"name\":\"Comment\",\"target\":[\"https:\\\/\\\/cvinoticias.com\\\/v3\\\/hallaron-el-cuerpo-de-un-hombre-que-habria-ido-a-cazar-y-desaparecio\\\/#respond\"]}]},{\"@type\":\"WebPage\",\"@id\":\"https:\\\/\\\/cvinoticias.com\\\/v3\\\/hallaron-el-cuerpo-de-un-hombre-que-habria-ido-a-cazar-y-desaparecio\\\/\",\"url\":\"https:\\\/\\\/cvinoticias.com\\\/v3\\\/hallaron-el-cuerpo-de-un-hombre-que-habria-ido-a-cazar-y-desaparecio\\\/\",\"name\":\"Hallaron el cuerpo de un hombre que habr\u00eda ido a cazar y desapareci\u00f3 | CVI NOTICIAS\",\"isPartOf\":{\"@id\":\"https:\\\/\\\/cvinoticias.com\\\/v3\\\/#website\"},\"primaryImageOfPage\":{\"@id\":\"https:\\\/\\\/cvinoticias.com\\\/v3\\\/hallaron-el-cuerpo-de-un-hombre-que-habria-ido-a-cazar-y-desaparecio\\\/#primaryimage\"},\"image\":{\"@id\":\"https:\\\/\\\/cvinoticias.com\\\/v3\\\/hallaron-el-cuerpo-de-un-hombre-que-habria-ido-a-cazar-y-desaparecio\\\/#primaryimage\"},\"thumbnailUrl\":\"https:\\\/\\\/cvinoticias.com\\\/wp-content\\\/uploads\\\/2023\\\/05\\\/IMG-20230521-WA0125.jpg\",\"datePublished\":\"2023-05-22T10:49:18+00:00\",\"breadcrumb\":{\"@id\":\"https:\\\/\\\/cvinoticias.com\\\/v3\\\/hallaron-el-cuerpo-de-un-hombre-que-habria-ido-a-cazar-y-desaparecio\\\/#breadcrumb\"},\"inLanguage\":\"es\",\"potentialAction\":[{\"@type\":\"ReadAction\",\"target\":[\"https:\\\/\\\/cvinoticias.com\\\/v3\\\/hallaron-el-cuerpo-de-un-hombre-que-habria-ido-a-cazar-y-desaparecio\\\/\"]}]},{\"@type\":\"ImageObject\",\"inLanguage\":\"es\",\"@id\":\"https:\\\/\\\/cvinoticias.com\\\/v3\\\/hallaron-el-cuerpo-de-un-hombre-que-habria-ido-a-cazar-y-desaparecio\\\/#primaryimage\",\"url\":\"https:\\\/\\\/cvinoticias.com\\\/wp-content\\\/uploads\\\/2023\\\/05\\\/IMG-20230521-WA0125.jpg\",\"contentUrl\":\"https:\\\/\\\/cvinoticias.com\\\/wp-content\\\/uploads\\\/2023\\\/05\\\/IMG-20230521-WA0125.jpg\",\"width\":1280,\"height\":576},{\"@type\":\"BreadcrumbList\",\"@id\":\"https:\\\/\\\/cvinoticias.com\\\/v3\\\/hallaron-el-cuerpo-de-un-hombre-que-habria-ido-a-cazar-y-desaparecio\\\/#breadcrumb\",\"itemListElement\":[{\"@type\":\"ListItem\",\"position\":1,\"name\":\"Portada\",\"item\":\"https:\\\/\\\/cvinoticias.com\\\/v3\\\/\"},{\"@type\":\"ListItem\",\"position\":2,\"name\":\"Hallaron el cuerpo de un hombre que habr\u00eda ido a cazar y desapareci\u00f3\"}]},{\"@type\":\"WebSite\",\"@id\":\"https:\\\/\\\/cvinoticias.com\\\/v3\\\/#website\",\"url\":\"https:\\\/\\\/cvinoticias.com\\\/v3\\\/\",\"name\":\"CVI NOTICIAS\",\"description\":\"\",\"publisher\":{\"@id\":\"https:\\\/\\\/cvinoticias.com\\\/v3\\\/#organization\"},\"alternateName\":\"CVI\",\"potentialAction\":[{\"@type\":\"SearchAction\",\"target\":{\"@type\":\"EntryPoint\",\"urlTemplate\":\"https:\\\/\\\/cvinoticias.com\\\/v3\\\/?s={search_term_string}\"},\"query-input\":{\"@type\":\"PropertyValueSpecification\",\"valueRequired\":true,\"valueName\":\"search_term_string\"}}],\"inLanguage\":\"es\"},{\"@type\":\"Organization\",\"@id\":\"https:\\\/\\\/cvinoticias.com\\\/v3\\\/#organization\",\"name\":\"CVI NOTICIAS\",\"url\":\"https:\\\/\\\/cvinoticias.com\\\/v3\\\/\",\"logo\":{\"@type\":\"ImageObject\",\"inLanguage\":\"es\",\"@id\":\"https:\\\/\\\/cvinoticias.com\\\/v3\\\/#\\\/schema\\\/logo\\\/image\\\/\",\"url\":\"https:\\\/\\\/cvinoticias.com\\\/wp-content\\\/uploads\\\/2023\\\/04\\\/cropped-cropped-cropped-cropped-cropped-3-1.png\",\"contentUrl\":\"https:\\\/\\\/cvinoticias.com\\\/wp-content\\\/uploads\\\/2023\\\/04\\\/cropped-cropped-cropped-cropped-cropped-3-1.png\",\"width\":95,\"height\":122,\"caption\":\"CVI NOTICIAS\"},\"image\":{\"@id\":\"https:\\\/\\\/cvinoticias.com\\\/v3\\\/#\\\/schema\\\/logo\\\/image\\\/\"},\"sameAs\":[\"https:\\\/\\\/www.facebook.com\\\/cvinoticias\",\"https:\\\/\\\/www.instagram.com\\\/cvinoticias\\\/\",\"https:\\\/\\\/www.youtube.com\\\/@CVINOTICIAS\"]},{\"@type\":\"Person\",\"@id\":\"https:\\\/\\\/cvinoticias.com\\\/v3\\\/#\\\/schema\\\/person\\\/2db77e3c6bc03c538495d7b2b8be9b66\",\"name\":\"f1000024\",\"image\":{\"@type\":\"ImageObject\",\"inLanguage\":\"es\",\"@id\":\"https:\\\/\\\/secure.gravatar.com\\\/avatar\\\/d4fe7459cfc51ff5129ce1a732bbef5928568b8092d412ef95611616376bbeed?s=96&d=mm&r=g\",\"url\":\"https:\\\/\\\/secure.gravatar.com\\\/avatar\\\/d4fe7459cfc51ff5129ce1a732bbef5928568b8092d412ef95611616376bbeed?s=96&d=mm&r=g\",\"contentUrl\":\"https:\\\/\\\/secure.gravatar.com\\\/avatar\\\/d4fe7459cfc51ff5129ce1a732bbef5928568b8092d412ef95611616376bbeed?s=96&d=mm&r=g\",\"caption\":\"f1000024\"},\"url\":\"https:\\\/\\\/cvinoticias.com\\\/v3\\\/author\\\/f1000024\\\/\"}]}<\/script>\n<!-- \/ Yoast SEO plugin. -->","yoast_head_json":{"title":"Hallaron el cuerpo de un hombre que habr\u00eda ido a cazar y desapareci\u00f3 | CVI NOTICIAS","robots":{"index":"index","follow":"follow","max-snippet":"max-snippet:-1","max-image-preview":"max-image-preview:large","max-video-preview":"max-video-preview:-1"},"canonical":"https:\/\/cvinoticias.com\/v3\/hallaron-el-cuerpo-de-un-hombre-que-habria-ido-a-cazar-y-desaparecio\/","og_locale":"es_ES","og_type":"article","og_title":"Hallaron el cuerpo de un hombre que habr\u00eda ido a cazar y desapareci\u00f3 | CVI NOTICIAS","og_description":"Ricardo An\u00edbal Ojeda de 24 a\u00f1os, se hab\u00eda ausentado de su domicilio ubicado en el barrio Belgrano, ex Ruta Nacional 14 de la localidad de San Jos\u00e9, el d\u00eda mi\u00e9rcoles 17 de mayo, fecha en la que habr\u00eda ido a cazar y no regresara hasta el momento, seg\u00fan denunci\u00f3 su padre. El progenitor alert\u00f3 a [&hellip;]","og_url":"https:\/\/cvinoticias.com\/v3\/hallaron-el-cuerpo-de-un-hombre-que-habria-ido-a-cazar-y-desaparecio\/","og_site_name":"CVI NOTICIAS","article_publisher":"https:\/\/www.facebook.com\/cvinoticias","article_published_time":"2023-05-22T10:49:18+00:00","og_image":[{"width":1280,"height":576,"url":"https:\/\/cvinoticias.com\/wp-content\/uploads\/2023\/05\/IMG-20230521-WA0125.jpg","type":"image\/jpeg"}],"author":"f1000024","twitter_card":"summary_large_image","twitter_misc":{"Escrito por":"f1000024","Tiempo de lectura":"1 minuto"},"schema":{"@context":"https:\/\/schema.org","@graph":[{"@type":"Article","@id":"https:\/\/cvinoticias.com\/v3\/hallaron-el-cuerpo-de-un-hombre-que-habria-ido-a-cazar-y-desaparecio\/#article","isPartOf":{"@id":"https:\/\/cvinoticias.com\/v3\/hallaron-el-cuerpo-de-un-hombre-que-habria-ido-a-cazar-y-desaparecio\/"},"author":{"name":"f1000024","@id":"https:\/\/cvinoticias.com\/v3\/#\/schema\/person\/2db77e3c6bc03c538495d7b2b8be9b66"},"headline":"Hallaron el cuerpo de un hombre que habr\u00eda ido a cazar y desapareci\u00f3","datePublished":"2023-05-22T10:49:18+00:00","mainEntityOfPage":{"@id":"https:\/\/cvinoticias.com\/v3\/hallaron-el-cuerpo-de-un-hombre-que-habria-ido-a-cazar-y-desaparecio\/"},"wordCount":213,"commentCount":0,"publisher":{"@id":"https:\/\/cvinoticias.com\/v3\/#organization"},"image":{"@id":"https:\/\/cvinoticias.com\/v3\/hallaron-el-cuerpo-de-un-hombre-que-habria-ido-a-cazar-y-desaparecio\/#primaryimage"},"thumbnailUrl":"https:\/\/cvinoticias.com\/wp-content\/uploads\/2023\/05\/IMG-20230521-WA0125.jpg","articleSection":["Provinciales"],"inLanguage":"es","potentialAction":[{"@type":"CommentAction","name":"Comment","target":["https:\/\/cvinoticias.com\/v3\/hallaron-el-cuerpo-de-un-hombre-que-habria-ido-a-cazar-y-desaparecio\/#respond"]}]},{"@type":"WebPage","@id":"https:\/\/cvinoticias.com\/v3\/hallaron-el-cuerpo-de-un-hombre-que-habria-ido-a-cazar-y-desaparecio\/","url":"https:\/\/cvinoticias.com\/v3\/hallaron-el-cuerpo-de-un-hombre-que-habria-ido-a-cazar-y-desaparecio\/","name":"Hallaron el cuerpo de un hombre que habr\u00eda ido a cazar y desapareci\u00f3 | CVI NOTICIAS","isPartOf":{"@id":"https:\/\/cvinoticias.com\/v3\/#website"},"primaryImageOfPage":{"@id":"https:\/\/cvinoticias.com\/v3\/hallaron-el-cuerpo-de-un-hombre-que-habria-ido-a-cazar-y-desaparecio\/#primaryimage"},"image":{"@id":"https:\/\/cvinoticias.com\/v3\/hallaron-el-cuerpo-de-un-hombre-que-habria-ido-a-cazar-y-desaparecio\/#primaryimage"},"thumbnailUrl":"https:\/\/cvinoticias.com\/wp-content\/uploads\/2023\/05\/IMG-20230521-WA0125.jpg","datePublished":"2023-05-22T10:49:18+00:00","breadcrumb":{"@id":"https:\/\/cvinoticias.com\/v3\/hallaron-el-cuerpo-de-un-hombre-que-habria-ido-a-cazar-y-desaparecio\/#breadcrumb"},"inLanguage":"es","potentialAction":[{"@type":"ReadAction","target":["https:\/\/cvinoticias.com\/v3\/hallaron-el-cuerpo-de-un-hombre-que-habria-ido-a-cazar-y-desaparecio\/"]}]},{"@type":"ImageObject","inLanguage":"es","@id":"https:\/\/cvinoticias.com\/v3\/hallaron-el-cuerpo-de-un-hombre-que-habria-ido-a-cazar-y-desaparecio\/#primaryimage","url":"https:\/\/cvinoticias.com\/wp-content\/uploads\/2023\/05\/IMG-20230521-WA0125.jpg","contentUrl":"https:\/\/cvinoticias.com\/wp-content\/uploads\/2023\/05\/IMG-20230521-WA0125.jpg","width":1280,"height":576},{"@type":"BreadcrumbList","@id":"https:\/\/cvinoticias.com\/v3\/hallaron-el-cuerpo-de-un-hombre-que-habria-ido-a-cazar-y-desaparecio\/#breadcrumb","itemListElement":[{"@type":"ListItem","position":1,"name":"Portada","item":"https:\/\/cvinoticias.com\/v3\/"},{"@type":"ListItem","position":2,"name":"Hallaron el cuerpo de un hombre que habr\u00eda ido a cazar y desapareci\u00f3"}]},{"@type":"WebSite","@id":"https:\/\/cvinoticias.com\/v3\/#website","url":"https:\/\/cvinoticias.com\/v3\/","name":"CVI NOTICIAS","description":"","publisher":{"@id":"https:\/\/cvinoticias.com\/v3\/#organization"},"alternateName":"CVI","potentialAction":[{"@type":"SearchAction","target":{"@type":"EntryPoint","urlTemplate":"https:\/\/cvinoticias.com\/v3\/?s={search_term_string}"},"query-input":{"@type":"PropertyValueSpecification","valueRequired":true,"valueName":"search_term_string"}}],"inLanguage":"es"},{"@type":"Organization","@id":"https:\/\/cvinoticias.com\/v3\/#organization","name":"CVI NOTICIAS","url":"https:\/\/cvinoticias.com\/v3\/","logo":{"@type":"ImageObject","inLanguage":"es","@id":"https:\/\/cvinoticias.com\/v3\/#\/schema\/logo\/image\/","url":"https:\/\/cvinoticias.com\/wp-content\/uploads\/2023\/04\/cropped-cropped-cropped-cropped-cropped-3-1.png","contentUrl":"https:\/\/cvinoticias.com\/wp-content\/uploads\/2023\/04\/cropped-cropped-cropped-cropped-cropped-3-1.png","width":95,"height":122,"caption":"CVI NOTICIAS"},"image":{"@id":"https:\/\/cvinoticias.com\/v3\/#\/schema\/logo\/image\/"},"sameAs":["https:\/\/www.facebook.com\/cvinoticias","https:\/\/www.instagram.com\/cvinoticias\/","https:\/\/www.youtube.com\/@CVINOTICIAS"]},{"@type":"Person","@id":"https:\/\/cvinoticias.com\/v3\/#\/schema\/person\/2db77e3c6bc03c538495d7b2b8be9b66","name":"f1000024","image":{"@type":"ImageObject","inLanguage":"es","@id":"https:\/\/secure.gravatar.com\/avatar\/d4fe7459cfc51ff5129ce1a732bbef5928568b8092d412ef95611616376bbeed?s=96&d=mm&r=g","url":"https:\/\/secure.gravatar.com\/avatar\/d4fe7459cfc51ff5129ce1a732bbef5928568b8092d412ef95611616376bbeed?s=96&d=mm&r=g","contentUrl":"https:\/\/secure.gravatar.com\/avatar\/d4fe7459cfc51ff5129ce1a732bbef5928568b8092d412ef95611616376bbeed?s=96&d=mm&r=g","caption":"f1000024"},"url":"https:\/\/cvinoticias.com\/v3\/author\/f1000024\/"}]}},"_links":{"self":[{"href":"https:\/\/cvinoticias.com\/v3\/wp-json\/wp\/v2\/posts\/24952","targetHints":{"allow":["GET"]}}],"collection":[{"href":"https:\/\/cvinoticias.com\/v3\/wp-json\/wp\/v2\/posts"}],"about":[{"href":"https:\/\/cvinoticias.com\/v3\/wp-json\/wp\/v2\/types\/post"}],"author":[{"embeddable":true,"href":"https:\/\/cvinoticias.com\/v3\/wp-json\/wp\/v2\/users\/2"}],"replies":[{"embeddable":true,"href":"https:\/\/cvinoticias.com\/v3\/wp-json\/wp\/v2\/comments?post=24952"}],"version-history":[{"count":1,"href":"https:\/\/cvinoticias.com\/v3\/wp-json\/wp\/v2\/posts\/24952\/revisions"}],"predecessor-version":[{"id":24956,"href":"https:\/\/cvinoticias.com\/v3\/wp-json\/wp\/v2\/posts\/24952\/revisions\/24956"}],"wp:featuredmedia":[{"embeddable":true,"href":"https:\/\/cvinoticias.com\/v3\/wp-json\/wp\/v2\/media\/24953"}],"wp:attachment":[{"href":"https:\/\/cvinoticias.com\/v3\/wp-json\/wp\/v2\/media?parent=24952"}],"wp:term":[{"taxonomy":"category","embeddable":true,"href":"https:\/\/cvinoticias.com\/v3\/wp-json\/wp\/v2\/categories?post=24952"},{"taxonomy":"post_tag","embeddable":true,"href":"https:\/\/cvinoticias.com\/v3\/wp-json\/wp\/v2\/tags?post=24952"}],"curies":[{"name":"wp","href":"https:\/\/api.w.org\/{rel}","templated":true}]}}