{"id":24928,"date":"2023-05-19T12:16:19","date_gmt":"2023-05-19T12:16:19","guid":{"rendered":"https:\/\/cvinoticias.com\/v3\/?p=24928"},"modified":"2023-05-19T12:16:19","modified_gmt":"2023-05-19T12:16:19","slug":"nuevos-datos-del-censo-2022-bajo-la-cantidad-de-viviendas-propias","status":"publish","type":"post","link":"https:\/\/cvinoticias.com\/v3\/nuevos-datos-del-censo-2022-bajo-la-cantidad-de-viviendas-propias\/","title":{"rendered":"Nuevos datos del Censo 2022: baj\u00f3 la cantidad de viviendas propias"},"content":{"rendered":"\n<p><strong><em>Una de cada tres familias argentinas vive en inmuebles alquilados. Cu\u00e1l es la provincia con mejores condiciones habitacionales<\/em><\/strong><\/p>\n\n\n\n<p>El Instituto Nacional de Estad\u00edsticas y Censos (Indec) dio a conocer nuevos resultados provisionales del Censo Nacional de Poblaci\u00f3n, Hogares y Viviendas 2022. En esta oportunidad el organismo que dirige Marco Lavagna public\u00f3 datos sobre las condiciones habitacionales de las viviendas particulares ocupadas, entre los cuales se destaca que s\u00f3lo el 65,5% de los hogares disponen de vivienda propia en todo el pa\u00eds.<\/p>\n\n\n\n<p>La tendencia es a la baja si se comparan estos datos con los obtenidos en el Censo 2010, el cual arroj\u00f3 que en ese entonces el 72,95% de los encuestados ten\u00eda un r\u00e9gimen de tenencia de vivienda propia (68,69% hab\u00eda respondido en esa oportunidad ser propietario de la vivienda y el terreno y 4,26% de la vivienda solamente).<\/p>\n\n\n\n<p>En un mercado inmobiliario local que funciona de manera cada vez m\u00e1s precaria y que convive con alquileres temporarios y dolarizados, si se desglosa la informaci\u00f3n por provincia se observa que en la Ciudad de Buenos Aires esa cifra es del 52,9%, en tanto que en la provincia de Buenos Aires asciende al 67,3%.<\/p>\n\n\n\n<p>Un dato interesante al respecto es que Santiago del Estero es la provincia con mayor porcentaje de tenencia de vivienda propia con 83,7%, al igual que las provincias del NOA y NEA, que est\u00e1n por encima de la media nacional. Entre las jurisdicciones con menor porcentaje de viviendas propias se ubica la Ciudad de Buenos Aires con 52,9%, Tierra del Fuego, Ant\u00e1rtida a Islas del Atl\u00e1ntico Sur con 55,9% y Santa Cruz con 57,8%.<\/p>\n\n\n\n<p>Volviendo a los resultados del total por pa\u00eds, que arrojaron que el 65,5% de los hogares disponen de vivienda propia, el resto del porcentaje total de encuestados (un 35,5%) es inquilino, o bien habita una vivienda cedida por trabajo, prestada u opt\u00f3 por \u201cotra\u201d categor\u00eda\u201d.<\/p>\n\n\n\n<p>Con los datos ofrecidos por el relevamiento oficial la pregunta obligada (y repetida a nivel local) es el por qu\u00e9 de las dificultades en la accesibilidad a la vivienda. No hay una \u00fanica respuesta sino que es el origen es multicausal, y debe buscarse en la falta de cr\u00e9ditos y una inflaci\u00f3n en alza que impacta en los valores de los inmuebles y que no va en l\u00ednea con la suba de los salarios.<\/p>\n\n\n\n<p>De acuerdo al \u00faltimo \u00edndice de Accesibilidad al Cr\u00e9dito Hipotecario de la Direcci\u00f3n de Estad\u00edsticas y Censo de la Ciudad de Buenos Aires \u201cel ingreso de una pareja aspirante represent\u00f3 poco m\u00e1s de un tercio del m\u00ednimo necesario para acceder a un cr\u00e9dito hipotecario en la Ciudad de Buenos Aires. As\u00ed, una pareja de calificaci\u00f3n ocupacional alta deber\u00eda casi triplicar sus ingresos para poder calificar a un pr\u00e9stamo para la compra de un departamento de 2 ambientes\u201d.<\/p>\n\n\n\n<p>Los datos corresponden al tercer trimestre de 2002 y estipulan que \u201cla cuota inicial del cr\u00e9dito represent\u00f3 el 80,5 % del ingreso promedio, muy alejado de la restricci\u00f3n general que impone el mercado crediticio \u201330%\u2013\u201d. Pero adem\u00e1s agregan que, \u201csi, a modo de referencia, se vincula con el valor del alquiler de una vivienda similar, el precio promedio de publicaci\u00f3n signific\u00f3 la cuarta parte del valor de la cuota\u201d.<\/p>\n\n\n\n<p><strong>Condiciones habitacionales: otros indicadores<\/strong><\/p>\n\n\n\n<p>Otros datos interesantes que arroj\u00f3 el Censo 2022 es, en t\u00e9rminos de Saneamiento, que el 94,5% de las viviendas particulares ocupadas de todo el pa\u00eds tienen ba\u00f1o o letrina dentro de la vivienda. En tanto, tan s\u00f3lo el 24,9% tiene uno m\u00e1s ba\u00f1os. En la misma l\u00ednea el 90,9% el ba\u00f1o tiene inodoro a bot\u00f3n, mochila o cadena (arrastre de agua).<\/p>\n\n\n\n<p>En lo que respecta al eje Gas de red y electricidad, representan el 58,4% de las viviendas particulares ocupadas en las que los hogares utilizan principalmente gas de red electricidad para cocinar.<\/p>\n\n\n\n<p>Respecto al apartado Agua, el 92,3% tienen agua por ca\u00f1er\u00eda dentro de la vivienda, y en el 85,4% el agua para beber y cocinar que usan los hogares proviene de la red p\u00fablica.<\/p>\n\n\n\n<p>Respecto a las Tecnolog\u00edas de la informaci\u00f3n y comunicaci\u00f3n, en el 78% de las viviendas particulares ocupadas hay conexi\u00f3n a internet. En tanto, en el 89,7% poseen celular con internet, mientras que el 59,3% tienen dispositivos como computadora o tablet.<\/p>\n\n\n\n<p><\/p>\n","protected":false},"excerpt":{"rendered":"<p>Una de cada tres familias argentinas vive en inmuebles alquilados. Cu\u00e1l es la provincia con mejores condiciones habitacionales El Instituto Nacional de Estad\u00edsticas y Censos (Indec) dio a conocer nuevos resultados provisionales del Censo Nacional de Poblaci\u00f3n, Hogares y Viviendas 2022. En esta oportunidad el organismo que dirige Marco Lavagna public\u00f3 datos sobre las condiciones [&hellip;]<\/p>\n","protected":false},"author":2,"featured_media":24929,"comment_status":"open","ping_status":"open","sticky":false,"template":"","format":"standard","meta":{"footnotes":""},"categories":[39],"tags":[],"class_list":["post-24928","post","type-post","status-publish","format-standard","has-post-thumbnail","hentry","category-nacionales"],"yoast_head":"<!-- This site is optimized with the Yoast SEO plugin v27.5 - https:\/\/yoast.com\/product\/yoast-seo-wordpress\/ -->\n<title>Nuevos datos del Censo 2022: baj\u00f3 la cantidad de viviendas propias | CVI NOTICIAS<\/title>\n<meta name=\"robots\" content=\"index, follow, max-snippet:-1, max-image-preview:large, max-video-preview:-1\" \/>\n<link rel=\"canonical\" href=\"https:\/\/cvinoticias.com\/v3\/nuevos-datos-del-censo-2022-bajo-la-cantidad-de-viviendas-propias\/\" \/>\n<meta property=\"og:locale\" content=\"es_ES\" \/>\n<meta property=\"og:type\" content=\"article\" \/>\n<meta property=\"og:title\" content=\"Nuevos datos del Censo 2022: baj\u00f3 la cantidad de viviendas propias | CVI NOTICIAS\" \/>\n<meta property=\"og:description\" content=\"Una de cada tres familias argentinas vive en inmuebles alquilados. Cu\u00e1l es la provincia con mejores condiciones habitacionales El Instituto Nacional de Estad\u00edsticas y Censos (Indec) dio a conocer nuevos resultados provisionales del Censo Nacional de Poblaci\u00f3n, Hogares y Viviendas 2022. En esta oportunidad el organismo que dirige Marco Lavagna public\u00f3 datos sobre las condiciones [&hellip;]\" \/>\n<meta property=\"og:url\" content=\"https:\/\/cvinoticias.com\/v3\/nuevos-datos-del-censo-2022-bajo-la-cantidad-de-viviendas-propias\/\" \/>\n<meta property=\"og:site_name\" content=\"CVI NOTICIAS\" \/>\n<meta property=\"article:publisher\" content=\"https:\/\/www.facebook.com\/cvinoticias\" \/>\n<meta property=\"article:published_time\" content=\"2023-05-19T12:16:19+00:00\" \/>\n<meta property=\"og:image\" content=\"https:\/\/cvinoticias.com\/wp-content\/uploads\/2023\/05\/viviendas.jpg\" \/>\n\t<meta property=\"og:image:width\" content=\"768\" \/>\n\t<meta property=\"og:image:height\" content=\"486\" \/>\n\t<meta property=\"og:image:type\" content=\"image\/jpeg\" \/>\n<meta name=\"author\" content=\"f1000024\" \/>\n<meta name=\"twitter:card\" content=\"summary_large_image\" \/>\n<meta name=\"twitter:label1\" content=\"Escrito por\" \/>\n\t<meta name=\"twitter:data1\" content=\"f1000024\" \/>\n\t<meta name=\"twitter:label2\" content=\"Tiempo de lectura\" \/>\n\t<meta name=\"twitter:data2\" content=\"4 minutos\" \/>\n<script type=\"application\/ld+json\" class=\"yoast-schema-graph\">{\"@context\":\"https:\\\/\\\/schema.org\",\"@graph\":[{\"@type\":\"Article\",\"@id\":\"https:\\\/\\\/cvinoticias.com\\\/v3\\\/nuevos-datos-del-censo-2022-bajo-la-cantidad-de-viviendas-propias\\\/#article\",\"isPartOf\":{\"@id\":\"https:\\\/\\\/cvinoticias.com\\\/v3\\\/nuevos-datos-del-censo-2022-bajo-la-cantidad-de-viviendas-propias\\\/\"},\"author\":{\"name\":\"f1000024\",\"@id\":\"https:\\\/\\\/cvinoticias.com\\\/v3\\\/#\\\/schema\\\/person\\\/2db77e3c6bc03c538495d7b2b8be9b66\"},\"headline\":\"Nuevos datos del Censo 2022: baj\u00f3 la cantidad de viviendas propias\",\"datePublished\":\"2023-05-19T12:16:19+00:00\",\"mainEntityOfPage\":{\"@id\":\"https:\\\/\\\/cvinoticias.com\\\/v3\\\/nuevos-datos-del-censo-2022-bajo-la-cantidad-de-viviendas-propias\\\/\"},\"wordCount\":730,\"commentCount\":0,\"publisher\":{\"@id\":\"https:\\\/\\\/cvinoticias.com\\\/v3\\\/#organization\"},\"image\":{\"@id\":\"https:\\\/\\\/cvinoticias.com\\\/v3\\\/nuevos-datos-del-censo-2022-bajo-la-cantidad-de-viviendas-propias\\\/#primaryimage\"},\"thumbnailUrl\":\"https:\\\/\\\/cvinoticias.com\\\/wp-content\\\/uploads\\\/2023\\\/05\\\/viviendas.jpg\",\"articleSection\":[\"Nacionales\"],\"inLanguage\":\"es\",\"potentialAction\":[{\"@type\":\"CommentAction\",\"name\":\"Comment\",\"target\":[\"https:\\\/\\\/cvinoticias.com\\\/v3\\\/nuevos-datos-del-censo-2022-bajo-la-cantidad-de-viviendas-propias\\\/#respond\"]}]},{\"@type\":\"WebPage\",\"@id\":\"https:\\\/\\\/cvinoticias.com\\\/v3\\\/nuevos-datos-del-censo-2022-bajo-la-cantidad-de-viviendas-propias\\\/\",\"url\":\"https:\\\/\\\/cvinoticias.com\\\/v3\\\/nuevos-datos-del-censo-2022-bajo-la-cantidad-de-viviendas-propias\\\/\",\"name\":\"Nuevos datos del Censo 2022: baj\u00f3 la cantidad de viviendas propias | CVI NOTICIAS\",\"isPartOf\":{\"@id\":\"https:\\\/\\\/cvinoticias.com\\\/v3\\\/#website\"},\"primaryImageOfPage\":{\"@id\":\"https:\\\/\\\/cvinoticias.com\\\/v3\\\/nuevos-datos-del-censo-2022-bajo-la-cantidad-de-viviendas-propias\\\/#primaryimage\"},\"image\":{\"@id\":\"https:\\\/\\\/cvinoticias.com\\\/v3\\\/nuevos-datos-del-censo-2022-bajo-la-cantidad-de-viviendas-propias\\\/#primaryimage\"},\"thumbnailUrl\":\"https:\\\/\\\/cvinoticias.com\\\/wp-content\\\/uploads\\\/2023\\\/05\\\/viviendas.jpg\",\"datePublished\":\"2023-05-19T12:16:19+00:00\",\"breadcrumb\":{\"@id\":\"https:\\\/\\\/cvinoticias.com\\\/v3\\\/nuevos-datos-del-censo-2022-bajo-la-cantidad-de-viviendas-propias\\\/#breadcrumb\"},\"inLanguage\":\"es\",\"potentialAction\":[{\"@type\":\"ReadAction\",\"target\":[\"https:\\\/\\\/cvinoticias.com\\\/v3\\\/nuevos-datos-del-censo-2022-bajo-la-cantidad-de-viviendas-propias\\\/\"]}]},{\"@type\":\"ImageObject\",\"inLanguage\":\"es\",\"@id\":\"https:\\\/\\\/cvinoticias.com\\\/v3\\\/nuevos-datos-del-censo-2022-bajo-la-cantidad-de-viviendas-propias\\\/#primaryimage\",\"url\":\"https:\\\/\\\/cvinoticias.com\\\/wp-content\\\/uploads\\\/2023\\\/05\\\/viviendas.jpg\",\"contentUrl\":\"https:\\\/\\\/cvinoticias.com\\\/wp-content\\\/uploads\\\/2023\\\/05\\\/viviendas.jpg\",\"width\":768,\"height\":486},{\"@type\":\"BreadcrumbList\",\"@id\":\"https:\\\/\\\/cvinoticias.com\\\/v3\\\/nuevos-datos-del-censo-2022-bajo-la-cantidad-de-viviendas-propias\\\/#breadcrumb\",\"itemListElement\":[{\"@type\":\"ListItem\",\"position\":1,\"name\":\"Portada\",\"item\":\"https:\\\/\\\/cvinoticias.com\\\/v3\\\/\"},{\"@type\":\"ListItem\",\"position\":2,\"name\":\"Nuevos datos del Censo 2022: baj\u00f3 la cantidad de viviendas propias\"}]},{\"@type\":\"WebSite\",\"@id\":\"https:\\\/\\\/cvinoticias.com\\\/v3\\\/#website\",\"url\":\"https:\\\/\\\/cvinoticias.com\\\/v3\\\/\",\"name\":\"CVI NOTICIAS\",\"description\":\"\",\"publisher\":{\"@id\":\"https:\\\/\\\/cvinoticias.com\\\/v3\\\/#organization\"},\"alternateName\":\"CVI\",\"potentialAction\":[{\"@type\":\"SearchAction\",\"target\":{\"@type\":\"EntryPoint\",\"urlTemplate\":\"https:\\\/\\\/cvinoticias.com\\\/v3\\\/?s={search_term_string}\"},\"query-input\":{\"@type\":\"PropertyValueSpecification\",\"valueRequired\":true,\"valueName\":\"search_term_string\"}}],\"inLanguage\":\"es\"},{\"@type\":\"Organization\",\"@id\":\"https:\\\/\\\/cvinoticias.com\\\/v3\\\/#organization\",\"name\":\"CVI NOTICIAS\",\"url\":\"https:\\\/\\\/cvinoticias.com\\\/v3\\\/\",\"logo\":{\"@type\":\"ImageObject\",\"inLanguage\":\"es\",\"@id\":\"https:\\\/\\\/cvinoticias.com\\\/v3\\\/#\\\/schema\\\/logo\\\/image\\\/\",\"url\":\"https:\\\/\\\/cvinoticias.com\\\/wp-content\\\/uploads\\\/2023\\\/04\\\/cropped-cropped-cropped-cropped-cropped-3-1.png\",\"contentUrl\":\"https:\\\/\\\/cvinoticias.com\\\/wp-content\\\/uploads\\\/2023\\\/04\\\/cropped-cropped-cropped-cropped-cropped-3-1.png\",\"width\":95,\"height\":122,\"caption\":\"CVI NOTICIAS\"},\"image\":{\"@id\":\"https:\\\/\\\/cvinoticias.com\\\/v3\\\/#\\\/schema\\\/logo\\\/image\\\/\"},\"sameAs\":[\"https:\\\/\\\/www.facebook.com\\\/cvinoticias\",\"https:\\\/\\\/www.instagram.com\\\/cvinoticias\\\/\",\"https:\\\/\\\/www.youtube.com\\\/@CVINOTICIAS\"]},{\"@type\":\"Person\",\"@id\":\"https:\\\/\\\/cvinoticias.com\\\/v3\\\/#\\\/schema\\\/person\\\/2db77e3c6bc03c538495d7b2b8be9b66\",\"name\":\"f1000024\",\"image\":{\"@type\":\"ImageObject\",\"inLanguage\":\"es\",\"@id\":\"https:\\\/\\\/secure.gravatar.com\\\/avatar\\\/d4fe7459cfc51ff5129ce1a732bbef5928568b8092d412ef95611616376bbeed?s=96&d=mm&r=g\",\"url\":\"https:\\\/\\\/secure.gravatar.com\\\/avatar\\\/d4fe7459cfc51ff5129ce1a732bbef5928568b8092d412ef95611616376bbeed?s=96&d=mm&r=g\",\"contentUrl\":\"https:\\\/\\\/secure.gravatar.com\\\/avatar\\\/d4fe7459cfc51ff5129ce1a732bbef5928568b8092d412ef95611616376bbeed?s=96&d=mm&r=g\",\"caption\":\"f1000024\"},\"url\":\"https:\\\/\\\/cvinoticias.com\\\/v3\\\/author\\\/f1000024\\\/\"}]}<\/script>\n<!-- \/ Yoast SEO plugin. -->","yoast_head_json":{"title":"Nuevos datos del Censo 2022: baj\u00f3 la cantidad de viviendas propias | CVI NOTICIAS","robots":{"index":"index","follow":"follow","max-snippet":"max-snippet:-1","max-image-preview":"max-image-preview:large","max-video-preview":"max-video-preview:-1"},"canonical":"https:\/\/cvinoticias.com\/v3\/nuevos-datos-del-censo-2022-bajo-la-cantidad-de-viviendas-propias\/","og_locale":"es_ES","og_type":"article","og_title":"Nuevos datos del Censo 2022: baj\u00f3 la cantidad de viviendas propias | CVI NOTICIAS","og_description":"Una de cada tres familias argentinas vive en inmuebles alquilados. Cu\u00e1l es la provincia con mejores condiciones habitacionales El Instituto Nacional de Estad\u00edsticas y Censos (Indec) dio a conocer nuevos resultados provisionales del Censo Nacional de Poblaci\u00f3n, Hogares y Viviendas 2022. En esta oportunidad el organismo que dirige Marco Lavagna public\u00f3 datos sobre las condiciones [&hellip;]","og_url":"https:\/\/cvinoticias.com\/v3\/nuevos-datos-del-censo-2022-bajo-la-cantidad-de-viviendas-propias\/","og_site_name":"CVI NOTICIAS","article_publisher":"https:\/\/www.facebook.com\/cvinoticias","article_published_time":"2023-05-19T12:16:19+00:00","og_image":[{"width":768,"height":486,"url":"https:\/\/cvinoticias.com\/wp-content\/uploads\/2023\/05\/viviendas.jpg","type":"image\/jpeg"}],"author":"f1000024","twitter_card":"summary_large_image","twitter_misc":{"Escrito por":"f1000024","Tiempo de lectura":"4 minutos"},"schema":{"@context":"https:\/\/schema.org","@graph":[{"@type":"Article","@id":"https:\/\/cvinoticias.com\/v3\/nuevos-datos-del-censo-2022-bajo-la-cantidad-de-viviendas-propias\/#article","isPartOf":{"@id":"https:\/\/cvinoticias.com\/v3\/nuevos-datos-del-censo-2022-bajo-la-cantidad-de-viviendas-propias\/"},"author":{"name":"f1000024","@id":"https:\/\/cvinoticias.com\/v3\/#\/schema\/person\/2db77e3c6bc03c538495d7b2b8be9b66"},"headline":"Nuevos datos del Censo 2022: baj\u00f3 la cantidad de viviendas propias","datePublished":"2023-05-19T12:16:19+00:00","mainEntityOfPage":{"@id":"https:\/\/cvinoticias.com\/v3\/nuevos-datos-del-censo-2022-bajo-la-cantidad-de-viviendas-propias\/"},"wordCount":730,"commentCount":0,"publisher":{"@id":"https:\/\/cvinoticias.com\/v3\/#organization"},"image":{"@id":"https:\/\/cvinoticias.com\/v3\/nuevos-datos-del-censo-2022-bajo-la-cantidad-de-viviendas-propias\/#primaryimage"},"thumbnailUrl":"https:\/\/cvinoticias.com\/wp-content\/uploads\/2023\/05\/viviendas.jpg","articleSection":["Nacionales"],"inLanguage":"es","potentialAction":[{"@type":"CommentAction","name":"Comment","target":["https:\/\/cvinoticias.com\/v3\/nuevos-datos-del-censo-2022-bajo-la-cantidad-de-viviendas-propias\/#respond"]}]},{"@type":"WebPage","@id":"https:\/\/cvinoticias.com\/v3\/nuevos-datos-del-censo-2022-bajo-la-cantidad-de-viviendas-propias\/","url":"https:\/\/cvinoticias.com\/v3\/nuevos-datos-del-censo-2022-bajo-la-cantidad-de-viviendas-propias\/","name":"Nuevos datos del Censo 2022: baj\u00f3 la cantidad de viviendas propias | CVI NOTICIAS","isPartOf":{"@id":"https:\/\/cvinoticias.com\/v3\/#website"},"primaryImageOfPage":{"@id":"https:\/\/cvinoticias.com\/v3\/nuevos-datos-del-censo-2022-bajo-la-cantidad-de-viviendas-propias\/#primaryimage"},"image":{"@id":"https:\/\/cvinoticias.com\/v3\/nuevos-datos-del-censo-2022-bajo-la-cantidad-de-viviendas-propias\/#primaryimage"},"thumbnailUrl":"https:\/\/cvinoticias.com\/wp-content\/uploads\/2023\/05\/viviendas.jpg","datePublished":"2023-05-19T12:16:19+00:00","breadcrumb":{"@id":"https:\/\/cvinoticias.com\/v3\/nuevos-datos-del-censo-2022-bajo-la-cantidad-de-viviendas-propias\/#breadcrumb"},"inLanguage":"es","potentialAction":[{"@type":"ReadAction","target":["https:\/\/cvinoticias.com\/v3\/nuevos-datos-del-censo-2022-bajo-la-cantidad-de-viviendas-propias\/"]}]},{"@type":"ImageObject","inLanguage":"es","@id":"https:\/\/cvinoticias.com\/v3\/nuevos-datos-del-censo-2022-bajo-la-cantidad-de-viviendas-propias\/#primaryimage","url":"https:\/\/cvinoticias.com\/wp-content\/uploads\/2023\/05\/viviendas.jpg","contentUrl":"https:\/\/cvinoticias.com\/wp-content\/uploads\/2023\/05\/viviendas.jpg","width":768,"height":486},{"@type":"BreadcrumbList","@id":"https:\/\/cvinoticias.com\/v3\/nuevos-datos-del-censo-2022-bajo-la-cantidad-de-viviendas-propias\/#breadcrumb","itemListElement":[{"@type":"ListItem","position":1,"name":"Portada","item":"https:\/\/cvinoticias.com\/v3\/"},{"@type":"ListItem","position":2,"name":"Nuevos datos del Censo 2022: baj\u00f3 la cantidad de viviendas propias"}]},{"@type":"WebSite","@id":"https:\/\/cvinoticias.com\/v3\/#website","url":"https:\/\/cvinoticias.com\/v3\/","name":"CVI NOTICIAS","description":"","publisher":{"@id":"https:\/\/cvinoticias.com\/v3\/#organization"},"alternateName":"CVI","potentialAction":[{"@type":"SearchAction","target":{"@type":"EntryPoint","urlTemplate":"https:\/\/cvinoticias.com\/v3\/?s={search_term_string}"},"query-input":{"@type":"PropertyValueSpecification","valueRequired":true,"valueName":"search_term_string"}}],"inLanguage":"es"},{"@type":"Organization","@id":"https:\/\/cvinoticias.com\/v3\/#organization","name":"CVI NOTICIAS","url":"https:\/\/cvinoticias.com\/v3\/","logo":{"@type":"ImageObject","inLanguage":"es","@id":"https:\/\/cvinoticias.com\/v3\/#\/schema\/logo\/image\/","url":"https:\/\/cvinoticias.com\/wp-content\/uploads\/2023\/04\/cropped-cropped-cropped-cropped-cropped-3-1.png","contentUrl":"https:\/\/cvinoticias.com\/wp-content\/uploads\/2023\/04\/cropped-cropped-cropped-cropped-cropped-3-1.png","width":95,"height":122,"caption":"CVI NOTICIAS"},"image":{"@id":"https:\/\/cvinoticias.com\/v3\/#\/schema\/logo\/image\/"},"sameAs":["https:\/\/www.facebook.com\/cvinoticias","https:\/\/www.instagram.com\/cvinoticias\/","https:\/\/www.youtube.com\/@CVINOTICIAS"]},{"@type":"Person","@id":"https:\/\/cvinoticias.com\/v3\/#\/schema\/person\/2db77e3c6bc03c538495d7b2b8be9b66","name":"f1000024","image":{"@type":"ImageObject","inLanguage":"es","@id":"https:\/\/secure.gravatar.com\/avatar\/d4fe7459cfc51ff5129ce1a732bbef5928568b8092d412ef95611616376bbeed?s=96&d=mm&r=g","url":"https:\/\/secure.gravatar.com\/avatar\/d4fe7459cfc51ff5129ce1a732bbef5928568b8092d412ef95611616376bbeed?s=96&d=mm&r=g","contentUrl":"https:\/\/secure.gravatar.com\/avatar\/d4fe7459cfc51ff5129ce1a732bbef5928568b8092d412ef95611616376bbeed?s=96&d=mm&r=g","caption":"f1000024"},"url":"https:\/\/cvinoticias.com\/v3\/author\/f1000024\/"}]}},"_links":{"self":[{"href":"https:\/\/cvinoticias.com\/v3\/wp-json\/wp\/v2\/posts\/24928","targetHints":{"allow":["GET"]}}],"collection":[{"href":"https:\/\/cvinoticias.com\/v3\/wp-json\/wp\/v2\/posts"}],"about":[{"href":"https:\/\/cvinoticias.com\/v3\/wp-json\/wp\/v2\/types\/post"}],"author":[{"embeddable":true,"href":"https:\/\/cvinoticias.com\/v3\/wp-json\/wp\/v2\/users\/2"}],"replies":[{"embeddable":true,"href":"https:\/\/cvinoticias.com\/v3\/wp-json\/wp\/v2\/comments?post=24928"}],"version-history":[{"count":1,"href":"https:\/\/cvinoticias.com\/v3\/wp-json\/wp\/v2\/posts\/24928\/revisions"}],"predecessor-version":[{"id":24930,"href":"https:\/\/cvinoticias.com\/v3\/wp-json\/wp\/v2\/posts\/24928\/revisions\/24930"}],"wp:featuredmedia":[{"embeddable":true,"href":"https:\/\/cvinoticias.com\/v3\/wp-json\/wp\/v2\/media\/24929"}],"wp:attachment":[{"href":"https:\/\/cvinoticias.com\/v3\/wp-json\/wp\/v2\/media?parent=24928"}],"wp:term":[{"taxonomy":"category","embeddable":true,"href":"https:\/\/cvinoticias.com\/v3\/wp-json\/wp\/v2\/categories?post=24928"},{"taxonomy":"post_tag","embeddable":true,"href":"https:\/\/cvinoticias.com\/v3\/wp-json\/wp\/v2\/tags?post=24928"}],"curies":[{"name":"wp","href":"https:\/\/api.w.org\/{rel}","templated":true}]}}