{"id":24910,"date":"2023-05-18T11:45:11","date_gmt":"2023-05-18T11:45:11","guid":{"rendered":"https:\/\/cvinoticias.com\/v3\/?p=24910"},"modified":"2023-05-18T11:45:11","modified_gmt":"2023-05-18T11:45:11","slug":"las-vacunas-del-calendario-nacional-ya-estan-disponibles-en-la-aplicacion-mi-argentina","status":"publish","type":"post","link":"https:\/\/cvinoticias.com\/v3\/las-vacunas-del-calendario-nacional-ya-estan-disponibles-en-la-aplicacion-mi-argentina\/","title":{"rendered":"Las vacunas del calendario nacional ya est\u00e1n disponibles en la aplicaci\u00f3n Mi Argentina"},"content":{"rendered":"\n<p><strong><em>Dentro de la secci\u00f3n \u201cMi salud\u201d, las personas usuarias podr\u00e1n encontrar sus vacunas de calendario ordenadas alfab\u00e9ticamente y las dosis ordenadas por fecha descendente. Adem\u00e1s, cada dosis tendr\u00e1 los datos completos de lote, fecha y .lugar de inoculaci\u00f3n<\/em><\/strong><\/p>\n\n\n\n<p>El Ministerio de Salud inform\u00f3 que se encuentra disponible, en la aplicaci\u00f3n \u00abMi Argentina\u00bb, el servicio que permite a ciudadanas y ciudadanos, con identidad validada, ver en su perfil las vacunas de Calendario Nacional aplicadas durante 2023, incluidas en el Registro Federal de Vacunaci\u00f3n Nominalizado (Nomivac), se inform\u00f3 hoy oficialmente.<\/p>\n\n\n\n<p>Al respecto, la ministra de Salud, Carla Vizzotti, destac\u00f3 la importancia de contar con el registro de vacunas aplicadas en Mi Argentina y agradeci\u00f3 a la Secretar\u00eda de Innovaci\u00f3n P\u00fablica \u201cpor esto y por todo lo que hicieron en la pandemia, por dar este salto de innovaci\u00f3n en el Estado en general y en salud en particular\u201d.<\/p>\n\n\n\n<p>Por su parte, la subsecretaria de Servicios y Pa\u00eds Digital de la Secretar\u00eda de Innovaci\u00f3n P\u00fablica, Ana Carina Rodr\u00edguez, destac\u00f3 que la implementaci\u00f3n junto con el Ministerio de Salud \u201cfortalece lo quea ya venimos trabajando en conjunto, como la credencial internacional de vacunaci\u00f3n covid-19\u201d.<\/p>\n","protected":false},"excerpt":{"rendered":"<p>Dentro de la secci\u00f3n \u201cMi salud\u201d, las personas usuarias podr\u00e1n encontrar sus vacunas de calendario ordenadas alfab\u00e9ticamente y las dosis ordenadas por fecha descendente. Adem\u00e1s, cada dosis tendr\u00e1 los datos completos de lote, fecha y .lugar de inoculaci\u00f3n El Ministerio de Salud inform\u00f3 que se encuentra disponible, en la aplicaci\u00f3n \u00abMi Argentina\u00bb, el servicio que [&hellip;]<\/p>\n","protected":false},"author":2,"featured_media":24911,"comment_status":"open","ping_status":"open","sticky":false,"template":"","format":"standard","meta":{"footnotes":""},"categories":[39],"tags":[],"class_list":["post-24910","post","type-post","status-publish","format-standard","has-post-thumbnail","hentry","category-nacionales"],"yoast_head":"<!-- This site is optimized with the Yoast SEO plugin v27.5 - https:\/\/yoast.com\/product\/yoast-seo-wordpress\/ -->\n<title>Las vacunas del calendario nacional ya est\u00e1n disponibles en la aplicaci\u00f3n Mi Argentina | CVI NOTICIAS<\/title>\n<meta name=\"robots\" content=\"index, follow, max-snippet:-1, max-image-preview:large, max-video-preview:-1\" \/>\n<link rel=\"canonical\" href=\"https:\/\/cvinoticias.com\/v3\/las-vacunas-del-calendario-nacional-ya-estan-disponibles-en-la-aplicacion-mi-argentina\/\" \/>\n<meta property=\"og:locale\" content=\"es_ES\" \/>\n<meta property=\"og:type\" content=\"article\" \/>\n<meta property=\"og:title\" content=\"Las vacunas del calendario nacional ya est\u00e1n disponibles en la aplicaci\u00f3n Mi Argentina | CVI NOTICIAS\" \/>\n<meta property=\"og:description\" content=\"Dentro de la secci\u00f3n \u201cMi salud\u201d, las personas usuarias podr\u00e1n encontrar sus vacunas de calendario ordenadas alfab\u00e9ticamente y las dosis ordenadas por fecha descendente. Adem\u00e1s, cada dosis tendr\u00e1 los datos completos de lote, fecha y .lugar de inoculaci\u00f3n El Ministerio de Salud inform\u00f3 que se encuentra disponible, en la aplicaci\u00f3n \u00abMi Argentina\u00bb, el servicio que [&hellip;]\" \/>\n<meta property=\"og:url\" content=\"https:\/\/cvinoticias.com\/v3\/las-vacunas-del-calendario-nacional-ya-estan-disponibles-en-la-aplicacion-mi-argentina\/\" \/>\n<meta property=\"og:site_name\" content=\"CVI NOTICIAS\" \/>\n<meta property=\"article:publisher\" content=\"https:\/\/www.facebook.com\/cvinoticias\" \/>\n<meta property=\"article:published_time\" content=\"2023-05-18T11:45:11+00:00\" \/>\n<meta property=\"og:image\" content=\"https:\/\/cvinoticias.com\/wp-content\/uploads\/2023\/05\/mi_salud_edit.jpg_529145118.jpg\" \/>\n\t<meta property=\"og:image:width\" content=\"368\" \/>\n\t<meta property=\"og:image:height\" content=\"207\" \/>\n\t<meta property=\"og:image:type\" content=\"image\/jpeg\" \/>\n<meta name=\"author\" content=\"f1000024\" \/>\n<meta name=\"twitter:card\" content=\"summary_large_image\" \/>\n<meta name=\"twitter:label1\" content=\"Escrito por\" \/>\n\t<meta name=\"twitter:data1\" content=\"f1000024\" \/>\n\t<meta name=\"twitter:label2\" content=\"Tiempo de lectura\" \/>\n\t<meta name=\"twitter:data2\" content=\"1 minuto\" \/>\n<script type=\"application\/ld+json\" class=\"yoast-schema-graph\">{\"@context\":\"https:\\\/\\\/schema.org\",\"@graph\":[{\"@type\":\"Article\",\"@id\":\"https:\\\/\\\/cvinoticias.com\\\/v3\\\/las-vacunas-del-calendario-nacional-ya-estan-disponibles-en-la-aplicacion-mi-argentina\\\/#article\",\"isPartOf\":{\"@id\":\"https:\\\/\\\/cvinoticias.com\\\/v3\\\/las-vacunas-del-calendario-nacional-ya-estan-disponibles-en-la-aplicacion-mi-argentina\\\/\"},\"author\":{\"name\":\"f1000024\",\"@id\":\"https:\\\/\\\/cvinoticias.com\\\/v3\\\/#\\\/schema\\\/person\\\/2db77e3c6bc03c538495d7b2b8be9b66\"},\"headline\":\"Las vacunas del calendario nacional ya est\u00e1n disponibles en la aplicaci\u00f3n Mi Argentina\",\"datePublished\":\"2023-05-18T11:45:11+00:00\",\"mainEntityOfPage\":{\"@id\":\"https:\\\/\\\/cvinoticias.com\\\/v3\\\/las-vacunas-del-calendario-nacional-ya-estan-disponibles-en-la-aplicacion-mi-argentina\\\/\"},\"wordCount\":221,\"commentCount\":0,\"publisher\":{\"@id\":\"https:\\\/\\\/cvinoticias.com\\\/v3\\\/#organization\"},\"image\":{\"@id\":\"https:\\\/\\\/cvinoticias.com\\\/v3\\\/las-vacunas-del-calendario-nacional-ya-estan-disponibles-en-la-aplicacion-mi-argentina\\\/#primaryimage\"},\"thumbnailUrl\":\"https:\\\/\\\/cvinoticias.com\\\/wp-content\\\/uploads\\\/2023\\\/05\\\/mi_salud_edit.jpg_529145118.jpg\",\"articleSection\":[\"Nacionales\"],\"inLanguage\":\"es\",\"potentialAction\":[{\"@type\":\"CommentAction\",\"name\":\"Comment\",\"target\":[\"https:\\\/\\\/cvinoticias.com\\\/v3\\\/las-vacunas-del-calendario-nacional-ya-estan-disponibles-en-la-aplicacion-mi-argentina\\\/#respond\"]}]},{\"@type\":\"WebPage\",\"@id\":\"https:\\\/\\\/cvinoticias.com\\\/v3\\\/las-vacunas-del-calendario-nacional-ya-estan-disponibles-en-la-aplicacion-mi-argentina\\\/\",\"url\":\"https:\\\/\\\/cvinoticias.com\\\/v3\\\/las-vacunas-del-calendario-nacional-ya-estan-disponibles-en-la-aplicacion-mi-argentina\\\/\",\"name\":\"Las vacunas del calendario nacional ya est\u00e1n disponibles en la aplicaci\u00f3n Mi Argentina | CVI NOTICIAS\",\"isPartOf\":{\"@id\":\"https:\\\/\\\/cvinoticias.com\\\/v3\\\/#website\"},\"primaryImageOfPage\":{\"@id\":\"https:\\\/\\\/cvinoticias.com\\\/v3\\\/las-vacunas-del-calendario-nacional-ya-estan-disponibles-en-la-aplicacion-mi-argentina\\\/#primaryimage\"},\"image\":{\"@id\":\"https:\\\/\\\/cvinoticias.com\\\/v3\\\/las-vacunas-del-calendario-nacional-ya-estan-disponibles-en-la-aplicacion-mi-argentina\\\/#primaryimage\"},\"thumbnailUrl\":\"https:\\\/\\\/cvinoticias.com\\\/wp-content\\\/uploads\\\/2023\\\/05\\\/mi_salud_edit.jpg_529145118.jpg\",\"datePublished\":\"2023-05-18T11:45:11+00:00\",\"breadcrumb\":{\"@id\":\"https:\\\/\\\/cvinoticias.com\\\/v3\\\/las-vacunas-del-calendario-nacional-ya-estan-disponibles-en-la-aplicacion-mi-argentina\\\/#breadcrumb\"},\"inLanguage\":\"es\",\"potentialAction\":[{\"@type\":\"ReadAction\",\"target\":[\"https:\\\/\\\/cvinoticias.com\\\/v3\\\/las-vacunas-del-calendario-nacional-ya-estan-disponibles-en-la-aplicacion-mi-argentina\\\/\"]}]},{\"@type\":\"ImageObject\",\"inLanguage\":\"es\",\"@id\":\"https:\\\/\\\/cvinoticias.com\\\/v3\\\/las-vacunas-del-calendario-nacional-ya-estan-disponibles-en-la-aplicacion-mi-argentina\\\/#primaryimage\",\"url\":\"https:\\\/\\\/cvinoticias.com\\\/wp-content\\\/uploads\\\/2023\\\/05\\\/mi_salud_edit.jpg_529145118.jpg\",\"contentUrl\":\"https:\\\/\\\/cvinoticias.com\\\/wp-content\\\/uploads\\\/2023\\\/05\\\/mi_salud_edit.jpg_529145118.jpg\",\"width\":368,\"height\":207},{\"@type\":\"BreadcrumbList\",\"@id\":\"https:\\\/\\\/cvinoticias.com\\\/v3\\\/las-vacunas-del-calendario-nacional-ya-estan-disponibles-en-la-aplicacion-mi-argentina\\\/#breadcrumb\",\"itemListElement\":[{\"@type\":\"ListItem\",\"position\":1,\"name\":\"Portada\",\"item\":\"https:\\\/\\\/cvinoticias.com\\\/v3\\\/\"},{\"@type\":\"ListItem\",\"position\":2,\"name\":\"Las vacunas del calendario nacional ya est\u00e1n disponibles en la aplicaci\u00f3n Mi Argentina\"}]},{\"@type\":\"WebSite\",\"@id\":\"https:\\\/\\\/cvinoticias.com\\\/v3\\\/#website\",\"url\":\"https:\\\/\\\/cvinoticias.com\\\/v3\\\/\",\"name\":\"CVI NOTICIAS\",\"description\":\"\",\"publisher\":{\"@id\":\"https:\\\/\\\/cvinoticias.com\\\/v3\\\/#organization\"},\"alternateName\":\"CVI\",\"potentialAction\":[{\"@type\":\"SearchAction\",\"target\":{\"@type\":\"EntryPoint\",\"urlTemplate\":\"https:\\\/\\\/cvinoticias.com\\\/v3\\\/?s={search_term_string}\"},\"query-input\":{\"@type\":\"PropertyValueSpecification\",\"valueRequired\":true,\"valueName\":\"search_term_string\"}}],\"inLanguage\":\"es\"},{\"@type\":\"Organization\",\"@id\":\"https:\\\/\\\/cvinoticias.com\\\/v3\\\/#organization\",\"name\":\"CVI NOTICIAS\",\"url\":\"https:\\\/\\\/cvinoticias.com\\\/v3\\\/\",\"logo\":{\"@type\":\"ImageObject\",\"inLanguage\":\"es\",\"@id\":\"https:\\\/\\\/cvinoticias.com\\\/v3\\\/#\\\/schema\\\/logo\\\/image\\\/\",\"url\":\"https:\\\/\\\/cvinoticias.com\\\/wp-content\\\/uploads\\\/2023\\\/04\\\/cropped-cropped-cropped-cropped-cropped-3-1.png\",\"contentUrl\":\"https:\\\/\\\/cvinoticias.com\\\/wp-content\\\/uploads\\\/2023\\\/04\\\/cropped-cropped-cropped-cropped-cropped-3-1.png\",\"width\":95,\"height\":122,\"caption\":\"CVI NOTICIAS\"},\"image\":{\"@id\":\"https:\\\/\\\/cvinoticias.com\\\/v3\\\/#\\\/schema\\\/logo\\\/image\\\/\"},\"sameAs\":[\"https:\\\/\\\/www.facebook.com\\\/cvinoticias\",\"https:\\\/\\\/www.instagram.com\\\/cvinoticias\\\/\",\"https:\\\/\\\/www.youtube.com\\\/@CVINOTICIAS\"]},{\"@type\":\"Person\",\"@id\":\"https:\\\/\\\/cvinoticias.com\\\/v3\\\/#\\\/schema\\\/person\\\/2db77e3c6bc03c538495d7b2b8be9b66\",\"name\":\"f1000024\",\"image\":{\"@type\":\"ImageObject\",\"inLanguage\":\"es\",\"@id\":\"https:\\\/\\\/secure.gravatar.com\\\/avatar\\\/d4fe7459cfc51ff5129ce1a732bbef5928568b8092d412ef95611616376bbeed?s=96&d=mm&r=g\",\"url\":\"https:\\\/\\\/secure.gravatar.com\\\/avatar\\\/d4fe7459cfc51ff5129ce1a732bbef5928568b8092d412ef95611616376bbeed?s=96&d=mm&r=g\",\"contentUrl\":\"https:\\\/\\\/secure.gravatar.com\\\/avatar\\\/d4fe7459cfc51ff5129ce1a732bbef5928568b8092d412ef95611616376bbeed?s=96&d=mm&r=g\",\"caption\":\"f1000024\"},\"url\":\"https:\\\/\\\/cvinoticias.com\\\/v3\\\/author\\\/f1000024\\\/\"}]}<\/script>\n<!-- \/ Yoast SEO plugin. -->","yoast_head_json":{"title":"Las vacunas del calendario nacional ya est\u00e1n disponibles en la aplicaci\u00f3n Mi Argentina | CVI NOTICIAS","robots":{"index":"index","follow":"follow","max-snippet":"max-snippet:-1","max-image-preview":"max-image-preview:large","max-video-preview":"max-video-preview:-1"},"canonical":"https:\/\/cvinoticias.com\/v3\/las-vacunas-del-calendario-nacional-ya-estan-disponibles-en-la-aplicacion-mi-argentina\/","og_locale":"es_ES","og_type":"article","og_title":"Las vacunas del calendario nacional ya est\u00e1n disponibles en la aplicaci\u00f3n Mi Argentina | CVI NOTICIAS","og_description":"Dentro de la secci\u00f3n \u201cMi salud\u201d, las personas usuarias podr\u00e1n encontrar sus vacunas de calendario ordenadas alfab\u00e9ticamente y las dosis ordenadas por fecha descendente. Adem\u00e1s, cada dosis tendr\u00e1 los datos completos de lote, fecha y .lugar de inoculaci\u00f3n El Ministerio de Salud inform\u00f3 que se encuentra disponible, en la aplicaci\u00f3n \u00abMi Argentina\u00bb, el servicio que [&hellip;]","og_url":"https:\/\/cvinoticias.com\/v3\/las-vacunas-del-calendario-nacional-ya-estan-disponibles-en-la-aplicacion-mi-argentina\/","og_site_name":"CVI NOTICIAS","article_publisher":"https:\/\/www.facebook.com\/cvinoticias","article_published_time":"2023-05-18T11:45:11+00:00","og_image":[{"width":368,"height":207,"url":"https:\/\/cvinoticias.com\/wp-content\/uploads\/2023\/05\/mi_salud_edit.jpg_529145118.jpg","type":"image\/jpeg"}],"author":"f1000024","twitter_card":"summary_large_image","twitter_misc":{"Escrito por":"f1000024","Tiempo de lectura":"1 minuto"},"schema":{"@context":"https:\/\/schema.org","@graph":[{"@type":"Article","@id":"https:\/\/cvinoticias.com\/v3\/las-vacunas-del-calendario-nacional-ya-estan-disponibles-en-la-aplicacion-mi-argentina\/#article","isPartOf":{"@id":"https:\/\/cvinoticias.com\/v3\/las-vacunas-del-calendario-nacional-ya-estan-disponibles-en-la-aplicacion-mi-argentina\/"},"author":{"name":"f1000024","@id":"https:\/\/cvinoticias.com\/v3\/#\/schema\/person\/2db77e3c6bc03c538495d7b2b8be9b66"},"headline":"Las vacunas del calendario nacional ya est\u00e1n disponibles en la aplicaci\u00f3n Mi Argentina","datePublished":"2023-05-18T11:45:11+00:00","mainEntityOfPage":{"@id":"https:\/\/cvinoticias.com\/v3\/las-vacunas-del-calendario-nacional-ya-estan-disponibles-en-la-aplicacion-mi-argentina\/"},"wordCount":221,"commentCount":0,"publisher":{"@id":"https:\/\/cvinoticias.com\/v3\/#organization"},"image":{"@id":"https:\/\/cvinoticias.com\/v3\/las-vacunas-del-calendario-nacional-ya-estan-disponibles-en-la-aplicacion-mi-argentina\/#primaryimage"},"thumbnailUrl":"https:\/\/cvinoticias.com\/wp-content\/uploads\/2023\/05\/mi_salud_edit.jpg_529145118.jpg","articleSection":["Nacionales"],"inLanguage":"es","potentialAction":[{"@type":"CommentAction","name":"Comment","target":["https:\/\/cvinoticias.com\/v3\/las-vacunas-del-calendario-nacional-ya-estan-disponibles-en-la-aplicacion-mi-argentina\/#respond"]}]},{"@type":"WebPage","@id":"https:\/\/cvinoticias.com\/v3\/las-vacunas-del-calendario-nacional-ya-estan-disponibles-en-la-aplicacion-mi-argentina\/","url":"https:\/\/cvinoticias.com\/v3\/las-vacunas-del-calendario-nacional-ya-estan-disponibles-en-la-aplicacion-mi-argentina\/","name":"Las vacunas del calendario nacional ya est\u00e1n disponibles en la aplicaci\u00f3n Mi Argentina | CVI NOTICIAS","isPartOf":{"@id":"https:\/\/cvinoticias.com\/v3\/#website"},"primaryImageOfPage":{"@id":"https:\/\/cvinoticias.com\/v3\/las-vacunas-del-calendario-nacional-ya-estan-disponibles-en-la-aplicacion-mi-argentina\/#primaryimage"},"image":{"@id":"https:\/\/cvinoticias.com\/v3\/las-vacunas-del-calendario-nacional-ya-estan-disponibles-en-la-aplicacion-mi-argentina\/#primaryimage"},"thumbnailUrl":"https:\/\/cvinoticias.com\/wp-content\/uploads\/2023\/05\/mi_salud_edit.jpg_529145118.jpg","datePublished":"2023-05-18T11:45:11+00:00","breadcrumb":{"@id":"https:\/\/cvinoticias.com\/v3\/las-vacunas-del-calendario-nacional-ya-estan-disponibles-en-la-aplicacion-mi-argentina\/#breadcrumb"},"inLanguage":"es","potentialAction":[{"@type":"ReadAction","target":["https:\/\/cvinoticias.com\/v3\/las-vacunas-del-calendario-nacional-ya-estan-disponibles-en-la-aplicacion-mi-argentina\/"]}]},{"@type":"ImageObject","inLanguage":"es","@id":"https:\/\/cvinoticias.com\/v3\/las-vacunas-del-calendario-nacional-ya-estan-disponibles-en-la-aplicacion-mi-argentina\/#primaryimage","url":"https:\/\/cvinoticias.com\/wp-content\/uploads\/2023\/05\/mi_salud_edit.jpg_529145118.jpg","contentUrl":"https:\/\/cvinoticias.com\/wp-content\/uploads\/2023\/05\/mi_salud_edit.jpg_529145118.jpg","width":368,"height":207},{"@type":"BreadcrumbList","@id":"https:\/\/cvinoticias.com\/v3\/las-vacunas-del-calendario-nacional-ya-estan-disponibles-en-la-aplicacion-mi-argentina\/#breadcrumb","itemListElement":[{"@type":"ListItem","position":1,"name":"Portada","item":"https:\/\/cvinoticias.com\/v3\/"},{"@type":"ListItem","position":2,"name":"Las vacunas del calendario nacional ya est\u00e1n disponibles en la aplicaci\u00f3n Mi Argentina"}]},{"@type":"WebSite","@id":"https:\/\/cvinoticias.com\/v3\/#website","url":"https:\/\/cvinoticias.com\/v3\/","name":"CVI NOTICIAS","description":"","publisher":{"@id":"https:\/\/cvinoticias.com\/v3\/#organization"},"alternateName":"CVI","potentialAction":[{"@type":"SearchAction","target":{"@type":"EntryPoint","urlTemplate":"https:\/\/cvinoticias.com\/v3\/?s={search_term_string}"},"query-input":{"@type":"PropertyValueSpecification","valueRequired":true,"valueName":"search_term_string"}}],"inLanguage":"es"},{"@type":"Organization","@id":"https:\/\/cvinoticias.com\/v3\/#organization","name":"CVI NOTICIAS","url":"https:\/\/cvinoticias.com\/v3\/","logo":{"@type":"ImageObject","inLanguage":"es","@id":"https:\/\/cvinoticias.com\/v3\/#\/schema\/logo\/image\/","url":"https:\/\/cvinoticias.com\/wp-content\/uploads\/2023\/04\/cropped-cropped-cropped-cropped-cropped-3-1.png","contentUrl":"https:\/\/cvinoticias.com\/wp-content\/uploads\/2023\/04\/cropped-cropped-cropped-cropped-cropped-3-1.png","width":95,"height":122,"caption":"CVI NOTICIAS"},"image":{"@id":"https:\/\/cvinoticias.com\/v3\/#\/schema\/logo\/image\/"},"sameAs":["https:\/\/www.facebook.com\/cvinoticias","https:\/\/www.instagram.com\/cvinoticias\/","https:\/\/www.youtube.com\/@CVINOTICIAS"]},{"@type":"Person","@id":"https:\/\/cvinoticias.com\/v3\/#\/schema\/person\/2db77e3c6bc03c538495d7b2b8be9b66","name":"f1000024","image":{"@type":"ImageObject","inLanguage":"es","@id":"https:\/\/secure.gravatar.com\/avatar\/d4fe7459cfc51ff5129ce1a732bbef5928568b8092d412ef95611616376bbeed?s=96&d=mm&r=g","url":"https:\/\/secure.gravatar.com\/avatar\/d4fe7459cfc51ff5129ce1a732bbef5928568b8092d412ef95611616376bbeed?s=96&d=mm&r=g","contentUrl":"https:\/\/secure.gravatar.com\/avatar\/d4fe7459cfc51ff5129ce1a732bbef5928568b8092d412ef95611616376bbeed?s=96&d=mm&r=g","caption":"f1000024"},"url":"https:\/\/cvinoticias.com\/v3\/author\/f1000024\/"}]}},"_links":{"self":[{"href":"https:\/\/cvinoticias.com\/v3\/wp-json\/wp\/v2\/posts\/24910","targetHints":{"allow":["GET"]}}],"collection":[{"href":"https:\/\/cvinoticias.com\/v3\/wp-json\/wp\/v2\/posts"}],"about":[{"href":"https:\/\/cvinoticias.com\/v3\/wp-json\/wp\/v2\/types\/post"}],"author":[{"embeddable":true,"href":"https:\/\/cvinoticias.com\/v3\/wp-json\/wp\/v2\/users\/2"}],"replies":[{"embeddable":true,"href":"https:\/\/cvinoticias.com\/v3\/wp-json\/wp\/v2\/comments?post=24910"}],"version-history":[{"count":1,"href":"https:\/\/cvinoticias.com\/v3\/wp-json\/wp\/v2\/posts\/24910\/revisions"}],"predecessor-version":[{"id":24912,"href":"https:\/\/cvinoticias.com\/v3\/wp-json\/wp\/v2\/posts\/24910\/revisions\/24912"}],"wp:featuredmedia":[{"embeddable":true,"href":"https:\/\/cvinoticias.com\/v3\/wp-json\/wp\/v2\/media\/24911"}],"wp:attachment":[{"href":"https:\/\/cvinoticias.com\/v3\/wp-json\/wp\/v2\/media?parent=24910"}],"wp:term":[{"taxonomy":"category","embeddable":true,"href":"https:\/\/cvinoticias.com\/v3\/wp-json\/wp\/v2\/categories?post=24910"},{"taxonomy":"post_tag","embeddable":true,"href":"https:\/\/cvinoticias.com\/v3\/wp-json\/wp\/v2\/tags?post=24910"}],"curies":[{"name":"wp","href":"https:\/\/api.w.org\/{rel}","templated":true}]}}