{"id":24898,"date":"2023-05-17T19:38:46","date_gmt":"2023-05-17T19:38:46","guid":{"rendered":"https:\/\/cvinoticias.com\/v3\/?p=24898"},"modified":"2023-05-17T19:38:46","modified_gmt":"2023-05-17T19:38:46","slug":"desarrollo-social-brinda-charla-sobre-la-importancia-de-la-linea-102-a-estudiantes","status":"publish","type":"post","link":"https:\/\/cvinoticias.com\/v3\/desarrollo-social-brinda-charla-sobre-la-importancia-de-la-linea-102-a-estudiantes\/","title":{"rendered":"Desarrollo Social brinda charla sobre la importancia de la L\u00ednea 102 a estudiantes"},"content":{"rendered":"\n<p><strong><em>En el d\u00eda el D\u00eda Internacional de las L\u00edneas de Asistencia para la Ni\u00f1ez y Adolescencia y con el objetivo de promover y consolidar el acceso del servicio gratuito de la L\u00ednea 102, \u00abLa l\u00ednea de los chicos y las chicas\u00bb, el Ministerio de Desarrollo Social, la Mujer y la Juventud, a trav\u00e9s la Direcci\u00f3n de Atenci\u00f3n Promoci\u00f3n y Protecci\u00f3n de NNyA- L\u00ednea 102, lleva adelante talleres en las escuelas primarias y secundarias sobre el derecho de la ni\u00f1ez a estar informada, ser escuchada, poder expresarse y requerir ayuda en situaciones de vulneraci\u00f3n de derechos.<\/em><\/strong><\/p>\n\n\n\n<p>El primer encuentro se realiz\u00f3 en la Escuela N\u00ba1, \u201cF\u00e9lix de Azara\u201d de la ciudad de Posadas y cont\u00f3 con la participaci\u00f3n de estudiantes, docentes y personal de la instituci\u00f3n educativa. La charla fue presidida por la directora de Atenci\u00f3n, Promoci\u00f3n y Protecci\u00f3n NNyA- Linea 102, Paula Schapovaloff y su equipo t\u00e9cnico. La directora del establecimiento, Teresa Moras, agradeci\u00f3 al Ministerio por elegir la instituci\u00f3n para llevar adelante la actividad. \u00abDestacamos esta charla que nos propuso la l\u00ednea 102 para nuestros alumnos, es muy importante que conozcan sus derechos y que tengan un lugar donde acudir\u00bb, expres\u00f3<\/p>\n\n\n\n<p>Schapovaloff, por su parte, destac\u00f3 la importancia de realizar estos encuentros para que los ni\u00f1os, ni\u00f1as y adolescentes de la provincia tengan acceso a esta herramienta y puedan conocer a pleno sus derechos, \u201cNecesitamos que los ni\u00f1os, ni\u00f1as y adolescentes sepan que la L\u00ednea es para ellos, que ellos son los que pueden llamar y que, fundamentalmente, sepan sus derechos, que nadie debe vulnerarlos y que pueden confiar en nosotros para ayudarlos\u201d, manifest\u00f3 y agreg\u00f3 que trabajan con los adolescentes que, a pesar de que conocen sus derechos, atraviesan otras problem\u00e1ticas vinculadas a la depresi\u00f3n, violencias en noviazgos, grooming, uso de sus im\u00e1genes sin su consentimiento, bullying, ciberbullying, entre otras violencias.<\/p>\n\n\n\n<figure class=\"wp-block-image size-large\"><a href=\"https:\/\/cvinoticias.com\/wp-content\/uploads\/2023\/05\/IMG-20230517-WA0179.jpg\"><img decoding=\"async\" width=\"1024\" height=\"684\" data-src=\"https:\/\/cvinoticias.com\/wp-content\/uploads\/2023\/05\/IMG-20230517-WA0179-1024x684.jpg\" alt=\"\" class=\"wp-image-24899 lazyload\" data-srcset=\"https:\/\/cvinoticias.com\/wp-content\/uploads\/2023\/05\/IMG-20230517-WA0179-1024x684.jpg 1024w, https:\/\/cvinoticias.com\/wp-content\/uploads\/2023\/05\/IMG-20230517-WA0179-300x200.jpg 300w, https:\/\/cvinoticias.com\/wp-content\/uploads\/2023\/05\/IMG-20230517-WA0179-768x513.jpg 768w, https:\/\/cvinoticias.com\/wp-content\/uploads\/2023\/05\/IMG-20230517-WA0179-1536x1026.jpg 1536w, https:\/\/cvinoticias.com\/wp-content\/uploads\/2023\/05\/IMG-20230517-WA0179.jpg 1600w\" data-sizes=\"(max-width: 1024px) 100vw, 1024px\" src=\"data:image\/svg+xml;base64,PHN2ZyB3aWR0aD0iMSIgaGVpZ2h0PSIxIiB4bWxucz0iaHR0cDovL3d3dy53My5vcmcvMjAwMC9zdmciPjwvc3ZnPg==\" style=\"--smush-placeholder-width: 1024px; --smush-placeholder-aspect-ratio: 1024\/684;\" \/><\/a><\/figure>\n\n\n\n<p>Durante los encuentros se dialog\u00f3 con los estudiantes sobre lo que es la L\u00ednea 102, modos de comunicarse con la misma, su funci\u00f3n y forma de trabajo, derechos y vulneraci\u00f3n de derechos, las diferentes formas de la violencia y las situaciones que ameritan la comunicaci\u00f3n, temas que fueron de inter\u00e9s para las y los estudiantes: Tambi\u00e9n el personal docente particip\u00f3 activamente del taller con consultas, sugerencias y aportes, trabajando tambi\u00e9n en clases con el material que se facilit\u00f3.<\/p>\n\n\n\n<p>De esta manera el Ministerio de Desarrollo Social de la Provincial continuar\u00e1 con los talleres donde se garantiza el derecho de ni\u00f1os, ni\u00f1as y adolescentes a ser informado sobre los temas que les conciernen, garantizando sus derechos a la expresi\u00f3n, a ser escuchados, actuando en situaciones de vulneraci\u00f3n de derechos donde trabaja coordinadamente con el Sistema de Protecci\u00f3n.<\/p>\n\n\n\n<figure class=\"wp-block-image size-large\"><a href=\"https:\/\/cvinoticias.com\/wp-content\/uploads\/2023\/05\/IMG-20230517-WA0178.jpg\"><img decoding=\"async\" width=\"1024\" height=\"684\" data-src=\"https:\/\/cvinoticias.com\/wp-content\/uploads\/2023\/05\/IMG-20230517-WA0178-1024x684.jpg\" alt=\"\" class=\"wp-image-24900 lazyload\" data-srcset=\"https:\/\/cvinoticias.com\/wp-content\/uploads\/2023\/05\/IMG-20230517-WA0178-1024x684.jpg 1024w, https:\/\/cvinoticias.com\/wp-content\/uploads\/2023\/05\/IMG-20230517-WA0178-300x200.jpg 300w, https:\/\/cvinoticias.com\/wp-content\/uploads\/2023\/05\/IMG-20230517-WA0178-768x513.jpg 768w, https:\/\/cvinoticias.com\/wp-content\/uploads\/2023\/05\/IMG-20230517-WA0178-1536x1026.jpg 1536w, https:\/\/cvinoticias.com\/wp-content\/uploads\/2023\/05\/IMG-20230517-WA0178.jpg 1600w\" data-sizes=\"(max-width: 1024px) 100vw, 1024px\" src=\"data:image\/svg+xml;base64,PHN2ZyB3aWR0aD0iMSIgaGVpZ2h0PSIxIiB4bWxucz0iaHR0cDovL3d3dy53My5vcmcvMjAwMC9zdmciPjwvc3ZnPg==\" style=\"--smush-placeholder-width: 1024px; --smush-placeholder-aspect-ratio: 1024\/684;\" \/><\/a><\/figure>\n","protected":false},"excerpt":{"rendered":"<p>En el d\u00eda el D\u00eda Internacional de las L\u00edneas de Asistencia para la Ni\u00f1ez y Adolescencia y con el objetivo de promover y consolidar el acceso del servicio gratuito de la L\u00ednea 102, \u00abLa l\u00ednea de los chicos y las chicas\u00bb, el Ministerio de Desarrollo Social, la Mujer y la Juventud, a trav\u00e9s la Direcci\u00f3n [&hellip;]<\/p>\n","protected":false},"author":2,"featured_media":24901,"comment_status":"open","ping_status":"open","sticky":false,"template":"","format":"standard","meta":{"footnotes":""},"categories":[43],"tags":[],"class_list":["post-24898","post","type-post","status-publish","format-standard","has-post-thumbnail","hentry","category-provinciales"],"yoast_head":"<!-- This site is optimized with the Yoast SEO plugin v27.5 - https:\/\/yoast.com\/product\/yoast-seo-wordpress\/ -->\n<title>Desarrollo Social brinda charla sobre la importancia de la L\u00ednea 102 a estudiantes | CVI NOTICIAS<\/title>\n<meta name=\"robots\" content=\"index, follow, max-snippet:-1, max-image-preview:large, max-video-preview:-1\" \/>\n<link rel=\"canonical\" href=\"https:\/\/cvinoticias.com\/v3\/desarrollo-social-brinda-charla-sobre-la-importancia-de-la-linea-102-a-estudiantes\/\" \/>\n<meta property=\"og:locale\" content=\"es_ES\" \/>\n<meta property=\"og:type\" content=\"article\" \/>\n<meta property=\"og:title\" content=\"Desarrollo Social brinda charla sobre la importancia de la L\u00ednea 102 a estudiantes | CVI NOTICIAS\" \/>\n<meta property=\"og:description\" content=\"En el d\u00eda el D\u00eda Internacional de las L\u00edneas de Asistencia para la Ni\u00f1ez y Adolescencia y con el objetivo de promover y consolidar el acceso del servicio gratuito de la L\u00ednea 102, \u00abLa l\u00ednea de los chicos y las chicas\u00bb, el Ministerio de Desarrollo Social, la Mujer y la Juventud, a trav\u00e9s la Direcci\u00f3n [&hellip;]\" \/>\n<meta property=\"og:url\" content=\"https:\/\/cvinoticias.com\/v3\/desarrollo-social-brinda-charla-sobre-la-importancia-de-la-linea-102-a-estudiantes\/\" \/>\n<meta property=\"og:site_name\" content=\"CVI NOTICIAS\" \/>\n<meta property=\"article:publisher\" content=\"https:\/\/www.facebook.com\/cvinoticias\" \/>\n<meta property=\"article:published_time\" content=\"2023-05-17T19:38:46+00:00\" \/>\n<meta property=\"og:image\" content=\"https:\/\/cvinoticias.com\/wp-content\/uploads\/2023\/05\/IMG-20230517-WA0177.jpg\" \/>\n\t<meta property=\"og:image:width\" content=\"1600\" \/>\n\t<meta property=\"og:image:height\" content=\"1069\" \/>\n\t<meta property=\"og:image:type\" content=\"image\/jpeg\" \/>\n<meta name=\"author\" content=\"f1000024\" \/>\n<meta name=\"twitter:card\" content=\"summary_large_image\" \/>\n<meta name=\"twitter:label1\" content=\"Escrito por\" \/>\n\t<meta name=\"twitter:data1\" content=\"f1000024\" \/>\n\t<meta name=\"twitter:label2\" content=\"Tiempo de lectura\" \/>\n\t<meta name=\"twitter:data2\" content=\"2 minutos\" \/>\n<script type=\"application\/ld+json\" class=\"yoast-schema-graph\">{\"@context\":\"https:\\\/\\\/schema.org\",\"@graph\":[{\"@type\":\"Article\",\"@id\":\"https:\\\/\\\/cvinoticias.com\\\/v3\\\/desarrollo-social-brinda-charla-sobre-la-importancia-de-la-linea-102-a-estudiantes\\\/#article\",\"isPartOf\":{\"@id\":\"https:\\\/\\\/cvinoticias.com\\\/v3\\\/desarrollo-social-brinda-charla-sobre-la-importancia-de-la-linea-102-a-estudiantes\\\/\"},\"author\":{\"name\":\"f1000024\",\"@id\":\"https:\\\/\\\/cvinoticias.com\\\/v3\\\/#\\\/schema\\\/person\\\/2db77e3c6bc03c538495d7b2b8be9b66\"},\"headline\":\"Desarrollo Social brinda charla sobre la importancia de la L\u00ednea 102 a estudiantes\",\"datePublished\":\"2023-05-17T19:38:46+00:00\",\"mainEntityOfPage\":{\"@id\":\"https:\\\/\\\/cvinoticias.com\\\/v3\\\/desarrollo-social-brinda-charla-sobre-la-importancia-de-la-linea-102-a-estudiantes\\\/\"},\"wordCount\":490,\"commentCount\":0,\"publisher\":{\"@id\":\"https:\\\/\\\/cvinoticias.com\\\/v3\\\/#organization\"},\"image\":{\"@id\":\"https:\\\/\\\/cvinoticias.com\\\/v3\\\/desarrollo-social-brinda-charla-sobre-la-importancia-de-la-linea-102-a-estudiantes\\\/#primaryimage\"},\"thumbnailUrl\":\"https:\\\/\\\/cvinoticias.com\\\/wp-content\\\/uploads\\\/2023\\\/05\\\/IMG-20230517-WA0177.jpg\",\"articleSection\":[\"Provinciales\"],\"inLanguage\":\"es\",\"potentialAction\":[{\"@type\":\"CommentAction\",\"name\":\"Comment\",\"target\":[\"https:\\\/\\\/cvinoticias.com\\\/v3\\\/desarrollo-social-brinda-charla-sobre-la-importancia-de-la-linea-102-a-estudiantes\\\/#respond\"]}]},{\"@type\":\"WebPage\",\"@id\":\"https:\\\/\\\/cvinoticias.com\\\/v3\\\/desarrollo-social-brinda-charla-sobre-la-importancia-de-la-linea-102-a-estudiantes\\\/\",\"url\":\"https:\\\/\\\/cvinoticias.com\\\/v3\\\/desarrollo-social-brinda-charla-sobre-la-importancia-de-la-linea-102-a-estudiantes\\\/\",\"name\":\"Desarrollo Social brinda charla sobre la importancia de la L\u00ednea 102 a estudiantes | CVI NOTICIAS\",\"isPartOf\":{\"@id\":\"https:\\\/\\\/cvinoticias.com\\\/v3\\\/#website\"},\"primaryImageOfPage\":{\"@id\":\"https:\\\/\\\/cvinoticias.com\\\/v3\\\/desarrollo-social-brinda-charla-sobre-la-importancia-de-la-linea-102-a-estudiantes\\\/#primaryimage\"},\"image\":{\"@id\":\"https:\\\/\\\/cvinoticias.com\\\/v3\\\/desarrollo-social-brinda-charla-sobre-la-importancia-de-la-linea-102-a-estudiantes\\\/#primaryimage\"},\"thumbnailUrl\":\"https:\\\/\\\/cvinoticias.com\\\/wp-content\\\/uploads\\\/2023\\\/05\\\/IMG-20230517-WA0177.jpg\",\"datePublished\":\"2023-05-17T19:38:46+00:00\",\"breadcrumb\":{\"@id\":\"https:\\\/\\\/cvinoticias.com\\\/v3\\\/desarrollo-social-brinda-charla-sobre-la-importancia-de-la-linea-102-a-estudiantes\\\/#breadcrumb\"},\"inLanguage\":\"es\",\"potentialAction\":[{\"@type\":\"ReadAction\",\"target\":[\"https:\\\/\\\/cvinoticias.com\\\/v3\\\/desarrollo-social-brinda-charla-sobre-la-importancia-de-la-linea-102-a-estudiantes\\\/\"]}]},{\"@type\":\"ImageObject\",\"inLanguage\":\"es\",\"@id\":\"https:\\\/\\\/cvinoticias.com\\\/v3\\\/desarrollo-social-brinda-charla-sobre-la-importancia-de-la-linea-102-a-estudiantes\\\/#primaryimage\",\"url\":\"https:\\\/\\\/cvinoticias.com\\\/wp-content\\\/uploads\\\/2023\\\/05\\\/IMG-20230517-WA0177.jpg\",\"contentUrl\":\"https:\\\/\\\/cvinoticias.com\\\/wp-content\\\/uploads\\\/2023\\\/05\\\/IMG-20230517-WA0177.jpg\",\"width\":1600,\"height\":1069},{\"@type\":\"BreadcrumbList\",\"@id\":\"https:\\\/\\\/cvinoticias.com\\\/v3\\\/desarrollo-social-brinda-charla-sobre-la-importancia-de-la-linea-102-a-estudiantes\\\/#breadcrumb\",\"itemListElement\":[{\"@type\":\"ListItem\",\"position\":1,\"name\":\"Portada\",\"item\":\"https:\\\/\\\/cvinoticias.com\\\/v3\\\/\"},{\"@type\":\"ListItem\",\"position\":2,\"name\":\"Desarrollo Social brinda charla sobre la importancia de la L\u00ednea 102 a estudiantes\"}]},{\"@type\":\"WebSite\",\"@id\":\"https:\\\/\\\/cvinoticias.com\\\/v3\\\/#website\",\"url\":\"https:\\\/\\\/cvinoticias.com\\\/v3\\\/\",\"name\":\"CVI NOTICIAS\",\"description\":\"\",\"publisher\":{\"@id\":\"https:\\\/\\\/cvinoticias.com\\\/v3\\\/#organization\"},\"alternateName\":\"CVI\",\"potentialAction\":[{\"@type\":\"SearchAction\",\"target\":{\"@type\":\"EntryPoint\",\"urlTemplate\":\"https:\\\/\\\/cvinoticias.com\\\/v3\\\/?s={search_term_string}\"},\"query-input\":{\"@type\":\"PropertyValueSpecification\",\"valueRequired\":true,\"valueName\":\"search_term_string\"}}],\"inLanguage\":\"es\"},{\"@type\":\"Organization\",\"@id\":\"https:\\\/\\\/cvinoticias.com\\\/v3\\\/#organization\",\"name\":\"CVI NOTICIAS\",\"url\":\"https:\\\/\\\/cvinoticias.com\\\/v3\\\/\",\"logo\":{\"@type\":\"ImageObject\",\"inLanguage\":\"es\",\"@id\":\"https:\\\/\\\/cvinoticias.com\\\/v3\\\/#\\\/schema\\\/logo\\\/image\\\/\",\"url\":\"https:\\\/\\\/cvinoticias.com\\\/wp-content\\\/uploads\\\/2023\\\/04\\\/cropped-cropped-cropped-cropped-cropped-3-1.png\",\"contentUrl\":\"https:\\\/\\\/cvinoticias.com\\\/wp-content\\\/uploads\\\/2023\\\/04\\\/cropped-cropped-cropped-cropped-cropped-3-1.png\",\"width\":95,\"height\":122,\"caption\":\"CVI NOTICIAS\"},\"image\":{\"@id\":\"https:\\\/\\\/cvinoticias.com\\\/v3\\\/#\\\/schema\\\/logo\\\/image\\\/\"},\"sameAs\":[\"https:\\\/\\\/www.facebook.com\\\/cvinoticias\",\"https:\\\/\\\/www.instagram.com\\\/cvinoticias\\\/\",\"https:\\\/\\\/www.youtube.com\\\/@CVINOTICIAS\"]},{\"@type\":\"Person\",\"@id\":\"https:\\\/\\\/cvinoticias.com\\\/v3\\\/#\\\/schema\\\/person\\\/2db77e3c6bc03c538495d7b2b8be9b66\",\"name\":\"f1000024\",\"image\":{\"@type\":\"ImageObject\",\"inLanguage\":\"es\",\"@id\":\"https:\\\/\\\/secure.gravatar.com\\\/avatar\\\/d4fe7459cfc51ff5129ce1a732bbef5928568b8092d412ef95611616376bbeed?s=96&d=mm&r=g\",\"url\":\"https:\\\/\\\/secure.gravatar.com\\\/avatar\\\/d4fe7459cfc51ff5129ce1a732bbef5928568b8092d412ef95611616376bbeed?s=96&d=mm&r=g\",\"contentUrl\":\"https:\\\/\\\/secure.gravatar.com\\\/avatar\\\/d4fe7459cfc51ff5129ce1a732bbef5928568b8092d412ef95611616376bbeed?s=96&d=mm&r=g\",\"caption\":\"f1000024\"},\"url\":\"https:\\\/\\\/cvinoticias.com\\\/v3\\\/author\\\/f1000024\\\/\"}]}<\/script>\n<!-- \/ Yoast SEO plugin. -->","yoast_head_json":{"title":"Desarrollo Social brinda charla sobre la importancia de la L\u00ednea 102 a estudiantes | CVI NOTICIAS","robots":{"index":"index","follow":"follow","max-snippet":"max-snippet:-1","max-image-preview":"max-image-preview:large","max-video-preview":"max-video-preview:-1"},"canonical":"https:\/\/cvinoticias.com\/v3\/desarrollo-social-brinda-charla-sobre-la-importancia-de-la-linea-102-a-estudiantes\/","og_locale":"es_ES","og_type":"article","og_title":"Desarrollo Social brinda charla sobre la importancia de la L\u00ednea 102 a estudiantes | CVI NOTICIAS","og_description":"En el d\u00eda el D\u00eda Internacional de las L\u00edneas de Asistencia para la Ni\u00f1ez y Adolescencia y con el objetivo de promover y consolidar el acceso del servicio gratuito de la L\u00ednea 102, \u00abLa l\u00ednea de los chicos y las chicas\u00bb, el Ministerio de Desarrollo Social, la Mujer y la Juventud, a trav\u00e9s la Direcci\u00f3n [&hellip;]","og_url":"https:\/\/cvinoticias.com\/v3\/desarrollo-social-brinda-charla-sobre-la-importancia-de-la-linea-102-a-estudiantes\/","og_site_name":"CVI NOTICIAS","article_publisher":"https:\/\/www.facebook.com\/cvinoticias","article_published_time":"2023-05-17T19:38:46+00:00","og_image":[{"width":1600,"height":1069,"url":"https:\/\/cvinoticias.com\/wp-content\/uploads\/2023\/05\/IMG-20230517-WA0177.jpg","type":"image\/jpeg"}],"author":"f1000024","twitter_card":"summary_large_image","twitter_misc":{"Escrito por":"f1000024","Tiempo de lectura":"2 minutos"},"schema":{"@context":"https:\/\/schema.org","@graph":[{"@type":"Article","@id":"https:\/\/cvinoticias.com\/v3\/desarrollo-social-brinda-charla-sobre-la-importancia-de-la-linea-102-a-estudiantes\/#article","isPartOf":{"@id":"https:\/\/cvinoticias.com\/v3\/desarrollo-social-brinda-charla-sobre-la-importancia-de-la-linea-102-a-estudiantes\/"},"author":{"name":"f1000024","@id":"https:\/\/cvinoticias.com\/v3\/#\/schema\/person\/2db77e3c6bc03c538495d7b2b8be9b66"},"headline":"Desarrollo Social brinda charla sobre la importancia de la L\u00ednea 102 a estudiantes","datePublished":"2023-05-17T19:38:46+00:00","mainEntityOfPage":{"@id":"https:\/\/cvinoticias.com\/v3\/desarrollo-social-brinda-charla-sobre-la-importancia-de-la-linea-102-a-estudiantes\/"},"wordCount":490,"commentCount":0,"publisher":{"@id":"https:\/\/cvinoticias.com\/v3\/#organization"},"image":{"@id":"https:\/\/cvinoticias.com\/v3\/desarrollo-social-brinda-charla-sobre-la-importancia-de-la-linea-102-a-estudiantes\/#primaryimage"},"thumbnailUrl":"https:\/\/cvinoticias.com\/wp-content\/uploads\/2023\/05\/IMG-20230517-WA0177.jpg","articleSection":["Provinciales"],"inLanguage":"es","potentialAction":[{"@type":"CommentAction","name":"Comment","target":["https:\/\/cvinoticias.com\/v3\/desarrollo-social-brinda-charla-sobre-la-importancia-de-la-linea-102-a-estudiantes\/#respond"]}]},{"@type":"WebPage","@id":"https:\/\/cvinoticias.com\/v3\/desarrollo-social-brinda-charla-sobre-la-importancia-de-la-linea-102-a-estudiantes\/","url":"https:\/\/cvinoticias.com\/v3\/desarrollo-social-brinda-charla-sobre-la-importancia-de-la-linea-102-a-estudiantes\/","name":"Desarrollo Social brinda charla sobre la importancia de la L\u00ednea 102 a estudiantes | CVI NOTICIAS","isPartOf":{"@id":"https:\/\/cvinoticias.com\/v3\/#website"},"primaryImageOfPage":{"@id":"https:\/\/cvinoticias.com\/v3\/desarrollo-social-brinda-charla-sobre-la-importancia-de-la-linea-102-a-estudiantes\/#primaryimage"},"image":{"@id":"https:\/\/cvinoticias.com\/v3\/desarrollo-social-brinda-charla-sobre-la-importancia-de-la-linea-102-a-estudiantes\/#primaryimage"},"thumbnailUrl":"https:\/\/cvinoticias.com\/wp-content\/uploads\/2023\/05\/IMG-20230517-WA0177.jpg","datePublished":"2023-05-17T19:38:46+00:00","breadcrumb":{"@id":"https:\/\/cvinoticias.com\/v3\/desarrollo-social-brinda-charla-sobre-la-importancia-de-la-linea-102-a-estudiantes\/#breadcrumb"},"inLanguage":"es","potentialAction":[{"@type":"ReadAction","target":["https:\/\/cvinoticias.com\/v3\/desarrollo-social-brinda-charla-sobre-la-importancia-de-la-linea-102-a-estudiantes\/"]}]},{"@type":"ImageObject","inLanguage":"es","@id":"https:\/\/cvinoticias.com\/v3\/desarrollo-social-brinda-charla-sobre-la-importancia-de-la-linea-102-a-estudiantes\/#primaryimage","url":"https:\/\/cvinoticias.com\/wp-content\/uploads\/2023\/05\/IMG-20230517-WA0177.jpg","contentUrl":"https:\/\/cvinoticias.com\/wp-content\/uploads\/2023\/05\/IMG-20230517-WA0177.jpg","width":1600,"height":1069},{"@type":"BreadcrumbList","@id":"https:\/\/cvinoticias.com\/v3\/desarrollo-social-brinda-charla-sobre-la-importancia-de-la-linea-102-a-estudiantes\/#breadcrumb","itemListElement":[{"@type":"ListItem","position":1,"name":"Portada","item":"https:\/\/cvinoticias.com\/v3\/"},{"@type":"ListItem","position":2,"name":"Desarrollo Social brinda charla sobre la importancia de la L\u00ednea 102 a estudiantes"}]},{"@type":"WebSite","@id":"https:\/\/cvinoticias.com\/v3\/#website","url":"https:\/\/cvinoticias.com\/v3\/","name":"CVI NOTICIAS","description":"","publisher":{"@id":"https:\/\/cvinoticias.com\/v3\/#organization"},"alternateName":"CVI","potentialAction":[{"@type":"SearchAction","target":{"@type":"EntryPoint","urlTemplate":"https:\/\/cvinoticias.com\/v3\/?s={search_term_string}"},"query-input":{"@type":"PropertyValueSpecification","valueRequired":true,"valueName":"search_term_string"}}],"inLanguage":"es"},{"@type":"Organization","@id":"https:\/\/cvinoticias.com\/v3\/#organization","name":"CVI NOTICIAS","url":"https:\/\/cvinoticias.com\/v3\/","logo":{"@type":"ImageObject","inLanguage":"es","@id":"https:\/\/cvinoticias.com\/v3\/#\/schema\/logo\/image\/","url":"https:\/\/cvinoticias.com\/wp-content\/uploads\/2023\/04\/cropped-cropped-cropped-cropped-cropped-3-1.png","contentUrl":"https:\/\/cvinoticias.com\/wp-content\/uploads\/2023\/04\/cropped-cropped-cropped-cropped-cropped-3-1.png","width":95,"height":122,"caption":"CVI NOTICIAS"},"image":{"@id":"https:\/\/cvinoticias.com\/v3\/#\/schema\/logo\/image\/"},"sameAs":["https:\/\/www.facebook.com\/cvinoticias","https:\/\/www.instagram.com\/cvinoticias\/","https:\/\/www.youtube.com\/@CVINOTICIAS"]},{"@type":"Person","@id":"https:\/\/cvinoticias.com\/v3\/#\/schema\/person\/2db77e3c6bc03c538495d7b2b8be9b66","name":"f1000024","image":{"@type":"ImageObject","inLanguage":"es","@id":"https:\/\/secure.gravatar.com\/avatar\/d4fe7459cfc51ff5129ce1a732bbef5928568b8092d412ef95611616376bbeed?s=96&d=mm&r=g","url":"https:\/\/secure.gravatar.com\/avatar\/d4fe7459cfc51ff5129ce1a732bbef5928568b8092d412ef95611616376bbeed?s=96&d=mm&r=g","contentUrl":"https:\/\/secure.gravatar.com\/avatar\/d4fe7459cfc51ff5129ce1a732bbef5928568b8092d412ef95611616376bbeed?s=96&d=mm&r=g","caption":"f1000024"},"url":"https:\/\/cvinoticias.com\/v3\/author\/f1000024\/"}]}},"_links":{"self":[{"href":"https:\/\/cvinoticias.com\/v3\/wp-json\/wp\/v2\/posts\/24898","targetHints":{"allow":["GET"]}}],"collection":[{"href":"https:\/\/cvinoticias.com\/v3\/wp-json\/wp\/v2\/posts"}],"about":[{"href":"https:\/\/cvinoticias.com\/v3\/wp-json\/wp\/v2\/types\/post"}],"author":[{"embeddable":true,"href":"https:\/\/cvinoticias.com\/v3\/wp-json\/wp\/v2\/users\/2"}],"replies":[{"embeddable":true,"href":"https:\/\/cvinoticias.com\/v3\/wp-json\/wp\/v2\/comments?post=24898"}],"version-history":[{"count":1,"href":"https:\/\/cvinoticias.com\/v3\/wp-json\/wp\/v2\/posts\/24898\/revisions"}],"predecessor-version":[{"id":24902,"href":"https:\/\/cvinoticias.com\/v3\/wp-json\/wp\/v2\/posts\/24898\/revisions\/24902"}],"wp:featuredmedia":[{"embeddable":true,"href":"https:\/\/cvinoticias.com\/v3\/wp-json\/wp\/v2\/media\/24901"}],"wp:attachment":[{"href":"https:\/\/cvinoticias.com\/v3\/wp-json\/wp\/v2\/media?parent=24898"}],"wp:term":[{"taxonomy":"category","embeddable":true,"href":"https:\/\/cvinoticias.com\/v3\/wp-json\/wp\/v2\/categories?post=24898"},{"taxonomy":"post_tag","embeddable":true,"href":"https:\/\/cvinoticias.com\/v3\/wp-json\/wp\/v2\/tags?post=24898"}],"curies":[{"name":"wp","href":"https:\/\/api.w.org\/{rel}","templated":true}]}}