{"id":24890,"date":"2023-05-17T11:55:17","date_gmt":"2023-05-17T11:55:17","guid":{"rendered":"https:\/\/cvinoticias.com\/v3\/?p=24890"},"modified":"2023-05-17T11:55:17","modified_gmt":"2023-05-17T11:55:17","slug":"desde-junio-entrara-en-vigencia-el-programa-ahora-viaja-por-misiones","status":"publish","type":"post","link":"https:\/\/cvinoticias.com\/v3\/desde-junio-entrara-en-vigencia-el-programa-ahora-viaja-por-misiones\/","title":{"rendered":"Desde junio entrar\u00e1 en vigencia el programa \u201cAhora Viaja por Misiones\u201d"},"content":{"rendered":"\n<p><strong><em>Semanas atr\u00e1s anticiparon la creaci\u00f3n del programa \u201cAhora Viaja por Misiones\u201d para incentivar el turismo en la provincia; el mismo est\u00e1 previsto que entre en vigencia el pr\u00f3ximo mes.<\/em><\/strong><\/p>\n\n\n\n<p>El ministro de Turismo de Misiones, Jos\u00e9 Mar\u00eda Arr\u00faa, anticip\u00f3 que el Gobierno provincial ya trabaja para la implementaci\u00f3n de este nuevo beneficio que busca potenciar a\u00fan m\u00e1s el turismo y que regir\u00e1 desde el mes de junio\u201d.<\/p>\n\n\n\n<p>De esta forma, desde el Ministerio de Turismo trabajan de manera conjunta con otros sectores para modificar los t\u00e9rminos que regir\u00e1 en el programa con el objetivo de controlar los paquetes receptivos.<\/p>\n\n\n\n<p>Cabe destacar que el programa a trav\u00e9s de una p\u00e1gina web permitir\u00e1 que empresas del rubro hotelero y agencias de viajes puedan vender paquetes de turismo interno para los misioneros con cuotas sin inter\u00e9s y 10% de reintegro.<\/p>\n","protected":false},"excerpt":{"rendered":"<p>Semanas atr\u00e1s anticiparon la creaci\u00f3n del programa \u201cAhora Viaja por Misiones\u201d para incentivar el turismo en la provincia; el mismo est\u00e1 previsto que entre en vigencia el pr\u00f3ximo mes. El ministro de Turismo de Misiones, Jos\u00e9 Mar\u00eda Arr\u00faa, anticip\u00f3 que el Gobierno provincial ya trabaja para la implementaci\u00f3n de este nuevo beneficio que busca potenciar [&hellip;]<\/p>\n","protected":false},"author":2,"featured_media":24891,"comment_status":"open","ping_status":"open","sticky":false,"template":"","format":"standard","meta":{"footnotes":""},"categories":[50],"tags":[],"class_list":["post-24890","post","type-post","status-publish","format-standard","has-post-thumbnail","hentry","category-turismo"],"yoast_head":"<!-- This site is optimized with the Yoast SEO plugin v27.4 - https:\/\/yoast.com\/product\/yoast-seo-wordpress\/ -->\n<title>Desde junio entrar\u00e1 en vigencia el programa \u201cAhora Viaja por Misiones\u201d | CVI NOTICIAS<\/title>\n<meta name=\"robots\" content=\"index, follow, max-snippet:-1, max-image-preview:large, max-video-preview:-1\" \/>\n<link rel=\"canonical\" href=\"https:\/\/cvinoticias.com\/v3\/desde-junio-entrara-en-vigencia-el-programa-ahora-viaja-por-misiones\/\" \/>\n<meta property=\"og:locale\" content=\"es_ES\" \/>\n<meta property=\"og:type\" content=\"article\" \/>\n<meta property=\"og:title\" content=\"Desde junio entrar\u00e1 en vigencia el programa \u201cAhora Viaja por Misiones\u201d | CVI NOTICIAS\" \/>\n<meta property=\"og:description\" content=\"Semanas atr\u00e1s anticiparon la creaci\u00f3n del programa \u201cAhora Viaja por Misiones\u201d para incentivar el turismo en la provincia; el mismo est\u00e1 previsto que entre en vigencia el pr\u00f3ximo mes. El ministro de Turismo de Misiones, Jos\u00e9 Mar\u00eda Arr\u00faa, anticip\u00f3 que el Gobierno provincial ya trabaja para la implementaci\u00f3n de este nuevo beneficio que busca potenciar [&hellip;]\" \/>\n<meta property=\"og:url\" content=\"https:\/\/cvinoticias.com\/v3\/desde-junio-entrara-en-vigencia-el-programa-ahora-viaja-por-misiones\/\" \/>\n<meta property=\"og:site_name\" content=\"CVI NOTICIAS\" \/>\n<meta property=\"article:publisher\" content=\"https:\/\/www.facebook.com\/cvinoticias\" \/>\n<meta property=\"article:published_time\" content=\"2023-05-17T11:55:17+00:00\" \/>\n<meta property=\"og:image\" content=\"https:\/\/cvinoticias.com\/wp-content\/uploads\/2023\/05\/FB_IMG_1667417460831.jpg\" \/>\n\t<meta property=\"og:image:width\" content=\"1080\" \/>\n\t<meta property=\"og:image:height\" content=\"810\" \/>\n\t<meta property=\"og:image:type\" content=\"image\/jpeg\" \/>\n<meta name=\"author\" content=\"f1000024\" \/>\n<meta name=\"twitter:card\" content=\"summary_large_image\" \/>\n<meta name=\"twitter:label1\" content=\"Escrito por\" \/>\n\t<meta name=\"twitter:data1\" content=\"f1000024\" \/>\n\t<meta name=\"twitter:label2\" content=\"Tiempo de lectura\" \/>\n\t<meta name=\"twitter:data2\" content=\"1 minuto\" \/>\n<script type=\"application\/ld+json\" class=\"yoast-schema-graph\">{\"@context\":\"https:\\\/\\\/schema.org\",\"@graph\":[{\"@type\":\"Article\",\"@id\":\"https:\\\/\\\/cvinoticias.com\\\/v3\\\/desde-junio-entrara-en-vigencia-el-programa-ahora-viaja-por-misiones\\\/#article\",\"isPartOf\":{\"@id\":\"https:\\\/\\\/cvinoticias.com\\\/v3\\\/desde-junio-entrara-en-vigencia-el-programa-ahora-viaja-por-misiones\\\/\"},\"author\":{\"name\":\"f1000024\",\"@id\":\"https:\\\/\\\/cvinoticias.com\\\/v3\\\/#\\\/schema\\\/person\\\/2db77e3c6bc03c538495d7b2b8be9b66\"},\"headline\":\"Desde junio entrar\u00e1 en vigencia el programa \u201cAhora Viaja por Misiones\u201d\",\"datePublished\":\"2023-05-17T11:55:17+00:00\",\"mainEntityOfPage\":{\"@id\":\"https:\\\/\\\/cvinoticias.com\\\/v3\\\/desde-junio-entrara-en-vigencia-el-programa-ahora-viaja-por-misiones\\\/\"},\"wordCount\":159,\"commentCount\":0,\"publisher\":{\"@id\":\"https:\\\/\\\/cvinoticias.com\\\/v3\\\/#organization\"},\"image\":{\"@id\":\"https:\\\/\\\/cvinoticias.com\\\/v3\\\/desde-junio-entrara-en-vigencia-el-programa-ahora-viaja-por-misiones\\\/#primaryimage\"},\"thumbnailUrl\":\"https:\\\/\\\/cvinoticias.com\\\/wp-content\\\/uploads\\\/2023\\\/05\\\/FB_IMG_1667417460831.jpg\",\"articleSection\":[\"Turismo\"],\"inLanguage\":\"es\",\"potentialAction\":[{\"@type\":\"CommentAction\",\"name\":\"Comment\",\"target\":[\"https:\\\/\\\/cvinoticias.com\\\/v3\\\/desde-junio-entrara-en-vigencia-el-programa-ahora-viaja-por-misiones\\\/#respond\"]}]},{\"@type\":\"WebPage\",\"@id\":\"https:\\\/\\\/cvinoticias.com\\\/v3\\\/desde-junio-entrara-en-vigencia-el-programa-ahora-viaja-por-misiones\\\/\",\"url\":\"https:\\\/\\\/cvinoticias.com\\\/v3\\\/desde-junio-entrara-en-vigencia-el-programa-ahora-viaja-por-misiones\\\/\",\"name\":\"Desde junio entrar\u00e1 en vigencia el programa \u201cAhora Viaja por Misiones\u201d | CVI NOTICIAS\",\"isPartOf\":{\"@id\":\"https:\\\/\\\/cvinoticias.com\\\/v3\\\/#website\"},\"primaryImageOfPage\":{\"@id\":\"https:\\\/\\\/cvinoticias.com\\\/v3\\\/desde-junio-entrara-en-vigencia-el-programa-ahora-viaja-por-misiones\\\/#primaryimage\"},\"image\":{\"@id\":\"https:\\\/\\\/cvinoticias.com\\\/v3\\\/desde-junio-entrara-en-vigencia-el-programa-ahora-viaja-por-misiones\\\/#primaryimage\"},\"thumbnailUrl\":\"https:\\\/\\\/cvinoticias.com\\\/wp-content\\\/uploads\\\/2023\\\/05\\\/FB_IMG_1667417460831.jpg\",\"datePublished\":\"2023-05-17T11:55:17+00:00\",\"breadcrumb\":{\"@id\":\"https:\\\/\\\/cvinoticias.com\\\/v3\\\/desde-junio-entrara-en-vigencia-el-programa-ahora-viaja-por-misiones\\\/#breadcrumb\"},\"inLanguage\":\"es\",\"potentialAction\":[{\"@type\":\"ReadAction\",\"target\":[\"https:\\\/\\\/cvinoticias.com\\\/v3\\\/desde-junio-entrara-en-vigencia-el-programa-ahora-viaja-por-misiones\\\/\"]}]},{\"@type\":\"ImageObject\",\"inLanguage\":\"es\",\"@id\":\"https:\\\/\\\/cvinoticias.com\\\/v3\\\/desde-junio-entrara-en-vigencia-el-programa-ahora-viaja-por-misiones\\\/#primaryimage\",\"url\":\"https:\\\/\\\/cvinoticias.com\\\/wp-content\\\/uploads\\\/2023\\\/05\\\/FB_IMG_1667417460831.jpg\",\"contentUrl\":\"https:\\\/\\\/cvinoticias.com\\\/wp-content\\\/uploads\\\/2023\\\/05\\\/FB_IMG_1667417460831.jpg\",\"width\":1080,\"height\":810},{\"@type\":\"BreadcrumbList\",\"@id\":\"https:\\\/\\\/cvinoticias.com\\\/v3\\\/desde-junio-entrara-en-vigencia-el-programa-ahora-viaja-por-misiones\\\/#breadcrumb\",\"itemListElement\":[{\"@type\":\"ListItem\",\"position\":1,\"name\":\"Portada\",\"item\":\"https:\\\/\\\/cvinoticias.com\\\/v3\\\/\"},{\"@type\":\"ListItem\",\"position\":2,\"name\":\"Desde junio entrar\u00e1 en vigencia el programa \u201cAhora Viaja por Misiones\u201d\"}]},{\"@type\":\"WebSite\",\"@id\":\"https:\\\/\\\/cvinoticias.com\\\/v3\\\/#website\",\"url\":\"https:\\\/\\\/cvinoticias.com\\\/v3\\\/\",\"name\":\"CVI NOTICIAS\",\"description\":\"\",\"publisher\":{\"@id\":\"https:\\\/\\\/cvinoticias.com\\\/v3\\\/#organization\"},\"alternateName\":\"CVI\",\"potentialAction\":[{\"@type\":\"SearchAction\",\"target\":{\"@type\":\"EntryPoint\",\"urlTemplate\":\"https:\\\/\\\/cvinoticias.com\\\/v3\\\/?s={search_term_string}\"},\"query-input\":{\"@type\":\"PropertyValueSpecification\",\"valueRequired\":true,\"valueName\":\"search_term_string\"}}],\"inLanguage\":\"es\"},{\"@type\":\"Organization\",\"@id\":\"https:\\\/\\\/cvinoticias.com\\\/v3\\\/#organization\",\"name\":\"CVI NOTICIAS\",\"url\":\"https:\\\/\\\/cvinoticias.com\\\/v3\\\/\",\"logo\":{\"@type\":\"ImageObject\",\"inLanguage\":\"es\",\"@id\":\"https:\\\/\\\/cvinoticias.com\\\/v3\\\/#\\\/schema\\\/logo\\\/image\\\/\",\"url\":\"https:\\\/\\\/cvinoticias.com\\\/wp-content\\\/uploads\\\/2023\\\/04\\\/cropped-cropped-cropped-cropped-cropped-3-1.png\",\"contentUrl\":\"https:\\\/\\\/cvinoticias.com\\\/wp-content\\\/uploads\\\/2023\\\/04\\\/cropped-cropped-cropped-cropped-cropped-3-1.png\",\"width\":95,\"height\":122,\"caption\":\"CVI NOTICIAS\"},\"image\":{\"@id\":\"https:\\\/\\\/cvinoticias.com\\\/v3\\\/#\\\/schema\\\/logo\\\/image\\\/\"},\"sameAs\":[\"https:\\\/\\\/www.facebook.com\\\/cvinoticias\",\"https:\\\/\\\/www.instagram.com\\\/cvinoticias\\\/\",\"https:\\\/\\\/www.youtube.com\\\/@CVINOTICIAS\"]},{\"@type\":\"Person\",\"@id\":\"https:\\\/\\\/cvinoticias.com\\\/v3\\\/#\\\/schema\\\/person\\\/2db77e3c6bc03c538495d7b2b8be9b66\",\"name\":\"f1000024\",\"image\":{\"@type\":\"ImageObject\",\"inLanguage\":\"es\",\"@id\":\"https:\\\/\\\/secure.gravatar.com\\\/avatar\\\/d4fe7459cfc51ff5129ce1a732bbef5928568b8092d412ef95611616376bbeed?s=96&d=mm&r=g\",\"url\":\"https:\\\/\\\/secure.gravatar.com\\\/avatar\\\/d4fe7459cfc51ff5129ce1a732bbef5928568b8092d412ef95611616376bbeed?s=96&d=mm&r=g\",\"contentUrl\":\"https:\\\/\\\/secure.gravatar.com\\\/avatar\\\/d4fe7459cfc51ff5129ce1a732bbef5928568b8092d412ef95611616376bbeed?s=96&d=mm&r=g\",\"caption\":\"f1000024\"},\"url\":\"https:\\\/\\\/cvinoticias.com\\\/v3\\\/author\\\/f1000024\\\/\"}]}<\/script>\n<!-- \/ Yoast SEO plugin. -->","yoast_head_json":{"title":"Desde junio entrar\u00e1 en vigencia el programa \u201cAhora Viaja por Misiones\u201d | CVI NOTICIAS","robots":{"index":"index","follow":"follow","max-snippet":"max-snippet:-1","max-image-preview":"max-image-preview:large","max-video-preview":"max-video-preview:-1"},"canonical":"https:\/\/cvinoticias.com\/v3\/desde-junio-entrara-en-vigencia-el-programa-ahora-viaja-por-misiones\/","og_locale":"es_ES","og_type":"article","og_title":"Desde junio entrar\u00e1 en vigencia el programa \u201cAhora Viaja por Misiones\u201d | CVI NOTICIAS","og_description":"Semanas atr\u00e1s anticiparon la creaci\u00f3n del programa \u201cAhora Viaja por Misiones\u201d para incentivar el turismo en la provincia; el mismo est\u00e1 previsto que entre en vigencia el pr\u00f3ximo mes. El ministro de Turismo de Misiones, Jos\u00e9 Mar\u00eda Arr\u00faa, anticip\u00f3 que el Gobierno provincial ya trabaja para la implementaci\u00f3n de este nuevo beneficio que busca potenciar [&hellip;]","og_url":"https:\/\/cvinoticias.com\/v3\/desde-junio-entrara-en-vigencia-el-programa-ahora-viaja-por-misiones\/","og_site_name":"CVI NOTICIAS","article_publisher":"https:\/\/www.facebook.com\/cvinoticias","article_published_time":"2023-05-17T11:55:17+00:00","og_image":[{"width":1080,"height":810,"url":"https:\/\/cvinoticias.com\/wp-content\/uploads\/2023\/05\/FB_IMG_1667417460831.jpg","type":"image\/jpeg"}],"author":"f1000024","twitter_card":"summary_large_image","twitter_misc":{"Escrito por":"f1000024","Tiempo de lectura":"1 minuto"},"schema":{"@context":"https:\/\/schema.org","@graph":[{"@type":"Article","@id":"https:\/\/cvinoticias.com\/v3\/desde-junio-entrara-en-vigencia-el-programa-ahora-viaja-por-misiones\/#article","isPartOf":{"@id":"https:\/\/cvinoticias.com\/v3\/desde-junio-entrara-en-vigencia-el-programa-ahora-viaja-por-misiones\/"},"author":{"name":"f1000024","@id":"https:\/\/cvinoticias.com\/v3\/#\/schema\/person\/2db77e3c6bc03c538495d7b2b8be9b66"},"headline":"Desde junio entrar\u00e1 en vigencia el programa \u201cAhora Viaja por Misiones\u201d","datePublished":"2023-05-17T11:55:17+00:00","mainEntityOfPage":{"@id":"https:\/\/cvinoticias.com\/v3\/desde-junio-entrara-en-vigencia-el-programa-ahora-viaja-por-misiones\/"},"wordCount":159,"commentCount":0,"publisher":{"@id":"https:\/\/cvinoticias.com\/v3\/#organization"},"image":{"@id":"https:\/\/cvinoticias.com\/v3\/desde-junio-entrara-en-vigencia-el-programa-ahora-viaja-por-misiones\/#primaryimage"},"thumbnailUrl":"https:\/\/cvinoticias.com\/wp-content\/uploads\/2023\/05\/FB_IMG_1667417460831.jpg","articleSection":["Turismo"],"inLanguage":"es","potentialAction":[{"@type":"CommentAction","name":"Comment","target":["https:\/\/cvinoticias.com\/v3\/desde-junio-entrara-en-vigencia-el-programa-ahora-viaja-por-misiones\/#respond"]}]},{"@type":"WebPage","@id":"https:\/\/cvinoticias.com\/v3\/desde-junio-entrara-en-vigencia-el-programa-ahora-viaja-por-misiones\/","url":"https:\/\/cvinoticias.com\/v3\/desde-junio-entrara-en-vigencia-el-programa-ahora-viaja-por-misiones\/","name":"Desde junio entrar\u00e1 en vigencia el programa \u201cAhora Viaja por Misiones\u201d | CVI NOTICIAS","isPartOf":{"@id":"https:\/\/cvinoticias.com\/v3\/#website"},"primaryImageOfPage":{"@id":"https:\/\/cvinoticias.com\/v3\/desde-junio-entrara-en-vigencia-el-programa-ahora-viaja-por-misiones\/#primaryimage"},"image":{"@id":"https:\/\/cvinoticias.com\/v3\/desde-junio-entrara-en-vigencia-el-programa-ahora-viaja-por-misiones\/#primaryimage"},"thumbnailUrl":"https:\/\/cvinoticias.com\/wp-content\/uploads\/2023\/05\/FB_IMG_1667417460831.jpg","datePublished":"2023-05-17T11:55:17+00:00","breadcrumb":{"@id":"https:\/\/cvinoticias.com\/v3\/desde-junio-entrara-en-vigencia-el-programa-ahora-viaja-por-misiones\/#breadcrumb"},"inLanguage":"es","potentialAction":[{"@type":"ReadAction","target":["https:\/\/cvinoticias.com\/v3\/desde-junio-entrara-en-vigencia-el-programa-ahora-viaja-por-misiones\/"]}]},{"@type":"ImageObject","inLanguage":"es","@id":"https:\/\/cvinoticias.com\/v3\/desde-junio-entrara-en-vigencia-el-programa-ahora-viaja-por-misiones\/#primaryimage","url":"https:\/\/cvinoticias.com\/wp-content\/uploads\/2023\/05\/FB_IMG_1667417460831.jpg","contentUrl":"https:\/\/cvinoticias.com\/wp-content\/uploads\/2023\/05\/FB_IMG_1667417460831.jpg","width":1080,"height":810},{"@type":"BreadcrumbList","@id":"https:\/\/cvinoticias.com\/v3\/desde-junio-entrara-en-vigencia-el-programa-ahora-viaja-por-misiones\/#breadcrumb","itemListElement":[{"@type":"ListItem","position":1,"name":"Portada","item":"https:\/\/cvinoticias.com\/v3\/"},{"@type":"ListItem","position":2,"name":"Desde junio entrar\u00e1 en vigencia el programa \u201cAhora Viaja por Misiones\u201d"}]},{"@type":"WebSite","@id":"https:\/\/cvinoticias.com\/v3\/#website","url":"https:\/\/cvinoticias.com\/v3\/","name":"CVI NOTICIAS","description":"","publisher":{"@id":"https:\/\/cvinoticias.com\/v3\/#organization"},"alternateName":"CVI","potentialAction":[{"@type":"SearchAction","target":{"@type":"EntryPoint","urlTemplate":"https:\/\/cvinoticias.com\/v3\/?s={search_term_string}"},"query-input":{"@type":"PropertyValueSpecification","valueRequired":true,"valueName":"search_term_string"}}],"inLanguage":"es"},{"@type":"Organization","@id":"https:\/\/cvinoticias.com\/v3\/#organization","name":"CVI NOTICIAS","url":"https:\/\/cvinoticias.com\/v3\/","logo":{"@type":"ImageObject","inLanguage":"es","@id":"https:\/\/cvinoticias.com\/v3\/#\/schema\/logo\/image\/","url":"https:\/\/cvinoticias.com\/wp-content\/uploads\/2023\/04\/cropped-cropped-cropped-cropped-cropped-3-1.png","contentUrl":"https:\/\/cvinoticias.com\/wp-content\/uploads\/2023\/04\/cropped-cropped-cropped-cropped-cropped-3-1.png","width":95,"height":122,"caption":"CVI NOTICIAS"},"image":{"@id":"https:\/\/cvinoticias.com\/v3\/#\/schema\/logo\/image\/"},"sameAs":["https:\/\/www.facebook.com\/cvinoticias","https:\/\/www.instagram.com\/cvinoticias\/","https:\/\/www.youtube.com\/@CVINOTICIAS"]},{"@type":"Person","@id":"https:\/\/cvinoticias.com\/v3\/#\/schema\/person\/2db77e3c6bc03c538495d7b2b8be9b66","name":"f1000024","image":{"@type":"ImageObject","inLanguage":"es","@id":"https:\/\/secure.gravatar.com\/avatar\/d4fe7459cfc51ff5129ce1a732bbef5928568b8092d412ef95611616376bbeed?s=96&d=mm&r=g","url":"https:\/\/secure.gravatar.com\/avatar\/d4fe7459cfc51ff5129ce1a732bbef5928568b8092d412ef95611616376bbeed?s=96&d=mm&r=g","contentUrl":"https:\/\/secure.gravatar.com\/avatar\/d4fe7459cfc51ff5129ce1a732bbef5928568b8092d412ef95611616376bbeed?s=96&d=mm&r=g","caption":"f1000024"},"url":"https:\/\/cvinoticias.com\/v3\/author\/f1000024\/"}]}},"_links":{"self":[{"href":"https:\/\/cvinoticias.com\/v3\/wp-json\/wp\/v2\/posts\/24890","targetHints":{"allow":["GET"]}}],"collection":[{"href":"https:\/\/cvinoticias.com\/v3\/wp-json\/wp\/v2\/posts"}],"about":[{"href":"https:\/\/cvinoticias.com\/v3\/wp-json\/wp\/v2\/types\/post"}],"author":[{"embeddable":true,"href":"https:\/\/cvinoticias.com\/v3\/wp-json\/wp\/v2\/users\/2"}],"replies":[{"embeddable":true,"href":"https:\/\/cvinoticias.com\/v3\/wp-json\/wp\/v2\/comments?post=24890"}],"version-history":[{"count":1,"href":"https:\/\/cvinoticias.com\/v3\/wp-json\/wp\/v2\/posts\/24890\/revisions"}],"predecessor-version":[{"id":24892,"href":"https:\/\/cvinoticias.com\/v3\/wp-json\/wp\/v2\/posts\/24890\/revisions\/24892"}],"wp:featuredmedia":[{"embeddable":true,"href":"https:\/\/cvinoticias.com\/v3\/wp-json\/wp\/v2\/media\/24891"}],"wp:attachment":[{"href":"https:\/\/cvinoticias.com\/v3\/wp-json\/wp\/v2\/media?parent=24890"}],"wp:term":[{"taxonomy":"category","embeddable":true,"href":"https:\/\/cvinoticias.com\/v3\/wp-json\/wp\/v2\/categories?post=24890"},{"taxonomy":"post_tag","embeddable":true,"href":"https:\/\/cvinoticias.com\/v3\/wp-json\/wp\/v2\/tags?post=24890"}],"curies":[{"name":"wp","href":"https:\/\/api.w.org\/{rel}","templated":true}]}}