{"id":24873,"date":"2023-05-17T05:39:51","date_gmt":"2023-05-17T05:39:51","guid":{"rendered":"https:\/\/cvinoticias.com\/v3\/?p=24873"},"modified":"2023-05-17T05:39:51","modified_gmt":"2023-05-17T05:39:51","slug":"cristina-kirchner-ratifico-que-no-sera-candidata-no-voy-a-ser-mascota-del-poder","status":"publish","type":"post","link":"https:\/\/cvinoticias.com\/v3\/cristina-kirchner-ratifico-que-no-sera-candidata-no-voy-a-ser-mascota-del-poder\/","title":{"rendered":"Cristina Kirchner ratific\u00f3 que no ser\u00e1 candidata: \u201cNo voy a ser mascota del poder\u201d"},"content":{"rendered":"\n<p><strong><em>En una carta publicada en sus redes sociales, volvi\u00f3 a anunciar que no ir\u00e1 por ning\u00fan cargo.<\/em><\/strong><\/p>\n\n\n\n<p>En medio de un fuerte operativo clamor para que sea la candidata a presidenta del Frente de Todos, Cristina Kirchner sorprendi\u00f3 con una larga carta para ratificar que no ser\u00e1 protagonista en este a\u00f1o electoral.<\/p>\n\n\n\n<p>En medio de un fuerte operativo clamor para que sea la candidata a presidenta del Frente de Todos, Cristina Fern\u00e1ndez sorprendi\u00f3 con una carta para ratificar que no ser\u00e1 protagonista en este a\u00f1o electoral. Retom\u00f3 los argumentos que dio luego de ser condenada en la causa Vialidad y le apunt\u00f3 a la Justicia en general y a la Corte Suprema en particular.<\/p>\n\n\n\n<p>\u201cNo voy a ser mascota del poder por ninguna candidatura. He dado muestras, como nadie, de privilegiar el proyecto colectivo sobre la ubicaci\u00f3n personal. No voy a entrar en el juego perverso que nos imponen con fachada democr\u00e1tica para que esos mismos jueces, encaramados hoy en la Corte, dicten un fallo inhabilit\u00e1ndome o directamente sac\u00e1ndome cualquier candidatura que pueda ostentar, para dejar al peronismo en absoluta fragilidad y debilidad frente a la contienda electoral. Los hechos recientes me han dado la raz\u00f3n\u201d, dijo.<\/p>\n\n\n\n<p>En ese sentido, record\u00f3 que lo que anunci\u00f3 en diciembre \u00faltimo \u201cno se trat\u00f3 de una decisi\u00f3n apresurada ni producto del momento, sino de una decisi\u00f3n razonada y pensada. Los conozco, s\u00e9 c\u00f3mo piensan, c\u00f3mo act\u00faan y c\u00f3mo van a actuar. Los he visto a lo largo de la historia y experiment\u00e9 su juego en carne propia y de mi familia, con una persecuci\u00f3n atada con precisi\u00f3n quir\u00fargica al calendario electoral\u201d.<\/p>\n","protected":false},"excerpt":{"rendered":"<p>En una carta publicada en sus redes sociales, volvi\u00f3 a anunciar que no ir\u00e1 por ning\u00fan cargo. En medio de un fuerte operativo clamor para que sea la candidata a presidenta del Frente de Todos, Cristina Kirchner sorprendi\u00f3 con una larga carta para ratificar que no ser\u00e1 protagonista en este a\u00f1o electoral. En medio de [&hellip;]<\/p>\n","protected":false},"author":2,"featured_media":24874,"comment_status":"open","ping_status":"open","sticky":false,"template":"","format":"standard","meta":{"footnotes":""},"categories":[39],"tags":[],"class_list":["post-24873","post","type-post","status-publish","format-standard","has-post-thumbnail","hentry","category-nacionales"],"yoast_head":"<!-- This site is optimized with the Yoast SEO plugin v27.5 - https:\/\/yoast.com\/product\/yoast-seo-wordpress\/ -->\n<title>Cristina Kirchner ratific\u00f3 que no ser\u00e1 candidata: \u201cNo voy a ser mascota del poder\u201d | CVI NOTICIAS<\/title>\n<meta name=\"robots\" content=\"index, follow, max-snippet:-1, max-image-preview:large, max-video-preview:-1\" \/>\n<link rel=\"canonical\" href=\"https:\/\/cvinoticias.com\/v3\/cristina-kirchner-ratifico-que-no-sera-candidata-no-voy-a-ser-mascota-del-poder\/\" \/>\n<meta property=\"og:locale\" content=\"es_ES\" \/>\n<meta property=\"og:type\" content=\"article\" \/>\n<meta property=\"og:title\" content=\"Cristina Kirchner ratific\u00f3 que no ser\u00e1 candidata: \u201cNo voy a ser mascota del poder\u201d | CVI NOTICIAS\" \/>\n<meta property=\"og:description\" content=\"En una carta publicada en sus redes sociales, volvi\u00f3 a anunciar que no ir\u00e1 por ning\u00fan cargo. En medio de un fuerte operativo clamor para que sea la candidata a presidenta del Frente de Todos, Cristina Kirchner sorprendi\u00f3 con una larga carta para ratificar que no ser\u00e1 protagonista en este a\u00f1o electoral. En medio de [&hellip;]\" \/>\n<meta property=\"og:url\" content=\"https:\/\/cvinoticias.com\/v3\/cristina-kirchner-ratifico-que-no-sera-candidata-no-voy-a-ser-mascota-del-poder\/\" \/>\n<meta property=\"og:site_name\" content=\"CVI NOTICIAS\" \/>\n<meta property=\"article:publisher\" content=\"https:\/\/www.facebook.com\/cvinoticias\" \/>\n<meta property=\"article:published_time\" content=\"2023-05-17T05:39:51+00:00\" \/>\n<meta property=\"og:image\" content=\"https:\/\/cvinoticias.com\/wp-content\/uploads\/2023\/05\/106036-cristina-kirchner-ratifico-que-no-sera-candidata-no-voy-a-ser-mascota-del-poder.jpeg\" \/>\n\t<meta property=\"og:image:width\" content=\"1100\" \/>\n\t<meta property=\"og:image:height\" content=\"733\" \/>\n\t<meta property=\"og:image:type\" content=\"image\/jpeg\" \/>\n<meta name=\"author\" content=\"f1000024\" \/>\n<meta name=\"twitter:card\" content=\"summary_large_image\" \/>\n<meta name=\"twitter:label1\" content=\"Escrito por\" \/>\n\t<meta name=\"twitter:data1\" content=\"f1000024\" \/>\n\t<meta name=\"twitter:label2\" content=\"Tiempo de lectura\" \/>\n\t<meta name=\"twitter:data2\" content=\"1 minuto\" \/>\n<script type=\"application\/ld+json\" class=\"yoast-schema-graph\">{\"@context\":\"https:\\\/\\\/schema.org\",\"@graph\":[{\"@type\":\"Article\",\"@id\":\"https:\\\/\\\/cvinoticias.com\\\/v3\\\/cristina-kirchner-ratifico-que-no-sera-candidata-no-voy-a-ser-mascota-del-poder\\\/#article\",\"isPartOf\":{\"@id\":\"https:\\\/\\\/cvinoticias.com\\\/v3\\\/cristina-kirchner-ratifico-que-no-sera-candidata-no-voy-a-ser-mascota-del-poder\\\/\"},\"author\":{\"name\":\"f1000024\",\"@id\":\"https:\\\/\\\/cvinoticias.com\\\/v3\\\/#\\\/schema\\\/person\\\/2db77e3c6bc03c538495d7b2b8be9b66\"},\"headline\":\"Cristina Kirchner ratific\u00f3 que no ser\u00e1 candidata: \u201cNo voy a ser mascota del poder\u201d\",\"datePublished\":\"2023-05-17T05:39:51+00:00\",\"mainEntityOfPage\":{\"@id\":\"https:\\\/\\\/cvinoticias.com\\\/v3\\\/cristina-kirchner-ratifico-que-no-sera-candidata-no-voy-a-ser-mascota-del-poder\\\/\"},\"wordCount\":300,\"commentCount\":0,\"publisher\":{\"@id\":\"https:\\\/\\\/cvinoticias.com\\\/v3\\\/#organization\"},\"image\":{\"@id\":\"https:\\\/\\\/cvinoticias.com\\\/v3\\\/cristina-kirchner-ratifico-que-no-sera-candidata-no-voy-a-ser-mascota-del-poder\\\/#primaryimage\"},\"thumbnailUrl\":\"https:\\\/\\\/cvinoticias.com\\\/wp-content\\\/uploads\\\/2023\\\/05\\\/106036-cristina-kirchner-ratifico-que-no-sera-candidata-no-voy-a-ser-mascota-del-poder.jpeg\",\"articleSection\":[\"Nacionales\"],\"inLanguage\":\"es\",\"potentialAction\":[{\"@type\":\"CommentAction\",\"name\":\"Comment\",\"target\":[\"https:\\\/\\\/cvinoticias.com\\\/v3\\\/cristina-kirchner-ratifico-que-no-sera-candidata-no-voy-a-ser-mascota-del-poder\\\/#respond\"]}]},{\"@type\":\"WebPage\",\"@id\":\"https:\\\/\\\/cvinoticias.com\\\/v3\\\/cristina-kirchner-ratifico-que-no-sera-candidata-no-voy-a-ser-mascota-del-poder\\\/\",\"url\":\"https:\\\/\\\/cvinoticias.com\\\/v3\\\/cristina-kirchner-ratifico-que-no-sera-candidata-no-voy-a-ser-mascota-del-poder\\\/\",\"name\":\"Cristina Kirchner ratific\u00f3 que no ser\u00e1 candidata: \u201cNo voy a ser mascota del poder\u201d | CVI NOTICIAS\",\"isPartOf\":{\"@id\":\"https:\\\/\\\/cvinoticias.com\\\/v3\\\/#website\"},\"primaryImageOfPage\":{\"@id\":\"https:\\\/\\\/cvinoticias.com\\\/v3\\\/cristina-kirchner-ratifico-que-no-sera-candidata-no-voy-a-ser-mascota-del-poder\\\/#primaryimage\"},\"image\":{\"@id\":\"https:\\\/\\\/cvinoticias.com\\\/v3\\\/cristina-kirchner-ratifico-que-no-sera-candidata-no-voy-a-ser-mascota-del-poder\\\/#primaryimage\"},\"thumbnailUrl\":\"https:\\\/\\\/cvinoticias.com\\\/wp-content\\\/uploads\\\/2023\\\/05\\\/106036-cristina-kirchner-ratifico-que-no-sera-candidata-no-voy-a-ser-mascota-del-poder.jpeg\",\"datePublished\":\"2023-05-17T05:39:51+00:00\",\"breadcrumb\":{\"@id\":\"https:\\\/\\\/cvinoticias.com\\\/v3\\\/cristina-kirchner-ratifico-que-no-sera-candidata-no-voy-a-ser-mascota-del-poder\\\/#breadcrumb\"},\"inLanguage\":\"es\",\"potentialAction\":[{\"@type\":\"ReadAction\",\"target\":[\"https:\\\/\\\/cvinoticias.com\\\/v3\\\/cristina-kirchner-ratifico-que-no-sera-candidata-no-voy-a-ser-mascota-del-poder\\\/\"]}]},{\"@type\":\"ImageObject\",\"inLanguage\":\"es\",\"@id\":\"https:\\\/\\\/cvinoticias.com\\\/v3\\\/cristina-kirchner-ratifico-que-no-sera-candidata-no-voy-a-ser-mascota-del-poder\\\/#primaryimage\",\"url\":\"https:\\\/\\\/cvinoticias.com\\\/wp-content\\\/uploads\\\/2023\\\/05\\\/106036-cristina-kirchner-ratifico-que-no-sera-candidata-no-voy-a-ser-mascota-del-poder.jpeg\",\"contentUrl\":\"https:\\\/\\\/cvinoticias.com\\\/wp-content\\\/uploads\\\/2023\\\/05\\\/106036-cristina-kirchner-ratifico-que-no-sera-candidata-no-voy-a-ser-mascota-del-poder.jpeg\",\"width\":1100,\"height\":733},{\"@type\":\"BreadcrumbList\",\"@id\":\"https:\\\/\\\/cvinoticias.com\\\/v3\\\/cristina-kirchner-ratifico-que-no-sera-candidata-no-voy-a-ser-mascota-del-poder\\\/#breadcrumb\",\"itemListElement\":[{\"@type\":\"ListItem\",\"position\":1,\"name\":\"Portada\",\"item\":\"https:\\\/\\\/cvinoticias.com\\\/v3\\\/\"},{\"@type\":\"ListItem\",\"position\":2,\"name\":\"Cristina Kirchner ratific\u00f3 que no ser\u00e1 candidata: \u201cNo voy a ser mascota del poder\u201d\"}]},{\"@type\":\"WebSite\",\"@id\":\"https:\\\/\\\/cvinoticias.com\\\/v3\\\/#website\",\"url\":\"https:\\\/\\\/cvinoticias.com\\\/v3\\\/\",\"name\":\"CVI NOTICIAS\",\"description\":\"\",\"publisher\":{\"@id\":\"https:\\\/\\\/cvinoticias.com\\\/v3\\\/#organization\"},\"alternateName\":\"CVI\",\"potentialAction\":[{\"@type\":\"SearchAction\",\"target\":{\"@type\":\"EntryPoint\",\"urlTemplate\":\"https:\\\/\\\/cvinoticias.com\\\/v3\\\/?s={search_term_string}\"},\"query-input\":{\"@type\":\"PropertyValueSpecification\",\"valueRequired\":true,\"valueName\":\"search_term_string\"}}],\"inLanguage\":\"es\"},{\"@type\":\"Organization\",\"@id\":\"https:\\\/\\\/cvinoticias.com\\\/v3\\\/#organization\",\"name\":\"CVI NOTICIAS\",\"url\":\"https:\\\/\\\/cvinoticias.com\\\/v3\\\/\",\"logo\":{\"@type\":\"ImageObject\",\"inLanguage\":\"es\",\"@id\":\"https:\\\/\\\/cvinoticias.com\\\/v3\\\/#\\\/schema\\\/logo\\\/image\\\/\",\"url\":\"https:\\\/\\\/cvinoticias.com\\\/wp-content\\\/uploads\\\/2023\\\/04\\\/cropped-cropped-cropped-cropped-cropped-3-1.png\",\"contentUrl\":\"https:\\\/\\\/cvinoticias.com\\\/wp-content\\\/uploads\\\/2023\\\/04\\\/cropped-cropped-cropped-cropped-cropped-3-1.png\",\"width\":95,\"height\":122,\"caption\":\"CVI NOTICIAS\"},\"image\":{\"@id\":\"https:\\\/\\\/cvinoticias.com\\\/v3\\\/#\\\/schema\\\/logo\\\/image\\\/\"},\"sameAs\":[\"https:\\\/\\\/www.facebook.com\\\/cvinoticias\",\"https:\\\/\\\/www.instagram.com\\\/cvinoticias\\\/\",\"https:\\\/\\\/www.youtube.com\\\/@CVINOTICIAS\"]},{\"@type\":\"Person\",\"@id\":\"https:\\\/\\\/cvinoticias.com\\\/v3\\\/#\\\/schema\\\/person\\\/2db77e3c6bc03c538495d7b2b8be9b66\",\"name\":\"f1000024\",\"image\":{\"@type\":\"ImageObject\",\"inLanguage\":\"es\",\"@id\":\"https:\\\/\\\/secure.gravatar.com\\\/avatar\\\/d4fe7459cfc51ff5129ce1a732bbef5928568b8092d412ef95611616376bbeed?s=96&d=mm&r=g\",\"url\":\"https:\\\/\\\/secure.gravatar.com\\\/avatar\\\/d4fe7459cfc51ff5129ce1a732bbef5928568b8092d412ef95611616376bbeed?s=96&d=mm&r=g\",\"contentUrl\":\"https:\\\/\\\/secure.gravatar.com\\\/avatar\\\/d4fe7459cfc51ff5129ce1a732bbef5928568b8092d412ef95611616376bbeed?s=96&d=mm&r=g\",\"caption\":\"f1000024\"},\"url\":\"https:\\\/\\\/cvinoticias.com\\\/v3\\\/author\\\/f1000024\\\/\"}]}<\/script>\n<!-- \/ Yoast SEO plugin. -->","yoast_head_json":{"title":"Cristina Kirchner ratific\u00f3 que no ser\u00e1 candidata: \u201cNo voy a ser mascota del poder\u201d | CVI NOTICIAS","robots":{"index":"index","follow":"follow","max-snippet":"max-snippet:-1","max-image-preview":"max-image-preview:large","max-video-preview":"max-video-preview:-1"},"canonical":"https:\/\/cvinoticias.com\/v3\/cristina-kirchner-ratifico-que-no-sera-candidata-no-voy-a-ser-mascota-del-poder\/","og_locale":"es_ES","og_type":"article","og_title":"Cristina Kirchner ratific\u00f3 que no ser\u00e1 candidata: \u201cNo voy a ser mascota del poder\u201d | CVI NOTICIAS","og_description":"En una carta publicada en sus redes sociales, volvi\u00f3 a anunciar que no ir\u00e1 por ning\u00fan cargo. En medio de un fuerte operativo clamor para que sea la candidata a presidenta del Frente de Todos, Cristina Kirchner sorprendi\u00f3 con una larga carta para ratificar que no ser\u00e1 protagonista en este a\u00f1o electoral. En medio de [&hellip;]","og_url":"https:\/\/cvinoticias.com\/v3\/cristina-kirchner-ratifico-que-no-sera-candidata-no-voy-a-ser-mascota-del-poder\/","og_site_name":"CVI NOTICIAS","article_publisher":"https:\/\/www.facebook.com\/cvinoticias","article_published_time":"2023-05-17T05:39:51+00:00","og_image":[{"width":1100,"height":733,"url":"https:\/\/cvinoticias.com\/wp-content\/uploads\/2023\/05\/106036-cristina-kirchner-ratifico-que-no-sera-candidata-no-voy-a-ser-mascota-del-poder.jpeg","type":"image\/jpeg"}],"author":"f1000024","twitter_card":"summary_large_image","twitter_misc":{"Escrito por":"f1000024","Tiempo de lectura":"1 minuto"},"schema":{"@context":"https:\/\/schema.org","@graph":[{"@type":"Article","@id":"https:\/\/cvinoticias.com\/v3\/cristina-kirchner-ratifico-que-no-sera-candidata-no-voy-a-ser-mascota-del-poder\/#article","isPartOf":{"@id":"https:\/\/cvinoticias.com\/v3\/cristina-kirchner-ratifico-que-no-sera-candidata-no-voy-a-ser-mascota-del-poder\/"},"author":{"name":"f1000024","@id":"https:\/\/cvinoticias.com\/v3\/#\/schema\/person\/2db77e3c6bc03c538495d7b2b8be9b66"},"headline":"Cristina Kirchner ratific\u00f3 que no ser\u00e1 candidata: \u201cNo voy a ser mascota del poder\u201d","datePublished":"2023-05-17T05:39:51+00:00","mainEntityOfPage":{"@id":"https:\/\/cvinoticias.com\/v3\/cristina-kirchner-ratifico-que-no-sera-candidata-no-voy-a-ser-mascota-del-poder\/"},"wordCount":300,"commentCount":0,"publisher":{"@id":"https:\/\/cvinoticias.com\/v3\/#organization"},"image":{"@id":"https:\/\/cvinoticias.com\/v3\/cristina-kirchner-ratifico-que-no-sera-candidata-no-voy-a-ser-mascota-del-poder\/#primaryimage"},"thumbnailUrl":"https:\/\/cvinoticias.com\/wp-content\/uploads\/2023\/05\/106036-cristina-kirchner-ratifico-que-no-sera-candidata-no-voy-a-ser-mascota-del-poder.jpeg","articleSection":["Nacionales"],"inLanguage":"es","potentialAction":[{"@type":"CommentAction","name":"Comment","target":["https:\/\/cvinoticias.com\/v3\/cristina-kirchner-ratifico-que-no-sera-candidata-no-voy-a-ser-mascota-del-poder\/#respond"]}]},{"@type":"WebPage","@id":"https:\/\/cvinoticias.com\/v3\/cristina-kirchner-ratifico-que-no-sera-candidata-no-voy-a-ser-mascota-del-poder\/","url":"https:\/\/cvinoticias.com\/v3\/cristina-kirchner-ratifico-que-no-sera-candidata-no-voy-a-ser-mascota-del-poder\/","name":"Cristina Kirchner ratific\u00f3 que no ser\u00e1 candidata: \u201cNo voy a ser mascota del poder\u201d | CVI NOTICIAS","isPartOf":{"@id":"https:\/\/cvinoticias.com\/v3\/#website"},"primaryImageOfPage":{"@id":"https:\/\/cvinoticias.com\/v3\/cristina-kirchner-ratifico-que-no-sera-candidata-no-voy-a-ser-mascota-del-poder\/#primaryimage"},"image":{"@id":"https:\/\/cvinoticias.com\/v3\/cristina-kirchner-ratifico-que-no-sera-candidata-no-voy-a-ser-mascota-del-poder\/#primaryimage"},"thumbnailUrl":"https:\/\/cvinoticias.com\/wp-content\/uploads\/2023\/05\/106036-cristina-kirchner-ratifico-que-no-sera-candidata-no-voy-a-ser-mascota-del-poder.jpeg","datePublished":"2023-05-17T05:39:51+00:00","breadcrumb":{"@id":"https:\/\/cvinoticias.com\/v3\/cristina-kirchner-ratifico-que-no-sera-candidata-no-voy-a-ser-mascota-del-poder\/#breadcrumb"},"inLanguage":"es","potentialAction":[{"@type":"ReadAction","target":["https:\/\/cvinoticias.com\/v3\/cristina-kirchner-ratifico-que-no-sera-candidata-no-voy-a-ser-mascota-del-poder\/"]}]},{"@type":"ImageObject","inLanguage":"es","@id":"https:\/\/cvinoticias.com\/v3\/cristina-kirchner-ratifico-que-no-sera-candidata-no-voy-a-ser-mascota-del-poder\/#primaryimage","url":"https:\/\/cvinoticias.com\/wp-content\/uploads\/2023\/05\/106036-cristina-kirchner-ratifico-que-no-sera-candidata-no-voy-a-ser-mascota-del-poder.jpeg","contentUrl":"https:\/\/cvinoticias.com\/wp-content\/uploads\/2023\/05\/106036-cristina-kirchner-ratifico-que-no-sera-candidata-no-voy-a-ser-mascota-del-poder.jpeg","width":1100,"height":733},{"@type":"BreadcrumbList","@id":"https:\/\/cvinoticias.com\/v3\/cristina-kirchner-ratifico-que-no-sera-candidata-no-voy-a-ser-mascota-del-poder\/#breadcrumb","itemListElement":[{"@type":"ListItem","position":1,"name":"Portada","item":"https:\/\/cvinoticias.com\/v3\/"},{"@type":"ListItem","position":2,"name":"Cristina Kirchner ratific\u00f3 que no ser\u00e1 candidata: \u201cNo voy a ser mascota del poder\u201d"}]},{"@type":"WebSite","@id":"https:\/\/cvinoticias.com\/v3\/#website","url":"https:\/\/cvinoticias.com\/v3\/","name":"CVI NOTICIAS","description":"","publisher":{"@id":"https:\/\/cvinoticias.com\/v3\/#organization"},"alternateName":"CVI","potentialAction":[{"@type":"SearchAction","target":{"@type":"EntryPoint","urlTemplate":"https:\/\/cvinoticias.com\/v3\/?s={search_term_string}"},"query-input":{"@type":"PropertyValueSpecification","valueRequired":true,"valueName":"search_term_string"}}],"inLanguage":"es"},{"@type":"Organization","@id":"https:\/\/cvinoticias.com\/v3\/#organization","name":"CVI NOTICIAS","url":"https:\/\/cvinoticias.com\/v3\/","logo":{"@type":"ImageObject","inLanguage":"es","@id":"https:\/\/cvinoticias.com\/v3\/#\/schema\/logo\/image\/","url":"https:\/\/cvinoticias.com\/wp-content\/uploads\/2023\/04\/cropped-cropped-cropped-cropped-cropped-3-1.png","contentUrl":"https:\/\/cvinoticias.com\/wp-content\/uploads\/2023\/04\/cropped-cropped-cropped-cropped-cropped-3-1.png","width":95,"height":122,"caption":"CVI NOTICIAS"},"image":{"@id":"https:\/\/cvinoticias.com\/v3\/#\/schema\/logo\/image\/"},"sameAs":["https:\/\/www.facebook.com\/cvinoticias","https:\/\/www.instagram.com\/cvinoticias\/","https:\/\/www.youtube.com\/@CVINOTICIAS"]},{"@type":"Person","@id":"https:\/\/cvinoticias.com\/v3\/#\/schema\/person\/2db77e3c6bc03c538495d7b2b8be9b66","name":"f1000024","image":{"@type":"ImageObject","inLanguage":"es","@id":"https:\/\/secure.gravatar.com\/avatar\/d4fe7459cfc51ff5129ce1a732bbef5928568b8092d412ef95611616376bbeed?s=96&d=mm&r=g","url":"https:\/\/secure.gravatar.com\/avatar\/d4fe7459cfc51ff5129ce1a732bbef5928568b8092d412ef95611616376bbeed?s=96&d=mm&r=g","contentUrl":"https:\/\/secure.gravatar.com\/avatar\/d4fe7459cfc51ff5129ce1a732bbef5928568b8092d412ef95611616376bbeed?s=96&d=mm&r=g","caption":"f1000024"},"url":"https:\/\/cvinoticias.com\/v3\/author\/f1000024\/"}]}},"_links":{"self":[{"href":"https:\/\/cvinoticias.com\/v3\/wp-json\/wp\/v2\/posts\/24873","targetHints":{"allow":["GET"]}}],"collection":[{"href":"https:\/\/cvinoticias.com\/v3\/wp-json\/wp\/v2\/posts"}],"about":[{"href":"https:\/\/cvinoticias.com\/v3\/wp-json\/wp\/v2\/types\/post"}],"author":[{"embeddable":true,"href":"https:\/\/cvinoticias.com\/v3\/wp-json\/wp\/v2\/users\/2"}],"replies":[{"embeddable":true,"href":"https:\/\/cvinoticias.com\/v3\/wp-json\/wp\/v2\/comments?post=24873"}],"version-history":[{"count":1,"href":"https:\/\/cvinoticias.com\/v3\/wp-json\/wp\/v2\/posts\/24873\/revisions"}],"predecessor-version":[{"id":24875,"href":"https:\/\/cvinoticias.com\/v3\/wp-json\/wp\/v2\/posts\/24873\/revisions\/24875"}],"wp:featuredmedia":[{"embeddable":true,"href":"https:\/\/cvinoticias.com\/v3\/wp-json\/wp\/v2\/media\/24874"}],"wp:attachment":[{"href":"https:\/\/cvinoticias.com\/v3\/wp-json\/wp\/v2\/media?parent=24873"}],"wp:term":[{"taxonomy":"category","embeddable":true,"href":"https:\/\/cvinoticias.com\/v3\/wp-json\/wp\/v2\/categories?post=24873"},{"taxonomy":"post_tag","embeddable":true,"href":"https:\/\/cvinoticias.com\/v3\/wp-json\/wp\/v2\/tags?post=24873"}],"curies":[{"name":"wp","href":"https:\/\/api.w.org\/{rel}","templated":true}]}}