{"id":24867,"date":"2023-05-17T05:21:45","date_gmt":"2023-05-17T05:21:45","guid":{"rendered":"https:\/\/cvinoticias.com\/v3\/?p=24867"},"modified":"2023-05-17T05:21:45","modified_gmt":"2023-05-17T05:21:45","slug":"san-pedro-encuentran-a-un-bebe-en-un-basurero","status":"publish","type":"post","link":"https:\/\/cvinoticias.com\/v3\/san-pedro-encuentran-a-un-bebe-en-un-basurero\/","title":{"rendered":"San Pedro: Encuentran a un beb\u00e9 en un basurero"},"content":{"rendered":"\n<p><strong><em>El hecho se registr\u00f3 alrededor de las 19, cuando una mujer report\u00f3 el hallazgo de un beb\u00e9 reci\u00e9n nacido en un basurero ubicado en cercan\u00edas a la seccional Primera de la Polic\u00eda de Misiones, en la esquina de avenida G\u00fcemes y Almirante Brown.<\/em><\/strong><\/p>\n\n\n\n<p>Un beb\u00e9 reci\u00e9n nacido fue hallado este lunes en un basurero de San Pedro y fue auxiliado por vecinos y efectivos de la comisar\u00eda local.<\/p>\n\n\n\n<p>De acuerdo a datos preliminares aportados por fuentes policiales, el hecho se registr\u00f3 alrededor de las 19, cuando una mujer report\u00f3 el hallazgo de un beb\u00e9 reci\u00e9n nacido en un basurero ubicado en cercan\u00edas a la seccional Primera de la Polic\u00eda de Misiones, en la esquina de avenida G\u00fcemes y Almirante Brown, en San Pedro.<\/p>\n\n\n\n<p>Los voceros indicaron que el ni\u00f1o fue trasladado por el personal policial hacia el hospital local, donde por estas horas est\u00e1 siendo atendido.<\/p>\n\n\n\n<p>Se aguarda informe m\u00e9dico sobre el estado de salud del beb\u00e9, mientras que los uniformados intervinientes iniciaron las labores correspondientes para determinar lo sucedido y dar con los progenitores del peque\u00f1o.<\/p>\n","protected":false},"excerpt":{"rendered":"<p>El hecho se registr\u00f3 alrededor de las 19, cuando una mujer report\u00f3 el hallazgo de un beb\u00e9 reci\u00e9n nacido en un basurero ubicado en cercan\u00edas a la seccional Primera de la Polic\u00eda de Misiones, en la esquina de avenida G\u00fcemes y Almirante Brown. Un beb\u00e9 reci\u00e9n nacido fue hallado este lunes en un basurero de [&hellip;]<\/p>\n","protected":false},"author":2,"featured_media":24868,"comment_status":"open","ping_status":"open","sticky":false,"template":"","format":"standard","meta":{"footnotes":""},"categories":[41],"tags":[],"class_list":["post-24867","post","type-post","status-publish","format-standard","has-post-thumbnail","hentry","category-policiales"],"yoast_head":"<!-- This site is optimized with the Yoast SEO plugin v27.5 - https:\/\/yoast.com\/product\/yoast-seo-wordpress\/ -->\n<title>San Pedro: Encuentran a un beb\u00e9 en un basurero | CVI NOTICIAS<\/title>\n<meta name=\"robots\" content=\"index, follow, max-snippet:-1, max-image-preview:large, max-video-preview:-1\" \/>\n<link rel=\"canonical\" href=\"https:\/\/cvinoticias.com\/v3\/san-pedro-encuentran-a-un-bebe-en-un-basurero\/\" \/>\n<meta property=\"og:locale\" content=\"es_ES\" \/>\n<meta property=\"og:type\" content=\"article\" \/>\n<meta property=\"og:title\" content=\"San Pedro: Encuentran a un beb\u00e9 en un basurero | CVI NOTICIAS\" \/>\n<meta property=\"og:description\" content=\"El hecho se registr\u00f3 alrededor de las 19, cuando una mujer report\u00f3 el hallazgo de un beb\u00e9 reci\u00e9n nacido en un basurero ubicado en cercan\u00edas a la seccional Primera de la Polic\u00eda de Misiones, en la esquina de avenida G\u00fcemes y Almirante Brown. Un beb\u00e9 reci\u00e9n nacido fue hallado este lunes en un basurero de [&hellip;]\" \/>\n<meta property=\"og:url\" content=\"https:\/\/cvinoticias.com\/v3\/san-pedro-encuentran-a-un-bebe-en-un-basurero\/\" \/>\n<meta property=\"og:site_name\" content=\"CVI NOTICIAS\" \/>\n<meta property=\"article:publisher\" content=\"https:\/\/www.facebook.com\/cvinoticias\" \/>\n<meta property=\"article:published_time\" content=\"2023-05-17T05:21:45+00:00\" \/>\n<meta property=\"og:image\" content=\"https:\/\/cvinoticias.com\/wp-content\/uploads\/2023\/05\/Screenshot_20230517_021715_Facebook.jpg\" \/>\n\t<meta property=\"og:image:width\" content=\"1080\" \/>\n\t<meta property=\"og:image:height\" content=\"624\" \/>\n\t<meta property=\"og:image:type\" content=\"image\/jpeg\" \/>\n<meta name=\"author\" content=\"f1000024\" \/>\n<meta name=\"twitter:card\" content=\"summary_large_image\" \/>\n<meta name=\"twitter:label1\" content=\"Escrito por\" \/>\n\t<meta name=\"twitter:data1\" content=\"f1000024\" \/>\n\t<meta name=\"twitter:label2\" content=\"Tiempo de lectura\" \/>\n\t<meta name=\"twitter:data2\" content=\"1 minuto\" \/>\n<script type=\"application\/ld+json\" class=\"yoast-schema-graph\">{\"@context\":\"https:\\\/\\\/schema.org\",\"@graph\":[{\"@type\":\"Article\",\"@id\":\"https:\\\/\\\/cvinoticias.com\\\/v3\\\/san-pedro-encuentran-a-un-bebe-en-un-basurero\\\/#article\",\"isPartOf\":{\"@id\":\"https:\\\/\\\/cvinoticias.com\\\/v3\\\/san-pedro-encuentran-a-un-bebe-en-un-basurero\\\/\"},\"author\":{\"name\":\"f1000024\",\"@id\":\"https:\\\/\\\/cvinoticias.com\\\/v3\\\/#\\\/schema\\\/person\\\/2db77e3c6bc03c538495d7b2b8be9b66\"},\"headline\":\"San Pedro: Encuentran a un beb\u00e9 en un basurero\",\"datePublished\":\"2023-05-17T05:21:45+00:00\",\"mainEntityOfPage\":{\"@id\":\"https:\\\/\\\/cvinoticias.com\\\/v3\\\/san-pedro-encuentran-a-un-bebe-en-un-basurero\\\/\"},\"wordCount\":197,\"commentCount\":0,\"publisher\":{\"@id\":\"https:\\\/\\\/cvinoticias.com\\\/v3\\\/#organization\"},\"image\":{\"@id\":\"https:\\\/\\\/cvinoticias.com\\\/v3\\\/san-pedro-encuentran-a-un-bebe-en-un-basurero\\\/#primaryimage\"},\"thumbnailUrl\":\"https:\\\/\\\/cvinoticias.com\\\/wp-content\\\/uploads\\\/2023\\\/05\\\/Screenshot_20230517_021715_Facebook.jpg\",\"articleSection\":[\"Policiales\"],\"inLanguage\":\"es\",\"potentialAction\":[{\"@type\":\"CommentAction\",\"name\":\"Comment\",\"target\":[\"https:\\\/\\\/cvinoticias.com\\\/v3\\\/san-pedro-encuentran-a-un-bebe-en-un-basurero\\\/#respond\"]}]},{\"@type\":\"WebPage\",\"@id\":\"https:\\\/\\\/cvinoticias.com\\\/v3\\\/san-pedro-encuentran-a-un-bebe-en-un-basurero\\\/\",\"url\":\"https:\\\/\\\/cvinoticias.com\\\/v3\\\/san-pedro-encuentran-a-un-bebe-en-un-basurero\\\/\",\"name\":\"San Pedro: Encuentran a un beb\u00e9 en un basurero | CVI NOTICIAS\",\"isPartOf\":{\"@id\":\"https:\\\/\\\/cvinoticias.com\\\/v3\\\/#website\"},\"primaryImageOfPage\":{\"@id\":\"https:\\\/\\\/cvinoticias.com\\\/v3\\\/san-pedro-encuentran-a-un-bebe-en-un-basurero\\\/#primaryimage\"},\"image\":{\"@id\":\"https:\\\/\\\/cvinoticias.com\\\/v3\\\/san-pedro-encuentran-a-un-bebe-en-un-basurero\\\/#primaryimage\"},\"thumbnailUrl\":\"https:\\\/\\\/cvinoticias.com\\\/wp-content\\\/uploads\\\/2023\\\/05\\\/Screenshot_20230517_021715_Facebook.jpg\",\"datePublished\":\"2023-05-17T05:21:45+00:00\",\"breadcrumb\":{\"@id\":\"https:\\\/\\\/cvinoticias.com\\\/v3\\\/san-pedro-encuentran-a-un-bebe-en-un-basurero\\\/#breadcrumb\"},\"inLanguage\":\"es\",\"potentialAction\":[{\"@type\":\"ReadAction\",\"target\":[\"https:\\\/\\\/cvinoticias.com\\\/v3\\\/san-pedro-encuentran-a-un-bebe-en-un-basurero\\\/\"]}]},{\"@type\":\"ImageObject\",\"inLanguage\":\"es\",\"@id\":\"https:\\\/\\\/cvinoticias.com\\\/v3\\\/san-pedro-encuentran-a-un-bebe-en-un-basurero\\\/#primaryimage\",\"url\":\"https:\\\/\\\/cvinoticias.com\\\/wp-content\\\/uploads\\\/2023\\\/05\\\/Screenshot_20230517_021715_Facebook.jpg\",\"contentUrl\":\"https:\\\/\\\/cvinoticias.com\\\/wp-content\\\/uploads\\\/2023\\\/05\\\/Screenshot_20230517_021715_Facebook.jpg\",\"width\":1080,\"height\":624},{\"@type\":\"BreadcrumbList\",\"@id\":\"https:\\\/\\\/cvinoticias.com\\\/v3\\\/san-pedro-encuentran-a-un-bebe-en-un-basurero\\\/#breadcrumb\",\"itemListElement\":[{\"@type\":\"ListItem\",\"position\":1,\"name\":\"Portada\",\"item\":\"https:\\\/\\\/cvinoticias.com\\\/v3\\\/\"},{\"@type\":\"ListItem\",\"position\":2,\"name\":\"San Pedro: Encuentran a un beb\u00e9 en un basurero\"}]},{\"@type\":\"WebSite\",\"@id\":\"https:\\\/\\\/cvinoticias.com\\\/v3\\\/#website\",\"url\":\"https:\\\/\\\/cvinoticias.com\\\/v3\\\/\",\"name\":\"CVI NOTICIAS\",\"description\":\"\",\"publisher\":{\"@id\":\"https:\\\/\\\/cvinoticias.com\\\/v3\\\/#organization\"},\"alternateName\":\"CVI\",\"potentialAction\":[{\"@type\":\"SearchAction\",\"target\":{\"@type\":\"EntryPoint\",\"urlTemplate\":\"https:\\\/\\\/cvinoticias.com\\\/v3\\\/?s={search_term_string}\"},\"query-input\":{\"@type\":\"PropertyValueSpecification\",\"valueRequired\":true,\"valueName\":\"search_term_string\"}}],\"inLanguage\":\"es\"},{\"@type\":\"Organization\",\"@id\":\"https:\\\/\\\/cvinoticias.com\\\/v3\\\/#organization\",\"name\":\"CVI NOTICIAS\",\"url\":\"https:\\\/\\\/cvinoticias.com\\\/v3\\\/\",\"logo\":{\"@type\":\"ImageObject\",\"inLanguage\":\"es\",\"@id\":\"https:\\\/\\\/cvinoticias.com\\\/v3\\\/#\\\/schema\\\/logo\\\/image\\\/\",\"url\":\"https:\\\/\\\/cvinoticias.com\\\/wp-content\\\/uploads\\\/2023\\\/04\\\/cropped-cropped-cropped-cropped-cropped-3-1.png\",\"contentUrl\":\"https:\\\/\\\/cvinoticias.com\\\/wp-content\\\/uploads\\\/2023\\\/04\\\/cropped-cropped-cropped-cropped-cropped-3-1.png\",\"width\":95,\"height\":122,\"caption\":\"CVI NOTICIAS\"},\"image\":{\"@id\":\"https:\\\/\\\/cvinoticias.com\\\/v3\\\/#\\\/schema\\\/logo\\\/image\\\/\"},\"sameAs\":[\"https:\\\/\\\/www.facebook.com\\\/cvinoticias\",\"https:\\\/\\\/www.instagram.com\\\/cvinoticias\\\/\",\"https:\\\/\\\/www.youtube.com\\\/@CVINOTICIAS\"]},{\"@type\":\"Person\",\"@id\":\"https:\\\/\\\/cvinoticias.com\\\/v3\\\/#\\\/schema\\\/person\\\/2db77e3c6bc03c538495d7b2b8be9b66\",\"name\":\"f1000024\",\"image\":{\"@type\":\"ImageObject\",\"inLanguage\":\"es\",\"@id\":\"https:\\\/\\\/secure.gravatar.com\\\/avatar\\\/d4fe7459cfc51ff5129ce1a732bbef5928568b8092d412ef95611616376bbeed?s=96&d=mm&r=g\",\"url\":\"https:\\\/\\\/secure.gravatar.com\\\/avatar\\\/d4fe7459cfc51ff5129ce1a732bbef5928568b8092d412ef95611616376bbeed?s=96&d=mm&r=g\",\"contentUrl\":\"https:\\\/\\\/secure.gravatar.com\\\/avatar\\\/d4fe7459cfc51ff5129ce1a732bbef5928568b8092d412ef95611616376bbeed?s=96&d=mm&r=g\",\"caption\":\"f1000024\"},\"url\":\"https:\\\/\\\/cvinoticias.com\\\/v3\\\/author\\\/f1000024\\\/\"}]}<\/script>\n<!-- \/ Yoast SEO plugin. -->","yoast_head_json":{"title":"San Pedro: Encuentran a un beb\u00e9 en un basurero | CVI NOTICIAS","robots":{"index":"index","follow":"follow","max-snippet":"max-snippet:-1","max-image-preview":"max-image-preview:large","max-video-preview":"max-video-preview:-1"},"canonical":"https:\/\/cvinoticias.com\/v3\/san-pedro-encuentran-a-un-bebe-en-un-basurero\/","og_locale":"es_ES","og_type":"article","og_title":"San Pedro: Encuentran a un beb\u00e9 en un basurero | CVI NOTICIAS","og_description":"El hecho se registr\u00f3 alrededor de las 19, cuando una mujer report\u00f3 el hallazgo de un beb\u00e9 reci\u00e9n nacido en un basurero ubicado en cercan\u00edas a la seccional Primera de la Polic\u00eda de Misiones, en la esquina de avenida G\u00fcemes y Almirante Brown. Un beb\u00e9 reci\u00e9n nacido fue hallado este lunes en un basurero de [&hellip;]","og_url":"https:\/\/cvinoticias.com\/v3\/san-pedro-encuentran-a-un-bebe-en-un-basurero\/","og_site_name":"CVI NOTICIAS","article_publisher":"https:\/\/www.facebook.com\/cvinoticias","article_published_time":"2023-05-17T05:21:45+00:00","og_image":[{"width":1080,"height":624,"url":"https:\/\/cvinoticias.com\/wp-content\/uploads\/2023\/05\/Screenshot_20230517_021715_Facebook.jpg","type":"image\/jpeg"}],"author":"f1000024","twitter_card":"summary_large_image","twitter_misc":{"Escrito por":"f1000024","Tiempo de lectura":"1 minuto"},"schema":{"@context":"https:\/\/schema.org","@graph":[{"@type":"Article","@id":"https:\/\/cvinoticias.com\/v3\/san-pedro-encuentran-a-un-bebe-en-un-basurero\/#article","isPartOf":{"@id":"https:\/\/cvinoticias.com\/v3\/san-pedro-encuentran-a-un-bebe-en-un-basurero\/"},"author":{"name":"f1000024","@id":"https:\/\/cvinoticias.com\/v3\/#\/schema\/person\/2db77e3c6bc03c538495d7b2b8be9b66"},"headline":"San Pedro: Encuentran a un beb\u00e9 en un basurero","datePublished":"2023-05-17T05:21:45+00:00","mainEntityOfPage":{"@id":"https:\/\/cvinoticias.com\/v3\/san-pedro-encuentran-a-un-bebe-en-un-basurero\/"},"wordCount":197,"commentCount":0,"publisher":{"@id":"https:\/\/cvinoticias.com\/v3\/#organization"},"image":{"@id":"https:\/\/cvinoticias.com\/v3\/san-pedro-encuentran-a-un-bebe-en-un-basurero\/#primaryimage"},"thumbnailUrl":"https:\/\/cvinoticias.com\/wp-content\/uploads\/2023\/05\/Screenshot_20230517_021715_Facebook.jpg","articleSection":["Policiales"],"inLanguage":"es","potentialAction":[{"@type":"CommentAction","name":"Comment","target":["https:\/\/cvinoticias.com\/v3\/san-pedro-encuentran-a-un-bebe-en-un-basurero\/#respond"]}]},{"@type":"WebPage","@id":"https:\/\/cvinoticias.com\/v3\/san-pedro-encuentran-a-un-bebe-en-un-basurero\/","url":"https:\/\/cvinoticias.com\/v3\/san-pedro-encuentran-a-un-bebe-en-un-basurero\/","name":"San Pedro: Encuentran a un beb\u00e9 en un basurero | CVI NOTICIAS","isPartOf":{"@id":"https:\/\/cvinoticias.com\/v3\/#website"},"primaryImageOfPage":{"@id":"https:\/\/cvinoticias.com\/v3\/san-pedro-encuentran-a-un-bebe-en-un-basurero\/#primaryimage"},"image":{"@id":"https:\/\/cvinoticias.com\/v3\/san-pedro-encuentran-a-un-bebe-en-un-basurero\/#primaryimage"},"thumbnailUrl":"https:\/\/cvinoticias.com\/wp-content\/uploads\/2023\/05\/Screenshot_20230517_021715_Facebook.jpg","datePublished":"2023-05-17T05:21:45+00:00","breadcrumb":{"@id":"https:\/\/cvinoticias.com\/v3\/san-pedro-encuentran-a-un-bebe-en-un-basurero\/#breadcrumb"},"inLanguage":"es","potentialAction":[{"@type":"ReadAction","target":["https:\/\/cvinoticias.com\/v3\/san-pedro-encuentran-a-un-bebe-en-un-basurero\/"]}]},{"@type":"ImageObject","inLanguage":"es","@id":"https:\/\/cvinoticias.com\/v3\/san-pedro-encuentran-a-un-bebe-en-un-basurero\/#primaryimage","url":"https:\/\/cvinoticias.com\/wp-content\/uploads\/2023\/05\/Screenshot_20230517_021715_Facebook.jpg","contentUrl":"https:\/\/cvinoticias.com\/wp-content\/uploads\/2023\/05\/Screenshot_20230517_021715_Facebook.jpg","width":1080,"height":624},{"@type":"BreadcrumbList","@id":"https:\/\/cvinoticias.com\/v3\/san-pedro-encuentran-a-un-bebe-en-un-basurero\/#breadcrumb","itemListElement":[{"@type":"ListItem","position":1,"name":"Portada","item":"https:\/\/cvinoticias.com\/v3\/"},{"@type":"ListItem","position":2,"name":"San Pedro: Encuentran a un beb\u00e9 en un basurero"}]},{"@type":"WebSite","@id":"https:\/\/cvinoticias.com\/v3\/#website","url":"https:\/\/cvinoticias.com\/v3\/","name":"CVI NOTICIAS","description":"","publisher":{"@id":"https:\/\/cvinoticias.com\/v3\/#organization"},"alternateName":"CVI","potentialAction":[{"@type":"SearchAction","target":{"@type":"EntryPoint","urlTemplate":"https:\/\/cvinoticias.com\/v3\/?s={search_term_string}"},"query-input":{"@type":"PropertyValueSpecification","valueRequired":true,"valueName":"search_term_string"}}],"inLanguage":"es"},{"@type":"Organization","@id":"https:\/\/cvinoticias.com\/v3\/#organization","name":"CVI NOTICIAS","url":"https:\/\/cvinoticias.com\/v3\/","logo":{"@type":"ImageObject","inLanguage":"es","@id":"https:\/\/cvinoticias.com\/v3\/#\/schema\/logo\/image\/","url":"https:\/\/cvinoticias.com\/wp-content\/uploads\/2023\/04\/cropped-cropped-cropped-cropped-cropped-3-1.png","contentUrl":"https:\/\/cvinoticias.com\/wp-content\/uploads\/2023\/04\/cropped-cropped-cropped-cropped-cropped-3-1.png","width":95,"height":122,"caption":"CVI NOTICIAS"},"image":{"@id":"https:\/\/cvinoticias.com\/v3\/#\/schema\/logo\/image\/"},"sameAs":["https:\/\/www.facebook.com\/cvinoticias","https:\/\/www.instagram.com\/cvinoticias\/","https:\/\/www.youtube.com\/@CVINOTICIAS"]},{"@type":"Person","@id":"https:\/\/cvinoticias.com\/v3\/#\/schema\/person\/2db77e3c6bc03c538495d7b2b8be9b66","name":"f1000024","image":{"@type":"ImageObject","inLanguage":"es","@id":"https:\/\/secure.gravatar.com\/avatar\/d4fe7459cfc51ff5129ce1a732bbef5928568b8092d412ef95611616376bbeed?s=96&d=mm&r=g","url":"https:\/\/secure.gravatar.com\/avatar\/d4fe7459cfc51ff5129ce1a732bbef5928568b8092d412ef95611616376bbeed?s=96&d=mm&r=g","contentUrl":"https:\/\/secure.gravatar.com\/avatar\/d4fe7459cfc51ff5129ce1a732bbef5928568b8092d412ef95611616376bbeed?s=96&d=mm&r=g","caption":"f1000024"},"url":"https:\/\/cvinoticias.com\/v3\/author\/f1000024\/"}]}},"_links":{"self":[{"href":"https:\/\/cvinoticias.com\/v3\/wp-json\/wp\/v2\/posts\/24867","targetHints":{"allow":["GET"]}}],"collection":[{"href":"https:\/\/cvinoticias.com\/v3\/wp-json\/wp\/v2\/posts"}],"about":[{"href":"https:\/\/cvinoticias.com\/v3\/wp-json\/wp\/v2\/types\/post"}],"author":[{"embeddable":true,"href":"https:\/\/cvinoticias.com\/v3\/wp-json\/wp\/v2\/users\/2"}],"replies":[{"embeddable":true,"href":"https:\/\/cvinoticias.com\/v3\/wp-json\/wp\/v2\/comments?post=24867"}],"version-history":[{"count":1,"href":"https:\/\/cvinoticias.com\/v3\/wp-json\/wp\/v2\/posts\/24867\/revisions"}],"predecessor-version":[{"id":24869,"href":"https:\/\/cvinoticias.com\/v3\/wp-json\/wp\/v2\/posts\/24867\/revisions\/24869"}],"wp:featuredmedia":[{"embeddable":true,"href":"https:\/\/cvinoticias.com\/v3\/wp-json\/wp\/v2\/media\/24868"}],"wp:attachment":[{"href":"https:\/\/cvinoticias.com\/v3\/wp-json\/wp\/v2\/media?parent=24867"}],"wp:term":[{"taxonomy":"category","embeddable":true,"href":"https:\/\/cvinoticias.com\/v3\/wp-json\/wp\/v2\/categories?post=24867"},{"taxonomy":"post_tag","embeddable":true,"href":"https:\/\/cvinoticias.com\/v3\/wp-json\/wp\/v2\/tags?post=24867"}],"curies":[{"name":"wp","href":"https:\/\/api.w.org\/{rel}","templated":true}]}}