{"id":24861,"date":"2023-05-16T12:47:23","date_gmt":"2023-05-16T12:47:23","guid":{"rendered":"https:\/\/cvinoticias.com\/v3\/?p=24861"},"modified":"2023-05-16T12:47:23","modified_gmt":"2023-05-16T12:47:23","slug":"diputados-inician-el-analisis-de-proyecto-integral-y-federal-sobre-tareas-de-cuidado","status":"publish","type":"post","link":"https:\/\/cvinoticias.com\/v3\/diputados-inician-el-analisis-de-proyecto-integral-y-federal-sobre-tareas-de-cuidado\/","title":{"rendered":"Diputados inician el an\u00e1lisis de proyecto \u00abintegral y federal\u00bb sobre tareas de cuidado"},"content":{"rendered":"\n<p><strong><em>La reuni\u00f3n de las comisiones presididas por Vanesa Siley (Legislaci\u00f3n del Trabajo) y M\u00f3nica Macha (Mujeres) se realizar\u00e1 desde las 16.<\/em><\/strong><\/p>\n\n\n\n<p>Un plenario de las comisiones de Legislaci\u00f3n del Trabajo, de Mujeres y Diversidad; la C\u00e1mara de Diputados comenzar\u00e1 a debatir esta tarde diferentes proyectos de ley sobre tareas de cuidados, entre ellos el presentado hace un a\u00f1o por el Poder Ejecutivo para la creaci\u00f3n de un \u00abSistema Integral de Pol\u00edticas de Cuidados\u00bb.<\/p>\n\n\n\n<p>La reuni\u00f3n de las comisiones presididas por Vanesa Siley (Legislaci\u00f3n del Trabajo) y M\u00f3nica Macha (Mujeres) se realizar\u00e1 desde las 16 en la Sala 1 del edificio Anexo A de la C\u00e1mara baja.<br>De acuerdo con el temario, existen 35 proyectos de ley sobre licencias y 12 proyectos por cuidados que cuentan con estado parlamentario, que fueron agrupados en diferentes ejes, lo que posibilitar\u00e1 agilizar el debate.<\/p>\n\n\n\n<p>El texto del Poder Ejecutivo, elaborado por el Ministerio de las Mujeres, G\u00e9neros y Diversidad junto al Ministerio de Trabajo, Empleo y Seguridad Social, establece la creaci\u00f3n del Sistema Integral de Cuidados de Argentina con perspectiva de g\u00e9nero (Sinca) y la modificaci\u00f3n del r\u00e9gimen de licencias en los sectores p\u00fablico y privado, ampliando los derechos de los trabajadores gestantes, no gestantes y adoptantes que se desempe\u00f1en en relaci\u00f3n de dependencia o sean monotributistas, monotributistas sociales o aut\u00f3nomos.<\/p>\n\n\n\n<p>Se denomina \u00abtrabajo de cuidado\u00bb a todas las actividades que cada persona realiza a diario para asegurar su propia subsistencia y la de los dem\u00e1s, como, por ejemplo: cocinar, limpiar, ordenar, hacer las compras o estar al cuidado de ni\u00f1os, personas mayores o personas con discapacidad que requieran apoyos de alg\u00fan tipo.<\/p>\n\n\n\n<p>Son tareas relacionadas con la reproducci\u00f3n, el bienestar y el sostenimiento de la vida, porque todos fueron, son o ser\u00e1n cuidados en alg\u00fan momento de la vida.<\/p>\n\n\n\n<p>En Argentina, seg\u00fan el m\u00f3dulo de uso del tiempo que se incorpor\u00f3 en 2013 a la Encuesta Anual de Hogares Urbanos (EAHU), el tiempo social promedio dedicado al trabajo de cuidado no remunerado es muy desigual. Las mujeres pasan 5,7 horas por d\u00eda haciendo trabajo de cuidado no remunerado, mientras que los varones dedican en promedio solo dos horas diarias (Indec, 2014).<br>En la pandemia, de acuerdo con el Estudio sobre el impacto de la Covid-19 en los hogares del Gran Buenos Aires realizado por Indec, la carga de cuidado aument\u00f3 y fue absorbida sobre todo por las mujeres (65% de los casos).<\/p>\n\n\n\n<p>Esa feminizaci\u00f3n del trabajo gratuito de cuidado no solo impacta en la vida econ\u00f3mica de las mujeres, lo que explica gran parte de la \u00abinactividad\u00bb, el desempleo y la informalidad en Argentina, sino que tambi\u00e9n produce pobreza y desigualdad en las familias.<\/p>\n\n\n\n<p>La iniciativa propone proteger a todas las personas que cuidan, sea de forma remunerada o no, y tambi\u00e9n a todas las que necesitan cuidados: ni\u00f1as, ni\u00f1os y adolescentes, con prioridad hasta la edad de 5 a\u00f1os inclusive; personas de 60 a\u00f1os o m\u00e1s, cuando lo requieran; y personas con discapacidad.<\/p>\n\n\n\n<p>Uno de los puntos sobresalientes del proyecto es la reforma al r\u00e9gimen de licencias. En la construcci\u00f3n de un sistema de cuidados, la pol\u00edtica de licencias es una pieza central para alcanzar la corresponsabilidad entre los g\u00e9neros.<\/p>\n\n\n\n<p>En la actualidad, Argentina se encuentra por debajo de las recomendaciones de la Organizaci\u00f3n Internacional del Trabajo, ya que la licencia por maternidad es de 90 d\u00edas (casi 13 semanas) y la de paternidad es de solamente dos d\u00edas.<\/p>\n\n\n\n<p>De aprobarse el proyecto, Argentina pasar\u00eda a estar a la vanguardia de los reg\u00edmenes existentes en la regi\u00f3n.<\/p>\n","protected":false},"excerpt":{"rendered":"<p>La reuni\u00f3n de las comisiones presididas por Vanesa Siley (Legislaci\u00f3n del Trabajo) y M\u00f3nica Macha (Mujeres) se realizar\u00e1 desde las 16. Un plenario de las comisiones de Legislaci\u00f3n del Trabajo, de Mujeres y Diversidad; la C\u00e1mara de Diputados comenzar\u00e1 a debatir esta tarde diferentes proyectos de ley sobre tareas de cuidados, entre ellos el presentado [&hellip;]<\/p>\n","protected":false},"author":2,"featured_media":24862,"comment_status":"open","ping_status":"open","sticky":false,"template":"","format":"standard","meta":{"footnotes":""},"categories":[39],"tags":[],"class_list":["post-24861","post","type-post","status-publish","format-standard","has-post-thumbnail","hentry","category-nacionales"],"yoast_head":"<!-- This site is optimized with the Yoast SEO plugin v27.4 - https:\/\/yoast.com\/product\/yoast-seo-wordpress\/ -->\n<title>Diputados inician el an\u00e1lisis de proyecto \u00abintegral y federal\u00bb sobre tareas de cuidado | CVI NOTICIAS<\/title>\n<meta name=\"robots\" content=\"index, follow, max-snippet:-1, max-image-preview:large, max-video-preview:-1\" \/>\n<link rel=\"canonical\" href=\"https:\/\/cvinoticias.com\/v3\/diputados-inician-el-analisis-de-proyecto-integral-y-federal-sobre-tareas-de-cuidado\/\" \/>\n<meta property=\"og:locale\" content=\"es_ES\" \/>\n<meta property=\"og:type\" content=\"article\" \/>\n<meta property=\"og:title\" content=\"Diputados inician el an\u00e1lisis de proyecto \u00abintegral y federal\u00bb sobre tareas de cuidado | CVI NOTICIAS\" \/>\n<meta property=\"og:description\" content=\"La reuni\u00f3n de las comisiones presididas por Vanesa Siley (Legislaci\u00f3n del Trabajo) y M\u00f3nica Macha (Mujeres) se realizar\u00e1 desde las 16. Un plenario de las comisiones de Legislaci\u00f3n del Trabajo, de Mujeres y Diversidad; la C\u00e1mara de Diputados comenzar\u00e1 a debatir esta tarde diferentes proyectos de ley sobre tareas de cuidados, entre ellos el presentado [&hellip;]\" \/>\n<meta property=\"og:url\" content=\"https:\/\/cvinoticias.com\/v3\/diputados-inician-el-analisis-de-proyecto-integral-y-federal-sobre-tareas-de-cuidado\/\" \/>\n<meta property=\"og:site_name\" content=\"CVI NOTICIAS\" \/>\n<meta property=\"article:publisher\" content=\"https:\/\/www.facebook.com\/cvinoticias\" \/>\n<meta property=\"article:published_time\" content=\"2023-05-16T12:47:23+00:00\" \/>\n<meta property=\"og:image\" content=\"https:\/\/cvinoticias.com\/wp-content\/uploads\/2023\/05\/10-10.jpg\" \/>\n\t<meta property=\"og:image:width\" content=\"960\" \/>\n\t<meta property=\"og:image:height\" content=\"576\" \/>\n\t<meta property=\"og:image:type\" content=\"image\/jpeg\" \/>\n<meta name=\"author\" content=\"f1000024\" \/>\n<meta name=\"twitter:card\" content=\"summary_large_image\" \/>\n<meta name=\"twitter:label1\" content=\"Escrito por\" \/>\n\t<meta name=\"twitter:data1\" content=\"f1000024\" \/>\n\t<meta name=\"twitter:label2\" content=\"Tiempo de lectura\" \/>\n\t<meta name=\"twitter:data2\" content=\"3 minutos\" \/>\n<script type=\"application\/ld+json\" class=\"yoast-schema-graph\">{\"@context\":\"https:\\\/\\\/schema.org\",\"@graph\":[{\"@type\":\"Article\",\"@id\":\"https:\\\/\\\/cvinoticias.com\\\/v3\\\/diputados-inician-el-analisis-de-proyecto-integral-y-federal-sobre-tareas-de-cuidado\\\/#article\",\"isPartOf\":{\"@id\":\"https:\\\/\\\/cvinoticias.com\\\/v3\\\/diputados-inician-el-analisis-de-proyecto-integral-y-federal-sobre-tareas-de-cuidado\\\/\"},\"author\":{\"name\":\"f1000024\",\"@id\":\"https:\\\/\\\/cvinoticias.com\\\/v3\\\/#\\\/schema\\\/person\\\/2db77e3c6bc03c538495d7b2b8be9b66\"},\"headline\":\"Diputados inician el an\u00e1lisis de proyecto \u00abintegral y federal\u00bb sobre tareas de cuidado\",\"datePublished\":\"2023-05-16T12:47:23+00:00\",\"mainEntityOfPage\":{\"@id\":\"https:\\\/\\\/cvinoticias.com\\\/v3\\\/diputados-inician-el-analisis-de-proyecto-integral-y-federal-sobre-tareas-de-cuidado\\\/\"},\"wordCount\":635,\"commentCount\":0,\"publisher\":{\"@id\":\"https:\\\/\\\/cvinoticias.com\\\/v3\\\/#organization\"},\"image\":{\"@id\":\"https:\\\/\\\/cvinoticias.com\\\/v3\\\/diputados-inician-el-analisis-de-proyecto-integral-y-federal-sobre-tareas-de-cuidado\\\/#primaryimage\"},\"thumbnailUrl\":\"https:\\\/\\\/cvinoticias.com\\\/wp-content\\\/uploads\\\/2023\\\/05\\\/10-10.jpg\",\"articleSection\":[\"Nacionales\"],\"inLanguage\":\"es\",\"potentialAction\":[{\"@type\":\"CommentAction\",\"name\":\"Comment\",\"target\":[\"https:\\\/\\\/cvinoticias.com\\\/v3\\\/diputados-inician-el-analisis-de-proyecto-integral-y-federal-sobre-tareas-de-cuidado\\\/#respond\"]}]},{\"@type\":\"WebPage\",\"@id\":\"https:\\\/\\\/cvinoticias.com\\\/v3\\\/diputados-inician-el-analisis-de-proyecto-integral-y-federal-sobre-tareas-de-cuidado\\\/\",\"url\":\"https:\\\/\\\/cvinoticias.com\\\/v3\\\/diputados-inician-el-analisis-de-proyecto-integral-y-federal-sobre-tareas-de-cuidado\\\/\",\"name\":\"Diputados inician el an\u00e1lisis de proyecto \u00abintegral y federal\u00bb sobre tareas de cuidado | CVI NOTICIAS\",\"isPartOf\":{\"@id\":\"https:\\\/\\\/cvinoticias.com\\\/v3\\\/#website\"},\"primaryImageOfPage\":{\"@id\":\"https:\\\/\\\/cvinoticias.com\\\/v3\\\/diputados-inician-el-analisis-de-proyecto-integral-y-federal-sobre-tareas-de-cuidado\\\/#primaryimage\"},\"image\":{\"@id\":\"https:\\\/\\\/cvinoticias.com\\\/v3\\\/diputados-inician-el-analisis-de-proyecto-integral-y-federal-sobre-tareas-de-cuidado\\\/#primaryimage\"},\"thumbnailUrl\":\"https:\\\/\\\/cvinoticias.com\\\/wp-content\\\/uploads\\\/2023\\\/05\\\/10-10.jpg\",\"datePublished\":\"2023-05-16T12:47:23+00:00\",\"breadcrumb\":{\"@id\":\"https:\\\/\\\/cvinoticias.com\\\/v3\\\/diputados-inician-el-analisis-de-proyecto-integral-y-federal-sobre-tareas-de-cuidado\\\/#breadcrumb\"},\"inLanguage\":\"es\",\"potentialAction\":[{\"@type\":\"ReadAction\",\"target\":[\"https:\\\/\\\/cvinoticias.com\\\/v3\\\/diputados-inician-el-analisis-de-proyecto-integral-y-federal-sobre-tareas-de-cuidado\\\/\"]}]},{\"@type\":\"ImageObject\",\"inLanguage\":\"es\",\"@id\":\"https:\\\/\\\/cvinoticias.com\\\/v3\\\/diputados-inician-el-analisis-de-proyecto-integral-y-federal-sobre-tareas-de-cuidado\\\/#primaryimage\",\"url\":\"https:\\\/\\\/cvinoticias.com\\\/wp-content\\\/uploads\\\/2023\\\/05\\\/10-10.jpg\",\"contentUrl\":\"https:\\\/\\\/cvinoticias.com\\\/wp-content\\\/uploads\\\/2023\\\/05\\\/10-10.jpg\",\"width\":960,\"height\":576},{\"@type\":\"BreadcrumbList\",\"@id\":\"https:\\\/\\\/cvinoticias.com\\\/v3\\\/diputados-inician-el-analisis-de-proyecto-integral-y-federal-sobre-tareas-de-cuidado\\\/#breadcrumb\",\"itemListElement\":[{\"@type\":\"ListItem\",\"position\":1,\"name\":\"Portada\",\"item\":\"https:\\\/\\\/cvinoticias.com\\\/v3\\\/\"},{\"@type\":\"ListItem\",\"position\":2,\"name\":\"Diputados inician el an\u00e1lisis de proyecto \u00abintegral y federal\u00bb sobre tareas de cuidado\"}]},{\"@type\":\"WebSite\",\"@id\":\"https:\\\/\\\/cvinoticias.com\\\/v3\\\/#website\",\"url\":\"https:\\\/\\\/cvinoticias.com\\\/v3\\\/\",\"name\":\"CVI NOTICIAS\",\"description\":\"\",\"publisher\":{\"@id\":\"https:\\\/\\\/cvinoticias.com\\\/v3\\\/#organization\"},\"alternateName\":\"CVI\",\"potentialAction\":[{\"@type\":\"SearchAction\",\"target\":{\"@type\":\"EntryPoint\",\"urlTemplate\":\"https:\\\/\\\/cvinoticias.com\\\/v3\\\/?s={search_term_string}\"},\"query-input\":{\"@type\":\"PropertyValueSpecification\",\"valueRequired\":true,\"valueName\":\"search_term_string\"}}],\"inLanguage\":\"es\"},{\"@type\":\"Organization\",\"@id\":\"https:\\\/\\\/cvinoticias.com\\\/v3\\\/#organization\",\"name\":\"CVI NOTICIAS\",\"url\":\"https:\\\/\\\/cvinoticias.com\\\/v3\\\/\",\"logo\":{\"@type\":\"ImageObject\",\"inLanguage\":\"es\",\"@id\":\"https:\\\/\\\/cvinoticias.com\\\/v3\\\/#\\\/schema\\\/logo\\\/image\\\/\",\"url\":\"https:\\\/\\\/cvinoticias.com\\\/wp-content\\\/uploads\\\/2023\\\/04\\\/cropped-cropped-cropped-cropped-cropped-3-1.png\",\"contentUrl\":\"https:\\\/\\\/cvinoticias.com\\\/wp-content\\\/uploads\\\/2023\\\/04\\\/cropped-cropped-cropped-cropped-cropped-3-1.png\",\"width\":95,\"height\":122,\"caption\":\"CVI NOTICIAS\"},\"image\":{\"@id\":\"https:\\\/\\\/cvinoticias.com\\\/v3\\\/#\\\/schema\\\/logo\\\/image\\\/\"},\"sameAs\":[\"https:\\\/\\\/www.facebook.com\\\/cvinoticias\",\"https:\\\/\\\/www.instagram.com\\\/cvinoticias\\\/\",\"https:\\\/\\\/www.youtube.com\\\/@CVINOTICIAS\"]},{\"@type\":\"Person\",\"@id\":\"https:\\\/\\\/cvinoticias.com\\\/v3\\\/#\\\/schema\\\/person\\\/2db77e3c6bc03c538495d7b2b8be9b66\",\"name\":\"f1000024\",\"image\":{\"@type\":\"ImageObject\",\"inLanguage\":\"es\",\"@id\":\"https:\\\/\\\/secure.gravatar.com\\\/avatar\\\/d4fe7459cfc51ff5129ce1a732bbef5928568b8092d412ef95611616376bbeed?s=96&d=mm&r=g\",\"url\":\"https:\\\/\\\/secure.gravatar.com\\\/avatar\\\/d4fe7459cfc51ff5129ce1a732bbef5928568b8092d412ef95611616376bbeed?s=96&d=mm&r=g\",\"contentUrl\":\"https:\\\/\\\/secure.gravatar.com\\\/avatar\\\/d4fe7459cfc51ff5129ce1a732bbef5928568b8092d412ef95611616376bbeed?s=96&d=mm&r=g\",\"caption\":\"f1000024\"},\"url\":\"https:\\\/\\\/cvinoticias.com\\\/v3\\\/author\\\/f1000024\\\/\"}]}<\/script>\n<!-- \/ Yoast SEO plugin. -->","yoast_head_json":{"title":"Diputados inician el an\u00e1lisis de proyecto \u00abintegral y federal\u00bb sobre tareas de cuidado | CVI NOTICIAS","robots":{"index":"index","follow":"follow","max-snippet":"max-snippet:-1","max-image-preview":"max-image-preview:large","max-video-preview":"max-video-preview:-1"},"canonical":"https:\/\/cvinoticias.com\/v3\/diputados-inician-el-analisis-de-proyecto-integral-y-federal-sobre-tareas-de-cuidado\/","og_locale":"es_ES","og_type":"article","og_title":"Diputados inician el an\u00e1lisis de proyecto \u00abintegral y federal\u00bb sobre tareas de cuidado | CVI NOTICIAS","og_description":"La reuni\u00f3n de las comisiones presididas por Vanesa Siley (Legislaci\u00f3n del Trabajo) y M\u00f3nica Macha (Mujeres) se realizar\u00e1 desde las 16. Un plenario de las comisiones de Legislaci\u00f3n del Trabajo, de Mujeres y Diversidad; la C\u00e1mara de Diputados comenzar\u00e1 a debatir esta tarde diferentes proyectos de ley sobre tareas de cuidados, entre ellos el presentado [&hellip;]","og_url":"https:\/\/cvinoticias.com\/v3\/diputados-inician-el-analisis-de-proyecto-integral-y-federal-sobre-tareas-de-cuidado\/","og_site_name":"CVI NOTICIAS","article_publisher":"https:\/\/www.facebook.com\/cvinoticias","article_published_time":"2023-05-16T12:47:23+00:00","og_image":[{"width":960,"height":576,"url":"https:\/\/cvinoticias.com\/wp-content\/uploads\/2023\/05\/10-10.jpg","type":"image\/jpeg"}],"author":"f1000024","twitter_card":"summary_large_image","twitter_misc":{"Escrito por":"f1000024","Tiempo de lectura":"3 minutos"},"schema":{"@context":"https:\/\/schema.org","@graph":[{"@type":"Article","@id":"https:\/\/cvinoticias.com\/v3\/diputados-inician-el-analisis-de-proyecto-integral-y-federal-sobre-tareas-de-cuidado\/#article","isPartOf":{"@id":"https:\/\/cvinoticias.com\/v3\/diputados-inician-el-analisis-de-proyecto-integral-y-federal-sobre-tareas-de-cuidado\/"},"author":{"name":"f1000024","@id":"https:\/\/cvinoticias.com\/v3\/#\/schema\/person\/2db77e3c6bc03c538495d7b2b8be9b66"},"headline":"Diputados inician el an\u00e1lisis de proyecto \u00abintegral y federal\u00bb sobre tareas de cuidado","datePublished":"2023-05-16T12:47:23+00:00","mainEntityOfPage":{"@id":"https:\/\/cvinoticias.com\/v3\/diputados-inician-el-analisis-de-proyecto-integral-y-federal-sobre-tareas-de-cuidado\/"},"wordCount":635,"commentCount":0,"publisher":{"@id":"https:\/\/cvinoticias.com\/v3\/#organization"},"image":{"@id":"https:\/\/cvinoticias.com\/v3\/diputados-inician-el-analisis-de-proyecto-integral-y-federal-sobre-tareas-de-cuidado\/#primaryimage"},"thumbnailUrl":"https:\/\/cvinoticias.com\/wp-content\/uploads\/2023\/05\/10-10.jpg","articleSection":["Nacionales"],"inLanguage":"es","potentialAction":[{"@type":"CommentAction","name":"Comment","target":["https:\/\/cvinoticias.com\/v3\/diputados-inician-el-analisis-de-proyecto-integral-y-federal-sobre-tareas-de-cuidado\/#respond"]}]},{"@type":"WebPage","@id":"https:\/\/cvinoticias.com\/v3\/diputados-inician-el-analisis-de-proyecto-integral-y-federal-sobre-tareas-de-cuidado\/","url":"https:\/\/cvinoticias.com\/v3\/diputados-inician-el-analisis-de-proyecto-integral-y-federal-sobre-tareas-de-cuidado\/","name":"Diputados inician el an\u00e1lisis de proyecto \u00abintegral y federal\u00bb sobre tareas de cuidado | CVI NOTICIAS","isPartOf":{"@id":"https:\/\/cvinoticias.com\/v3\/#website"},"primaryImageOfPage":{"@id":"https:\/\/cvinoticias.com\/v3\/diputados-inician-el-analisis-de-proyecto-integral-y-federal-sobre-tareas-de-cuidado\/#primaryimage"},"image":{"@id":"https:\/\/cvinoticias.com\/v3\/diputados-inician-el-analisis-de-proyecto-integral-y-federal-sobre-tareas-de-cuidado\/#primaryimage"},"thumbnailUrl":"https:\/\/cvinoticias.com\/wp-content\/uploads\/2023\/05\/10-10.jpg","datePublished":"2023-05-16T12:47:23+00:00","breadcrumb":{"@id":"https:\/\/cvinoticias.com\/v3\/diputados-inician-el-analisis-de-proyecto-integral-y-federal-sobre-tareas-de-cuidado\/#breadcrumb"},"inLanguage":"es","potentialAction":[{"@type":"ReadAction","target":["https:\/\/cvinoticias.com\/v3\/diputados-inician-el-analisis-de-proyecto-integral-y-federal-sobre-tareas-de-cuidado\/"]}]},{"@type":"ImageObject","inLanguage":"es","@id":"https:\/\/cvinoticias.com\/v3\/diputados-inician-el-analisis-de-proyecto-integral-y-federal-sobre-tareas-de-cuidado\/#primaryimage","url":"https:\/\/cvinoticias.com\/wp-content\/uploads\/2023\/05\/10-10.jpg","contentUrl":"https:\/\/cvinoticias.com\/wp-content\/uploads\/2023\/05\/10-10.jpg","width":960,"height":576},{"@type":"BreadcrumbList","@id":"https:\/\/cvinoticias.com\/v3\/diputados-inician-el-analisis-de-proyecto-integral-y-federal-sobre-tareas-de-cuidado\/#breadcrumb","itemListElement":[{"@type":"ListItem","position":1,"name":"Portada","item":"https:\/\/cvinoticias.com\/v3\/"},{"@type":"ListItem","position":2,"name":"Diputados inician el an\u00e1lisis de proyecto \u00abintegral y federal\u00bb sobre tareas de cuidado"}]},{"@type":"WebSite","@id":"https:\/\/cvinoticias.com\/v3\/#website","url":"https:\/\/cvinoticias.com\/v3\/","name":"CVI NOTICIAS","description":"","publisher":{"@id":"https:\/\/cvinoticias.com\/v3\/#organization"},"alternateName":"CVI","potentialAction":[{"@type":"SearchAction","target":{"@type":"EntryPoint","urlTemplate":"https:\/\/cvinoticias.com\/v3\/?s={search_term_string}"},"query-input":{"@type":"PropertyValueSpecification","valueRequired":true,"valueName":"search_term_string"}}],"inLanguage":"es"},{"@type":"Organization","@id":"https:\/\/cvinoticias.com\/v3\/#organization","name":"CVI NOTICIAS","url":"https:\/\/cvinoticias.com\/v3\/","logo":{"@type":"ImageObject","inLanguage":"es","@id":"https:\/\/cvinoticias.com\/v3\/#\/schema\/logo\/image\/","url":"https:\/\/cvinoticias.com\/wp-content\/uploads\/2023\/04\/cropped-cropped-cropped-cropped-cropped-3-1.png","contentUrl":"https:\/\/cvinoticias.com\/wp-content\/uploads\/2023\/04\/cropped-cropped-cropped-cropped-cropped-3-1.png","width":95,"height":122,"caption":"CVI NOTICIAS"},"image":{"@id":"https:\/\/cvinoticias.com\/v3\/#\/schema\/logo\/image\/"},"sameAs":["https:\/\/www.facebook.com\/cvinoticias","https:\/\/www.instagram.com\/cvinoticias\/","https:\/\/www.youtube.com\/@CVINOTICIAS"]},{"@type":"Person","@id":"https:\/\/cvinoticias.com\/v3\/#\/schema\/person\/2db77e3c6bc03c538495d7b2b8be9b66","name":"f1000024","image":{"@type":"ImageObject","inLanguage":"es","@id":"https:\/\/secure.gravatar.com\/avatar\/d4fe7459cfc51ff5129ce1a732bbef5928568b8092d412ef95611616376bbeed?s=96&d=mm&r=g","url":"https:\/\/secure.gravatar.com\/avatar\/d4fe7459cfc51ff5129ce1a732bbef5928568b8092d412ef95611616376bbeed?s=96&d=mm&r=g","contentUrl":"https:\/\/secure.gravatar.com\/avatar\/d4fe7459cfc51ff5129ce1a732bbef5928568b8092d412ef95611616376bbeed?s=96&d=mm&r=g","caption":"f1000024"},"url":"https:\/\/cvinoticias.com\/v3\/author\/f1000024\/"}]}},"_links":{"self":[{"href":"https:\/\/cvinoticias.com\/v3\/wp-json\/wp\/v2\/posts\/24861","targetHints":{"allow":["GET"]}}],"collection":[{"href":"https:\/\/cvinoticias.com\/v3\/wp-json\/wp\/v2\/posts"}],"about":[{"href":"https:\/\/cvinoticias.com\/v3\/wp-json\/wp\/v2\/types\/post"}],"author":[{"embeddable":true,"href":"https:\/\/cvinoticias.com\/v3\/wp-json\/wp\/v2\/users\/2"}],"replies":[{"embeddable":true,"href":"https:\/\/cvinoticias.com\/v3\/wp-json\/wp\/v2\/comments?post=24861"}],"version-history":[{"count":1,"href":"https:\/\/cvinoticias.com\/v3\/wp-json\/wp\/v2\/posts\/24861\/revisions"}],"predecessor-version":[{"id":24863,"href":"https:\/\/cvinoticias.com\/v3\/wp-json\/wp\/v2\/posts\/24861\/revisions\/24863"}],"wp:featuredmedia":[{"embeddable":true,"href":"https:\/\/cvinoticias.com\/v3\/wp-json\/wp\/v2\/media\/24862"}],"wp:attachment":[{"href":"https:\/\/cvinoticias.com\/v3\/wp-json\/wp\/v2\/media?parent=24861"}],"wp:term":[{"taxonomy":"category","embeddable":true,"href":"https:\/\/cvinoticias.com\/v3\/wp-json\/wp\/v2\/categories?post=24861"},{"taxonomy":"post_tag","embeddable":true,"href":"https:\/\/cvinoticias.com\/v3\/wp-json\/wp\/v2\/tags?post=24861"}],"curies":[{"name":"wp","href":"https:\/\/api.w.org\/{rel}","templated":true}]}}