{"id":2486,"date":"2021-02-08T11:11:56","date_gmt":"2021-02-08T11:11:56","guid":{"rendered":"https:\/\/cvinoticias.com\/v3\/?p=2486"},"modified":"2021-02-08T11:11:56","modified_gmt":"2021-02-08T11:11:56","slug":"misiones-incorpora-a-300-porteros-para-el-inicio-del-ciclo-lectivo","status":"publish","type":"post","link":"https:\/\/cvinoticias.com\/v3\/misiones-incorpora-a-300-porteros-para-el-inicio-del-ciclo-lectivo\/","title":{"rendered":"Misiones incorpora a 300 porteros para el inicio del ciclo lectivo"},"content":{"rendered":"\n<p><strong><em>Una de las necesidades relevadas para este comienzo de ciclo lectivo 2021 ha sido el de personal de servicio para los establecimientos educativos. El Gobernador de Misiones, Oscar Herrera Ahuad, anunci\u00f3 la incorporaci\u00f3n de 300 porteros en las escuelas para reponer a los mayores de edad que tienen que permanecer en sus casas por protocolo, y en aquellos lugares que tiene d\u00e9ficits de los mismos.<\/em><\/strong><\/p>\n\n\n\n<p>\u201cEs una incorporaci\u00f3n masiva que no tiene antecedentes en la historia de la provincia y que busca resolver el d\u00e9ficit que pueda tener nuestro sistema educativo. Se trata de una situaci\u00f3n compleja ya que hay algunos de ellos que no podr\u00e1n concurrir por ser grupo de riesgo (mayores de 60 a\u00f1os)\u201d explic\u00f3 el ministro de Educaci\u00f3n, Miguel Sedoff.<\/p>\n\n\n\n<p>\u201cEsta es otra medida concreta para garantizar la seguridad sanitaria en cada establecimiento en un regreso seguro a la presencialidad para el cual estamos trabajando todos los integrantes del sistema educativo\u201d finaliz\u00f3.<\/p>\n","protected":false},"excerpt":{"rendered":"<p>Una de las necesidades relevadas para este comienzo de ciclo lectivo 2021 ha sido el de personal de servicio para los establecimientos educativos. El Gobernador de Misiones, Oscar Herrera Ahuad, anunci\u00f3 la incorporaci\u00f3n de 300 porteros en las escuelas para reponer a los mayores de edad que tienen que permanecer en sus casas por protocolo, [&hellip;]<\/p>\n","protected":false},"author":2,"featured_media":2487,"comment_status":"open","ping_status":"open","sticky":false,"template":"","format":"standard","meta":{"footnotes":""},"categories":[35],"tags":[],"class_list":["post-2486","post","type-post","status-publish","format-standard","has-post-thumbnail","hentry","category-informacion-general"],"yoast_head":"<!-- This site is optimized with the Yoast SEO plugin v27.5 - https:\/\/yoast.com\/product\/yoast-seo-wordpress\/ -->\n<title>Misiones incorpora a 300 porteros para el inicio del ciclo lectivo | CVI NOTICIAS<\/title>\n<meta name=\"robots\" content=\"index, follow, max-snippet:-1, max-image-preview:large, max-video-preview:-1\" \/>\n<link rel=\"canonical\" href=\"https:\/\/cvinoticias.com\/v3\/misiones-incorpora-a-300-porteros-para-el-inicio-del-ciclo-lectivo\/\" \/>\n<meta property=\"og:locale\" content=\"es_ES\" \/>\n<meta property=\"og:type\" content=\"article\" \/>\n<meta property=\"og:title\" content=\"Misiones incorpora a 300 porteros para el inicio del ciclo lectivo | CVI NOTICIAS\" \/>\n<meta property=\"og:description\" content=\"Una de las necesidades relevadas para este comienzo de ciclo lectivo 2021 ha sido el de personal de servicio para los establecimientos educativos. El Gobernador de Misiones, Oscar Herrera Ahuad, anunci\u00f3 la incorporaci\u00f3n de 300 porteros en las escuelas para reponer a los mayores de edad que tienen que permanecer en sus casas por protocolo, [&hellip;]\" \/>\n<meta property=\"og:url\" content=\"https:\/\/cvinoticias.com\/v3\/misiones-incorpora-a-300-porteros-para-el-inicio-del-ciclo-lectivo\/\" \/>\n<meta property=\"og:site_name\" content=\"CVI NOTICIAS\" \/>\n<meta property=\"article:publisher\" content=\"https:\/\/www.facebook.com\/cvinoticias\" \/>\n<meta property=\"article:published_time\" content=\"2021-02-08T11:11:56+00:00\" \/>\n<meta property=\"og:image\" content=\"https:\/\/cvinoticias.com\/wp-content\/uploads\/2021\/02\/porteros-trabajando-escuela.jpg\" \/>\n\t<meta property=\"og:image:width\" content=\"600\" \/>\n\t<meta property=\"og:image:height\" content=\"370\" \/>\n\t<meta property=\"og:image:type\" content=\"image\/jpeg\" \/>\n<meta name=\"author\" content=\"f1000024\" \/>\n<meta name=\"twitter:card\" content=\"summary_large_image\" \/>\n<meta name=\"twitter:label1\" content=\"Escrito por\" \/>\n\t<meta name=\"twitter:data1\" content=\"f1000024\" \/>\n\t<meta name=\"twitter:label2\" content=\"Tiempo de lectura\" \/>\n\t<meta name=\"twitter:data2\" content=\"1 minuto\" \/>\n<script type=\"application\/ld+json\" class=\"yoast-schema-graph\">{\"@context\":\"https:\\\/\\\/schema.org\",\"@graph\":[{\"@type\":\"Article\",\"@id\":\"https:\\\/\\\/cvinoticias.com\\\/v3\\\/misiones-incorpora-a-300-porteros-para-el-inicio-del-ciclo-lectivo\\\/#article\",\"isPartOf\":{\"@id\":\"https:\\\/\\\/cvinoticias.com\\\/v3\\\/misiones-incorpora-a-300-porteros-para-el-inicio-del-ciclo-lectivo\\\/\"},\"author\":{\"name\":\"f1000024\",\"@id\":\"https:\\\/\\\/cvinoticias.com\\\/v3\\\/#\\\/schema\\\/person\\\/2db77e3c6bc03c538495d7b2b8be9b66\"},\"headline\":\"Misiones incorpora a 300 porteros para el inicio del ciclo lectivo\",\"datePublished\":\"2021-02-08T11:11:56+00:00\",\"mainEntityOfPage\":{\"@id\":\"https:\\\/\\\/cvinoticias.com\\\/v3\\\/misiones-incorpora-a-300-porteros-para-el-inicio-del-ciclo-lectivo\\\/\"},\"wordCount\":170,\"commentCount\":2,\"publisher\":{\"@id\":\"https:\\\/\\\/cvinoticias.com\\\/v3\\\/#organization\"},\"image\":{\"@id\":\"https:\\\/\\\/cvinoticias.com\\\/v3\\\/misiones-incorpora-a-300-porteros-para-el-inicio-del-ciclo-lectivo\\\/#primaryimage\"},\"thumbnailUrl\":\"https:\\\/\\\/cvinoticias.com\\\/wp-content\\\/uploads\\\/2021\\\/02\\\/porteros-trabajando-escuela.jpg\",\"articleSection\":[\"Informaci\u00f3n General\"],\"inLanguage\":\"es\",\"potentialAction\":[{\"@type\":\"CommentAction\",\"name\":\"Comment\",\"target\":[\"https:\\\/\\\/cvinoticias.com\\\/v3\\\/misiones-incorpora-a-300-porteros-para-el-inicio-del-ciclo-lectivo\\\/#respond\"]}]},{\"@type\":\"WebPage\",\"@id\":\"https:\\\/\\\/cvinoticias.com\\\/v3\\\/misiones-incorpora-a-300-porteros-para-el-inicio-del-ciclo-lectivo\\\/\",\"url\":\"https:\\\/\\\/cvinoticias.com\\\/v3\\\/misiones-incorpora-a-300-porteros-para-el-inicio-del-ciclo-lectivo\\\/\",\"name\":\"Misiones incorpora a 300 porteros para el inicio del ciclo lectivo | CVI NOTICIAS\",\"isPartOf\":{\"@id\":\"https:\\\/\\\/cvinoticias.com\\\/v3\\\/#website\"},\"primaryImageOfPage\":{\"@id\":\"https:\\\/\\\/cvinoticias.com\\\/v3\\\/misiones-incorpora-a-300-porteros-para-el-inicio-del-ciclo-lectivo\\\/#primaryimage\"},\"image\":{\"@id\":\"https:\\\/\\\/cvinoticias.com\\\/v3\\\/misiones-incorpora-a-300-porteros-para-el-inicio-del-ciclo-lectivo\\\/#primaryimage\"},\"thumbnailUrl\":\"https:\\\/\\\/cvinoticias.com\\\/wp-content\\\/uploads\\\/2021\\\/02\\\/porteros-trabajando-escuela.jpg\",\"datePublished\":\"2021-02-08T11:11:56+00:00\",\"breadcrumb\":{\"@id\":\"https:\\\/\\\/cvinoticias.com\\\/v3\\\/misiones-incorpora-a-300-porteros-para-el-inicio-del-ciclo-lectivo\\\/#breadcrumb\"},\"inLanguage\":\"es\",\"potentialAction\":[{\"@type\":\"ReadAction\",\"target\":[\"https:\\\/\\\/cvinoticias.com\\\/v3\\\/misiones-incorpora-a-300-porteros-para-el-inicio-del-ciclo-lectivo\\\/\"]}]},{\"@type\":\"ImageObject\",\"inLanguage\":\"es\",\"@id\":\"https:\\\/\\\/cvinoticias.com\\\/v3\\\/misiones-incorpora-a-300-porteros-para-el-inicio-del-ciclo-lectivo\\\/#primaryimage\",\"url\":\"https:\\\/\\\/cvinoticias.com\\\/wp-content\\\/uploads\\\/2021\\\/02\\\/porteros-trabajando-escuela.jpg\",\"contentUrl\":\"https:\\\/\\\/cvinoticias.com\\\/wp-content\\\/uploads\\\/2021\\\/02\\\/porteros-trabajando-escuela.jpg\",\"width\":600,\"height\":370},{\"@type\":\"BreadcrumbList\",\"@id\":\"https:\\\/\\\/cvinoticias.com\\\/v3\\\/misiones-incorpora-a-300-porteros-para-el-inicio-del-ciclo-lectivo\\\/#breadcrumb\",\"itemListElement\":[{\"@type\":\"ListItem\",\"position\":1,\"name\":\"Portada\",\"item\":\"https:\\\/\\\/cvinoticias.com\\\/v3\\\/\"},{\"@type\":\"ListItem\",\"position\":2,\"name\":\"Misiones incorpora a 300 porteros para el inicio del ciclo lectivo\"}]},{\"@type\":\"WebSite\",\"@id\":\"https:\\\/\\\/cvinoticias.com\\\/v3\\\/#website\",\"url\":\"https:\\\/\\\/cvinoticias.com\\\/v3\\\/\",\"name\":\"CVI NOTICIAS\",\"description\":\"\",\"publisher\":{\"@id\":\"https:\\\/\\\/cvinoticias.com\\\/v3\\\/#organization\"},\"alternateName\":\"CVI\",\"potentialAction\":[{\"@type\":\"SearchAction\",\"target\":{\"@type\":\"EntryPoint\",\"urlTemplate\":\"https:\\\/\\\/cvinoticias.com\\\/v3\\\/?s={search_term_string}\"},\"query-input\":{\"@type\":\"PropertyValueSpecification\",\"valueRequired\":true,\"valueName\":\"search_term_string\"}}],\"inLanguage\":\"es\"},{\"@type\":\"Organization\",\"@id\":\"https:\\\/\\\/cvinoticias.com\\\/v3\\\/#organization\",\"name\":\"CVI NOTICIAS\",\"url\":\"https:\\\/\\\/cvinoticias.com\\\/v3\\\/\",\"logo\":{\"@type\":\"ImageObject\",\"inLanguage\":\"es\",\"@id\":\"https:\\\/\\\/cvinoticias.com\\\/v3\\\/#\\\/schema\\\/logo\\\/image\\\/\",\"url\":\"https:\\\/\\\/cvinoticias.com\\\/wp-content\\\/uploads\\\/2023\\\/04\\\/cropped-cropped-cropped-cropped-cropped-3-1.png\",\"contentUrl\":\"https:\\\/\\\/cvinoticias.com\\\/wp-content\\\/uploads\\\/2023\\\/04\\\/cropped-cropped-cropped-cropped-cropped-3-1.png\",\"width\":95,\"height\":122,\"caption\":\"CVI NOTICIAS\"},\"image\":{\"@id\":\"https:\\\/\\\/cvinoticias.com\\\/v3\\\/#\\\/schema\\\/logo\\\/image\\\/\"},\"sameAs\":[\"https:\\\/\\\/www.facebook.com\\\/cvinoticias\",\"https:\\\/\\\/www.instagram.com\\\/cvinoticias\\\/\",\"https:\\\/\\\/www.youtube.com\\\/@CVINOTICIAS\"]},{\"@type\":\"Person\",\"@id\":\"https:\\\/\\\/cvinoticias.com\\\/v3\\\/#\\\/schema\\\/person\\\/2db77e3c6bc03c538495d7b2b8be9b66\",\"name\":\"f1000024\",\"image\":{\"@type\":\"ImageObject\",\"inLanguage\":\"es\",\"@id\":\"https:\\\/\\\/secure.gravatar.com\\\/avatar\\\/d4fe7459cfc51ff5129ce1a732bbef5928568b8092d412ef95611616376bbeed?s=96&d=mm&r=g\",\"url\":\"https:\\\/\\\/secure.gravatar.com\\\/avatar\\\/d4fe7459cfc51ff5129ce1a732bbef5928568b8092d412ef95611616376bbeed?s=96&d=mm&r=g\",\"contentUrl\":\"https:\\\/\\\/secure.gravatar.com\\\/avatar\\\/d4fe7459cfc51ff5129ce1a732bbef5928568b8092d412ef95611616376bbeed?s=96&d=mm&r=g\",\"caption\":\"f1000024\"},\"url\":\"https:\\\/\\\/cvinoticias.com\\\/v3\\\/author\\\/f1000024\\\/\"}]}<\/script>\n<!-- \/ Yoast SEO plugin. -->","yoast_head_json":{"title":"Misiones incorpora a 300 porteros para el inicio del ciclo lectivo | CVI NOTICIAS","robots":{"index":"index","follow":"follow","max-snippet":"max-snippet:-1","max-image-preview":"max-image-preview:large","max-video-preview":"max-video-preview:-1"},"canonical":"https:\/\/cvinoticias.com\/v3\/misiones-incorpora-a-300-porteros-para-el-inicio-del-ciclo-lectivo\/","og_locale":"es_ES","og_type":"article","og_title":"Misiones incorpora a 300 porteros para el inicio del ciclo lectivo | CVI NOTICIAS","og_description":"Una de las necesidades relevadas para este comienzo de ciclo lectivo 2021 ha sido el de personal de servicio para los establecimientos educativos. El Gobernador de Misiones, Oscar Herrera Ahuad, anunci\u00f3 la incorporaci\u00f3n de 300 porteros en las escuelas para reponer a los mayores de edad que tienen que permanecer en sus casas por protocolo, [&hellip;]","og_url":"https:\/\/cvinoticias.com\/v3\/misiones-incorpora-a-300-porteros-para-el-inicio-del-ciclo-lectivo\/","og_site_name":"CVI NOTICIAS","article_publisher":"https:\/\/www.facebook.com\/cvinoticias","article_published_time":"2021-02-08T11:11:56+00:00","og_image":[{"width":600,"height":370,"url":"https:\/\/cvinoticias.com\/wp-content\/uploads\/2021\/02\/porteros-trabajando-escuela.jpg","type":"image\/jpeg"}],"author":"f1000024","twitter_card":"summary_large_image","twitter_misc":{"Escrito por":"f1000024","Tiempo de lectura":"1 minuto"},"schema":{"@context":"https:\/\/schema.org","@graph":[{"@type":"Article","@id":"https:\/\/cvinoticias.com\/v3\/misiones-incorpora-a-300-porteros-para-el-inicio-del-ciclo-lectivo\/#article","isPartOf":{"@id":"https:\/\/cvinoticias.com\/v3\/misiones-incorpora-a-300-porteros-para-el-inicio-del-ciclo-lectivo\/"},"author":{"name":"f1000024","@id":"https:\/\/cvinoticias.com\/v3\/#\/schema\/person\/2db77e3c6bc03c538495d7b2b8be9b66"},"headline":"Misiones incorpora a 300 porteros para el inicio del ciclo lectivo","datePublished":"2021-02-08T11:11:56+00:00","mainEntityOfPage":{"@id":"https:\/\/cvinoticias.com\/v3\/misiones-incorpora-a-300-porteros-para-el-inicio-del-ciclo-lectivo\/"},"wordCount":170,"commentCount":2,"publisher":{"@id":"https:\/\/cvinoticias.com\/v3\/#organization"},"image":{"@id":"https:\/\/cvinoticias.com\/v3\/misiones-incorpora-a-300-porteros-para-el-inicio-del-ciclo-lectivo\/#primaryimage"},"thumbnailUrl":"https:\/\/cvinoticias.com\/wp-content\/uploads\/2021\/02\/porteros-trabajando-escuela.jpg","articleSection":["Informaci\u00f3n General"],"inLanguage":"es","potentialAction":[{"@type":"CommentAction","name":"Comment","target":["https:\/\/cvinoticias.com\/v3\/misiones-incorpora-a-300-porteros-para-el-inicio-del-ciclo-lectivo\/#respond"]}]},{"@type":"WebPage","@id":"https:\/\/cvinoticias.com\/v3\/misiones-incorpora-a-300-porteros-para-el-inicio-del-ciclo-lectivo\/","url":"https:\/\/cvinoticias.com\/v3\/misiones-incorpora-a-300-porteros-para-el-inicio-del-ciclo-lectivo\/","name":"Misiones incorpora a 300 porteros para el inicio del ciclo lectivo | CVI NOTICIAS","isPartOf":{"@id":"https:\/\/cvinoticias.com\/v3\/#website"},"primaryImageOfPage":{"@id":"https:\/\/cvinoticias.com\/v3\/misiones-incorpora-a-300-porteros-para-el-inicio-del-ciclo-lectivo\/#primaryimage"},"image":{"@id":"https:\/\/cvinoticias.com\/v3\/misiones-incorpora-a-300-porteros-para-el-inicio-del-ciclo-lectivo\/#primaryimage"},"thumbnailUrl":"https:\/\/cvinoticias.com\/wp-content\/uploads\/2021\/02\/porteros-trabajando-escuela.jpg","datePublished":"2021-02-08T11:11:56+00:00","breadcrumb":{"@id":"https:\/\/cvinoticias.com\/v3\/misiones-incorpora-a-300-porteros-para-el-inicio-del-ciclo-lectivo\/#breadcrumb"},"inLanguage":"es","potentialAction":[{"@type":"ReadAction","target":["https:\/\/cvinoticias.com\/v3\/misiones-incorpora-a-300-porteros-para-el-inicio-del-ciclo-lectivo\/"]}]},{"@type":"ImageObject","inLanguage":"es","@id":"https:\/\/cvinoticias.com\/v3\/misiones-incorpora-a-300-porteros-para-el-inicio-del-ciclo-lectivo\/#primaryimage","url":"https:\/\/cvinoticias.com\/wp-content\/uploads\/2021\/02\/porteros-trabajando-escuela.jpg","contentUrl":"https:\/\/cvinoticias.com\/wp-content\/uploads\/2021\/02\/porteros-trabajando-escuela.jpg","width":600,"height":370},{"@type":"BreadcrumbList","@id":"https:\/\/cvinoticias.com\/v3\/misiones-incorpora-a-300-porteros-para-el-inicio-del-ciclo-lectivo\/#breadcrumb","itemListElement":[{"@type":"ListItem","position":1,"name":"Portada","item":"https:\/\/cvinoticias.com\/v3\/"},{"@type":"ListItem","position":2,"name":"Misiones incorpora a 300 porteros para el inicio del ciclo lectivo"}]},{"@type":"WebSite","@id":"https:\/\/cvinoticias.com\/v3\/#website","url":"https:\/\/cvinoticias.com\/v3\/","name":"CVI NOTICIAS","description":"","publisher":{"@id":"https:\/\/cvinoticias.com\/v3\/#organization"},"alternateName":"CVI","potentialAction":[{"@type":"SearchAction","target":{"@type":"EntryPoint","urlTemplate":"https:\/\/cvinoticias.com\/v3\/?s={search_term_string}"},"query-input":{"@type":"PropertyValueSpecification","valueRequired":true,"valueName":"search_term_string"}}],"inLanguage":"es"},{"@type":"Organization","@id":"https:\/\/cvinoticias.com\/v3\/#organization","name":"CVI NOTICIAS","url":"https:\/\/cvinoticias.com\/v3\/","logo":{"@type":"ImageObject","inLanguage":"es","@id":"https:\/\/cvinoticias.com\/v3\/#\/schema\/logo\/image\/","url":"https:\/\/cvinoticias.com\/wp-content\/uploads\/2023\/04\/cropped-cropped-cropped-cropped-cropped-3-1.png","contentUrl":"https:\/\/cvinoticias.com\/wp-content\/uploads\/2023\/04\/cropped-cropped-cropped-cropped-cropped-3-1.png","width":95,"height":122,"caption":"CVI NOTICIAS"},"image":{"@id":"https:\/\/cvinoticias.com\/v3\/#\/schema\/logo\/image\/"},"sameAs":["https:\/\/www.facebook.com\/cvinoticias","https:\/\/www.instagram.com\/cvinoticias\/","https:\/\/www.youtube.com\/@CVINOTICIAS"]},{"@type":"Person","@id":"https:\/\/cvinoticias.com\/v3\/#\/schema\/person\/2db77e3c6bc03c538495d7b2b8be9b66","name":"f1000024","image":{"@type":"ImageObject","inLanguage":"es","@id":"https:\/\/secure.gravatar.com\/avatar\/d4fe7459cfc51ff5129ce1a732bbef5928568b8092d412ef95611616376bbeed?s=96&d=mm&r=g","url":"https:\/\/secure.gravatar.com\/avatar\/d4fe7459cfc51ff5129ce1a732bbef5928568b8092d412ef95611616376bbeed?s=96&d=mm&r=g","contentUrl":"https:\/\/secure.gravatar.com\/avatar\/d4fe7459cfc51ff5129ce1a732bbef5928568b8092d412ef95611616376bbeed?s=96&d=mm&r=g","caption":"f1000024"},"url":"https:\/\/cvinoticias.com\/v3\/author\/f1000024\/"}]}},"_links":{"self":[{"href":"https:\/\/cvinoticias.com\/v3\/wp-json\/wp\/v2\/posts\/2486","targetHints":{"allow":["GET"]}}],"collection":[{"href":"https:\/\/cvinoticias.com\/v3\/wp-json\/wp\/v2\/posts"}],"about":[{"href":"https:\/\/cvinoticias.com\/v3\/wp-json\/wp\/v2\/types\/post"}],"author":[{"embeddable":true,"href":"https:\/\/cvinoticias.com\/v3\/wp-json\/wp\/v2\/users\/2"}],"replies":[{"embeddable":true,"href":"https:\/\/cvinoticias.com\/v3\/wp-json\/wp\/v2\/comments?post=2486"}],"version-history":[{"count":1,"href":"https:\/\/cvinoticias.com\/v3\/wp-json\/wp\/v2\/posts\/2486\/revisions"}],"predecessor-version":[{"id":2488,"href":"https:\/\/cvinoticias.com\/v3\/wp-json\/wp\/v2\/posts\/2486\/revisions\/2488"}],"wp:featuredmedia":[{"embeddable":true,"href":"https:\/\/cvinoticias.com\/v3\/wp-json\/wp\/v2\/media\/2487"}],"wp:attachment":[{"href":"https:\/\/cvinoticias.com\/v3\/wp-json\/wp\/v2\/media?parent=2486"}],"wp:term":[{"taxonomy":"category","embeddable":true,"href":"https:\/\/cvinoticias.com\/v3\/wp-json\/wp\/v2\/categories?post=2486"},{"taxonomy":"post_tag","embeddable":true,"href":"https:\/\/cvinoticias.com\/v3\/wp-json\/wp\/v2\/tags?post=2486"}],"curies":[{"name":"wp","href":"https:\/\/api.w.org\/{rel}","templated":true}]}}