{"id":24848,"date":"2023-05-16T12:01:31","date_gmt":"2023-05-16T12:01:31","guid":{"rendered":"https:\/\/cvinoticias.com\/v3\/?p=24848"},"modified":"2023-05-16T12:01:31","modified_gmt":"2023-05-16T12:01:31","slug":"investigan-la-muerte-de-un-hombre-que-se-habria-efectuado-un-disparo-accidentalmente","status":"publish","type":"post","link":"https:\/\/cvinoticias.com\/v3\/investigan-la-muerte-de-un-hombre-que-se-habria-efectuado-un-disparo-accidentalmente\/","title":{"rendered":"Investigan la muerte de un hombre que se habr\u00eda efectuado un disparo accidentalmente"},"content":{"rendered":"\n<p><em><strong>En la ma\u00f1ana de ayer, se tom\u00f3 conocimiento del fallecimiento de un hombre identificado como Norberto Fabi\u00e1n Kvast de 45 a\u00f1os, quien habr\u00eda sufrido un accidente con un arma de fuego en el parque Provincial Urugua\u00ed de San Antonio, donde la v\u00edctima aparentemente se encontraba cazando ilegalmente.<\/strong><\/em><\/p>\n\n\n\n<p>Seg\u00fan las primeras averiguaciones, la comisar\u00eda local tom\u00f3 conocimiento del hecho por parte de un hombre de 34 a\u00f1os, quien cerca de las 9 horas de ayer se present\u00f3 en la guardia, manifestando que el domingo por la tarde se encontraba cazando con su cu\u00f1ado, en la zona antes mencionada. Despu\u00e9s las 16 horas se separaron y aproximadamente una hora despu\u00e9s escuch\u00f3 un disparo de arma de fuego.<\/p>\n\n\n\n<p>Adem\u00e1s, manifest\u00f3 que, alrededor de las 23:00 horas del domingo, regres\u00f3 al punto de encuentro y descubri\u00f3 que su cu\u00f1ado no hab\u00eda regresado. Al acercarse al sitio donde acampaban, lo encontr\u00f3 sin vida, con una herida de bala en la regi\u00f3n del t\u00f3rax.<\/p>\n\n\n\n<p>Por ello, el personal policial lleg\u00f3 hasta el lugar, constat\u00f3 lo sucedido y secuestr\u00f3 una escopeta calibre 28 con una vaina servida. Asimismo, la Polic\u00eda Cient\u00edfica efectu\u00f3 las pericias pertinentes y se contin\u00faan con la investigaci\u00f3n para esclarecer el caso. Intervine el Juzgado de Instrucci\u00f3n Nro. 3 de Puerto Iguaz\u00fa.<\/p>\n","protected":false},"excerpt":{"rendered":"<p>En la ma\u00f1ana de ayer, se tom\u00f3 conocimiento del fallecimiento de un hombre identificado como Norberto Fabi\u00e1n Kvast de 45 a\u00f1os, quien habr\u00eda sufrido un accidente con un arma de fuego en el parque Provincial Urugua\u00ed de San Antonio, donde la v\u00edctima aparentemente se encontraba cazando ilegalmente. Seg\u00fan las primeras averiguaciones, la comisar\u00eda local tom\u00f3 [&hellip;]<\/p>\n","protected":false},"author":2,"featured_media":24849,"comment_status":"open","ping_status":"open","sticky":false,"template":"","format":"standard","meta":{"footnotes":""},"categories":[41],"tags":[],"class_list":["post-24848","post","type-post","status-publish","format-standard","has-post-thumbnail","hentry","category-policiales"],"yoast_head":"<!-- This site is optimized with the Yoast SEO plugin v27.5 - https:\/\/yoast.com\/product\/yoast-seo-wordpress\/ -->\n<title>Investigan la muerte de un hombre que se habr\u00eda efectuado un disparo accidentalmente | CVI NOTICIAS<\/title>\n<meta name=\"robots\" content=\"index, follow, max-snippet:-1, max-image-preview:large, max-video-preview:-1\" \/>\n<link rel=\"canonical\" href=\"https:\/\/cvinoticias.com\/v3\/investigan-la-muerte-de-un-hombre-que-se-habria-efectuado-un-disparo-accidentalmente\/\" \/>\n<meta property=\"og:locale\" content=\"es_ES\" \/>\n<meta property=\"og:type\" content=\"article\" \/>\n<meta property=\"og:title\" content=\"Investigan la muerte de un hombre que se habr\u00eda efectuado un disparo accidentalmente | CVI NOTICIAS\" \/>\n<meta property=\"og:description\" content=\"En la ma\u00f1ana de ayer, se tom\u00f3 conocimiento del fallecimiento de un hombre identificado como Norberto Fabi\u00e1n Kvast de 45 a\u00f1os, quien habr\u00eda sufrido un accidente con un arma de fuego en el parque Provincial Urugua\u00ed de San Antonio, donde la v\u00edctima aparentemente se encontraba cazando ilegalmente. Seg\u00fan las primeras averiguaciones, la comisar\u00eda local tom\u00f3 [&hellip;]\" \/>\n<meta property=\"og:url\" content=\"https:\/\/cvinoticias.com\/v3\/investigan-la-muerte-de-un-hombre-que-se-habria-efectuado-un-disparo-accidentalmente\/\" \/>\n<meta property=\"og:site_name\" content=\"CVI NOTICIAS\" \/>\n<meta property=\"article:publisher\" content=\"https:\/\/www.facebook.com\/cvinoticias\" \/>\n<meta property=\"article:published_time\" content=\"2023-05-16T12:01:31+00:00\" \/>\n<meta property=\"og:image\" content=\"https:\/\/cvinoticias.com\/wp-content\/uploads\/2023\/05\/IMG-20230516-WA0000.jpg\" \/>\n\t<meta property=\"og:image:width\" content=\"1200\" \/>\n\t<meta property=\"og:image:height\" content=\"1600\" \/>\n\t<meta property=\"og:image:type\" content=\"image\/jpeg\" \/>\n<meta name=\"author\" content=\"f1000024\" \/>\n<meta name=\"twitter:card\" content=\"summary_large_image\" \/>\n<meta name=\"twitter:label1\" content=\"Escrito por\" \/>\n\t<meta name=\"twitter:data1\" content=\"f1000024\" \/>\n\t<meta name=\"twitter:label2\" content=\"Tiempo de lectura\" \/>\n\t<meta name=\"twitter:data2\" content=\"1 minuto\" \/>\n<script type=\"application\/ld+json\" class=\"yoast-schema-graph\">{\"@context\":\"https:\\\/\\\/schema.org\",\"@graph\":[{\"@type\":\"Article\",\"@id\":\"https:\\\/\\\/cvinoticias.com\\\/v3\\\/investigan-la-muerte-de-un-hombre-que-se-habria-efectuado-un-disparo-accidentalmente\\\/#article\",\"isPartOf\":{\"@id\":\"https:\\\/\\\/cvinoticias.com\\\/v3\\\/investigan-la-muerte-de-un-hombre-que-se-habria-efectuado-un-disparo-accidentalmente\\\/\"},\"author\":{\"name\":\"f1000024\",\"@id\":\"https:\\\/\\\/cvinoticias.com\\\/v3\\\/#\\\/schema\\\/person\\\/2db77e3c6bc03c538495d7b2b8be9b66\"},\"headline\":\"Investigan la muerte de un hombre que se habr\u00eda efectuado un disparo accidentalmente\",\"datePublished\":\"2023-05-16T12:01:31+00:00\",\"mainEntityOfPage\":{\"@id\":\"https:\\\/\\\/cvinoticias.com\\\/v3\\\/investigan-la-muerte-de-un-hombre-que-se-habria-efectuado-un-disparo-accidentalmente\\\/\"},\"wordCount\":236,\"commentCount\":0,\"publisher\":{\"@id\":\"https:\\\/\\\/cvinoticias.com\\\/v3\\\/#organization\"},\"image\":{\"@id\":\"https:\\\/\\\/cvinoticias.com\\\/v3\\\/investigan-la-muerte-de-un-hombre-que-se-habria-efectuado-un-disparo-accidentalmente\\\/#primaryimage\"},\"thumbnailUrl\":\"https:\\\/\\\/cvinoticias.com\\\/wp-content\\\/uploads\\\/2023\\\/05\\\/IMG-20230516-WA0000.jpg\",\"articleSection\":[\"Policiales\"],\"inLanguage\":\"es\",\"potentialAction\":[{\"@type\":\"CommentAction\",\"name\":\"Comment\",\"target\":[\"https:\\\/\\\/cvinoticias.com\\\/v3\\\/investigan-la-muerte-de-un-hombre-que-se-habria-efectuado-un-disparo-accidentalmente\\\/#respond\"]}]},{\"@type\":\"WebPage\",\"@id\":\"https:\\\/\\\/cvinoticias.com\\\/v3\\\/investigan-la-muerte-de-un-hombre-que-se-habria-efectuado-un-disparo-accidentalmente\\\/\",\"url\":\"https:\\\/\\\/cvinoticias.com\\\/v3\\\/investigan-la-muerte-de-un-hombre-que-se-habria-efectuado-un-disparo-accidentalmente\\\/\",\"name\":\"Investigan la muerte de un hombre que se habr\u00eda efectuado un disparo accidentalmente | CVI NOTICIAS\",\"isPartOf\":{\"@id\":\"https:\\\/\\\/cvinoticias.com\\\/v3\\\/#website\"},\"primaryImageOfPage\":{\"@id\":\"https:\\\/\\\/cvinoticias.com\\\/v3\\\/investigan-la-muerte-de-un-hombre-que-se-habria-efectuado-un-disparo-accidentalmente\\\/#primaryimage\"},\"image\":{\"@id\":\"https:\\\/\\\/cvinoticias.com\\\/v3\\\/investigan-la-muerte-de-un-hombre-que-se-habria-efectuado-un-disparo-accidentalmente\\\/#primaryimage\"},\"thumbnailUrl\":\"https:\\\/\\\/cvinoticias.com\\\/wp-content\\\/uploads\\\/2023\\\/05\\\/IMG-20230516-WA0000.jpg\",\"datePublished\":\"2023-05-16T12:01:31+00:00\",\"breadcrumb\":{\"@id\":\"https:\\\/\\\/cvinoticias.com\\\/v3\\\/investigan-la-muerte-de-un-hombre-que-se-habria-efectuado-un-disparo-accidentalmente\\\/#breadcrumb\"},\"inLanguage\":\"es\",\"potentialAction\":[{\"@type\":\"ReadAction\",\"target\":[\"https:\\\/\\\/cvinoticias.com\\\/v3\\\/investigan-la-muerte-de-un-hombre-que-se-habria-efectuado-un-disparo-accidentalmente\\\/\"]}]},{\"@type\":\"ImageObject\",\"inLanguage\":\"es\",\"@id\":\"https:\\\/\\\/cvinoticias.com\\\/v3\\\/investigan-la-muerte-de-un-hombre-que-se-habria-efectuado-un-disparo-accidentalmente\\\/#primaryimage\",\"url\":\"https:\\\/\\\/cvinoticias.com\\\/wp-content\\\/uploads\\\/2023\\\/05\\\/IMG-20230516-WA0000.jpg\",\"contentUrl\":\"https:\\\/\\\/cvinoticias.com\\\/wp-content\\\/uploads\\\/2023\\\/05\\\/IMG-20230516-WA0000.jpg\",\"width\":1200,\"height\":1600},{\"@type\":\"BreadcrumbList\",\"@id\":\"https:\\\/\\\/cvinoticias.com\\\/v3\\\/investigan-la-muerte-de-un-hombre-que-se-habria-efectuado-un-disparo-accidentalmente\\\/#breadcrumb\",\"itemListElement\":[{\"@type\":\"ListItem\",\"position\":1,\"name\":\"Portada\",\"item\":\"https:\\\/\\\/cvinoticias.com\\\/v3\\\/\"},{\"@type\":\"ListItem\",\"position\":2,\"name\":\"Investigan la muerte de un hombre que se habr\u00eda efectuado un disparo accidentalmente\"}]},{\"@type\":\"WebSite\",\"@id\":\"https:\\\/\\\/cvinoticias.com\\\/v3\\\/#website\",\"url\":\"https:\\\/\\\/cvinoticias.com\\\/v3\\\/\",\"name\":\"CVI NOTICIAS\",\"description\":\"\",\"publisher\":{\"@id\":\"https:\\\/\\\/cvinoticias.com\\\/v3\\\/#organization\"},\"alternateName\":\"CVI\",\"potentialAction\":[{\"@type\":\"SearchAction\",\"target\":{\"@type\":\"EntryPoint\",\"urlTemplate\":\"https:\\\/\\\/cvinoticias.com\\\/v3\\\/?s={search_term_string}\"},\"query-input\":{\"@type\":\"PropertyValueSpecification\",\"valueRequired\":true,\"valueName\":\"search_term_string\"}}],\"inLanguage\":\"es\"},{\"@type\":\"Organization\",\"@id\":\"https:\\\/\\\/cvinoticias.com\\\/v3\\\/#organization\",\"name\":\"CVI NOTICIAS\",\"url\":\"https:\\\/\\\/cvinoticias.com\\\/v3\\\/\",\"logo\":{\"@type\":\"ImageObject\",\"inLanguage\":\"es\",\"@id\":\"https:\\\/\\\/cvinoticias.com\\\/v3\\\/#\\\/schema\\\/logo\\\/image\\\/\",\"url\":\"https:\\\/\\\/cvinoticias.com\\\/wp-content\\\/uploads\\\/2023\\\/04\\\/cropped-cropped-cropped-cropped-cropped-3-1.png\",\"contentUrl\":\"https:\\\/\\\/cvinoticias.com\\\/wp-content\\\/uploads\\\/2023\\\/04\\\/cropped-cropped-cropped-cropped-cropped-3-1.png\",\"width\":95,\"height\":122,\"caption\":\"CVI NOTICIAS\"},\"image\":{\"@id\":\"https:\\\/\\\/cvinoticias.com\\\/v3\\\/#\\\/schema\\\/logo\\\/image\\\/\"},\"sameAs\":[\"https:\\\/\\\/www.facebook.com\\\/cvinoticias\",\"https:\\\/\\\/www.instagram.com\\\/cvinoticias\\\/\",\"https:\\\/\\\/www.youtube.com\\\/@CVINOTICIAS\"]},{\"@type\":\"Person\",\"@id\":\"https:\\\/\\\/cvinoticias.com\\\/v3\\\/#\\\/schema\\\/person\\\/2db77e3c6bc03c538495d7b2b8be9b66\",\"name\":\"f1000024\",\"image\":{\"@type\":\"ImageObject\",\"inLanguage\":\"es\",\"@id\":\"https:\\\/\\\/secure.gravatar.com\\\/avatar\\\/d4fe7459cfc51ff5129ce1a732bbef5928568b8092d412ef95611616376bbeed?s=96&d=mm&r=g\",\"url\":\"https:\\\/\\\/secure.gravatar.com\\\/avatar\\\/d4fe7459cfc51ff5129ce1a732bbef5928568b8092d412ef95611616376bbeed?s=96&d=mm&r=g\",\"contentUrl\":\"https:\\\/\\\/secure.gravatar.com\\\/avatar\\\/d4fe7459cfc51ff5129ce1a732bbef5928568b8092d412ef95611616376bbeed?s=96&d=mm&r=g\",\"caption\":\"f1000024\"},\"url\":\"https:\\\/\\\/cvinoticias.com\\\/v3\\\/author\\\/f1000024\\\/\"}]}<\/script>\n<!-- \/ Yoast SEO plugin. -->","yoast_head_json":{"title":"Investigan la muerte de un hombre que se habr\u00eda efectuado un disparo accidentalmente | CVI NOTICIAS","robots":{"index":"index","follow":"follow","max-snippet":"max-snippet:-1","max-image-preview":"max-image-preview:large","max-video-preview":"max-video-preview:-1"},"canonical":"https:\/\/cvinoticias.com\/v3\/investigan-la-muerte-de-un-hombre-que-se-habria-efectuado-un-disparo-accidentalmente\/","og_locale":"es_ES","og_type":"article","og_title":"Investigan la muerte de un hombre que se habr\u00eda efectuado un disparo accidentalmente | CVI NOTICIAS","og_description":"En la ma\u00f1ana de ayer, se tom\u00f3 conocimiento del fallecimiento de un hombre identificado como Norberto Fabi\u00e1n Kvast de 45 a\u00f1os, quien habr\u00eda sufrido un accidente con un arma de fuego en el parque Provincial Urugua\u00ed de San Antonio, donde la v\u00edctima aparentemente se encontraba cazando ilegalmente. Seg\u00fan las primeras averiguaciones, la comisar\u00eda local tom\u00f3 [&hellip;]","og_url":"https:\/\/cvinoticias.com\/v3\/investigan-la-muerte-de-un-hombre-que-se-habria-efectuado-un-disparo-accidentalmente\/","og_site_name":"CVI NOTICIAS","article_publisher":"https:\/\/www.facebook.com\/cvinoticias","article_published_time":"2023-05-16T12:01:31+00:00","og_image":[{"width":1200,"height":1600,"url":"https:\/\/cvinoticias.com\/wp-content\/uploads\/2023\/05\/IMG-20230516-WA0000.jpg","type":"image\/jpeg"}],"author":"f1000024","twitter_card":"summary_large_image","twitter_misc":{"Escrito por":"f1000024","Tiempo de lectura":"1 minuto"},"schema":{"@context":"https:\/\/schema.org","@graph":[{"@type":"Article","@id":"https:\/\/cvinoticias.com\/v3\/investigan-la-muerte-de-un-hombre-que-se-habria-efectuado-un-disparo-accidentalmente\/#article","isPartOf":{"@id":"https:\/\/cvinoticias.com\/v3\/investigan-la-muerte-de-un-hombre-que-se-habria-efectuado-un-disparo-accidentalmente\/"},"author":{"name":"f1000024","@id":"https:\/\/cvinoticias.com\/v3\/#\/schema\/person\/2db77e3c6bc03c538495d7b2b8be9b66"},"headline":"Investigan la muerte de un hombre que se habr\u00eda efectuado un disparo accidentalmente","datePublished":"2023-05-16T12:01:31+00:00","mainEntityOfPage":{"@id":"https:\/\/cvinoticias.com\/v3\/investigan-la-muerte-de-un-hombre-que-se-habria-efectuado-un-disparo-accidentalmente\/"},"wordCount":236,"commentCount":0,"publisher":{"@id":"https:\/\/cvinoticias.com\/v3\/#organization"},"image":{"@id":"https:\/\/cvinoticias.com\/v3\/investigan-la-muerte-de-un-hombre-que-se-habria-efectuado-un-disparo-accidentalmente\/#primaryimage"},"thumbnailUrl":"https:\/\/cvinoticias.com\/wp-content\/uploads\/2023\/05\/IMG-20230516-WA0000.jpg","articleSection":["Policiales"],"inLanguage":"es","potentialAction":[{"@type":"CommentAction","name":"Comment","target":["https:\/\/cvinoticias.com\/v3\/investigan-la-muerte-de-un-hombre-que-se-habria-efectuado-un-disparo-accidentalmente\/#respond"]}]},{"@type":"WebPage","@id":"https:\/\/cvinoticias.com\/v3\/investigan-la-muerte-de-un-hombre-que-se-habria-efectuado-un-disparo-accidentalmente\/","url":"https:\/\/cvinoticias.com\/v3\/investigan-la-muerte-de-un-hombre-que-se-habria-efectuado-un-disparo-accidentalmente\/","name":"Investigan la muerte de un hombre que se habr\u00eda efectuado un disparo accidentalmente | CVI NOTICIAS","isPartOf":{"@id":"https:\/\/cvinoticias.com\/v3\/#website"},"primaryImageOfPage":{"@id":"https:\/\/cvinoticias.com\/v3\/investigan-la-muerte-de-un-hombre-que-se-habria-efectuado-un-disparo-accidentalmente\/#primaryimage"},"image":{"@id":"https:\/\/cvinoticias.com\/v3\/investigan-la-muerte-de-un-hombre-que-se-habria-efectuado-un-disparo-accidentalmente\/#primaryimage"},"thumbnailUrl":"https:\/\/cvinoticias.com\/wp-content\/uploads\/2023\/05\/IMG-20230516-WA0000.jpg","datePublished":"2023-05-16T12:01:31+00:00","breadcrumb":{"@id":"https:\/\/cvinoticias.com\/v3\/investigan-la-muerte-de-un-hombre-que-se-habria-efectuado-un-disparo-accidentalmente\/#breadcrumb"},"inLanguage":"es","potentialAction":[{"@type":"ReadAction","target":["https:\/\/cvinoticias.com\/v3\/investigan-la-muerte-de-un-hombre-que-se-habria-efectuado-un-disparo-accidentalmente\/"]}]},{"@type":"ImageObject","inLanguage":"es","@id":"https:\/\/cvinoticias.com\/v3\/investigan-la-muerte-de-un-hombre-que-se-habria-efectuado-un-disparo-accidentalmente\/#primaryimage","url":"https:\/\/cvinoticias.com\/wp-content\/uploads\/2023\/05\/IMG-20230516-WA0000.jpg","contentUrl":"https:\/\/cvinoticias.com\/wp-content\/uploads\/2023\/05\/IMG-20230516-WA0000.jpg","width":1200,"height":1600},{"@type":"BreadcrumbList","@id":"https:\/\/cvinoticias.com\/v3\/investigan-la-muerte-de-un-hombre-que-se-habria-efectuado-un-disparo-accidentalmente\/#breadcrumb","itemListElement":[{"@type":"ListItem","position":1,"name":"Portada","item":"https:\/\/cvinoticias.com\/v3\/"},{"@type":"ListItem","position":2,"name":"Investigan la muerte de un hombre que se habr\u00eda efectuado un disparo accidentalmente"}]},{"@type":"WebSite","@id":"https:\/\/cvinoticias.com\/v3\/#website","url":"https:\/\/cvinoticias.com\/v3\/","name":"CVI NOTICIAS","description":"","publisher":{"@id":"https:\/\/cvinoticias.com\/v3\/#organization"},"alternateName":"CVI","potentialAction":[{"@type":"SearchAction","target":{"@type":"EntryPoint","urlTemplate":"https:\/\/cvinoticias.com\/v3\/?s={search_term_string}"},"query-input":{"@type":"PropertyValueSpecification","valueRequired":true,"valueName":"search_term_string"}}],"inLanguage":"es"},{"@type":"Organization","@id":"https:\/\/cvinoticias.com\/v3\/#organization","name":"CVI NOTICIAS","url":"https:\/\/cvinoticias.com\/v3\/","logo":{"@type":"ImageObject","inLanguage":"es","@id":"https:\/\/cvinoticias.com\/v3\/#\/schema\/logo\/image\/","url":"https:\/\/cvinoticias.com\/wp-content\/uploads\/2023\/04\/cropped-cropped-cropped-cropped-cropped-3-1.png","contentUrl":"https:\/\/cvinoticias.com\/wp-content\/uploads\/2023\/04\/cropped-cropped-cropped-cropped-cropped-3-1.png","width":95,"height":122,"caption":"CVI NOTICIAS"},"image":{"@id":"https:\/\/cvinoticias.com\/v3\/#\/schema\/logo\/image\/"},"sameAs":["https:\/\/www.facebook.com\/cvinoticias","https:\/\/www.instagram.com\/cvinoticias\/","https:\/\/www.youtube.com\/@CVINOTICIAS"]},{"@type":"Person","@id":"https:\/\/cvinoticias.com\/v3\/#\/schema\/person\/2db77e3c6bc03c538495d7b2b8be9b66","name":"f1000024","image":{"@type":"ImageObject","inLanguage":"es","@id":"https:\/\/secure.gravatar.com\/avatar\/d4fe7459cfc51ff5129ce1a732bbef5928568b8092d412ef95611616376bbeed?s=96&d=mm&r=g","url":"https:\/\/secure.gravatar.com\/avatar\/d4fe7459cfc51ff5129ce1a732bbef5928568b8092d412ef95611616376bbeed?s=96&d=mm&r=g","contentUrl":"https:\/\/secure.gravatar.com\/avatar\/d4fe7459cfc51ff5129ce1a732bbef5928568b8092d412ef95611616376bbeed?s=96&d=mm&r=g","caption":"f1000024"},"url":"https:\/\/cvinoticias.com\/v3\/author\/f1000024\/"}]}},"_links":{"self":[{"href":"https:\/\/cvinoticias.com\/v3\/wp-json\/wp\/v2\/posts\/24848","targetHints":{"allow":["GET"]}}],"collection":[{"href":"https:\/\/cvinoticias.com\/v3\/wp-json\/wp\/v2\/posts"}],"about":[{"href":"https:\/\/cvinoticias.com\/v3\/wp-json\/wp\/v2\/types\/post"}],"author":[{"embeddable":true,"href":"https:\/\/cvinoticias.com\/v3\/wp-json\/wp\/v2\/users\/2"}],"replies":[{"embeddable":true,"href":"https:\/\/cvinoticias.com\/v3\/wp-json\/wp\/v2\/comments?post=24848"}],"version-history":[{"count":1,"href":"https:\/\/cvinoticias.com\/v3\/wp-json\/wp\/v2\/posts\/24848\/revisions"}],"predecessor-version":[{"id":24850,"href":"https:\/\/cvinoticias.com\/v3\/wp-json\/wp\/v2\/posts\/24848\/revisions\/24850"}],"wp:featuredmedia":[{"embeddable":true,"href":"https:\/\/cvinoticias.com\/v3\/wp-json\/wp\/v2\/media\/24849"}],"wp:attachment":[{"href":"https:\/\/cvinoticias.com\/v3\/wp-json\/wp\/v2\/media?parent=24848"}],"wp:term":[{"taxonomy":"category","embeddable":true,"href":"https:\/\/cvinoticias.com\/v3\/wp-json\/wp\/v2\/categories?post=24848"},{"taxonomy":"post_tag","embeddable":true,"href":"https:\/\/cvinoticias.com\/v3\/wp-json\/wp\/v2\/tags?post=24848"}],"curies":[{"name":"wp","href":"https:\/\/api.w.org\/{rel}","templated":true}]}}