{"id":24844,"date":"2023-05-15T23:15:05","date_gmt":"2023-05-15T23:15:05","guid":{"rendered":"https:\/\/cvinoticias.com\/v3\/?p=24844"},"modified":"2023-05-15T23:15:05","modified_gmt":"2023-05-15T23:15:05","slug":"arrestaron-a-dos-miembros-de-una-banda-de-delincuentes-dedicada-a-robos-en-zonas-rurales-de-san-pedro","status":"publish","type":"post","link":"https:\/\/cvinoticias.com\/v3\/arrestaron-a-dos-miembros-de-una-banda-de-delincuentes-dedicada-a-robos-en-zonas-rurales-de-san-pedro\/","title":{"rendered":"Arrestaron a dos miembros de una banda de delincuentes dedicada a robos en zonas rurales de San Pedro"},"content":{"rendered":"\n<p><strong><em>En un r\u00e1pido operativo de b\u00fasqueda y captura realizado esta ma\u00f1ana por los efectivos de la Unidad Regional XIV de San Pedro, arrestaron a dos delincuentes identificados como Orlando M. de 32 a\u00f1os y Sergio G. de 28 quienes poseen un amplio prontuario delictivo, uno de ellos por il\u00edcitos perpetrados en otra provincia del pa\u00eds.<\/em><\/strong><\/p>\n\n\n\n<p>Seg\u00fan el relato del denunciante de 52 a\u00f1os, se encontraba con su hija y su yerno, cuando en las primeras horas de la ma\u00f1ana, dos hombres ingresaron a su vivienda a punta de cuchillo y con un arma de fuego, donde luego de forcejear con los mismos, uno de los sindicados fue reducido en el lugar y el segundo huy\u00f3 sin robar nada.<\/p>\n\n\n\n<p>La Comisar\u00eda local recibi\u00f3 una llamada por parte de un vecino del paraje San Juan, quien explic\u00f3 que en una vivienda aleda\u00f1a a la suya, se hab\u00eda producido un intento de robo por parte de dos sospechosos armados.<\/p>\n\n\n\n<p>De manera inmediata, los efectivos llegaron a la casa del requirente, quien en conjunto con su yerno, ya ten\u00edan reducido a uno de los malhechores, un hombre de 32 a\u00f1os quien hab\u00eda descartado un cuchillo de 25 cm en un malezal cercano, elemento que fue secuestrado en el acto.<\/p>\n\n\n\n<figure class=\"wp-block-image size-large\"><a href=\"https:\/\/cvinoticias.com\/wp-content\/uploads\/2023\/05\/IMG-20230515-WA0169.jpg\"><img decoding=\"async\" width=\"1024\" height=\"841\" data-src=\"https:\/\/cvinoticias.com\/wp-content\/uploads\/2023\/05\/IMG-20230515-WA0169-1024x841.jpg\" alt=\"\" class=\"wp-image-24846 lazyload\" data-srcset=\"https:\/\/cvinoticias.com\/wp-content\/uploads\/2023\/05\/IMG-20230515-WA0169-1024x841.jpg 1024w, https:\/\/cvinoticias.com\/wp-content\/uploads\/2023\/05\/IMG-20230515-WA0169-300x246.jpg 300w, https:\/\/cvinoticias.com\/wp-content\/uploads\/2023\/05\/IMG-20230515-WA0169-768x631.jpg 768w, https:\/\/cvinoticias.com\/wp-content\/uploads\/2023\/05\/IMG-20230515-WA0169.jpg 1080w\" data-sizes=\"(max-width: 1024px) 100vw, 1024px\" src=\"data:image\/svg+xml;base64,PHN2ZyB3aWR0aD0iMSIgaGVpZ2h0PSIxIiB4bWxucz0iaHR0cDovL3d3dy53My5vcmcvMjAwMC9zdmciPjwvc3ZnPg==\" style=\"--smush-placeholder-width: 1024px; --smush-placeholder-aspect-ratio: 1024\/841;\" \/><\/a><\/figure>\n\n\n\n<p>Continuando con las averiguaciones y dialogando con el propietario del lugar, establecieron que el c\u00f3mplice hab\u00eda escapado a bordo de un gol rojo, sujeto que al momento del il\u00edcito hab\u00eda amenazado a los residentes con un arma de fuego.<\/p>\n\n\n\n<p>Por ello, se mont\u00f3 un amplio operativo cerrojo en todas las rutas y arterias de la regi\u00f3n, dando como resultado la detenci\u00f3n del segundo hombre de 28 a\u00f1os, en un control de bloqueo efectuado sobre la Ruta Nacional N\u00ba 14 y la Provincial N\u00ba 16, quien result\u00f3 ser oriundo de la provincia de Santa Cruz. Al momento de la detenci\u00f3n, divisaron que en la billetera que llevaba el individuo se encontraban documentaciones del primer apresado. A su vez, secuestraron el veh\u00edculo en el que este se trasladaba.<\/p>\n\n\n\n<p>Finalmente, ambos fueron trasladados a la dependencia policial a disposici\u00f3n de la Justicia junto a los secuestros. Tambi\u00e9n por estas horas, Inteligencia Criminal contin\u00faa con las investigaciones a fines de establecer si los mismos tuvieron participaci\u00f3n en otros hechos de delitos contra la propiedad en la zona.<\/p>\n","protected":false},"excerpt":{"rendered":"<p>En un r\u00e1pido operativo de b\u00fasqueda y captura realizado esta ma\u00f1ana por los efectivos de la Unidad Regional XIV de San Pedro, arrestaron a dos delincuentes identificados como Orlando M. de 32 a\u00f1os y Sergio G. de 28 quienes poseen un amplio prontuario delictivo, uno de ellos por il\u00edcitos perpetrados en otra provincia del pa\u00eds. [&hellip;]<\/p>\n","protected":false},"author":2,"featured_media":24845,"comment_status":"open","ping_status":"open","sticky":false,"template":"","format":"standard","meta":{"footnotes":""},"categories":[41],"tags":[],"class_list":["post-24844","post","type-post","status-publish","format-standard","has-post-thumbnail","hentry","category-policiales"],"yoast_head":"<!-- This site is optimized with the Yoast SEO plugin v27.5 - https:\/\/yoast.com\/product\/yoast-seo-wordpress\/ -->\n<title>Arrestaron a dos miembros de una banda de delincuentes dedicada a robos en zonas rurales de San Pedro | CVI NOTICIAS<\/title>\n<meta name=\"robots\" content=\"index, follow, max-snippet:-1, max-image-preview:large, max-video-preview:-1\" \/>\n<link rel=\"canonical\" href=\"https:\/\/cvinoticias.com\/v3\/arrestaron-a-dos-miembros-de-una-banda-de-delincuentes-dedicada-a-robos-en-zonas-rurales-de-san-pedro\/\" \/>\n<meta property=\"og:locale\" content=\"es_ES\" \/>\n<meta property=\"og:type\" content=\"article\" \/>\n<meta property=\"og:title\" content=\"Arrestaron a dos miembros de una banda de delincuentes dedicada a robos en zonas rurales de San Pedro | CVI NOTICIAS\" \/>\n<meta property=\"og:description\" content=\"En un r\u00e1pido operativo de b\u00fasqueda y captura realizado esta ma\u00f1ana por los efectivos de la Unidad Regional XIV de San Pedro, arrestaron a dos delincuentes identificados como Orlando M. de 32 a\u00f1os y Sergio G. de 28 quienes poseen un amplio prontuario delictivo, uno de ellos por il\u00edcitos perpetrados en otra provincia del pa\u00eds. [&hellip;]\" \/>\n<meta property=\"og:url\" content=\"https:\/\/cvinoticias.com\/v3\/arrestaron-a-dos-miembros-de-una-banda-de-delincuentes-dedicada-a-robos-en-zonas-rurales-de-san-pedro\/\" \/>\n<meta property=\"og:site_name\" content=\"CVI NOTICIAS\" \/>\n<meta property=\"article:publisher\" content=\"https:\/\/www.facebook.com\/cvinoticias\" \/>\n<meta property=\"article:published_time\" content=\"2023-05-15T23:15:05+00:00\" \/>\n<meta property=\"og:image\" content=\"https:\/\/cvinoticias.com\/wp-content\/uploads\/2023\/05\/IMG-20230515-WA0170.jpg\" \/>\n\t<meta property=\"og:image:width\" content=\"1080\" \/>\n\t<meta property=\"og:image:height\" content=\"887\" \/>\n\t<meta property=\"og:image:type\" content=\"image\/jpeg\" \/>\n<meta name=\"author\" content=\"f1000024\" \/>\n<meta name=\"twitter:card\" content=\"summary_large_image\" \/>\n<meta name=\"twitter:label1\" content=\"Escrito por\" \/>\n\t<meta name=\"twitter:data1\" content=\"f1000024\" \/>\n\t<meta name=\"twitter:label2\" content=\"Tiempo de lectura\" \/>\n\t<meta name=\"twitter:data2\" content=\"2 minutos\" \/>\n<script type=\"application\/ld+json\" class=\"yoast-schema-graph\">{\"@context\":\"https:\\\/\\\/schema.org\",\"@graph\":[{\"@type\":\"Article\",\"@id\":\"https:\\\/\\\/cvinoticias.com\\\/v3\\\/arrestaron-a-dos-miembros-de-una-banda-de-delincuentes-dedicada-a-robos-en-zonas-rurales-de-san-pedro\\\/#article\",\"isPartOf\":{\"@id\":\"https:\\\/\\\/cvinoticias.com\\\/v3\\\/arrestaron-a-dos-miembros-de-una-banda-de-delincuentes-dedicada-a-robos-en-zonas-rurales-de-san-pedro\\\/\"},\"author\":{\"name\":\"f1000024\",\"@id\":\"https:\\\/\\\/cvinoticias.com\\\/v3\\\/#\\\/schema\\\/person\\\/2db77e3c6bc03c538495d7b2b8be9b66\"},\"headline\":\"Arrestaron a dos miembros de una banda de delincuentes dedicada a robos en zonas rurales de San Pedro\",\"datePublished\":\"2023-05-15T23:15:05+00:00\",\"mainEntityOfPage\":{\"@id\":\"https:\\\/\\\/cvinoticias.com\\\/v3\\\/arrestaron-a-dos-miembros-de-una-banda-de-delincuentes-dedicada-a-robos-en-zonas-rurales-de-san-pedro\\\/\"},\"wordCount\":416,\"commentCount\":0,\"publisher\":{\"@id\":\"https:\\\/\\\/cvinoticias.com\\\/v3\\\/#organization\"},\"image\":{\"@id\":\"https:\\\/\\\/cvinoticias.com\\\/v3\\\/arrestaron-a-dos-miembros-de-una-banda-de-delincuentes-dedicada-a-robos-en-zonas-rurales-de-san-pedro\\\/#primaryimage\"},\"thumbnailUrl\":\"https:\\\/\\\/cvinoticias.com\\\/wp-content\\\/uploads\\\/2023\\\/05\\\/IMG-20230515-WA0170.jpg\",\"articleSection\":[\"Policiales\"],\"inLanguage\":\"es\",\"potentialAction\":[{\"@type\":\"CommentAction\",\"name\":\"Comment\",\"target\":[\"https:\\\/\\\/cvinoticias.com\\\/v3\\\/arrestaron-a-dos-miembros-de-una-banda-de-delincuentes-dedicada-a-robos-en-zonas-rurales-de-san-pedro\\\/#respond\"]}]},{\"@type\":\"WebPage\",\"@id\":\"https:\\\/\\\/cvinoticias.com\\\/v3\\\/arrestaron-a-dos-miembros-de-una-banda-de-delincuentes-dedicada-a-robos-en-zonas-rurales-de-san-pedro\\\/\",\"url\":\"https:\\\/\\\/cvinoticias.com\\\/v3\\\/arrestaron-a-dos-miembros-de-una-banda-de-delincuentes-dedicada-a-robos-en-zonas-rurales-de-san-pedro\\\/\",\"name\":\"Arrestaron a dos miembros de una banda de delincuentes dedicada a robos en zonas rurales de San Pedro | CVI NOTICIAS\",\"isPartOf\":{\"@id\":\"https:\\\/\\\/cvinoticias.com\\\/v3\\\/#website\"},\"primaryImageOfPage\":{\"@id\":\"https:\\\/\\\/cvinoticias.com\\\/v3\\\/arrestaron-a-dos-miembros-de-una-banda-de-delincuentes-dedicada-a-robos-en-zonas-rurales-de-san-pedro\\\/#primaryimage\"},\"image\":{\"@id\":\"https:\\\/\\\/cvinoticias.com\\\/v3\\\/arrestaron-a-dos-miembros-de-una-banda-de-delincuentes-dedicada-a-robos-en-zonas-rurales-de-san-pedro\\\/#primaryimage\"},\"thumbnailUrl\":\"https:\\\/\\\/cvinoticias.com\\\/wp-content\\\/uploads\\\/2023\\\/05\\\/IMG-20230515-WA0170.jpg\",\"datePublished\":\"2023-05-15T23:15:05+00:00\",\"breadcrumb\":{\"@id\":\"https:\\\/\\\/cvinoticias.com\\\/v3\\\/arrestaron-a-dos-miembros-de-una-banda-de-delincuentes-dedicada-a-robos-en-zonas-rurales-de-san-pedro\\\/#breadcrumb\"},\"inLanguage\":\"es\",\"potentialAction\":[{\"@type\":\"ReadAction\",\"target\":[\"https:\\\/\\\/cvinoticias.com\\\/v3\\\/arrestaron-a-dos-miembros-de-una-banda-de-delincuentes-dedicada-a-robos-en-zonas-rurales-de-san-pedro\\\/\"]}]},{\"@type\":\"ImageObject\",\"inLanguage\":\"es\",\"@id\":\"https:\\\/\\\/cvinoticias.com\\\/v3\\\/arrestaron-a-dos-miembros-de-una-banda-de-delincuentes-dedicada-a-robos-en-zonas-rurales-de-san-pedro\\\/#primaryimage\",\"url\":\"https:\\\/\\\/cvinoticias.com\\\/wp-content\\\/uploads\\\/2023\\\/05\\\/IMG-20230515-WA0170.jpg\",\"contentUrl\":\"https:\\\/\\\/cvinoticias.com\\\/wp-content\\\/uploads\\\/2023\\\/05\\\/IMG-20230515-WA0170.jpg\",\"width\":1080,\"height\":887},{\"@type\":\"BreadcrumbList\",\"@id\":\"https:\\\/\\\/cvinoticias.com\\\/v3\\\/arrestaron-a-dos-miembros-de-una-banda-de-delincuentes-dedicada-a-robos-en-zonas-rurales-de-san-pedro\\\/#breadcrumb\",\"itemListElement\":[{\"@type\":\"ListItem\",\"position\":1,\"name\":\"Portada\",\"item\":\"https:\\\/\\\/cvinoticias.com\\\/v3\\\/\"},{\"@type\":\"ListItem\",\"position\":2,\"name\":\"Arrestaron a dos miembros de una banda de delincuentes dedicada a robos en zonas rurales de San Pedro\"}]},{\"@type\":\"WebSite\",\"@id\":\"https:\\\/\\\/cvinoticias.com\\\/v3\\\/#website\",\"url\":\"https:\\\/\\\/cvinoticias.com\\\/v3\\\/\",\"name\":\"CVI NOTICIAS\",\"description\":\"\",\"publisher\":{\"@id\":\"https:\\\/\\\/cvinoticias.com\\\/v3\\\/#organization\"},\"alternateName\":\"CVI\",\"potentialAction\":[{\"@type\":\"SearchAction\",\"target\":{\"@type\":\"EntryPoint\",\"urlTemplate\":\"https:\\\/\\\/cvinoticias.com\\\/v3\\\/?s={search_term_string}\"},\"query-input\":{\"@type\":\"PropertyValueSpecification\",\"valueRequired\":true,\"valueName\":\"search_term_string\"}}],\"inLanguage\":\"es\"},{\"@type\":\"Organization\",\"@id\":\"https:\\\/\\\/cvinoticias.com\\\/v3\\\/#organization\",\"name\":\"CVI NOTICIAS\",\"url\":\"https:\\\/\\\/cvinoticias.com\\\/v3\\\/\",\"logo\":{\"@type\":\"ImageObject\",\"inLanguage\":\"es\",\"@id\":\"https:\\\/\\\/cvinoticias.com\\\/v3\\\/#\\\/schema\\\/logo\\\/image\\\/\",\"url\":\"https:\\\/\\\/cvinoticias.com\\\/wp-content\\\/uploads\\\/2023\\\/04\\\/cropped-cropped-cropped-cropped-cropped-3-1.png\",\"contentUrl\":\"https:\\\/\\\/cvinoticias.com\\\/wp-content\\\/uploads\\\/2023\\\/04\\\/cropped-cropped-cropped-cropped-cropped-3-1.png\",\"width\":95,\"height\":122,\"caption\":\"CVI NOTICIAS\"},\"image\":{\"@id\":\"https:\\\/\\\/cvinoticias.com\\\/v3\\\/#\\\/schema\\\/logo\\\/image\\\/\"},\"sameAs\":[\"https:\\\/\\\/www.facebook.com\\\/cvinoticias\",\"https:\\\/\\\/www.instagram.com\\\/cvinoticias\\\/\",\"https:\\\/\\\/www.youtube.com\\\/@CVINOTICIAS\"]},{\"@type\":\"Person\",\"@id\":\"https:\\\/\\\/cvinoticias.com\\\/v3\\\/#\\\/schema\\\/person\\\/2db77e3c6bc03c538495d7b2b8be9b66\",\"name\":\"f1000024\",\"image\":{\"@type\":\"ImageObject\",\"inLanguage\":\"es\",\"@id\":\"https:\\\/\\\/secure.gravatar.com\\\/avatar\\\/d4fe7459cfc51ff5129ce1a732bbef5928568b8092d412ef95611616376bbeed?s=96&d=mm&r=g\",\"url\":\"https:\\\/\\\/secure.gravatar.com\\\/avatar\\\/d4fe7459cfc51ff5129ce1a732bbef5928568b8092d412ef95611616376bbeed?s=96&d=mm&r=g\",\"contentUrl\":\"https:\\\/\\\/secure.gravatar.com\\\/avatar\\\/d4fe7459cfc51ff5129ce1a732bbef5928568b8092d412ef95611616376bbeed?s=96&d=mm&r=g\",\"caption\":\"f1000024\"},\"url\":\"https:\\\/\\\/cvinoticias.com\\\/v3\\\/author\\\/f1000024\\\/\"}]}<\/script>\n<!-- \/ Yoast SEO plugin. -->","yoast_head_json":{"title":"Arrestaron a dos miembros de una banda de delincuentes dedicada a robos en zonas rurales de San Pedro | CVI NOTICIAS","robots":{"index":"index","follow":"follow","max-snippet":"max-snippet:-1","max-image-preview":"max-image-preview:large","max-video-preview":"max-video-preview:-1"},"canonical":"https:\/\/cvinoticias.com\/v3\/arrestaron-a-dos-miembros-de-una-banda-de-delincuentes-dedicada-a-robos-en-zonas-rurales-de-san-pedro\/","og_locale":"es_ES","og_type":"article","og_title":"Arrestaron a dos miembros de una banda de delincuentes dedicada a robos en zonas rurales de San Pedro | CVI NOTICIAS","og_description":"En un r\u00e1pido operativo de b\u00fasqueda y captura realizado esta ma\u00f1ana por los efectivos de la Unidad Regional XIV de San Pedro, arrestaron a dos delincuentes identificados como Orlando M. de 32 a\u00f1os y Sergio G. de 28 quienes poseen un amplio prontuario delictivo, uno de ellos por il\u00edcitos perpetrados en otra provincia del pa\u00eds. [&hellip;]","og_url":"https:\/\/cvinoticias.com\/v3\/arrestaron-a-dos-miembros-de-una-banda-de-delincuentes-dedicada-a-robos-en-zonas-rurales-de-san-pedro\/","og_site_name":"CVI NOTICIAS","article_publisher":"https:\/\/www.facebook.com\/cvinoticias","article_published_time":"2023-05-15T23:15:05+00:00","og_image":[{"width":1080,"height":887,"url":"https:\/\/cvinoticias.com\/wp-content\/uploads\/2023\/05\/IMG-20230515-WA0170.jpg","type":"image\/jpeg"}],"author":"f1000024","twitter_card":"summary_large_image","twitter_misc":{"Escrito por":"f1000024","Tiempo de lectura":"2 minutos"},"schema":{"@context":"https:\/\/schema.org","@graph":[{"@type":"Article","@id":"https:\/\/cvinoticias.com\/v3\/arrestaron-a-dos-miembros-de-una-banda-de-delincuentes-dedicada-a-robos-en-zonas-rurales-de-san-pedro\/#article","isPartOf":{"@id":"https:\/\/cvinoticias.com\/v3\/arrestaron-a-dos-miembros-de-una-banda-de-delincuentes-dedicada-a-robos-en-zonas-rurales-de-san-pedro\/"},"author":{"name":"f1000024","@id":"https:\/\/cvinoticias.com\/v3\/#\/schema\/person\/2db77e3c6bc03c538495d7b2b8be9b66"},"headline":"Arrestaron a dos miembros de una banda de delincuentes dedicada a robos en zonas rurales de San Pedro","datePublished":"2023-05-15T23:15:05+00:00","mainEntityOfPage":{"@id":"https:\/\/cvinoticias.com\/v3\/arrestaron-a-dos-miembros-de-una-banda-de-delincuentes-dedicada-a-robos-en-zonas-rurales-de-san-pedro\/"},"wordCount":416,"commentCount":0,"publisher":{"@id":"https:\/\/cvinoticias.com\/v3\/#organization"},"image":{"@id":"https:\/\/cvinoticias.com\/v3\/arrestaron-a-dos-miembros-de-una-banda-de-delincuentes-dedicada-a-robos-en-zonas-rurales-de-san-pedro\/#primaryimage"},"thumbnailUrl":"https:\/\/cvinoticias.com\/wp-content\/uploads\/2023\/05\/IMG-20230515-WA0170.jpg","articleSection":["Policiales"],"inLanguage":"es","potentialAction":[{"@type":"CommentAction","name":"Comment","target":["https:\/\/cvinoticias.com\/v3\/arrestaron-a-dos-miembros-de-una-banda-de-delincuentes-dedicada-a-robos-en-zonas-rurales-de-san-pedro\/#respond"]}]},{"@type":"WebPage","@id":"https:\/\/cvinoticias.com\/v3\/arrestaron-a-dos-miembros-de-una-banda-de-delincuentes-dedicada-a-robos-en-zonas-rurales-de-san-pedro\/","url":"https:\/\/cvinoticias.com\/v3\/arrestaron-a-dos-miembros-de-una-banda-de-delincuentes-dedicada-a-robos-en-zonas-rurales-de-san-pedro\/","name":"Arrestaron a dos miembros de una banda de delincuentes dedicada a robos en zonas rurales de San Pedro | CVI NOTICIAS","isPartOf":{"@id":"https:\/\/cvinoticias.com\/v3\/#website"},"primaryImageOfPage":{"@id":"https:\/\/cvinoticias.com\/v3\/arrestaron-a-dos-miembros-de-una-banda-de-delincuentes-dedicada-a-robos-en-zonas-rurales-de-san-pedro\/#primaryimage"},"image":{"@id":"https:\/\/cvinoticias.com\/v3\/arrestaron-a-dos-miembros-de-una-banda-de-delincuentes-dedicada-a-robos-en-zonas-rurales-de-san-pedro\/#primaryimage"},"thumbnailUrl":"https:\/\/cvinoticias.com\/wp-content\/uploads\/2023\/05\/IMG-20230515-WA0170.jpg","datePublished":"2023-05-15T23:15:05+00:00","breadcrumb":{"@id":"https:\/\/cvinoticias.com\/v3\/arrestaron-a-dos-miembros-de-una-banda-de-delincuentes-dedicada-a-robos-en-zonas-rurales-de-san-pedro\/#breadcrumb"},"inLanguage":"es","potentialAction":[{"@type":"ReadAction","target":["https:\/\/cvinoticias.com\/v3\/arrestaron-a-dos-miembros-de-una-banda-de-delincuentes-dedicada-a-robos-en-zonas-rurales-de-san-pedro\/"]}]},{"@type":"ImageObject","inLanguage":"es","@id":"https:\/\/cvinoticias.com\/v3\/arrestaron-a-dos-miembros-de-una-banda-de-delincuentes-dedicada-a-robos-en-zonas-rurales-de-san-pedro\/#primaryimage","url":"https:\/\/cvinoticias.com\/wp-content\/uploads\/2023\/05\/IMG-20230515-WA0170.jpg","contentUrl":"https:\/\/cvinoticias.com\/wp-content\/uploads\/2023\/05\/IMG-20230515-WA0170.jpg","width":1080,"height":887},{"@type":"BreadcrumbList","@id":"https:\/\/cvinoticias.com\/v3\/arrestaron-a-dos-miembros-de-una-banda-de-delincuentes-dedicada-a-robos-en-zonas-rurales-de-san-pedro\/#breadcrumb","itemListElement":[{"@type":"ListItem","position":1,"name":"Portada","item":"https:\/\/cvinoticias.com\/v3\/"},{"@type":"ListItem","position":2,"name":"Arrestaron a dos miembros de una banda de delincuentes dedicada a robos en zonas rurales de San Pedro"}]},{"@type":"WebSite","@id":"https:\/\/cvinoticias.com\/v3\/#website","url":"https:\/\/cvinoticias.com\/v3\/","name":"CVI NOTICIAS","description":"","publisher":{"@id":"https:\/\/cvinoticias.com\/v3\/#organization"},"alternateName":"CVI","potentialAction":[{"@type":"SearchAction","target":{"@type":"EntryPoint","urlTemplate":"https:\/\/cvinoticias.com\/v3\/?s={search_term_string}"},"query-input":{"@type":"PropertyValueSpecification","valueRequired":true,"valueName":"search_term_string"}}],"inLanguage":"es"},{"@type":"Organization","@id":"https:\/\/cvinoticias.com\/v3\/#organization","name":"CVI NOTICIAS","url":"https:\/\/cvinoticias.com\/v3\/","logo":{"@type":"ImageObject","inLanguage":"es","@id":"https:\/\/cvinoticias.com\/v3\/#\/schema\/logo\/image\/","url":"https:\/\/cvinoticias.com\/wp-content\/uploads\/2023\/04\/cropped-cropped-cropped-cropped-cropped-3-1.png","contentUrl":"https:\/\/cvinoticias.com\/wp-content\/uploads\/2023\/04\/cropped-cropped-cropped-cropped-cropped-3-1.png","width":95,"height":122,"caption":"CVI NOTICIAS"},"image":{"@id":"https:\/\/cvinoticias.com\/v3\/#\/schema\/logo\/image\/"},"sameAs":["https:\/\/www.facebook.com\/cvinoticias","https:\/\/www.instagram.com\/cvinoticias\/","https:\/\/www.youtube.com\/@CVINOTICIAS"]},{"@type":"Person","@id":"https:\/\/cvinoticias.com\/v3\/#\/schema\/person\/2db77e3c6bc03c538495d7b2b8be9b66","name":"f1000024","image":{"@type":"ImageObject","inLanguage":"es","@id":"https:\/\/secure.gravatar.com\/avatar\/d4fe7459cfc51ff5129ce1a732bbef5928568b8092d412ef95611616376bbeed?s=96&d=mm&r=g","url":"https:\/\/secure.gravatar.com\/avatar\/d4fe7459cfc51ff5129ce1a732bbef5928568b8092d412ef95611616376bbeed?s=96&d=mm&r=g","contentUrl":"https:\/\/secure.gravatar.com\/avatar\/d4fe7459cfc51ff5129ce1a732bbef5928568b8092d412ef95611616376bbeed?s=96&d=mm&r=g","caption":"f1000024"},"url":"https:\/\/cvinoticias.com\/v3\/author\/f1000024\/"}]}},"_links":{"self":[{"href":"https:\/\/cvinoticias.com\/v3\/wp-json\/wp\/v2\/posts\/24844","targetHints":{"allow":["GET"]}}],"collection":[{"href":"https:\/\/cvinoticias.com\/v3\/wp-json\/wp\/v2\/posts"}],"about":[{"href":"https:\/\/cvinoticias.com\/v3\/wp-json\/wp\/v2\/types\/post"}],"author":[{"embeddable":true,"href":"https:\/\/cvinoticias.com\/v3\/wp-json\/wp\/v2\/users\/2"}],"replies":[{"embeddable":true,"href":"https:\/\/cvinoticias.com\/v3\/wp-json\/wp\/v2\/comments?post=24844"}],"version-history":[{"count":1,"href":"https:\/\/cvinoticias.com\/v3\/wp-json\/wp\/v2\/posts\/24844\/revisions"}],"predecessor-version":[{"id":24847,"href":"https:\/\/cvinoticias.com\/v3\/wp-json\/wp\/v2\/posts\/24844\/revisions\/24847"}],"wp:featuredmedia":[{"embeddable":true,"href":"https:\/\/cvinoticias.com\/v3\/wp-json\/wp\/v2\/media\/24845"}],"wp:attachment":[{"href":"https:\/\/cvinoticias.com\/v3\/wp-json\/wp\/v2\/media?parent=24844"}],"wp:term":[{"taxonomy":"category","embeddable":true,"href":"https:\/\/cvinoticias.com\/v3\/wp-json\/wp\/v2\/categories?post=24844"},{"taxonomy":"post_tag","embeddable":true,"href":"https:\/\/cvinoticias.com\/v3\/wp-json\/wp\/v2\/tags?post=24844"}],"curies":[{"name":"wp","href":"https:\/\/api.w.org\/{rel}","templated":true}]}}