{"id":24837,"date":"2023-05-15T19:52:21","date_gmt":"2023-05-15T19:52:21","guid":{"rendered":"https:\/\/cvinoticias.com\/v3\/?p=24837"},"modified":"2023-05-15T19:52:21","modified_gmt":"2023-05-15T19:52:21","slug":"6-de-cada-10-ninos-y-adolescentes-son-pobres-en-argentina-segun-la-uca","status":"publish","type":"post","link":"https:\/\/cvinoticias.com\/v3\/6-de-cada-10-ninos-y-adolescentes-son-pobres-en-argentina-segun-la-uca\/","title":{"rendered":"6 de cada 10 ni\u00f1os y adolescentes son pobres en Argentina, seg\u00fan la UCA"},"content":{"rendered":"\n<p><strong><em>El informe elaborado por el Bar\u00f3metro de la Deuda Social de la Infancia, perteneciente de la Universidad Cat\u00f3lica Argentina, mostr\u00f3 que el 60% de los chicos son pobres. Adem\u00e1s se observ\u00f3 el deterioro de la clase media y los efectos de la pandemia.<\/em><\/strong><\/p>\n\n\n\n<p>En Argentina 6 de cada 10 ni\u00f1os y adolescentes de hasta 17 a\u00f1os son pobres y no consiguen acceder por completo a los alimentos, educaci\u00f3n y salud necesarios. El n\u00famero estad\u00edstico, que parece fr\u00edo, representa en la realidad a unos 8,2 millones de chicos de todo el pa\u00eds. Y se suma otro s\u00edntoma, reflejo de la crisis de la \u00faltima d\u00e9cada potenciada por la pandemia: el aumento de personas de sectores medios que caen en situaci\u00f3n de pobreza, por el deterioro de la calidad de vida en t\u00e9rminos econ\u00f3micos.<\/p>\n\n\n\n<p>Este dato surge del reciente informe publicado por el Observatorio de la Deuda Social Argentina de la Universidad Cat\u00f3lica Argentina (UCA). El trabajo, realizado por el Bar\u00f3metro de la Deuda Social de la Infancia, analiza la situaci\u00f3n social estructural de ni\u00f1os y adolescentes de entre 0 y 17 a\u00f1os en Argentina, entre los a\u00f1os 2010 y 2022.<\/p>\n\n\n\n<p><strong>Pobreza infantil en Argentina<\/strong><\/p>\n\n\n\n<p>En primer t\u00e9rmino, el relevamiento arroj\u00f3 un dato contundente: en 2022 el 61,6% de los ni\u00f1os y adolescentes (NyA) de hasta 17 a\u00f1os de edad se encuentran en la pobreza. Es decir que 6 de cada 10 chicos tienen un d\u00e9ficit de ingreso econ\u00f3mico en su entorno que no les permite acceder por completo a los bienes y servicios (como alimentos, salud, educaci\u00f3n) de la Canasta B\u00e1sica Total (CBT) que estima el Indec.<\/p>\n\n\n\n<p>Por lo tanto, la pobreza infantil se sostiene en niveles similares a los de 2019, el momento previo a la pandemia, donde alcanz\u00f3 el 59,5% de los NyA. En medio de la crisis del Covid-19, esos valores tocaron m\u00e1ximos de 64,6% (2020) y de 64,9% (2021).<\/p>\n\n\n\n<p>Adem\u00e1s, en esa serie relevada, se constat\u00f3 que un 13,1% de los NyA se encuentran en el umbral de la indigencia, ya que pertenecen a hogares que no pueden acceder a la Canasta B\u00e1sica Alimentaria (CBA) que estima una cantidad m\u00ednima de alimentos para cubrir el umbral de requerimientos energ\u00e9ticos. De este modo, si tomamos estas dos variables, la conclusi\u00f3n muestra que un 74,7% de los chicos no cumplen parcial o totalmente con las necesidades requeridas.<\/p>\n\n\n\n<p>El trabajo del Bar\u00f3metro de la Deuda Social de la Infancia de la UCA mostr\u00f3 que este nivel de pobreza estructural tuvo una tenue baja, a pesar de los esfuerzos del Estado en materia de ayuda social, como la AUH y otros planes, para contrarrestar ese efecto negativo. El informe relev\u00f3 un total de 5.860 hogares y 4.816 ni\u00f1os y adolescentes.<\/p>\n\n\n\n<p>En esa l\u00ednea, el trabajo reflej\u00f3 que las ayudas sociales del Estado para los sectores bajos y medios fueron en suba, del 41% en 2019 (prepandemia) a 49,8% en 2022. Por lo tanto, al d\u00eda de hoy, 5 de cada 10 NyA son beneficiarios de la AUH o de alg\u00fan beneficio derivado de transferencias no contributivas.<\/p>\n\n\n\n<p><strong>Inseguridad alimentaria<\/strong><\/p>\n\n\n\n<p>La alimentaci\u00f3n es uno de los ejes del trabajo donde se observ\u00f3 una leve baja respecto a 2021. En concreto, el 59,3% de los NyA de Argentina reciben alimentos de forma gratuita, ya sea en la escuela, merendero o centro social, entre otros lugares.<\/p>\n\n\n\n<p>All\u00ed reportaron una reducci\u00f3n en la dieta total necesaria alcanzaron el 31,4% en 2022. Mientras que aquellos que sufren de \u00abhambre\u00bb (o inseguridad alimentaria severa) y demostraron que no accedieron en los \u00faltimos 12 meses a los alimentos necesarios, alcanzaron el 12,3%.<\/p>\n\n\n\n<p><strong>Deterioro progresivo de sectores medios<\/strong><\/p>\n\n\n\n<p>Sin dudas, uno de los temas que genera especial atenci\u00f3n es el progresivo deterioro de la clase media en t\u00e9rminos econ\u00f3micos en el per\u00edodo 2010-2022, algo que ya se percibe desde la crisis de 2001, como fen\u00f3meno particular.<\/p>\n\n\n\n<p>En ese sentido, el informe de pobreza infantil de la UCA es otra muestra m\u00e1s de esa \u201cca\u00edda\u201d de sectores que integraban la clase media y que ahora forman parte de aquellos m\u00e1s bajos, con foco en la situaci\u00f3n econ\u00f3mica, agravada en 2020 con la pandemia del Covid-19.<\/p>\n\n\n\n<p>Este dato se ve reflejado en la tasa de pobreza de NyA, se mantiene en niveles previos de pandemia. En 2022 arroj\u00f3 que el 61,3% de los chicos de nivel socio-econ\u00f3mico medio son pobres, mientras que en 2019 esa cifra era del 54,4%. O sea que hubo un aumento de alrededor del 10% de pobres en ese rango social, en proporci\u00f3n, en tan solo tres a\u00f1os.<\/p>\n\n\n\n<p>Justamente, uno de los datos en el que hace hincapi\u00e9 el informe es el mayor impacto, desde 2020, en las infancias de sectores medios, con foco en la alimentaci\u00f3n, la salud y la educaci\u00f3n. El hecho insoslayable es que desde el a\u00f1o del inicio de la pandemia, el Estado ampli\u00f3 el servicio de cobertura social.<\/p>\n\n\n\n<p>En ese cruce, se observ\u00f3 que los sectores medios comenzaron a recurrir cada vez m\u00e1s a la ayuda social, como producto de la crisis econ\u00f3mica derivada de la pandemia. \u201cLas clases medias iban cada vez m\u00e1s a comer y recibir ayudas del Estado\u201d, expres\u00f3 Ianina Tu\u00f1\u00f3n, una de las autoras del informe.<\/p>\n\n\n\n<p><strong>El fuerte impacto de la pandemia en la clase media<\/strong><\/p>\n\n\n\n<p>Dentro del fen\u00f3meno de impacto negativo progresivo en las clases medias, puede hacer un corte para determinar que ese efecto adverso fue m\u00e1s duro en los sectores \u201cmedios no profesionales\u201d, es decir, aquellos cuyo sost\u00e9n de hogar no acceden a trabajos calificados o profesiones.<\/p>\n\n\n\n<p>En el caso de los sectores \u00abmedios no profesionales\u00bb, hubo un deterioro m\u00e1s grave, donde pas\u00f3 de un 20,2% en 2019 a 29% en 2022. Es decir que la pobreza creci\u00f3 9 puntos porcentuales m\u00e1s que en prepandemia.<\/p>\n\n\n\n<p>La situaci\u00f3n del otro subgrupo de \u201cclase media profesional\u201d tambi\u00e9n llama la atenci\u00f3n, puesto que en 2019 era de pobreza 0 y hoy se encuentra en un 3,5%, con picos de 4,1% y 4,3% en 2020 y 2021 respectivamente.<\/p>\n\n\n\n<p><strong>Aumento del trabajo infantil<\/strong><\/p>\n\n\n\n<p>El caso de la variable sobre trabajo infantil es el m\u00e1s claro ejemplo de la penetraci\u00f3n de la ayuda social del Estado para compensar la falta de acceso a bienes y servicios de los sectores m\u00e1s vulnerables.<\/p>\n\n\n\n<p>El documento publicado por la UCA demostr\u00f3 que hubo una abrupta ca\u00edda en el trabajo infantil durante la pandemia y en 2022 super\u00f3 los niveles previos.<\/p>\n\n\n\n<p>La ayuda social y la ampliaci\u00f3n de beneficios, entre 2020 y 2021, tuvieron un efecto positivo sobre los hogares en los que ni\u00f1os y adolescentes tienen el rol de \u201csujeto proveedor\u201d, es decir, que realizan tareas dom\u00e9sticas o salen a trabajar (con un adulto o por su cuenta) para generar un ingreso econ\u00f3mico (salario) adicional al grupo familiar al que pertenece.<\/p>\n\n\n\n<p>En este caso, se observ\u00f3 que los niveles de trabajo infantil (con actividad dom\u00e9stica y econ\u00f3mica intensiva) que en 2019 eran de 14,7% cayeron de forma rotunda a menos de la mitas en 2020 (5,3%) y en 2021 (7,7%).<\/p>\n\n\n\n<p>Ya en 2022, por efecto de la crisis macroecon\u00f3mica, este fen\u00f3meno vuelve a crecer y recupera niveles de prepandemia, alcanzando el 14,8% en 2022.<\/p>\n\n\n\n<p><strong>Fuente: \u00c1mbito<\/strong><\/p>\n","protected":false},"excerpt":{"rendered":"<p>El informe elaborado por el Bar\u00f3metro de la Deuda Social de la Infancia, perteneciente de la Universidad Cat\u00f3lica Argentina, mostr\u00f3 que el 60% de los chicos son pobres. Adem\u00e1s se observ\u00f3 el deterioro de la clase media y los efectos de la pandemia. En Argentina 6 de cada 10 ni\u00f1os y adolescentes de hasta 17 [&hellip;]<\/p>\n","protected":false},"author":2,"featured_media":24838,"comment_status":"open","ping_status":"open","sticky":false,"template":"","format":"standard","meta":{"footnotes":""},"categories":[39],"tags":[],"class_list":["post-24837","post","type-post","status-publish","format-standard","has-post-thumbnail","hentry","category-nacionales"],"yoast_head":"<!-- This site is optimized with the Yoast SEO plugin v27.4 - https:\/\/yoast.com\/product\/yoast-seo-wordpress\/ -->\n<title>6 de cada 10 ni\u00f1os y adolescentes son pobres en Argentina, seg\u00fan la UCA | CVI NOTICIAS<\/title>\n<meta name=\"robots\" content=\"index, follow, max-snippet:-1, max-image-preview:large, max-video-preview:-1\" \/>\n<link rel=\"canonical\" href=\"https:\/\/cvinoticias.com\/v3\/6-de-cada-10-ninos-y-adolescentes-son-pobres-en-argentina-segun-la-uca\/\" \/>\n<meta property=\"og:locale\" content=\"es_ES\" \/>\n<meta property=\"og:type\" content=\"article\" \/>\n<meta property=\"og:title\" content=\"6 de cada 10 ni\u00f1os y adolescentes son pobres en Argentina, seg\u00fan la UCA | CVI NOTICIAS\" \/>\n<meta property=\"og:description\" content=\"El informe elaborado por el Bar\u00f3metro de la Deuda Social de la Infancia, perteneciente de la Universidad Cat\u00f3lica Argentina, mostr\u00f3 que el 60% de los chicos son pobres. Adem\u00e1s se observ\u00f3 el deterioro de la clase media y los efectos de la pandemia. En Argentina 6 de cada 10 ni\u00f1os y adolescentes de hasta 17 [&hellip;]\" \/>\n<meta property=\"og:url\" content=\"https:\/\/cvinoticias.com\/v3\/6-de-cada-10-ninos-y-adolescentes-son-pobres-en-argentina-segun-la-uca\/\" \/>\n<meta property=\"og:site_name\" content=\"CVI NOTICIAS\" \/>\n<meta property=\"article:publisher\" content=\"https:\/\/www.facebook.com\/cvinoticias\" \/>\n<meta property=\"article:published_time\" content=\"2023-05-15T19:52:21+00:00\" \/>\n<meta property=\"og:image\" content=\"https:\/\/cvinoticias.com\/wp-content\/uploads\/2023\/05\/Screenshot_20230515_165157_Gallery.jpg\" \/>\n\t<meta property=\"og:image:width\" content=\"1080\" \/>\n\t<meta property=\"og:image:height\" content=\"660\" \/>\n\t<meta property=\"og:image:type\" content=\"image\/jpeg\" \/>\n<meta name=\"author\" content=\"f1000024\" \/>\n<meta name=\"twitter:card\" content=\"summary_large_image\" \/>\n<meta name=\"twitter:label1\" content=\"Escrito por\" \/>\n\t<meta name=\"twitter:data1\" content=\"f1000024\" \/>\n\t<meta name=\"twitter:label2\" content=\"Tiempo de lectura\" \/>\n\t<meta name=\"twitter:data2\" content=\"6 minutos\" \/>\n<script type=\"application\/ld+json\" class=\"yoast-schema-graph\">{\"@context\":\"https:\\\/\\\/schema.org\",\"@graph\":[{\"@type\":\"Article\",\"@id\":\"https:\\\/\\\/cvinoticias.com\\\/v3\\\/6-de-cada-10-ninos-y-adolescentes-son-pobres-en-argentina-segun-la-uca\\\/#article\",\"isPartOf\":{\"@id\":\"https:\\\/\\\/cvinoticias.com\\\/v3\\\/6-de-cada-10-ninos-y-adolescentes-son-pobres-en-argentina-segun-la-uca\\\/\"},\"author\":{\"name\":\"f1000024\",\"@id\":\"https:\\\/\\\/cvinoticias.com\\\/v3\\\/#\\\/schema\\\/person\\\/2db77e3c6bc03c538495d7b2b8be9b66\"},\"headline\":\"6 de cada 10 ni\u00f1os y adolescentes son pobres en Argentina, seg\u00fan la UCA\",\"datePublished\":\"2023-05-15T19:52:21+00:00\",\"mainEntityOfPage\":{\"@id\":\"https:\\\/\\\/cvinoticias.com\\\/v3\\\/6-de-cada-10-ninos-y-adolescentes-son-pobres-en-argentina-segun-la-uca\\\/\"},\"wordCount\":1208,\"commentCount\":0,\"publisher\":{\"@id\":\"https:\\\/\\\/cvinoticias.com\\\/v3\\\/#organization\"},\"image\":{\"@id\":\"https:\\\/\\\/cvinoticias.com\\\/v3\\\/6-de-cada-10-ninos-y-adolescentes-son-pobres-en-argentina-segun-la-uca\\\/#primaryimage\"},\"thumbnailUrl\":\"https:\\\/\\\/cvinoticias.com\\\/wp-content\\\/uploads\\\/2023\\\/05\\\/Screenshot_20230515_165157_Gallery.jpg\",\"articleSection\":[\"Nacionales\"],\"inLanguage\":\"es\",\"potentialAction\":[{\"@type\":\"CommentAction\",\"name\":\"Comment\",\"target\":[\"https:\\\/\\\/cvinoticias.com\\\/v3\\\/6-de-cada-10-ninos-y-adolescentes-son-pobres-en-argentina-segun-la-uca\\\/#respond\"]}]},{\"@type\":\"WebPage\",\"@id\":\"https:\\\/\\\/cvinoticias.com\\\/v3\\\/6-de-cada-10-ninos-y-adolescentes-son-pobres-en-argentina-segun-la-uca\\\/\",\"url\":\"https:\\\/\\\/cvinoticias.com\\\/v3\\\/6-de-cada-10-ninos-y-adolescentes-son-pobres-en-argentina-segun-la-uca\\\/\",\"name\":\"6 de cada 10 ni\u00f1os y adolescentes son pobres en Argentina, seg\u00fan la UCA | CVI NOTICIAS\",\"isPartOf\":{\"@id\":\"https:\\\/\\\/cvinoticias.com\\\/v3\\\/#website\"},\"primaryImageOfPage\":{\"@id\":\"https:\\\/\\\/cvinoticias.com\\\/v3\\\/6-de-cada-10-ninos-y-adolescentes-son-pobres-en-argentina-segun-la-uca\\\/#primaryimage\"},\"image\":{\"@id\":\"https:\\\/\\\/cvinoticias.com\\\/v3\\\/6-de-cada-10-ninos-y-adolescentes-son-pobres-en-argentina-segun-la-uca\\\/#primaryimage\"},\"thumbnailUrl\":\"https:\\\/\\\/cvinoticias.com\\\/wp-content\\\/uploads\\\/2023\\\/05\\\/Screenshot_20230515_165157_Gallery.jpg\",\"datePublished\":\"2023-05-15T19:52:21+00:00\",\"breadcrumb\":{\"@id\":\"https:\\\/\\\/cvinoticias.com\\\/v3\\\/6-de-cada-10-ninos-y-adolescentes-son-pobres-en-argentina-segun-la-uca\\\/#breadcrumb\"},\"inLanguage\":\"es\",\"potentialAction\":[{\"@type\":\"ReadAction\",\"target\":[\"https:\\\/\\\/cvinoticias.com\\\/v3\\\/6-de-cada-10-ninos-y-adolescentes-son-pobres-en-argentina-segun-la-uca\\\/\"]}]},{\"@type\":\"ImageObject\",\"inLanguage\":\"es\",\"@id\":\"https:\\\/\\\/cvinoticias.com\\\/v3\\\/6-de-cada-10-ninos-y-adolescentes-son-pobres-en-argentina-segun-la-uca\\\/#primaryimage\",\"url\":\"https:\\\/\\\/cvinoticias.com\\\/wp-content\\\/uploads\\\/2023\\\/05\\\/Screenshot_20230515_165157_Gallery.jpg\",\"contentUrl\":\"https:\\\/\\\/cvinoticias.com\\\/wp-content\\\/uploads\\\/2023\\\/05\\\/Screenshot_20230515_165157_Gallery.jpg\",\"width\":1080,\"height\":660},{\"@type\":\"BreadcrumbList\",\"@id\":\"https:\\\/\\\/cvinoticias.com\\\/v3\\\/6-de-cada-10-ninos-y-adolescentes-son-pobres-en-argentina-segun-la-uca\\\/#breadcrumb\",\"itemListElement\":[{\"@type\":\"ListItem\",\"position\":1,\"name\":\"Portada\",\"item\":\"https:\\\/\\\/cvinoticias.com\\\/v3\\\/\"},{\"@type\":\"ListItem\",\"position\":2,\"name\":\"6 de cada 10 ni\u00f1os y adolescentes son pobres en Argentina, seg\u00fan la UCA\"}]},{\"@type\":\"WebSite\",\"@id\":\"https:\\\/\\\/cvinoticias.com\\\/v3\\\/#website\",\"url\":\"https:\\\/\\\/cvinoticias.com\\\/v3\\\/\",\"name\":\"CVI NOTICIAS\",\"description\":\"\",\"publisher\":{\"@id\":\"https:\\\/\\\/cvinoticias.com\\\/v3\\\/#organization\"},\"alternateName\":\"CVI\",\"potentialAction\":[{\"@type\":\"SearchAction\",\"target\":{\"@type\":\"EntryPoint\",\"urlTemplate\":\"https:\\\/\\\/cvinoticias.com\\\/v3\\\/?s={search_term_string}\"},\"query-input\":{\"@type\":\"PropertyValueSpecification\",\"valueRequired\":true,\"valueName\":\"search_term_string\"}}],\"inLanguage\":\"es\"},{\"@type\":\"Organization\",\"@id\":\"https:\\\/\\\/cvinoticias.com\\\/v3\\\/#organization\",\"name\":\"CVI NOTICIAS\",\"url\":\"https:\\\/\\\/cvinoticias.com\\\/v3\\\/\",\"logo\":{\"@type\":\"ImageObject\",\"inLanguage\":\"es\",\"@id\":\"https:\\\/\\\/cvinoticias.com\\\/v3\\\/#\\\/schema\\\/logo\\\/image\\\/\",\"url\":\"https:\\\/\\\/cvinoticias.com\\\/wp-content\\\/uploads\\\/2023\\\/04\\\/cropped-cropped-cropped-cropped-cropped-3-1.png\",\"contentUrl\":\"https:\\\/\\\/cvinoticias.com\\\/wp-content\\\/uploads\\\/2023\\\/04\\\/cropped-cropped-cropped-cropped-cropped-3-1.png\",\"width\":95,\"height\":122,\"caption\":\"CVI NOTICIAS\"},\"image\":{\"@id\":\"https:\\\/\\\/cvinoticias.com\\\/v3\\\/#\\\/schema\\\/logo\\\/image\\\/\"},\"sameAs\":[\"https:\\\/\\\/www.facebook.com\\\/cvinoticias\",\"https:\\\/\\\/www.instagram.com\\\/cvinoticias\\\/\",\"https:\\\/\\\/www.youtube.com\\\/@CVINOTICIAS\"]},{\"@type\":\"Person\",\"@id\":\"https:\\\/\\\/cvinoticias.com\\\/v3\\\/#\\\/schema\\\/person\\\/2db77e3c6bc03c538495d7b2b8be9b66\",\"name\":\"f1000024\",\"image\":{\"@type\":\"ImageObject\",\"inLanguage\":\"es\",\"@id\":\"https:\\\/\\\/secure.gravatar.com\\\/avatar\\\/d4fe7459cfc51ff5129ce1a732bbef5928568b8092d412ef95611616376bbeed?s=96&d=mm&r=g\",\"url\":\"https:\\\/\\\/secure.gravatar.com\\\/avatar\\\/d4fe7459cfc51ff5129ce1a732bbef5928568b8092d412ef95611616376bbeed?s=96&d=mm&r=g\",\"contentUrl\":\"https:\\\/\\\/secure.gravatar.com\\\/avatar\\\/d4fe7459cfc51ff5129ce1a732bbef5928568b8092d412ef95611616376bbeed?s=96&d=mm&r=g\",\"caption\":\"f1000024\"},\"url\":\"https:\\\/\\\/cvinoticias.com\\\/v3\\\/author\\\/f1000024\\\/\"}]}<\/script>\n<!-- \/ Yoast SEO plugin. -->","yoast_head_json":{"title":"6 de cada 10 ni\u00f1os y adolescentes son pobres en Argentina, seg\u00fan la UCA | CVI NOTICIAS","robots":{"index":"index","follow":"follow","max-snippet":"max-snippet:-1","max-image-preview":"max-image-preview:large","max-video-preview":"max-video-preview:-1"},"canonical":"https:\/\/cvinoticias.com\/v3\/6-de-cada-10-ninos-y-adolescentes-son-pobres-en-argentina-segun-la-uca\/","og_locale":"es_ES","og_type":"article","og_title":"6 de cada 10 ni\u00f1os y adolescentes son pobres en Argentina, seg\u00fan la UCA | CVI NOTICIAS","og_description":"El informe elaborado por el Bar\u00f3metro de la Deuda Social de la Infancia, perteneciente de la Universidad Cat\u00f3lica Argentina, mostr\u00f3 que el 60% de los chicos son pobres. Adem\u00e1s se observ\u00f3 el deterioro de la clase media y los efectos de la pandemia. En Argentina 6 de cada 10 ni\u00f1os y adolescentes de hasta 17 [&hellip;]","og_url":"https:\/\/cvinoticias.com\/v3\/6-de-cada-10-ninos-y-adolescentes-son-pobres-en-argentina-segun-la-uca\/","og_site_name":"CVI NOTICIAS","article_publisher":"https:\/\/www.facebook.com\/cvinoticias","article_published_time":"2023-05-15T19:52:21+00:00","og_image":[{"width":1080,"height":660,"url":"https:\/\/cvinoticias.com\/wp-content\/uploads\/2023\/05\/Screenshot_20230515_165157_Gallery.jpg","type":"image\/jpeg"}],"author":"f1000024","twitter_card":"summary_large_image","twitter_misc":{"Escrito por":"f1000024","Tiempo de lectura":"6 minutos"},"schema":{"@context":"https:\/\/schema.org","@graph":[{"@type":"Article","@id":"https:\/\/cvinoticias.com\/v3\/6-de-cada-10-ninos-y-adolescentes-son-pobres-en-argentina-segun-la-uca\/#article","isPartOf":{"@id":"https:\/\/cvinoticias.com\/v3\/6-de-cada-10-ninos-y-adolescentes-son-pobres-en-argentina-segun-la-uca\/"},"author":{"name":"f1000024","@id":"https:\/\/cvinoticias.com\/v3\/#\/schema\/person\/2db77e3c6bc03c538495d7b2b8be9b66"},"headline":"6 de cada 10 ni\u00f1os y adolescentes son pobres en Argentina, seg\u00fan la UCA","datePublished":"2023-05-15T19:52:21+00:00","mainEntityOfPage":{"@id":"https:\/\/cvinoticias.com\/v3\/6-de-cada-10-ninos-y-adolescentes-son-pobres-en-argentina-segun-la-uca\/"},"wordCount":1208,"commentCount":0,"publisher":{"@id":"https:\/\/cvinoticias.com\/v3\/#organization"},"image":{"@id":"https:\/\/cvinoticias.com\/v3\/6-de-cada-10-ninos-y-adolescentes-son-pobres-en-argentina-segun-la-uca\/#primaryimage"},"thumbnailUrl":"https:\/\/cvinoticias.com\/wp-content\/uploads\/2023\/05\/Screenshot_20230515_165157_Gallery.jpg","articleSection":["Nacionales"],"inLanguage":"es","potentialAction":[{"@type":"CommentAction","name":"Comment","target":["https:\/\/cvinoticias.com\/v3\/6-de-cada-10-ninos-y-adolescentes-son-pobres-en-argentina-segun-la-uca\/#respond"]}]},{"@type":"WebPage","@id":"https:\/\/cvinoticias.com\/v3\/6-de-cada-10-ninos-y-adolescentes-son-pobres-en-argentina-segun-la-uca\/","url":"https:\/\/cvinoticias.com\/v3\/6-de-cada-10-ninos-y-adolescentes-son-pobres-en-argentina-segun-la-uca\/","name":"6 de cada 10 ni\u00f1os y adolescentes son pobres en Argentina, seg\u00fan la UCA | CVI NOTICIAS","isPartOf":{"@id":"https:\/\/cvinoticias.com\/v3\/#website"},"primaryImageOfPage":{"@id":"https:\/\/cvinoticias.com\/v3\/6-de-cada-10-ninos-y-adolescentes-son-pobres-en-argentina-segun-la-uca\/#primaryimage"},"image":{"@id":"https:\/\/cvinoticias.com\/v3\/6-de-cada-10-ninos-y-adolescentes-son-pobres-en-argentina-segun-la-uca\/#primaryimage"},"thumbnailUrl":"https:\/\/cvinoticias.com\/wp-content\/uploads\/2023\/05\/Screenshot_20230515_165157_Gallery.jpg","datePublished":"2023-05-15T19:52:21+00:00","breadcrumb":{"@id":"https:\/\/cvinoticias.com\/v3\/6-de-cada-10-ninos-y-adolescentes-son-pobres-en-argentina-segun-la-uca\/#breadcrumb"},"inLanguage":"es","potentialAction":[{"@type":"ReadAction","target":["https:\/\/cvinoticias.com\/v3\/6-de-cada-10-ninos-y-adolescentes-son-pobres-en-argentina-segun-la-uca\/"]}]},{"@type":"ImageObject","inLanguage":"es","@id":"https:\/\/cvinoticias.com\/v3\/6-de-cada-10-ninos-y-adolescentes-son-pobres-en-argentina-segun-la-uca\/#primaryimage","url":"https:\/\/cvinoticias.com\/wp-content\/uploads\/2023\/05\/Screenshot_20230515_165157_Gallery.jpg","contentUrl":"https:\/\/cvinoticias.com\/wp-content\/uploads\/2023\/05\/Screenshot_20230515_165157_Gallery.jpg","width":1080,"height":660},{"@type":"BreadcrumbList","@id":"https:\/\/cvinoticias.com\/v3\/6-de-cada-10-ninos-y-adolescentes-son-pobres-en-argentina-segun-la-uca\/#breadcrumb","itemListElement":[{"@type":"ListItem","position":1,"name":"Portada","item":"https:\/\/cvinoticias.com\/v3\/"},{"@type":"ListItem","position":2,"name":"6 de cada 10 ni\u00f1os y adolescentes son pobres en Argentina, seg\u00fan la UCA"}]},{"@type":"WebSite","@id":"https:\/\/cvinoticias.com\/v3\/#website","url":"https:\/\/cvinoticias.com\/v3\/","name":"CVI NOTICIAS","description":"","publisher":{"@id":"https:\/\/cvinoticias.com\/v3\/#organization"},"alternateName":"CVI","potentialAction":[{"@type":"SearchAction","target":{"@type":"EntryPoint","urlTemplate":"https:\/\/cvinoticias.com\/v3\/?s={search_term_string}"},"query-input":{"@type":"PropertyValueSpecification","valueRequired":true,"valueName":"search_term_string"}}],"inLanguage":"es"},{"@type":"Organization","@id":"https:\/\/cvinoticias.com\/v3\/#organization","name":"CVI NOTICIAS","url":"https:\/\/cvinoticias.com\/v3\/","logo":{"@type":"ImageObject","inLanguage":"es","@id":"https:\/\/cvinoticias.com\/v3\/#\/schema\/logo\/image\/","url":"https:\/\/cvinoticias.com\/wp-content\/uploads\/2023\/04\/cropped-cropped-cropped-cropped-cropped-3-1.png","contentUrl":"https:\/\/cvinoticias.com\/wp-content\/uploads\/2023\/04\/cropped-cropped-cropped-cropped-cropped-3-1.png","width":95,"height":122,"caption":"CVI NOTICIAS"},"image":{"@id":"https:\/\/cvinoticias.com\/v3\/#\/schema\/logo\/image\/"},"sameAs":["https:\/\/www.facebook.com\/cvinoticias","https:\/\/www.instagram.com\/cvinoticias\/","https:\/\/www.youtube.com\/@CVINOTICIAS"]},{"@type":"Person","@id":"https:\/\/cvinoticias.com\/v3\/#\/schema\/person\/2db77e3c6bc03c538495d7b2b8be9b66","name":"f1000024","image":{"@type":"ImageObject","inLanguage":"es","@id":"https:\/\/secure.gravatar.com\/avatar\/d4fe7459cfc51ff5129ce1a732bbef5928568b8092d412ef95611616376bbeed?s=96&d=mm&r=g","url":"https:\/\/secure.gravatar.com\/avatar\/d4fe7459cfc51ff5129ce1a732bbef5928568b8092d412ef95611616376bbeed?s=96&d=mm&r=g","contentUrl":"https:\/\/secure.gravatar.com\/avatar\/d4fe7459cfc51ff5129ce1a732bbef5928568b8092d412ef95611616376bbeed?s=96&d=mm&r=g","caption":"f1000024"},"url":"https:\/\/cvinoticias.com\/v3\/author\/f1000024\/"}]}},"_links":{"self":[{"href":"https:\/\/cvinoticias.com\/v3\/wp-json\/wp\/v2\/posts\/24837","targetHints":{"allow":["GET"]}}],"collection":[{"href":"https:\/\/cvinoticias.com\/v3\/wp-json\/wp\/v2\/posts"}],"about":[{"href":"https:\/\/cvinoticias.com\/v3\/wp-json\/wp\/v2\/types\/post"}],"author":[{"embeddable":true,"href":"https:\/\/cvinoticias.com\/v3\/wp-json\/wp\/v2\/users\/2"}],"replies":[{"embeddable":true,"href":"https:\/\/cvinoticias.com\/v3\/wp-json\/wp\/v2\/comments?post=24837"}],"version-history":[{"count":1,"href":"https:\/\/cvinoticias.com\/v3\/wp-json\/wp\/v2\/posts\/24837\/revisions"}],"predecessor-version":[{"id":24839,"href":"https:\/\/cvinoticias.com\/v3\/wp-json\/wp\/v2\/posts\/24837\/revisions\/24839"}],"wp:featuredmedia":[{"embeddable":true,"href":"https:\/\/cvinoticias.com\/v3\/wp-json\/wp\/v2\/media\/24838"}],"wp:attachment":[{"href":"https:\/\/cvinoticias.com\/v3\/wp-json\/wp\/v2\/media?parent=24837"}],"wp:term":[{"taxonomy":"category","embeddable":true,"href":"https:\/\/cvinoticias.com\/v3\/wp-json\/wp\/v2\/categories?post=24837"},{"taxonomy":"post_tag","embeddable":true,"href":"https:\/\/cvinoticias.com\/v3\/wp-json\/wp\/v2\/tags?post=24837"}],"curies":[{"name":"wp","href":"https:\/\/api.w.org\/{rel}","templated":true}]}}