{"id":24834,"date":"2023-05-15T17:27:32","date_gmt":"2023-05-15T17:27:32","guid":{"rendered":"https:\/\/cvinoticias.com\/v3\/?p=24834"},"modified":"2023-05-15T17:27:32","modified_gmt":"2023-05-15T17:27:32","slug":"atraparon-a-un-joven-involucrado-en-el-robo-a-una-vivienda-familiar-en-puerto-iguazu","status":"publish","type":"post","link":"https:\/\/cvinoticias.com\/v3\/atraparon-a-un-joven-involucrado-en-el-robo-a-una-vivienda-familiar-en-puerto-iguazu\/","title":{"rendered":"Atraparon a un joven involucrado en el robo a una vivienda familiar en Puerto Iguaz\u00fa"},"content":{"rendered":"\n<p><strong><em>La Polic\u00eda lo identific\u00f3 luego de los testimonios recabados entre vecinos de la zona.<\/em><\/strong><\/p>\n\n\n\n<p>Se trata de Juan F. alias \u00abJuanchi\u00bb de 20 a\u00f1os quien fue detenido en la ma\u00f1ana de hoy por encontrarse involucrado en un hecho de robo a una vivienda ubicada en el barrio San Lucas de esta ciudad.<\/p>\n\n\n\n<p>Las investigaciones se realizaron a partir de la denuncia de la damnificada una mujer de 33 a\u00f1os, quien relat\u00f3 que en la v\u00edspera un joven ingreso a su vivienda y sustrajo numerosos objetos entre electrodom\u00e9sticos, zapatillas y objetos de bazar.<\/p>\n\n\n\n<p>Como elemento probatorio el testimonio de vecinos dan cuenta haber observado al involucrado escapar de la vivienda con una mochila en horas de la noche.<\/p>\n\n\n\n<p>La polic\u00eda en un amplio Operativo procedi\u00f3 a la detenci\u00f3n del sospechoso, quien fue puesto a disposici\u00f3n de la justicia y adem\u00e1s registra numerosos antecedentes de delitos contra la propiedad, en tanto la investigaci\u00f3n contin\u00faa a fin de lograr recuperar lo sustra\u00eddo.<\/p>\n","protected":false},"excerpt":{"rendered":"<p>La Polic\u00eda lo identific\u00f3 luego de los testimonios recabados entre vecinos de la zona. Se trata de Juan F. alias \u00abJuanchi\u00bb de 20 a\u00f1os quien fue detenido en la ma\u00f1ana de hoy por encontrarse involucrado en un hecho de robo a una vivienda ubicada en el barrio San Lucas de esta ciudad. Las investigaciones se [&hellip;]<\/p>\n","protected":false},"author":2,"featured_media":24835,"comment_status":"open","ping_status":"open","sticky":false,"template":"","format":"standard","meta":{"footnotes":""},"categories":[29],"tags":[],"class_list":["post-24834","post","type-post","status-publish","format-standard","has-post-thumbnail","hentry","category-locales"],"yoast_head":"<!-- This site is optimized with the Yoast SEO plugin v27.4 - https:\/\/yoast.com\/product\/yoast-seo-wordpress\/ -->\n<title>Atraparon a un joven involucrado en el robo a una vivienda familiar en Puerto Iguaz\u00fa | CVI NOTICIAS<\/title>\n<meta name=\"robots\" content=\"index, follow, max-snippet:-1, max-image-preview:large, max-video-preview:-1\" \/>\n<link rel=\"canonical\" href=\"https:\/\/cvinoticias.com\/v3\/atraparon-a-un-joven-involucrado-en-el-robo-a-una-vivienda-familiar-en-puerto-iguazu\/\" \/>\n<meta property=\"og:locale\" content=\"es_ES\" \/>\n<meta property=\"og:type\" content=\"article\" \/>\n<meta property=\"og:title\" content=\"Atraparon a un joven involucrado en el robo a una vivienda familiar en Puerto Iguaz\u00fa | CVI NOTICIAS\" \/>\n<meta property=\"og:description\" content=\"La Polic\u00eda lo identific\u00f3 luego de los testimonios recabados entre vecinos de la zona. Se trata de Juan F. alias \u00abJuanchi\u00bb de 20 a\u00f1os quien fue detenido en la ma\u00f1ana de hoy por encontrarse involucrado en un hecho de robo a una vivienda ubicada en el barrio San Lucas de esta ciudad. Las investigaciones se [&hellip;]\" \/>\n<meta property=\"og:url\" content=\"https:\/\/cvinoticias.com\/v3\/atraparon-a-un-joven-involucrado-en-el-robo-a-una-vivienda-familiar-en-puerto-iguazu\/\" \/>\n<meta property=\"og:site_name\" content=\"CVI NOTICIAS\" \/>\n<meta property=\"article:publisher\" content=\"https:\/\/www.facebook.com\/cvinoticias\" \/>\n<meta property=\"article:published_time\" content=\"2023-05-15T17:27:32+00:00\" \/>\n<meta property=\"og:image\" content=\"https:\/\/cvinoticias.com\/wp-content\/uploads\/2023\/05\/FB_IMG_1684171517542.jpg\" \/>\n\t<meta property=\"og:image:width\" content=\"896\" \/>\n\t<meta property=\"og:image:height\" content=\"960\" \/>\n\t<meta property=\"og:image:type\" content=\"image\/jpeg\" \/>\n<meta name=\"author\" content=\"f1000024\" \/>\n<meta name=\"twitter:card\" content=\"summary_large_image\" \/>\n<meta name=\"twitter:label1\" content=\"Escrito por\" \/>\n\t<meta name=\"twitter:data1\" content=\"f1000024\" \/>\n\t<meta name=\"twitter:label2\" content=\"Tiempo de lectura\" \/>\n\t<meta name=\"twitter:data2\" content=\"1 minuto\" \/>\n<script type=\"application\/ld+json\" class=\"yoast-schema-graph\">{\"@context\":\"https:\\\/\\\/schema.org\",\"@graph\":[{\"@type\":\"Article\",\"@id\":\"https:\\\/\\\/cvinoticias.com\\\/v3\\\/atraparon-a-un-joven-involucrado-en-el-robo-a-una-vivienda-familiar-en-puerto-iguazu\\\/#article\",\"isPartOf\":{\"@id\":\"https:\\\/\\\/cvinoticias.com\\\/v3\\\/atraparon-a-un-joven-involucrado-en-el-robo-a-una-vivienda-familiar-en-puerto-iguazu\\\/\"},\"author\":{\"name\":\"f1000024\",\"@id\":\"https:\\\/\\\/cvinoticias.com\\\/v3\\\/#\\\/schema\\\/person\\\/2db77e3c6bc03c538495d7b2b8be9b66\"},\"headline\":\"Atraparon a un joven involucrado en el robo a una vivienda familiar en Puerto Iguaz\u00fa\",\"datePublished\":\"2023-05-15T17:27:32+00:00\",\"mainEntityOfPage\":{\"@id\":\"https:\\\/\\\/cvinoticias.com\\\/v3\\\/atraparon-a-un-joven-involucrado-en-el-robo-a-una-vivienda-familiar-en-puerto-iguazu\\\/\"},\"wordCount\":185,\"commentCount\":0,\"publisher\":{\"@id\":\"https:\\\/\\\/cvinoticias.com\\\/v3\\\/#organization\"},\"image\":{\"@id\":\"https:\\\/\\\/cvinoticias.com\\\/v3\\\/atraparon-a-un-joven-involucrado-en-el-robo-a-una-vivienda-familiar-en-puerto-iguazu\\\/#primaryimage\"},\"thumbnailUrl\":\"https:\\\/\\\/cvinoticias.com\\\/wp-content\\\/uploads\\\/2023\\\/05\\\/FB_IMG_1684171517542.jpg\",\"articleSection\":[\"Locales\"],\"inLanguage\":\"es\",\"potentialAction\":[{\"@type\":\"CommentAction\",\"name\":\"Comment\",\"target\":[\"https:\\\/\\\/cvinoticias.com\\\/v3\\\/atraparon-a-un-joven-involucrado-en-el-robo-a-una-vivienda-familiar-en-puerto-iguazu\\\/#respond\"]}]},{\"@type\":\"WebPage\",\"@id\":\"https:\\\/\\\/cvinoticias.com\\\/v3\\\/atraparon-a-un-joven-involucrado-en-el-robo-a-una-vivienda-familiar-en-puerto-iguazu\\\/\",\"url\":\"https:\\\/\\\/cvinoticias.com\\\/v3\\\/atraparon-a-un-joven-involucrado-en-el-robo-a-una-vivienda-familiar-en-puerto-iguazu\\\/\",\"name\":\"Atraparon a un joven involucrado en el robo a una vivienda familiar en Puerto Iguaz\u00fa | CVI NOTICIAS\",\"isPartOf\":{\"@id\":\"https:\\\/\\\/cvinoticias.com\\\/v3\\\/#website\"},\"primaryImageOfPage\":{\"@id\":\"https:\\\/\\\/cvinoticias.com\\\/v3\\\/atraparon-a-un-joven-involucrado-en-el-robo-a-una-vivienda-familiar-en-puerto-iguazu\\\/#primaryimage\"},\"image\":{\"@id\":\"https:\\\/\\\/cvinoticias.com\\\/v3\\\/atraparon-a-un-joven-involucrado-en-el-robo-a-una-vivienda-familiar-en-puerto-iguazu\\\/#primaryimage\"},\"thumbnailUrl\":\"https:\\\/\\\/cvinoticias.com\\\/wp-content\\\/uploads\\\/2023\\\/05\\\/FB_IMG_1684171517542.jpg\",\"datePublished\":\"2023-05-15T17:27:32+00:00\",\"breadcrumb\":{\"@id\":\"https:\\\/\\\/cvinoticias.com\\\/v3\\\/atraparon-a-un-joven-involucrado-en-el-robo-a-una-vivienda-familiar-en-puerto-iguazu\\\/#breadcrumb\"},\"inLanguage\":\"es\",\"potentialAction\":[{\"@type\":\"ReadAction\",\"target\":[\"https:\\\/\\\/cvinoticias.com\\\/v3\\\/atraparon-a-un-joven-involucrado-en-el-robo-a-una-vivienda-familiar-en-puerto-iguazu\\\/\"]}]},{\"@type\":\"ImageObject\",\"inLanguage\":\"es\",\"@id\":\"https:\\\/\\\/cvinoticias.com\\\/v3\\\/atraparon-a-un-joven-involucrado-en-el-robo-a-una-vivienda-familiar-en-puerto-iguazu\\\/#primaryimage\",\"url\":\"https:\\\/\\\/cvinoticias.com\\\/wp-content\\\/uploads\\\/2023\\\/05\\\/FB_IMG_1684171517542.jpg\",\"contentUrl\":\"https:\\\/\\\/cvinoticias.com\\\/wp-content\\\/uploads\\\/2023\\\/05\\\/FB_IMG_1684171517542.jpg\",\"width\":896,\"height\":960},{\"@type\":\"BreadcrumbList\",\"@id\":\"https:\\\/\\\/cvinoticias.com\\\/v3\\\/atraparon-a-un-joven-involucrado-en-el-robo-a-una-vivienda-familiar-en-puerto-iguazu\\\/#breadcrumb\",\"itemListElement\":[{\"@type\":\"ListItem\",\"position\":1,\"name\":\"Portada\",\"item\":\"https:\\\/\\\/cvinoticias.com\\\/v3\\\/\"},{\"@type\":\"ListItem\",\"position\":2,\"name\":\"Atraparon a un joven involucrado en el robo a una vivienda familiar en Puerto Iguaz\u00fa\"}]},{\"@type\":\"WebSite\",\"@id\":\"https:\\\/\\\/cvinoticias.com\\\/v3\\\/#website\",\"url\":\"https:\\\/\\\/cvinoticias.com\\\/v3\\\/\",\"name\":\"CVI NOTICIAS\",\"description\":\"\",\"publisher\":{\"@id\":\"https:\\\/\\\/cvinoticias.com\\\/v3\\\/#organization\"},\"alternateName\":\"CVI\",\"potentialAction\":[{\"@type\":\"SearchAction\",\"target\":{\"@type\":\"EntryPoint\",\"urlTemplate\":\"https:\\\/\\\/cvinoticias.com\\\/v3\\\/?s={search_term_string}\"},\"query-input\":{\"@type\":\"PropertyValueSpecification\",\"valueRequired\":true,\"valueName\":\"search_term_string\"}}],\"inLanguage\":\"es\"},{\"@type\":\"Organization\",\"@id\":\"https:\\\/\\\/cvinoticias.com\\\/v3\\\/#organization\",\"name\":\"CVI NOTICIAS\",\"url\":\"https:\\\/\\\/cvinoticias.com\\\/v3\\\/\",\"logo\":{\"@type\":\"ImageObject\",\"inLanguage\":\"es\",\"@id\":\"https:\\\/\\\/cvinoticias.com\\\/v3\\\/#\\\/schema\\\/logo\\\/image\\\/\",\"url\":\"https:\\\/\\\/cvinoticias.com\\\/wp-content\\\/uploads\\\/2023\\\/04\\\/cropped-cropped-cropped-cropped-cropped-3-1.png\",\"contentUrl\":\"https:\\\/\\\/cvinoticias.com\\\/wp-content\\\/uploads\\\/2023\\\/04\\\/cropped-cropped-cropped-cropped-cropped-3-1.png\",\"width\":95,\"height\":122,\"caption\":\"CVI NOTICIAS\"},\"image\":{\"@id\":\"https:\\\/\\\/cvinoticias.com\\\/v3\\\/#\\\/schema\\\/logo\\\/image\\\/\"},\"sameAs\":[\"https:\\\/\\\/www.facebook.com\\\/cvinoticias\",\"https:\\\/\\\/www.instagram.com\\\/cvinoticias\\\/\",\"https:\\\/\\\/www.youtube.com\\\/@CVINOTICIAS\"]},{\"@type\":\"Person\",\"@id\":\"https:\\\/\\\/cvinoticias.com\\\/v3\\\/#\\\/schema\\\/person\\\/2db77e3c6bc03c538495d7b2b8be9b66\",\"name\":\"f1000024\",\"image\":{\"@type\":\"ImageObject\",\"inLanguage\":\"es\",\"@id\":\"https:\\\/\\\/secure.gravatar.com\\\/avatar\\\/d4fe7459cfc51ff5129ce1a732bbef5928568b8092d412ef95611616376bbeed?s=96&d=mm&r=g\",\"url\":\"https:\\\/\\\/secure.gravatar.com\\\/avatar\\\/d4fe7459cfc51ff5129ce1a732bbef5928568b8092d412ef95611616376bbeed?s=96&d=mm&r=g\",\"contentUrl\":\"https:\\\/\\\/secure.gravatar.com\\\/avatar\\\/d4fe7459cfc51ff5129ce1a732bbef5928568b8092d412ef95611616376bbeed?s=96&d=mm&r=g\",\"caption\":\"f1000024\"},\"url\":\"https:\\\/\\\/cvinoticias.com\\\/v3\\\/author\\\/f1000024\\\/\"}]}<\/script>\n<!-- \/ Yoast SEO plugin. -->","yoast_head_json":{"title":"Atraparon a un joven involucrado en el robo a una vivienda familiar en Puerto Iguaz\u00fa | CVI NOTICIAS","robots":{"index":"index","follow":"follow","max-snippet":"max-snippet:-1","max-image-preview":"max-image-preview:large","max-video-preview":"max-video-preview:-1"},"canonical":"https:\/\/cvinoticias.com\/v3\/atraparon-a-un-joven-involucrado-en-el-robo-a-una-vivienda-familiar-en-puerto-iguazu\/","og_locale":"es_ES","og_type":"article","og_title":"Atraparon a un joven involucrado en el robo a una vivienda familiar en Puerto Iguaz\u00fa | CVI NOTICIAS","og_description":"La Polic\u00eda lo identific\u00f3 luego de los testimonios recabados entre vecinos de la zona. Se trata de Juan F. alias \u00abJuanchi\u00bb de 20 a\u00f1os quien fue detenido en la ma\u00f1ana de hoy por encontrarse involucrado en un hecho de robo a una vivienda ubicada en el barrio San Lucas de esta ciudad. Las investigaciones se [&hellip;]","og_url":"https:\/\/cvinoticias.com\/v3\/atraparon-a-un-joven-involucrado-en-el-robo-a-una-vivienda-familiar-en-puerto-iguazu\/","og_site_name":"CVI NOTICIAS","article_publisher":"https:\/\/www.facebook.com\/cvinoticias","article_published_time":"2023-05-15T17:27:32+00:00","og_image":[{"width":896,"height":960,"url":"https:\/\/cvinoticias.com\/wp-content\/uploads\/2023\/05\/FB_IMG_1684171517542.jpg","type":"image\/jpeg"}],"author":"f1000024","twitter_card":"summary_large_image","twitter_misc":{"Escrito por":"f1000024","Tiempo de lectura":"1 minuto"},"schema":{"@context":"https:\/\/schema.org","@graph":[{"@type":"Article","@id":"https:\/\/cvinoticias.com\/v3\/atraparon-a-un-joven-involucrado-en-el-robo-a-una-vivienda-familiar-en-puerto-iguazu\/#article","isPartOf":{"@id":"https:\/\/cvinoticias.com\/v3\/atraparon-a-un-joven-involucrado-en-el-robo-a-una-vivienda-familiar-en-puerto-iguazu\/"},"author":{"name":"f1000024","@id":"https:\/\/cvinoticias.com\/v3\/#\/schema\/person\/2db77e3c6bc03c538495d7b2b8be9b66"},"headline":"Atraparon a un joven involucrado en el robo a una vivienda familiar en Puerto Iguaz\u00fa","datePublished":"2023-05-15T17:27:32+00:00","mainEntityOfPage":{"@id":"https:\/\/cvinoticias.com\/v3\/atraparon-a-un-joven-involucrado-en-el-robo-a-una-vivienda-familiar-en-puerto-iguazu\/"},"wordCount":185,"commentCount":0,"publisher":{"@id":"https:\/\/cvinoticias.com\/v3\/#organization"},"image":{"@id":"https:\/\/cvinoticias.com\/v3\/atraparon-a-un-joven-involucrado-en-el-robo-a-una-vivienda-familiar-en-puerto-iguazu\/#primaryimage"},"thumbnailUrl":"https:\/\/cvinoticias.com\/wp-content\/uploads\/2023\/05\/FB_IMG_1684171517542.jpg","articleSection":["Locales"],"inLanguage":"es","potentialAction":[{"@type":"CommentAction","name":"Comment","target":["https:\/\/cvinoticias.com\/v3\/atraparon-a-un-joven-involucrado-en-el-robo-a-una-vivienda-familiar-en-puerto-iguazu\/#respond"]}]},{"@type":"WebPage","@id":"https:\/\/cvinoticias.com\/v3\/atraparon-a-un-joven-involucrado-en-el-robo-a-una-vivienda-familiar-en-puerto-iguazu\/","url":"https:\/\/cvinoticias.com\/v3\/atraparon-a-un-joven-involucrado-en-el-robo-a-una-vivienda-familiar-en-puerto-iguazu\/","name":"Atraparon a un joven involucrado en el robo a una vivienda familiar en Puerto Iguaz\u00fa | CVI NOTICIAS","isPartOf":{"@id":"https:\/\/cvinoticias.com\/v3\/#website"},"primaryImageOfPage":{"@id":"https:\/\/cvinoticias.com\/v3\/atraparon-a-un-joven-involucrado-en-el-robo-a-una-vivienda-familiar-en-puerto-iguazu\/#primaryimage"},"image":{"@id":"https:\/\/cvinoticias.com\/v3\/atraparon-a-un-joven-involucrado-en-el-robo-a-una-vivienda-familiar-en-puerto-iguazu\/#primaryimage"},"thumbnailUrl":"https:\/\/cvinoticias.com\/wp-content\/uploads\/2023\/05\/FB_IMG_1684171517542.jpg","datePublished":"2023-05-15T17:27:32+00:00","breadcrumb":{"@id":"https:\/\/cvinoticias.com\/v3\/atraparon-a-un-joven-involucrado-en-el-robo-a-una-vivienda-familiar-en-puerto-iguazu\/#breadcrumb"},"inLanguage":"es","potentialAction":[{"@type":"ReadAction","target":["https:\/\/cvinoticias.com\/v3\/atraparon-a-un-joven-involucrado-en-el-robo-a-una-vivienda-familiar-en-puerto-iguazu\/"]}]},{"@type":"ImageObject","inLanguage":"es","@id":"https:\/\/cvinoticias.com\/v3\/atraparon-a-un-joven-involucrado-en-el-robo-a-una-vivienda-familiar-en-puerto-iguazu\/#primaryimage","url":"https:\/\/cvinoticias.com\/wp-content\/uploads\/2023\/05\/FB_IMG_1684171517542.jpg","contentUrl":"https:\/\/cvinoticias.com\/wp-content\/uploads\/2023\/05\/FB_IMG_1684171517542.jpg","width":896,"height":960},{"@type":"BreadcrumbList","@id":"https:\/\/cvinoticias.com\/v3\/atraparon-a-un-joven-involucrado-en-el-robo-a-una-vivienda-familiar-en-puerto-iguazu\/#breadcrumb","itemListElement":[{"@type":"ListItem","position":1,"name":"Portada","item":"https:\/\/cvinoticias.com\/v3\/"},{"@type":"ListItem","position":2,"name":"Atraparon a un joven involucrado en el robo a una vivienda familiar en Puerto Iguaz\u00fa"}]},{"@type":"WebSite","@id":"https:\/\/cvinoticias.com\/v3\/#website","url":"https:\/\/cvinoticias.com\/v3\/","name":"CVI NOTICIAS","description":"","publisher":{"@id":"https:\/\/cvinoticias.com\/v3\/#organization"},"alternateName":"CVI","potentialAction":[{"@type":"SearchAction","target":{"@type":"EntryPoint","urlTemplate":"https:\/\/cvinoticias.com\/v3\/?s={search_term_string}"},"query-input":{"@type":"PropertyValueSpecification","valueRequired":true,"valueName":"search_term_string"}}],"inLanguage":"es"},{"@type":"Organization","@id":"https:\/\/cvinoticias.com\/v3\/#organization","name":"CVI NOTICIAS","url":"https:\/\/cvinoticias.com\/v3\/","logo":{"@type":"ImageObject","inLanguage":"es","@id":"https:\/\/cvinoticias.com\/v3\/#\/schema\/logo\/image\/","url":"https:\/\/cvinoticias.com\/wp-content\/uploads\/2023\/04\/cropped-cropped-cropped-cropped-cropped-3-1.png","contentUrl":"https:\/\/cvinoticias.com\/wp-content\/uploads\/2023\/04\/cropped-cropped-cropped-cropped-cropped-3-1.png","width":95,"height":122,"caption":"CVI NOTICIAS"},"image":{"@id":"https:\/\/cvinoticias.com\/v3\/#\/schema\/logo\/image\/"},"sameAs":["https:\/\/www.facebook.com\/cvinoticias","https:\/\/www.instagram.com\/cvinoticias\/","https:\/\/www.youtube.com\/@CVINOTICIAS"]},{"@type":"Person","@id":"https:\/\/cvinoticias.com\/v3\/#\/schema\/person\/2db77e3c6bc03c538495d7b2b8be9b66","name":"f1000024","image":{"@type":"ImageObject","inLanguage":"es","@id":"https:\/\/secure.gravatar.com\/avatar\/d4fe7459cfc51ff5129ce1a732bbef5928568b8092d412ef95611616376bbeed?s=96&d=mm&r=g","url":"https:\/\/secure.gravatar.com\/avatar\/d4fe7459cfc51ff5129ce1a732bbef5928568b8092d412ef95611616376bbeed?s=96&d=mm&r=g","contentUrl":"https:\/\/secure.gravatar.com\/avatar\/d4fe7459cfc51ff5129ce1a732bbef5928568b8092d412ef95611616376bbeed?s=96&d=mm&r=g","caption":"f1000024"},"url":"https:\/\/cvinoticias.com\/v3\/author\/f1000024\/"}]}},"_links":{"self":[{"href":"https:\/\/cvinoticias.com\/v3\/wp-json\/wp\/v2\/posts\/24834","targetHints":{"allow":["GET"]}}],"collection":[{"href":"https:\/\/cvinoticias.com\/v3\/wp-json\/wp\/v2\/posts"}],"about":[{"href":"https:\/\/cvinoticias.com\/v3\/wp-json\/wp\/v2\/types\/post"}],"author":[{"embeddable":true,"href":"https:\/\/cvinoticias.com\/v3\/wp-json\/wp\/v2\/users\/2"}],"replies":[{"embeddable":true,"href":"https:\/\/cvinoticias.com\/v3\/wp-json\/wp\/v2\/comments?post=24834"}],"version-history":[{"count":1,"href":"https:\/\/cvinoticias.com\/v3\/wp-json\/wp\/v2\/posts\/24834\/revisions"}],"predecessor-version":[{"id":24836,"href":"https:\/\/cvinoticias.com\/v3\/wp-json\/wp\/v2\/posts\/24834\/revisions\/24836"}],"wp:featuredmedia":[{"embeddable":true,"href":"https:\/\/cvinoticias.com\/v3\/wp-json\/wp\/v2\/media\/24835"}],"wp:attachment":[{"href":"https:\/\/cvinoticias.com\/v3\/wp-json\/wp\/v2\/media?parent=24834"}],"wp:term":[{"taxonomy":"category","embeddable":true,"href":"https:\/\/cvinoticias.com\/v3\/wp-json\/wp\/v2\/categories?post=24834"},{"taxonomy":"post_tag","embeddable":true,"href":"https:\/\/cvinoticias.com\/v3\/wp-json\/wp\/v2\/tags?post=24834"}],"curies":[{"name":"wp","href":"https:\/\/api.w.org\/{rel}","templated":true}]}}