{"id":24831,"date":"2023-05-15T13:28:54","date_gmt":"2023-05-15T13:28:54","guid":{"rendered":"https:\/\/cvinoticias.com\/v3\/?p=24831"},"modified":"2023-05-15T13:28:54","modified_gmt":"2023-05-15T13:28:54","slug":"massa-definio-un-paquete-de-medidas-para-combatir-la-inflacion","status":"publish","type":"post","link":"https:\/\/cvinoticias.com\/v3\/massa-definio-un-paquete-de-medidas-para-combatir-la-inflacion\/","title":{"rendered":"Massa defini\u00f3 un paquete de medidas para combatir la inflaci\u00f3n"},"content":{"rendered":"\n<p><strong><em>Las nuevas resoluciones apuntan a sostener el nivel de consumo, y mantener la actividad econ\u00f3mica de peque\u00f1as y medianas empresas.<\/em><\/strong><\/p>\n\n\n\n<p>Tras la reuni\u00f3n con su equipo de trabajo, el ministro de Econom\u00eda, Sergio Massa, difundi\u00f3 esta ma\u00f1ana un paquete de medidas luego que se diera a conocer el dato de inflaci\u00f3n de abril, que aument\u00f3 un 8,4%, y la escalada de la moneda extranjera durante el \u00faltimo mes.<\/p>\n\n\n\n<p>Las resoluciones incluyen un aumento en la tasa de inter\u00e9s, mayores controles comerciales, suspensi\u00f3n del dumping, un plan de facilidades para regularizar deudas tributarias y previsionales, una baja en la tasa para tarjetas de cr\u00e9dito y ahora 12.<\/p>\n\n\n\n<p>En relaci\u00f3n a los plazos fijos, el Banco Central har\u00e1 oficial este lunes la suba de 6 puntos en la tasa de inter\u00e9s, pasando a un 97%. Mensualmente, ser\u00e1 una tasa del 8%, mientras que la Tasa Efectiva Anual (TEA) alcanzar\u00e1 el 152%.<\/p>\n\n\n\n<p>Las nuevas resoluciones apuntan a sostener el nivel de consumo, y mantener la actividad econ\u00f3mica de peque\u00f1as y medianas empresas. La s\u00edntesis de las resoluciones es la siguiente:<\/p>\n\n\n\n<p>Ajustar la tasa del Banco Central a un 97%.El BCRA aumentar\u00e1 la intervenci\u00f3n en mercado de cambios y va a administrar\u00e1 el ritmo del crawl.Acelerar\u00e1n los acuerdos con el Fondo Monetario Internacional, Swap China y garant\u00eda v\u00eda BRICS Brasil.Al respecto, el ministro Sergio Massa viaja a Beijing el pr\u00f3ximo 29 de mayo.<\/p>\n\n\n\n<p>En paralelo, se dieron a conocer medidas orientadas a sostener el nivel de actividad, consistentes en:<\/p>\n\n\n\n<p>Un nuevo plan de pago AFIP deuda corriente de hasta 84 cuotas.Alivio fiscal para la moratoria de las cuotas con tasa Badlar.Aceleraci\u00f3n de la aprobaci\u00f3n de permisos para la importaci\u00f3n de bienes de capital con SIRA a 360 d\u00edas.Se conforma la Unidad de an\u00e1lisis de las Operaciones de Comercio.Ordenamiento de formadores de precios y situaci\u00f3n fiscal en el Mercado Central.Eliminaci\u00f3n de aranceles y generaci\u00f3n de normas de dumping y protecci\u00f3n para mejorar la competitividad.<\/p>\n\n\n\n<p>Con el prop\u00f3sito de sostener el nivel de consumo, el Ministerio de Econom\u00eda dispuso bajar la tasa del programa Ahora 12, reducir las tasas para los saldos de los intereses de las tarjetas de cr\u00e9dito e incrementar reintegros a sectores vulnerables por consumos con tarjeta de d\u00e9bitos.<\/p>\n","protected":false},"excerpt":{"rendered":"<p>Las nuevas resoluciones apuntan a sostener el nivel de consumo, y mantener la actividad econ\u00f3mica de peque\u00f1as y medianas empresas. Tras la reuni\u00f3n con su equipo de trabajo, el ministro de Econom\u00eda, Sergio Massa, difundi\u00f3 esta ma\u00f1ana un paquete de medidas luego que se diera a conocer el dato de inflaci\u00f3n de abril, que aument\u00f3 [&hellip;]<\/p>\n","protected":false},"author":2,"featured_media":24832,"comment_status":"open","ping_status":"open","sticky":false,"template":"","format":"standard","meta":{"footnotes":""},"categories":[39],"tags":[],"class_list":["post-24831","post","type-post","status-publish","format-standard","has-post-thumbnail","hentry","category-nacionales"],"yoast_head":"<!-- This site is optimized with the Yoast SEO plugin v27.4 - https:\/\/yoast.com\/product\/yoast-seo-wordpress\/ -->\n<title>Massa defini\u00f3 un paquete de medidas para combatir la inflaci\u00f3n | CVI NOTICIAS<\/title>\n<meta name=\"robots\" content=\"index, follow, max-snippet:-1, max-image-preview:large, max-video-preview:-1\" \/>\n<link rel=\"canonical\" href=\"https:\/\/cvinoticias.com\/v3\/massa-definio-un-paquete-de-medidas-para-combatir-la-inflacion\/\" \/>\n<meta property=\"og:locale\" content=\"es_ES\" \/>\n<meta property=\"og:type\" content=\"article\" \/>\n<meta property=\"og:title\" content=\"Massa defini\u00f3 un paquete de medidas para combatir la inflaci\u00f3n | CVI NOTICIAS\" \/>\n<meta property=\"og:description\" content=\"Las nuevas resoluciones apuntan a sostener el nivel de consumo, y mantener la actividad econ\u00f3mica de peque\u00f1as y medianas empresas. Tras la reuni\u00f3n con su equipo de trabajo, el ministro de Econom\u00eda, Sergio Massa, difundi\u00f3 esta ma\u00f1ana un paquete de medidas luego que se diera a conocer el dato de inflaci\u00f3n de abril, que aument\u00f3 [&hellip;]\" \/>\n<meta property=\"og:url\" content=\"https:\/\/cvinoticias.com\/v3\/massa-definio-un-paquete-de-medidas-para-combatir-la-inflacion\/\" \/>\n<meta property=\"og:site_name\" content=\"CVI NOTICIAS\" \/>\n<meta property=\"article:publisher\" content=\"https:\/\/www.facebook.com\/cvinoticias\" \/>\n<meta property=\"article:published_time\" content=\"2023-05-15T13:28:54+00:00\" \/>\n<meta property=\"og:image\" content=\"https:\/\/cvinoticias.com\/wp-content\/uploads\/2023\/05\/0000136660.jpg\" \/>\n\t<meta property=\"og:image:width\" content=\"1024\" \/>\n\t<meta property=\"og:image:height\" content=\"768\" \/>\n\t<meta property=\"og:image:type\" content=\"image\/jpeg\" \/>\n<meta name=\"author\" content=\"f1000024\" \/>\n<meta name=\"twitter:card\" content=\"summary_large_image\" \/>\n<meta name=\"twitter:label1\" content=\"Escrito por\" \/>\n\t<meta name=\"twitter:data1\" content=\"f1000024\" \/>\n\t<meta name=\"twitter:label2\" content=\"Tiempo de lectura\" \/>\n\t<meta name=\"twitter:data2\" content=\"2 minutos\" \/>\n<script type=\"application\/ld+json\" class=\"yoast-schema-graph\">{\"@context\":\"https:\\\/\\\/schema.org\",\"@graph\":[{\"@type\":\"Article\",\"@id\":\"https:\\\/\\\/cvinoticias.com\\\/v3\\\/massa-definio-un-paquete-de-medidas-para-combatir-la-inflacion\\\/#article\",\"isPartOf\":{\"@id\":\"https:\\\/\\\/cvinoticias.com\\\/v3\\\/massa-definio-un-paquete-de-medidas-para-combatir-la-inflacion\\\/\"},\"author\":{\"name\":\"f1000024\",\"@id\":\"https:\\\/\\\/cvinoticias.com\\\/v3\\\/#\\\/schema\\\/person\\\/2db77e3c6bc03c538495d7b2b8be9b66\"},\"headline\":\"Massa defini\u00f3 un paquete de medidas para combatir la inflaci\u00f3n\",\"datePublished\":\"2023-05-15T13:28:54+00:00\",\"mainEntityOfPage\":{\"@id\":\"https:\\\/\\\/cvinoticias.com\\\/v3\\\/massa-definio-un-paquete-de-medidas-para-combatir-la-inflacion\\\/\"},\"wordCount\":406,\"commentCount\":0,\"publisher\":{\"@id\":\"https:\\\/\\\/cvinoticias.com\\\/v3\\\/#organization\"},\"image\":{\"@id\":\"https:\\\/\\\/cvinoticias.com\\\/v3\\\/massa-definio-un-paquete-de-medidas-para-combatir-la-inflacion\\\/#primaryimage\"},\"thumbnailUrl\":\"https:\\\/\\\/cvinoticias.com\\\/wp-content\\\/uploads\\\/2023\\\/05\\\/0000136660.jpg\",\"articleSection\":[\"Nacionales\"],\"inLanguage\":\"es\",\"potentialAction\":[{\"@type\":\"CommentAction\",\"name\":\"Comment\",\"target\":[\"https:\\\/\\\/cvinoticias.com\\\/v3\\\/massa-definio-un-paquete-de-medidas-para-combatir-la-inflacion\\\/#respond\"]}]},{\"@type\":\"WebPage\",\"@id\":\"https:\\\/\\\/cvinoticias.com\\\/v3\\\/massa-definio-un-paquete-de-medidas-para-combatir-la-inflacion\\\/\",\"url\":\"https:\\\/\\\/cvinoticias.com\\\/v3\\\/massa-definio-un-paquete-de-medidas-para-combatir-la-inflacion\\\/\",\"name\":\"Massa defini\u00f3 un paquete de medidas para combatir la inflaci\u00f3n | CVI NOTICIAS\",\"isPartOf\":{\"@id\":\"https:\\\/\\\/cvinoticias.com\\\/v3\\\/#website\"},\"primaryImageOfPage\":{\"@id\":\"https:\\\/\\\/cvinoticias.com\\\/v3\\\/massa-definio-un-paquete-de-medidas-para-combatir-la-inflacion\\\/#primaryimage\"},\"image\":{\"@id\":\"https:\\\/\\\/cvinoticias.com\\\/v3\\\/massa-definio-un-paquete-de-medidas-para-combatir-la-inflacion\\\/#primaryimage\"},\"thumbnailUrl\":\"https:\\\/\\\/cvinoticias.com\\\/wp-content\\\/uploads\\\/2023\\\/05\\\/0000136660.jpg\",\"datePublished\":\"2023-05-15T13:28:54+00:00\",\"breadcrumb\":{\"@id\":\"https:\\\/\\\/cvinoticias.com\\\/v3\\\/massa-definio-un-paquete-de-medidas-para-combatir-la-inflacion\\\/#breadcrumb\"},\"inLanguage\":\"es\",\"potentialAction\":[{\"@type\":\"ReadAction\",\"target\":[\"https:\\\/\\\/cvinoticias.com\\\/v3\\\/massa-definio-un-paquete-de-medidas-para-combatir-la-inflacion\\\/\"]}]},{\"@type\":\"ImageObject\",\"inLanguage\":\"es\",\"@id\":\"https:\\\/\\\/cvinoticias.com\\\/v3\\\/massa-definio-un-paquete-de-medidas-para-combatir-la-inflacion\\\/#primaryimage\",\"url\":\"https:\\\/\\\/cvinoticias.com\\\/wp-content\\\/uploads\\\/2023\\\/05\\\/0000136660.jpg\",\"contentUrl\":\"https:\\\/\\\/cvinoticias.com\\\/wp-content\\\/uploads\\\/2023\\\/05\\\/0000136660.jpg\",\"width\":1024,\"height\":768},{\"@type\":\"BreadcrumbList\",\"@id\":\"https:\\\/\\\/cvinoticias.com\\\/v3\\\/massa-definio-un-paquete-de-medidas-para-combatir-la-inflacion\\\/#breadcrumb\",\"itemListElement\":[{\"@type\":\"ListItem\",\"position\":1,\"name\":\"Portada\",\"item\":\"https:\\\/\\\/cvinoticias.com\\\/v3\\\/\"},{\"@type\":\"ListItem\",\"position\":2,\"name\":\"Massa defini\u00f3 un paquete de medidas para combatir la inflaci\u00f3n\"}]},{\"@type\":\"WebSite\",\"@id\":\"https:\\\/\\\/cvinoticias.com\\\/v3\\\/#website\",\"url\":\"https:\\\/\\\/cvinoticias.com\\\/v3\\\/\",\"name\":\"CVI NOTICIAS\",\"description\":\"\",\"publisher\":{\"@id\":\"https:\\\/\\\/cvinoticias.com\\\/v3\\\/#organization\"},\"alternateName\":\"CVI\",\"potentialAction\":[{\"@type\":\"SearchAction\",\"target\":{\"@type\":\"EntryPoint\",\"urlTemplate\":\"https:\\\/\\\/cvinoticias.com\\\/v3\\\/?s={search_term_string}\"},\"query-input\":{\"@type\":\"PropertyValueSpecification\",\"valueRequired\":true,\"valueName\":\"search_term_string\"}}],\"inLanguage\":\"es\"},{\"@type\":\"Organization\",\"@id\":\"https:\\\/\\\/cvinoticias.com\\\/v3\\\/#organization\",\"name\":\"CVI NOTICIAS\",\"url\":\"https:\\\/\\\/cvinoticias.com\\\/v3\\\/\",\"logo\":{\"@type\":\"ImageObject\",\"inLanguage\":\"es\",\"@id\":\"https:\\\/\\\/cvinoticias.com\\\/v3\\\/#\\\/schema\\\/logo\\\/image\\\/\",\"url\":\"https:\\\/\\\/cvinoticias.com\\\/wp-content\\\/uploads\\\/2023\\\/04\\\/cropped-cropped-cropped-cropped-cropped-3-1.png\",\"contentUrl\":\"https:\\\/\\\/cvinoticias.com\\\/wp-content\\\/uploads\\\/2023\\\/04\\\/cropped-cropped-cropped-cropped-cropped-3-1.png\",\"width\":95,\"height\":122,\"caption\":\"CVI NOTICIAS\"},\"image\":{\"@id\":\"https:\\\/\\\/cvinoticias.com\\\/v3\\\/#\\\/schema\\\/logo\\\/image\\\/\"},\"sameAs\":[\"https:\\\/\\\/www.facebook.com\\\/cvinoticias\",\"https:\\\/\\\/www.instagram.com\\\/cvinoticias\\\/\",\"https:\\\/\\\/www.youtube.com\\\/@CVINOTICIAS\"]},{\"@type\":\"Person\",\"@id\":\"https:\\\/\\\/cvinoticias.com\\\/v3\\\/#\\\/schema\\\/person\\\/2db77e3c6bc03c538495d7b2b8be9b66\",\"name\":\"f1000024\",\"image\":{\"@type\":\"ImageObject\",\"inLanguage\":\"es\",\"@id\":\"https:\\\/\\\/secure.gravatar.com\\\/avatar\\\/d4fe7459cfc51ff5129ce1a732bbef5928568b8092d412ef95611616376bbeed?s=96&d=mm&r=g\",\"url\":\"https:\\\/\\\/secure.gravatar.com\\\/avatar\\\/d4fe7459cfc51ff5129ce1a732bbef5928568b8092d412ef95611616376bbeed?s=96&d=mm&r=g\",\"contentUrl\":\"https:\\\/\\\/secure.gravatar.com\\\/avatar\\\/d4fe7459cfc51ff5129ce1a732bbef5928568b8092d412ef95611616376bbeed?s=96&d=mm&r=g\",\"caption\":\"f1000024\"},\"url\":\"https:\\\/\\\/cvinoticias.com\\\/v3\\\/author\\\/f1000024\\\/\"}]}<\/script>\n<!-- \/ Yoast SEO plugin. -->","yoast_head_json":{"title":"Massa defini\u00f3 un paquete de medidas para combatir la inflaci\u00f3n | CVI NOTICIAS","robots":{"index":"index","follow":"follow","max-snippet":"max-snippet:-1","max-image-preview":"max-image-preview:large","max-video-preview":"max-video-preview:-1"},"canonical":"https:\/\/cvinoticias.com\/v3\/massa-definio-un-paquete-de-medidas-para-combatir-la-inflacion\/","og_locale":"es_ES","og_type":"article","og_title":"Massa defini\u00f3 un paquete de medidas para combatir la inflaci\u00f3n | CVI NOTICIAS","og_description":"Las nuevas resoluciones apuntan a sostener el nivel de consumo, y mantener la actividad econ\u00f3mica de peque\u00f1as y medianas empresas. Tras la reuni\u00f3n con su equipo de trabajo, el ministro de Econom\u00eda, Sergio Massa, difundi\u00f3 esta ma\u00f1ana un paquete de medidas luego que se diera a conocer el dato de inflaci\u00f3n de abril, que aument\u00f3 [&hellip;]","og_url":"https:\/\/cvinoticias.com\/v3\/massa-definio-un-paquete-de-medidas-para-combatir-la-inflacion\/","og_site_name":"CVI NOTICIAS","article_publisher":"https:\/\/www.facebook.com\/cvinoticias","article_published_time":"2023-05-15T13:28:54+00:00","og_image":[{"width":1024,"height":768,"url":"https:\/\/cvinoticias.com\/wp-content\/uploads\/2023\/05\/0000136660.jpg","type":"image\/jpeg"}],"author":"f1000024","twitter_card":"summary_large_image","twitter_misc":{"Escrito por":"f1000024","Tiempo de lectura":"2 minutos"},"schema":{"@context":"https:\/\/schema.org","@graph":[{"@type":"Article","@id":"https:\/\/cvinoticias.com\/v3\/massa-definio-un-paquete-de-medidas-para-combatir-la-inflacion\/#article","isPartOf":{"@id":"https:\/\/cvinoticias.com\/v3\/massa-definio-un-paquete-de-medidas-para-combatir-la-inflacion\/"},"author":{"name":"f1000024","@id":"https:\/\/cvinoticias.com\/v3\/#\/schema\/person\/2db77e3c6bc03c538495d7b2b8be9b66"},"headline":"Massa defini\u00f3 un paquete de medidas para combatir la inflaci\u00f3n","datePublished":"2023-05-15T13:28:54+00:00","mainEntityOfPage":{"@id":"https:\/\/cvinoticias.com\/v3\/massa-definio-un-paquete-de-medidas-para-combatir-la-inflacion\/"},"wordCount":406,"commentCount":0,"publisher":{"@id":"https:\/\/cvinoticias.com\/v3\/#organization"},"image":{"@id":"https:\/\/cvinoticias.com\/v3\/massa-definio-un-paquete-de-medidas-para-combatir-la-inflacion\/#primaryimage"},"thumbnailUrl":"https:\/\/cvinoticias.com\/wp-content\/uploads\/2023\/05\/0000136660.jpg","articleSection":["Nacionales"],"inLanguage":"es","potentialAction":[{"@type":"CommentAction","name":"Comment","target":["https:\/\/cvinoticias.com\/v3\/massa-definio-un-paquete-de-medidas-para-combatir-la-inflacion\/#respond"]}]},{"@type":"WebPage","@id":"https:\/\/cvinoticias.com\/v3\/massa-definio-un-paquete-de-medidas-para-combatir-la-inflacion\/","url":"https:\/\/cvinoticias.com\/v3\/massa-definio-un-paquete-de-medidas-para-combatir-la-inflacion\/","name":"Massa defini\u00f3 un paquete de medidas para combatir la inflaci\u00f3n | CVI NOTICIAS","isPartOf":{"@id":"https:\/\/cvinoticias.com\/v3\/#website"},"primaryImageOfPage":{"@id":"https:\/\/cvinoticias.com\/v3\/massa-definio-un-paquete-de-medidas-para-combatir-la-inflacion\/#primaryimage"},"image":{"@id":"https:\/\/cvinoticias.com\/v3\/massa-definio-un-paquete-de-medidas-para-combatir-la-inflacion\/#primaryimage"},"thumbnailUrl":"https:\/\/cvinoticias.com\/wp-content\/uploads\/2023\/05\/0000136660.jpg","datePublished":"2023-05-15T13:28:54+00:00","breadcrumb":{"@id":"https:\/\/cvinoticias.com\/v3\/massa-definio-un-paquete-de-medidas-para-combatir-la-inflacion\/#breadcrumb"},"inLanguage":"es","potentialAction":[{"@type":"ReadAction","target":["https:\/\/cvinoticias.com\/v3\/massa-definio-un-paquete-de-medidas-para-combatir-la-inflacion\/"]}]},{"@type":"ImageObject","inLanguage":"es","@id":"https:\/\/cvinoticias.com\/v3\/massa-definio-un-paquete-de-medidas-para-combatir-la-inflacion\/#primaryimage","url":"https:\/\/cvinoticias.com\/wp-content\/uploads\/2023\/05\/0000136660.jpg","contentUrl":"https:\/\/cvinoticias.com\/wp-content\/uploads\/2023\/05\/0000136660.jpg","width":1024,"height":768},{"@type":"BreadcrumbList","@id":"https:\/\/cvinoticias.com\/v3\/massa-definio-un-paquete-de-medidas-para-combatir-la-inflacion\/#breadcrumb","itemListElement":[{"@type":"ListItem","position":1,"name":"Portada","item":"https:\/\/cvinoticias.com\/v3\/"},{"@type":"ListItem","position":2,"name":"Massa defini\u00f3 un paquete de medidas para combatir la inflaci\u00f3n"}]},{"@type":"WebSite","@id":"https:\/\/cvinoticias.com\/v3\/#website","url":"https:\/\/cvinoticias.com\/v3\/","name":"CVI NOTICIAS","description":"","publisher":{"@id":"https:\/\/cvinoticias.com\/v3\/#organization"},"alternateName":"CVI","potentialAction":[{"@type":"SearchAction","target":{"@type":"EntryPoint","urlTemplate":"https:\/\/cvinoticias.com\/v3\/?s={search_term_string}"},"query-input":{"@type":"PropertyValueSpecification","valueRequired":true,"valueName":"search_term_string"}}],"inLanguage":"es"},{"@type":"Organization","@id":"https:\/\/cvinoticias.com\/v3\/#organization","name":"CVI NOTICIAS","url":"https:\/\/cvinoticias.com\/v3\/","logo":{"@type":"ImageObject","inLanguage":"es","@id":"https:\/\/cvinoticias.com\/v3\/#\/schema\/logo\/image\/","url":"https:\/\/cvinoticias.com\/wp-content\/uploads\/2023\/04\/cropped-cropped-cropped-cropped-cropped-3-1.png","contentUrl":"https:\/\/cvinoticias.com\/wp-content\/uploads\/2023\/04\/cropped-cropped-cropped-cropped-cropped-3-1.png","width":95,"height":122,"caption":"CVI NOTICIAS"},"image":{"@id":"https:\/\/cvinoticias.com\/v3\/#\/schema\/logo\/image\/"},"sameAs":["https:\/\/www.facebook.com\/cvinoticias","https:\/\/www.instagram.com\/cvinoticias\/","https:\/\/www.youtube.com\/@CVINOTICIAS"]},{"@type":"Person","@id":"https:\/\/cvinoticias.com\/v3\/#\/schema\/person\/2db77e3c6bc03c538495d7b2b8be9b66","name":"f1000024","image":{"@type":"ImageObject","inLanguage":"es","@id":"https:\/\/secure.gravatar.com\/avatar\/d4fe7459cfc51ff5129ce1a732bbef5928568b8092d412ef95611616376bbeed?s=96&d=mm&r=g","url":"https:\/\/secure.gravatar.com\/avatar\/d4fe7459cfc51ff5129ce1a732bbef5928568b8092d412ef95611616376bbeed?s=96&d=mm&r=g","contentUrl":"https:\/\/secure.gravatar.com\/avatar\/d4fe7459cfc51ff5129ce1a732bbef5928568b8092d412ef95611616376bbeed?s=96&d=mm&r=g","caption":"f1000024"},"url":"https:\/\/cvinoticias.com\/v3\/author\/f1000024\/"}]}},"_links":{"self":[{"href":"https:\/\/cvinoticias.com\/v3\/wp-json\/wp\/v2\/posts\/24831","targetHints":{"allow":["GET"]}}],"collection":[{"href":"https:\/\/cvinoticias.com\/v3\/wp-json\/wp\/v2\/posts"}],"about":[{"href":"https:\/\/cvinoticias.com\/v3\/wp-json\/wp\/v2\/types\/post"}],"author":[{"embeddable":true,"href":"https:\/\/cvinoticias.com\/v3\/wp-json\/wp\/v2\/users\/2"}],"replies":[{"embeddable":true,"href":"https:\/\/cvinoticias.com\/v3\/wp-json\/wp\/v2\/comments?post=24831"}],"version-history":[{"count":1,"href":"https:\/\/cvinoticias.com\/v3\/wp-json\/wp\/v2\/posts\/24831\/revisions"}],"predecessor-version":[{"id":24833,"href":"https:\/\/cvinoticias.com\/v3\/wp-json\/wp\/v2\/posts\/24831\/revisions\/24833"}],"wp:featuredmedia":[{"embeddable":true,"href":"https:\/\/cvinoticias.com\/v3\/wp-json\/wp\/v2\/media\/24832"}],"wp:attachment":[{"href":"https:\/\/cvinoticias.com\/v3\/wp-json\/wp\/v2\/media?parent=24831"}],"wp:term":[{"taxonomy":"category","embeddable":true,"href":"https:\/\/cvinoticias.com\/v3\/wp-json\/wp\/v2\/categories?post=24831"},{"taxonomy":"post_tag","embeddable":true,"href":"https:\/\/cvinoticias.com\/v3\/wp-json\/wp\/v2\/tags?post=24831"}],"curies":[{"name":"wp","href":"https:\/\/api.w.org\/{rel}","templated":true}]}}