{"id":24822,"date":"2023-05-14T19:20:56","date_gmt":"2023-05-14T19:20:56","guid":{"rendered":"https:\/\/cvinoticias.com\/v3\/?p=24822"},"modified":"2023-05-14T19:20:56","modified_gmt":"2023-05-14T19:20:56","slug":"el-frc-quedo-con-76-de-los-78-municipios-y-habra-9-mujeres-al-frente-de-intendencias","status":"publish","type":"post","link":"https:\/\/cvinoticias.com\/v3\/el-frc-quedo-con-76-de-los-78-municipios-y-habra-9-mujeres-al-frente-de-intendencias\/","title":{"rendered":"El FRC qued\u00f3 con 76 de los 78 municipios y habr\u00e1 9 mujeres al frente de intendencias"},"content":{"rendered":"\n<p><strong><em>Este s\u00e1bado termin\u00f3 en la Legislatura provincial el escrutinio definitivo de las elecciones provinciales del 7 de mayo. Confirm\u00f3 el contundente triunfo del Frente Renovador de la Concordia y zanj\u00f3 las diferencias en aquellos municipios donde la diferencia entre candidatos hab\u00eda sido escasa.<\/em><\/strong><\/p>\n\n\n\n<p>De acuerdo con el acta firmada por el Tribunal Electoral de Misiones, el domingo pasado en las 2.847 mesas habilitadas votaron 695.983 misioneros, es decir, el 71,03% del padr\u00f3n de 979.882 electores.<\/p>\n\n\n\n<p>La Renovaci\u00f3n cosech\u00f3 424.533 sufragios en la categor\u00eda Gobernador y Vice y 429.961 en la de diputados provinciales. Se qued\u00f3 con 76 de las 78 intendencias en la que compiti\u00f3 y consigui\u00f3 14 de las 20 bancas a legisladores que estaban en juego.<\/p>\n\n\n\n<p>La segunda fuerza fue Juntos por el Cambio, con 175.759 votos para Gobernador y Vice y 159.011 para diputados. Obtuvo cinco esca\u00f1os en la C\u00e1mara de Representantes de la provincia y una intendencia, la de Concepci\u00f3n de la Sierra.<\/p>\n\n\n\n<p>En tercer lugar se ubic\u00f3 Fuerza de Todos, que cosech\u00f3 37.956 votos los cargos del Ejecutivo provincial y 32.196 para legisladores. De esta manera, consigui\u00f3 una banca. Tambi\u00e9n retuvo la comuna de Colonia Aurora.<\/p>\n\n\n\n<p>El escrutinio tambi\u00e9n dej\u00f3 otros datos llamativos. Para Gobernador y Vice hubo 29.917 votos en blanco. Y 40.488 para diputados. Es decir que en la categor\u00eda de legisladores provinciales, los votos en blanco ocuparon el tercer lugar en cantidad de votos. En cuanto a los nulos, se registraron 4582 para Gobernador y Vice y 4540 para diputados.<\/p>\n\n\n\n<p>Los tres d\u00edas de control y supervisi\u00f3n de los comicios tambi\u00e9n determinaron qui\u00e9nes fueron los ganadores en las comunas con resultados m\u00e1s ajustados:<\/p>\n\n\n\n<ul class=\"wp-block-list\">\n<li>Garup\u00e1: Fue reelecto Luis Ripoll (FR) con 5.731 votos, 100 m\u00e1s que el actual diputado provincial Rolando Roa.<\/li>\n\n\n\n<li>Candelaria: Carlos Flores (FR) se impuso con 1.673 sufragios contra los 1658 de Luis Ayala.<\/li>\n\n\n\n<li>Santa Ana: Mabel Pezoa (FR) volver\u00e1 a la intendencia. La votaron 957 vecinos, contra los 948 que se inclinaron por el actual jefe comunal Pablo Castro.<\/li>\n\n\n\n<li>Tres Capones: Ram\u00f3n Gerega (FR) retuvo la intendencia con 871 votos en un mano a mano con el otro sublema de su espacio, que lleg\u00f3 a 841.<\/li>\n<\/ul>\n\n\n\n<p>Adem\u00e1s de ellos, est\u00e1n al frente de las intendencias de sus respectivas localidades: Rub\u00e9n Golot (Gobernador L\u00f3pez), F\u00e1tima Cabrera (General Urquiza), Daniel Rodr\u00edguez (General Alvear), Gerardo Schmied (Garuhap\u00e9), Juan Fern\u00e1ndez (Fracr\u00e1n), Mat\u00edas Sebely (Leandro N. Alem), C\u00e9sar Araujo (Jard\u00edn Am\u00e9rica), Jos\u00e9 \u00c1lvez (Itacaruar\u00e9), F\u00e9lix L\u00f3pez (Hip\u00f3lito Yrigoyen), Miguel Vargas (Guaran\u00ed), Rosendo Lukowski (Gobernador Roca), Fernando Ferreira (Puerto Libertad), Ram\u00f3n Arr\u00faa (Capiov\u00ed), German Burger (Campo Viera), V\u00edctor Vogel (Ruiz de Montoya), Elvio Rivas (Puerto Leoni), Claudia Acu\u00f1a (Santo Pip\u00f3), Hugo Humeniuk (Concepci\u00f3n de la Sierra, Juntos por el Cambio), Edgardo Aquino (Bernardo de Irigoyen), Juan Jos\u00e9 Mac Donald (Arist\u00f3bulo del Valle), Carlos Gustavo Koth (Puerto Rico), Eduardo V\u00e1zquez (El Alc\u00e1zar), Mario Peyer (Caraguatay), Julio Barreto (Montecarlo), Fabi\u00e1n Rodr\u00edguez (San Vicente), Mar\u00eda Eugenia Safr\u00e1n (Ap\u00f3stoles), Carlos Sartori (Campo Grande), Roque Soboczinski (El Soberbio), Leonardo Stelatto (Posadas), Miguel Dos Santos (San Pedro), Pablo Hassan (Ober\u00e1), Rodrigo Dur\u00e1n (Eldorado), Adri\u00e1n Sol\u00eds (Moj\u00f3n Grande), Alejandro Max (M\u00e1rtires), Pedro G\u00f3mez (Los Helechos), Ram\u00f3n Toledo (Loreto), Gustavo Knebel (Andrade), Rosendo Fuchs (Panamb\u00ed), Edgar Gonz\u00e1lez (Pozo Azul), Silvia Estigarribia (Profundidad), Horacio Zarza (Puerto Esperanza), Claudio Filippa (Puerto Iguaz\u00fa), Mirtha Lezcano (Puerto Piray), Eldor Hut (Salto Encantado), Fausto Rojas (San Antonio), Esteban Romero (San Ignacio), Mat\u00edas Vilchez (San Javier), Jorge Tenaschuk (San Jos\u00e9), Daniel Schwartz (San Mart\u00edn), Jos\u00e9 Zadovek (Santa Mar\u00eda), Miguel Zumbroski (Santiago de Liniers), Omar Wdowin (25 de Mayo), Rub\u00e9n Kobler (Nueve de Julio), Lucas Gerhardt (Alba Posse), Celia Smiak (Almafuerte), Benito Da Silva (Arroyo del Medio), Juan Carlos Bueno (Bonpland), Reinaldo Friedrich (Ca\u00e1 Yar\u00ed), Jos\u00e9 M\u00e1rquez Da Silva (Campo Ram\u00f3n), Gaspar Dudek (Cerro Azul), Diego Pedrozo (Cerro Cor\u00e1), Juan Gonz\u00e1lez (Alberdi), Carlos Goring (Colonia Aurora, La Fuerza de Todos), Roberto Wern (Colonia Delicia), Antonia Medina (Colonia Polana), Hugo Andino (Colonia Victoria), Romina Faccio (Wanda), Bruno Beck (Comandante Andresito), Emanuel Ben\u00edtez (Corpus), Rosario Becker (Dos Arroyos), Ricardo Weber (Dos de Mayo), Miguel Ben\u00edtez (Fachinal) y Mario Konopka (Ameghino).<\/p>\n\n\n\n<p>Datos<\/p>\n\n\n\n<ul class=\"wp-block-list\">\n<li>9 Comunas tendr\u00e1n mujeres al frente del Ejecutivo.<\/li>\n\n\n\n<li>2 comunas eligieron intendente por primera vez: Salto Encantado y Fracr\u00e1n.<\/li>\n<\/ul>\n","protected":false},"excerpt":{"rendered":"<p>Este s\u00e1bado termin\u00f3 en la Legislatura provincial el escrutinio definitivo de las elecciones provinciales del 7 de mayo. Confirm\u00f3 el contundente triunfo del Frente Renovador de la Concordia y zanj\u00f3 las diferencias en aquellos municipios donde la diferencia entre candidatos hab\u00eda sido escasa. De acuerdo con el acta firmada por el Tribunal Electoral de Misiones, [&hellip;]<\/p>\n","protected":false},"author":2,"featured_media":24823,"comment_status":"open","ping_status":"open","sticky":false,"template":"","format":"standard","meta":{"footnotes":""},"categories":[42],"tags":[],"class_list":["post-24822","post","type-post","status-publish","format-standard","has-post-thumbnail","hentry","category-politica"],"yoast_head":"<!-- This site is optimized with the Yoast SEO plugin v27.5 - https:\/\/yoast.com\/product\/yoast-seo-wordpress\/ -->\n<title>El FRC qued\u00f3 con 76 de los 78 municipios y habr\u00e1 9 mujeres al frente de intendencias | CVI NOTICIAS<\/title>\n<meta name=\"robots\" content=\"index, follow, max-snippet:-1, max-image-preview:large, max-video-preview:-1\" \/>\n<link rel=\"canonical\" href=\"https:\/\/cvinoticias.com\/v3\/el-frc-quedo-con-76-de-los-78-municipios-y-habra-9-mujeres-al-frente-de-intendencias\/\" \/>\n<meta property=\"og:locale\" content=\"es_ES\" \/>\n<meta property=\"og:type\" content=\"article\" \/>\n<meta property=\"og:title\" content=\"El FRC qued\u00f3 con 76 de los 78 municipios y habr\u00e1 9 mujeres al frente de intendencias | CVI NOTICIAS\" \/>\n<meta property=\"og:description\" content=\"Este s\u00e1bado termin\u00f3 en la Legislatura provincial el escrutinio definitivo de las elecciones provinciales del 7 de mayo. Confirm\u00f3 el contundente triunfo del Frente Renovador de la Concordia y zanj\u00f3 las diferencias en aquellos municipios donde la diferencia entre candidatos hab\u00eda sido escasa. De acuerdo con el acta firmada por el Tribunal Electoral de Misiones, [&hellip;]\" \/>\n<meta property=\"og:url\" content=\"https:\/\/cvinoticias.com\/v3\/el-frc-quedo-con-76-de-los-78-municipios-y-habra-9-mujeres-al-frente-de-intendencias\/\" \/>\n<meta property=\"og:site_name\" content=\"CVI NOTICIAS\" \/>\n<meta property=\"article:publisher\" content=\"https:\/\/www.facebook.com\/cvinoticias\" \/>\n<meta property=\"article:published_time\" content=\"2023-05-14T19:20:56+00:00\" \/>\n<meta property=\"og:image\" content=\"https:\/\/cvinoticias.com\/wp-content\/uploads\/2023\/05\/Hugo-Passalacqua-scaled-1.jpg\" \/>\n\t<meta property=\"og:image:width\" content=\"500\" \/>\n\t<meta property=\"og:image:height\" content=\"304\" \/>\n\t<meta property=\"og:image:type\" content=\"image\/jpeg\" \/>\n<meta name=\"author\" content=\"f1000024\" \/>\n<meta name=\"twitter:card\" content=\"summary_large_image\" \/>\n<meta name=\"twitter:label1\" content=\"Escrito por\" \/>\n\t<meta name=\"twitter:data1\" content=\"f1000024\" \/>\n\t<meta name=\"twitter:label2\" content=\"Tiempo de lectura\" \/>\n\t<meta name=\"twitter:data2\" content=\"4 minutos\" \/>\n<script type=\"application\/ld+json\" class=\"yoast-schema-graph\">{\"@context\":\"https:\\\/\\\/schema.org\",\"@graph\":[{\"@type\":\"Article\",\"@id\":\"https:\\\/\\\/cvinoticias.com\\\/v3\\\/el-frc-quedo-con-76-de-los-78-municipios-y-habra-9-mujeres-al-frente-de-intendencias\\\/#article\",\"isPartOf\":{\"@id\":\"https:\\\/\\\/cvinoticias.com\\\/v3\\\/el-frc-quedo-con-76-de-los-78-municipios-y-habra-9-mujeres-al-frente-de-intendencias\\\/\"},\"author\":{\"name\":\"f1000024\",\"@id\":\"https:\\\/\\\/cvinoticias.com\\\/v3\\\/#\\\/schema\\\/person\\\/2db77e3c6bc03c538495d7b2b8be9b66\"},\"headline\":\"El FRC qued\u00f3 con 76 de los 78 municipios y habr\u00e1 9 mujeres al frente de intendencias\",\"datePublished\":\"2023-05-14T19:20:56+00:00\",\"mainEntityOfPage\":{\"@id\":\"https:\\\/\\\/cvinoticias.com\\\/v3\\\/el-frc-quedo-con-76-de-los-78-municipios-y-habra-9-mujeres-al-frente-de-intendencias\\\/\"},\"wordCount\":737,\"commentCount\":0,\"publisher\":{\"@id\":\"https:\\\/\\\/cvinoticias.com\\\/v3\\\/#organization\"},\"image\":{\"@id\":\"https:\\\/\\\/cvinoticias.com\\\/v3\\\/el-frc-quedo-con-76-de-los-78-municipios-y-habra-9-mujeres-al-frente-de-intendencias\\\/#primaryimage\"},\"thumbnailUrl\":\"https:\\\/\\\/cvinoticias.com\\\/wp-content\\\/uploads\\\/2023\\\/05\\\/Hugo-Passalacqua-scaled-1.jpg\",\"articleSection\":[\"Politica\"],\"inLanguage\":\"es\",\"potentialAction\":[{\"@type\":\"CommentAction\",\"name\":\"Comment\",\"target\":[\"https:\\\/\\\/cvinoticias.com\\\/v3\\\/el-frc-quedo-con-76-de-los-78-municipios-y-habra-9-mujeres-al-frente-de-intendencias\\\/#respond\"]}]},{\"@type\":\"WebPage\",\"@id\":\"https:\\\/\\\/cvinoticias.com\\\/v3\\\/el-frc-quedo-con-76-de-los-78-municipios-y-habra-9-mujeres-al-frente-de-intendencias\\\/\",\"url\":\"https:\\\/\\\/cvinoticias.com\\\/v3\\\/el-frc-quedo-con-76-de-los-78-municipios-y-habra-9-mujeres-al-frente-de-intendencias\\\/\",\"name\":\"El FRC qued\u00f3 con 76 de los 78 municipios y habr\u00e1 9 mujeres al frente de intendencias | CVI NOTICIAS\",\"isPartOf\":{\"@id\":\"https:\\\/\\\/cvinoticias.com\\\/v3\\\/#website\"},\"primaryImageOfPage\":{\"@id\":\"https:\\\/\\\/cvinoticias.com\\\/v3\\\/el-frc-quedo-con-76-de-los-78-municipios-y-habra-9-mujeres-al-frente-de-intendencias\\\/#primaryimage\"},\"image\":{\"@id\":\"https:\\\/\\\/cvinoticias.com\\\/v3\\\/el-frc-quedo-con-76-de-los-78-municipios-y-habra-9-mujeres-al-frente-de-intendencias\\\/#primaryimage\"},\"thumbnailUrl\":\"https:\\\/\\\/cvinoticias.com\\\/wp-content\\\/uploads\\\/2023\\\/05\\\/Hugo-Passalacqua-scaled-1.jpg\",\"datePublished\":\"2023-05-14T19:20:56+00:00\",\"breadcrumb\":{\"@id\":\"https:\\\/\\\/cvinoticias.com\\\/v3\\\/el-frc-quedo-con-76-de-los-78-municipios-y-habra-9-mujeres-al-frente-de-intendencias\\\/#breadcrumb\"},\"inLanguage\":\"es\",\"potentialAction\":[{\"@type\":\"ReadAction\",\"target\":[\"https:\\\/\\\/cvinoticias.com\\\/v3\\\/el-frc-quedo-con-76-de-los-78-municipios-y-habra-9-mujeres-al-frente-de-intendencias\\\/\"]}]},{\"@type\":\"ImageObject\",\"inLanguage\":\"es\",\"@id\":\"https:\\\/\\\/cvinoticias.com\\\/v3\\\/el-frc-quedo-con-76-de-los-78-municipios-y-habra-9-mujeres-al-frente-de-intendencias\\\/#primaryimage\",\"url\":\"https:\\\/\\\/cvinoticias.com\\\/wp-content\\\/uploads\\\/2023\\\/05\\\/Hugo-Passalacqua-scaled-1.jpg\",\"contentUrl\":\"https:\\\/\\\/cvinoticias.com\\\/wp-content\\\/uploads\\\/2023\\\/05\\\/Hugo-Passalacqua-scaled-1.jpg\",\"width\":500,\"height\":304},{\"@type\":\"BreadcrumbList\",\"@id\":\"https:\\\/\\\/cvinoticias.com\\\/v3\\\/el-frc-quedo-con-76-de-los-78-municipios-y-habra-9-mujeres-al-frente-de-intendencias\\\/#breadcrumb\",\"itemListElement\":[{\"@type\":\"ListItem\",\"position\":1,\"name\":\"Portada\",\"item\":\"https:\\\/\\\/cvinoticias.com\\\/v3\\\/\"},{\"@type\":\"ListItem\",\"position\":2,\"name\":\"El FRC qued\u00f3 con 76 de los 78 municipios y habr\u00e1 9 mujeres al frente de intendencias\"}]},{\"@type\":\"WebSite\",\"@id\":\"https:\\\/\\\/cvinoticias.com\\\/v3\\\/#website\",\"url\":\"https:\\\/\\\/cvinoticias.com\\\/v3\\\/\",\"name\":\"CVI NOTICIAS\",\"description\":\"\",\"publisher\":{\"@id\":\"https:\\\/\\\/cvinoticias.com\\\/v3\\\/#organization\"},\"alternateName\":\"CVI\",\"potentialAction\":[{\"@type\":\"SearchAction\",\"target\":{\"@type\":\"EntryPoint\",\"urlTemplate\":\"https:\\\/\\\/cvinoticias.com\\\/v3\\\/?s={search_term_string}\"},\"query-input\":{\"@type\":\"PropertyValueSpecification\",\"valueRequired\":true,\"valueName\":\"search_term_string\"}}],\"inLanguage\":\"es\"},{\"@type\":\"Organization\",\"@id\":\"https:\\\/\\\/cvinoticias.com\\\/v3\\\/#organization\",\"name\":\"CVI NOTICIAS\",\"url\":\"https:\\\/\\\/cvinoticias.com\\\/v3\\\/\",\"logo\":{\"@type\":\"ImageObject\",\"inLanguage\":\"es\",\"@id\":\"https:\\\/\\\/cvinoticias.com\\\/v3\\\/#\\\/schema\\\/logo\\\/image\\\/\",\"url\":\"https:\\\/\\\/cvinoticias.com\\\/wp-content\\\/uploads\\\/2023\\\/04\\\/cropped-cropped-cropped-cropped-cropped-3-1.png\",\"contentUrl\":\"https:\\\/\\\/cvinoticias.com\\\/wp-content\\\/uploads\\\/2023\\\/04\\\/cropped-cropped-cropped-cropped-cropped-3-1.png\",\"width\":95,\"height\":122,\"caption\":\"CVI NOTICIAS\"},\"image\":{\"@id\":\"https:\\\/\\\/cvinoticias.com\\\/v3\\\/#\\\/schema\\\/logo\\\/image\\\/\"},\"sameAs\":[\"https:\\\/\\\/www.facebook.com\\\/cvinoticias\",\"https:\\\/\\\/www.instagram.com\\\/cvinoticias\\\/\",\"https:\\\/\\\/www.youtube.com\\\/@CVINOTICIAS\"]},{\"@type\":\"Person\",\"@id\":\"https:\\\/\\\/cvinoticias.com\\\/v3\\\/#\\\/schema\\\/person\\\/2db77e3c6bc03c538495d7b2b8be9b66\",\"name\":\"f1000024\",\"image\":{\"@type\":\"ImageObject\",\"inLanguage\":\"es\",\"@id\":\"https:\\\/\\\/secure.gravatar.com\\\/avatar\\\/d4fe7459cfc51ff5129ce1a732bbef5928568b8092d412ef95611616376bbeed?s=96&d=mm&r=g\",\"url\":\"https:\\\/\\\/secure.gravatar.com\\\/avatar\\\/d4fe7459cfc51ff5129ce1a732bbef5928568b8092d412ef95611616376bbeed?s=96&d=mm&r=g\",\"contentUrl\":\"https:\\\/\\\/secure.gravatar.com\\\/avatar\\\/d4fe7459cfc51ff5129ce1a732bbef5928568b8092d412ef95611616376bbeed?s=96&d=mm&r=g\",\"caption\":\"f1000024\"},\"url\":\"https:\\\/\\\/cvinoticias.com\\\/v3\\\/author\\\/f1000024\\\/\"}]}<\/script>\n<!-- \/ Yoast SEO plugin. -->","yoast_head_json":{"title":"El FRC qued\u00f3 con 76 de los 78 municipios y habr\u00e1 9 mujeres al frente de intendencias | CVI NOTICIAS","robots":{"index":"index","follow":"follow","max-snippet":"max-snippet:-1","max-image-preview":"max-image-preview:large","max-video-preview":"max-video-preview:-1"},"canonical":"https:\/\/cvinoticias.com\/v3\/el-frc-quedo-con-76-de-los-78-municipios-y-habra-9-mujeres-al-frente-de-intendencias\/","og_locale":"es_ES","og_type":"article","og_title":"El FRC qued\u00f3 con 76 de los 78 municipios y habr\u00e1 9 mujeres al frente de intendencias | CVI NOTICIAS","og_description":"Este s\u00e1bado termin\u00f3 en la Legislatura provincial el escrutinio definitivo de las elecciones provinciales del 7 de mayo. Confirm\u00f3 el contundente triunfo del Frente Renovador de la Concordia y zanj\u00f3 las diferencias en aquellos municipios donde la diferencia entre candidatos hab\u00eda sido escasa. De acuerdo con el acta firmada por el Tribunal Electoral de Misiones, [&hellip;]","og_url":"https:\/\/cvinoticias.com\/v3\/el-frc-quedo-con-76-de-los-78-municipios-y-habra-9-mujeres-al-frente-de-intendencias\/","og_site_name":"CVI NOTICIAS","article_publisher":"https:\/\/www.facebook.com\/cvinoticias","article_published_time":"2023-05-14T19:20:56+00:00","og_image":[{"width":500,"height":304,"url":"https:\/\/cvinoticias.com\/wp-content\/uploads\/2023\/05\/Hugo-Passalacqua-scaled-1.jpg","type":"image\/jpeg"}],"author":"f1000024","twitter_card":"summary_large_image","twitter_misc":{"Escrito por":"f1000024","Tiempo de lectura":"4 minutos"},"schema":{"@context":"https:\/\/schema.org","@graph":[{"@type":"Article","@id":"https:\/\/cvinoticias.com\/v3\/el-frc-quedo-con-76-de-los-78-municipios-y-habra-9-mujeres-al-frente-de-intendencias\/#article","isPartOf":{"@id":"https:\/\/cvinoticias.com\/v3\/el-frc-quedo-con-76-de-los-78-municipios-y-habra-9-mujeres-al-frente-de-intendencias\/"},"author":{"name":"f1000024","@id":"https:\/\/cvinoticias.com\/v3\/#\/schema\/person\/2db77e3c6bc03c538495d7b2b8be9b66"},"headline":"El FRC qued\u00f3 con 76 de los 78 municipios y habr\u00e1 9 mujeres al frente de intendencias","datePublished":"2023-05-14T19:20:56+00:00","mainEntityOfPage":{"@id":"https:\/\/cvinoticias.com\/v3\/el-frc-quedo-con-76-de-los-78-municipios-y-habra-9-mujeres-al-frente-de-intendencias\/"},"wordCount":737,"commentCount":0,"publisher":{"@id":"https:\/\/cvinoticias.com\/v3\/#organization"},"image":{"@id":"https:\/\/cvinoticias.com\/v3\/el-frc-quedo-con-76-de-los-78-municipios-y-habra-9-mujeres-al-frente-de-intendencias\/#primaryimage"},"thumbnailUrl":"https:\/\/cvinoticias.com\/wp-content\/uploads\/2023\/05\/Hugo-Passalacqua-scaled-1.jpg","articleSection":["Politica"],"inLanguage":"es","potentialAction":[{"@type":"CommentAction","name":"Comment","target":["https:\/\/cvinoticias.com\/v3\/el-frc-quedo-con-76-de-los-78-municipios-y-habra-9-mujeres-al-frente-de-intendencias\/#respond"]}]},{"@type":"WebPage","@id":"https:\/\/cvinoticias.com\/v3\/el-frc-quedo-con-76-de-los-78-municipios-y-habra-9-mujeres-al-frente-de-intendencias\/","url":"https:\/\/cvinoticias.com\/v3\/el-frc-quedo-con-76-de-los-78-municipios-y-habra-9-mujeres-al-frente-de-intendencias\/","name":"El FRC qued\u00f3 con 76 de los 78 municipios y habr\u00e1 9 mujeres al frente de intendencias | CVI NOTICIAS","isPartOf":{"@id":"https:\/\/cvinoticias.com\/v3\/#website"},"primaryImageOfPage":{"@id":"https:\/\/cvinoticias.com\/v3\/el-frc-quedo-con-76-de-los-78-municipios-y-habra-9-mujeres-al-frente-de-intendencias\/#primaryimage"},"image":{"@id":"https:\/\/cvinoticias.com\/v3\/el-frc-quedo-con-76-de-los-78-municipios-y-habra-9-mujeres-al-frente-de-intendencias\/#primaryimage"},"thumbnailUrl":"https:\/\/cvinoticias.com\/wp-content\/uploads\/2023\/05\/Hugo-Passalacqua-scaled-1.jpg","datePublished":"2023-05-14T19:20:56+00:00","breadcrumb":{"@id":"https:\/\/cvinoticias.com\/v3\/el-frc-quedo-con-76-de-los-78-municipios-y-habra-9-mujeres-al-frente-de-intendencias\/#breadcrumb"},"inLanguage":"es","potentialAction":[{"@type":"ReadAction","target":["https:\/\/cvinoticias.com\/v3\/el-frc-quedo-con-76-de-los-78-municipios-y-habra-9-mujeres-al-frente-de-intendencias\/"]}]},{"@type":"ImageObject","inLanguage":"es","@id":"https:\/\/cvinoticias.com\/v3\/el-frc-quedo-con-76-de-los-78-municipios-y-habra-9-mujeres-al-frente-de-intendencias\/#primaryimage","url":"https:\/\/cvinoticias.com\/wp-content\/uploads\/2023\/05\/Hugo-Passalacqua-scaled-1.jpg","contentUrl":"https:\/\/cvinoticias.com\/wp-content\/uploads\/2023\/05\/Hugo-Passalacqua-scaled-1.jpg","width":500,"height":304},{"@type":"BreadcrumbList","@id":"https:\/\/cvinoticias.com\/v3\/el-frc-quedo-con-76-de-los-78-municipios-y-habra-9-mujeres-al-frente-de-intendencias\/#breadcrumb","itemListElement":[{"@type":"ListItem","position":1,"name":"Portada","item":"https:\/\/cvinoticias.com\/v3\/"},{"@type":"ListItem","position":2,"name":"El FRC qued\u00f3 con 76 de los 78 municipios y habr\u00e1 9 mujeres al frente de intendencias"}]},{"@type":"WebSite","@id":"https:\/\/cvinoticias.com\/v3\/#website","url":"https:\/\/cvinoticias.com\/v3\/","name":"CVI NOTICIAS","description":"","publisher":{"@id":"https:\/\/cvinoticias.com\/v3\/#organization"},"alternateName":"CVI","potentialAction":[{"@type":"SearchAction","target":{"@type":"EntryPoint","urlTemplate":"https:\/\/cvinoticias.com\/v3\/?s={search_term_string}"},"query-input":{"@type":"PropertyValueSpecification","valueRequired":true,"valueName":"search_term_string"}}],"inLanguage":"es"},{"@type":"Organization","@id":"https:\/\/cvinoticias.com\/v3\/#organization","name":"CVI NOTICIAS","url":"https:\/\/cvinoticias.com\/v3\/","logo":{"@type":"ImageObject","inLanguage":"es","@id":"https:\/\/cvinoticias.com\/v3\/#\/schema\/logo\/image\/","url":"https:\/\/cvinoticias.com\/wp-content\/uploads\/2023\/04\/cropped-cropped-cropped-cropped-cropped-3-1.png","contentUrl":"https:\/\/cvinoticias.com\/wp-content\/uploads\/2023\/04\/cropped-cropped-cropped-cropped-cropped-3-1.png","width":95,"height":122,"caption":"CVI NOTICIAS"},"image":{"@id":"https:\/\/cvinoticias.com\/v3\/#\/schema\/logo\/image\/"},"sameAs":["https:\/\/www.facebook.com\/cvinoticias","https:\/\/www.instagram.com\/cvinoticias\/","https:\/\/www.youtube.com\/@CVINOTICIAS"]},{"@type":"Person","@id":"https:\/\/cvinoticias.com\/v3\/#\/schema\/person\/2db77e3c6bc03c538495d7b2b8be9b66","name":"f1000024","image":{"@type":"ImageObject","inLanguage":"es","@id":"https:\/\/secure.gravatar.com\/avatar\/d4fe7459cfc51ff5129ce1a732bbef5928568b8092d412ef95611616376bbeed?s=96&d=mm&r=g","url":"https:\/\/secure.gravatar.com\/avatar\/d4fe7459cfc51ff5129ce1a732bbef5928568b8092d412ef95611616376bbeed?s=96&d=mm&r=g","contentUrl":"https:\/\/secure.gravatar.com\/avatar\/d4fe7459cfc51ff5129ce1a732bbef5928568b8092d412ef95611616376bbeed?s=96&d=mm&r=g","caption":"f1000024"},"url":"https:\/\/cvinoticias.com\/v3\/author\/f1000024\/"}]}},"_links":{"self":[{"href":"https:\/\/cvinoticias.com\/v3\/wp-json\/wp\/v2\/posts\/24822","targetHints":{"allow":["GET"]}}],"collection":[{"href":"https:\/\/cvinoticias.com\/v3\/wp-json\/wp\/v2\/posts"}],"about":[{"href":"https:\/\/cvinoticias.com\/v3\/wp-json\/wp\/v2\/types\/post"}],"author":[{"embeddable":true,"href":"https:\/\/cvinoticias.com\/v3\/wp-json\/wp\/v2\/users\/2"}],"replies":[{"embeddable":true,"href":"https:\/\/cvinoticias.com\/v3\/wp-json\/wp\/v2\/comments?post=24822"}],"version-history":[{"count":1,"href":"https:\/\/cvinoticias.com\/v3\/wp-json\/wp\/v2\/posts\/24822\/revisions"}],"predecessor-version":[{"id":24824,"href":"https:\/\/cvinoticias.com\/v3\/wp-json\/wp\/v2\/posts\/24822\/revisions\/24824"}],"wp:featuredmedia":[{"embeddable":true,"href":"https:\/\/cvinoticias.com\/v3\/wp-json\/wp\/v2\/media\/24823"}],"wp:attachment":[{"href":"https:\/\/cvinoticias.com\/v3\/wp-json\/wp\/v2\/media?parent=24822"}],"wp:term":[{"taxonomy":"category","embeddable":true,"href":"https:\/\/cvinoticias.com\/v3\/wp-json\/wp\/v2\/categories?post=24822"},{"taxonomy":"post_tag","embeddable":true,"href":"https:\/\/cvinoticias.com\/v3\/wp-json\/wp\/v2\/tags?post=24822"}],"curies":[{"name":"wp","href":"https:\/\/api.w.org\/{rel}","templated":true}]}}