{"id":24816,"date":"2023-05-14T11:15:40","date_gmt":"2023-05-14T11:15:40","guid":{"rendered":"https:\/\/cvinoticias.com\/v3\/?p=24816"},"modified":"2023-05-14T11:15:40","modified_gmt":"2023-05-14T11:15:40","slug":"la-vanguardia-politica-de-la-argentina","status":"publish","type":"post","link":"https:\/\/cvinoticias.com\/v3\/la-vanguardia-politica-de-la-argentina\/","title":{"rendered":"LA VANGUARDIA POL\u00cdTICA DE LA ARGENTINA"},"content":{"rendered":"\n<p><em><strong>La Renovaci\u00f3n Neo se alz\u00f3 con un resonante triunfo que erige a la f\u00f3rmula Passalacqua-Romero Spinelli como nuevo gobernador y vice de Misiones. \u201cLa gran suma\u201d para seguir creciendo se convirti\u00f3 en un slogan de campa\u00f1a que prendi\u00f3 muy fuerte en un electorado que legitima con su voto una vez m\u00e1s al Proyecto Misionerista. Fuerte llamado de atenci\u00f3n para Juntos por el Cambio y el Frente de Todos que siguen inmersos en fuertes disputas internas.<\/strong><\/em><\/p>\n\n\n\n<p><strong>(*) Por Nicol\u00e1s Marchiori<\/strong><\/p>\n\n\n\n<p>El polit\u00f3logo irland\u00e9s Peter Mair realiz\u00f3 una radiograf\u00eda formidable de las democracias actuales en su libro \u201cGobernando el vac\u00edo\u201d. Hoy los partidos pol\u00edticos tradicionales han perdido legitimidad y se fueron convirtiendo gradualmente en estructuras cerradas donde muchas personas viven de la pol\u00edtica y est\u00e1n adosadas a las instituciones.<\/p>\n\n\n\n<p>Una mirada panor\u00e1mica de la pol\u00edtica en general nos permite vislumbrar la proliferaci\u00f3n de falsos liderazgos que utilizan a los espacios pol\u00edticos como medios para alcanzar el poder y as\u00ed satisfacer necesidades personales.<br>En nuestro pa\u00eds, las acciones llevadas a cabo por los dirigentes provenientes de los partidos tradicionales convirtieron a la pol\u00edtica en un evento de caracter\u00edsticas tragic\u00f3micas. Han generado un nivel de polarizaci\u00f3n y de crispaci\u00f3n en la sociedad de manera irresponsable que arroja como resultado un dif\u00edcil presente en donde cada vez es m\u00e1s dif\u00edcil desarrollar un buen gobierno.<br>En estos tiempos, es muy com\u00fan o\u00edr hablar de la amenaza \u201cposfactual\u201d contra la democracia y de la \u201cera de la posverdad\u201d como distorsi\u00f3n deliberada de la realidad, que manipula creencias y emociones con el \u00fanico fin de influir en la opini\u00f3n p\u00fablica y en los comportamientos sociales.<br>Podemos ver a diario c\u00f3mo la circulaci\u00f3n de afirmaciones totalmente falsas y debidamente difundidas a trav\u00e9s de las redes sociales pueden manipular opiniones p\u00fablicas y desviar el curso de los votos en los procesos electorales. Ese es el verdadero fraude contempor\u00e1neo.<\/p>\n\n\n\n<p>El rol de la pol\u00edtica en las sociedades es claro, apunta a la b\u00fasqueda y generaci\u00f3n de espacios de encuentro, de compromiso. No hay lugar para los planteamientos binarios, los discursos polarizantes y las visiones maniqueas que han degradado a la pol\u00edtica a tan bajos niveles de calidad y con p\u00e9simos resultados a la vista. Observamos cotidianamente como los pol\u00edticos que responden a los partidos tradicionales piensan mucho en c\u00f3mo hacerse del poder y muy poco en qu\u00e9 hacer con \u00e9l cuando gobiernan. Los dos espacios pol\u00edticos que gobernaron el pa\u00eds en los \u00faltimos a\u00f1os dan fe de ello. Esto llev\u00f3 a un divorcio de la pol\u00edtica con gran parte de la sociedad. La agenda de los pol\u00edticos luce un nivel de disociaci\u00f3n alarmante respecto a los verdaderos intereses y necesidades de la ciudadan\u00eda.<\/p>\n\n\n\n<p>Ante este sombr\u00edo diagn\u00f3stico de la pol\u00edtica actual, cabe la pregunta: \u00bfLa \u201cbuena pol\u00edtica\u201d es posible? Podemos afirmar con total contundencia que s\u00ed.<\/p>\n\n\n\n<p>El brillante fil\u00f3sofo Baruch Spinoza, en su \u201cTratado Pol\u00edtico\u201d sostiene que \u201cpara que un Estado pueda mantenerse, sus asuntos p\u00fablicos deben estar organizados de tal modo que quienes los administran, tanto si se gu\u00edan por la raz\u00f3n como por la pasi\u00f3n, no puedan sentirse inducidos a ser desleales o actuar de mala fe\u201d.<br>En estos tiempos, en donde la apat\u00eda, el hartazgo y la desesperanza generada por gran parte de la clase dirigente, la buena pol\u00edtica reviste vital importancia.<\/p>\n\n\n\n<p>La primera responsabilidad que tienen los dirigentes de todas las latitudes es proveer de certidumbre a la sociedad. Poner en pr\u00e1ctica la buena pol\u00edtica permite forjar acuerdos con todos los sectores de la sociedad y generar la sinergia necesaria para dinamizar transformaciones con una perspectiva estrat\u00e9gica y de futuro. Tambi\u00e9n permite la conformaci\u00f3n de sociedades m\u00e1s abiertas, pluralistas y tolerantes. Ese es el principal ant\u00eddoto para la grieta. Es con la buena pol\u00edtica que surgen y se consolidan los \u201cEstados inteligentes\u201d, aquellos que lucen resultados tangibles y mejoran la vida de la ciudadan\u00eda.<br>En un mundo invadido por el desencanto, s\u00f3lo la buena pol\u00edtica nos salvar\u00e1.<\/p>\n\n\n\n<p><strong><em>Contundente mensaje al pa\u00eds central<\/em><\/strong><\/p>\n\n\n\n<p>El pasado domingo se llev\u00f3 a cabo el acto m\u00e1s supremo de la democracia: el pueblo misionero eligi\u00f3 mediante el voto a sus representantes. Pese a las inclemencias del tiempo, en casi todo el territorio provincial hubo un alto nivel de participaci\u00f3n que da cuenta de la excelente jornada democr\u00e1tica que se vivi\u00f3 en Misiones, m\u00e1s de un 70% de misioneros acudieron a los centros de votaci\u00f3n a sufragar.<\/p>\n\n\n\n<p>En el d\u00eda de ayer finaliz\u00f3 el escrutinio definitivo, mediante el cual quedaron oficialmente consagrados como nuevo gobernador y vice-gobernador de la provincia la f\u00f3rmula de la Renovaci\u00f3n Neo compuesta por Hugo Passalacqua y Lucas Romero Spinelli, respectivamente. Adem\u00e1s, fueron confirmados los 20 nuevos legisladores provinciales, los intendentes de los 78 municipios y sus respectivos concejales.<\/p>\n\n\n\n<p>El binomio renovador obtuvo una amplia ventaja respecto de sus adversarios. Cerca del 65% de los misioneros votaron por Passalacqua\u2013Romero Spinelli, unos 40 puntos de diferencia sobre los candidatos de Juntos por el Cambio y 60 respecto del Frente de Todos. De cada 100 misioneros, s\u00f3lo 20 decidieron acompa\u00f1ar a Mart\u00edn Arjol, n\u00fameros que reflejan una ca\u00edda de m\u00e1s 20% puntos porcentuales entre 2021 y 2023. En el caso de Isaac Lenguaza, el candidato a gobernador del Frente de Todos, lo votaron apenas 5 de cada 100 misioneros.<\/p>\n\n\n\n<p>Este contundente resultado confirma una tendencia que se viene sucediendo en Misiones y tiene que ver con el voto a favor, con alegr\u00eda, armon\u00eda y tranquilidad. Los misioneros votan acompa\u00f1ando un modelo de provincia inclusivo, integrado e innovador. La ciudadan\u00eda convalid\u00f3 un modelo de gesti\u00f3n que puso al tope de la agenda la b\u00fasqueda de soluciones y el reclamo permanente de beneficios para la provincia ante la Naci\u00f3n. Alejada de la grieta nacional, la Renovaci\u00f3n Neo gener\u00f3 un poderoso anticuerpo que permiti\u00f3 superar satisfactoriamente el clima de desesperanza, hartazgo e incertidumbre que se vive a nivel nacional.<\/p>\n\n\n\n<p>Hasta el momento, la victoria obtenida el domingo pasado por el espacio que conduce el Ing. Carlos Rovira es la de mayor diferencia en todo el pa\u00eds.<br>El voto de confianza depositado por los misioneros en la f\u00f3rmula Passalacqua-Romero Spinelli es un reconocimiento muy n\u00edtido a favor de un proyecto pol\u00edtico que acompa\u00f1\u00f3 al pueblo en momentos de gran incertidumbre a nivel global.<\/p>\n\n\n\n<p>Con la visi\u00f3n estrat\u00e9gica del conductor del espacio, Ing. Carlos Rovira, y la incansable tarea del gobernador Herrera Ahuad, el Modelo Misionerista pudo sortear satisfactoriamente la pandemia del Covid-19, gracias a una estrategia binaria que consisti\u00f3 en robustecer el sistema de salud y al mismo tiempo no descuidar la econom\u00eda. Esta denodada tarea tambi\u00e9n permiti\u00f3 sostener, fortalecer y potenciar a todos los sectores de la econom\u00eda provincial que no sufrieron los graves efectos de crisis nacional, como s\u00ed padecieron los sectores productivos de otras latitudes. La proactividad y la capacidad de resiliencia del modelo pol\u00edtico enarbolado por la Renovaci\u00f3n Neo fue clave en un escenario de gran incertidumbre en el pa\u00eds central.<\/p>\n\n\n\n<p>Rovira manifest\u00f3 con orgullo que \u201cla Renovaci\u00f3n no tiene due\u00f1os, porque es de todos\u201d y que el apoyo que dieron los misioneros con sus votos \u201cse van a devolver con la pasi\u00f3n del trabajo y la recorrida diaria\u201d.<\/p>\n\n\n\n<p>La sociedad misionera eligi\u00f3 inteligentemente alejarse de las tensiones irradiadas desde el pa\u00eds central y ha apostado por los sue\u00f1os y el futuro. Se trata de un fuerte llamado de atenci\u00f3n hacia quienes promueven la grieta, el odio y las denuncias falsas mediante campa\u00f1as orquestadas desde las redes sociales. La improvisaci\u00f3n y la distancia con la ciudadan\u00eda fue un elemento determinante que condicion\u00f3 fuertemente a los dos partidos nacionales en Misiones. Sumado a ello, los misioneros demostraron no conocer a la mayor\u00eda de los candidatos porque no llevaron propuestas ni se dedicaron a recorrer los pueblos para demostrar cercan\u00eda con la gente.<\/p>\n\n\n\n<p>En una \u201cCasa del Militante\u201d inmersa en una atm\u00f3sfera de gran algarab\u00eda y satisfacci\u00f3n de la militancia, Rovira destac\u00f3 que en la hist\u00f3rica jornada se dio \u201cun voto positivo, ac\u00e1 no se vot\u00f3 contra nadie\u201d, dejando en claro una vez m\u00e1s que el Proyecto Misionerista aporta una mirada superadora por encima de la grieta que tanto da\u00f1o ha hecho en todos los niveles del entramado social de la Argentin<\/p>\n\n\n\n<p>Son pocas las veces que un slogan de campa\u00f1a tiene la capacidad de sintetizar de manera efectiva una idea. \u201cLa gran suma\u201d se trata de una frase con una potencia extraordinaria que permiti\u00f3 definir a medida el esp\u00edritu y la raz\u00f3n de ser de la Renovaci\u00f3n Neo. Una versi\u00f3n actualizada del espacio pol\u00edtico que permiti\u00f3 a Misiones experimentar una transformaci\u00f3n sin precedentes y que se prepara para una nueva era: la era de los Estados Inteligentes. El modelo misionero pensado con visi\u00f3n estrat\u00e9gica por el Ing. Rovira ya comenz\u00f3 a mostrar las bases que servir\u00e1n como plataforma de despegue para el crecimiento exponencial. La incorporaci\u00f3n de caras nuevas a la pol\u00edtica que ha permitido un aporte de frescura y nuevas ideas al proyecto misionerista. Los j\u00f3venes, empresarios, emprendedores, deportistas y dem\u00e1s personas destacadas de la sociedad que han decidido abrazar a la Renovaci\u00f3n Neo se convertir\u00e1n en verdaderos agentes transformadores y hacedores del mejor futuro posible.<\/p>\n\n\n\n<p>Con contundencia, Rovira afirm\u00f3 que \u201cla Renovaci\u00f3n Neo levanta en alto la idea y la praxis de una Misiones innovadora y creativa. Abri\u00f3 las puertas a la juventud sin echar a los viejos\u201d.<br>Uno de los elementos m\u00e1s sobresalientes de esta maravillosa jornada democr\u00e1tica fue la alt\u00edsima participaci\u00f3n de los j\u00f3venes que vieron en la figura de Lucas Romero Spinelli la materializaci\u00f3n de todos sus sue\u00f1os y al mejor embajador para defender sus intereses.<\/p>\n\n\n\n<p>El joven vice-gobernador electo, con visible emoci\u00f3n manifest\u00f3 que se considera \u201cun nativo renovador\u201d y que su \u00fanico y gran objetivo ser\u00e1 \u201ctrabajar por la felicidad del pueblo\u201d.<br>Romero Spinelli comparti\u00f3 la experiencia de sus recorridas por la provincia en donde cont\u00f3 que \u201cSiempre cuando llego a una colonia, a un barrio les digo si no me conocen, ya s j\u00f3venes seamos protagonistas. Y eso hace que en el lugar de los j\u00f3venes yo est\u00e9 sentado ac\u00e1 representando a esa gran juventud de la provincia\u201d.<\/p>\n\n\n\n<p>A su turno, el gobernador Passalacqua expres\u00f3 que \u201cLa Renovaci\u00f3n siempre fue NEO. Hay buenas vibras. Nace como una cosa nueva. Algo que rompi\u00f3 con una vieja forma de hacer pol\u00edtica\u201d.<br>Destac\u00f3 la figura de Lucas Romero Spinelli a quien consider\u00f3 \u201cuna persona que quiero mucho, siempre trabajador, inteligente, una persona de bien\u201d.<br>Posteriormente, en otro tramo de su alocuci\u00f3n, subray\u00f3 con efusividad que \u201cNosotros somos un espacio misionerista, propio, validado por el pueblo de Misiones. El pensamiento nuestro est\u00e1 validado por el pueblo de Misiones, no por un 011 que llama de Buenos Aires. Misiones solo da felicidad\u201d.<\/p>\n\n\n\n<p><strong>Abogado. Diplomado en Manejo de Crisis y en An\u00e1lisis de Procesos Electorales. Especializado en Comunicaci\u00f3n de Gobierno y Electoral.<\/strong><\/p>\n","protected":false},"excerpt":{"rendered":"<p>La Renovaci\u00f3n Neo se alz\u00f3 con un resonante triunfo que erige a la f\u00f3rmula Passalacqua-Romero Spinelli como nuevo gobernador y vice de Misiones. \u201cLa gran suma\u201d para seguir creciendo se convirti\u00f3 en un slogan de campa\u00f1a que prendi\u00f3 muy fuerte en un electorado que legitima con su voto una vez m\u00e1s al Proyecto Misionerista. Fuerte [&hellip;]<\/p>\n","protected":false},"author":2,"featured_media":24817,"comment_status":"open","ping_status":"open","sticky":false,"template":"","format":"standard","meta":{"footnotes":""},"categories":[42],"tags":[],"class_list":["post-24816","post","type-post","status-publish","format-standard","has-post-thumbnail","hentry","category-politica"],"yoast_head":"<!-- This site is optimized with the Yoast SEO plugin v27.5 - https:\/\/yoast.com\/product\/yoast-seo-wordpress\/ -->\n<title>LA VANGUARDIA POL\u00cdTICA DE LA ARGENTINA | CVI NOTICIAS<\/title>\n<meta name=\"robots\" content=\"index, follow, max-snippet:-1, max-image-preview:large, max-video-preview:-1\" \/>\n<link rel=\"canonical\" href=\"https:\/\/cvinoticias.com\/v3\/la-vanguardia-politica-de-la-argentina\/\" \/>\n<meta property=\"og:locale\" content=\"es_ES\" \/>\n<meta property=\"og:type\" content=\"article\" \/>\n<meta property=\"og:title\" content=\"LA VANGUARDIA POL\u00cdTICA DE LA ARGENTINA | CVI NOTICIAS\" \/>\n<meta property=\"og:description\" content=\"La Renovaci\u00f3n Neo se alz\u00f3 con un resonante triunfo que erige a la f\u00f3rmula Passalacqua-Romero Spinelli como nuevo gobernador y vice de Misiones. \u201cLa gran suma\u201d para seguir creciendo se convirti\u00f3 en un slogan de campa\u00f1a que prendi\u00f3 muy fuerte en un electorado que legitima con su voto una vez m\u00e1s al Proyecto Misionerista. Fuerte [&hellip;]\" \/>\n<meta property=\"og:url\" content=\"https:\/\/cvinoticias.com\/v3\/la-vanguardia-politica-de-la-argentina\/\" \/>\n<meta property=\"og:site_name\" content=\"CVI NOTICIAS\" \/>\n<meta property=\"article:publisher\" content=\"https:\/\/www.facebook.com\/cvinoticias\" \/>\n<meta property=\"article:published_time\" content=\"2023-05-14T11:15:40+00:00\" \/>\n<meta property=\"og:image\" content=\"https:\/\/cvinoticias.com\/wp-content\/uploads\/2023\/05\/Screenshot_20230514_075226_Docs.jpg\" \/>\n\t<meta property=\"og:image:width\" content=\"930\" \/>\n\t<meta property=\"og:image:height\" content=\"576\" \/>\n\t<meta property=\"og:image:type\" content=\"image\/jpeg\" \/>\n<meta name=\"author\" content=\"f1000024\" \/>\n<meta name=\"twitter:card\" content=\"summary_large_image\" \/>\n<meta name=\"twitter:label1\" content=\"Escrito por\" \/>\n\t<meta name=\"twitter:data1\" content=\"f1000024\" \/>\n\t<meta name=\"twitter:label2\" content=\"Tiempo de lectura\" \/>\n\t<meta name=\"twitter:data2\" content=\"10 minutos\" \/>\n<script type=\"application\/ld+json\" class=\"yoast-schema-graph\">{\"@context\":\"https:\\\/\\\/schema.org\",\"@graph\":[{\"@type\":\"Article\",\"@id\":\"https:\\\/\\\/cvinoticias.com\\\/v3\\\/la-vanguardia-politica-de-la-argentina\\\/#article\",\"isPartOf\":{\"@id\":\"https:\\\/\\\/cvinoticias.com\\\/v3\\\/la-vanguardia-politica-de-la-argentina\\\/\"},\"author\":{\"name\":\"f1000024\",\"@id\":\"https:\\\/\\\/cvinoticias.com\\\/v3\\\/#\\\/schema\\\/person\\\/2db77e3c6bc03c538495d7b2b8be9b66\"},\"headline\":\"LA VANGUARDIA POL\u00cdTICA DE LA ARGENTINA\",\"datePublished\":\"2023-05-14T11:15:40+00:00\",\"mainEntityOfPage\":{\"@id\":\"https:\\\/\\\/cvinoticias.com\\\/v3\\\/la-vanguardia-politica-de-la-argentina\\\/\"},\"wordCount\":1933,\"commentCount\":0,\"publisher\":{\"@id\":\"https:\\\/\\\/cvinoticias.com\\\/v3\\\/#organization\"},\"image\":{\"@id\":\"https:\\\/\\\/cvinoticias.com\\\/v3\\\/la-vanguardia-politica-de-la-argentina\\\/#primaryimage\"},\"thumbnailUrl\":\"https:\\\/\\\/cvinoticias.com\\\/wp-content\\\/uploads\\\/2023\\\/05\\\/Screenshot_20230514_075226_Docs.jpg\",\"articleSection\":[\"Politica\"],\"inLanguage\":\"es\",\"potentialAction\":[{\"@type\":\"CommentAction\",\"name\":\"Comment\",\"target\":[\"https:\\\/\\\/cvinoticias.com\\\/v3\\\/la-vanguardia-politica-de-la-argentina\\\/#respond\"]}]},{\"@type\":\"WebPage\",\"@id\":\"https:\\\/\\\/cvinoticias.com\\\/v3\\\/la-vanguardia-politica-de-la-argentina\\\/\",\"url\":\"https:\\\/\\\/cvinoticias.com\\\/v3\\\/la-vanguardia-politica-de-la-argentina\\\/\",\"name\":\"LA VANGUARDIA POL\u00cdTICA DE LA ARGENTINA | CVI NOTICIAS\",\"isPartOf\":{\"@id\":\"https:\\\/\\\/cvinoticias.com\\\/v3\\\/#website\"},\"primaryImageOfPage\":{\"@id\":\"https:\\\/\\\/cvinoticias.com\\\/v3\\\/la-vanguardia-politica-de-la-argentina\\\/#primaryimage\"},\"image\":{\"@id\":\"https:\\\/\\\/cvinoticias.com\\\/v3\\\/la-vanguardia-politica-de-la-argentina\\\/#primaryimage\"},\"thumbnailUrl\":\"https:\\\/\\\/cvinoticias.com\\\/wp-content\\\/uploads\\\/2023\\\/05\\\/Screenshot_20230514_075226_Docs.jpg\",\"datePublished\":\"2023-05-14T11:15:40+00:00\",\"breadcrumb\":{\"@id\":\"https:\\\/\\\/cvinoticias.com\\\/v3\\\/la-vanguardia-politica-de-la-argentina\\\/#breadcrumb\"},\"inLanguage\":\"es\",\"potentialAction\":[{\"@type\":\"ReadAction\",\"target\":[\"https:\\\/\\\/cvinoticias.com\\\/v3\\\/la-vanguardia-politica-de-la-argentina\\\/\"]}]},{\"@type\":\"ImageObject\",\"inLanguage\":\"es\",\"@id\":\"https:\\\/\\\/cvinoticias.com\\\/v3\\\/la-vanguardia-politica-de-la-argentina\\\/#primaryimage\",\"url\":\"https:\\\/\\\/cvinoticias.com\\\/wp-content\\\/uploads\\\/2023\\\/05\\\/Screenshot_20230514_075226_Docs.jpg\",\"contentUrl\":\"https:\\\/\\\/cvinoticias.com\\\/wp-content\\\/uploads\\\/2023\\\/05\\\/Screenshot_20230514_075226_Docs.jpg\",\"width\":930,\"height\":576},{\"@type\":\"BreadcrumbList\",\"@id\":\"https:\\\/\\\/cvinoticias.com\\\/v3\\\/la-vanguardia-politica-de-la-argentina\\\/#breadcrumb\",\"itemListElement\":[{\"@type\":\"ListItem\",\"position\":1,\"name\":\"Portada\",\"item\":\"https:\\\/\\\/cvinoticias.com\\\/v3\\\/\"},{\"@type\":\"ListItem\",\"position\":2,\"name\":\"LA VANGUARDIA POL\u00cdTICA DE LA ARGENTINA\"}]},{\"@type\":\"WebSite\",\"@id\":\"https:\\\/\\\/cvinoticias.com\\\/v3\\\/#website\",\"url\":\"https:\\\/\\\/cvinoticias.com\\\/v3\\\/\",\"name\":\"CVI NOTICIAS\",\"description\":\"\",\"publisher\":{\"@id\":\"https:\\\/\\\/cvinoticias.com\\\/v3\\\/#organization\"},\"alternateName\":\"CVI\",\"potentialAction\":[{\"@type\":\"SearchAction\",\"target\":{\"@type\":\"EntryPoint\",\"urlTemplate\":\"https:\\\/\\\/cvinoticias.com\\\/v3\\\/?s={search_term_string}\"},\"query-input\":{\"@type\":\"PropertyValueSpecification\",\"valueRequired\":true,\"valueName\":\"search_term_string\"}}],\"inLanguage\":\"es\"},{\"@type\":\"Organization\",\"@id\":\"https:\\\/\\\/cvinoticias.com\\\/v3\\\/#organization\",\"name\":\"CVI NOTICIAS\",\"url\":\"https:\\\/\\\/cvinoticias.com\\\/v3\\\/\",\"logo\":{\"@type\":\"ImageObject\",\"inLanguage\":\"es\",\"@id\":\"https:\\\/\\\/cvinoticias.com\\\/v3\\\/#\\\/schema\\\/logo\\\/image\\\/\",\"url\":\"https:\\\/\\\/cvinoticias.com\\\/wp-content\\\/uploads\\\/2023\\\/04\\\/cropped-cropped-cropped-cropped-cropped-3-1.png\",\"contentUrl\":\"https:\\\/\\\/cvinoticias.com\\\/wp-content\\\/uploads\\\/2023\\\/04\\\/cropped-cropped-cropped-cropped-cropped-3-1.png\",\"width\":95,\"height\":122,\"caption\":\"CVI NOTICIAS\"},\"image\":{\"@id\":\"https:\\\/\\\/cvinoticias.com\\\/v3\\\/#\\\/schema\\\/logo\\\/image\\\/\"},\"sameAs\":[\"https:\\\/\\\/www.facebook.com\\\/cvinoticias\",\"https:\\\/\\\/www.instagram.com\\\/cvinoticias\\\/\",\"https:\\\/\\\/www.youtube.com\\\/@CVINOTICIAS\"]},{\"@type\":\"Person\",\"@id\":\"https:\\\/\\\/cvinoticias.com\\\/v3\\\/#\\\/schema\\\/person\\\/2db77e3c6bc03c538495d7b2b8be9b66\",\"name\":\"f1000024\",\"image\":{\"@type\":\"ImageObject\",\"inLanguage\":\"es\",\"@id\":\"https:\\\/\\\/secure.gravatar.com\\\/avatar\\\/d4fe7459cfc51ff5129ce1a732bbef5928568b8092d412ef95611616376bbeed?s=96&d=mm&r=g\",\"url\":\"https:\\\/\\\/secure.gravatar.com\\\/avatar\\\/d4fe7459cfc51ff5129ce1a732bbef5928568b8092d412ef95611616376bbeed?s=96&d=mm&r=g\",\"contentUrl\":\"https:\\\/\\\/secure.gravatar.com\\\/avatar\\\/d4fe7459cfc51ff5129ce1a732bbef5928568b8092d412ef95611616376bbeed?s=96&d=mm&r=g\",\"caption\":\"f1000024\"},\"url\":\"https:\\\/\\\/cvinoticias.com\\\/v3\\\/author\\\/f1000024\\\/\"}]}<\/script>\n<!-- \/ Yoast SEO plugin. -->","yoast_head_json":{"title":"LA VANGUARDIA POL\u00cdTICA DE LA ARGENTINA | CVI NOTICIAS","robots":{"index":"index","follow":"follow","max-snippet":"max-snippet:-1","max-image-preview":"max-image-preview:large","max-video-preview":"max-video-preview:-1"},"canonical":"https:\/\/cvinoticias.com\/v3\/la-vanguardia-politica-de-la-argentina\/","og_locale":"es_ES","og_type":"article","og_title":"LA VANGUARDIA POL\u00cdTICA DE LA ARGENTINA | CVI NOTICIAS","og_description":"La Renovaci\u00f3n Neo se alz\u00f3 con un resonante triunfo que erige a la f\u00f3rmula Passalacqua-Romero Spinelli como nuevo gobernador y vice de Misiones. \u201cLa gran suma\u201d para seguir creciendo se convirti\u00f3 en un slogan de campa\u00f1a que prendi\u00f3 muy fuerte en un electorado que legitima con su voto una vez m\u00e1s al Proyecto Misionerista. Fuerte [&hellip;]","og_url":"https:\/\/cvinoticias.com\/v3\/la-vanguardia-politica-de-la-argentina\/","og_site_name":"CVI NOTICIAS","article_publisher":"https:\/\/www.facebook.com\/cvinoticias","article_published_time":"2023-05-14T11:15:40+00:00","og_image":[{"width":930,"height":576,"url":"https:\/\/cvinoticias.com\/wp-content\/uploads\/2023\/05\/Screenshot_20230514_075226_Docs.jpg","type":"image\/jpeg"}],"author":"f1000024","twitter_card":"summary_large_image","twitter_misc":{"Escrito por":"f1000024","Tiempo de lectura":"10 minutos"},"schema":{"@context":"https:\/\/schema.org","@graph":[{"@type":"Article","@id":"https:\/\/cvinoticias.com\/v3\/la-vanguardia-politica-de-la-argentina\/#article","isPartOf":{"@id":"https:\/\/cvinoticias.com\/v3\/la-vanguardia-politica-de-la-argentina\/"},"author":{"name":"f1000024","@id":"https:\/\/cvinoticias.com\/v3\/#\/schema\/person\/2db77e3c6bc03c538495d7b2b8be9b66"},"headline":"LA VANGUARDIA POL\u00cdTICA DE LA ARGENTINA","datePublished":"2023-05-14T11:15:40+00:00","mainEntityOfPage":{"@id":"https:\/\/cvinoticias.com\/v3\/la-vanguardia-politica-de-la-argentina\/"},"wordCount":1933,"commentCount":0,"publisher":{"@id":"https:\/\/cvinoticias.com\/v3\/#organization"},"image":{"@id":"https:\/\/cvinoticias.com\/v3\/la-vanguardia-politica-de-la-argentina\/#primaryimage"},"thumbnailUrl":"https:\/\/cvinoticias.com\/wp-content\/uploads\/2023\/05\/Screenshot_20230514_075226_Docs.jpg","articleSection":["Politica"],"inLanguage":"es","potentialAction":[{"@type":"CommentAction","name":"Comment","target":["https:\/\/cvinoticias.com\/v3\/la-vanguardia-politica-de-la-argentina\/#respond"]}]},{"@type":"WebPage","@id":"https:\/\/cvinoticias.com\/v3\/la-vanguardia-politica-de-la-argentina\/","url":"https:\/\/cvinoticias.com\/v3\/la-vanguardia-politica-de-la-argentina\/","name":"LA VANGUARDIA POL\u00cdTICA DE LA ARGENTINA | CVI NOTICIAS","isPartOf":{"@id":"https:\/\/cvinoticias.com\/v3\/#website"},"primaryImageOfPage":{"@id":"https:\/\/cvinoticias.com\/v3\/la-vanguardia-politica-de-la-argentina\/#primaryimage"},"image":{"@id":"https:\/\/cvinoticias.com\/v3\/la-vanguardia-politica-de-la-argentina\/#primaryimage"},"thumbnailUrl":"https:\/\/cvinoticias.com\/wp-content\/uploads\/2023\/05\/Screenshot_20230514_075226_Docs.jpg","datePublished":"2023-05-14T11:15:40+00:00","breadcrumb":{"@id":"https:\/\/cvinoticias.com\/v3\/la-vanguardia-politica-de-la-argentina\/#breadcrumb"},"inLanguage":"es","potentialAction":[{"@type":"ReadAction","target":["https:\/\/cvinoticias.com\/v3\/la-vanguardia-politica-de-la-argentina\/"]}]},{"@type":"ImageObject","inLanguage":"es","@id":"https:\/\/cvinoticias.com\/v3\/la-vanguardia-politica-de-la-argentina\/#primaryimage","url":"https:\/\/cvinoticias.com\/wp-content\/uploads\/2023\/05\/Screenshot_20230514_075226_Docs.jpg","contentUrl":"https:\/\/cvinoticias.com\/wp-content\/uploads\/2023\/05\/Screenshot_20230514_075226_Docs.jpg","width":930,"height":576},{"@type":"BreadcrumbList","@id":"https:\/\/cvinoticias.com\/v3\/la-vanguardia-politica-de-la-argentina\/#breadcrumb","itemListElement":[{"@type":"ListItem","position":1,"name":"Portada","item":"https:\/\/cvinoticias.com\/v3\/"},{"@type":"ListItem","position":2,"name":"LA VANGUARDIA POL\u00cdTICA DE LA ARGENTINA"}]},{"@type":"WebSite","@id":"https:\/\/cvinoticias.com\/v3\/#website","url":"https:\/\/cvinoticias.com\/v3\/","name":"CVI NOTICIAS","description":"","publisher":{"@id":"https:\/\/cvinoticias.com\/v3\/#organization"},"alternateName":"CVI","potentialAction":[{"@type":"SearchAction","target":{"@type":"EntryPoint","urlTemplate":"https:\/\/cvinoticias.com\/v3\/?s={search_term_string}"},"query-input":{"@type":"PropertyValueSpecification","valueRequired":true,"valueName":"search_term_string"}}],"inLanguage":"es"},{"@type":"Organization","@id":"https:\/\/cvinoticias.com\/v3\/#organization","name":"CVI NOTICIAS","url":"https:\/\/cvinoticias.com\/v3\/","logo":{"@type":"ImageObject","inLanguage":"es","@id":"https:\/\/cvinoticias.com\/v3\/#\/schema\/logo\/image\/","url":"https:\/\/cvinoticias.com\/wp-content\/uploads\/2023\/04\/cropped-cropped-cropped-cropped-cropped-3-1.png","contentUrl":"https:\/\/cvinoticias.com\/wp-content\/uploads\/2023\/04\/cropped-cropped-cropped-cropped-cropped-3-1.png","width":95,"height":122,"caption":"CVI NOTICIAS"},"image":{"@id":"https:\/\/cvinoticias.com\/v3\/#\/schema\/logo\/image\/"},"sameAs":["https:\/\/www.facebook.com\/cvinoticias","https:\/\/www.instagram.com\/cvinoticias\/","https:\/\/www.youtube.com\/@CVINOTICIAS"]},{"@type":"Person","@id":"https:\/\/cvinoticias.com\/v3\/#\/schema\/person\/2db77e3c6bc03c538495d7b2b8be9b66","name":"f1000024","image":{"@type":"ImageObject","inLanguage":"es","@id":"https:\/\/secure.gravatar.com\/avatar\/d4fe7459cfc51ff5129ce1a732bbef5928568b8092d412ef95611616376bbeed?s=96&d=mm&r=g","url":"https:\/\/secure.gravatar.com\/avatar\/d4fe7459cfc51ff5129ce1a732bbef5928568b8092d412ef95611616376bbeed?s=96&d=mm&r=g","contentUrl":"https:\/\/secure.gravatar.com\/avatar\/d4fe7459cfc51ff5129ce1a732bbef5928568b8092d412ef95611616376bbeed?s=96&d=mm&r=g","caption":"f1000024"},"url":"https:\/\/cvinoticias.com\/v3\/author\/f1000024\/"}]}},"_links":{"self":[{"href":"https:\/\/cvinoticias.com\/v3\/wp-json\/wp\/v2\/posts\/24816","targetHints":{"allow":["GET"]}}],"collection":[{"href":"https:\/\/cvinoticias.com\/v3\/wp-json\/wp\/v2\/posts"}],"about":[{"href":"https:\/\/cvinoticias.com\/v3\/wp-json\/wp\/v2\/types\/post"}],"author":[{"embeddable":true,"href":"https:\/\/cvinoticias.com\/v3\/wp-json\/wp\/v2\/users\/2"}],"replies":[{"embeddable":true,"href":"https:\/\/cvinoticias.com\/v3\/wp-json\/wp\/v2\/comments?post=24816"}],"version-history":[{"count":1,"href":"https:\/\/cvinoticias.com\/v3\/wp-json\/wp\/v2\/posts\/24816\/revisions"}],"predecessor-version":[{"id":24818,"href":"https:\/\/cvinoticias.com\/v3\/wp-json\/wp\/v2\/posts\/24816\/revisions\/24818"}],"wp:featuredmedia":[{"embeddable":true,"href":"https:\/\/cvinoticias.com\/v3\/wp-json\/wp\/v2\/media\/24817"}],"wp:attachment":[{"href":"https:\/\/cvinoticias.com\/v3\/wp-json\/wp\/v2\/media?parent=24816"}],"wp:term":[{"taxonomy":"category","embeddable":true,"href":"https:\/\/cvinoticias.com\/v3\/wp-json\/wp\/v2\/categories?post=24816"},{"taxonomy":"post_tag","embeddable":true,"href":"https:\/\/cvinoticias.com\/v3\/wp-json\/wp\/v2\/tags?post=24816"}],"curies":[{"name":"wp","href":"https:\/\/api.w.org\/{rel}","templated":true}]}}