{"id":24810,"date":"2023-05-13T09:41:01","date_gmt":"2023-05-13T09:41:01","guid":{"rendered":"https:\/\/cvinoticias.com\/v3\/?p=24810"},"modified":"2023-05-13T09:41:01","modified_gmt":"2023-05-13T09:41:01","slug":"rodriguez-larreta-a-favor-de-modificar-los-sistemas-previsional-y-laboral","status":"publish","type":"post","link":"https:\/\/cvinoticias.com\/v3\/rodriguez-larreta-a-favor-de-modificar-los-sistemas-previsional-y-laboral\/","title":{"rendered":"Rodr\u00edguez Larreta, a favor de modificar los sistemas previsional y laboral"},"content":{"rendered":"\n<p><strong><em>El jefe de Gobierno porte\u00f1o y precandidato presidencial Horacio Rodr\u00edguez Larreta (foto), manifest\u00f3 que \u201cArgentina necesita un cambio profundo y que sea duradero en el tiempo\u201d y se pronunci\u00f3 en favor de modernizar el sistema previsional, el laboral, los planes sociales y desregulaci\u00f3n del funcionamiento de la econom\u00eda, al disertar hoy en un encuentro de trabajo de los habituales \u00abciclos de coyuntura\u00bb que se desarrollan en la Bolsa de Comercio de C\u00f3rdoba.<\/em><\/strong><\/p>\n\n\n\n<p>\u00abHay que avanzar con un cambio integral para lograr que el equilibrio sea sostenido en el tiempo. Necesitamos una nueva mayor\u00eda para gobernar y que est\u00e9 comprometida con el cambio. Si no construimos un acuerdo no hay reformas. A las trompadas no se imponen los cambios en un sistema republicano y democr\u00e1tico\u201d, remarc\u00f3 Rodr\u00edguez Larreta y mencion\u00f3 que lo que aspira como modelo de gesti\u00f3n nacional es el que aplica en la Ciudad Aut\u00f3noma de Buenos Aires (CABA).<\/p>\n\n\n\n<p>En ese sentido, el precandidato presidencial de Juntos por el Cambio (JxC) dijo que desde el d\u00eda cero de la pr\u00f3xima gesti\u00f3n nacional se tiene que \u201ctrazar un rumbo muy claro para alcanzar el d\u00e9ficit cero, pero con eso solo no alcanza\u00bb<\/p>\n\n\n\n<p>\u00abEstoy convencido que la Argentina tiene una oportunidad. Tengo la convicci\u00f3n a prueba de balas de que podemos sacar adelante el pa\u00eds. Los argentinos que no llegan al final de la semana y esa es la gran preocupaci\u00f3n que tenemos\u00bb, se\u00f1al\u00f3 Rodr\u00edguez Larreta durante su exposici\u00f3n.<\/p>\n\n\n\n<p>\u00abNo se puede seguir gastando, no se puede seguir emitiendo billetes. Todo ese se tiene que frenar y es lo primero que vamos a hacer\u201d, subray\u00f3.<\/p>\n\n\n\n<p>Asimismo resalto que su presencia en C\u00f3rdoba fue tambi\u00e9n para \u201capoyar a los candidatos de JxC\u00bb, para las elecciones del 25 de junio, en las cuales Luis Juez y Marcos Carasso conforman la f\u00f3rmula para gobernador y vice, y Rodrigo de Loredo-Javier Pretto, integran el binomio que aspira a la intendencia de la capital provincial.<\/p>\n\n\n\n<p>De la actividad tambi\u00e9n particip\u00f3 Juez; el presidente de la Bolsa de Comercio, Manuel Tagle, y el extitular del Banco Central durante el gobierno de Cambiemos, Guido Sandleris.<\/p>\n","protected":false},"excerpt":{"rendered":"<p>El jefe de Gobierno porte\u00f1o y precandidato presidencial Horacio Rodr\u00edguez Larreta (foto), manifest\u00f3 que \u201cArgentina necesita un cambio profundo y que sea duradero en el tiempo\u201d y se pronunci\u00f3 en favor de modernizar el sistema previsional, el laboral, los planes sociales y desregulaci\u00f3n del funcionamiento de la econom\u00eda, al disertar hoy en un encuentro de [&hellip;]<\/p>\n","protected":false},"author":2,"featured_media":24811,"comment_status":"open","ping_status":"open","sticky":false,"template":"","format":"standard","meta":{"footnotes":""},"categories":[39],"tags":[],"class_list":["post-24810","post","type-post","status-publish","format-standard","has-post-thumbnail","hentry","category-nacionales"],"yoast_head":"<!-- This site is optimized with the Yoast SEO plugin v27.4 - https:\/\/yoast.com\/product\/yoast-seo-wordpress\/ -->\n<title>Rodr\u00edguez Larreta, a favor de modificar los sistemas previsional y laboral | CVI NOTICIAS<\/title>\n<meta name=\"robots\" content=\"index, follow, max-snippet:-1, max-image-preview:large, max-video-preview:-1\" \/>\n<link rel=\"canonical\" href=\"https:\/\/cvinoticias.com\/v3\/rodriguez-larreta-a-favor-de-modificar-los-sistemas-previsional-y-laboral\/\" \/>\n<meta property=\"og:locale\" content=\"es_ES\" \/>\n<meta property=\"og:type\" content=\"article\" \/>\n<meta property=\"og:title\" content=\"Rodr\u00edguez Larreta, a favor de modificar los sistemas previsional y laboral | CVI NOTICIAS\" \/>\n<meta property=\"og:description\" content=\"El jefe de Gobierno porte\u00f1o y precandidato presidencial Horacio Rodr\u00edguez Larreta (foto), manifest\u00f3 que \u201cArgentina necesita un cambio profundo y que sea duradero en el tiempo\u201d y se pronunci\u00f3 en favor de modernizar el sistema previsional, el laboral, los planes sociales y desregulaci\u00f3n del funcionamiento de la econom\u00eda, al disertar hoy en un encuentro de [&hellip;]\" \/>\n<meta property=\"og:url\" content=\"https:\/\/cvinoticias.com\/v3\/rodriguez-larreta-a-favor-de-modificar-los-sistemas-previsional-y-laboral\/\" \/>\n<meta property=\"og:site_name\" content=\"CVI NOTICIAS\" \/>\n<meta property=\"article:publisher\" content=\"https:\/\/www.facebook.com\/cvinoticias\" \/>\n<meta property=\"article:published_time\" content=\"2023-05-13T09:41:01+00:00\" \/>\n<meta property=\"og:image\" content=\"https:\/\/cvinoticias.com\/wp-content\/uploads\/2023\/05\/f800x450-104020_155466_5050.jpg\" \/>\n\t<meta property=\"og:image:width\" content=\"800\" \/>\n\t<meta property=\"og:image:height\" content=\"450\" \/>\n\t<meta property=\"og:image:type\" content=\"image\/jpeg\" \/>\n<meta name=\"author\" content=\"f1000024\" \/>\n<meta name=\"twitter:card\" content=\"summary_large_image\" \/>\n<meta name=\"twitter:label1\" content=\"Escrito por\" \/>\n\t<meta name=\"twitter:data1\" content=\"f1000024\" \/>\n\t<meta name=\"twitter:label2\" content=\"Tiempo de lectura\" \/>\n\t<meta name=\"twitter:data2\" content=\"2 minutos\" \/>\n<script type=\"application\/ld+json\" class=\"yoast-schema-graph\">{\"@context\":\"https:\\\/\\\/schema.org\",\"@graph\":[{\"@type\":\"Article\",\"@id\":\"https:\\\/\\\/cvinoticias.com\\\/v3\\\/rodriguez-larreta-a-favor-de-modificar-los-sistemas-previsional-y-laboral\\\/#article\",\"isPartOf\":{\"@id\":\"https:\\\/\\\/cvinoticias.com\\\/v3\\\/rodriguez-larreta-a-favor-de-modificar-los-sistemas-previsional-y-laboral\\\/\"},\"author\":{\"name\":\"f1000024\",\"@id\":\"https:\\\/\\\/cvinoticias.com\\\/v3\\\/#\\\/schema\\\/person\\\/2db77e3c6bc03c538495d7b2b8be9b66\"},\"headline\":\"Rodr\u00edguez Larreta, a favor de modificar los sistemas previsional y laboral\",\"datePublished\":\"2023-05-13T09:41:01+00:00\",\"mainEntityOfPage\":{\"@id\":\"https:\\\/\\\/cvinoticias.com\\\/v3\\\/rodriguez-larreta-a-favor-de-modificar-los-sistemas-previsional-y-laboral\\\/\"},\"wordCount\":382,\"commentCount\":0,\"publisher\":{\"@id\":\"https:\\\/\\\/cvinoticias.com\\\/v3\\\/#organization\"},\"image\":{\"@id\":\"https:\\\/\\\/cvinoticias.com\\\/v3\\\/rodriguez-larreta-a-favor-de-modificar-los-sistemas-previsional-y-laboral\\\/#primaryimage\"},\"thumbnailUrl\":\"https:\\\/\\\/cvinoticias.com\\\/wp-content\\\/uploads\\\/2023\\\/05\\\/f800x450-104020_155466_5050.jpg\",\"articleSection\":[\"Nacionales\"],\"inLanguage\":\"es\",\"potentialAction\":[{\"@type\":\"CommentAction\",\"name\":\"Comment\",\"target\":[\"https:\\\/\\\/cvinoticias.com\\\/v3\\\/rodriguez-larreta-a-favor-de-modificar-los-sistemas-previsional-y-laboral\\\/#respond\"]}]},{\"@type\":\"WebPage\",\"@id\":\"https:\\\/\\\/cvinoticias.com\\\/v3\\\/rodriguez-larreta-a-favor-de-modificar-los-sistemas-previsional-y-laboral\\\/\",\"url\":\"https:\\\/\\\/cvinoticias.com\\\/v3\\\/rodriguez-larreta-a-favor-de-modificar-los-sistemas-previsional-y-laboral\\\/\",\"name\":\"Rodr\u00edguez Larreta, a favor de modificar los sistemas previsional y laboral | CVI NOTICIAS\",\"isPartOf\":{\"@id\":\"https:\\\/\\\/cvinoticias.com\\\/v3\\\/#website\"},\"primaryImageOfPage\":{\"@id\":\"https:\\\/\\\/cvinoticias.com\\\/v3\\\/rodriguez-larreta-a-favor-de-modificar-los-sistemas-previsional-y-laboral\\\/#primaryimage\"},\"image\":{\"@id\":\"https:\\\/\\\/cvinoticias.com\\\/v3\\\/rodriguez-larreta-a-favor-de-modificar-los-sistemas-previsional-y-laboral\\\/#primaryimage\"},\"thumbnailUrl\":\"https:\\\/\\\/cvinoticias.com\\\/wp-content\\\/uploads\\\/2023\\\/05\\\/f800x450-104020_155466_5050.jpg\",\"datePublished\":\"2023-05-13T09:41:01+00:00\",\"breadcrumb\":{\"@id\":\"https:\\\/\\\/cvinoticias.com\\\/v3\\\/rodriguez-larreta-a-favor-de-modificar-los-sistemas-previsional-y-laboral\\\/#breadcrumb\"},\"inLanguage\":\"es\",\"potentialAction\":[{\"@type\":\"ReadAction\",\"target\":[\"https:\\\/\\\/cvinoticias.com\\\/v3\\\/rodriguez-larreta-a-favor-de-modificar-los-sistemas-previsional-y-laboral\\\/\"]}]},{\"@type\":\"ImageObject\",\"inLanguage\":\"es\",\"@id\":\"https:\\\/\\\/cvinoticias.com\\\/v3\\\/rodriguez-larreta-a-favor-de-modificar-los-sistemas-previsional-y-laboral\\\/#primaryimage\",\"url\":\"https:\\\/\\\/cvinoticias.com\\\/wp-content\\\/uploads\\\/2023\\\/05\\\/f800x450-104020_155466_5050.jpg\",\"contentUrl\":\"https:\\\/\\\/cvinoticias.com\\\/wp-content\\\/uploads\\\/2023\\\/05\\\/f800x450-104020_155466_5050.jpg\",\"width\":800,\"height\":450},{\"@type\":\"BreadcrumbList\",\"@id\":\"https:\\\/\\\/cvinoticias.com\\\/v3\\\/rodriguez-larreta-a-favor-de-modificar-los-sistemas-previsional-y-laboral\\\/#breadcrumb\",\"itemListElement\":[{\"@type\":\"ListItem\",\"position\":1,\"name\":\"Portada\",\"item\":\"https:\\\/\\\/cvinoticias.com\\\/v3\\\/\"},{\"@type\":\"ListItem\",\"position\":2,\"name\":\"Rodr\u00edguez Larreta, a favor de modificar los sistemas previsional y laboral\"}]},{\"@type\":\"WebSite\",\"@id\":\"https:\\\/\\\/cvinoticias.com\\\/v3\\\/#website\",\"url\":\"https:\\\/\\\/cvinoticias.com\\\/v3\\\/\",\"name\":\"CVI NOTICIAS\",\"description\":\"\",\"publisher\":{\"@id\":\"https:\\\/\\\/cvinoticias.com\\\/v3\\\/#organization\"},\"alternateName\":\"CVI\",\"potentialAction\":[{\"@type\":\"SearchAction\",\"target\":{\"@type\":\"EntryPoint\",\"urlTemplate\":\"https:\\\/\\\/cvinoticias.com\\\/v3\\\/?s={search_term_string}\"},\"query-input\":{\"@type\":\"PropertyValueSpecification\",\"valueRequired\":true,\"valueName\":\"search_term_string\"}}],\"inLanguage\":\"es\"},{\"@type\":\"Organization\",\"@id\":\"https:\\\/\\\/cvinoticias.com\\\/v3\\\/#organization\",\"name\":\"CVI NOTICIAS\",\"url\":\"https:\\\/\\\/cvinoticias.com\\\/v3\\\/\",\"logo\":{\"@type\":\"ImageObject\",\"inLanguage\":\"es\",\"@id\":\"https:\\\/\\\/cvinoticias.com\\\/v3\\\/#\\\/schema\\\/logo\\\/image\\\/\",\"url\":\"https:\\\/\\\/cvinoticias.com\\\/wp-content\\\/uploads\\\/2023\\\/04\\\/cropped-cropped-cropped-cropped-cropped-3-1.png\",\"contentUrl\":\"https:\\\/\\\/cvinoticias.com\\\/wp-content\\\/uploads\\\/2023\\\/04\\\/cropped-cropped-cropped-cropped-cropped-3-1.png\",\"width\":95,\"height\":122,\"caption\":\"CVI NOTICIAS\"},\"image\":{\"@id\":\"https:\\\/\\\/cvinoticias.com\\\/v3\\\/#\\\/schema\\\/logo\\\/image\\\/\"},\"sameAs\":[\"https:\\\/\\\/www.facebook.com\\\/cvinoticias\",\"https:\\\/\\\/www.instagram.com\\\/cvinoticias\\\/\",\"https:\\\/\\\/www.youtube.com\\\/@CVINOTICIAS\"]},{\"@type\":\"Person\",\"@id\":\"https:\\\/\\\/cvinoticias.com\\\/v3\\\/#\\\/schema\\\/person\\\/2db77e3c6bc03c538495d7b2b8be9b66\",\"name\":\"f1000024\",\"image\":{\"@type\":\"ImageObject\",\"inLanguage\":\"es\",\"@id\":\"https:\\\/\\\/secure.gravatar.com\\\/avatar\\\/d4fe7459cfc51ff5129ce1a732bbef5928568b8092d412ef95611616376bbeed?s=96&d=mm&r=g\",\"url\":\"https:\\\/\\\/secure.gravatar.com\\\/avatar\\\/d4fe7459cfc51ff5129ce1a732bbef5928568b8092d412ef95611616376bbeed?s=96&d=mm&r=g\",\"contentUrl\":\"https:\\\/\\\/secure.gravatar.com\\\/avatar\\\/d4fe7459cfc51ff5129ce1a732bbef5928568b8092d412ef95611616376bbeed?s=96&d=mm&r=g\",\"caption\":\"f1000024\"},\"url\":\"https:\\\/\\\/cvinoticias.com\\\/v3\\\/author\\\/f1000024\\\/\"}]}<\/script>\n<!-- \/ Yoast SEO plugin. -->","yoast_head_json":{"title":"Rodr\u00edguez Larreta, a favor de modificar los sistemas previsional y laboral | CVI NOTICIAS","robots":{"index":"index","follow":"follow","max-snippet":"max-snippet:-1","max-image-preview":"max-image-preview:large","max-video-preview":"max-video-preview:-1"},"canonical":"https:\/\/cvinoticias.com\/v3\/rodriguez-larreta-a-favor-de-modificar-los-sistemas-previsional-y-laboral\/","og_locale":"es_ES","og_type":"article","og_title":"Rodr\u00edguez Larreta, a favor de modificar los sistemas previsional y laboral | CVI NOTICIAS","og_description":"El jefe de Gobierno porte\u00f1o y precandidato presidencial Horacio Rodr\u00edguez Larreta (foto), manifest\u00f3 que \u201cArgentina necesita un cambio profundo y que sea duradero en el tiempo\u201d y se pronunci\u00f3 en favor de modernizar el sistema previsional, el laboral, los planes sociales y desregulaci\u00f3n del funcionamiento de la econom\u00eda, al disertar hoy en un encuentro de [&hellip;]","og_url":"https:\/\/cvinoticias.com\/v3\/rodriguez-larreta-a-favor-de-modificar-los-sistemas-previsional-y-laboral\/","og_site_name":"CVI NOTICIAS","article_publisher":"https:\/\/www.facebook.com\/cvinoticias","article_published_time":"2023-05-13T09:41:01+00:00","og_image":[{"width":800,"height":450,"url":"https:\/\/cvinoticias.com\/wp-content\/uploads\/2023\/05\/f800x450-104020_155466_5050.jpg","type":"image\/jpeg"}],"author":"f1000024","twitter_card":"summary_large_image","twitter_misc":{"Escrito por":"f1000024","Tiempo de lectura":"2 minutos"},"schema":{"@context":"https:\/\/schema.org","@graph":[{"@type":"Article","@id":"https:\/\/cvinoticias.com\/v3\/rodriguez-larreta-a-favor-de-modificar-los-sistemas-previsional-y-laboral\/#article","isPartOf":{"@id":"https:\/\/cvinoticias.com\/v3\/rodriguez-larreta-a-favor-de-modificar-los-sistemas-previsional-y-laboral\/"},"author":{"name":"f1000024","@id":"https:\/\/cvinoticias.com\/v3\/#\/schema\/person\/2db77e3c6bc03c538495d7b2b8be9b66"},"headline":"Rodr\u00edguez Larreta, a favor de modificar los sistemas previsional y laboral","datePublished":"2023-05-13T09:41:01+00:00","mainEntityOfPage":{"@id":"https:\/\/cvinoticias.com\/v3\/rodriguez-larreta-a-favor-de-modificar-los-sistemas-previsional-y-laboral\/"},"wordCount":382,"commentCount":0,"publisher":{"@id":"https:\/\/cvinoticias.com\/v3\/#organization"},"image":{"@id":"https:\/\/cvinoticias.com\/v3\/rodriguez-larreta-a-favor-de-modificar-los-sistemas-previsional-y-laboral\/#primaryimage"},"thumbnailUrl":"https:\/\/cvinoticias.com\/wp-content\/uploads\/2023\/05\/f800x450-104020_155466_5050.jpg","articleSection":["Nacionales"],"inLanguage":"es","potentialAction":[{"@type":"CommentAction","name":"Comment","target":["https:\/\/cvinoticias.com\/v3\/rodriguez-larreta-a-favor-de-modificar-los-sistemas-previsional-y-laboral\/#respond"]}]},{"@type":"WebPage","@id":"https:\/\/cvinoticias.com\/v3\/rodriguez-larreta-a-favor-de-modificar-los-sistemas-previsional-y-laboral\/","url":"https:\/\/cvinoticias.com\/v3\/rodriguez-larreta-a-favor-de-modificar-los-sistemas-previsional-y-laboral\/","name":"Rodr\u00edguez Larreta, a favor de modificar los sistemas previsional y laboral | CVI NOTICIAS","isPartOf":{"@id":"https:\/\/cvinoticias.com\/v3\/#website"},"primaryImageOfPage":{"@id":"https:\/\/cvinoticias.com\/v3\/rodriguez-larreta-a-favor-de-modificar-los-sistemas-previsional-y-laboral\/#primaryimage"},"image":{"@id":"https:\/\/cvinoticias.com\/v3\/rodriguez-larreta-a-favor-de-modificar-los-sistemas-previsional-y-laboral\/#primaryimage"},"thumbnailUrl":"https:\/\/cvinoticias.com\/wp-content\/uploads\/2023\/05\/f800x450-104020_155466_5050.jpg","datePublished":"2023-05-13T09:41:01+00:00","breadcrumb":{"@id":"https:\/\/cvinoticias.com\/v3\/rodriguez-larreta-a-favor-de-modificar-los-sistemas-previsional-y-laboral\/#breadcrumb"},"inLanguage":"es","potentialAction":[{"@type":"ReadAction","target":["https:\/\/cvinoticias.com\/v3\/rodriguez-larreta-a-favor-de-modificar-los-sistemas-previsional-y-laboral\/"]}]},{"@type":"ImageObject","inLanguage":"es","@id":"https:\/\/cvinoticias.com\/v3\/rodriguez-larreta-a-favor-de-modificar-los-sistemas-previsional-y-laboral\/#primaryimage","url":"https:\/\/cvinoticias.com\/wp-content\/uploads\/2023\/05\/f800x450-104020_155466_5050.jpg","contentUrl":"https:\/\/cvinoticias.com\/wp-content\/uploads\/2023\/05\/f800x450-104020_155466_5050.jpg","width":800,"height":450},{"@type":"BreadcrumbList","@id":"https:\/\/cvinoticias.com\/v3\/rodriguez-larreta-a-favor-de-modificar-los-sistemas-previsional-y-laboral\/#breadcrumb","itemListElement":[{"@type":"ListItem","position":1,"name":"Portada","item":"https:\/\/cvinoticias.com\/v3\/"},{"@type":"ListItem","position":2,"name":"Rodr\u00edguez Larreta, a favor de modificar los sistemas previsional y laboral"}]},{"@type":"WebSite","@id":"https:\/\/cvinoticias.com\/v3\/#website","url":"https:\/\/cvinoticias.com\/v3\/","name":"CVI NOTICIAS","description":"","publisher":{"@id":"https:\/\/cvinoticias.com\/v3\/#organization"},"alternateName":"CVI","potentialAction":[{"@type":"SearchAction","target":{"@type":"EntryPoint","urlTemplate":"https:\/\/cvinoticias.com\/v3\/?s={search_term_string}"},"query-input":{"@type":"PropertyValueSpecification","valueRequired":true,"valueName":"search_term_string"}}],"inLanguage":"es"},{"@type":"Organization","@id":"https:\/\/cvinoticias.com\/v3\/#organization","name":"CVI NOTICIAS","url":"https:\/\/cvinoticias.com\/v3\/","logo":{"@type":"ImageObject","inLanguage":"es","@id":"https:\/\/cvinoticias.com\/v3\/#\/schema\/logo\/image\/","url":"https:\/\/cvinoticias.com\/wp-content\/uploads\/2023\/04\/cropped-cropped-cropped-cropped-cropped-3-1.png","contentUrl":"https:\/\/cvinoticias.com\/wp-content\/uploads\/2023\/04\/cropped-cropped-cropped-cropped-cropped-3-1.png","width":95,"height":122,"caption":"CVI NOTICIAS"},"image":{"@id":"https:\/\/cvinoticias.com\/v3\/#\/schema\/logo\/image\/"},"sameAs":["https:\/\/www.facebook.com\/cvinoticias","https:\/\/www.instagram.com\/cvinoticias\/","https:\/\/www.youtube.com\/@CVINOTICIAS"]},{"@type":"Person","@id":"https:\/\/cvinoticias.com\/v3\/#\/schema\/person\/2db77e3c6bc03c538495d7b2b8be9b66","name":"f1000024","image":{"@type":"ImageObject","inLanguage":"es","@id":"https:\/\/secure.gravatar.com\/avatar\/d4fe7459cfc51ff5129ce1a732bbef5928568b8092d412ef95611616376bbeed?s=96&d=mm&r=g","url":"https:\/\/secure.gravatar.com\/avatar\/d4fe7459cfc51ff5129ce1a732bbef5928568b8092d412ef95611616376bbeed?s=96&d=mm&r=g","contentUrl":"https:\/\/secure.gravatar.com\/avatar\/d4fe7459cfc51ff5129ce1a732bbef5928568b8092d412ef95611616376bbeed?s=96&d=mm&r=g","caption":"f1000024"},"url":"https:\/\/cvinoticias.com\/v3\/author\/f1000024\/"}]}},"_links":{"self":[{"href":"https:\/\/cvinoticias.com\/v3\/wp-json\/wp\/v2\/posts\/24810","targetHints":{"allow":["GET"]}}],"collection":[{"href":"https:\/\/cvinoticias.com\/v3\/wp-json\/wp\/v2\/posts"}],"about":[{"href":"https:\/\/cvinoticias.com\/v3\/wp-json\/wp\/v2\/types\/post"}],"author":[{"embeddable":true,"href":"https:\/\/cvinoticias.com\/v3\/wp-json\/wp\/v2\/users\/2"}],"replies":[{"embeddable":true,"href":"https:\/\/cvinoticias.com\/v3\/wp-json\/wp\/v2\/comments?post=24810"}],"version-history":[{"count":1,"href":"https:\/\/cvinoticias.com\/v3\/wp-json\/wp\/v2\/posts\/24810\/revisions"}],"predecessor-version":[{"id":24812,"href":"https:\/\/cvinoticias.com\/v3\/wp-json\/wp\/v2\/posts\/24810\/revisions\/24812"}],"wp:featuredmedia":[{"embeddable":true,"href":"https:\/\/cvinoticias.com\/v3\/wp-json\/wp\/v2\/media\/24811"}],"wp:attachment":[{"href":"https:\/\/cvinoticias.com\/v3\/wp-json\/wp\/v2\/media?parent=24810"}],"wp:term":[{"taxonomy":"category","embeddable":true,"href":"https:\/\/cvinoticias.com\/v3\/wp-json\/wp\/v2\/categories?post=24810"},{"taxonomy":"post_tag","embeddable":true,"href":"https:\/\/cvinoticias.com\/v3\/wp-json\/wp\/v2\/tags?post=24810"}],"curies":[{"name":"wp","href":"https:\/\/api.w.org\/{rel}","templated":true}]}}