{"id":24800,"date":"2023-05-13T09:24:17","date_gmt":"2023-05-13T09:24:17","guid":{"rendered":"https:\/\/cvinoticias.com\/v3\/?p=24800"},"modified":"2023-05-13T09:24:17","modified_gmt":"2023-05-13T09:24:17","slug":"la-inflacion-de-abril-trepo-al-84-por-impulso-de-alimentos","status":"publish","type":"post","link":"https:\/\/cvinoticias.com\/v3\/la-inflacion-de-abril-trepo-al-84-por-impulso-de-alimentos\/","title":{"rendered":"La inflaci\u00f3n de abril trepo al 8,4% por impulso de alimentos"},"content":{"rendered":"\n<p><strong><em>La inflaci\u00f3n del mes pasado fue del 8,4%, con lo cual la variaci\u00f3n interanual del \u00edndice de precios trep\u00f3 a 108,8% y se convirti\u00f3 en la m\u00e1s alta en m\u00e1s de 30 a\u00f1os.<\/em><\/strong><\/p>\n\n\n\n<p>El \u00edndice de precios al consumidor (IPC) volvi\u00f3 a marcar al rubro alimentos como uno de los que m\u00e1s elev\u00f3 el promedio de los precios de marzo, cuando marc\u00f3 un 7,7%.<\/p>\n\n\n\n<p>Seg\u00fan el informe del Indec, el mayor aumento fue en el segmento \u201cPrendas de vestir y Calzado\u201d, donde trep\u00f3 al 10,8%.<\/p>\n\n\n\n<p>Sigui\u00f3 \u201cAlimentos y bebidas no alcoh\u00f3licas\u201d con el 10,1%, donde marcaron los picos verduras, tub\u00e9rculos y legumbres, leche, productos l\u00e1cteos y huevos, az\u00facar, dulces, chocolates, golosinas, y carnes y derivados.<\/p>\n\n\n\n<p>A su vez, las divisiones \u201crestaurantes y hoteles\u201d tuvieron un alza del 9,9%; mientras que \u201cEquipamiento y mantenimiento del hogar\u201d un 8,6 %.<\/p>\n\n\n\n<p>El aumento del 10,1% en alimentos y bebidas \u201cfue el que m\u00e1s incidi\u00f3 en todas las regiones\u201d, explic\u00f3 el organismo estad\u00edstico.<\/p>\n\n\n\n<p>De hecho, aument\u00f3 10,8% en la regi\u00f3n Pampeana; 10,1% en Capital Federal y Gran Buenos Aires (GBA); 9,9% tanto en Noroeste como en la Patagonia; 8,6 % en Cuyo; y 8,4% para el Noreste.<\/p>\n\n\n\n<p>Algunas de las subas m\u00e1s destacadas fueron el 21% en az\u00facar; pollo; 20% para huevos; 19,8% en naranja, 19% en el filet de merluza; 11,3% en el arroz; 10,.4% en galletitas dulces; 10,8% en queso cremoso, 10% queso pategr\u00e1s.<\/p>\n\n\n\n<p>Las dos divisiones de menor variaci\u00f3n en abril fueron educaci\u00f3n, con el 5%; y bebidas alcoh\u00f3licas y tabaco 3,8%.<\/p>\n\n\n\n<p>A nivel de las categor\u00edas, Estacionales lider\u00f3 el aumento con el 12,6%; seguida por el IPC N\u00facleo, con el 8,4%; en tanto que los Regulados registraron un incremento de 4,9%.<\/p>\n\n\n\n<p>En los \u00faltimos 12 meses, y con una inflaci\u00f3n acumulada del 108,8%, los productos estacionales aumentaron 142,9%, los regulados 98,9 % y el IPC N\u00facleo el 105,2%, inform\u00f3 el Indec.<\/p>\n\n\n\n<p>Horas antes de que se publicara el n\u00famero oficial de la inflaci\u00f3n de abril, el presidente Alberto Fern\u00e1ndez hab\u00eda anticipado que el n\u00famero ser\u00eda alto.<\/p>\n","protected":false},"excerpt":{"rendered":"<p>La inflaci\u00f3n del mes pasado fue del 8,4%, con lo cual la variaci\u00f3n interanual del \u00edndice de precios trep\u00f3 a 108,8% y se convirti\u00f3 en la m\u00e1s alta en m\u00e1s de 30 a\u00f1os. El \u00edndice de precios al consumidor (IPC) volvi\u00f3 a marcar al rubro alimentos como uno de los que m\u00e1s elev\u00f3 el promedio [&hellip;]<\/p>\n","protected":false},"author":2,"featured_media":24801,"comment_status":"open","ping_status":"open","sticky":false,"template":"","format":"standard","meta":{"footnotes":""},"categories":[32],"tags":[],"class_list":["post-24800","post","type-post","status-publish","format-standard","has-post-thumbnail","hentry","category-economia"],"yoast_head":"<!-- This site is optimized with the Yoast SEO plugin v27.4 - https:\/\/yoast.com\/product\/yoast-seo-wordpress\/ -->\n<title>La inflaci\u00f3n de abril trepo al 8,4% por impulso de alimentos | CVI NOTICIAS<\/title>\n<meta name=\"robots\" content=\"index, follow, max-snippet:-1, max-image-preview:large, max-video-preview:-1\" \/>\n<link rel=\"canonical\" href=\"https:\/\/cvinoticias.com\/v3\/la-inflacion-de-abril-trepo-al-84-por-impulso-de-alimentos\/\" \/>\n<meta property=\"og:locale\" content=\"es_ES\" \/>\n<meta property=\"og:type\" content=\"article\" \/>\n<meta property=\"og:title\" content=\"La inflaci\u00f3n de abril trepo al 8,4% por impulso de alimentos | CVI NOTICIAS\" \/>\n<meta property=\"og:description\" content=\"La inflaci\u00f3n del mes pasado fue del 8,4%, con lo cual la variaci\u00f3n interanual del \u00edndice de precios trep\u00f3 a 108,8% y se convirti\u00f3 en la m\u00e1s alta en m\u00e1s de 30 a\u00f1os. El \u00edndice de precios al consumidor (IPC) volvi\u00f3 a marcar al rubro alimentos como uno de los que m\u00e1s elev\u00f3 el promedio [&hellip;]\" \/>\n<meta property=\"og:url\" content=\"https:\/\/cvinoticias.com\/v3\/la-inflacion-de-abril-trepo-al-84-por-impulso-de-alimentos\/\" \/>\n<meta property=\"og:site_name\" content=\"CVI NOTICIAS\" \/>\n<meta property=\"article:publisher\" content=\"https:\/\/www.facebook.com\/cvinoticias\" \/>\n<meta property=\"article:published_time\" content=\"2023-05-13T09:24:17+00:00\" \/>\n<meta property=\"og:image\" content=\"https:\/\/cvinoticias.com\/wp-content\/uploads\/2023\/05\/inflacion-1080x608-1.jpg\" \/>\n\t<meta property=\"og:image:width\" content=\"1080\" \/>\n\t<meta property=\"og:image:height\" content=\"608\" \/>\n\t<meta property=\"og:image:type\" content=\"image\/jpeg\" \/>\n<meta name=\"author\" content=\"f1000024\" \/>\n<meta name=\"twitter:card\" content=\"summary_large_image\" \/>\n<meta name=\"twitter:label1\" content=\"Escrito por\" \/>\n\t<meta name=\"twitter:data1\" content=\"f1000024\" \/>\n\t<meta name=\"twitter:label2\" content=\"Tiempo de lectura\" \/>\n\t<meta name=\"twitter:data2\" content=\"2 minutos\" \/>\n<script type=\"application\/ld+json\" class=\"yoast-schema-graph\">{\"@context\":\"https:\\\/\\\/schema.org\",\"@graph\":[{\"@type\":\"Article\",\"@id\":\"https:\\\/\\\/cvinoticias.com\\\/v3\\\/la-inflacion-de-abril-trepo-al-84-por-impulso-de-alimentos\\\/#article\",\"isPartOf\":{\"@id\":\"https:\\\/\\\/cvinoticias.com\\\/v3\\\/la-inflacion-de-abril-trepo-al-84-por-impulso-de-alimentos\\\/\"},\"author\":{\"name\":\"f1000024\",\"@id\":\"https:\\\/\\\/cvinoticias.com\\\/v3\\\/#\\\/schema\\\/person\\\/2db77e3c6bc03c538495d7b2b8be9b66\"},\"headline\":\"La inflaci\u00f3n de abril trepo al 8,4% por impulso de alimentos\",\"datePublished\":\"2023-05-13T09:24:17+00:00\",\"mainEntityOfPage\":{\"@id\":\"https:\\\/\\\/cvinoticias.com\\\/v3\\\/la-inflacion-de-abril-trepo-al-84-por-impulso-de-alimentos\\\/\"},\"wordCount\":342,\"commentCount\":0,\"publisher\":{\"@id\":\"https:\\\/\\\/cvinoticias.com\\\/v3\\\/#organization\"},\"image\":{\"@id\":\"https:\\\/\\\/cvinoticias.com\\\/v3\\\/la-inflacion-de-abril-trepo-al-84-por-impulso-de-alimentos\\\/#primaryimage\"},\"thumbnailUrl\":\"https:\\\/\\\/cvinoticias.com\\\/wp-content\\\/uploads\\\/2023\\\/05\\\/inflacion-1080x608-1.jpg\",\"articleSection\":[\"Econom\u00eda\"],\"inLanguage\":\"es\",\"potentialAction\":[{\"@type\":\"CommentAction\",\"name\":\"Comment\",\"target\":[\"https:\\\/\\\/cvinoticias.com\\\/v3\\\/la-inflacion-de-abril-trepo-al-84-por-impulso-de-alimentos\\\/#respond\"]}]},{\"@type\":\"WebPage\",\"@id\":\"https:\\\/\\\/cvinoticias.com\\\/v3\\\/la-inflacion-de-abril-trepo-al-84-por-impulso-de-alimentos\\\/\",\"url\":\"https:\\\/\\\/cvinoticias.com\\\/v3\\\/la-inflacion-de-abril-trepo-al-84-por-impulso-de-alimentos\\\/\",\"name\":\"La inflaci\u00f3n de abril trepo al 8,4% por impulso de alimentos | CVI NOTICIAS\",\"isPartOf\":{\"@id\":\"https:\\\/\\\/cvinoticias.com\\\/v3\\\/#website\"},\"primaryImageOfPage\":{\"@id\":\"https:\\\/\\\/cvinoticias.com\\\/v3\\\/la-inflacion-de-abril-trepo-al-84-por-impulso-de-alimentos\\\/#primaryimage\"},\"image\":{\"@id\":\"https:\\\/\\\/cvinoticias.com\\\/v3\\\/la-inflacion-de-abril-trepo-al-84-por-impulso-de-alimentos\\\/#primaryimage\"},\"thumbnailUrl\":\"https:\\\/\\\/cvinoticias.com\\\/wp-content\\\/uploads\\\/2023\\\/05\\\/inflacion-1080x608-1.jpg\",\"datePublished\":\"2023-05-13T09:24:17+00:00\",\"breadcrumb\":{\"@id\":\"https:\\\/\\\/cvinoticias.com\\\/v3\\\/la-inflacion-de-abril-trepo-al-84-por-impulso-de-alimentos\\\/#breadcrumb\"},\"inLanguage\":\"es\",\"potentialAction\":[{\"@type\":\"ReadAction\",\"target\":[\"https:\\\/\\\/cvinoticias.com\\\/v3\\\/la-inflacion-de-abril-trepo-al-84-por-impulso-de-alimentos\\\/\"]}]},{\"@type\":\"ImageObject\",\"inLanguage\":\"es\",\"@id\":\"https:\\\/\\\/cvinoticias.com\\\/v3\\\/la-inflacion-de-abril-trepo-al-84-por-impulso-de-alimentos\\\/#primaryimage\",\"url\":\"https:\\\/\\\/cvinoticias.com\\\/wp-content\\\/uploads\\\/2023\\\/05\\\/inflacion-1080x608-1.jpg\",\"contentUrl\":\"https:\\\/\\\/cvinoticias.com\\\/wp-content\\\/uploads\\\/2023\\\/05\\\/inflacion-1080x608-1.jpg\",\"width\":1080,\"height\":608},{\"@type\":\"BreadcrumbList\",\"@id\":\"https:\\\/\\\/cvinoticias.com\\\/v3\\\/la-inflacion-de-abril-trepo-al-84-por-impulso-de-alimentos\\\/#breadcrumb\",\"itemListElement\":[{\"@type\":\"ListItem\",\"position\":1,\"name\":\"Portada\",\"item\":\"https:\\\/\\\/cvinoticias.com\\\/v3\\\/\"},{\"@type\":\"ListItem\",\"position\":2,\"name\":\"La inflaci\u00f3n de abril trepo al 8,4% por impulso de alimentos\"}]},{\"@type\":\"WebSite\",\"@id\":\"https:\\\/\\\/cvinoticias.com\\\/v3\\\/#website\",\"url\":\"https:\\\/\\\/cvinoticias.com\\\/v3\\\/\",\"name\":\"CVI NOTICIAS\",\"description\":\"\",\"publisher\":{\"@id\":\"https:\\\/\\\/cvinoticias.com\\\/v3\\\/#organization\"},\"alternateName\":\"CVI\",\"potentialAction\":[{\"@type\":\"SearchAction\",\"target\":{\"@type\":\"EntryPoint\",\"urlTemplate\":\"https:\\\/\\\/cvinoticias.com\\\/v3\\\/?s={search_term_string}\"},\"query-input\":{\"@type\":\"PropertyValueSpecification\",\"valueRequired\":true,\"valueName\":\"search_term_string\"}}],\"inLanguage\":\"es\"},{\"@type\":\"Organization\",\"@id\":\"https:\\\/\\\/cvinoticias.com\\\/v3\\\/#organization\",\"name\":\"CVI NOTICIAS\",\"url\":\"https:\\\/\\\/cvinoticias.com\\\/v3\\\/\",\"logo\":{\"@type\":\"ImageObject\",\"inLanguage\":\"es\",\"@id\":\"https:\\\/\\\/cvinoticias.com\\\/v3\\\/#\\\/schema\\\/logo\\\/image\\\/\",\"url\":\"https:\\\/\\\/cvinoticias.com\\\/wp-content\\\/uploads\\\/2023\\\/04\\\/cropped-cropped-cropped-cropped-cropped-3-1.png\",\"contentUrl\":\"https:\\\/\\\/cvinoticias.com\\\/wp-content\\\/uploads\\\/2023\\\/04\\\/cropped-cropped-cropped-cropped-cropped-3-1.png\",\"width\":95,\"height\":122,\"caption\":\"CVI NOTICIAS\"},\"image\":{\"@id\":\"https:\\\/\\\/cvinoticias.com\\\/v3\\\/#\\\/schema\\\/logo\\\/image\\\/\"},\"sameAs\":[\"https:\\\/\\\/www.facebook.com\\\/cvinoticias\",\"https:\\\/\\\/www.instagram.com\\\/cvinoticias\\\/\",\"https:\\\/\\\/www.youtube.com\\\/@CVINOTICIAS\"]},{\"@type\":\"Person\",\"@id\":\"https:\\\/\\\/cvinoticias.com\\\/v3\\\/#\\\/schema\\\/person\\\/2db77e3c6bc03c538495d7b2b8be9b66\",\"name\":\"f1000024\",\"image\":{\"@type\":\"ImageObject\",\"inLanguage\":\"es\",\"@id\":\"https:\\\/\\\/secure.gravatar.com\\\/avatar\\\/d4fe7459cfc51ff5129ce1a732bbef5928568b8092d412ef95611616376bbeed?s=96&d=mm&r=g\",\"url\":\"https:\\\/\\\/secure.gravatar.com\\\/avatar\\\/d4fe7459cfc51ff5129ce1a732bbef5928568b8092d412ef95611616376bbeed?s=96&d=mm&r=g\",\"contentUrl\":\"https:\\\/\\\/secure.gravatar.com\\\/avatar\\\/d4fe7459cfc51ff5129ce1a732bbef5928568b8092d412ef95611616376bbeed?s=96&d=mm&r=g\",\"caption\":\"f1000024\"},\"url\":\"https:\\\/\\\/cvinoticias.com\\\/v3\\\/author\\\/f1000024\\\/\"}]}<\/script>\n<!-- \/ Yoast SEO plugin. -->","yoast_head_json":{"title":"La inflaci\u00f3n de abril trepo al 8,4% por impulso de alimentos | CVI NOTICIAS","robots":{"index":"index","follow":"follow","max-snippet":"max-snippet:-1","max-image-preview":"max-image-preview:large","max-video-preview":"max-video-preview:-1"},"canonical":"https:\/\/cvinoticias.com\/v3\/la-inflacion-de-abril-trepo-al-84-por-impulso-de-alimentos\/","og_locale":"es_ES","og_type":"article","og_title":"La inflaci\u00f3n de abril trepo al 8,4% por impulso de alimentos | CVI NOTICIAS","og_description":"La inflaci\u00f3n del mes pasado fue del 8,4%, con lo cual la variaci\u00f3n interanual del \u00edndice de precios trep\u00f3 a 108,8% y se convirti\u00f3 en la m\u00e1s alta en m\u00e1s de 30 a\u00f1os. El \u00edndice de precios al consumidor (IPC) volvi\u00f3 a marcar al rubro alimentos como uno de los que m\u00e1s elev\u00f3 el promedio [&hellip;]","og_url":"https:\/\/cvinoticias.com\/v3\/la-inflacion-de-abril-trepo-al-84-por-impulso-de-alimentos\/","og_site_name":"CVI NOTICIAS","article_publisher":"https:\/\/www.facebook.com\/cvinoticias","article_published_time":"2023-05-13T09:24:17+00:00","og_image":[{"width":1080,"height":608,"url":"https:\/\/cvinoticias.com\/wp-content\/uploads\/2023\/05\/inflacion-1080x608-1.jpg","type":"image\/jpeg"}],"author":"f1000024","twitter_card":"summary_large_image","twitter_misc":{"Escrito por":"f1000024","Tiempo de lectura":"2 minutos"},"schema":{"@context":"https:\/\/schema.org","@graph":[{"@type":"Article","@id":"https:\/\/cvinoticias.com\/v3\/la-inflacion-de-abril-trepo-al-84-por-impulso-de-alimentos\/#article","isPartOf":{"@id":"https:\/\/cvinoticias.com\/v3\/la-inflacion-de-abril-trepo-al-84-por-impulso-de-alimentos\/"},"author":{"name":"f1000024","@id":"https:\/\/cvinoticias.com\/v3\/#\/schema\/person\/2db77e3c6bc03c538495d7b2b8be9b66"},"headline":"La inflaci\u00f3n de abril trepo al 8,4% por impulso de alimentos","datePublished":"2023-05-13T09:24:17+00:00","mainEntityOfPage":{"@id":"https:\/\/cvinoticias.com\/v3\/la-inflacion-de-abril-trepo-al-84-por-impulso-de-alimentos\/"},"wordCount":342,"commentCount":0,"publisher":{"@id":"https:\/\/cvinoticias.com\/v3\/#organization"},"image":{"@id":"https:\/\/cvinoticias.com\/v3\/la-inflacion-de-abril-trepo-al-84-por-impulso-de-alimentos\/#primaryimage"},"thumbnailUrl":"https:\/\/cvinoticias.com\/wp-content\/uploads\/2023\/05\/inflacion-1080x608-1.jpg","articleSection":["Econom\u00eda"],"inLanguage":"es","potentialAction":[{"@type":"CommentAction","name":"Comment","target":["https:\/\/cvinoticias.com\/v3\/la-inflacion-de-abril-trepo-al-84-por-impulso-de-alimentos\/#respond"]}]},{"@type":"WebPage","@id":"https:\/\/cvinoticias.com\/v3\/la-inflacion-de-abril-trepo-al-84-por-impulso-de-alimentos\/","url":"https:\/\/cvinoticias.com\/v3\/la-inflacion-de-abril-trepo-al-84-por-impulso-de-alimentos\/","name":"La inflaci\u00f3n de abril trepo al 8,4% por impulso de alimentos | CVI NOTICIAS","isPartOf":{"@id":"https:\/\/cvinoticias.com\/v3\/#website"},"primaryImageOfPage":{"@id":"https:\/\/cvinoticias.com\/v3\/la-inflacion-de-abril-trepo-al-84-por-impulso-de-alimentos\/#primaryimage"},"image":{"@id":"https:\/\/cvinoticias.com\/v3\/la-inflacion-de-abril-trepo-al-84-por-impulso-de-alimentos\/#primaryimage"},"thumbnailUrl":"https:\/\/cvinoticias.com\/wp-content\/uploads\/2023\/05\/inflacion-1080x608-1.jpg","datePublished":"2023-05-13T09:24:17+00:00","breadcrumb":{"@id":"https:\/\/cvinoticias.com\/v3\/la-inflacion-de-abril-trepo-al-84-por-impulso-de-alimentos\/#breadcrumb"},"inLanguage":"es","potentialAction":[{"@type":"ReadAction","target":["https:\/\/cvinoticias.com\/v3\/la-inflacion-de-abril-trepo-al-84-por-impulso-de-alimentos\/"]}]},{"@type":"ImageObject","inLanguage":"es","@id":"https:\/\/cvinoticias.com\/v3\/la-inflacion-de-abril-trepo-al-84-por-impulso-de-alimentos\/#primaryimage","url":"https:\/\/cvinoticias.com\/wp-content\/uploads\/2023\/05\/inflacion-1080x608-1.jpg","contentUrl":"https:\/\/cvinoticias.com\/wp-content\/uploads\/2023\/05\/inflacion-1080x608-1.jpg","width":1080,"height":608},{"@type":"BreadcrumbList","@id":"https:\/\/cvinoticias.com\/v3\/la-inflacion-de-abril-trepo-al-84-por-impulso-de-alimentos\/#breadcrumb","itemListElement":[{"@type":"ListItem","position":1,"name":"Portada","item":"https:\/\/cvinoticias.com\/v3\/"},{"@type":"ListItem","position":2,"name":"La inflaci\u00f3n de abril trepo al 8,4% por impulso de alimentos"}]},{"@type":"WebSite","@id":"https:\/\/cvinoticias.com\/v3\/#website","url":"https:\/\/cvinoticias.com\/v3\/","name":"CVI NOTICIAS","description":"","publisher":{"@id":"https:\/\/cvinoticias.com\/v3\/#organization"},"alternateName":"CVI","potentialAction":[{"@type":"SearchAction","target":{"@type":"EntryPoint","urlTemplate":"https:\/\/cvinoticias.com\/v3\/?s={search_term_string}"},"query-input":{"@type":"PropertyValueSpecification","valueRequired":true,"valueName":"search_term_string"}}],"inLanguage":"es"},{"@type":"Organization","@id":"https:\/\/cvinoticias.com\/v3\/#organization","name":"CVI NOTICIAS","url":"https:\/\/cvinoticias.com\/v3\/","logo":{"@type":"ImageObject","inLanguage":"es","@id":"https:\/\/cvinoticias.com\/v3\/#\/schema\/logo\/image\/","url":"https:\/\/cvinoticias.com\/wp-content\/uploads\/2023\/04\/cropped-cropped-cropped-cropped-cropped-3-1.png","contentUrl":"https:\/\/cvinoticias.com\/wp-content\/uploads\/2023\/04\/cropped-cropped-cropped-cropped-cropped-3-1.png","width":95,"height":122,"caption":"CVI NOTICIAS"},"image":{"@id":"https:\/\/cvinoticias.com\/v3\/#\/schema\/logo\/image\/"},"sameAs":["https:\/\/www.facebook.com\/cvinoticias","https:\/\/www.instagram.com\/cvinoticias\/","https:\/\/www.youtube.com\/@CVINOTICIAS"]},{"@type":"Person","@id":"https:\/\/cvinoticias.com\/v3\/#\/schema\/person\/2db77e3c6bc03c538495d7b2b8be9b66","name":"f1000024","image":{"@type":"ImageObject","inLanguage":"es","@id":"https:\/\/secure.gravatar.com\/avatar\/d4fe7459cfc51ff5129ce1a732bbef5928568b8092d412ef95611616376bbeed?s=96&d=mm&r=g","url":"https:\/\/secure.gravatar.com\/avatar\/d4fe7459cfc51ff5129ce1a732bbef5928568b8092d412ef95611616376bbeed?s=96&d=mm&r=g","contentUrl":"https:\/\/secure.gravatar.com\/avatar\/d4fe7459cfc51ff5129ce1a732bbef5928568b8092d412ef95611616376bbeed?s=96&d=mm&r=g","caption":"f1000024"},"url":"https:\/\/cvinoticias.com\/v3\/author\/f1000024\/"}]}},"_links":{"self":[{"href":"https:\/\/cvinoticias.com\/v3\/wp-json\/wp\/v2\/posts\/24800","targetHints":{"allow":["GET"]}}],"collection":[{"href":"https:\/\/cvinoticias.com\/v3\/wp-json\/wp\/v2\/posts"}],"about":[{"href":"https:\/\/cvinoticias.com\/v3\/wp-json\/wp\/v2\/types\/post"}],"author":[{"embeddable":true,"href":"https:\/\/cvinoticias.com\/v3\/wp-json\/wp\/v2\/users\/2"}],"replies":[{"embeddable":true,"href":"https:\/\/cvinoticias.com\/v3\/wp-json\/wp\/v2\/comments?post=24800"}],"version-history":[{"count":1,"href":"https:\/\/cvinoticias.com\/v3\/wp-json\/wp\/v2\/posts\/24800\/revisions"}],"predecessor-version":[{"id":24802,"href":"https:\/\/cvinoticias.com\/v3\/wp-json\/wp\/v2\/posts\/24800\/revisions\/24802"}],"wp:featuredmedia":[{"embeddable":true,"href":"https:\/\/cvinoticias.com\/v3\/wp-json\/wp\/v2\/media\/24801"}],"wp:attachment":[{"href":"https:\/\/cvinoticias.com\/v3\/wp-json\/wp\/v2\/media?parent=24800"}],"wp:term":[{"taxonomy":"category","embeddable":true,"href":"https:\/\/cvinoticias.com\/v3\/wp-json\/wp\/v2\/categories?post=24800"},{"taxonomy":"post_tag","embeddable":true,"href":"https:\/\/cvinoticias.com\/v3\/wp-json\/wp\/v2\/tags?post=24800"}],"curies":[{"name":"wp","href":"https:\/\/api.w.org\/{rel}","templated":true}]}}