{"id":24765,"date":"2023-05-11T13:28:09","date_gmt":"2023-05-11T13:28:09","guid":{"rendered":"https:\/\/cvinoticias.com\/v3\/?p=24765"},"modified":"2023-05-11T15:43:56","modified_gmt":"2023-05-11T15:43:56","slug":"herrera-ahuad-acompano-a-la-comunidad-de-la-ciudad-de-las-cataratas-en-la-peregrinacion-nautica-por-el-rio-iguazu","status":"publish","type":"post","link":"https:\/\/cvinoticias.com\/v3\/herrera-ahuad-acompano-a-la-comunidad-de-la-ciudad-de-las-cataratas-en-la-peregrinacion-nautica-por-el-rio-iguazu\/","title":{"rendered":"Herrera Ahuad acompa\u00f1\u00f3 a la comunidad de la ciudad de las Cataratas en la Peregrinaci\u00f3n N\u00e1utica por el R\u00edo Iguaz\u00fa"},"content":{"rendered":"\n<p><strong><em>Con una peregrinaci\u00f3n n\u00e1utica y terrestre se conmemoraron los 397 a\u00f1os de la llegada de la 1\u00b0 Misi\u00f3n Jesu\u00edtica, conocida como Santa Mar\u00eda del Yguaz\u00fa. Ayer por la tarde, el Gobernador comparti\u00f3 la celebraci\u00f3n navegando por el r\u00edo Iguaz\u00fa.<\/em><\/strong><\/p>\n\n\n\n<p>Ayer por la tarde, se realiz\u00f3 una peregrinaci\u00f3n n\u00e1utica y terrestre conmemorando los 397 a\u00f1os de la llegada de la 1\u00b0 Misi\u00f3n Jesu\u00edtica, conocida como Santa Mar\u00eda del Yguaz\u00fa, establecida en cercan\u00eda de las Cataratas. El gobernador Oscar Herrera Ahuad acompa\u00f1\u00f3 la peregrinaci\u00f3n n\u00e1utica que parti\u00f3 de Puerto Macuco hasta el puerto de la Ciudad de las Cataratas, en la que participaron m\u00e1s 240 personas, distribuidas en cuatro lanchas, que navegaron por el r\u00edo Iguaz\u00fa.<\/p>\n\n\n\n<p>Durante la traves\u00eda, en una de las embarcaciones viajaba un coro que cantaba alabanzas, y la imagen de la v\u00edrgen viajaba en la lanchaprincipal, donde adem\u00e1s cada uno de los tres obispos presentes hizo uso de la palabra. Al arribar al puerto de destino, una multitud los aguardaba para sumarse al tramo pedestre de la peregrinaci\u00f3n rumbo al Hito Tres Fronteras.<\/p>\n\n\n\n<figure class=\"wp-block-image size-large\"><a href=\"https:\/\/cvinoticias.com\/wp-content\/uploads\/2023\/05\/FB_IMG_1683811189325.jpg\"><img decoding=\"async\" width=\"1024\" height=\"682\" data-src=\"https:\/\/cvinoticias.com\/wp-content\/uploads\/2023\/05\/FB_IMG_1683811189325-1024x682.jpg\" alt=\"\" class=\"wp-image-24766 lazyload\" data-srcset=\"https:\/\/cvinoticias.com\/wp-content\/uploads\/2023\/05\/FB_IMG_1683811189325-1024x682.jpg 1024w, https:\/\/cvinoticias.com\/wp-content\/uploads\/2023\/05\/FB_IMG_1683811189325-300x200.jpg 300w, https:\/\/cvinoticias.com\/wp-content\/uploads\/2023\/05\/FB_IMG_1683811189325-768x512.jpg 768w, https:\/\/cvinoticias.com\/wp-content\/uploads\/2023\/05\/FB_IMG_1683811189325.jpg 1081w\" data-sizes=\"(max-width: 1024px) 100vw, 1024px\" src=\"data:image\/svg+xml;base64,PHN2ZyB3aWR0aD0iMSIgaGVpZ2h0PSIxIiB4bWxucz0iaHR0cDovL3d3dy53My5vcmcvMjAwMC9zdmciPjwvc3ZnPg==\" style=\"--smush-placeholder-width: 1024px; --smush-placeholder-aspect-ratio: 1024\/682;\" \/><\/a><\/figure>\n\n\n\n<p>Entre los asistentes al evento estuvieron el intendente de Puerto Iguaz\u00fa, Claudio Filippa; el ministro de Coordinaci\u00f3n de Gabinete, Ricardo Wellbach; el c\u00f3nsul de Paraguay en Puerto Iguaz\u00fa, Magno Antonio \u00c1lvarez Alarc\u00f3n; el obispo de Puerto Iguaz\u00fa, Nicolas Baisi; el obispo de Foz de Iguaz\u00fa, Sergio de Jes\u00fas Borges de Amaral y el Obispo de Ciudad del Este, Guillermo Steckling.<\/p>\n\n\n\n<p><\/p>\n\n\n\n<figure class=\"wp-block-image size-large\"><a href=\"https:\/\/cvinoticias.com\/wp-content\/uploads\/2023\/05\/FB_IMG_1683811186322.jpg\"><img decoding=\"async\" width=\"1024\" height=\"682\" data-src=\"https:\/\/cvinoticias.com\/wp-content\/uploads\/2023\/05\/FB_IMG_1683811186322-1024x682.jpg\" alt=\"\" class=\"wp-image-24769 lazyload\" data-srcset=\"https:\/\/cvinoticias.com\/wp-content\/uploads\/2023\/05\/FB_IMG_1683811186322-1024x682.jpg 1024w, https:\/\/cvinoticias.com\/wp-content\/uploads\/2023\/05\/FB_IMG_1683811186322-300x200.jpg 300w, https:\/\/cvinoticias.com\/wp-content\/uploads\/2023\/05\/FB_IMG_1683811186322-768x512.jpg 768w, https:\/\/cvinoticias.com\/wp-content\/uploads\/2023\/05\/FB_IMG_1683811186322.jpg 1081w\" data-sizes=\"(max-width: 1024px) 100vw, 1024px\" src=\"data:image\/svg+xml;base64,PHN2ZyB3aWR0aD0iMSIgaGVpZ2h0PSIxIiB4bWxucz0iaHR0cDovL3d3dy53My5vcmcvMjAwMC9zdmciPjwvc3ZnPg==\" style=\"--smush-placeholder-width: 1024px; --smush-placeholder-aspect-ratio: 1024\/682;\" \/><\/a><\/figure>\n\n\n\n<figure class=\"wp-block-image size-large is-resized\"><a href=\"https:\/\/cvinoticias.com\/wp-content\/uploads\/2023\/05\/IMG-20230511-WA0056.jpg\"><img decoding=\"async\" data-src=\"https:\/\/cvinoticias.com\/wp-content\/uploads\/2023\/05\/IMG-20230511-WA0056-1024x1024.jpg\" alt=\"\" class=\"wp-image-24771 lazyload\" width=\"683\" height=\"683\" data-srcset=\"https:\/\/cvinoticias.com\/wp-content\/uploads\/2023\/05\/IMG-20230511-WA0056-1024x1024.jpg 1024w, https:\/\/cvinoticias.com\/wp-content\/uploads\/2023\/05\/IMG-20230511-WA0056-300x300.jpg 300w, https:\/\/cvinoticias.com\/wp-content\/uploads\/2023\/05\/IMG-20230511-WA0056-150x150.jpg 150w, https:\/\/cvinoticias.com\/wp-content\/uploads\/2023\/05\/IMG-20230511-WA0056-768x768.jpg 768w, https:\/\/cvinoticias.com\/wp-content\/uploads\/2023\/05\/IMG-20230511-WA0056.jpg 1440w\" data-sizes=\"(max-width: 683px) 100vw, 683px\" src=\"data:image\/svg+xml;base64,PHN2ZyB3aWR0aD0iMSIgaGVpZ2h0PSIxIiB4bWxucz0iaHR0cDovL3d3dy53My5vcmcvMjAwMC9zdmciPjwvc3ZnPg==\" style=\"--smush-placeholder-width: 683px; --smush-placeholder-aspect-ratio: 683\/683;\" \/><\/a><\/figure>\n\n\n\n<p>Vale resaltar que el Obispo de la Di\u00f3cesis de Iguaz\u00fa, Monse\u00f1or Nicol\u00e1s Baisi, fue el impulsor de la primera peregrinaci\u00f3n, con el apoyo de representantes del municipio, de la Prefectura Naval Argentina, Polic\u00eda de Misiones, representantes del Consulado de Paraguay y de empresas ligadas a la actividad n\u00e1utica con el objetivo de conmemorar de los 397 a\u00f1os de la instalaci\u00f3n de la Primer Reducci\u00f3n Jesu\u00edtica en lo que hoy es el territorio de Misiones y estar\u00eda ubicado en lo que actualmente se conoce como Puerto Macuco, donde comienza el recorrido de la gran aventura. En ese sitio se han concretado recientemente hallazgos arqueol\u00f3gicos que confirmar\u00edan la presencia de los Jesuitas en el lugar, tal como detallan los escritos de los misioneros.<\/p>\n\n\n\n<figure class=\"wp-block-image size-large\"><a href=\"https:\/\/cvinoticias.com\/wp-content\/uploads\/2023\/05\/IMG-20230511-WA0060.jpg\"><img decoding=\"async\" width=\"1024\" height=\"1024\" data-src=\"https:\/\/cvinoticias.com\/wp-content\/uploads\/2023\/05\/IMG-20230511-WA0060-1024x1024.jpg\" alt=\"\" class=\"wp-image-24773 lazyload\" data-srcset=\"https:\/\/cvinoticias.com\/wp-content\/uploads\/2023\/05\/IMG-20230511-WA0060-1024x1024.jpg 1024w, https:\/\/cvinoticias.com\/wp-content\/uploads\/2023\/05\/IMG-20230511-WA0060-300x300.jpg 300w, https:\/\/cvinoticias.com\/wp-content\/uploads\/2023\/05\/IMG-20230511-WA0060-150x150.jpg 150w, https:\/\/cvinoticias.com\/wp-content\/uploads\/2023\/05\/IMG-20230511-WA0060-768x768.jpg 768w, https:\/\/cvinoticias.com\/wp-content\/uploads\/2023\/05\/IMG-20230511-WA0060.jpg 1440w\" data-sizes=\"(max-width: 1024px) 100vw, 1024px\" src=\"data:image\/svg+xml;base64,PHN2ZyB3aWR0aD0iMSIgaGVpZ2h0PSIxIiB4bWxucz0iaHR0cDovL3d3dy53My5vcmcvMjAwMC9zdmciPjwvc3ZnPg==\" style=\"--smush-placeholder-width: 1024px; --smush-placeholder-aspect-ratio: 1024\/1024;\" \/><\/a><\/figure>\n\n\n\n<figure class=\"wp-block-image size-large\"><a href=\"https:\/\/cvinoticias.com\/wp-content\/uploads\/2023\/05\/FB_IMG_1683811192747.jpg\"><img decoding=\"async\" width=\"1024\" height=\"682\" data-src=\"https:\/\/cvinoticias.com\/wp-content\/uploads\/2023\/05\/FB_IMG_1683811192747-1024x682.jpg\" alt=\"\" class=\"wp-image-24767 lazyload\" data-srcset=\"https:\/\/cvinoticias.com\/wp-content\/uploads\/2023\/05\/FB_IMG_1683811192747-1024x682.jpg 1024w, https:\/\/cvinoticias.com\/wp-content\/uploads\/2023\/05\/FB_IMG_1683811192747-300x200.jpg 300w, https:\/\/cvinoticias.com\/wp-content\/uploads\/2023\/05\/FB_IMG_1683811192747-768x512.jpg 768w, https:\/\/cvinoticias.com\/wp-content\/uploads\/2023\/05\/FB_IMG_1683811192747.jpg 1081w\" data-sizes=\"(max-width: 1024px) 100vw, 1024px\" src=\"data:image\/svg+xml;base64,PHN2ZyB3aWR0aD0iMSIgaGVpZ2h0PSIxIiB4bWxucz0iaHR0cDovL3d3dy53My5vcmcvMjAwMC9zdmciPjwvc3ZnPg==\" style=\"--smush-placeholder-width: 1024px; --smush-placeholder-aspect-ratio: 1024\/682;\" \/><\/a><\/figure>\n","protected":false},"excerpt":{"rendered":"<p>Con una peregrinaci\u00f3n n\u00e1utica y terrestre se conmemoraron los 397 a\u00f1os de la llegada de la 1\u00b0 Misi\u00f3n Jesu\u00edtica, conocida como Santa Mar\u00eda del Yguaz\u00fa. Ayer por la tarde, el Gobernador comparti\u00f3 la celebraci\u00f3n navegando por el r\u00edo Iguaz\u00fa. Ayer por la tarde, se realiz\u00f3 una peregrinaci\u00f3n n\u00e1utica y terrestre conmemorando los 397 a\u00f1os de [&hellip;]<\/p>\n","protected":false},"author":2,"featured_media":24768,"comment_status":"open","ping_status":"open","sticky":false,"template":"","format":"standard","meta":{"footnotes":""},"categories":[29],"tags":[],"class_list":["post-24765","post","type-post","status-publish","format-standard","has-post-thumbnail","hentry","category-locales"],"yoast_head":"<!-- This site is optimized with the Yoast SEO plugin v27.4 - https:\/\/yoast.com\/product\/yoast-seo-wordpress\/ -->\n<title>Herrera Ahuad acompa\u00f1\u00f3 a la comunidad de la ciudad de las Cataratas en la Peregrinaci\u00f3n N\u00e1utica por el R\u00edo Iguaz\u00fa | CVI NOTICIAS<\/title>\n<meta name=\"robots\" content=\"index, follow, max-snippet:-1, max-image-preview:large, max-video-preview:-1\" \/>\n<link rel=\"canonical\" href=\"https:\/\/cvinoticias.com\/v3\/herrera-ahuad-acompano-a-la-comunidad-de-la-ciudad-de-las-cataratas-en-la-peregrinacion-nautica-por-el-rio-iguazu\/\" \/>\n<meta property=\"og:locale\" content=\"es_ES\" \/>\n<meta property=\"og:type\" content=\"article\" \/>\n<meta property=\"og:title\" content=\"Herrera Ahuad acompa\u00f1\u00f3 a la comunidad de la ciudad de las Cataratas en la Peregrinaci\u00f3n N\u00e1utica por el R\u00edo Iguaz\u00fa | CVI NOTICIAS\" \/>\n<meta property=\"og:description\" content=\"Con una peregrinaci\u00f3n n\u00e1utica y terrestre se conmemoraron los 397 a\u00f1os de la llegada de la 1\u00b0 Misi\u00f3n Jesu\u00edtica, conocida como Santa Mar\u00eda del Yguaz\u00fa. Ayer por la tarde, el Gobernador comparti\u00f3 la celebraci\u00f3n navegando por el r\u00edo Iguaz\u00fa. Ayer por la tarde, se realiz\u00f3 una peregrinaci\u00f3n n\u00e1utica y terrestre conmemorando los 397 a\u00f1os de [&hellip;]\" \/>\n<meta property=\"og:url\" content=\"https:\/\/cvinoticias.com\/v3\/herrera-ahuad-acompano-a-la-comunidad-de-la-ciudad-de-las-cataratas-en-la-peregrinacion-nautica-por-el-rio-iguazu\/\" \/>\n<meta property=\"og:site_name\" content=\"CVI NOTICIAS\" \/>\n<meta property=\"article:publisher\" content=\"https:\/\/www.facebook.com\/cvinoticias\" \/>\n<meta property=\"article:published_time\" content=\"2023-05-11T13:28:09+00:00\" \/>\n<meta property=\"article:modified_time\" content=\"2023-05-11T15:43:56+00:00\" \/>\n<meta property=\"og:image\" content=\"https:\/\/cvinoticias.com\/wp-content\/uploads\/2023\/05\/FB_IMG_1683811183266.jpg\" \/>\n\t<meta property=\"og:image:width\" content=\"1081\" \/>\n\t<meta property=\"og:image:height\" content=\"720\" \/>\n\t<meta property=\"og:image:type\" content=\"image\/jpeg\" \/>\n<meta name=\"author\" content=\"f1000024\" \/>\n<meta name=\"twitter:card\" content=\"summary_large_image\" \/>\n<meta name=\"twitter:label1\" content=\"Escrito por\" \/>\n\t<meta name=\"twitter:data1\" content=\"f1000024\" \/>\n\t<meta name=\"twitter:label2\" content=\"Tiempo de lectura\" \/>\n\t<meta name=\"twitter:data2\" content=\"2 minutos\" \/>\n<script type=\"application\/ld+json\" class=\"yoast-schema-graph\">{\"@context\":\"https:\\\/\\\/schema.org\",\"@graph\":[{\"@type\":\"Article\",\"@id\":\"https:\\\/\\\/cvinoticias.com\\\/v3\\\/herrera-ahuad-acompano-a-la-comunidad-de-la-ciudad-de-las-cataratas-en-la-peregrinacion-nautica-por-el-rio-iguazu\\\/#article\",\"isPartOf\":{\"@id\":\"https:\\\/\\\/cvinoticias.com\\\/v3\\\/herrera-ahuad-acompano-a-la-comunidad-de-la-ciudad-de-las-cataratas-en-la-peregrinacion-nautica-por-el-rio-iguazu\\\/\"},\"author\":{\"name\":\"f1000024\",\"@id\":\"https:\\\/\\\/cvinoticias.com\\\/v3\\\/#\\\/schema\\\/person\\\/2db77e3c6bc03c538495d7b2b8be9b66\"},\"headline\":\"Herrera Ahuad acompa\u00f1\u00f3 a la comunidad de la ciudad de las Cataratas en la Peregrinaci\u00f3n N\u00e1utica por el R\u00edo Iguaz\u00fa\",\"datePublished\":\"2023-05-11T13:28:09+00:00\",\"dateModified\":\"2023-05-11T15:43:56+00:00\",\"mainEntityOfPage\":{\"@id\":\"https:\\\/\\\/cvinoticias.com\\\/v3\\\/herrera-ahuad-acompano-a-la-comunidad-de-la-ciudad-de-las-cataratas-en-la-peregrinacion-nautica-por-el-rio-iguazu\\\/\"},\"wordCount\":413,\"commentCount\":0,\"publisher\":{\"@id\":\"https:\\\/\\\/cvinoticias.com\\\/v3\\\/#organization\"},\"image\":{\"@id\":\"https:\\\/\\\/cvinoticias.com\\\/v3\\\/herrera-ahuad-acompano-a-la-comunidad-de-la-ciudad-de-las-cataratas-en-la-peregrinacion-nautica-por-el-rio-iguazu\\\/#primaryimage\"},\"thumbnailUrl\":\"https:\\\/\\\/cvinoticias.com\\\/wp-content\\\/uploads\\\/2023\\\/05\\\/FB_IMG_1683811183266.jpg\",\"articleSection\":[\"Locales\"],\"inLanguage\":\"es\",\"potentialAction\":[{\"@type\":\"CommentAction\",\"name\":\"Comment\",\"target\":[\"https:\\\/\\\/cvinoticias.com\\\/v3\\\/herrera-ahuad-acompano-a-la-comunidad-de-la-ciudad-de-las-cataratas-en-la-peregrinacion-nautica-por-el-rio-iguazu\\\/#respond\"]}]},{\"@type\":\"WebPage\",\"@id\":\"https:\\\/\\\/cvinoticias.com\\\/v3\\\/herrera-ahuad-acompano-a-la-comunidad-de-la-ciudad-de-las-cataratas-en-la-peregrinacion-nautica-por-el-rio-iguazu\\\/\",\"url\":\"https:\\\/\\\/cvinoticias.com\\\/v3\\\/herrera-ahuad-acompano-a-la-comunidad-de-la-ciudad-de-las-cataratas-en-la-peregrinacion-nautica-por-el-rio-iguazu\\\/\",\"name\":\"Herrera Ahuad acompa\u00f1\u00f3 a la comunidad de la ciudad de las Cataratas en la Peregrinaci\u00f3n N\u00e1utica por el R\u00edo Iguaz\u00fa | CVI NOTICIAS\",\"isPartOf\":{\"@id\":\"https:\\\/\\\/cvinoticias.com\\\/v3\\\/#website\"},\"primaryImageOfPage\":{\"@id\":\"https:\\\/\\\/cvinoticias.com\\\/v3\\\/herrera-ahuad-acompano-a-la-comunidad-de-la-ciudad-de-las-cataratas-en-la-peregrinacion-nautica-por-el-rio-iguazu\\\/#primaryimage\"},\"image\":{\"@id\":\"https:\\\/\\\/cvinoticias.com\\\/v3\\\/herrera-ahuad-acompano-a-la-comunidad-de-la-ciudad-de-las-cataratas-en-la-peregrinacion-nautica-por-el-rio-iguazu\\\/#primaryimage\"},\"thumbnailUrl\":\"https:\\\/\\\/cvinoticias.com\\\/wp-content\\\/uploads\\\/2023\\\/05\\\/FB_IMG_1683811183266.jpg\",\"datePublished\":\"2023-05-11T13:28:09+00:00\",\"dateModified\":\"2023-05-11T15:43:56+00:00\",\"breadcrumb\":{\"@id\":\"https:\\\/\\\/cvinoticias.com\\\/v3\\\/herrera-ahuad-acompano-a-la-comunidad-de-la-ciudad-de-las-cataratas-en-la-peregrinacion-nautica-por-el-rio-iguazu\\\/#breadcrumb\"},\"inLanguage\":\"es\",\"potentialAction\":[{\"@type\":\"ReadAction\",\"target\":[\"https:\\\/\\\/cvinoticias.com\\\/v3\\\/herrera-ahuad-acompano-a-la-comunidad-de-la-ciudad-de-las-cataratas-en-la-peregrinacion-nautica-por-el-rio-iguazu\\\/\"]}]},{\"@type\":\"ImageObject\",\"inLanguage\":\"es\",\"@id\":\"https:\\\/\\\/cvinoticias.com\\\/v3\\\/herrera-ahuad-acompano-a-la-comunidad-de-la-ciudad-de-las-cataratas-en-la-peregrinacion-nautica-por-el-rio-iguazu\\\/#primaryimage\",\"url\":\"https:\\\/\\\/cvinoticias.com\\\/wp-content\\\/uploads\\\/2023\\\/05\\\/FB_IMG_1683811183266.jpg\",\"contentUrl\":\"https:\\\/\\\/cvinoticias.com\\\/wp-content\\\/uploads\\\/2023\\\/05\\\/FB_IMG_1683811183266.jpg\",\"width\":1081,\"height\":720},{\"@type\":\"BreadcrumbList\",\"@id\":\"https:\\\/\\\/cvinoticias.com\\\/v3\\\/herrera-ahuad-acompano-a-la-comunidad-de-la-ciudad-de-las-cataratas-en-la-peregrinacion-nautica-por-el-rio-iguazu\\\/#breadcrumb\",\"itemListElement\":[{\"@type\":\"ListItem\",\"position\":1,\"name\":\"Portada\",\"item\":\"https:\\\/\\\/cvinoticias.com\\\/v3\\\/\"},{\"@type\":\"ListItem\",\"position\":2,\"name\":\"Herrera Ahuad acompa\u00f1\u00f3 a la comunidad de la ciudad de las Cataratas en la Peregrinaci\u00f3n N\u00e1utica por el R\u00edo Iguaz\u00fa\"}]},{\"@type\":\"WebSite\",\"@id\":\"https:\\\/\\\/cvinoticias.com\\\/v3\\\/#website\",\"url\":\"https:\\\/\\\/cvinoticias.com\\\/v3\\\/\",\"name\":\"CVI NOTICIAS\",\"description\":\"\",\"publisher\":{\"@id\":\"https:\\\/\\\/cvinoticias.com\\\/v3\\\/#organization\"},\"alternateName\":\"CVI\",\"potentialAction\":[{\"@type\":\"SearchAction\",\"target\":{\"@type\":\"EntryPoint\",\"urlTemplate\":\"https:\\\/\\\/cvinoticias.com\\\/v3\\\/?s={search_term_string}\"},\"query-input\":{\"@type\":\"PropertyValueSpecification\",\"valueRequired\":true,\"valueName\":\"search_term_string\"}}],\"inLanguage\":\"es\"},{\"@type\":\"Organization\",\"@id\":\"https:\\\/\\\/cvinoticias.com\\\/v3\\\/#organization\",\"name\":\"CVI NOTICIAS\",\"url\":\"https:\\\/\\\/cvinoticias.com\\\/v3\\\/\",\"logo\":{\"@type\":\"ImageObject\",\"inLanguage\":\"es\",\"@id\":\"https:\\\/\\\/cvinoticias.com\\\/v3\\\/#\\\/schema\\\/logo\\\/image\\\/\",\"url\":\"https:\\\/\\\/cvinoticias.com\\\/wp-content\\\/uploads\\\/2023\\\/04\\\/cropped-cropped-cropped-cropped-cropped-3-1.png\",\"contentUrl\":\"https:\\\/\\\/cvinoticias.com\\\/wp-content\\\/uploads\\\/2023\\\/04\\\/cropped-cropped-cropped-cropped-cropped-3-1.png\",\"width\":95,\"height\":122,\"caption\":\"CVI NOTICIAS\"},\"image\":{\"@id\":\"https:\\\/\\\/cvinoticias.com\\\/v3\\\/#\\\/schema\\\/logo\\\/image\\\/\"},\"sameAs\":[\"https:\\\/\\\/www.facebook.com\\\/cvinoticias\",\"https:\\\/\\\/www.instagram.com\\\/cvinoticias\\\/\",\"https:\\\/\\\/www.youtube.com\\\/@CVINOTICIAS\"]},{\"@type\":\"Person\",\"@id\":\"https:\\\/\\\/cvinoticias.com\\\/v3\\\/#\\\/schema\\\/person\\\/2db77e3c6bc03c538495d7b2b8be9b66\",\"name\":\"f1000024\",\"image\":{\"@type\":\"ImageObject\",\"inLanguage\":\"es\",\"@id\":\"https:\\\/\\\/secure.gravatar.com\\\/avatar\\\/d4fe7459cfc51ff5129ce1a732bbef5928568b8092d412ef95611616376bbeed?s=96&d=mm&r=g\",\"url\":\"https:\\\/\\\/secure.gravatar.com\\\/avatar\\\/d4fe7459cfc51ff5129ce1a732bbef5928568b8092d412ef95611616376bbeed?s=96&d=mm&r=g\",\"contentUrl\":\"https:\\\/\\\/secure.gravatar.com\\\/avatar\\\/d4fe7459cfc51ff5129ce1a732bbef5928568b8092d412ef95611616376bbeed?s=96&d=mm&r=g\",\"caption\":\"f1000024\"},\"url\":\"https:\\\/\\\/cvinoticias.com\\\/v3\\\/author\\\/f1000024\\\/\"}]}<\/script>\n<!-- \/ Yoast SEO plugin. -->","yoast_head_json":{"title":"Herrera Ahuad acompa\u00f1\u00f3 a la comunidad de la ciudad de las Cataratas en la Peregrinaci\u00f3n N\u00e1utica por el R\u00edo Iguaz\u00fa | CVI NOTICIAS","robots":{"index":"index","follow":"follow","max-snippet":"max-snippet:-1","max-image-preview":"max-image-preview:large","max-video-preview":"max-video-preview:-1"},"canonical":"https:\/\/cvinoticias.com\/v3\/herrera-ahuad-acompano-a-la-comunidad-de-la-ciudad-de-las-cataratas-en-la-peregrinacion-nautica-por-el-rio-iguazu\/","og_locale":"es_ES","og_type":"article","og_title":"Herrera Ahuad acompa\u00f1\u00f3 a la comunidad de la ciudad de las Cataratas en la Peregrinaci\u00f3n N\u00e1utica por el R\u00edo Iguaz\u00fa | CVI NOTICIAS","og_description":"Con una peregrinaci\u00f3n n\u00e1utica y terrestre se conmemoraron los 397 a\u00f1os de la llegada de la 1\u00b0 Misi\u00f3n Jesu\u00edtica, conocida como Santa Mar\u00eda del Yguaz\u00fa. Ayer por la tarde, el Gobernador comparti\u00f3 la celebraci\u00f3n navegando por el r\u00edo Iguaz\u00fa. Ayer por la tarde, se realiz\u00f3 una peregrinaci\u00f3n n\u00e1utica y terrestre conmemorando los 397 a\u00f1os de [&hellip;]","og_url":"https:\/\/cvinoticias.com\/v3\/herrera-ahuad-acompano-a-la-comunidad-de-la-ciudad-de-las-cataratas-en-la-peregrinacion-nautica-por-el-rio-iguazu\/","og_site_name":"CVI NOTICIAS","article_publisher":"https:\/\/www.facebook.com\/cvinoticias","article_published_time":"2023-05-11T13:28:09+00:00","article_modified_time":"2023-05-11T15:43:56+00:00","og_image":[{"width":1081,"height":720,"url":"https:\/\/cvinoticias.com\/wp-content\/uploads\/2023\/05\/FB_IMG_1683811183266.jpg","type":"image\/jpeg"}],"author":"f1000024","twitter_card":"summary_large_image","twitter_misc":{"Escrito por":"f1000024","Tiempo de lectura":"2 minutos"},"schema":{"@context":"https:\/\/schema.org","@graph":[{"@type":"Article","@id":"https:\/\/cvinoticias.com\/v3\/herrera-ahuad-acompano-a-la-comunidad-de-la-ciudad-de-las-cataratas-en-la-peregrinacion-nautica-por-el-rio-iguazu\/#article","isPartOf":{"@id":"https:\/\/cvinoticias.com\/v3\/herrera-ahuad-acompano-a-la-comunidad-de-la-ciudad-de-las-cataratas-en-la-peregrinacion-nautica-por-el-rio-iguazu\/"},"author":{"name":"f1000024","@id":"https:\/\/cvinoticias.com\/v3\/#\/schema\/person\/2db77e3c6bc03c538495d7b2b8be9b66"},"headline":"Herrera Ahuad acompa\u00f1\u00f3 a la comunidad de la ciudad de las Cataratas en la Peregrinaci\u00f3n N\u00e1utica por el R\u00edo Iguaz\u00fa","datePublished":"2023-05-11T13:28:09+00:00","dateModified":"2023-05-11T15:43:56+00:00","mainEntityOfPage":{"@id":"https:\/\/cvinoticias.com\/v3\/herrera-ahuad-acompano-a-la-comunidad-de-la-ciudad-de-las-cataratas-en-la-peregrinacion-nautica-por-el-rio-iguazu\/"},"wordCount":413,"commentCount":0,"publisher":{"@id":"https:\/\/cvinoticias.com\/v3\/#organization"},"image":{"@id":"https:\/\/cvinoticias.com\/v3\/herrera-ahuad-acompano-a-la-comunidad-de-la-ciudad-de-las-cataratas-en-la-peregrinacion-nautica-por-el-rio-iguazu\/#primaryimage"},"thumbnailUrl":"https:\/\/cvinoticias.com\/wp-content\/uploads\/2023\/05\/FB_IMG_1683811183266.jpg","articleSection":["Locales"],"inLanguage":"es","potentialAction":[{"@type":"CommentAction","name":"Comment","target":["https:\/\/cvinoticias.com\/v3\/herrera-ahuad-acompano-a-la-comunidad-de-la-ciudad-de-las-cataratas-en-la-peregrinacion-nautica-por-el-rio-iguazu\/#respond"]}]},{"@type":"WebPage","@id":"https:\/\/cvinoticias.com\/v3\/herrera-ahuad-acompano-a-la-comunidad-de-la-ciudad-de-las-cataratas-en-la-peregrinacion-nautica-por-el-rio-iguazu\/","url":"https:\/\/cvinoticias.com\/v3\/herrera-ahuad-acompano-a-la-comunidad-de-la-ciudad-de-las-cataratas-en-la-peregrinacion-nautica-por-el-rio-iguazu\/","name":"Herrera Ahuad acompa\u00f1\u00f3 a la comunidad de la ciudad de las Cataratas en la Peregrinaci\u00f3n N\u00e1utica por el R\u00edo Iguaz\u00fa | CVI NOTICIAS","isPartOf":{"@id":"https:\/\/cvinoticias.com\/v3\/#website"},"primaryImageOfPage":{"@id":"https:\/\/cvinoticias.com\/v3\/herrera-ahuad-acompano-a-la-comunidad-de-la-ciudad-de-las-cataratas-en-la-peregrinacion-nautica-por-el-rio-iguazu\/#primaryimage"},"image":{"@id":"https:\/\/cvinoticias.com\/v3\/herrera-ahuad-acompano-a-la-comunidad-de-la-ciudad-de-las-cataratas-en-la-peregrinacion-nautica-por-el-rio-iguazu\/#primaryimage"},"thumbnailUrl":"https:\/\/cvinoticias.com\/wp-content\/uploads\/2023\/05\/FB_IMG_1683811183266.jpg","datePublished":"2023-05-11T13:28:09+00:00","dateModified":"2023-05-11T15:43:56+00:00","breadcrumb":{"@id":"https:\/\/cvinoticias.com\/v3\/herrera-ahuad-acompano-a-la-comunidad-de-la-ciudad-de-las-cataratas-en-la-peregrinacion-nautica-por-el-rio-iguazu\/#breadcrumb"},"inLanguage":"es","potentialAction":[{"@type":"ReadAction","target":["https:\/\/cvinoticias.com\/v3\/herrera-ahuad-acompano-a-la-comunidad-de-la-ciudad-de-las-cataratas-en-la-peregrinacion-nautica-por-el-rio-iguazu\/"]}]},{"@type":"ImageObject","inLanguage":"es","@id":"https:\/\/cvinoticias.com\/v3\/herrera-ahuad-acompano-a-la-comunidad-de-la-ciudad-de-las-cataratas-en-la-peregrinacion-nautica-por-el-rio-iguazu\/#primaryimage","url":"https:\/\/cvinoticias.com\/wp-content\/uploads\/2023\/05\/FB_IMG_1683811183266.jpg","contentUrl":"https:\/\/cvinoticias.com\/wp-content\/uploads\/2023\/05\/FB_IMG_1683811183266.jpg","width":1081,"height":720},{"@type":"BreadcrumbList","@id":"https:\/\/cvinoticias.com\/v3\/herrera-ahuad-acompano-a-la-comunidad-de-la-ciudad-de-las-cataratas-en-la-peregrinacion-nautica-por-el-rio-iguazu\/#breadcrumb","itemListElement":[{"@type":"ListItem","position":1,"name":"Portada","item":"https:\/\/cvinoticias.com\/v3\/"},{"@type":"ListItem","position":2,"name":"Herrera Ahuad acompa\u00f1\u00f3 a la comunidad de la ciudad de las Cataratas en la Peregrinaci\u00f3n N\u00e1utica por el R\u00edo Iguaz\u00fa"}]},{"@type":"WebSite","@id":"https:\/\/cvinoticias.com\/v3\/#website","url":"https:\/\/cvinoticias.com\/v3\/","name":"CVI NOTICIAS","description":"","publisher":{"@id":"https:\/\/cvinoticias.com\/v3\/#organization"},"alternateName":"CVI","potentialAction":[{"@type":"SearchAction","target":{"@type":"EntryPoint","urlTemplate":"https:\/\/cvinoticias.com\/v3\/?s={search_term_string}"},"query-input":{"@type":"PropertyValueSpecification","valueRequired":true,"valueName":"search_term_string"}}],"inLanguage":"es"},{"@type":"Organization","@id":"https:\/\/cvinoticias.com\/v3\/#organization","name":"CVI NOTICIAS","url":"https:\/\/cvinoticias.com\/v3\/","logo":{"@type":"ImageObject","inLanguage":"es","@id":"https:\/\/cvinoticias.com\/v3\/#\/schema\/logo\/image\/","url":"https:\/\/cvinoticias.com\/wp-content\/uploads\/2023\/04\/cropped-cropped-cropped-cropped-cropped-3-1.png","contentUrl":"https:\/\/cvinoticias.com\/wp-content\/uploads\/2023\/04\/cropped-cropped-cropped-cropped-cropped-3-1.png","width":95,"height":122,"caption":"CVI NOTICIAS"},"image":{"@id":"https:\/\/cvinoticias.com\/v3\/#\/schema\/logo\/image\/"},"sameAs":["https:\/\/www.facebook.com\/cvinoticias","https:\/\/www.instagram.com\/cvinoticias\/","https:\/\/www.youtube.com\/@CVINOTICIAS"]},{"@type":"Person","@id":"https:\/\/cvinoticias.com\/v3\/#\/schema\/person\/2db77e3c6bc03c538495d7b2b8be9b66","name":"f1000024","image":{"@type":"ImageObject","inLanguage":"es","@id":"https:\/\/secure.gravatar.com\/avatar\/d4fe7459cfc51ff5129ce1a732bbef5928568b8092d412ef95611616376bbeed?s=96&d=mm&r=g","url":"https:\/\/secure.gravatar.com\/avatar\/d4fe7459cfc51ff5129ce1a732bbef5928568b8092d412ef95611616376bbeed?s=96&d=mm&r=g","contentUrl":"https:\/\/secure.gravatar.com\/avatar\/d4fe7459cfc51ff5129ce1a732bbef5928568b8092d412ef95611616376bbeed?s=96&d=mm&r=g","caption":"f1000024"},"url":"https:\/\/cvinoticias.com\/v3\/author\/f1000024\/"}]}},"_links":{"self":[{"href":"https:\/\/cvinoticias.com\/v3\/wp-json\/wp\/v2\/posts\/24765","targetHints":{"allow":["GET"]}}],"collection":[{"href":"https:\/\/cvinoticias.com\/v3\/wp-json\/wp\/v2\/posts"}],"about":[{"href":"https:\/\/cvinoticias.com\/v3\/wp-json\/wp\/v2\/types\/post"}],"author":[{"embeddable":true,"href":"https:\/\/cvinoticias.com\/v3\/wp-json\/wp\/v2\/users\/2"}],"replies":[{"embeddable":true,"href":"https:\/\/cvinoticias.com\/v3\/wp-json\/wp\/v2\/comments?post=24765"}],"version-history":[{"count":2,"href":"https:\/\/cvinoticias.com\/v3\/wp-json\/wp\/v2\/posts\/24765\/revisions"}],"predecessor-version":[{"id":24774,"href":"https:\/\/cvinoticias.com\/v3\/wp-json\/wp\/v2\/posts\/24765\/revisions\/24774"}],"wp:featuredmedia":[{"embeddable":true,"href":"https:\/\/cvinoticias.com\/v3\/wp-json\/wp\/v2\/media\/24768"}],"wp:attachment":[{"href":"https:\/\/cvinoticias.com\/v3\/wp-json\/wp\/v2\/media?parent=24765"}],"wp:term":[{"taxonomy":"category","embeddable":true,"href":"https:\/\/cvinoticias.com\/v3\/wp-json\/wp\/v2\/categories?post=24765"},{"taxonomy":"post_tag","embeddable":true,"href":"https:\/\/cvinoticias.com\/v3\/wp-json\/wp\/v2\/tags?post=24765"}],"curies":[{"name":"wp","href":"https:\/\/api.w.org\/{rel}","templated":true}]}}