{"id":24762,"date":"2023-05-11T13:02:27","date_gmt":"2023-05-11T13:02:27","guid":{"rendered":"https:\/\/cvinoticias.com\/v3\/?p=24762"},"modified":"2023-05-11T13:02:27","modified_gmt":"2023-05-11T13:02:27","slug":"la-cgt-y-esteban-bullrich-llamaron-a-un-acuerdo-para-terminar-con-la-grieta","status":"publish","type":"post","link":"https:\/\/cvinoticias.com\/v3\/la-cgt-y-esteban-bullrich-llamaron-a-un-acuerdo-para-terminar-con-la-grieta\/","title":{"rendered":"La CGT y Esteban Bullrich llamaron a un acuerdo para terminar con la grieta"},"content":{"rendered":"\n<p><strong><em>La CGT respald\u00f3 ayer la propuesta del documento \u201cNuevo acuerdo para la concordia nacional\u201d, presentado por el exsenador del PRO Esteban Bullrich, quien la formul\u00f3 como \u201cun punto de partida para un gran acuerdo que priorice los consensos b\u00e1sicos\u201d.<\/em><\/strong><\/p>\n\n\n\n<p>El secretario de Relaciones Internacionales de la central obrera, Gerardo Mart\u00ednez, y otros integrantes del consejo directivo recibieron hoy al exlegislador en la sede de la Uni\u00f3n Obrera de la Construcci\u00f3n (Uocra), en la Avenida Belgrano al 1800 de esta capital, y apoyaron la convocatoria de Bullrich a un gran acuerdo nacional.<\/p>\n\n\n\n<p>Seg\u00fan se\u00f1alaron fuentes gremiales, ese documento procura un acuerdo que priorice los consensos b\u00e1sicos entre las fuerzas partidarias y se orienta a la aplicaci\u00f3n de 12 pol\u00edticas de Estado para superar \u201cla actual grieta, revertir la situaci\u00f3n econ\u00f3mico-social y proyectar un modelo de pa\u00eds con desarrollo, producci\u00f3n y crecimiento\u201d.<\/p>\n\n\n\n<p>Adem\u00e1s de Mart\u00ednez, por la CGT tambi\u00e9n participaron en el encuentro H\u00e9ctor Daer, Andr\u00e9s Rodr\u00edguez, Jos\u00e9 Luis Lingeri, Jorge Sola, Hugo Moyano, Julio Piumato, entre otros sindicalistas.<\/p>\n\n\n\n<p>El anfitri\u00f3n Mart\u00ednez abri\u00f3 la reuni\u00f3n ponderando \u201cla voluntad pol\u00edtica de Bullrich de trabajar en conjunto en la b\u00fasqueda de consensos\u201d.<\/p>\n","protected":false},"excerpt":{"rendered":"<p>La CGT respald\u00f3 ayer la propuesta del documento \u201cNuevo acuerdo para la concordia nacional\u201d, presentado por el exsenador del PRO Esteban Bullrich, quien la formul\u00f3 como \u201cun punto de partida para un gran acuerdo que priorice los consensos b\u00e1sicos\u201d. El secretario de Relaciones Internacionales de la central obrera, Gerardo Mart\u00ednez, y otros integrantes del consejo [&hellip;]<\/p>\n","protected":false},"author":2,"featured_media":24763,"comment_status":"open","ping_status":"open","sticky":false,"template":"","format":"standard","meta":{"footnotes":""},"categories":[39],"tags":[],"class_list":["post-24762","post","type-post","status-publish","format-standard","has-post-thumbnail","hentry","category-nacionales"],"yoast_head":"<!-- This site is optimized with the Yoast SEO plugin v27.4 - https:\/\/yoast.com\/product\/yoast-seo-wordpress\/ -->\n<title>La CGT y Esteban Bullrich llamaron a un acuerdo para terminar con la grieta | CVI NOTICIAS<\/title>\n<meta name=\"robots\" content=\"index, follow, max-snippet:-1, max-image-preview:large, max-video-preview:-1\" \/>\n<link rel=\"canonical\" href=\"https:\/\/cvinoticias.com\/v3\/la-cgt-y-esteban-bullrich-llamaron-a-un-acuerdo-para-terminar-con-la-grieta\/\" \/>\n<meta property=\"og:locale\" content=\"es_ES\" \/>\n<meta property=\"og:type\" content=\"article\" \/>\n<meta property=\"og:title\" content=\"La CGT y Esteban Bullrich llamaron a un acuerdo para terminar con la grieta | CVI NOTICIAS\" \/>\n<meta property=\"og:description\" content=\"La CGT respald\u00f3 ayer la propuesta del documento \u201cNuevo acuerdo para la concordia nacional\u201d, presentado por el exsenador del PRO Esteban Bullrich, quien la formul\u00f3 como \u201cun punto de partida para un gran acuerdo que priorice los consensos b\u00e1sicos\u201d. El secretario de Relaciones Internacionales de la central obrera, Gerardo Mart\u00ednez, y otros integrantes del consejo [&hellip;]\" \/>\n<meta property=\"og:url\" content=\"https:\/\/cvinoticias.com\/v3\/la-cgt-y-esteban-bullrich-llamaron-a-un-acuerdo-para-terminar-con-la-grieta\/\" \/>\n<meta property=\"og:site_name\" content=\"CVI NOTICIAS\" \/>\n<meta property=\"article:publisher\" content=\"https:\/\/www.facebook.com\/cvinoticias\" \/>\n<meta property=\"article:published_time\" content=\"2023-05-11T13:02:27+00:00\" \/>\n<meta property=\"og:image\" content=\"https:\/\/cvinoticias.com\/wp-content\/uploads\/2023\/05\/Screenshot_20230511_100209_Facebook.jpg\" \/>\n\t<meta property=\"og:image:width\" content=\"1079\" \/>\n\t<meta property=\"og:image:height\" content=\"600\" \/>\n\t<meta property=\"og:image:type\" content=\"image\/jpeg\" \/>\n<meta name=\"author\" content=\"f1000024\" \/>\n<meta name=\"twitter:card\" content=\"summary_large_image\" \/>\n<meta name=\"twitter:label1\" content=\"Escrito por\" \/>\n\t<meta name=\"twitter:data1\" content=\"f1000024\" \/>\n\t<meta name=\"twitter:label2\" content=\"Tiempo de lectura\" \/>\n\t<meta name=\"twitter:data2\" content=\"1 minuto\" \/>\n<script type=\"application\/ld+json\" class=\"yoast-schema-graph\">{\"@context\":\"https:\\\/\\\/schema.org\",\"@graph\":[{\"@type\":\"Article\",\"@id\":\"https:\\\/\\\/cvinoticias.com\\\/v3\\\/la-cgt-y-esteban-bullrich-llamaron-a-un-acuerdo-para-terminar-con-la-grieta\\\/#article\",\"isPartOf\":{\"@id\":\"https:\\\/\\\/cvinoticias.com\\\/v3\\\/la-cgt-y-esteban-bullrich-llamaron-a-un-acuerdo-para-terminar-con-la-grieta\\\/\"},\"author\":{\"name\":\"f1000024\",\"@id\":\"https:\\\/\\\/cvinoticias.com\\\/v3\\\/#\\\/schema\\\/person\\\/2db77e3c6bc03c538495d7b2b8be9b66\"},\"headline\":\"La CGT y Esteban Bullrich llamaron a un acuerdo para terminar con la grieta\",\"datePublished\":\"2023-05-11T13:02:27+00:00\",\"mainEntityOfPage\":{\"@id\":\"https:\\\/\\\/cvinoticias.com\\\/v3\\\/la-cgt-y-esteban-bullrich-llamaron-a-un-acuerdo-para-terminar-con-la-grieta\\\/\"},\"wordCount\":224,\"commentCount\":0,\"publisher\":{\"@id\":\"https:\\\/\\\/cvinoticias.com\\\/v3\\\/#organization\"},\"image\":{\"@id\":\"https:\\\/\\\/cvinoticias.com\\\/v3\\\/la-cgt-y-esteban-bullrich-llamaron-a-un-acuerdo-para-terminar-con-la-grieta\\\/#primaryimage\"},\"thumbnailUrl\":\"https:\\\/\\\/cvinoticias.com\\\/wp-content\\\/uploads\\\/2023\\\/05\\\/Screenshot_20230511_100209_Facebook.jpg\",\"articleSection\":[\"Nacionales\"],\"inLanguage\":\"es\",\"potentialAction\":[{\"@type\":\"CommentAction\",\"name\":\"Comment\",\"target\":[\"https:\\\/\\\/cvinoticias.com\\\/v3\\\/la-cgt-y-esteban-bullrich-llamaron-a-un-acuerdo-para-terminar-con-la-grieta\\\/#respond\"]}]},{\"@type\":\"WebPage\",\"@id\":\"https:\\\/\\\/cvinoticias.com\\\/v3\\\/la-cgt-y-esteban-bullrich-llamaron-a-un-acuerdo-para-terminar-con-la-grieta\\\/\",\"url\":\"https:\\\/\\\/cvinoticias.com\\\/v3\\\/la-cgt-y-esteban-bullrich-llamaron-a-un-acuerdo-para-terminar-con-la-grieta\\\/\",\"name\":\"La CGT y Esteban Bullrich llamaron a un acuerdo para terminar con la grieta | CVI NOTICIAS\",\"isPartOf\":{\"@id\":\"https:\\\/\\\/cvinoticias.com\\\/v3\\\/#website\"},\"primaryImageOfPage\":{\"@id\":\"https:\\\/\\\/cvinoticias.com\\\/v3\\\/la-cgt-y-esteban-bullrich-llamaron-a-un-acuerdo-para-terminar-con-la-grieta\\\/#primaryimage\"},\"image\":{\"@id\":\"https:\\\/\\\/cvinoticias.com\\\/v3\\\/la-cgt-y-esteban-bullrich-llamaron-a-un-acuerdo-para-terminar-con-la-grieta\\\/#primaryimage\"},\"thumbnailUrl\":\"https:\\\/\\\/cvinoticias.com\\\/wp-content\\\/uploads\\\/2023\\\/05\\\/Screenshot_20230511_100209_Facebook.jpg\",\"datePublished\":\"2023-05-11T13:02:27+00:00\",\"breadcrumb\":{\"@id\":\"https:\\\/\\\/cvinoticias.com\\\/v3\\\/la-cgt-y-esteban-bullrich-llamaron-a-un-acuerdo-para-terminar-con-la-grieta\\\/#breadcrumb\"},\"inLanguage\":\"es\",\"potentialAction\":[{\"@type\":\"ReadAction\",\"target\":[\"https:\\\/\\\/cvinoticias.com\\\/v3\\\/la-cgt-y-esteban-bullrich-llamaron-a-un-acuerdo-para-terminar-con-la-grieta\\\/\"]}]},{\"@type\":\"ImageObject\",\"inLanguage\":\"es\",\"@id\":\"https:\\\/\\\/cvinoticias.com\\\/v3\\\/la-cgt-y-esteban-bullrich-llamaron-a-un-acuerdo-para-terminar-con-la-grieta\\\/#primaryimage\",\"url\":\"https:\\\/\\\/cvinoticias.com\\\/wp-content\\\/uploads\\\/2023\\\/05\\\/Screenshot_20230511_100209_Facebook.jpg\",\"contentUrl\":\"https:\\\/\\\/cvinoticias.com\\\/wp-content\\\/uploads\\\/2023\\\/05\\\/Screenshot_20230511_100209_Facebook.jpg\",\"width\":1079,\"height\":600},{\"@type\":\"BreadcrumbList\",\"@id\":\"https:\\\/\\\/cvinoticias.com\\\/v3\\\/la-cgt-y-esteban-bullrich-llamaron-a-un-acuerdo-para-terminar-con-la-grieta\\\/#breadcrumb\",\"itemListElement\":[{\"@type\":\"ListItem\",\"position\":1,\"name\":\"Portada\",\"item\":\"https:\\\/\\\/cvinoticias.com\\\/v3\\\/\"},{\"@type\":\"ListItem\",\"position\":2,\"name\":\"La CGT y Esteban Bullrich llamaron a un acuerdo para terminar con la grieta\"}]},{\"@type\":\"WebSite\",\"@id\":\"https:\\\/\\\/cvinoticias.com\\\/v3\\\/#website\",\"url\":\"https:\\\/\\\/cvinoticias.com\\\/v3\\\/\",\"name\":\"CVI NOTICIAS\",\"description\":\"\",\"publisher\":{\"@id\":\"https:\\\/\\\/cvinoticias.com\\\/v3\\\/#organization\"},\"alternateName\":\"CVI\",\"potentialAction\":[{\"@type\":\"SearchAction\",\"target\":{\"@type\":\"EntryPoint\",\"urlTemplate\":\"https:\\\/\\\/cvinoticias.com\\\/v3\\\/?s={search_term_string}\"},\"query-input\":{\"@type\":\"PropertyValueSpecification\",\"valueRequired\":true,\"valueName\":\"search_term_string\"}}],\"inLanguage\":\"es\"},{\"@type\":\"Organization\",\"@id\":\"https:\\\/\\\/cvinoticias.com\\\/v3\\\/#organization\",\"name\":\"CVI NOTICIAS\",\"url\":\"https:\\\/\\\/cvinoticias.com\\\/v3\\\/\",\"logo\":{\"@type\":\"ImageObject\",\"inLanguage\":\"es\",\"@id\":\"https:\\\/\\\/cvinoticias.com\\\/v3\\\/#\\\/schema\\\/logo\\\/image\\\/\",\"url\":\"https:\\\/\\\/cvinoticias.com\\\/wp-content\\\/uploads\\\/2023\\\/04\\\/cropped-cropped-cropped-cropped-cropped-3-1.png\",\"contentUrl\":\"https:\\\/\\\/cvinoticias.com\\\/wp-content\\\/uploads\\\/2023\\\/04\\\/cropped-cropped-cropped-cropped-cropped-3-1.png\",\"width\":95,\"height\":122,\"caption\":\"CVI NOTICIAS\"},\"image\":{\"@id\":\"https:\\\/\\\/cvinoticias.com\\\/v3\\\/#\\\/schema\\\/logo\\\/image\\\/\"},\"sameAs\":[\"https:\\\/\\\/www.facebook.com\\\/cvinoticias\",\"https:\\\/\\\/www.instagram.com\\\/cvinoticias\\\/\",\"https:\\\/\\\/www.youtube.com\\\/@CVINOTICIAS\"]},{\"@type\":\"Person\",\"@id\":\"https:\\\/\\\/cvinoticias.com\\\/v3\\\/#\\\/schema\\\/person\\\/2db77e3c6bc03c538495d7b2b8be9b66\",\"name\":\"f1000024\",\"image\":{\"@type\":\"ImageObject\",\"inLanguage\":\"es\",\"@id\":\"https:\\\/\\\/secure.gravatar.com\\\/avatar\\\/d4fe7459cfc51ff5129ce1a732bbef5928568b8092d412ef95611616376bbeed?s=96&d=mm&r=g\",\"url\":\"https:\\\/\\\/secure.gravatar.com\\\/avatar\\\/d4fe7459cfc51ff5129ce1a732bbef5928568b8092d412ef95611616376bbeed?s=96&d=mm&r=g\",\"contentUrl\":\"https:\\\/\\\/secure.gravatar.com\\\/avatar\\\/d4fe7459cfc51ff5129ce1a732bbef5928568b8092d412ef95611616376bbeed?s=96&d=mm&r=g\",\"caption\":\"f1000024\"},\"url\":\"https:\\\/\\\/cvinoticias.com\\\/v3\\\/author\\\/f1000024\\\/\"}]}<\/script>\n<!-- \/ Yoast SEO plugin. -->","yoast_head_json":{"title":"La CGT y Esteban Bullrich llamaron a un acuerdo para terminar con la grieta | CVI NOTICIAS","robots":{"index":"index","follow":"follow","max-snippet":"max-snippet:-1","max-image-preview":"max-image-preview:large","max-video-preview":"max-video-preview:-1"},"canonical":"https:\/\/cvinoticias.com\/v3\/la-cgt-y-esteban-bullrich-llamaron-a-un-acuerdo-para-terminar-con-la-grieta\/","og_locale":"es_ES","og_type":"article","og_title":"La CGT y Esteban Bullrich llamaron a un acuerdo para terminar con la grieta | CVI NOTICIAS","og_description":"La CGT respald\u00f3 ayer la propuesta del documento \u201cNuevo acuerdo para la concordia nacional\u201d, presentado por el exsenador del PRO Esteban Bullrich, quien la formul\u00f3 como \u201cun punto de partida para un gran acuerdo que priorice los consensos b\u00e1sicos\u201d. El secretario de Relaciones Internacionales de la central obrera, Gerardo Mart\u00ednez, y otros integrantes del consejo [&hellip;]","og_url":"https:\/\/cvinoticias.com\/v3\/la-cgt-y-esteban-bullrich-llamaron-a-un-acuerdo-para-terminar-con-la-grieta\/","og_site_name":"CVI NOTICIAS","article_publisher":"https:\/\/www.facebook.com\/cvinoticias","article_published_time":"2023-05-11T13:02:27+00:00","og_image":[{"width":1079,"height":600,"url":"https:\/\/cvinoticias.com\/wp-content\/uploads\/2023\/05\/Screenshot_20230511_100209_Facebook.jpg","type":"image\/jpeg"}],"author":"f1000024","twitter_card":"summary_large_image","twitter_misc":{"Escrito por":"f1000024","Tiempo de lectura":"1 minuto"},"schema":{"@context":"https:\/\/schema.org","@graph":[{"@type":"Article","@id":"https:\/\/cvinoticias.com\/v3\/la-cgt-y-esteban-bullrich-llamaron-a-un-acuerdo-para-terminar-con-la-grieta\/#article","isPartOf":{"@id":"https:\/\/cvinoticias.com\/v3\/la-cgt-y-esteban-bullrich-llamaron-a-un-acuerdo-para-terminar-con-la-grieta\/"},"author":{"name":"f1000024","@id":"https:\/\/cvinoticias.com\/v3\/#\/schema\/person\/2db77e3c6bc03c538495d7b2b8be9b66"},"headline":"La CGT y Esteban Bullrich llamaron a un acuerdo para terminar con la grieta","datePublished":"2023-05-11T13:02:27+00:00","mainEntityOfPage":{"@id":"https:\/\/cvinoticias.com\/v3\/la-cgt-y-esteban-bullrich-llamaron-a-un-acuerdo-para-terminar-con-la-grieta\/"},"wordCount":224,"commentCount":0,"publisher":{"@id":"https:\/\/cvinoticias.com\/v3\/#organization"},"image":{"@id":"https:\/\/cvinoticias.com\/v3\/la-cgt-y-esteban-bullrich-llamaron-a-un-acuerdo-para-terminar-con-la-grieta\/#primaryimage"},"thumbnailUrl":"https:\/\/cvinoticias.com\/wp-content\/uploads\/2023\/05\/Screenshot_20230511_100209_Facebook.jpg","articleSection":["Nacionales"],"inLanguage":"es","potentialAction":[{"@type":"CommentAction","name":"Comment","target":["https:\/\/cvinoticias.com\/v3\/la-cgt-y-esteban-bullrich-llamaron-a-un-acuerdo-para-terminar-con-la-grieta\/#respond"]}]},{"@type":"WebPage","@id":"https:\/\/cvinoticias.com\/v3\/la-cgt-y-esteban-bullrich-llamaron-a-un-acuerdo-para-terminar-con-la-grieta\/","url":"https:\/\/cvinoticias.com\/v3\/la-cgt-y-esteban-bullrich-llamaron-a-un-acuerdo-para-terminar-con-la-grieta\/","name":"La CGT y Esteban Bullrich llamaron a un acuerdo para terminar con la grieta | CVI NOTICIAS","isPartOf":{"@id":"https:\/\/cvinoticias.com\/v3\/#website"},"primaryImageOfPage":{"@id":"https:\/\/cvinoticias.com\/v3\/la-cgt-y-esteban-bullrich-llamaron-a-un-acuerdo-para-terminar-con-la-grieta\/#primaryimage"},"image":{"@id":"https:\/\/cvinoticias.com\/v3\/la-cgt-y-esteban-bullrich-llamaron-a-un-acuerdo-para-terminar-con-la-grieta\/#primaryimage"},"thumbnailUrl":"https:\/\/cvinoticias.com\/wp-content\/uploads\/2023\/05\/Screenshot_20230511_100209_Facebook.jpg","datePublished":"2023-05-11T13:02:27+00:00","breadcrumb":{"@id":"https:\/\/cvinoticias.com\/v3\/la-cgt-y-esteban-bullrich-llamaron-a-un-acuerdo-para-terminar-con-la-grieta\/#breadcrumb"},"inLanguage":"es","potentialAction":[{"@type":"ReadAction","target":["https:\/\/cvinoticias.com\/v3\/la-cgt-y-esteban-bullrich-llamaron-a-un-acuerdo-para-terminar-con-la-grieta\/"]}]},{"@type":"ImageObject","inLanguage":"es","@id":"https:\/\/cvinoticias.com\/v3\/la-cgt-y-esteban-bullrich-llamaron-a-un-acuerdo-para-terminar-con-la-grieta\/#primaryimage","url":"https:\/\/cvinoticias.com\/wp-content\/uploads\/2023\/05\/Screenshot_20230511_100209_Facebook.jpg","contentUrl":"https:\/\/cvinoticias.com\/wp-content\/uploads\/2023\/05\/Screenshot_20230511_100209_Facebook.jpg","width":1079,"height":600},{"@type":"BreadcrumbList","@id":"https:\/\/cvinoticias.com\/v3\/la-cgt-y-esteban-bullrich-llamaron-a-un-acuerdo-para-terminar-con-la-grieta\/#breadcrumb","itemListElement":[{"@type":"ListItem","position":1,"name":"Portada","item":"https:\/\/cvinoticias.com\/v3\/"},{"@type":"ListItem","position":2,"name":"La CGT y Esteban Bullrich llamaron a un acuerdo para terminar con la grieta"}]},{"@type":"WebSite","@id":"https:\/\/cvinoticias.com\/v3\/#website","url":"https:\/\/cvinoticias.com\/v3\/","name":"CVI NOTICIAS","description":"","publisher":{"@id":"https:\/\/cvinoticias.com\/v3\/#organization"},"alternateName":"CVI","potentialAction":[{"@type":"SearchAction","target":{"@type":"EntryPoint","urlTemplate":"https:\/\/cvinoticias.com\/v3\/?s={search_term_string}"},"query-input":{"@type":"PropertyValueSpecification","valueRequired":true,"valueName":"search_term_string"}}],"inLanguage":"es"},{"@type":"Organization","@id":"https:\/\/cvinoticias.com\/v3\/#organization","name":"CVI NOTICIAS","url":"https:\/\/cvinoticias.com\/v3\/","logo":{"@type":"ImageObject","inLanguage":"es","@id":"https:\/\/cvinoticias.com\/v3\/#\/schema\/logo\/image\/","url":"https:\/\/cvinoticias.com\/wp-content\/uploads\/2023\/04\/cropped-cropped-cropped-cropped-cropped-3-1.png","contentUrl":"https:\/\/cvinoticias.com\/wp-content\/uploads\/2023\/04\/cropped-cropped-cropped-cropped-cropped-3-1.png","width":95,"height":122,"caption":"CVI NOTICIAS"},"image":{"@id":"https:\/\/cvinoticias.com\/v3\/#\/schema\/logo\/image\/"},"sameAs":["https:\/\/www.facebook.com\/cvinoticias","https:\/\/www.instagram.com\/cvinoticias\/","https:\/\/www.youtube.com\/@CVINOTICIAS"]},{"@type":"Person","@id":"https:\/\/cvinoticias.com\/v3\/#\/schema\/person\/2db77e3c6bc03c538495d7b2b8be9b66","name":"f1000024","image":{"@type":"ImageObject","inLanguage":"es","@id":"https:\/\/secure.gravatar.com\/avatar\/d4fe7459cfc51ff5129ce1a732bbef5928568b8092d412ef95611616376bbeed?s=96&d=mm&r=g","url":"https:\/\/secure.gravatar.com\/avatar\/d4fe7459cfc51ff5129ce1a732bbef5928568b8092d412ef95611616376bbeed?s=96&d=mm&r=g","contentUrl":"https:\/\/secure.gravatar.com\/avatar\/d4fe7459cfc51ff5129ce1a732bbef5928568b8092d412ef95611616376bbeed?s=96&d=mm&r=g","caption":"f1000024"},"url":"https:\/\/cvinoticias.com\/v3\/author\/f1000024\/"}]}},"_links":{"self":[{"href":"https:\/\/cvinoticias.com\/v3\/wp-json\/wp\/v2\/posts\/24762","targetHints":{"allow":["GET"]}}],"collection":[{"href":"https:\/\/cvinoticias.com\/v3\/wp-json\/wp\/v2\/posts"}],"about":[{"href":"https:\/\/cvinoticias.com\/v3\/wp-json\/wp\/v2\/types\/post"}],"author":[{"embeddable":true,"href":"https:\/\/cvinoticias.com\/v3\/wp-json\/wp\/v2\/users\/2"}],"replies":[{"embeddable":true,"href":"https:\/\/cvinoticias.com\/v3\/wp-json\/wp\/v2\/comments?post=24762"}],"version-history":[{"count":1,"href":"https:\/\/cvinoticias.com\/v3\/wp-json\/wp\/v2\/posts\/24762\/revisions"}],"predecessor-version":[{"id":24764,"href":"https:\/\/cvinoticias.com\/v3\/wp-json\/wp\/v2\/posts\/24762\/revisions\/24764"}],"wp:featuredmedia":[{"embeddable":true,"href":"https:\/\/cvinoticias.com\/v3\/wp-json\/wp\/v2\/media\/24763"}],"wp:attachment":[{"href":"https:\/\/cvinoticias.com\/v3\/wp-json\/wp\/v2\/media?parent=24762"}],"wp:term":[{"taxonomy":"category","embeddable":true,"href":"https:\/\/cvinoticias.com\/v3\/wp-json\/wp\/v2\/categories?post=24762"},{"taxonomy":"post_tag","embeddable":true,"href":"https:\/\/cvinoticias.com\/v3\/wp-json\/wp\/v2\/tags?post=24762"}],"curies":[{"name":"wp","href":"https:\/\/api.w.org\/{rel}","templated":true}]}}