{"id":24759,"date":"2023-05-11T12:22:20","date_gmt":"2023-05-11T12:22:20","guid":{"rendered":"https:\/\/cvinoticias.com\/v3\/?p=24759"},"modified":"2023-05-11T12:22:20","modified_gmt":"2023-05-11T12:22:20","slug":"argentina-es-el-segundo-pais-en-el-mundo-mas-afectado-por-la-inflacion-en-los-precios-de-alimentos","status":"publish","type":"post","link":"https:\/\/cvinoticias.com\/v3\/argentina-es-el-segundo-pais-en-el-mundo-mas-afectado-por-la-inflacion-en-los-precios-de-alimentos\/","title":{"rendered":"Argentina es el segundo pa\u00eds en el mundo m\u00e1s afectado por la inflaci\u00f3n en los precios de alimentos"},"content":{"rendered":"\n<p><strong><em>De acuerdo con un relevamiento del Banco Mundial, Argentina registr\u00f3 un 107% de incremento en los valores de los alimentos durante el \u00faltimo a\u00f1o, lo que la ubic\u00f3 entre Libano y Zimbabwe en el top 3 de pa\u00edses m\u00e1s golpeados por la suba de precios.<\/em><\/strong><\/p>\n\n\n\n<p>La Argentina ocupa el segundo lugar en el ranking de los pa\u00edses con mayor inflaci\u00f3n de alimentos en el mundo, ubicada detr\u00e1s del Libano y por encima de Zimbabwe, seg\u00fan un informe elaborado por el Banco Mundial. El ranking lo completan Ir\u00e1n, Turqu\u00eda y pa\u00edses africanos como Ruanda y Ghana.<\/p>\n\n\n\n<p>De acuerdo con los datos del reporte de Seguridad Alimentaria del organismo, elaborado entre los meses de enero y abril de 2023, Argentina es el \u00fanico pa\u00eds latinoamericano que se encuentra entre las 10 naciones m\u00e1s golpeadas por la inflaci\u00f3n de los alimentos, con un 107% interanual.<\/p>\n\n\n\n<p>En el caso de Venezuela, el organismo aclar\u00f3 que no forma parte del relevamiento porque se utilizan estad\u00edsticas de aquellos pa\u00edses que cuentan con datos disponibles.<\/p>\n\n\n\n<p>Aunque el Banco Mundial indic\u00f3 que la inflaci\u00f3n de los alimentos sigue siendo alta en todo el mundo, la situaci\u00f3n afecta especialmente a los pa\u00edses de ingresos bajos y medios, con niveles superiores al 5% en el 64,7% de los pa\u00edses de ingresos bajos y en el 83,7% de pa\u00edses de ingresos medianos bajos.<\/p>\n\n\n\n<p>Ese fen\u00f3meno tambi\u00e9n se constata en el 89% de los pa\u00edses de ingresos medio altos, muchos de los cuales est\u00e1n experimentando inflaci\u00f3n de dos d\u00edgitos, y en el 81,8% de los pa\u00edses de altos ingresos. \u00abLos pa\u00edses m\u00e1s afectados se encuentran en \u00c1frica, Am\u00e9rica del Norte, Am\u00e9rica Latina, Asia Meridional, Europa y Asia Central\u00bb, explicaron.<\/p>\n\n\n\n<p>Efectos de la guerra entre Rusia y Ucrania<\/p>\n\n\n\n<p>Seg\u00fan indic\u00f3 el Banco Mundial, la guerra entre Rusia y Ucrania fue una de las causas que potenci\u00f3 la suba de precios de los alimentos. \u00abLa crisis alimentaria mundial se ha visto parcialmente agravada por el creciente n\u00famero de restricciones al comercio de alimentos impuestas por los pa\u00edses con el objetivo de aumentar la oferta interna y reducir los precios\u00bb, explic\u00f3 el reporte.<\/p>\n\n\n\n<p>Y agreg\u00f3: \u00abAl 13 de marzo de 2023, 22 pa\u00edses han implementado 28 prohibiciones de exportaci\u00f3n de alimentos y diez han implementado 14 medidas de limitaci\u00f3n de exportaciones\u00bb.<\/p>\n","protected":false},"excerpt":{"rendered":"<p>De acuerdo con un relevamiento del Banco Mundial, Argentina registr\u00f3 un 107% de incremento en los valores de los alimentos durante el \u00faltimo a\u00f1o, lo que la ubic\u00f3 entre Libano y Zimbabwe en el top 3 de pa\u00edses m\u00e1s golpeados por la suba de precios. La Argentina ocupa el segundo lugar en el ranking de [&hellip;]<\/p>\n","protected":false},"author":2,"featured_media":24760,"comment_status":"open","ping_status":"open","sticky":false,"template":"","format":"standard","meta":{"footnotes":""},"categories":[32],"tags":[],"class_list":["post-24759","post","type-post","status-publish","format-standard","has-post-thumbnail","hentry","category-economia"],"yoast_head":"<!-- This site is optimized with the Yoast SEO plugin v27.4 - https:\/\/yoast.com\/product\/yoast-seo-wordpress\/ -->\n<title>Argentina es el segundo pa\u00eds en el mundo m\u00e1s afectado por la inflaci\u00f3n en los precios de alimentos | CVI NOTICIAS<\/title>\n<meta name=\"robots\" content=\"index, follow, max-snippet:-1, max-image-preview:large, max-video-preview:-1\" \/>\n<link rel=\"canonical\" href=\"https:\/\/cvinoticias.com\/v3\/argentina-es-el-segundo-pais-en-el-mundo-mas-afectado-por-la-inflacion-en-los-precios-de-alimentos\/\" \/>\n<meta property=\"og:locale\" content=\"es_ES\" \/>\n<meta property=\"og:type\" content=\"article\" \/>\n<meta property=\"og:title\" content=\"Argentina es el segundo pa\u00eds en el mundo m\u00e1s afectado por la inflaci\u00f3n en los precios de alimentos | CVI NOTICIAS\" \/>\n<meta property=\"og:description\" content=\"De acuerdo con un relevamiento del Banco Mundial, Argentina registr\u00f3 un 107% de incremento en los valores de los alimentos durante el \u00faltimo a\u00f1o, lo que la ubic\u00f3 entre Libano y Zimbabwe en el top 3 de pa\u00edses m\u00e1s golpeados por la suba de precios. La Argentina ocupa el segundo lugar en el ranking de [&hellip;]\" \/>\n<meta property=\"og:url\" content=\"https:\/\/cvinoticias.com\/v3\/argentina-es-el-segundo-pais-en-el-mundo-mas-afectado-por-la-inflacion-en-los-precios-de-alimentos\/\" \/>\n<meta property=\"og:site_name\" content=\"CVI NOTICIAS\" \/>\n<meta property=\"article:publisher\" content=\"https:\/\/www.facebook.com\/cvinoticias\" \/>\n<meta property=\"article:published_time\" content=\"2023-05-11T12:22:20+00:00\" \/>\n<meta property=\"og:image\" content=\"https:\/\/cvinoticias.com\/wp-content\/uploads\/2023\/05\/Screenshot_20230511_092138_Facebook.jpg\" \/>\n\t<meta property=\"og:image:width\" content=\"1080\" \/>\n\t<meta property=\"og:image:height\" content=\"605\" \/>\n\t<meta property=\"og:image:type\" content=\"image\/jpeg\" \/>\n<meta name=\"author\" content=\"f1000024\" \/>\n<meta name=\"twitter:card\" content=\"summary_large_image\" \/>\n<meta name=\"twitter:label1\" content=\"Escrito por\" \/>\n\t<meta name=\"twitter:data1\" content=\"f1000024\" \/>\n\t<meta name=\"twitter:label2\" content=\"Tiempo de lectura\" \/>\n\t<meta name=\"twitter:data2\" content=\"2 minutos\" \/>\n<script type=\"application\/ld+json\" class=\"yoast-schema-graph\">{\"@context\":\"https:\\\/\\\/schema.org\",\"@graph\":[{\"@type\":\"Article\",\"@id\":\"https:\\\/\\\/cvinoticias.com\\\/v3\\\/argentina-es-el-segundo-pais-en-el-mundo-mas-afectado-por-la-inflacion-en-los-precios-de-alimentos\\\/#article\",\"isPartOf\":{\"@id\":\"https:\\\/\\\/cvinoticias.com\\\/v3\\\/argentina-es-el-segundo-pais-en-el-mundo-mas-afectado-por-la-inflacion-en-los-precios-de-alimentos\\\/\"},\"author\":{\"name\":\"f1000024\",\"@id\":\"https:\\\/\\\/cvinoticias.com\\\/v3\\\/#\\\/schema\\\/person\\\/2db77e3c6bc03c538495d7b2b8be9b66\"},\"headline\":\"Argentina es el segundo pa\u00eds en el mundo m\u00e1s afectado por la inflaci\u00f3n en los precios de alimentos\",\"datePublished\":\"2023-05-11T12:22:20+00:00\",\"mainEntityOfPage\":{\"@id\":\"https:\\\/\\\/cvinoticias.com\\\/v3\\\/argentina-es-el-segundo-pais-en-el-mundo-mas-afectado-por-la-inflacion-en-los-precios-de-alimentos\\\/\"},\"wordCount\":419,\"commentCount\":0,\"publisher\":{\"@id\":\"https:\\\/\\\/cvinoticias.com\\\/v3\\\/#organization\"},\"image\":{\"@id\":\"https:\\\/\\\/cvinoticias.com\\\/v3\\\/argentina-es-el-segundo-pais-en-el-mundo-mas-afectado-por-la-inflacion-en-los-precios-de-alimentos\\\/#primaryimage\"},\"thumbnailUrl\":\"https:\\\/\\\/cvinoticias.com\\\/wp-content\\\/uploads\\\/2023\\\/05\\\/Screenshot_20230511_092138_Facebook.jpg\",\"articleSection\":[\"Econom\u00eda\"],\"inLanguage\":\"es\",\"potentialAction\":[{\"@type\":\"CommentAction\",\"name\":\"Comment\",\"target\":[\"https:\\\/\\\/cvinoticias.com\\\/v3\\\/argentina-es-el-segundo-pais-en-el-mundo-mas-afectado-por-la-inflacion-en-los-precios-de-alimentos\\\/#respond\"]}]},{\"@type\":\"WebPage\",\"@id\":\"https:\\\/\\\/cvinoticias.com\\\/v3\\\/argentina-es-el-segundo-pais-en-el-mundo-mas-afectado-por-la-inflacion-en-los-precios-de-alimentos\\\/\",\"url\":\"https:\\\/\\\/cvinoticias.com\\\/v3\\\/argentina-es-el-segundo-pais-en-el-mundo-mas-afectado-por-la-inflacion-en-los-precios-de-alimentos\\\/\",\"name\":\"Argentina es el segundo pa\u00eds en el mundo m\u00e1s afectado por la inflaci\u00f3n en los precios de alimentos | CVI NOTICIAS\",\"isPartOf\":{\"@id\":\"https:\\\/\\\/cvinoticias.com\\\/v3\\\/#website\"},\"primaryImageOfPage\":{\"@id\":\"https:\\\/\\\/cvinoticias.com\\\/v3\\\/argentina-es-el-segundo-pais-en-el-mundo-mas-afectado-por-la-inflacion-en-los-precios-de-alimentos\\\/#primaryimage\"},\"image\":{\"@id\":\"https:\\\/\\\/cvinoticias.com\\\/v3\\\/argentina-es-el-segundo-pais-en-el-mundo-mas-afectado-por-la-inflacion-en-los-precios-de-alimentos\\\/#primaryimage\"},\"thumbnailUrl\":\"https:\\\/\\\/cvinoticias.com\\\/wp-content\\\/uploads\\\/2023\\\/05\\\/Screenshot_20230511_092138_Facebook.jpg\",\"datePublished\":\"2023-05-11T12:22:20+00:00\",\"breadcrumb\":{\"@id\":\"https:\\\/\\\/cvinoticias.com\\\/v3\\\/argentina-es-el-segundo-pais-en-el-mundo-mas-afectado-por-la-inflacion-en-los-precios-de-alimentos\\\/#breadcrumb\"},\"inLanguage\":\"es\",\"potentialAction\":[{\"@type\":\"ReadAction\",\"target\":[\"https:\\\/\\\/cvinoticias.com\\\/v3\\\/argentina-es-el-segundo-pais-en-el-mundo-mas-afectado-por-la-inflacion-en-los-precios-de-alimentos\\\/\"]}]},{\"@type\":\"ImageObject\",\"inLanguage\":\"es\",\"@id\":\"https:\\\/\\\/cvinoticias.com\\\/v3\\\/argentina-es-el-segundo-pais-en-el-mundo-mas-afectado-por-la-inflacion-en-los-precios-de-alimentos\\\/#primaryimage\",\"url\":\"https:\\\/\\\/cvinoticias.com\\\/wp-content\\\/uploads\\\/2023\\\/05\\\/Screenshot_20230511_092138_Facebook.jpg\",\"contentUrl\":\"https:\\\/\\\/cvinoticias.com\\\/wp-content\\\/uploads\\\/2023\\\/05\\\/Screenshot_20230511_092138_Facebook.jpg\",\"width\":1080,\"height\":605},{\"@type\":\"BreadcrumbList\",\"@id\":\"https:\\\/\\\/cvinoticias.com\\\/v3\\\/argentina-es-el-segundo-pais-en-el-mundo-mas-afectado-por-la-inflacion-en-los-precios-de-alimentos\\\/#breadcrumb\",\"itemListElement\":[{\"@type\":\"ListItem\",\"position\":1,\"name\":\"Portada\",\"item\":\"https:\\\/\\\/cvinoticias.com\\\/v3\\\/\"},{\"@type\":\"ListItem\",\"position\":2,\"name\":\"Argentina es el segundo pa\u00eds en el mundo m\u00e1s afectado por la inflaci\u00f3n en los precios de alimentos\"}]},{\"@type\":\"WebSite\",\"@id\":\"https:\\\/\\\/cvinoticias.com\\\/v3\\\/#website\",\"url\":\"https:\\\/\\\/cvinoticias.com\\\/v3\\\/\",\"name\":\"CVI NOTICIAS\",\"description\":\"\",\"publisher\":{\"@id\":\"https:\\\/\\\/cvinoticias.com\\\/v3\\\/#organization\"},\"alternateName\":\"CVI\",\"potentialAction\":[{\"@type\":\"SearchAction\",\"target\":{\"@type\":\"EntryPoint\",\"urlTemplate\":\"https:\\\/\\\/cvinoticias.com\\\/v3\\\/?s={search_term_string}\"},\"query-input\":{\"@type\":\"PropertyValueSpecification\",\"valueRequired\":true,\"valueName\":\"search_term_string\"}}],\"inLanguage\":\"es\"},{\"@type\":\"Organization\",\"@id\":\"https:\\\/\\\/cvinoticias.com\\\/v3\\\/#organization\",\"name\":\"CVI NOTICIAS\",\"url\":\"https:\\\/\\\/cvinoticias.com\\\/v3\\\/\",\"logo\":{\"@type\":\"ImageObject\",\"inLanguage\":\"es\",\"@id\":\"https:\\\/\\\/cvinoticias.com\\\/v3\\\/#\\\/schema\\\/logo\\\/image\\\/\",\"url\":\"https:\\\/\\\/cvinoticias.com\\\/wp-content\\\/uploads\\\/2023\\\/04\\\/cropped-cropped-cropped-cropped-cropped-3-1.png\",\"contentUrl\":\"https:\\\/\\\/cvinoticias.com\\\/wp-content\\\/uploads\\\/2023\\\/04\\\/cropped-cropped-cropped-cropped-cropped-3-1.png\",\"width\":95,\"height\":122,\"caption\":\"CVI NOTICIAS\"},\"image\":{\"@id\":\"https:\\\/\\\/cvinoticias.com\\\/v3\\\/#\\\/schema\\\/logo\\\/image\\\/\"},\"sameAs\":[\"https:\\\/\\\/www.facebook.com\\\/cvinoticias\",\"https:\\\/\\\/www.instagram.com\\\/cvinoticias\\\/\",\"https:\\\/\\\/www.youtube.com\\\/@CVINOTICIAS\"]},{\"@type\":\"Person\",\"@id\":\"https:\\\/\\\/cvinoticias.com\\\/v3\\\/#\\\/schema\\\/person\\\/2db77e3c6bc03c538495d7b2b8be9b66\",\"name\":\"f1000024\",\"image\":{\"@type\":\"ImageObject\",\"inLanguage\":\"es\",\"@id\":\"https:\\\/\\\/secure.gravatar.com\\\/avatar\\\/d4fe7459cfc51ff5129ce1a732bbef5928568b8092d412ef95611616376bbeed?s=96&d=mm&r=g\",\"url\":\"https:\\\/\\\/secure.gravatar.com\\\/avatar\\\/d4fe7459cfc51ff5129ce1a732bbef5928568b8092d412ef95611616376bbeed?s=96&d=mm&r=g\",\"contentUrl\":\"https:\\\/\\\/secure.gravatar.com\\\/avatar\\\/d4fe7459cfc51ff5129ce1a732bbef5928568b8092d412ef95611616376bbeed?s=96&d=mm&r=g\",\"caption\":\"f1000024\"},\"url\":\"https:\\\/\\\/cvinoticias.com\\\/v3\\\/author\\\/f1000024\\\/\"}]}<\/script>\n<!-- \/ Yoast SEO plugin. -->","yoast_head_json":{"title":"Argentina es el segundo pa\u00eds en el mundo m\u00e1s afectado por la inflaci\u00f3n en los precios de alimentos | CVI NOTICIAS","robots":{"index":"index","follow":"follow","max-snippet":"max-snippet:-1","max-image-preview":"max-image-preview:large","max-video-preview":"max-video-preview:-1"},"canonical":"https:\/\/cvinoticias.com\/v3\/argentina-es-el-segundo-pais-en-el-mundo-mas-afectado-por-la-inflacion-en-los-precios-de-alimentos\/","og_locale":"es_ES","og_type":"article","og_title":"Argentina es el segundo pa\u00eds en el mundo m\u00e1s afectado por la inflaci\u00f3n en los precios de alimentos | CVI NOTICIAS","og_description":"De acuerdo con un relevamiento del Banco Mundial, Argentina registr\u00f3 un 107% de incremento en los valores de los alimentos durante el \u00faltimo a\u00f1o, lo que la ubic\u00f3 entre Libano y Zimbabwe en el top 3 de pa\u00edses m\u00e1s golpeados por la suba de precios. La Argentina ocupa el segundo lugar en el ranking de [&hellip;]","og_url":"https:\/\/cvinoticias.com\/v3\/argentina-es-el-segundo-pais-en-el-mundo-mas-afectado-por-la-inflacion-en-los-precios-de-alimentos\/","og_site_name":"CVI NOTICIAS","article_publisher":"https:\/\/www.facebook.com\/cvinoticias","article_published_time":"2023-05-11T12:22:20+00:00","og_image":[{"width":1080,"height":605,"url":"https:\/\/cvinoticias.com\/wp-content\/uploads\/2023\/05\/Screenshot_20230511_092138_Facebook.jpg","type":"image\/jpeg"}],"author":"f1000024","twitter_card":"summary_large_image","twitter_misc":{"Escrito por":"f1000024","Tiempo de lectura":"2 minutos"},"schema":{"@context":"https:\/\/schema.org","@graph":[{"@type":"Article","@id":"https:\/\/cvinoticias.com\/v3\/argentina-es-el-segundo-pais-en-el-mundo-mas-afectado-por-la-inflacion-en-los-precios-de-alimentos\/#article","isPartOf":{"@id":"https:\/\/cvinoticias.com\/v3\/argentina-es-el-segundo-pais-en-el-mundo-mas-afectado-por-la-inflacion-en-los-precios-de-alimentos\/"},"author":{"name":"f1000024","@id":"https:\/\/cvinoticias.com\/v3\/#\/schema\/person\/2db77e3c6bc03c538495d7b2b8be9b66"},"headline":"Argentina es el segundo pa\u00eds en el mundo m\u00e1s afectado por la inflaci\u00f3n en los precios de alimentos","datePublished":"2023-05-11T12:22:20+00:00","mainEntityOfPage":{"@id":"https:\/\/cvinoticias.com\/v3\/argentina-es-el-segundo-pais-en-el-mundo-mas-afectado-por-la-inflacion-en-los-precios-de-alimentos\/"},"wordCount":419,"commentCount":0,"publisher":{"@id":"https:\/\/cvinoticias.com\/v3\/#organization"},"image":{"@id":"https:\/\/cvinoticias.com\/v3\/argentina-es-el-segundo-pais-en-el-mundo-mas-afectado-por-la-inflacion-en-los-precios-de-alimentos\/#primaryimage"},"thumbnailUrl":"https:\/\/cvinoticias.com\/wp-content\/uploads\/2023\/05\/Screenshot_20230511_092138_Facebook.jpg","articleSection":["Econom\u00eda"],"inLanguage":"es","potentialAction":[{"@type":"CommentAction","name":"Comment","target":["https:\/\/cvinoticias.com\/v3\/argentina-es-el-segundo-pais-en-el-mundo-mas-afectado-por-la-inflacion-en-los-precios-de-alimentos\/#respond"]}]},{"@type":"WebPage","@id":"https:\/\/cvinoticias.com\/v3\/argentina-es-el-segundo-pais-en-el-mundo-mas-afectado-por-la-inflacion-en-los-precios-de-alimentos\/","url":"https:\/\/cvinoticias.com\/v3\/argentina-es-el-segundo-pais-en-el-mundo-mas-afectado-por-la-inflacion-en-los-precios-de-alimentos\/","name":"Argentina es el segundo pa\u00eds en el mundo m\u00e1s afectado por la inflaci\u00f3n en los precios de alimentos | CVI NOTICIAS","isPartOf":{"@id":"https:\/\/cvinoticias.com\/v3\/#website"},"primaryImageOfPage":{"@id":"https:\/\/cvinoticias.com\/v3\/argentina-es-el-segundo-pais-en-el-mundo-mas-afectado-por-la-inflacion-en-los-precios-de-alimentos\/#primaryimage"},"image":{"@id":"https:\/\/cvinoticias.com\/v3\/argentina-es-el-segundo-pais-en-el-mundo-mas-afectado-por-la-inflacion-en-los-precios-de-alimentos\/#primaryimage"},"thumbnailUrl":"https:\/\/cvinoticias.com\/wp-content\/uploads\/2023\/05\/Screenshot_20230511_092138_Facebook.jpg","datePublished":"2023-05-11T12:22:20+00:00","breadcrumb":{"@id":"https:\/\/cvinoticias.com\/v3\/argentina-es-el-segundo-pais-en-el-mundo-mas-afectado-por-la-inflacion-en-los-precios-de-alimentos\/#breadcrumb"},"inLanguage":"es","potentialAction":[{"@type":"ReadAction","target":["https:\/\/cvinoticias.com\/v3\/argentina-es-el-segundo-pais-en-el-mundo-mas-afectado-por-la-inflacion-en-los-precios-de-alimentos\/"]}]},{"@type":"ImageObject","inLanguage":"es","@id":"https:\/\/cvinoticias.com\/v3\/argentina-es-el-segundo-pais-en-el-mundo-mas-afectado-por-la-inflacion-en-los-precios-de-alimentos\/#primaryimage","url":"https:\/\/cvinoticias.com\/wp-content\/uploads\/2023\/05\/Screenshot_20230511_092138_Facebook.jpg","contentUrl":"https:\/\/cvinoticias.com\/wp-content\/uploads\/2023\/05\/Screenshot_20230511_092138_Facebook.jpg","width":1080,"height":605},{"@type":"BreadcrumbList","@id":"https:\/\/cvinoticias.com\/v3\/argentina-es-el-segundo-pais-en-el-mundo-mas-afectado-por-la-inflacion-en-los-precios-de-alimentos\/#breadcrumb","itemListElement":[{"@type":"ListItem","position":1,"name":"Portada","item":"https:\/\/cvinoticias.com\/v3\/"},{"@type":"ListItem","position":2,"name":"Argentina es el segundo pa\u00eds en el mundo m\u00e1s afectado por la inflaci\u00f3n en los precios de alimentos"}]},{"@type":"WebSite","@id":"https:\/\/cvinoticias.com\/v3\/#website","url":"https:\/\/cvinoticias.com\/v3\/","name":"CVI NOTICIAS","description":"","publisher":{"@id":"https:\/\/cvinoticias.com\/v3\/#organization"},"alternateName":"CVI","potentialAction":[{"@type":"SearchAction","target":{"@type":"EntryPoint","urlTemplate":"https:\/\/cvinoticias.com\/v3\/?s={search_term_string}"},"query-input":{"@type":"PropertyValueSpecification","valueRequired":true,"valueName":"search_term_string"}}],"inLanguage":"es"},{"@type":"Organization","@id":"https:\/\/cvinoticias.com\/v3\/#organization","name":"CVI NOTICIAS","url":"https:\/\/cvinoticias.com\/v3\/","logo":{"@type":"ImageObject","inLanguage":"es","@id":"https:\/\/cvinoticias.com\/v3\/#\/schema\/logo\/image\/","url":"https:\/\/cvinoticias.com\/wp-content\/uploads\/2023\/04\/cropped-cropped-cropped-cropped-cropped-3-1.png","contentUrl":"https:\/\/cvinoticias.com\/wp-content\/uploads\/2023\/04\/cropped-cropped-cropped-cropped-cropped-3-1.png","width":95,"height":122,"caption":"CVI NOTICIAS"},"image":{"@id":"https:\/\/cvinoticias.com\/v3\/#\/schema\/logo\/image\/"},"sameAs":["https:\/\/www.facebook.com\/cvinoticias","https:\/\/www.instagram.com\/cvinoticias\/","https:\/\/www.youtube.com\/@CVINOTICIAS"]},{"@type":"Person","@id":"https:\/\/cvinoticias.com\/v3\/#\/schema\/person\/2db77e3c6bc03c538495d7b2b8be9b66","name":"f1000024","image":{"@type":"ImageObject","inLanguage":"es","@id":"https:\/\/secure.gravatar.com\/avatar\/d4fe7459cfc51ff5129ce1a732bbef5928568b8092d412ef95611616376bbeed?s=96&d=mm&r=g","url":"https:\/\/secure.gravatar.com\/avatar\/d4fe7459cfc51ff5129ce1a732bbef5928568b8092d412ef95611616376bbeed?s=96&d=mm&r=g","contentUrl":"https:\/\/secure.gravatar.com\/avatar\/d4fe7459cfc51ff5129ce1a732bbef5928568b8092d412ef95611616376bbeed?s=96&d=mm&r=g","caption":"f1000024"},"url":"https:\/\/cvinoticias.com\/v3\/author\/f1000024\/"}]}},"_links":{"self":[{"href":"https:\/\/cvinoticias.com\/v3\/wp-json\/wp\/v2\/posts\/24759","targetHints":{"allow":["GET"]}}],"collection":[{"href":"https:\/\/cvinoticias.com\/v3\/wp-json\/wp\/v2\/posts"}],"about":[{"href":"https:\/\/cvinoticias.com\/v3\/wp-json\/wp\/v2\/types\/post"}],"author":[{"embeddable":true,"href":"https:\/\/cvinoticias.com\/v3\/wp-json\/wp\/v2\/users\/2"}],"replies":[{"embeddable":true,"href":"https:\/\/cvinoticias.com\/v3\/wp-json\/wp\/v2\/comments?post=24759"}],"version-history":[{"count":1,"href":"https:\/\/cvinoticias.com\/v3\/wp-json\/wp\/v2\/posts\/24759\/revisions"}],"predecessor-version":[{"id":24761,"href":"https:\/\/cvinoticias.com\/v3\/wp-json\/wp\/v2\/posts\/24759\/revisions\/24761"}],"wp:featuredmedia":[{"embeddable":true,"href":"https:\/\/cvinoticias.com\/v3\/wp-json\/wp\/v2\/media\/24760"}],"wp:attachment":[{"href":"https:\/\/cvinoticias.com\/v3\/wp-json\/wp\/v2\/media?parent=24759"}],"wp:term":[{"taxonomy":"category","embeddable":true,"href":"https:\/\/cvinoticias.com\/v3\/wp-json\/wp\/v2\/categories?post=24759"},{"taxonomy":"post_tag","embeddable":true,"href":"https:\/\/cvinoticias.com\/v3\/wp-json\/wp\/v2\/tags?post=24759"}],"curies":[{"name":"wp","href":"https:\/\/api.w.org\/{rel}","templated":true}]}}