{"id":24730,"date":"2023-05-10T10:57:02","date_gmt":"2023-05-10T10:57:02","guid":{"rendered":"https:\/\/cvinoticias.com\/v3\/?p=24730"},"modified":"2023-05-10T10:57:02","modified_gmt":"2023-05-10T10:57:02","slug":"premiaran-con-100-mil-a-escuelas-solidarias-de-todo-el-pais","status":"publish","type":"post","link":"https:\/\/cvinoticias.com\/v3\/premiaran-con-100-mil-a-escuelas-solidarias-de-todo-el-pais\/","title":{"rendered":"Premiar\u00e1n con $100 mil a escuelas solidarias de todo el pa\u00eds"},"content":{"rendered":"\n<p><strong><em>El Premio Presidencial Escuelas Solidarias 2023 reconocer\u00e1 a los mejores proyectos de instituciones educativas de todo el pa\u00eds que integren los contenidos curriculares con acciones transformadoras de la comunidad. La \u00faltima edici\u00f3n hab\u00eda sido en 2019.<\/em><\/strong><\/p>\n\n\n\n<p>El Ministerio de Educaci\u00f3n de la Naci\u00f3n premiar\u00e1 con hasta 100.000 pesos a escuelas de todo el pa\u00eds que desarrollen proyectos de aprendizaje y servicio solidario. La convocatoria del Premio Presidencial Escuelas Solidarias, que va por su 16a edici\u00f3n, estar\u00e1 abierta hasta el 30 de julio.<\/p>\n\n\n\n<p>Pueden participar todas las escuelas de gesti\u00f3n estatal, privada o social, de losniveles inicial, primario y secundario y de todas las modalidades que est\u00e9n desarrollando experiencias educativas solidarias. La convocatoria se\u00f1ala que no podr\u00e1n presentarse las instituciones educativas que hayan obtenido alguno de los seis primeros premios en la edici\u00f3n anterior, en 2019.<\/p>\n\n\n\n<p>Seg\u00fan inform\u00f3 el Ministerio de Educaci\u00f3n, habr\u00e1 seis primeros premios de cien mil pesos ($100.000) cada uno, cinco segundos premios de setenta mil pesos ($70.000) cada uno y cincuenta menciones de honor de sesenta mil pesos ($60.000) cada una. En total, hay casi 4 millones de pesos en premios.<\/p>\n\n\n\n<p>El objetivo es \u201crelevar y sistematizar las experiencias educativas solidarias que permitan a los estudiantes ampliar su horizonte de aprendizaje y comprometerse en la transformaci\u00f3n de su comunidad junto con otros actores sociales\u201d, explica la convocatoria.<\/p>\n\n\n\n<p>Los proyectos premiados deber\u00e1n integrar el aprendizaje curricular de los estudiantes con acciones solidarias destinadas a mejorar la calidad de vida de su comunidad. De esta manera, la iniciativa visibiliza a \u201clos docentes que se comprometen en la implementaci\u00f3n de una propuesta pedag\u00f3gica que tiende al mejoramiento de la calidad e inclusi\u00f3n educativa\u201d, junto con estudiantes que \u201cson testimonio de una ciudadan\u00eda comprometida y transformadora\u201d.<\/p>\n\n\n\n<p>La participaci\u00f3n incluye tambi\u00e9n una orientaci\u00f3n por parte del Ministerio de Educaci\u00f3n de la Naci\u00f3n para los proyectos que se presenten, por medio de una devoluci\u00f3n t\u00e9cnica, sugerencias bibliogr\u00e1ficas y env\u00edo de materiales de capacitaci\u00f3n.<\/p>\n\n\n\n<p>Para participar este a\u00f1o, las escuelas deber\u00e1n presentar su experiencia por medio de un formulario online disponible en la p\u00e1gina web del premio.<\/p>\n\n\n\n<p>Desde sus comienzos en el a\u00f1o 2000, participaron del Premio Presidencial \u201cEscuelas Solidarias\u201d m\u00e1s de 19 mil instituciones educativas de todo el pa\u00eds y fueron presentados m\u00e1s de 33 mil proyectos.<\/p>\n","protected":false},"excerpt":{"rendered":"<p>El Premio Presidencial Escuelas Solidarias 2023 reconocer\u00e1 a los mejores proyectos de instituciones educativas de todo el pa\u00eds que integren los contenidos curriculares con acciones transformadoras de la comunidad. La \u00faltima edici\u00f3n hab\u00eda sido en 2019. El Ministerio de Educaci\u00f3n de la Naci\u00f3n premiar\u00e1 con hasta 100.000 pesos a escuelas de todo el pa\u00eds que [&hellip;]<\/p>\n","protected":false},"author":2,"featured_media":24731,"comment_status":"open","ping_status":"open","sticky":false,"template":"","format":"standard","meta":{"footnotes":""},"categories":[39],"tags":[],"class_list":["post-24730","post","type-post","status-publish","format-standard","has-post-thumbnail","hentry","category-nacionales"],"yoast_head":"<!-- This site is optimized with the Yoast SEO plugin v27.4 - https:\/\/yoast.com\/product\/yoast-seo-wordpress\/ -->\n<title>Premiar\u00e1n con $100 mil a escuelas solidarias de todo el pa\u00eds | CVI NOTICIAS<\/title>\n<meta name=\"robots\" content=\"index, follow, max-snippet:-1, max-image-preview:large, max-video-preview:-1\" \/>\n<link rel=\"canonical\" href=\"https:\/\/cvinoticias.com\/v3\/premiaran-con-100-mil-a-escuelas-solidarias-de-todo-el-pais\/\" \/>\n<meta property=\"og:locale\" content=\"es_ES\" \/>\n<meta property=\"og:type\" content=\"article\" \/>\n<meta property=\"og:title\" content=\"Premiar\u00e1n con $100 mil a escuelas solidarias de todo el pa\u00eds | CVI NOTICIAS\" \/>\n<meta property=\"og:description\" content=\"El Premio Presidencial Escuelas Solidarias 2023 reconocer\u00e1 a los mejores proyectos de instituciones educativas de todo el pa\u00eds que integren los contenidos curriculares con acciones transformadoras de la comunidad. La \u00faltima edici\u00f3n hab\u00eda sido en 2019. El Ministerio de Educaci\u00f3n de la Naci\u00f3n premiar\u00e1 con hasta 100.000 pesos a escuelas de todo el pa\u00eds que [&hellip;]\" \/>\n<meta property=\"og:url\" content=\"https:\/\/cvinoticias.com\/v3\/premiaran-con-100-mil-a-escuelas-solidarias-de-todo-el-pais\/\" \/>\n<meta property=\"og:site_name\" content=\"CVI NOTICIAS\" \/>\n<meta property=\"article:publisher\" content=\"https:\/\/www.facebook.com\/cvinoticias\" \/>\n<meta property=\"article:published_time\" content=\"2023-05-10T10:57:02+00:00\" \/>\n<meta property=\"og:image\" content=\"https:\/\/cvinoticias.com\/wp-content\/uploads\/2023\/05\/3443-premiaran-con-100-mil-a-escuelas-solidarias-de-todo-el-pais.png\" \/>\n\t<meta property=\"og:image:width\" content=\"1100\" \/>\n\t<meta property=\"og:image:height\" content=\"620\" \/>\n\t<meta property=\"og:image:type\" content=\"image\/png\" \/>\n<meta name=\"author\" content=\"f1000024\" \/>\n<meta name=\"twitter:card\" content=\"summary_large_image\" \/>\n<meta name=\"twitter:label1\" content=\"Escrito por\" \/>\n\t<meta name=\"twitter:data1\" content=\"f1000024\" \/>\n\t<meta name=\"twitter:label2\" content=\"Tiempo de lectura\" \/>\n\t<meta name=\"twitter:data2\" content=\"2 minutos\" \/>\n<script type=\"application\/ld+json\" class=\"yoast-schema-graph\">{\"@context\":\"https:\\\/\\\/schema.org\",\"@graph\":[{\"@type\":\"Article\",\"@id\":\"https:\\\/\\\/cvinoticias.com\\\/v3\\\/premiaran-con-100-mil-a-escuelas-solidarias-de-todo-el-pais\\\/#article\",\"isPartOf\":{\"@id\":\"https:\\\/\\\/cvinoticias.com\\\/v3\\\/premiaran-con-100-mil-a-escuelas-solidarias-de-todo-el-pais\\\/\"},\"author\":{\"name\":\"f1000024\",\"@id\":\"https:\\\/\\\/cvinoticias.com\\\/v3\\\/#\\\/schema\\\/person\\\/2db77e3c6bc03c538495d7b2b8be9b66\"},\"headline\":\"Premiar\u00e1n con $100 mil a escuelas solidarias de todo el pa\u00eds\",\"datePublished\":\"2023-05-10T10:57:02+00:00\",\"mainEntityOfPage\":{\"@id\":\"https:\\\/\\\/cvinoticias.com\\\/v3\\\/premiaran-con-100-mil-a-escuelas-solidarias-de-todo-el-pais\\\/\"},\"wordCount\":411,\"commentCount\":0,\"publisher\":{\"@id\":\"https:\\\/\\\/cvinoticias.com\\\/v3\\\/#organization\"},\"image\":{\"@id\":\"https:\\\/\\\/cvinoticias.com\\\/v3\\\/premiaran-con-100-mil-a-escuelas-solidarias-de-todo-el-pais\\\/#primaryimage\"},\"thumbnailUrl\":\"https:\\\/\\\/cvinoticias.com\\\/wp-content\\\/uploads\\\/2023\\\/05\\\/3443-premiaran-con-100-mil-a-escuelas-solidarias-de-todo-el-pais.png\",\"articleSection\":[\"Nacionales\"],\"inLanguage\":\"es\",\"potentialAction\":[{\"@type\":\"CommentAction\",\"name\":\"Comment\",\"target\":[\"https:\\\/\\\/cvinoticias.com\\\/v3\\\/premiaran-con-100-mil-a-escuelas-solidarias-de-todo-el-pais\\\/#respond\"]}]},{\"@type\":\"WebPage\",\"@id\":\"https:\\\/\\\/cvinoticias.com\\\/v3\\\/premiaran-con-100-mil-a-escuelas-solidarias-de-todo-el-pais\\\/\",\"url\":\"https:\\\/\\\/cvinoticias.com\\\/v3\\\/premiaran-con-100-mil-a-escuelas-solidarias-de-todo-el-pais\\\/\",\"name\":\"Premiar\u00e1n con $100 mil a escuelas solidarias de todo el pa\u00eds | CVI NOTICIAS\",\"isPartOf\":{\"@id\":\"https:\\\/\\\/cvinoticias.com\\\/v3\\\/#website\"},\"primaryImageOfPage\":{\"@id\":\"https:\\\/\\\/cvinoticias.com\\\/v3\\\/premiaran-con-100-mil-a-escuelas-solidarias-de-todo-el-pais\\\/#primaryimage\"},\"image\":{\"@id\":\"https:\\\/\\\/cvinoticias.com\\\/v3\\\/premiaran-con-100-mil-a-escuelas-solidarias-de-todo-el-pais\\\/#primaryimage\"},\"thumbnailUrl\":\"https:\\\/\\\/cvinoticias.com\\\/wp-content\\\/uploads\\\/2023\\\/05\\\/3443-premiaran-con-100-mil-a-escuelas-solidarias-de-todo-el-pais.png\",\"datePublished\":\"2023-05-10T10:57:02+00:00\",\"breadcrumb\":{\"@id\":\"https:\\\/\\\/cvinoticias.com\\\/v3\\\/premiaran-con-100-mil-a-escuelas-solidarias-de-todo-el-pais\\\/#breadcrumb\"},\"inLanguage\":\"es\",\"potentialAction\":[{\"@type\":\"ReadAction\",\"target\":[\"https:\\\/\\\/cvinoticias.com\\\/v3\\\/premiaran-con-100-mil-a-escuelas-solidarias-de-todo-el-pais\\\/\"]}]},{\"@type\":\"ImageObject\",\"inLanguage\":\"es\",\"@id\":\"https:\\\/\\\/cvinoticias.com\\\/v3\\\/premiaran-con-100-mil-a-escuelas-solidarias-de-todo-el-pais\\\/#primaryimage\",\"url\":\"https:\\\/\\\/cvinoticias.com\\\/wp-content\\\/uploads\\\/2023\\\/05\\\/3443-premiaran-con-100-mil-a-escuelas-solidarias-de-todo-el-pais.png\",\"contentUrl\":\"https:\\\/\\\/cvinoticias.com\\\/wp-content\\\/uploads\\\/2023\\\/05\\\/3443-premiaran-con-100-mil-a-escuelas-solidarias-de-todo-el-pais.png\",\"width\":1100,\"height\":620},{\"@type\":\"BreadcrumbList\",\"@id\":\"https:\\\/\\\/cvinoticias.com\\\/v3\\\/premiaran-con-100-mil-a-escuelas-solidarias-de-todo-el-pais\\\/#breadcrumb\",\"itemListElement\":[{\"@type\":\"ListItem\",\"position\":1,\"name\":\"Portada\",\"item\":\"https:\\\/\\\/cvinoticias.com\\\/v3\\\/\"},{\"@type\":\"ListItem\",\"position\":2,\"name\":\"Premiar\u00e1n con $100 mil a escuelas solidarias de todo el pa\u00eds\"}]},{\"@type\":\"WebSite\",\"@id\":\"https:\\\/\\\/cvinoticias.com\\\/v3\\\/#website\",\"url\":\"https:\\\/\\\/cvinoticias.com\\\/v3\\\/\",\"name\":\"CVI NOTICIAS\",\"description\":\"\",\"publisher\":{\"@id\":\"https:\\\/\\\/cvinoticias.com\\\/v3\\\/#organization\"},\"alternateName\":\"CVI\",\"potentialAction\":[{\"@type\":\"SearchAction\",\"target\":{\"@type\":\"EntryPoint\",\"urlTemplate\":\"https:\\\/\\\/cvinoticias.com\\\/v3\\\/?s={search_term_string}\"},\"query-input\":{\"@type\":\"PropertyValueSpecification\",\"valueRequired\":true,\"valueName\":\"search_term_string\"}}],\"inLanguage\":\"es\"},{\"@type\":\"Organization\",\"@id\":\"https:\\\/\\\/cvinoticias.com\\\/v3\\\/#organization\",\"name\":\"CVI NOTICIAS\",\"url\":\"https:\\\/\\\/cvinoticias.com\\\/v3\\\/\",\"logo\":{\"@type\":\"ImageObject\",\"inLanguage\":\"es\",\"@id\":\"https:\\\/\\\/cvinoticias.com\\\/v3\\\/#\\\/schema\\\/logo\\\/image\\\/\",\"url\":\"https:\\\/\\\/cvinoticias.com\\\/wp-content\\\/uploads\\\/2023\\\/04\\\/cropped-cropped-cropped-cropped-cropped-3-1.png\",\"contentUrl\":\"https:\\\/\\\/cvinoticias.com\\\/wp-content\\\/uploads\\\/2023\\\/04\\\/cropped-cropped-cropped-cropped-cropped-3-1.png\",\"width\":95,\"height\":122,\"caption\":\"CVI NOTICIAS\"},\"image\":{\"@id\":\"https:\\\/\\\/cvinoticias.com\\\/v3\\\/#\\\/schema\\\/logo\\\/image\\\/\"},\"sameAs\":[\"https:\\\/\\\/www.facebook.com\\\/cvinoticias\",\"https:\\\/\\\/www.instagram.com\\\/cvinoticias\\\/\",\"https:\\\/\\\/www.youtube.com\\\/@CVINOTICIAS\"]},{\"@type\":\"Person\",\"@id\":\"https:\\\/\\\/cvinoticias.com\\\/v3\\\/#\\\/schema\\\/person\\\/2db77e3c6bc03c538495d7b2b8be9b66\",\"name\":\"f1000024\",\"image\":{\"@type\":\"ImageObject\",\"inLanguage\":\"es\",\"@id\":\"https:\\\/\\\/secure.gravatar.com\\\/avatar\\\/d4fe7459cfc51ff5129ce1a732bbef5928568b8092d412ef95611616376bbeed?s=96&d=mm&r=g\",\"url\":\"https:\\\/\\\/secure.gravatar.com\\\/avatar\\\/d4fe7459cfc51ff5129ce1a732bbef5928568b8092d412ef95611616376bbeed?s=96&d=mm&r=g\",\"contentUrl\":\"https:\\\/\\\/secure.gravatar.com\\\/avatar\\\/d4fe7459cfc51ff5129ce1a732bbef5928568b8092d412ef95611616376bbeed?s=96&d=mm&r=g\",\"caption\":\"f1000024\"},\"url\":\"https:\\\/\\\/cvinoticias.com\\\/v3\\\/author\\\/f1000024\\\/\"}]}<\/script>\n<!-- \/ Yoast SEO plugin. -->","yoast_head_json":{"title":"Premiar\u00e1n con $100 mil a escuelas solidarias de todo el pa\u00eds | CVI NOTICIAS","robots":{"index":"index","follow":"follow","max-snippet":"max-snippet:-1","max-image-preview":"max-image-preview:large","max-video-preview":"max-video-preview:-1"},"canonical":"https:\/\/cvinoticias.com\/v3\/premiaran-con-100-mil-a-escuelas-solidarias-de-todo-el-pais\/","og_locale":"es_ES","og_type":"article","og_title":"Premiar\u00e1n con $100 mil a escuelas solidarias de todo el pa\u00eds | CVI NOTICIAS","og_description":"El Premio Presidencial Escuelas Solidarias 2023 reconocer\u00e1 a los mejores proyectos de instituciones educativas de todo el pa\u00eds que integren los contenidos curriculares con acciones transformadoras de la comunidad. La \u00faltima edici\u00f3n hab\u00eda sido en 2019. El Ministerio de Educaci\u00f3n de la Naci\u00f3n premiar\u00e1 con hasta 100.000 pesos a escuelas de todo el pa\u00eds que [&hellip;]","og_url":"https:\/\/cvinoticias.com\/v3\/premiaran-con-100-mil-a-escuelas-solidarias-de-todo-el-pais\/","og_site_name":"CVI NOTICIAS","article_publisher":"https:\/\/www.facebook.com\/cvinoticias","article_published_time":"2023-05-10T10:57:02+00:00","og_image":[{"width":1100,"height":620,"url":"https:\/\/cvinoticias.com\/wp-content\/uploads\/2023\/05\/3443-premiaran-con-100-mil-a-escuelas-solidarias-de-todo-el-pais.png","type":"image\/png"}],"author":"f1000024","twitter_card":"summary_large_image","twitter_misc":{"Escrito por":"f1000024","Tiempo de lectura":"2 minutos"},"schema":{"@context":"https:\/\/schema.org","@graph":[{"@type":"Article","@id":"https:\/\/cvinoticias.com\/v3\/premiaran-con-100-mil-a-escuelas-solidarias-de-todo-el-pais\/#article","isPartOf":{"@id":"https:\/\/cvinoticias.com\/v3\/premiaran-con-100-mil-a-escuelas-solidarias-de-todo-el-pais\/"},"author":{"name":"f1000024","@id":"https:\/\/cvinoticias.com\/v3\/#\/schema\/person\/2db77e3c6bc03c538495d7b2b8be9b66"},"headline":"Premiar\u00e1n con $100 mil a escuelas solidarias de todo el pa\u00eds","datePublished":"2023-05-10T10:57:02+00:00","mainEntityOfPage":{"@id":"https:\/\/cvinoticias.com\/v3\/premiaran-con-100-mil-a-escuelas-solidarias-de-todo-el-pais\/"},"wordCount":411,"commentCount":0,"publisher":{"@id":"https:\/\/cvinoticias.com\/v3\/#organization"},"image":{"@id":"https:\/\/cvinoticias.com\/v3\/premiaran-con-100-mil-a-escuelas-solidarias-de-todo-el-pais\/#primaryimage"},"thumbnailUrl":"https:\/\/cvinoticias.com\/wp-content\/uploads\/2023\/05\/3443-premiaran-con-100-mil-a-escuelas-solidarias-de-todo-el-pais.png","articleSection":["Nacionales"],"inLanguage":"es","potentialAction":[{"@type":"CommentAction","name":"Comment","target":["https:\/\/cvinoticias.com\/v3\/premiaran-con-100-mil-a-escuelas-solidarias-de-todo-el-pais\/#respond"]}]},{"@type":"WebPage","@id":"https:\/\/cvinoticias.com\/v3\/premiaran-con-100-mil-a-escuelas-solidarias-de-todo-el-pais\/","url":"https:\/\/cvinoticias.com\/v3\/premiaran-con-100-mil-a-escuelas-solidarias-de-todo-el-pais\/","name":"Premiar\u00e1n con $100 mil a escuelas solidarias de todo el pa\u00eds | CVI NOTICIAS","isPartOf":{"@id":"https:\/\/cvinoticias.com\/v3\/#website"},"primaryImageOfPage":{"@id":"https:\/\/cvinoticias.com\/v3\/premiaran-con-100-mil-a-escuelas-solidarias-de-todo-el-pais\/#primaryimage"},"image":{"@id":"https:\/\/cvinoticias.com\/v3\/premiaran-con-100-mil-a-escuelas-solidarias-de-todo-el-pais\/#primaryimage"},"thumbnailUrl":"https:\/\/cvinoticias.com\/wp-content\/uploads\/2023\/05\/3443-premiaran-con-100-mil-a-escuelas-solidarias-de-todo-el-pais.png","datePublished":"2023-05-10T10:57:02+00:00","breadcrumb":{"@id":"https:\/\/cvinoticias.com\/v3\/premiaran-con-100-mil-a-escuelas-solidarias-de-todo-el-pais\/#breadcrumb"},"inLanguage":"es","potentialAction":[{"@type":"ReadAction","target":["https:\/\/cvinoticias.com\/v3\/premiaran-con-100-mil-a-escuelas-solidarias-de-todo-el-pais\/"]}]},{"@type":"ImageObject","inLanguage":"es","@id":"https:\/\/cvinoticias.com\/v3\/premiaran-con-100-mil-a-escuelas-solidarias-de-todo-el-pais\/#primaryimage","url":"https:\/\/cvinoticias.com\/wp-content\/uploads\/2023\/05\/3443-premiaran-con-100-mil-a-escuelas-solidarias-de-todo-el-pais.png","contentUrl":"https:\/\/cvinoticias.com\/wp-content\/uploads\/2023\/05\/3443-premiaran-con-100-mil-a-escuelas-solidarias-de-todo-el-pais.png","width":1100,"height":620},{"@type":"BreadcrumbList","@id":"https:\/\/cvinoticias.com\/v3\/premiaran-con-100-mil-a-escuelas-solidarias-de-todo-el-pais\/#breadcrumb","itemListElement":[{"@type":"ListItem","position":1,"name":"Portada","item":"https:\/\/cvinoticias.com\/v3\/"},{"@type":"ListItem","position":2,"name":"Premiar\u00e1n con $100 mil a escuelas solidarias de todo el pa\u00eds"}]},{"@type":"WebSite","@id":"https:\/\/cvinoticias.com\/v3\/#website","url":"https:\/\/cvinoticias.com\/v3\/","name":"CVI NOTICIAS","description":"","publisher":{"@id":"https:\/\/cvinoticias.com\/v3\/#organization"},"alternateName":"CVI","potentialAction":[{"@type":"SearchAction","target":{"@type":"EntryPoint","urlTemplate":"https:\/\/cvinoticias.com\/v3\/?s={search_term_string}"},"query-input":{"@type":"PropertyValueSpecification","valueRequired":true,"valueName":"search_term_string"}}],"inLanguage":"es"},{"@type":"Organization","@id":"https:\/\/cvinoticias.com\/v3\/#organization","name":"CVI NOTICIAS","url":"https:\/\/cvinoticias.com\/v3\/","logo":{"@type":"ImageObject","inLanguage":"es","@id":"https:\/\/cvinoticias.com\/v3\/#\/schema\/logo\/image\/","url":"https:\/\/cvinoticias.com\/wp-content\/uploads\/2023\/04\/cropped-cropped-cropped-cropped-cropped-3-1.png","contentUrl":"https:\/\/cvinoticias.com\/wp-content\/uploads\/2023\/04\/cropped-cropped-cropped-cropped-cropped-3-1.png","width":95,"height":122,"caption":"CVI NOTICIAS"},"image":{"@id":"https:\/\/cvinoticias.com\/v3\/#\/schema\/logo\/image\/"},"sameAs":["https:\/\/www.facebook.com\/cvinoticias","https:\/\/www.instagram.com\/cvinoticias\/","https:\/\/www.youtube.com\/@CVINOTICIAS"]},{"@type":"Person","@id":"https:\/\/cvinoticias.com\/v3\/#\/schema\/person\/2db77e3c6bc03c538495d7b2b8be9b66","name":"f1000024","image":{"@type":"ImageObject","inLanguage":"es","@id":"https:\/\/secure.gravatar.com\/avatar\/d4fe7459cfc51ff5129ce1a732bbef5928568b8092d412ef95611616376bbeed?s=96&d=mm&r=g","url":"https:\/\/secure.gravatar.com\/avatar\/d4fe7459cfc51ff5129ce1a732bbef5928568b8092d412ef95611616376bbeed?s=96&d=mm&r=g","contentUrl":"https:\/\/secure.gravatar.com\/avatar\/d4fe7459cfc51ff5129ce1a732bbef5928568b8092d412ef95611616376bbeed?s=96&d=mm&r=g","caption":"f1000024"},"url":"https:\/\/cvinoticias.com\/v3\/author\/f1000024\/"}]}},"_links":{"self":[{"href":"https:\/\/cvinoticias.com\/v3\/wp-json\/wp\/v2\/posts\/24730","targetHints":{"allow":["GET"]}}],"collection":[{"href":"https:\/\/cvinoticias.com\/v3\/wp-json\/wp\/v2\/posts"}],"about":[{"href":"https:\/\/cvinoticias.com\/v3\/wp-json\/wp\/v2\/types\/post"}],"author":[{"embeddable":true,"href":"https:\/\/cvinoticias.com\/v3\/wp-json\/wp\/v2\/users\/2"}],"replies":[{"embeddable":true,"href":"https:\/\/cvinoticias.com\/v3\/wp-json\/wp\/v2\/comments?post=24730"}],"version-history":[{"count":1,"href":"https:\/\/cvinoticias.com\/v3\/wp-json\/wp\/v2\/posts\/24730\/revisions"}],"predecessor-version":[{"id":24732,"href":"https:\/\/cvinoticias.com\/v3\/wp-json\/wp\/v2\/posts\/24730\/revisions\/24732"}],"wp:featuredmedia":[{"embeddable":true,"href":"https:\/\/cvinoticias.com\/v3\/wp-json\/wp\/v2\/media\/24731"}],"wp:attachment":[{"href":"https:\/\/cvinoticias.com\/v3\/wp-json\/wp\/v2\/media?parent=24730"}],"wp:term":[{"taxonomy":"category","embeddable":true,"href":"https:\/\/cvinoticias.com\/v3\/wp-json\/wp\/v2\/categories?post=24730"},{"taxonomy":"post_tag","embeddable":true,"href":"https:\/\/cvinoticias.com\/v3\/wp-json\/wp\/v2\/tags?post=24730"}],"curies":[{"name":"wp","href":"https:\/\/api.w.org\/{rel}","templated":true}]}}