{"id":2473,"date":"2021-02-07T14:49:27","date_gmt":"2021-02-07T14:49:27","guid":{"rendered":"https:\/\/cvinoticias.com\/v3\/?p=2473"},"modified":"2021-02-07T14:49:27","modified_gmt":"2021-02-07T14:49:27","slug":"ciclo-lectivo-2021-en-misiones-obras-en-800-escuelas","status":"publish","type":"post","link":"https:\/\/cvinoticias.com\/v3\/ciclo-lectivo-2021-en-misiones-obras-en-800-escuelas\/","title":{"rendered":"Ciclo Lectivo 2021 en Misiones: obras en 800 escuelas"},"content":{"rendered":"\n<p><strong><em>El ministro de Educaci\u00f3n de la provincia dio detalles de la inversi\u00f3n en infraestructura edilicia, m\u00e1s de 700 millones de pesos para que el retorno a las clases presenciales sea seguro.<\/em><\/strong><\/p>\n\n\n\n<p>Miguel Sedoff, titular de la cartera educativa de Misiones, brind\u00f3 datos acerca de las distintas obras de infraestructura en las instalaciones escolares de la provincia. El reinicio de las clases presenciales este a\u00f1o trae aparejado un desaf\u00edo extra: adecuar las escuelas para asegurar la seguridad sanitaria de la comunidad educativa.<\/p>\n\n\n\n<p>La pandemia persiste, por ello Sedoff se\u00f1ala que pretende que \u201cel regreso a la presencialidad sea seguro para todos los estudiantes y los docentes y por ello desde el a\u00f1o pasado comenzamos a realizar las obras necesarias para la mejora en tres cuestiones que consideramos fundamentales: agua, luz y ba\u00f1os\u201d.<\/p>\n\n\n\n<p>Desde octubre del a\u00f1o pasado que se viene trabajando en mejorar la infraestructura edilicia educativa, mencion\u00f3 el ministro. Y agreg\u00f3 que, por instrucci\u00f3n del gobernador Herrera Ahuad, el trabajo es en conjunto entre diversos organismos del Estado provincial, lo cual permiti\u00f3 abordar de manera m\u00e1s eficiente el objetivo.<\/p>\n\n\n\n<p>Setecientos millones de pesos de las arcas provinciales fueron volcados en 800 escuelas de todo Misiones. El desglose de lo realizado es el siguiente:<\/p>\n\n\n\n<ul class=\"wp-block-list\"><li>Sanitarios<\/li><\/ul>\n\n\n\n<p>\u00b7&nbsp;&nbsp;&nbsp;&nbsp;&nbsp;&nbsp;&nbsp;&nbsp;&nbsp;137 escuelas por la Direcci\u00f3n de Arquitectura<\/p>\n\n\n\n<p>\u00b7&nbsp;&nbsp;&nbsp;&nbsp;&nbsp;&nbsp;&nbsp;&nbsp;&nbsp;145 escuelas por el IPRODHA<\/p>\n\n\n\n<p>\u00b7&nbsp;&nbsp;&nbsp;&nbsp;&nbsp;&nbsp;&nbsp;&nbsp;&nbsp;147 escuelas por la Subsecretar\u00eda de Obras y Servicios P\u00fablicos<\/p>\n\n\n\n<p>\u00b7&nbsp;&nbsp;&nbsp;&nbsp;&nbsp;&nbsp;&nbsp;&nbsp;&nbsp;204 escuelas por la USCEPP<\/p>\n\n\n\n<ul class=\"wp-block-list\"><li>Reparaci\u00f3n de sistema de agua y perforaciones<\/li><\/ul>\n\n\n\n<p>\u00b7&nbsp;&nbsp;&nbsp;&nbsp;&nbsp;&nbsp;&nbsp;&nbsp;&nbsp;11 escuelas por el IMAS<\/p>\n\n\n\n<p>\u00b7&nbsp;&nbsp;&nbsp;&nbsp;&nbsp;&nbsp;&nbsp;&nbsp;&nbsp;14 escuelas por la Direcci\u00f3n de Arquitectura<\/p>\n\n\n\n<p>\u00b7&nbsp;&nbsp;&nbsp;&nbsp;&nbsp;&nbsp;&nbsp;&nbsp;&nbsp;33 escuelas por el IPRODHA<\/p>\n\n\n\n<p>\u00b7&nbsp;&nbsp;&nbsp;&nbsp;&nbsp;&nbsp;&nbsp;&nbsp;&nbsp;16 escuelas por la Subsecretar\u00eda de Obras y Servicios P\u00fablicos<\/p>\n\n\n\n<p>\u00b7&nbsp;&nbsp;&nbsp;&nbsp;&nbsp;&nbsp;&nbsp;&nbsp;&nbsp;93 escuelas por la USCEPP<\/p>\n\n\n\n<p>Adem\u00e1s, mediante los programas nacionales PROMEDU IV, PROGRAMA 37 Y PROMER II se ha invertido cerca de 71 millones de pesos en 104 escuelas:<\/p>\n\n\n\n<p>\u00b7&nbsp;&nbsp;&nbsp;&nbsp;&nbsp;&nbsp;&nbsp;&nbsp;&nbsp;73 escuelas beneficiadas con $ 16.000.000 para reparaciones menores de sanitarios y sistema de agua<\/p>\n\n\n\n<p>\u00b7&nbsp;&nbsp;&nbsp;&nbsp;&nbsp;&nbsp;&nbsp;&nbsp;&nbsp;14 escuelas beneficiadas con $ 21.750.000 para reparaciones mayores de sanitarios y sistema de agua<\/p>\n\n\n\n<p>\u00b7&nbsp;&nbsp;&nbsp;&nbsp;&nbsp;&nbsp;&nbsp;&nbsp;&nbsp;17 escuelas beneficiadas con $ 33.000.000 para sanitarios nuevos, perforaciones y refacciones integrales<\/p>\n\n\n\n<p>Finalmente, el ministro Sedoff aclar\u00f3 que desde la semana pasada se encuentran trabajando en la EPET 9 de Leandro N. Alem, con el fin de resolver los distintos problemas que presenta dicho establecimiento. La empresa contratada para tal prop\u00f3sito se ha abocado a solucionar las filtraciones de agua, el entrepiso de madera, cielorrasos, iluminaci\u00f3n, humedad en paredes y ba\u00f1os en la zona de los Talleres, as\u00ed como filtraciones, humedad, aberturas, iluminaci\u00f3n y ba\u00f1os en el SUM y las aulas.&nbsp;<\/p>\n\n\n\n<p><\/p>\n","protected":false},"excerpt":{"rendered":"<p>El ministro de Educaci\u00f3n de la provincia dio detalles de la inversi\u00f3n en infraestructura edilicia, m\u00e1s de 700 millones de pesos para que el retorno a las clases presenciales sea seguro. Miguel Sedoff, titular de la cartera educativa de Misiones, brind\u00f3 datos acerca de las distintas obras de infraestructura en las instalaciones escolares de la [&hellip;]<\/p>\n","protected":false},"author":2,"featured_media":2474,"comment_status":"open","ping_status":"open","sticky":false,"template":"","format":"standard","meta":{"footnotes":""},"categories":[26],"tags":[],"class_list":["post-2473","post","type-post","status-publish","format-standard","has-post-thumbnail","hentry","category-educacion"],"yoast_head":"<!-- This site is optimized with the Yoast SEO plugin v27.5 - https:\/\/yoast.com\/product\/yoast-seo-wordpress\/ -->\n<title>Ciclo Lectivo 2021 en Misiones: obras en 800 escuelas | CVI NOTICIAS<\/title>\n<meta name=\"robots\" content=\"index, follow, max-snippet:-1, max-image-preview:large, max-video-preview:-1\" \/>\n<link rel=\"canonical\" href=\"https:\/\/cvinoticias.com\/v3\/ciclo-lectivo-2021-en-misiones-obras-en-800-escuelas\/\" \/>\n<meta property=\"og:locale\" content=\"es_ES\" \/>\n<meta property=\"og:type\" content=\"article\" \/>\n<meta property=\"og:title\" content=\"Ciclo Lectivo 2021 en Misiones: obras en 800 escuelas | CVI NOTICIAS\" \/>\n<meta property=\"og:description\" content=\"El ministro de Educaci\u00f3n de la provincia dio detalles de la inversi\u00f3n en infraestructura edilicia, m\u00e1s de 700 millones de pesos para que el retorno a las clases presenciales sea seguro. Miguel Sedoff, titular de la cartera educativa de Misiones, brind\u00f3 datos acerca de las distintas obras de infraestructura en las instalaciones escolares de la [&hellip;]\" \/>\n<meta property=\"og:url\" content=\"https:\/\/cvinoticias.com\/v3\/ciclo-lectivo-2021-en-misiones-obras-en-800-escuelas\/\" \/>\n<meta property=\"og:site_name\" content=\"CVI NOTICIAS\" \/>\n<meta property=\"article:publisher\" content=\"https:\/\/www.facebook.com\/cvinoticias\" \/>\n<meta property=\"article:published_time\" content=\"2021-02-07T14:49:27+00:00\" \/>\n<meta property=\"og:image\" content=\"https:\/\/cvinoticias.com\/wp-content\/uploads\/2021\/02\/regreso-a-clases-813x458-1.jpg\" \/>\n\t<meta property=\"og:image:width\" content=\"813\" \/>\n\t<meta property=\"og:image:height\" content=\"458\" \/>\n\t<meta property=\"og:image:type\" content=\"image\/jpeg\" \/>\n<meta name=\"author\" content=\"f1000024\" \/>\n<meta name=\"twitter:card\" content=\"summary_large_image\" \/>\n<meta name=\"twitter:label1\" content=\"Escrito por\" \/>\n\t<meta name=\"twitter:data1\" content=\"f1000024\" \/>\n\t<meta name=\"twitter:label2\" content=\"Tiempo de lectura\" \/>\n\t<meta name=\"twitter:data2\" content=\"3 minutos\" \/>\n<script type=\"application\/ld+json\" class=\"yoast-schema-graph\">{\"@context\":\"https:\\\/\\\/schema.org\",\"@graph\":[{\"@type\":\"Article\",\"@id\":\"https:\\\/\\\/cvinoticias.com\\\/v3\\\/ciclo-lectivo-2021-en-misiones-obras-en-800-escuelas\\\/#article\",\"isPartOf\":{\"@id\":\"https:\\\/\\\/cvinoticias.com\\\/v3\\\/ciclo-lectivo-2021-en-misiones-obras-en-800-escuelas\\\/\"},\"author\":{\"name\":\"f1000024\",\"@id\":\"https:\\\/\\\/cvinoticias.com\\\/v3\\\/#\\\/schema\\\/person\\\/2db77e3c6bc03c538495d7b2b8be9b66\"},\"headline\":\"Ciclo Lectivo 2021 en Misiones: obras en 800 escuelas\",\"datePublished\":\"2021-02-07T14:49:27+00:00\",\"mainEntityOfPage\":{\"@id\":\"https:\\\/\\\/cvinoticias.com\\\/v3\\\/ciclo-lectivo-2021-en-misiones-obras-en-800-escuelas\\\/\"},\"wordCount\":532,\"commentCount\":1,\"publisher\":{\"@id\":\"https:\\\/\\\/cvinoticias.com\\\/v3\\\/#organization\"},\"image\":{\"@id\":\"https:\\\/\\\/cvinoticias.com\\\/v3\\\/ciclo-lectivo-2021-en-misiones-obras-en-800-escuelas\\\/#primaryimage\"},\"thumbnailUrl\":\"https:\\\/\\\/cvinoticias.com\\\/wp-content\\\/uploads\\\/2021\\\/02\\\/regreso-a-clases-813x458-1.jpg\",\"articleSection\":[\"Educacion\"],\"inLanguage\":\"es\",\"potentialAction\":[{\"@type\":\"CommentAction\",\"name\":\"Comment\",\"target\":[\"https:\\\/\\\/cvinoticias.com\\\/v3\\\/ciclo-lectivo-2021-en-misiones-obras-en-800-escuelas\\\/#respond\"]}]},{\"@type\":\"WebPage\",\"@id\":\"https:\\\/\\\/cvinoticias.com\\\/v3\\\/ciclo-lectivo-2021-en-misiones-obras-en-800-escuelas\\\/\",\"url\":\"https:\\\/\\\/cvinoticias.com\\\/v3\\\/ciclo-lectivo-2021-en-misiones-obras-en-800-escuelas\\\/\",\"name\":\"Ciclo Lectivo 2021 en Misiones: obras en 800 escuelas | CVI NOTICIAS\",\"isPartOf\":{\"@id\":\"https:\\\/\\\/cvinoticias.com\\\/v3\\\/#website\"},\"primaryImageOfPage\":{\"@id\":\"https:\\\/\\\/cvinoticias.com\\\/v3\\\/ciclo-lectivo-2021-en-misiones-obras-en-800-escuelas\\\/#primaryimage\"},\"image\":{\"@id\":\"https:\\\/\\\/cvinoticias.com\\\/v3\\\/ciclo-lectivo-2021-en-misiones-obras-en-800-escuelas\\\/#primaryimage\"},\"thumbnailUrl\":\"https:\\\/\\\/cvinoticias.com\\\/wp-content\\\/uploads\\\/2021\\\/02\\\/regreso-a-clases-813x458-1.jpg\",\"datePublished\":\"2021-02-07T14:49:27+00:00\",\"breadcrumb\":{\"@id\":\"https:\\\/\\\/cvinoticias.com\\\/v3\\\/ciclo-lectivo-2021-en-misiones-obras-en-800-escuelas\\\/#breadcrumb\"},\"inLanguage\":\"es\",\"potentialAction\":[{\"@type\":\"ReadAction\",\"target\":[\"https:\\\/\\\/cvinoticias.com\\\/v3\\\/ciclo-lectivo-2021-en-misiones-obras-en-800-escuelas\\\/\"]}]},{\"@type\":\"ImageObject\",\"inLanguage\":\"es\",\"@id\":\"https:\\\/\\\/cvinoticias.com\\\/v3\\\/ciclo-lectivo-2021-en-misiones-obras-en-800-escuelas\\\/#primaryimage\",\"url\":\"https:\\\/\\\/cvinoticias.com\\\/wp-content\\\/uploads\\\/2021\\\/02\\\/regreso-a-clases-813x458-1.jpg\",\"contentUrl\":\"https:\\\/\\\/cvinoticias.com\\\/wp-content\\\/uploads\\\/2021\\\/02\\\/regreso-a-clases-813x458-1.jpg\",\"width\":813,\"height\":458},{\"@type\":\"BreadcrumbList\",\"@id\":\"https:\\\/\\\/cvinoticias.com\\\/v3\\\/ciclo-lectivo-2021-en-misiones-obras-en-800-escuelas\\\/#breadcrumb\",\"itemListElement\":[{\"@type\":\"ListItem\",\"position\":1,\"name\":\"Portada\",\"item\":\"https:\\\/\\\/cvinoticias.com\\\/v3\\\/\"},{\"@type\":\"ListItem\",\"position\":2,\"name\":\"Ciclo Lectivo 2021 en Misiones: obras en 800 escuelas\"}]},{\"@type\":\"WebSite\",\"@id\":\"https:\\\/\\\/cvinoticias.com\\\/v3\\\/#website\",\"url\":\"https:\\\/\\\/cvinoticias.com\\\/v3\\\/\",\"name\":\"CVI NOTICIAS\",\"description\":\"\",\"publisher\":{\"@id\":\"https:\\\/\\\/cvinoticias.com\\\/v3\\\/#organization\"},\"alternateName\":\"CVI\",\"potentialAction\":[{\"@type\":\"SearchAction\",\"target\":{\"@type\":\"EntryPoint\",\"urlTemplate\":\"https:\\\/\\\/cvinoticias.com\\\/v3\\\/?s={search_term_string}\"},\"query-input\":{\"@type\":\"PropertyValueSpecification\",\"valueRequired\":true,\"valueName\":\"search_term_string\"}}],\"inLanguage\":\"es\"},{\"@type\":\"Organization\",\"@id\":\"https:\\\/\\\/cvinoticias.com\\\/v3\\\/#organization\",\"name\":\"CVI NOTICIAS\",\"url\":\"https:\\\/\\\/cvinoticias.com\\\/v3\\\/\",\"logo\":{\"@type\":\"ImageObject\",\"inLanguage\":\"es\",\"@id\":\"https:\\\/\\\/cvinoticias.com\\\/v3\\\/#\\\/schema\\\/logo\\\/image\\\/\",\"url\":\"https:\\\/\\\/cvinoticias.com\\\/wp-content\\\/uploads\\\/2023\\\/04\\\/cropped-cropped-cropped-cropped-cropped-3-1.png\",\"contentUrl\":\"https:\\\/\\\/cvinoticias.com\\\/wp-content\\\/uploads\\\/2023\\\/04\\\/cropped-cropped-cropped-cropped-cropped-3-1.png\",\"width\":95,\"height\":122,\"caption\":\"CVI NOTICIAS\"},\"image\":{\"@id\":\"https:\\\/\\\/cvinoticias.com\\\/v3\\\/#\\\/schema\\\/logo\\\/image\\\/\"},\"sameAs\":[\"https:\\\/\\\/www.facebook.com\\\/cvinoticias\",\"https:\\\/\\\/www.instagram.com\\\/cvinoticias\\\/\",\"https:\\\/\\\/www.youtube.com\\\/@CVINOTICIAS\"]},{\"@type\":\"Person\",\"@id\":\"https:\\\/\\\/cvinoticias.com\\\/v3\\\/#\\\/schema\\\/person\\\/2db77e3c6bc03c538495d7b2b8be9b66\",\"name\":\"f1000024\",\"image\":{\"@type\":\"ImageObject\",\"inLanguage\":\"es\",\"@id\":\"https:\\\/\\\/secure.gravatar.com\\\/avatar\\\/d4fe7459cfc51ff5129ce1a732bbef5928568b8092d412ef95611616376bbeed?s=96&d=mm&r=g\",\"url\":\"https:\\\/\\\/secure.gravatar.com\\\/avatar\\\/d4fe7459cfc51ff5129ce1a732bbef5928568b8092d412ef95611616376bbeed?s=96&d=mm&r=g\",\"contentUrl\":\"https:\\\/\\\/secure.gravatar.com\\\/avatar\\\/d4fe7459cfc51ff5129ce1a732bbef5928568b8092d412ef95611616376bbeed?s=96&d=mm&r=g\",\"caption\":\"f1000024\"},\"url\":\"https:\\\/\\\/cvinoticias.com\\\/v3\\\/author\\\/f1000024\\\/\"}]}<\/script>\n<!-- \/ Yoast SEO plugin. -->","yoast_head_json":{"title":"Ciclo Lectivo 2021 en Misiones: obras en 800 escuelas | CVI NOTICIAS","robots":{"index":"index","follow":"follow","max-snippet":"max-snippet:-1","max-image-preview":"max-image-preview:large","max-video-preview":"max-video-preview:-1"},"canonical":"https:\/\/cvinoticias.com\/v3\/ciclo-lectivo-2021-en-misiones-obras-en-800-escuelas\/","og_locale":"es_ES","og_type":"article","og_title":"Ciclo Lectivo 2021 en Misiones: obras en 800 escuelas | CVI NOTICIAS","og_description":"El ministro de Educaci\u00f3n de la provincia dio detalles de la inversi\u00f3n en infraestructura edilicia, m\u00e1s de 700 millones de pesos para que el retorno a las clases presenciales sea seguro. Miguel Sedoff, titular de la cartera educativa de Misiones, brind\u00f3 datos acerca de las distintas obras de infraestructura en las instalaciones escolares de la [&hellip;]","og_url":"https:\/\/cvinoticias.com\/v3\/ciclo-lectivo-2021-en-misiones-obras-en-800-escuelas\/","og_site_name":"CVI NOTICIAS","article_publisher":"https:\/\/www.facebook.com\/cvinoticias","article_published_time":"2021-02-07T14:49:27+00:00","og_image":[{"width":813,"height":458,"url":"https:\/\/cvinoticias.com\/wp-content\/uploads\/2021\/02\/regreso-a-clases-813x458-1.jpg","type":"image\/jpeg"}],"author":"f1000024","twitter_card":"summary_large_image","twitter_misc":{"Escrito por":"f1000024","Tiempo de lectura":"3 minutos"},"schema":{"@context":"https:\/\/schema.org","@graph":[{"@type":"Article","@id":"https:\/\/cvinoticias.com\/v3\/ciclo-lectivo-2021-en-misiones-obras-en-800-escuelas\/#article","isPartOf":{"@id":"https:\/\/cvinoticias.com\/v3\/ciclo-lectivo-2021-en-misiones-obras-en-800-escuelas\/"},"author":{"name":"f1000024","@id":"https:\/\/cvinoticias.com\/v3\/#\/schema\/person\/2db77e3c6bc03c538495d7b2b8be9b66"},"headline":"Ciclo Lectivo 2021 en Misiones: obras en 800 escuelas","datePublished":"2021-02-07T14:49:27+00:00","mainEntityOfPage":{"@id":"https:\/\/cvinoticias.com\/v3\/ciclo-lectivo-2021-en-misiones-obras-en-800-escuelas\/"},"wordCount":532,"commentCount":1,"publisher":{"@id":"https:\/\/cvinoticias.com\/v3\/#organization"},"image":{"@id":"https:\/\/cvinoticias.com\/v3\/ciclo-lectivo-2021-en-misiones-obras-en-800-escuelas\/#primaryimage"},"thumbnailUrl":"https:\/\/cvinoticias.com\/wp-content\/uploads\/2021\/02\/regreso-a-clases-813x458-1.jpg","articleSection":["Educacion"],"inLanguage":"es","potentialAction":[{"@type":"CommentAction","name":"Comment","target":["https:\/\/cvinoticias.com\/v3\/ciclo-lectivo-2021-en-misiones-obras-en-800-escuelas\/#respond"]}]},{"@type":"WebPage","@id":"https:\/\/cvinoticias.com\/v3\/ciclo-lectivo-2021-en-misiones-obras-en-800-escuelas\/","url":"https:\/\/cvinoticias.com\/v3\/ciclo-lectivo-2021-en-misiones-obras-en-800-escuelas\/","name":"Ciclo Lectivo 2021 en Misiones: obras en 800 escuelas | CVI NOTICIAS","isPartOf":{"@id":"https:\/\/cvinoticias.com\/v3\/#website"},"primaryImageOfPage":{"@id":"https:\/\/cvinoticias.com\/v3\/ciclo-lectivo-2021-en-misiones-obras-en-800-escuelas\/#primaryimage"},"image":{"@id":"https:\/\/cvinoticias.com\/v3\/ciclo-lectivo-2021-en-misiones-obras-en-800-escuelas\/#primaryimage"},"thumbnailUrl":"https:\/\/cvinoticias.com\/wp-content\/uploads\/2021\/02\/regreso-a-clases-813x458-1.jpg","datePublished":"2021-02-07T14:49:27+00:00","breadcrumb":{"@id":"https:\/\/cvinoticias.com\/v3\/ciclo-lectivo-2021-en-misiones-obras-en-800-escuelas\/#breadcrumb"},"inLanguage":"es","potentialAction":[{"@type":"ReadAction","target":["https:\/\/cvinoticias.com\/v3\/ciclo-lectivo-2021-en-misiones-obras-en-800-escuelas\/"]}]},{"@type":"ImageObject","inLanguage":"es","@id":"https:\/\/cvinoticias.com\/v3\/ciclo-lectivo-2021-en-misiones-obras-en-800-escuelas\/#primaryimage","url":"https:\/\/cvinoticias.com\/wp-content\/uploads\/2021\/02\/regreso-a-clases-813x458-1.jpg","contentUrl":"https:\/\/cvinoticias.com\/wp-content\/uploads\/2021\/02\/regreso-a-clases-813x458-1.jpg","width":813,"height":458},{"@type":"BreadcrumbList","@id":"https:\/\/cvinoticias.com\/v3\/ciclo-lectivo-2021-en-misiones-obras-en-800-escuelas\/#breadcrumb","itemListElement":[{"@type":"ListItem","position":1,"name":"Portada","item":"https:\/\/cvinoticias.com\/v3\/"},{"@type":"ListItem","position":2,"name":"Ciclo Lectivo 2021 en Misiones: obras en 800 escuelas"}]},{"@type":"WebSite","@id":"https:\/\/cvinoticias.com\/v3\/#website","url":"https:\/\/cvinoticias.com\/v3\/","name":"CVI NOTICIAS","description":"","publisher":{"@id":"https:\/\/cvinoticias.com\/v3\/#organization"},"alternateName":"CVI","potentialAction":[{"@type":"SearchAction","target":{"@type":"EntryPoint","urlTemplate":"https:\/\/cvinoticias.com\/v3\/?s={search_term_string}"},"query-input":{"@type":"PropertyValueSpecification","valueRequired":true,"valueName":"search_term_string"}}],"inLanguage":"es"},{"@type":"Organization","@id":"https:\/\/cvinoticias.com\/v3\/#organization","name":"CVI NOTICIAS","url":"https:\/\/cvinoticias.com\/v3\/","logo":{"@type":"ImageObject","inLanguage":"es","@id":"https:\/\/cvinoticias.com\/v3\/#\/schema\/logo\/image\/","url":"https:\/\/cvinoticias.com\/wp-content\/uploads\/2023\/04\/cropped-cropped-cropped-cropped-cropped-3-1.png","contentUrl":"https:\/\/cvinoticias.com\/wp-content\/uploads\/2023\/04\/cropped-cropped-cropped-cropped-cropped-3-1.png","width":95,"height":122,"caption":"CVI NOTICIAS"},"image":{"@id":"https:\/\/cvinoticias.com\/v3\/#\/schema\/logo\/image\/"},"sameAs":["https:\/\/www.facebook.com\/cvinoticias","https:\/\/www.instagram.com\/cvinoticias\/","https:\/\/www.youtube.com\/@CVINOTICIAS"]},{"@type":"Person","@id":"https:\/\/cvinoticias.com\/v3\/#\/schema\/person\/2db77e3c6bc03c538495d7b2b8be9b66","name":"f1000024","image":{"@type":"ImageObject","inLanguage":"es","@id":"https:\/\/secure.gravatar.com\/avatar\/d4fe7459cfc51ff5129ce1a732bbef5928568b8092d412ef95611616376bbeed?s=96&d=mm&r=g","url":"https:\/\/secure.gravatar.com\/avatar\/d4fe7459cfc51ff5129ce1a732bbef5928568b8092d412ef95611616376bbeed?s=96&d=mm&r=g","contentUrl":"https:\/\/secure.gravatar.com\/avatar\/d4fe7459cfc51ff5129ce1a732bbef5928568b8092d412ef95611616376bbeed?s=96&d=mm&r=g","caption":"f1000024"},"url":"https:\/\/cvinoticias.com\/v3\/author\/f1000024\/"}]}},"_links":{"self":[{"href":"https:\/\/cvinoticias.com\/v3\/wp-json\/wp\/v2\/posts\/2473","targetHints":{"allow":["GET"]}}],"collection":[{"href":"https:\/\/cvinoticias.com\/v3\/wp-json\/wp\/v2\/posts"}],"about":[{"href":"https:\/\/cvinoticias.com\/v3\/wp-json\/wp\/v2\/types\/post"}],"author":[{"embeddable":true,"href":"https:\/\/cvinoticias.com\/v3\/wp-json\/wp\/v2\/users\/2"}],"replies":[{"embeddable":true,"href":"https:\/\/cvinoticias.com\/v3\/wp-json\/wp\/v2\/comments?post=2473"}],"version-history":[{"count":1,"href":"https:\/\/cvinoticias.com\/v3\/wp-json\/wp\/v2\/posts\/2473\/revisions"}],"predecessor-version":[{"id":2475,"href":"https:\/\/cvinoticias.com\/v3\/wp-json\/wp\/v2\/posts\/2473\/revisions\/2475"}],"wp:featuredmedia":[{"embeddable":true,"href":"https:\/\/cvinoticias.com\/v3\/wp-json\/wp\/v2\/media\/2474"}],"wp:attachment":[{"href":"https:\/\/cvinoticias.com\/v3\/wp-json\/wp\/v2\/media?parent=2473"}],"wp:term":[{"taxonomy":"category","embeddable":true,"href":"https:\/\/cvinoticias.com\/v3\/wp-json\/wp\/v2\/categories?post=2473"},{"taxonomy":"post_tag","embeddable":true,"href":"https:\/\/cvinoticias.com\/v3\/wp-json\/wp\/v2\/tags?post=2473"}],"curies":[{"name":"wp","href":"https:\/\/api.w.org\/{rel}","templated":true}]}}