{"id":24727,"date":"2023-05-10T04:39:39","date_gmt":"2023-05-10T04:39:39","guid":{"rendered":"https:\/\/cvinoticias.com\/v3\/?p=24727"},"modified":"2023-05-10T04:39:39","modified_gmt":"2023-05-10T04:39:39","slug":"la-corte-suprema-de-justicia-suspendio-las-elecciones-de-este-domingo-en-tucuman-y-san-juan","status":"publish","type":"post","link":"https:\/\/cvinoticias.com\/v3\/la-corte-suprema-de-justicia-suspendio-las-elecciones-de-este-domingo-en-tucuman-y-san-juan\/","title":{"rendered":"La Corte Suprema de Justicia suspendi\u00f3 las elecciones de este domingo en Tucum\u00e1n y San Juan"},"content":{"rendered":"\n<p><strong><em>Los comicios provinciales previstos para este fin de semana fueron suspendidos por el m\u00e1ximo tribunal, seg\u00fan dos fallos conocidos esta tarde.<\/em><\/strong><\/p>\n\n\n\n<p>La Corte Suprema de Justicia suspendi\u00f3 este martes las elecciones provinciales de este domingo en las provincias de Tucum\u00e1n y San Juan, al conceder amparos que solicitaron que se declare inconstitucional las candidaturas de Juan Manzur y Sergio U\u00f1ac, respectivamente, en esos distritos.<\/p>\n\n\n\n<p>En el caso del sanjuanino U\u00f1ac, la oposici\u00f3n argument\u00f3 que de resultar electo completar\u00eda \u201ccuatro per\u00edodos\u201d, una duraci\u00f3n que proh\u00edbe la Constituci\u00f3n local y, en el caso de Manzur, que habiendo sido dos veces gobernador, tambi\u00e9n estar\u00eda vulnerando la norma de la alternancia.<\/p>\n\n\n\n<p>El m\u00e1ximo tribunal suspendi\u00f3 las elecciones y solicit\u00f3 a los tribunales electorales provinciales que env\u00eden informes sobre las candidaturas en un plazo m\u00e1ximo de cinco d\u00edas.<\/p>\n","protected":false},"excerpt":{"rendered":"<p>Los comicios provinciales previstos para este fin de semana fueron suspendidos por el m\u00e1ximo tribunal, seg\u00fan dos fallos conocidos esta tarde. La Corte Suprema de Justicia suspendi\u00f3 este martes las elecciones provinciales de este domingo en las provincias de Tucum\u00e1n y San Juan, al conceder amparos que solicitaron que se declare inconstitucional las candidaturas de [&hellip;]<\/p>\n","protected":false},"author":2,"featured_media":24728,"comment_status":"open","ping_status":"open","sticky":false,"template":"","format":"standard","meta":{"footnotes":""},"categories":[39],"tags":[],"class_list":["post-24727","post","type-post","status-publish","format-standard","has-post-thumbnail","hentry","category-nacionales"],"yoast_head":"<!-- This site is optimized with the Yoast SEO plugin v27.4 - https:\/\/yoast.com\/product\/yoast-seo-wordpress\/ -->\n<title>La Corte Suprema de Justicia suspendi\u00f3 las elecciones de este domingo en Tucum\u00e1n y San Juan | CVI NOTICIAS<\/title>\n<meta name=\"robots\" content=\"index, follow, max-snippet:-1, max-image-preview:large, max-video-preview:-1\" \/>\n<link rel=\"canonical\" href=\"https:\/\/cvinoticias.com\/v3\/la-corte-suprema-de-justicia-suspendio-las-elecciones-de-este-domingo-en-tucuman-y-san-juan\/\" \/>\n<meta property=\"og:locale\" content=\"es_ES\" \/>\n<meta property=\"og:type\" content=\"article\" \/>\n<meta property=\"og:title\" content=\"La Corte Suprema de Justicia suspendi\u00f3 las elecciones de este domingo en Tucum\u00e1n y San Juan | CVI NOTICIAS\" \/>\n<meta property=\"og:description\" content=\"Los comicios provinciales previstos para este fin de semana fueron suspendidos por el m\u00e1ximo tribunal, seg\u00fan dos fallos conocidos esta tarde. La Corte Suprema de Justicia suspendi\u00f3 este martes las elecciones provinciales de este domingo en las provincias de Tucum\u00e1n y San Juan, al conceder amparos que solicitaron que se declare inconstitucional las candidaturas de [&hellip;]\" \/>\n<meta property=\"og:url\" content=\"https:\/\/cvinoticias.com\/v3\/la-corte-suprema-de-justicia-suspendio-las-elecciones-de-este-domingo-en-tucuman-y-san-juan\/\" \/>\n<meta property=\"og:site_name\" content=\"CVI NOTICIAS\" \/>\n<meta property=\"article:publisher\" content=\"https:\/\/www.facebook.com\/cvinoticias\" \/>\n<meta property=\"article:published_time\" content=\"2023-05-10T04:39:39+00:00\" \/>\n<meta property=\"og:image\" content=\"https:\/\/cvinoticias.com\/wp-content\/uploads\/2023\/05\/corte-suprema-justicia-nacion.jpg\" \/>\n\t<meta property=\"og:image:width\" content=\"1004\" \/>\n\t<meta property=\"og:image:height\" content=\"565\" \/>\n\t<meta property=\"og:image:type\" content=\"image\/jpeg\" \/>\n<meta name=\"author\" content=\"f1000024\" \/>\n<meta name=\"twitter:card\" content=\"summary_large_image\" \/>\n<meta name=\"twitter:label1\" content=\"Escrito por\" \/>\n\t<meta name=\"twitter:data1\" content=\"f1000024\" \/>\n\t<meta name=\"twitter:label2\" content=\"Tiempo de lectura\" \/>\n\t<meta name=\"twitter:data2\" content=\"1 minuto\" \/>\n<script type=\"application\/ld+json\" class=\"yoast-schema-graph\">{\"@context\":\"https:\\\/\\\/schema.org\",\"@graph\":[{\"@type\":\"Article\",\"@id\":\"https:\\\/\\\/cvinoticias.com\\\/v3\\\/la-corte-suprema-de-justicia-suspendio-las-elecciones-de-este-domingo-en-tucuman-y-san-juan\\\/#article\",\"isPartOf\":{\"@id\":\"https:\\\/\\\/cvinoticias.com\\\/v3\\\/la-corte-suprema-de-justicia-suspendio-las-elecciones-de-este-domingo-en-tucuman-y-san-juan\\\/\"},\"author\":{\"name\":\"f1000024\",\"@id\":\"https:\\\/\\\/cvinoticias.com\\\/v3\\\/#\\\/schema\\\/person\\\/2db77e3c6bc03c538495d7b2b8be9b66\"},\"headline\":\"La Corte Suprema de Justicia suspendi\u00f3 las elecciones de este domingo en Tucum\u00e1n y San Juan\",\"datePublished\":\"2023-05-10T04:39:39+00:00\",\"mainEntityOfPage\":{\"@id\":\"https:\\\/\\\/cvinoticias.com\\\/v3\\\/la-corte-suprema-de-justicia-suspendio-las-elecciones-de-este-domingo-en-tucuman-y-san-juan\\\/\"},\"wordCount\":167,\"commentCount\":0,\"publisher\":{\"@id\":\"https:\\\/\\\/cvinoticias.com\\\/v3\\\/#organization\"},\"image\":{\"@id\":\"https:\\\/\\\/cvinoticias.com\\\/v3\\\/la-corte-suprema-de-justicia-suspendio-las-elecciones-de-este-domingo-en-tucuman-y-san-juan\\\/#primaryimage\"},\"thumbnailUrl\":\"https:\\\/\\\/cvinoticias.com\\\/wp-content\\\/uploads\\\/2023\\\/05\\\/corte-suprema-justicia-nacion.jpg\",\"articleSection\":[\"Nacionales\"],\"inLanguage\":\"es\",\"potentialAction\":[{\"@type\":\"CommentAction\",\"name\":\"Comment\",\"target\":[\"https:\\\/\\\/cvinoticias.com\\\/v3\\\/la-corte-suprema-de-justicia-suspendio-las-elecciones-de-este-domingo-en-tucuman-y-san-juan\\\/#respond\"]}]},{\"@type\":\"WebPage\",\"@id\":\"https:\\\/\\\/cvinoticias.com\\\/v3\\\/la-corte-suprema-de-justicia-suspendio-las-elecciones-de-este-domingo-en-tucuman-y-san-juan\\\/\",\"url\":\"https:\\\/\\\/cvinoticias.com\\\/v3\\\/la-corte-suprema-de-justicia-suspendio-las-elecciones-de-este-domingo-en-tucuman-y-san-juan\\\/\",\"name\":\"La Corte Suprema de Justicia suspendi\u00f3 las elecciones de este domingo en Tucum\u00e1n y San Juan | CVI NOTICIAS\",\"isPartOf\":{\"@id\":\"https:\\\/\\\/cvinoticias.com\\\/v3\\\/#website\"},\"primaryImageOfPage\":{\"@id\":\"https:\\\/\\\/cvinoticias.com\\\/v3\\\/la-corte-suprema-de-justicia-suspendio-las-elecciones-de-este-domingo-en-tucuman-y-san-juan\\\/#primaryimage\"},\"image\":{\"@id\":\"https:\\\/\\\/cvinoticias.com\\\/v3\\\/la-corte-suprema-de-justicia-suspendio-las-elecciones-de-este-domingo-en-tucuman-y-san-juan\\\/#primaryimage\"},\"thumbnailUrl\":\"https:\\\/\\\/cvinoticias.com\\\/wp-content\\\/uploads\\\/2023\\\/05\\\/corte-suprema-justicia-nacion.jpg\",\"datePublished\":\"2023-05-10T04:39:39+00:00\",\"breadcrumb\":{\"@id\":\"https:\\\/\\\/cvinoticias.com\\\/v3\\\/la-corte-suprema-de-justicia-suspendio-las-elecciones-de-este-domingo-en-tucuman-y-san-juan\\\/#breadcrumb\"},\"inLanguage\":\"es\",\"potentialAction\":[{\"@type\":\"ReadAction\",\"target\":[\"https:\\\/\\\/cvinoticias.com\\\/v3\\\/la-corte-suprema-de-justicia-suspendio-las-elecciones-de-este-domingo-en-tucuman-y-san-juan\\\/\"]}]},{\"@type\":\"ImageObject\",\"inLanguage\":\"es\",\"@id\":\"https:\\\/\\\/cvinoticias.com\\\/v3\\\/la-corte-suprema-de-justicia-suspendio-las-elecciones-de-este-domingo-en-tucuman-y-san-juan\\\/#primaryimage\",\"url\":\"https:\\\/\\\/cvinoticias.com\\\/wp-content\\\/uploads\\\/2023\\\/05\\\/corte-suprema-justicia-nacion.jpg\",\"contentUrl\":\"https:\\\/\\\/cvinoticias.com\\\/wp-content\\\/uploads\\\/2023\\\/05\\\/corte-suprema-justicia-nacion.jpg\",\"width\":1004,\"height\":565},{\"@type\":\"BreadcrumbList\",\"@id\":\"https:\\\/\\\/cvinoticias.com\\\/v3\\\/la-corte-suprema-de-justicia-suspendio-las-elecciones-de-este-domingo-en-tucuman-y-san-juan\\\/#breadcrumb\",\"itemListElement\":[{\"@type\":\"ListItem\",\"position\":1,\"name\":\"Portada\",\"item\":\"https:\\\/\\\/cvinoticias.com\\\/v3\\\/\"},{\"@type\":\"ListItem\",\"position\":2,\"name\":\"La Corte Suprema de Justicia suspendi\u00f3 las elecciones de este domingo en Tucum\u00e1n y San Juan\"}]},{\"@type\":\"WebSite\",\"@id\":\"https:\\\/\\\/cvinoticias.com\\\/v3\\\/#website\",\"url\":\"https:\\\/\\\/cvinoticias.com\\\/v3\\\/\",\"name\":\"CVI NOTICIAS\",\"description\":\"\",\"publisher\":{\"@id\":\"https:\\\/\\\/cvinoticias.com\\\/v3\\\/#organization\"},\"alternateName\":\"CVI\",\"potentialAction\":[{\"@type\":\"SearchAction\",\"target\":{\"@type\":\"EntryPoint\",\"urlTemplate\":\"https:\\\/\\\/cvinoticias.com\\\/v3\\\/?s={search_term_string}\"},\"query-input\":{\"@type\":\"PropertyValueSpecification\",\"valueRequired\":true,\"valueName\":\"search_term_string\"}}],\"inLanguage\":\"es\"},{\"@type\":\"Organization\",\"@id\":\"https:\\\/\\\/cvinoticias.com\\\/v3\\\/#organization\",\"name\":\"CVI NOTICIAS\",\"url\":\"https:\\\/\\\/cvinoticias.com\\\/v3\\\/\",\"logo\":{\"@type\":\"ImageObject\",\"inLanguage\":\"es\",\"@id\":\"https:\\\/\\\/cvinoticias.com\\\/v3\\\/#\\\/schema\\\/logo\\\/image\\\/\",\"url\":\"https:\\\/\\\/cvinoticias.com\\\/wp-content\\\/uploads\\\/2023\\\/04\\\/cropped-cropped-cropped-cropped-cropped-3-1.png\",\"contentUrl\":\"https:\\\/\\\/cvinoticias.com\\\/wp-content\\\/uploads\\\/2023\\\/04\\\/cropped-cropped-cropped-cropped-cropped-3-1.png\",\"width\":95,\"height\":122,\"caption\":\"CVI NOTICIAS\"},\"image\":{\"@id\":\"https:\\\/\\\/cvinoticias.com\\\/v3\\\/#\\\/schema\\\/logo\\\/image\\\/\"},\"sameAs\":[\"https:\\\/\\\/www.facebook.com\\\/cvinoticias\",\"https:\\\/\\\/www.instagram.com\\\/cvinoticias\\\/\",\"https:\\\/\\\/www.youtube.com\\\/@CVINOTICIAS\"]},{\"@type\":\"Person\",\"@id\":\"https:\\\/\\\/cvinoticias.com\\\/v3\\\/#\\\/schema\\\/person\\\/2db77e3c6bc03c538495d7b2b8be9b66\",\"name\":\"f1000024\",\"image\":{\"@type\":\"ImageObject\",\"inLanguage\":\"es\",\"@id\":\"https:\\\/\\\/secure.gravatar.com\\\/avatar\\\/d4fe7459cfc51ff5129ce1a732bbef5928568b8092d412ef95611616376bbeed?s=96&d=mm&r=g\",\"url\":\"https:\\\/\\\/secure.gravatar.com\\\/avatar\\\/d4fe7459cfc51ff5129ce1a732bbef5928568b8092d412ef95611616376bbeed?s=96&d=mm&r=g\",\"contentUrl\":\"https:\\\/\\\/secure.gravatar.com\\\/avatar\\\/d4fe7459cfc51ff5129ce1a732bbef5928568b8092d412ef95611616376bbeed?s=96&d=mm&r=g\",\"caption\":\"f1000024\"},\"url\":\"https:\\\/\\\/cvinoticias.com\\\/v3\\\/author\\\/f1000024\\\/\"}]}<\/script>\n<!-- \/ Yoast SEO plugin. -->","yoast_head_json":{"title":"La Corte Suprema de Justicia suspendi\u00f3 las elecciones de este domingo en Tucum\u00e1n y San Juan | CVI NOTICIAS","robots":{"index":"index","follow":"follow","max-snippet":"max-snippet:-1","max-image-preview":"max-image-preview:large","max-video-preview":"max-video-preview:-1"},"canonical":"https:\/\/cvinoticias.com\/v3\/la-corte-suprema-de-justicia-suspendio-las-elecciones-de-este-domingo-en-tucuman-y-san-juan\/","og_locale":"es_ES","og_type":"article","og_title":"La Corte Suprema de Justicia suspendi\u00f3 las elecciones de este domingo en Tucum\u00e1n y San Juan | CVI NOTICIAS","og_description":"Los comicios provinciales previstos para este fin de semana fueron suspendidos por el m\u00e1ximo tribunal, seg\u00fan dos fallos conocidos esta tarde. La Corte Suprema de Justicia suspendi\u00f3 este martes las elecciones provinciales de este domingo en las provincias de Tucum\u00e1n y San Juan, al conceder amparos que solicitaron que se declare inconstitucional las candidaturas de [&hellip;]","og_url":"https:\/\/cvinoticias.com\/v3\/la-corte-suprema-de-justicia-suspendio-las-elecciones-de-este-domingo-en-tucuman-y-san-juan\/","og_site_name":"CVI NOTICIAS","article_publisher":"https:\/\/www.facebook.com\/cvinoticias","article_published_time":"2023-05-10T04:39:39+00:00","og_image":[{"width":1004,"height":565,"url":"https:\/\/cvinoticias.com\/wp-content\/uploads\/2023\/05\/corte-suprema-justicia-nacion.jpg","type":"image\/jpeg"}],"author":"f1000024","twitter_card":"summary_large_image","twitter_misc":{"Escrito por":"f1000024","Tiempo de lectura":"1 minuto"},"schema":{"@context":"https:\/\/schema.org","@graph":[{"@type":"Article","@id":"https:\/\/cvinoticias.com\/v3\/la-corte-suprema-de-justicia-suspendio-las-elecciones-de-este-domingo-en-tucuman-y-san-juan\/#article","isPartOf":{"@id":"https:\/\/cvinoticias.com\/v3\/la-corte-suprema-de-justicia-suspendio-las-elecciones-de-este-domingo-en-tucuman-y-san-juan\/"},"author":{"name":"f1000024","@id":"https:\/\/cvinoticias.com\/v3\/#\/schema\/person\/2db77e3c6bc03c538495d7b2b8be9b66"},"headline":"La Corte Suprema de Justicia suspendi\u00f3 las elecciones de este domingo en Tucum\u00e1n y San Juan","datePublished":"2023-05-10T04:39:39+00:00","mainEntityOfPage":{"@id":"https:\/\/cvinoticias.com\/v3\/la-corte-suprema-de-justicia-suspendio-las-elecciones-de-este-domingo-en-tucuman-y-san-juan\/"},"wordCount":167,"commentCount":0,"publisher":{"@id":"https:\/\/cvinoticias.com\/v3\/#organization"},"image":{"@id":"https:\/\/cvinoticias.com\/v3\/la-corte-suprema-de-justicia-suspendio-las-elecciones-de-este-domingo-en-tucuman-y-san-juan\/#primaryimage"},"thumbnailUrl":"https:\/\/cvinoticias.com\/wp-content\/uploads\/2023\/05\/corte-suprema-justicia-nacion.jpg","articleSection":["Nacionales"],"inLanguage":"es","potentialAction":[{"@type":"CommentAction","name":"Comment","target":["https:\/\/cvinoticias.com\/v3\/la-corte-suprema-de-justicia-suspendio-las-elecciones-de-este-domingo-en-tucuman-y-san-juan\/#respond"]}]},{"@type":"WebPage","@id":"https:\/\/cvinoticias.com\/v3\/la-corte-suprema-de-justicia-suspendio-las-elecciones-de-este-domingo-en-tucuman-y-san-juan\/","url":"https:\/\/cvinoticias.com\/v3\/la-corte-suprema-de-justicia-suspendio-las-elecciones-de-este-domingo-en-tucuman-y-san-juan\/","name":"La Corte Suprema de Justicia suspendi\u00f3 las elecciones de este domingo en Tucum\u00e1n y San Juan | CVI NOTICIAS","isPartOf":{"@id":"https:\/\/cvinoticias.com\/v3\/#website"},"primaryImageOfPage":{"@id":"https:\/\/cvinoticias.com\/v3\/la-corte-suprema-de-justicia-suspendio-las-elecciones-de-este-domingo-en-tucuman-y-san-juan\/#primaryimage"},"image":{"@id":"https:\/\/cvinoticias.com\/v3\/la-corte-suprema-de-justicia-suspendio-las-elecciones-de-este-domingo-en-tucuman-y-san-juan\/#primaryimage"},"thumbnailUrl":"https:\/\/cvinoticias.com\/wp-content\/uploads\/2023\/05\/corte-suprema-justicia-nacion.jpg","datePublished":"2023-05-10T04:39:39+00:00","breadcrumb":{"@id":"https:\/\/cvinoticias.com\/v3\/la-corte-suprema-de-justicia-suspendio-las-elecciones-de-este-domingo-en-tucuman-y-san-juan\/#breadcrumb"},"inLanguage":"es","potentialAction":[{"@type":"ReadAction","target":["https:\/\/cvinoticias.com\/v3\/la-corte-suprema-de-justicia-suspendio-las-elecciones-de-este-domingo-en-tucuman-y-san-juan\/"]}]},{"@type":"ImageObject","inLanguage":"es","@id":"https:\/\/cvinoticias.com\/v3\/la-corte-suprema-de-justicia-suspendio-las-elecciones-de-este-domingo-en-tucuman-y-san-juan\/#primaryimage","url":"https:\/\/cvinoticias.com\/wp-content\/uploads\/2023\/05\/corte-suprema-justicia-nacion.jpg","contentUrl":"https:\/\/cvinoticias.com\/wp-content\/uploads\/2023\/05\/corte-suprema-justicia-nacion.jpg","width":1004,"height":565},{"@type":"BreadcrumbList","@id":"https:\/\/cvinoticias.com\/v3\/la-corte-suprema-de-justicia-suspendio-las-elecciones-de-este-domingo-en-tucuman-y-san-juan\/#breadcrumb","itemListElement":[{"@type":"ListItem","position":1,"name":"Portada","item":"https:\/\/cvinoticias.com\/v3\/"},{"@type":"ListItem","position":2,"name":"La Corte Suprema de Justicia suspendi\u00f3 las elecciones de este domingo en Tucum\u00e1n y San Juan"}]},{"@type":"WebSite","@id":"https:\/\/cvinoticias.com\/v3\/#website","url":"https:\/\/cvinoticias.com\/v3\/","name":"CVI NOTICIAS","description":"","publisher":{"@id":"https:\/\/cvinoticias.com\/v3\/#organization"},"alternateName":"CVI","potentialAction":[{"@type":"SearchAction","target":{"@type":"EntryPoint","urlTemplate":"https:\/\/cvinoticias.com\/v3\/?s={search_term_string}"},"query-input":{"@type":"PropertyValueSpecification","valueRequired":true,"valueName":"search_term_string"}}],"inLanguage":"es"},{"@type":"Organization","@id":"https:\/\/cvinoticias.com\/v3\/#organization","name":"CVI NOTICIAS","url":"https:\/\/cvinoticias.com\/v3\/","logo":{"@type":"ImageObject","inLanguage":"es","@id":"https:\/\/cvinoticias.com\/v3\/#\/schema\/logo\/image\/","url":"https:\/\/cvinoticias.com\/wp-content\/uploads\/2023\/04\/cropped-cropped-cropped-cropped-cropped-3-1.png","contentUrl":"https:\/\/cvinoticias.com\/wp-content\/uploads\/2023\/04\/cropped-cropped-cropped-cropped-cropped-3-1.png","width":95,"height":122,"caption":"CVI NOTICIAS"},"image":{"@id":"https:\/\/cvinoticias.com\/v3\/#\/schema\/logo\/image\/"},"sameAs":["https:\/\/www.facebook.com\/cvinoticias","https:\/\/www.instagram.com\/cvinoticias\/","https:\/\/www.youtube.com\/@CVINOTICIAS"]},{"@type":"Person","@id":"https:\/\/cvinoticias.com\/v3\/#\/schema\/person\/2db77e3c6bc03c538495d7b2b8be9b66","name":"f1000024","image":{"@type":"ImageObject","inLanguage":"es","@id":"https:\/\/secure.gravatar.com\/avatar\/d4fe7459cfc51ff5129ce1a732bbef5928568b8092d412ef95611616376bbeed?s=96&d=mm&r=g","url":"https:\/\/secure.gravatar.com\/avatar\/d4fe7459cfc51ff5129ce1a732bbef5928568b8092d412ef95611616376bbeed?s=96&d=mm&r=g","contentUrl":"https:\/\/secure.gravatar.com\/avatar\/d4fe7459cfc51ff5129ce1a732bbef5928568b8092d412ef95611616376bbeed?s=96&d=mm&r=g","caption":"f1000024"},"url":"https:\/\/cvinoticias.com\/v3\/author\/f1000024\/"}]}},"_links":{"self":[{"href":"https:\/\/cvinoticias.com\/v3\/wp-json\/wp\/v2\/posts\/24727","targetHints":{"allow":["GET"]}}],"collection":[{"href":"https:\/\/cvinoticias.com\/v3\/wp-json\/wp\/v2\/posts"}],"about":[{"href":"https:\/\/cvinoticias.com\/v3\/wp-json\/wp\/v2\/types\/post"}],"author":[{"embeddable":true,"href":"https:\/\/cvinoticias.com\/v3\/wp-json\/wp\/v2\/users\/2"}],"replies":[{"embeddable":true,"href":"https:\/\/cvinoticias.com\/v3\/wp-json\/wp\/v2\/comments?post=24727"}],"version-history":[{"count":1,"href":"https:\/\/cvinoticias.com\/v3\/wp-json\/wp\/v2\/posts\/24727\/revisions"}],"predecessor-version":[{"id":24729,"href":"https:\/\/cvinoticias.com\/v3\/wp-json\/wp\/v2\/posts\/24727\/revisions\/24729"}],"wp:featuredmedia":[{"embeddable":true,"href":"https:\/\/cvinoticias.com\/v3\/wp-json\/wp\/v2\/media\/24728"}],"wp:attachment":[{"href":"https:\/\/cvinoticias.com\/v3\/wp-json\/wp\/v2\/media?parent=24727"}],"wp:term":[{"taxonomy":"category","embeddable":true,"href":"https:\/\/cvinoticias.com\/v3\/wp-json\/wp\/v2\/categories?post=24727"},{"taxonomy":"post_tag","embeddable":true,"href":"https:\/\/cvinoticias.com\/v3\/wp-json\/wp\/v2\/tags?post=24727"}],"curies":[{"name":"wp","href":"https:\/\/api.w.org\/{rel}","templated":true}]}}