{"id":24707,"date":"2023-05-09T10:46:12","date_gmt":"2023-05-09T10:46:12","guid":{"rendered":"https:\/\/cvinoticias.com\/v3\/?p=24707"},"modified":"2023-05-09T10:46:12","modified_gmt":"2023-05-09T10:46:12","slug":"rodriguez-larreta-presento-su-equipo-de-politica-exterior-y-un-plan-para-la-insercion-internacional-del-pais","status":"publish","type":"post","link":"https:\/\/cvinoticias.com\/v3\/rodriguez-larreta-presento-su-equipo-de-politica-exterior-y-un-plan-para-la-insercion-internacional-del-pais\/","title":{"rendered":"Rodr\u00edguez Larreta present\u00f3 su equipo de pol\u00edtica exterior y un plan para la inserci\u00f3n internacional del pa\u00eds"},"content":{"rendered":"\n<p><strong><em>Horacio Rodr\u00edguez Larreta present\u00f3 su equipo de pol\u00edtica exterior, integrado por m\u00e1s de 30 especialistas, entre los que se encuentran ex-funcionarios, diplom\u00e1ticos de carrera, acad\u00e9micos y expertos, y un plan para la inserci\u00f3n internacional del pa\u00eds. El grupo discuti\u00f3 un documento de 10 lineamientos b\u00e1sicos en materia de inserci\u00f3n internacional para el pr\u00f3ximo gobierno.<\/em><\/strong><\/p>\n\n\n\n<p>\u201cLa Argentina necesita un plan y uno de los pilares es la estrategia de inserci\u00f3n internacional. Uno de los mayores desaf\u00edos que tenemos a partir de diciembre de 2023 es reconstruir nuestro v\u00ednculo con el mundo. Para aprovechar las oportunidades que el mundo nos presenta, necesitamos una pol\u00edtica exterior enfocada en el desarrollo, que genere confianza a nivel internacional y as\u00ed permita aumente el comercio, atraer inversiones y potenciar los motores de crecimiento que tenemos en todo el pa\u00eds: los alimentos, la energ\u00eda, la miner\u00eda, el turismo, las industrias basadas en el conocimiento y aquellas en condiciones de competir a nivel internacional\u201d, se\u00f1al\u00f3 Rodr\u00edguez Larreta.<\/p>\n\n\n\n<p>La reuni\u00f3n, realizada en el bunker de campa\u00f1a de Olaz\u00e1bal, fue liderada por Fernando Straface, secretario general y de Relaciones Internacionales de la Ciudad; Mart\u00edn Redrado, secretario de Asuntos Estrat\u00e9gicos, y el excanciller Jorge Faurie, que junto a Ricardo Lagorio, exembajador en Rusia, y Francisco Resnicoff, subsecretario de Relaciones Internacionales de la Ciudad, coordinan el equipo de pol\u00edtica exterior de Rodr\u00edguez Larreta.<\/p>\n\n\n\n<figure class=\"wp-block-image size-large\"><a href=\"https:\/\/cvinoticias.com\/wp-content\/uploads\/2023\/05\/IMG-20230508-WA0103.jpg\"><img decoding=\"async\" width=\"1024\" height=\"682\" data-src=\"https:\/\/cvinoticias.com\/wp-content\/uploads\/2023\/05\/IMG-20230508-WA0103-1024x682.jpg\" alt=\"\" class=\"wp-image-24708 lazyload\" data-srcset=\"https:\/\/cvinoticias.com\/wp-content\/uploads\/2023\/05\/IMG-20230508-WA0103-1024x682.jpg 1024w, https:\/\/cvinoticias.com\/wp-content\/uploads\/2023\/05\/IMG-20230508-WA0103-300x200.jpg 300w, https:\/\/cvinoticias.com\/wp-content\/uploads\/2023\/05\/IMG-20230508-WA0103-768x512.jpg 768w, https:\/\/cvinoticias.com\/wp-content\/uploads\/2023\/05\/IMG-20230508-WA0103-1536x1023.jpg 1536w, https:\/\/cvinoticias.com\/wp-content\/uploads\/2023\/05\/IMG-20230508-WA0103.jpg 1600w\" data-sizes=\"(max-width: 1024px) 100vw, 1024px\" src=\"data:image\/svg+xml;base64,PHN2ZyB3aWR0aD0iMSIgaGVpZ2h0PSIxIiB4bWxucz0iaHR0cDovL3d3dy53My5vcmcvMjAwMC9zdmciPjwvc3ZnPg==\" style=\"--smush-placeholder-width: 1024px; --smush-placeholder-aspect-ratio: 1024\/682;\" \/><\/a><\/figure>\n\n\n\n<p>\u201cEl gobierno nacional dilapid\u00f3 la confianza internacional acumulada durante el gobierno de Mauricio Macri. Hoy tenemos una pol\u00edtica exterior incoherente, que no sirve a nuestro desarrollo sino a las internas del gobierno. Estamos en un mundo en transici\u00f3n, en el que dar se\u00f1ales de previsibilidad se vuelve fundamental. Debemos enviar mensajes claros, con medidas concretas, consensuadas y de largo plazo que nos muestren como un socio confiable y ampl\u00eden nuestras posibilidades, en lugar de limitarlas\u201d, afirm\u00f3 Rodr\u00edguez Larreta.<\/p>\n\n\n\n<p>Durante el encuentro, se present\u00f3 un documento con los principales lineamientos del plan, que destaca el legado del gobierno de Mauricio Macri como una pol\u00edtica exterior exitosa, con v\u00ednculos pragm\u00e1ticos y diversificados que aprovech\u00f3 las oportunidades creadas a partir de una inserci\u00f3n internacional inteligente\u201d. Participaron ex embajadores designados por el Gobierno de Mauricio Macri como Fernando Or\u00eds de Roa (Estados Unidos) y Ezequiel Sabor (M\u00e9xico); expertos como Juan Battaleme, Diego Cagliolo, Alejandro Mayoral, Bruno Binetti, Patricio Carmody, Ian Sielecki, Sof\u00eda Del Carril, y Javier Romero; diplom\u00e1ticos de carrera como Tom\u00e1s Ferrari (exembajador en Italia), Marcelo Cima (exembajador en Uni\u00f3n Europea, B\u00e9lgica y Luxemburgo), Marcelo Gilardoni (exembajador en Qatar, Arabia Saudita, Croacia, Om\u00e1n y Yemen), Carlos Hern\u00e1ndez (exembajador en Qatar), Alejandro Daneri (ex Presidente de Cascos Blancos), Rolando Pocovi, Carlos Carbonari, Marcelo Massoni, Claudio Gutierrez y Julio Mercado. Tambi\u00e9n asisti\u00f3 el embajador Facundo Vila, que coordina el equipo de pol\u00edtica exterior de la Coalici\u00f3n C\u00edvica.<\/p>\n\n\n\n<p>Asimismo, asistieron el ministro de Seguridad y Justicia de la Ciudad, Eugenio Burzaco; la senadora Gladys Gonz\u00e1lez, presidente de la Comisi\u00f3n de Ambiente del Senado; el vicepresidente de la C\u00e1mara de Diputados de la provincia de Buenos Aires, Fabi\u00e1n Perechodnik; el diputado nacional (MC) y presidente de la Uni\u00f3n de Partidos Latinoamericanos, Juli\u00e1n Obiglio, y Agust\u00edn Grizia, director general de Relaciones Internacionales de la Ciudad.<\/p>\n\n\n\n<p>\u201cTenemos la responsabilidad de ser la generaci\u00f3n que consolide un v\u00ednculo con el mundo y un camino de crecimiento duradero y federal para la Argentina. La pol\u00edtica exterior puede servir de impulso a todas las provincias y a las econom\u00edas regionales, para que todos los argentinos vivamos mejor\u201d, sostuvo Rodr\u00edguez Larreta.<\/p>\n\n\n\n<p>Los principales lineamientos del plan de pol\u00edtica exterior incluyen promover la modernizaci\u00f3n del MERCOSUR, la firma y entrada en vigor del Acuerdo Mercosur-Uni\u00f3n Europea, y una agenda ambiciosa de negociaciones econ\u00f3micas internacionales, as\u00ed como profundizar la relaci\u00f3n con Brasil reforzando la cooperaci\u00f3n en materia ambiental, nuclear y en el Atl\u00e1ntico Sur, y promoviendo la integraci\u00f3n f\u00edsica y energ\u00e9tica. Asimismo, prioriza a Asia Pac\u00edfico como espacio de vinculaci\u00f3n estrat\u00e9gica y propone aumentar el intercambio con mercados relevantes para los motores de desarrollo de la Argentina como Medio Oriente y Norte de \u00c1frica.<\/p>\n\n\n\n<p>En esta l\u00ednea, el plan se nutrir\u00e1 de aportes de exfuncionarios destacados del gobierno de Mauricio Macri que lideraron negociaciones comerciales como Marisa Bircher (exsecretaria de Comercio Exterior), Miguel Braun (exsecretario de Comercio), Shunko Rojas y Federico Lavopa (exsubsecretarios de Comercio Exterior), Pablo Lavigne (exsubsecretario de Facilitaci\u00f3n del Comercio Exterior), Carolina Cuenca (exdirectora nacional de Exportaciones), y Marcelo Scaglione (representante del Ministerio de Hacienda ante la OCDE 2016-2019). As\u00ed, el documento destaca la necesidad de impulsar la gobernanza global y el multilateralismo, promover el acceso de la Argentina a la OCDE y jerarquizar la participaci\u00f3n en el G20, a los que considera espacios privilegiados de vinculaci\u00f3n multilateral.<\/p>\n\n\n\n<p>En lo que respecta a la relaci\u00f3n con Estados Unidos, China y Europa, el plan propone una agenda de vinculaci\u00f3n pragm\u00e1tica que refleje las necesidades de desarrollo de la Argentina. Para ello, plantea profundizar la cooperaci\u00f3n en seguridad energ\u00e9tica, cambio clim\u00e1tico, defensa y combate al crimen organizado, y aprovechar las oportunidades de friendshoring y nearshoring, con los Estados Unidos, y promover una mayor cooperaci\u00f3n con China a partir de la Asociaci\u00f3n Estrat\u00e9gica Integral y el Di\u00e1logo Estrat\u00e9gico para la Cooperaci\u00f3n y Coordinaci\u00f3n Econ\u00f3mica.<\/p>\n\n\n\n<p>En lo que respecta a la regi\u00f3n, el plan busca mejorar los v\u00ednculos con los pa\u00edses vecinos y afirma el compromiso de la Argentina con la defensa de la democracia y los derechos humanos, condenando de forma inequ\u00edvoca los reg\u00edmenes de Cuba, Nicaragua y Venezuela. Adem\u00e1s, propone construir una posici\u00f3n regional coordinada en temas de agenda global, particularmente en materia de cambio clim\u00e1tico, y recuperar el protagonismo internacional e iniciativa en agendas vinculadas a energ\u00edas renovables y de transici\u00f3n. Tambi\u00e9n propone que Argentina asuma un liderazgo internacional como proveedor eficiente de prote\u00ednas animales y vegetales.<\/p>\n\n\n\n<p>Asimismo, propone aumentar la cooperaci\u00f3n en seguridad internacional y defensa y equipar y modernizar a las FF.AA. a trav\u00e9s de mayor cooperaci\u00f3n con socios globales. El documento tambi\u00e9n plantea fortalecer los intereses argentinos en la Ant\u00e1rtida y el Atl\u00e1ntico Sur, y respetar el mandato constitucional sobre las Islas Malvinas, Georgias del Sur y Sandwich del Sur y los espacios mar\u00edtimos e insulares correspondientes.<\/p>\n\n\n\n<p>Finalmente, el plan incluye adaptar la estructura institucional de pol\u00edtica exterior al siglo XXI. Ello incluye modernizar el dise\u00f1o institucional y los mecanismos de coordinaci\u00f3n inter-agencia; reorientar representaciones en el exterior seg\u00fan oportunidades de comercio e inversiones; fortalecer la formaci\u00f3n y capacidades del cuerpo diplom\u00e1tico; e impulsar una visi\u00f3n federal que incorpore los sectores productivos provinciales.<\/p>\n","protected":false},"excerpt":{"rendered":"<p>Horacio Rodr\u00edguez Larreta present\u00f3 su equipo de pol\u00edtica exterior, integrado por m\u00e1s de 30 especialistas, entre los que se encuentran ex-funcionarios, diplom\u00e1ticos de carrera, acad\u00e9micos y expertos, y un plan para la inserci\u00f3n internacional del pa\u00eds. El grupo discuti\u00f3 un documento de 10 lineamientos b\u00e1sicos en materia de inserci\u00f3n internacional para el pr\u00f3ximo gobierno. \u201cLa [&hellip;]<\/p>\n","protected":false},"author":2,"featured_media":24709,"comment_status":"open","ping_status":"open","sticky":false,"template":"","format":"standard","meta":{"footnotes":""},"categories":[39],"tags":[],"class_list":["post-24707","post","type-post","status-publish","format-standard","has-post-thumbnail","hentry","category-nacionales"],"yoast_head":"<!-- This site is optimized with the Yoast SEO plugin v27.4 - https:\/\/yoast.com\/product\/yoast-seo-wordpress\/ -->\n<title>Rodr\u00edguez Larreta present\u00f3 su equipo de pol\u00edtica exterior y un plan para la inserci\u00f3n internacional del pa\u00eds | CVI NOTICIAS<\/title>\n<meta name=\"robots\" content=\"index, follow, max-snippet:-1, max-image-preview:large, max-video-preview:-1\" \/>\n<link rel=\"canonical\" href=\"https:\/\/cvinoticias.com\/v3\/rodriguez-larreta-presento-su-equipo-de-politica-exterior-y-un-plan-para-la-insercion-internacional-del-pais\/\" \/>\n<meta property=\"og:locale\" content=\"es_ES\" \/>\n<meta property=\"og:type\" content=\"article\" \/>\n<meta property=\"og:title\" content=\"Rodr\u00edguez Larreta present\u00f3 su equipo de pol\u00edtica exterior y un plan para la inserci\u00f3n internacional del pa\u00eds | CVI NOTICIAS\" \/>\n<meta property=\"og:description\" content=\"Horacio Rodr\u00edguez Larreta present\u00f3 su equipo de pol\u00edtica exterior, integrado por m\u00e1s de 30 especialistas, entre los que se encuentran ex-funcionarios, diplom\u00e1ticos de carrera, acad\u00e9micos y expertos, y un plan para la inserci\u00f3n internacional del pa\u00eds. El grupo discuti\u00f3 un documento de 10 lineamientos b\u00e1sicos en materia de inserci\u00f3n internacional para el pr\u00f3ximo gobierno. \u201cLa [&hellip;]\" \/>\n<meta property=\"og:url\" content=\"https:\/\/cvinoticias.com\/v3\/rodriguez-larreta-presento-su-equipo-de-politica-exterior-y-un-plan-para-la-insercion-internacional-del-pais\/\" \/>\n<meta property=\"og:site_name\" content=\"CVI NOTICIAS\" \/>\n<meta property=\"article:publisher\" content=\"https:\/\/www.facebook.com\/cvinoticias\" \/>\n<meta property=\"article:published_time\" content=\"2023-05-09T10:46:12+00:00\" \/>\n<meta property=\"og:image\" content=\"https:\/\/cvinoticias.com\/wp-content\/uploads\/2023\/05\/IMG-20230508-WA0104.jpg\" \/>\n\t<meta property=\"og:image:width\" content=\"1600\" \/>\n\t<meta property=\"og:image:height\" content=\"866\" \/>\n\t<meta property=\"og:image:type\" content=\"image\/jpeg\" \/>\n<meta name=\"author\" content=\"f1000024\" \/>\n<meta name=\"twitter:card\" content=\"summary_large_image\" \/>\n<meta name=\"twitter:label1\" content=\"Escrito por\" \/>\n\t<meta name=\"twitter:data1\" content=\"f1000024\" \/>\n\t<meta name=\"twitter:label2\" content=\"Tiempo de lectura\" \/>\n\t<meta name=\"twitter:data2\" content=\"6 minutos\" \/>\n<script type=\"application\/ld+json\" class=\"yoast-schema-graph\">{\"@context\":\"https:\\\/\\\/schema.org\",\"@graph\":[{\"@type\":\"Article\",\"@id\":\"https:\\\/\\\/cvinoticias.com\\\/v3\\\/rodriguez-larreta-presento-su-equipo-de-politica-exterior-y-un-plan-para-la-insercion-internacional-del-pais\\\/#article\",\"isPartOf\":{\"@id\":\"https:\\\/\\\/cvinoticias.com\\\/v3\\\/rodriguez-larreta-presento-su-equipo-de-politica-exterior-y-un-plan-para-la-insercion-internacional-del-pais\\\/\"},\"author\":{\"name\":\"f1000024\",\"@id\":\"https:\\\/\\\/cvinoticias.com\\\/v3\\\/#\\\/schema\\\/person\\\/2db77e3c6bc03c538495d7b2b8be9b66\"},\"headline\":\"Rodr\u00edguez Larreta present\u00f3 su equipo de pol\u00edtica exterior y un plan para la inserci\u00f3n internacional del pa\u00eds\",\"datePublished\":\"2023-05-09T10:46:12+00:00\",\"mainEntityOfPage\":{\"@id\":\"https:\\\/\\\/cvinoticias.com\\\/v3\\\/rodriguez-larreta-presento-su-equipo-de-politica-exterior-y-un-plan-para-la-insercion-internacional-del-pais\\\/\"},\"wordCount\":1200,\"commentCount\":0,\"publisher\":{\"@id\":\"https:\\\/\\\/cvinoticias.com\\\/v3\\\/#organization\"},\"image\":{\"@id\":\"https:\\\/\\\/cvinoticias.com\\\/v3\\\/rodriguez-larreta-presento-su-equipo-de-politica-exterior-y-un-plan-para-la-insercion-internacional-del-pais\\\/#primaryimage\"},\"thumbnailUrl\":\"https:\\\/\\\/cvinoticias.com\\\/wp-content\\\/uploads\\\/2023\\\/05\\\/IMG-20230508-WA0104.jpg\",\"articleSection\":[\"Nacionales\"],\"inLanguage\":\"es\",\"potentialAction\":[{\"@type\":\"CommentAction\",\"name\":\"Comment\",\"target\":[\"https:\\\/\\\/cvinoticias.com\\\/v3\\\/rodriguez-larreta-presento-su-equipo-de-politica-exterior-y-un-plan-para-la-insercion-internacional-del-pais\\\/#respond\"]}]},{\"@type\":\"WebPage\",\"@id\":\"https:\\\/\\\/cvinoticias.com\\\/v3\\\/rodriguez-larreta-presento-su-equipo-de-politica-exterior-y-un-plan-para-la-insercion-internacional-del-pais\\\/\",\"url\":\"https:\\\/\\\/cvinoticias.com\\\/v3\\\/rodriguez-larreta-presento-su-equipo-de-politica-exterior-y-un-plan-para-la-insercion-internacional-del-pais\\\/\",\"name\":\"Rodr\u00edguez Larreta present\u00f3 su equipo de pol\u00edtica exterior y un plan para la inserci\u00f3n internacional del pa\u00eds | CVI NOTICIAS\",\"isPartOf\":{\"@id\":\"https:\\\/\\\/cvinoticias.com\\\/v3\\\/#website\"},\"primaryImageOfPage\":{\"@id\":\"https:\\\/\\\/cvinoticias.com\\\/v3\\\/rodriguez-larreta-presento-su-equipo-de-politica-exterior-y-un-plan-para-la-insercion-internacional-del-pais\\\/#primaryimage\"},\"image\":{\"@id\":\"https:\\\/\\\/cvinoticias.com\\\/v3\\\/rodriguez-larreta-presento-su-equipo-de-politica-exterior-y-un-plan-para-la-insercion-internacional-del-pais\\\/#primaryimage\"},\"thumbnailUrl\":\"https:\\\/\\\/cvinoticias.com\\\/wp-content\\\/uploads\\\/2023\\\/05\\\/IMG-20230508-WA0104.jpg\",\"datePublished\":\"2023-05-09T10:46:12+00:00\",\"breadcrumb\":{\"@id\":\"https:\\\/\\\/cvinoticias.com\\\/v3\\\/rodriguez-larreta-presento-su-equipo-de-politica-exterior-y-un-plan-para-la-insercion-internacional-del-pais\\\/#breadcrumb\"},\"inLanguage\":\"es\",\"potentialAction\":[{\"@type\":\"ReadAction\",\"target\":[\"https:\\\/\\\/cvinoticias.com\\\/v3\\\/rodriguez-larreta-presento-su-equipo-de-politica-exterior-y-un-plan-para-la-insercion-internacional-del-pais\\\/\"]}]},{\"@type\":\"ImageObject\",\"inLanguage\":\"es\",\"@id\":\"https:\\\/\\\/cvinoticias.com\\\/v3\\\/rodriguez-larreta-presento-su-equipo-de-politica-exterior-y-un-plan-para-la-insercion-internacional-del-pais\\\/#primaryimage\",\"url\":\"https:\\\/\\\/cvinoticias.com\\\/wp-content\\\/uploads\\\/2023\\\/05\\\/IMG-20230508-WA0104.jpg\",\"contentUrl\":\"https:\\\/\\\/cvinoticias.com\\\/wp-content\\\/uploads\\\/2023\\\/05\\\/IMG-20230508-WA0104.jpg\",\"width\":1600,\"height\":866},{\"@type\":\"BreadcrumbList\",\"@id\":\"https:\\\/\\\/cvinoticias.com\\\/v3\\\/rodriguez-larreta-presento-su-equipo-de-politica-exterior-y-un-plan-para-la-insercion-internacional-del-pais\\\/#breadcrumb\",\"itemListElement\":[{\"@type\":\"ListItem\",\"position\":1,\"name\":\"Portada\",\"item\":\"https:\\\/\\\/cvinoticias.com\\\/v3\\\/\"},{\"@type\":\"ListItem\",\"position\":2,\"name\":\"Rodr\u00edguez Larreta present\u00f3 su equipo de pol\u00edtica exterior y un plan para la inserci\u00f3n internacional del pa\u00eds\"}]},{\"@type\":\"WebSite\",\"@id\":\"https:\\\/\\\/cvinoticias.com\\\/v3\\\/#website\",\"url\":\"https:\\\/\\\/cvinoticias.com\\\/v3\\\/\",\"name\":\"CVI NOTICIAS\",\"description\":\"\",\"publisher\":{\"@id\":\"https:\\\/\\\/cvinoticias.com\\\/v3\\\/#organization\"},\"alternateName\":\"CVI\",\"potentialAction\":[{\"@type\":\"SearchAction\",\"target\":{\"@type\":\"EntryPoint\",\"urlTemplate\":\"https:\\\/\\\/cvinoticias.com\\\/v3\\\/?s={search_term_string}\"},\"query-input\":{\"@type\":\"PropertyValueSpecification\",\"valueRequired\":true,\"valueName\":\"search_term_string\"}}],\"inLanguage\":\"es\"},{\"@type\":\"Organization\",\"@id\":\"https:\\\/\\\/cvinoticias.com\\\/v3\\\/#organization\",\"name\":\"CVI NOTICIAS\",\"url\":\"https:\\\/\\\/cvinoticias.com\\\/v3\\\/\",\"logo\":{\"@type\":\"ImageObject\",\"inLanguage\":\"es\",\"@id\":\"https:\\\/\\\/cvinoticias.com\\\/v3\\\/#\\\/schema\\\/logo\\\/image\\\/\",\"url\":\"https:\\\/\\\/cvinoticias.com\\\/wp-content\\\/uploads\\\/2023\\\/04\\\/cropped-cropped-cropped-cropped-cropped-3-1.png\",\"contentUrl\":\"https:\\\/\\\/cvinoticias.com\\\/wp-content\\\/uploads\\\/2023\\\/04\\\/cropped-cropped-cropped-cropped-cropped-3-1.png\",\"width\":95,\"height\":122,\"caption\":\"CVI NOTICIAS\"},\"image\":{\"@id\":\"https:\\\/\\\/cvinoticias.com\\\/v3\\\/#\\\/schema\\\/logo\\\/image\\\/\"},\"sameAs\":[\"https:\\\/\\\/www.facebook.com\\\/cvinoticias\",\"https:\\\/\\\/www.instagram.com\\\/cvinoticias\\\/\",\"https:\\\/\\\/www.youtube.com\\\/@CVINOTICIAS\"]},{\"@type\":\"Person\",\"@id\":\"https:\\\/\\\/cvinoticias.com\\\/v3\\\/#\\\/schema\\\/person\\\/2db77e3c6bc03c538495d7b2b8be9b66\",\"name\":\"f1000024\",\"image\":{\"@type\":\"ImageObject\",\"inLanguage\":\"es\",\"@id\":\"https:\\\/\\\/secure.gravatar.com\\\/avatar\\\/d4fe7459cfc51ff5129ce1a732bbef5928568b8092d412ef95611616376bbeed?s=96&d=mm&r=g\",\"url\":\"https:\\\/\\\/secure.gravatar.com\\\/avatar\\\/d4fe7459cfc51ff5129ce1a732bbef5928568b8092d412ef95611616376bbeed?s=96&d=mm&r=g\",\"contentUrl\":\"https:\\\/\\\/secure.gravatar.com\\\/avatar\\\/d4fe7459cfc51ff5129ce1a732bbef5928568b8092d412ef95611616376bbeed?s=96&d=mm&r=g\",\"caption\":\"f1000024\"},\"url\":\"https:\\\/\\\/cvinoticias.com\\\/v3\\\/author\\\/f1000024\\\/\"}]}<\/script>\n<!-- \/ Yoast SEO plugin. -->","yoast_head_json":{"title":"Rodr\u00edguez Larreta present\u00f3 su equipo de pol\u00edtica exterior y un plan para la inserci\u00f3n internacional del pa\u00eds | CVI NOTICIAS","robots":{"index":"index","follow":"follow","max-snippet":"max-snippet:-1","max-image-preview":"max-image-preview:large","max-video-preview":"max-video-preview:-1"},"canonical":"https:\/\/cvinoticias.com\/v3\/rodriguez-larreta-presento-su-equipo-de-politica-exterior-y-un-plan-para-la-insercion-internacional-del-pais\/","og_locale":"es_ES","og_type":"article","og_title":"Rodr\u00edguez Larreta present\u00f3 su equipo de pol\u00edtica exterior y un plan para la inserci\u00f3n internacional del pa\u00eds | CVI NOTICIAS","og_description":"Horacio Rodr\u00edguez Larreta present\u00f3 su equipo de pol\u00edtica exterior, integrado por m\u00e1s de 30 especialistas, entre los que se encuentran ex-funcionarios, diplom\u00e1ticos de carrera, acad\u00e9micos y expertos, y un plan para la inserci\u00f3n internacional del pa\u00eds. El grupo discuti\u00f3 un documento de 10 lineamientos b\u00e1sicos en materia de inserci\u00f3n internacional para el pr\u00f3ximo gobierno. \u201cLa [&hellip;]","og_url":"https:\/\/cvinoticias.com\/v3\/rodriguez-larreta-presento-su-equipo-de-politica-exterior-y-un-plan-para-la-insercion-internacional-del-pais\/","og_site_name":"CVI NOTICIAS","article_publisher":"https:\/\/www.facebook.com\/cvinoticias","article_published_time":"2023-05-09T10:46:12+00:00","og_image":[{"width":1600,"height":866,"url":"https:\/\/cvinoticias.com\/wp-content\/uploads\/2023\/05\/IMG-20230508-WA0104.jpg","type":"image\/jpeg"}],"author":"f1000024","twitter_card":"summary_large_image","twitter_misc":{"Escrito por":"f1000024","Tiempo de lectura":"6 minutos"},"schema":{"@context":"https:\/\/schema.org","@graph":[{"@type":"Article","@id":"https:\/\/cvinoticias.com\/v3\/rodriguez-larreta-presento-su-equipo-de-politica-exterior-y-un-plan-para-la-insercion-internacional-del-pais\/#article","isPartOf":{"@id":"https:\/\/cvinoticias.com\/v3\/rodriguez-larreta-presento-su-equipo-de-politica-exterior-y-un-plan-para-la-insercion-internacional-del-pais\/"},"author":{"name":"f1000024","@id":"https:\/\/cvinoticias.com\/v3\/#\/schema\/person\/2db77e3c6bc03c538495d7b2b8be9b66"},"headline":"Rodr\u00edguez Larreta present\u00f3 su equipo de pol\u00edtica exterior y un plan para la inserci\u00f3n internacional del pa\u00eds","datePublished":"2023-05-09T10:46:12+00:00","mainEntityOfPage":{"@id":"https:\/\/cvinoticias.com\/v3\/rodriguez-larreta-presento-su-equipo-de-politica-exterior-y-un-plan-para-la-insercion-internacional-del-pais\/"},"wordCount":1200,"commentCount":0,"publisher":{"@id":"https:\/\/cvinoticias.com\/v3\/#organization"},"image":{"@id":"https:\/\/cvinoticias.com\/v3\/rodriguez-larreta-presento-su-equipo-de-politica-exterior-y-un-plan-para-la-insercion-internacional-del-pais\/#primaryimage"},"thumbnailUrl":"https:\/\/cvinoticias.com\/wp-content\/uploads\/2023\/05\/IMG-20230508-WA0104.jpg","articleSection":["Nacionales"],"inLanguage":"es","potentialAction":[{"@type":"CommentAction","name":"Comment","target":["https:\/\/cvinoticias.com\/v3\/rodriguez-larreta-presento-su-equipo-de-politica-exterior-y-un-plan-para-la-insercion-internacional-del-pais\/#respond"]}]},{"@type":"WebPage","@id":"https:\/\/cvinoticias.com\/v3\/rodriguez-larreta-presento-su-equipo-de-politica-exterior-y-un-plan-para-la-insercion-internacional-del-pais\/","url":"https:\/\/cvinoticias.com\/v3\/rodriguez-larreta-presento-su-equipo-de-politica-exterior-y-un-plan-para-la-insercion-internacional-del-pais\/","name":"Rodr\u00edguez Larreta present\u00f3 su equipo de pol\u00edtica exterior y un plan para la inserci\u00f3n internacional del pa\u00eds | CVI NOTICIAS","isPartOf":{"@id":"https:\/\/cvinoticias.com\/v3\/#website"},"primaryImageOfPage":{"@id":"https:\/\/cvinoticias.com\/v3\/rodriguez-larreta-presento-su-equipo-de-politica-exterior-y-un-plan-para-la-insercion-internacional-del-pais\/#primaryimage"},"image":{"@id":"https:\/\/cvinoticias.com\/v3\/rodriguez-larreta-presento-su-equipo-de-politica-exterior-y-un-plan-para-la-insercion-internacional-del-pais\/#primaryimage"},"thumbnailUrl":"https:\/\/cvinoticias.com\/wp-content\/uploads\/2023\/05\/IMG-20230508-WA0104.jpg","datePublished":"2023-05-09T10:46:12+00:00","breadcrumb":{"@id":"https:\/\/cvinoticias.com\/v3\/rodriguez-larreta-presento-su-equipo-de-politica-exterior-y-un-plan-para-la-insercion-internacional-del-pais\/#breadcrumb"},"inLanguage":"es","potentialAction":[{"@type":"ReadAction","target":["https:\/\/cvinoticias.com\/v3\/rodriguez-larreta-presento-su-equipo-de-politica-exterior-y-un-plan-para-la-insercion-internacional-del-pais\/"]}]},{"@type":"ImageObject","inLanguage":"es","@id":"https:\/\/cvinoticias.com\/v3\/rodriguez-larreta-presento-su-equipo-de-politica-exterior-y-un-plan-para-la-insercion-internacional-del-pais\/#primaryimage","url":"https:\/\/cvinoticias.com\/wp-content\/uploads\/2023\/05\/IMG-20230508-WA0104.jpg","contentUrl":"https:\/\/cvinoticias.com\/wp-content\/uploads\/2023\/05\/IMG-20230508-WA0104.jpg","width":1600,"height":866},{"@type":"BreadcrumbList","@id":"https:\/\/cvinoticias.com\/v3\/rodriguez-larreta-presento-su-equipo-de-politica-exterior-y-un-plan-para-la-insercion-internacional-del-pais\/#breadcrumb","itemListElement":[{"@type":"ListItem","position":1,"name":"Portada","item":"https:\/\/cvinoticias.com\/v3\/"},{"@type":"ListItem","position":2,"name":"Rodr\u00edguez Larreta present\u00f3 su equipo de pol\u00edtica exterior y un plan para la inserci\u00f3n internacional del pa\u00eds"}]},{"@type":"WebSite","@id":"https:\/\/cvinoticias.com\/v3\/#website","url":"https:\/\/cvinoticias.com\/v3\/","name":"CVI NOTICIAS","description":"","publisher":{"@id":"https:\/\/cvinoticias.com\/v3\/#organization"},"alternateName":"CVI","potentialAction":[{"@type":"SearchAction","target":{"@type":"EntryPoint","urlTemplate":"https:\/\/cvinoticias.com\/v3\/?s={search_term_string}"},"query-input":{"@type":"PropertyValueSpecification","valueRequired":true,"valueName":"search_term_string"}}],"inLanguage":"es"},{"@type":"Organization","@id":"https:\/\/cvinoticias.com\/v3\/#organization","name":"CVI NOTICIAS","url":"https:\/\/cvinoticias.com\/v3\/","logo":{"@type":"ImageObject","inLanguage":"es","@id":"https:\/\/cvinoticias.com\/v3\/#\/schema\/logo\/image\/","url":"https:\/\/cvinoticias.com\/wp-content\/uploads\/2023\/04\/cropped-cropped-cropped-cropped-cropped-3-1.png","contentUrl":"https:\/\/cvinoticias.com\/wp-content\/uploads\/2023\/04\/cropped-cropped-cropped-cropped-cropped-3-1.png","width":95,"height":122,"caption":"CVI NOTICIAS"},"image":{"@id":"https:\/\/cvinoticias.com\/v3\/#\/schema\/logo\/image\/"},"sameAs":["https:\/\/www.facebook.com\/cvinoticias","https:\/\/www.instagram.com\/cvinoticias\/","https:\/\/www.youtube.com\/@CVINOTICIAS"]},{"@type":"Person","@id":"https:\/\/cvinoticias.com\/v3\/#\/schema\/person\/2db77e3c6bc03c538495d7b2b8be9b66","name":"f1000024","image":{"@type":"ImageObject","inLanguage":"es","@id":"https:\/\/secure.gravatar.com\/avatar\/d4fe7459cfc51ff5129ce1a732bbef5928568b8092d412ef95611616376bbeed?s=96&d=mm&r=g","url":"https:\/\/secure.gravatar.com\/avatar\/d4fe7459cfc51ff5129ce1a732bbef5928568b8092d412ef95611616376bbeed?s=96&d=mm&r=g","contentUrl":"https:\/\/secure.gravatar.com\/avatar\/d4fe7459cfc51ff5129ce1a732bbef5928568b8092d412ef95611616376bbeed?s=96&d=mm&r=g","caption":"f1000024"},"url":"https:\/\/cvinoticias.com\/v3\/author\/f1000024\/"}]}},"_links":{"self":[{"href":"https:\/\/cvinoticias.com\/v3\/wp-json\/wp\/v2\/posts\/24707","targetHints":{"allow":["GET"]}}],"collection":[{"href":"https:\/\/cvinoticias.com\/v3\/wp-json\/wp\/v2\/posts"}],"about":[{"href":"https:\/\/cvinoticias.com\/v3\/wp-json\/wp\/v2\/types\/post"}],"author":[{"embeddable":true,"href":"https:\/\/cvinoticias.com\/v3\/wp-json\/wp\/v2\/users\/2"}],"replies":[{"embeddable":true,"href":"https:\/\/cvinoticias.com\/v3\/wp-json\/wp\/v2\/comments?post=24707"}],"version-history":[{"count":1,"href":"https:\/\/cvinoticias.com\/v3\/wp-json\/wp\/v2\/posts\/24707\/revisions"}],"predecessor-version":[{"id":24710,"href":"https:\/\/cvinoticias.com\/v3\/wp-json\/wp\/v2\/posts\/24707\/revisions\/24710"}],"wp:featuredmedia":[{"embeddable":true,"href":"https:\/\/cvinoticias.com\/v3\/wp-json\/wp\/v2\/media\/24709"}],"wp:attachment":[{"href":"https:\/\/cvinoticias.com\/v3\/wp-json\/wp\/v2\/media?parent=24707"}],"wp:term":[{"taxonomy":"category","embeddable":true,"href":"https:\/\/cvinoticias.com\/v3\/wp-json\/wp\/v2\/categories?post=24707"},{"taxonomy":"post_tag","embeddable":true,"href":"https:\/\/cvinoticias.com\/v3\/wp-json\/wp\/v2\/tags?post=24707"}],"curies":[{"name":"wp","href":"https:\/\/api.w.org\/{rel}","templated":true}]}}