{"id":24640,"date":"2023-05-07T13:58:20","date_gmt":"2023-05-07T13:58:20","guid":{"rendered":"https:\/\/cvinoticias.com\/v3\/?p=24640"},"modified":"2023-05-07T13:58:20","modified_gmt":"2023-05-07T13:58:20","slug":"herrera-ahuad-emitio-su-voto-y-destaco-la-madurez-de-la-sociedad-misionera","status":"publish","type":"post","link":"https:\/\/cvinoticias.com\/v3\/herrera-ahuad-emitio-su-voto-y-destaco-la-madurez-de-la-sociedad-misionera\/","title":{"rendered":"Herrera Ahuad emiti\u00f3 su voto y destac\u00f3 la madurez de la sociedad misionera"},"content":{"rendered":"\n<p><strong><em>El Gobernador vot\u00f3 esta ma\u00f1ana en la Escuela N.\u00b0 893 Madre Teresa de Calcuta, en el barrio San Isidro de Posadas. En su contacto con la prensa local inst\u00f3 a la ciudadan\u00eda misionera a ejercer su derecho a elegir a sus representantes. Hoy Misiones elige nuevamente los nuevos cargos del Poder Ejecutivo, la mitad de los miembros de la C\u00e1mara de Representantes y autoridades municipales en 78 municipios.<\/em><\/strong><\/p>\n\n\n\n<p>Esta ma\u00f1ana, el gobernador Oscar Herrera Ahuad emiti\u00f3 su voto en la Escuela N.\u00b0 893 Madre Teresa de Calcuta, en el barrio San Isidro. Lleg\u00f3 hasta el establecimiento escolar acompa\u00f1ado de su hija Mair\u00fa, costumbre que se repite ante cada acto eleccionario. El mandatario habl\u00f3 del hecho fundamental que significan las elecciones en la provincia. Destac\u00f3 el respeto y madurez en la pol\u00edtica de la sociedad misionera, y augur\u00f3 una jornada tranquila con una alta concurrencia de votantes.<\/p>\n\n\n\n<figure class=\"wp-block-image size-full\"><a href=\"https:\/\/cvinoticias.com\/wp-content\/uploads\/2023\/05\/IMG-20230507-WA0032.jpg\"><img decoding=\"async\" width=\"1024\" height=\"683\" data-src=\"https:\/\/cvinoticias.com\/wp-content\/uploads\/2023\/05\/IMG-20230507-WA0032.jpg\" alt=\"\" class=\"wp-image-24644 lazyload\" data-srcset=\"https:\/\/cvinoticias.com\/wp-content\/uploads\/2023\/05\/IMG-20230507-WA0032.jpg 1024w, https:\/\/cvinoticias.com\/wp-content\/uploads\/2023\/05\/IMG-20230507-WA0032-300x200.jpg 300w, https:\/\/cvinoticias.com\/wp-content\/uploads\/2023\/05\/IMG-20230507-WA0032-768x512.jpg 768w\" data-sizes=\"(max-width: 1024px) 100vw, 1024px\" src=\"data:image\/svg+xml;base64,PHN2ZyB3aWR0aD0iMSIgaGVpZ2h0PSIxIiB4bWxucz0iaHR0cDovL3d3dy53My5vcmcvMjAwMC9zdmciPjwvc3ZnPg==\" style=\"--smush-placeholder-width: 1024px; --smush-placeholder-aspect-ratio: 1024\/683;\" \/><\/a><\/figure>\n\n\n\n<p> Afirm\u00f3 que continuar\u00e1 recorriendo la provincia a la espera de los resultados.<br>\u00abHa sido un d\u00eda de mucha intensidad, de mucho respeto, y creo que el misionero, a pesar de las condiciones clim\u00e1ticas, va a salir a votar. El misionero tiene hoy la posibilidad de elegir a su gobernador, vicegobernador, diputados, intendentes, concejales y va a ejercer el poder del voto para definir sus autoridades\u00bb, coment\u00f3. Aclar\u00f3 que recorrer\u00e1 la provincia de norte a sur y algunos pueblos \u00abvisitando y viendo que todo se vaya desarrollando con normalidad, con tranquilidad para esperar el cierre a las 18 horas\u00bb.<\/p>\n\n\n\n<figure class=\"wp-block-image size-full\"><a href=\"https:\/\/cvinoticias.com\/wp-content\/uploads\/2023\/05\/IMG-20230507-WA0035.jpg\"><img decoding=\"async\" width=\"1024\" height=\"683\" data-src=\"https:\/\/cvinoticias.com\/wp-content\/uploads\/2023\/05\/IMG-20230507-WA0035.jpg\" alt=\"\" class=\"wp-image-24642 lazyload\" data-srcset=\"https:\/\/cvinoticias.com\/wp-content\/uploads\/2023\/05\/IMG-20230507-WA0035.jpg 1024w, https:\/\/cvinoticias.com\/wp-content\/uploads\/2023\/05\/IMG-20230507-WA0035-300x200.jpg 300w, https:\/\/cvinoticias.com\/wp-content\/uploads\/2023\/05\/IMG-20230507-WA0035-768x512.jpg 768w\" data-sizes=\"(max-width: 1024px) 100vw, 1024px\" src=\"data:image\/svg+xml;base64,PHN2ZyB3aWR0aD0iMSIgaGVpZ2h0PSIxIiB4bWxucz0iaHR0cDovL3d3dy53My5vcmcvMjAwMC9zdmciPjwvc3ZnPg==\" style=\"--smush-placeholder-width: 1024px; --smush-placeholder-aspect-ratio: 1024\/683;\" \/><\/a><\/figure>\n\n\n\n<p>\u00abHa sido una campa\u00f1a de mucho respeto. Creo que eso que a muchos les llama la atenci\u00f3n se volvi\u00f3 habitual en la provincia. Las elecciones anteriores corrieron por esos carriles del respeto y de las propuestas, tanto del oficialismo como de la oposici\u00f3n. Eso hace tambi\u00e9n al respeto a la comunidad y a la sociedad, que respeta la pol\u00edtica\u00bb, asegur\u00f3. \u00abHay una pol\u00edtica muy madura y hay una sociedad misionera que exige que la pol\u00edtica tenga esa madurez en la convivencia\u00bb, declar\u00f3.<\/p>\n\n\n\n<p>Asimismo, destac\u00f3 que Misiones comparte una jornada electoral con las provincias de Jujuy y La Rioja, y que ya se contact\u00f3 con sus gobernadores sobre el desarrollo de sus comicios.<br>Resalt\u00f3 adem\u00e1s que en Misiones \u00abel transporte p\u00fablico de pasajeros es gratuito como lo dispusimos en un decreto provincial\u00bb. Por \u00faltimo, se\u00f1al\u00f3 que la provincia \u00abest\u00e1 disfrutando de esta jornada que es justamente cuando se cumplen 40 a\u00f1os de democracia, es muy importante que el misionero ejerza el poder del voto, pero tambi\u00e9n que podamos festejar un d\u00eda como este\u00bb.<\/p>\n\n\n\n<figure class=\"wp-block-image size-full\"><a href=\"https:\/\/cvinoticias.com\/wp-content\/uploads\/2023\/05\/IMG-20230507-WA0031.jpg\"><img decoding=\"async\" width=\"1024\" height=\"683\" data-src=\"https:\/\/cvinoticias.com\/wp-content\/uploads\/2023\/05\/IMG-20230507-WA0031.jpg\" alt=\"\" class=\"wp-image-24643 lazyload\" data-srcset=\"https:\/\/cvinoticias.com\/wp-content\/uploads\/2023\/05\/IMG-20230507-WA0031.jpg 1024w, https:\/\/cvinoticias.com\/wp-content\/uploads\/2023\/05\/IMG-20230507-WA0031-300x200.jpg 300w, https:\/\/cvinoticias.com\/wp-content\/uploads\/2023\/05\/IMG-20230507-WA0031-768x512.jpg 768w\" data-sizes=\"(max-width: 1024px) 100vw, 1024px\" src=\"data:image\/svg+xml;base64,PHN2ZyB3aWR0aD0iMSIgaGVpZ2h0PSIxIiB4bWxucz0iaHR0cDovL3d3dy53My5vcmcvMjAwMC9zdmciPjwvc3ZnPg==\" style=\"--smush-placeholder-width: 1024px; --smush-placeholder-aspect-ratio: 1024\/683;\" \/><\/a><\/figure>\n","protected":false},"excerpt":{"rendered":"<p>El Gobernador vot\u00f3 esta ma\u00f1ana en la Escuela N.\u00b0 893 Madre Teresa de Calcuta, en el barrio San Isidro de Posadas. En su contacto con la prensa local inst\u00f3 a la ciudadan\u00eda misionera a ejercer su derecho a elegir a sus representantes. Hoy Misiones elige nuevamente los nuevos cargos del Poder Ejecutivo, la mitad de [&hellip;]<\/p>\n","protected":false},"author":2,"featured_media":24641,"comment_status":"open","ping_status":"open","sticky":false,"template":"","format":"standard","meta":{"footnotes":""},"categories":[43],"tags":[],"class_list":["post-24640","post","type-post","status-publish","format-standard","has-post-thumbnail","hentry","category-provinciales"],"yoast_head":"<!-- This site is optimized with the Yoast SEO plugin v27.4 - https:\/\/yoast.com\/product\/yoast-seo-wordpress\/ -->\n<title>Herrera Ahuad emiti\u00f3 su voto y destac\u00f3 la madurez de la sociedad misionera | CVI NOTICIAS<\/title>\n<meta name=\"robots\" content=\"index, follow, max-snippet:-1, max-image-preview:large, max-video-preview:-1\" \/>\n<link rel=\"canonical\" href=\"https:\/\/cvinoticias.com\/v3\/herrera-ahuad-emitio-su-voto-y-destaco-la-madurez-de-la-sociedad-misionera\/\" \/>\n<meta property=\"og:locale\" content=\"es_ES\" \/>\n<meta property=\"og:type\" content=\"article\" \/>\n<meta property=\"og:title\" content=\"Herrera Ahuad emiti\u00f3 su voto y destac\u00f3 la madurez de la sociedad misionera | CVI NOTICIAS\" \/>\n<meta property=\"og:description\" content=\"El Gobernador vot\u00f3 esta ma\u00f1ana en la Escuela N.\u00b0 893 Madre Teresa de Calcuta, en el barrio San Isidro de Posadas. En su contacto con la prensa local inst\u00f3 a la ciudadan\u00eda misionera a ejercer su derecho a elegir a sus representantes. Hoy Misiones elige nuevamente los nuevos cargos del Poder Ejecutivo, la mitad de [&hellip;]\" \/>\n<meta property=\"og:url\" content=\"https:\/\/cvinoticias.com\/v3\/herrera-ahuad-emitio-su-voto-y-destaco-la-madurez-de-la-sociedad-misionera\/\" \/>\n<meta property=\"og:site_name\" content=\"CVI NOTICIAS\" \/>\n<meta property=\"article:publisher\" content=\"https:\/\/www.facebook.com\/cvinoticias\" \/>\n<meta property=\"article:published_time\" content=\"2023-05-07T13:58:20+00:00\" \/>\n<meta property=\"og:image\" content=\"https:\/\/cvinoticias.com\/wp-content\/uploads\/2023\/05\/IMG-20230507-WA0081.jpg\" \/>\n\t<meta property=\"og:image:width\" content=\"1024\" \/>\n\t<meta property=\"og:image:height\" content=\"683\" \/>\n\t<meta property=\"og:image:type\" content=\"image\/jpeg\" \/>\n<meta name=\"author\" content=\"f1000024\" \/>\n<meta name=\"twitter:card\" content=\"summary_large_image\" \/>\n<meta name=\"twitter:label1\" content=\"Escrito por\" \/>\n\t<meta name=\"twitter:data1\" content=\"f1000024\" \/>\n\t<meta name=\"twitter:label2\" content=\"Tiempo de lectura\" \/>\n\t<meta name=\"twitter:data2\" content=\"2 minutos\" \/>\n<script type=\"application\/ld+json\" class=\"yoast-schema-graph\">{\"@context\":\"https:\\\/\\\/schema.org\",\"@graph\":[{\"@type\":\"Article\",\"@id\":\"https:\\\/\\\/cvinoticias.com\\\/v3\\\/herrera-ahuad-emitio-su-voto-y-destaco-la-madurez-de-la-sociedad-misionera\\\/#article\",\"isPartOf\":{\"@id\":\"https:\\\/\\\/cvinoticias.com\\\/v3\\\/herrera-ahuad-emitio-su-voto-y-destaco-la-madurez-de-la-sociedad-misionera\\\/\"},\"author\":{\"name\":\"f1000024\",\"@id\":\"https:\\\/\\\/cvinoticias.com\\\/v3\\\/#\\\/schema\\\/person\\\/2db77e3c6bc03c538495d7b2b8be9b66\"},\"headline\":\"Herrera Ahuad emiti\u00f3 su voto y destac\u00f3 la madurez de la sociedad misionera\",\"datePublished\":\"2023-05-07T13:58:20+00:00\",\"mainEntityOfPage\":{\"@id\":\"https:\\\/\\\/cvinoticias.com\\\/v3\\\/herrera-ahuad-emitio-su-voto-y-destaco-la-madurez-de-la-sociedad-misionera\\\/\"},\"wordCount\":445,\"commentCount\":0,\"publisher\":{\"@id\":\"https:\\\/\\\/cvinoticias.com\\\/v3\\\/#organization\"},\"image\":{\"@id\":\"https:\\\/\\\/cvinoticias.com\\\/v3\\\/herrera-ahuad-emitio-su-voto-y-destaco-la-madurez-de-la-sociedad-misionera\\\/#primaryimage\"},\"thumbnailUrl\":\"https:\\\/\\\/cvinoticias.com\\\/wp-content\\\/uploads\\\/2023\\\/05\\\/IMG-20230507-WA0081.jpg\",\"articleSection\":[\"Provinciales\"],\"inLanguage\":\"es\",\"potentialAction\":[{\"@type\":\"CommentAction\",\"name\":\"Comment\",\"target\":[\"https:\\\/\\\/cvinoticias.com\\\/v3\\\/herrera-ahuad-emitio-su-voto-y-destaco-la-madurez-de-la-sociedad-misionera\\\/#respond\"]}]},{\"@type\":\"WebPage\",\"@id\":\"https:\\\/\\\/cvinoticias.com\\\/v3\\\/herrera-ahuad-emitio-su-voto-y-destaco-la-madurez-de-la-sociedad-misionera\\\/\",\"url\":\"https:\\\/\\\/cvinoticias.com\\\/v3\\\/herrera-ahuad-emitio-su-voto-y-destaco-la-madurez-de-la-sociedad-misionera\\\/\",\"name\":\"Herrera Ahuad emiti\u00f3 su voto y destac\u00f3 la madurez de la sociedad misionera | CVI NOTICIAS\",\"isPartOf\":{\"@id\":\"https:\\\/\\\/cvinoticias.com\\\/v3\\\/#website\"},\"primaryImageOfPage\":{\"@id\":\"https:\\\/\\\/cvinoticias.com\\\/v3\\\/herrera-ahuad-emitio-su-voto-y-destaco-la-madurez-de-la-sociedad-misionera\\\/#primaryimage\"},\"image\":{\"@id\":\"https:\\\/\\\/cvinoticias.com\\\/v3\\\/herrera-ahuad-emitio-su-voto-y-destaco-la-madurez-de-la-sociedad-misionera\\\/#primaryimage\"},\"thumbnailUrl\":\"https:\\\/\\\/cvinoticias.com\\\/wp-content\\\/uploads\\\/2023\\\/05\\\/IMG-20230507-WA0081.jpg\",\"datePublished\":\"2023-05-07T13:58:20+00:00\",\"breadcrumb\":{\"@id\":\"https:\\\/\\\/cvinoticias.com\\\/v3\\\/herrera-ahuad-emitio-su-voto-y-destaco-la-madurez-de-la-sociedad-misionera\\\/#breadcrumb\"},\"inLanguage\":\"es\",\"potentialAction\":[{\"@type\":\"ReadAction\",\"target\":[\"https:\\\/\\\/cvinoticias.com\\\/v3\\\/herrera-ahuad-emitio-su-voto-y-destaco-la-madurez-de-la-sociedad-misionera\\\/\"]}]},{\"@type\":\"ImageObject\",\"inLanguage\":\"es\",\"@id\":\"https:\\\/\\\/cvinoticias.com\\\/v3\\\/herrera-ahuad-emitio-su-voto-y-destaco-la-madurez-de-la-sociedad-misionera\\\/#primaryimage\",\"url\":\"https:\\\/\\\/cvinoticias.com\\\/wp-content\\\/uploads\\\/2023\\\/05\\\/IMG-20230507-WA0081.jpg\",\"contentUrl\":\"https:\\\/\\\/cvinoticias.com\\\/wp-content\\\/uploads\\\/2023\\\/05\\\/IMG-20230507-WA0081.jpg\",\"width\":1024,\"height\":683},{\"@type\":\"BreadcrumbList\",\"@id\":\"https:\\\/\\\/cvinoticias.com\\\/v3\\\/herrera-ahuad-emitio-su-voto-y-destaco-la-madurez-de-la-sociedad-misionera\\\/#breadcrumb\",\"itemListElement\":[{\"@type\":\"ListItem\",\"position\":1,\"name\":\"Portada\",\"item\":\"https:\\\/\\\/cvinoticias.com\\\/v3\\\/\"},{\"@type\":\"ListItem\",\"position\":2,\"name\":\"Herrera Ahuad emiti\u00f3 su voto y destac\u00f3 la madurez de la sociedad misionera\"}]},{\"@type\":\"WebSite\",\"@id\":\"https:\\\/\\\/cvinoticias.com\\\/v3\\\/#website\",\"url\":\"https:\\\/\\\/cvinoticias.com\\\/v3\\\/\",\"name\":\"CVI NOTICIAS\",\"description\":\"\",\"publisher\":{\"@id\":\"https:\\\/\\\/cvinoticias.com\\\/v3\\\/#organization\"},\"alternateName\":\"CVI\",\"potentialAction\":[{\"@type\":\"SearchAction\",\"target\":{\"@type\":\"EntryPoint\",\"urlTemplate\":\"https:\\\/\\\/cvinoticias.com\\\/v3\\\/?s={search_term_string}\"},\"query-input\":{\"@type\":\"PropertyValueSpecification\",\"valueRequired\":true,\"valueName\":\"search_term_string\"}}],\"inLanguage\":\"es\"},{\"@type\":\"Organization\",\"@id\":\"https:\\\/\\\/cvinoticias.com\\\/v3\\\/#organization\",\"name\":\"CVI NOTICIAS\",\"url\":\"https:\\\/\\\/cvinoticias.com\\\/v3\\\/\",\"logo\":{\"@type\":\"ImageObject\",\"inLanguage\":\"es\",\"@id\":\"https:\\\/\\\/cvinoticias.com\\\/v3\\\/#\\\/schema\\\/logo\\\/image\\\/\",\"url\":\"https:\\\/\\\/cvinoticias.com\\\/wp-content\\\/uploads\\\/2023\\\/04\\\/cropped-cropped-cropped-cropped-cropped-3-1.png\",\"contentUrl\":\"https:\\\/\\\/cvinoticias.com\\\/wp-content\\\/uploads\\\/2023\\\/04\\\/cropped-cropped-cropped-cropped-cropped-3-1.png\",\"width\":95,\"height\":122,\"caption\":\"CVI NOTICIAS\"},\"image\":{\"@id\":\"https:\\\/\\\/cvinoticias.com\\\/v3\\\/#\\\/schema\\\/logo\\\/image\\\/\"},\"sameAs\":[\"https:\\\/\\\/www.facebook.com\\\/cvinoticias\",\"https:\\\/\\\/www.instagram.com\\\/cvinoticias\\\/\",\"https:\\\/\\\/www.youtube.com\\\/@CVINOTICIAS\"]},{\"@type\":\"Person\",\"@id\":\"https:\\\/\\\/cvinoticias.com\\\/v3\\\/#\\\/schema\\\/person\\\/2db77e3c6bc03c538495d7b2b8be9b66\",\"name\":\"f1000024\",\"image\":{\"@type\":\"ImageObject\",\"inLanguage\":\"es\",\"@id\":\"https:\\\/\\\/secure.gravatar.com\\\/avatar\\\/d4fe7459cfc51ff5129ce1a732bbef5928568b8092d412ef95611616376bbeed?s=96&d=mm&r=g\",\"url\":\"https:\\\/\\\/secure.gravatar.com\\\/avatar\\\/d4fe7459cfc51ff5129ce1a732bbef5928568b8092d412ef95611616376bbeed?s=96&d=mm&r=g\",\"contentUrl\":\"https:\\\/\\\/secure.gravatar.com\\\/avatar\\\/d4fe7459cfc51ff5129ce1a732bbef5928568b8092d412ef95611616376bbeed?s=96&d=mm&r=g\",\"caption\":\"f1000024\"},\"url\":\"https:\\\/\\\/cvinoticias.com\\\/v3\\\/author\\\/f1000024\\\/\"}]}<\/script>\n<!-- \/ Yoast SEO plugin. -->","yoast_head_json":{"title":"Herrera Ahuad emiti\u00f3 su voto y destac\u00f3 la madurez de la sociedad misionera | CVI NOTICIAS","robots":{"index":"index","follow":"follow","max-snippet":"max-snippet:-1","max-image-preview":"max-image-preview:large","max-video-preview":"max-video-preview:-1"},"canonical":"https:\/\/cvinoticias.com\/v3\/herrera-ahuad-emitio-su-voto-y-destaco-la-madurez-de-la-sociedad-misionera\/","og_locale":"es_ES","og_type":"article","og_title":"Herrera Ahuad emiti\u00f3 su voto y destac\u00f3 la madurez de la sociedad misionera | CVI NOTICIAS","og_description":"El Gobernador vot\u00f3 esta ma\u00f1ana en la Escuela N.\u00b0 893 Madre Teresa de Calcuta, en el barrio San Isidro de Posadas. En su contacto con la prensa local inst\u00f3 a la ciudadan\u00eda misionera a ejercer su derecho a elegir a sus representantes. Hoy Misiones elige nuevamente los nuevos cargos del Poder Ejecutivo, la mitad de [&hellip;]","og_url":"https:\/\/cvinoticias.com\/v3\/herrera-ahuad-emitio-su-voto-y-destaco-la-madurez-de-la-sociedad-misionera\/","og_site_name":"CVI NOTICIAS","article_publisher":"https:\/\/www.facebook.com\/cvinoticias","article_published_time":"2023-05-07T13:58:20+00:00","og_image":[{"width":1024,"height":683,"url":"https:\/\/cvinoticias.com\/wp-content\/uploads\/2023\/05\/IMG-20230507-WA0081.jpg","type":"image\/jpeg"}],"author":"f1000024","twitter_card":"summary_large_image","twitter_misc":{"Escrito por":"f1000024","Tiempo de lectura":"2 minutos"},"schema":{"@context":"https:\/\/schema.org","@graph":[{"@type":"Article","@id":"https:\/\/cvinoticias.com\/v3\/herrera-ahuad-emitio-su-voto-y-destaco-la-madurez-de-la-sociedad-misionera\/#article","isPartOf":{"@id":"https:\/\/cvinoticias.com\/v3\/herrera-ahuad-emitio-su-voto-y-destaco-la-madurez-de-la-sociedad-misionera\/"},"author":{"name":"f1000024","@id":"https:\/\/cvinoticias.com\/v3\/#\/schema\/person\/2db77e3c6bc03c538495d7b2b8be9b66"},"headline":"Herrera Ahuad emiti\u00f3 su voto y destac\u00f3 la madurez de la sociedad misionera","datePublished":"2023-05-07T13:58:20+00:00","mainEntityOfPage":{"@id":"https:\/\/cvinoticias.com\/v3\/herrera-ahuad-emitio-su-voto-y-destaco-la-madurez-de-la-sociedad-misionera\/"},"wordCount":445,"commentCount":0,"publisher":{"@id":"https:\/\/cvinoticias.com\/v3\/#organization"},"image":{"@id":"https:\/\/cvinoticias.com\/v3\/herrera-ahuad-emitio-su-voto-y-destaco-la-madurez-de-la-sociedad-misionera\/#primaryimage"},"thumbnailUrl":"https:\/\/cvinoticias.com\/wp-content\/uploads\/2023\/05\/IMG-20230507-WA0081.jpg","articleSection":["Provinciales"],"inLanguage":"es","potentialAction":[{"@type":"CommentAction","name":"Comment","target":["https:\/\/cvinoticias.com\/v3\/herrera-ahuad-emitio-su-voto-y-destaco-la-madurez-de-la-sociedad-misionera\/#respond"]}]},{"@type":"WebPage","@id":"https:\/\/cvinoticias.com\/v3\/herrera-ahuad-emitio-su-voto-y-destaco-la-madurez-de-la-sociedad-misionera\/","url":"https:\/\/cvinoticias.com\/v3\/herrera-ahuad-emitio-su-voto-y-destaco-la-madurez-de-la-sociedad-misionera\/","name":"Herrera Ahuad emiti\u00f3 su voto y destac\u00f3 la madurez de la sociedad misionera | CVI NOTICIAS","isPartOf":{"@id":"https:\/\/cvinoticias.com\/v3\/#website"},"primaryImageOfPage":{"@id":"https:\/\/cvinoticias.com\/v3\/herrera-ahuad-emitio-su-voto-y-destaco-la-madurez-de-la-sociedad-misionera\/#primaryimage"},"image":{"@id":"https:\/\/cvinoticias.com\/v3\/herrera-ahuad-emitio-su-voto-y-destaco-la-madurez-de-la-sociedad-misionera\/#primaryimage"},"thumbnailUrl":"https:\/\/cvinoticias.com\/wp-content\/uploads\/2023\/05\/IMG-20230507-WA0081.jpg","datePublished":"2023-05-07T13:58:20+00:00","breadcrumb":{"@id":"https:\/\/cvinoticias.com\/v3\/herrera-ahuad-emitio-su-voto-y-destaco-la-madurez-de-la-sociedad-misionera\/#breadcrumb"},"inLanguage":"es","potentialAction":[{"@type":"ReadAction","target":["https:\/\/cvinoticias.com\/v3\/herrera-ahuad-emitio-su-voto-y-destaco-la-madurez-de-la-sociedad-misionera\/"]}]},{"@type":"ImageObject","inLanguage":"es","@id":"https:\/\/cvinoticias.com\/v3\/herrera-ahuad-emitio-su-voto-y-destaco-la-madurez-de-la-sociedad-misionera\/#primaryimage","url":"https:\/\/cvinoticias.com\/wp-content\/uploads\/2023\/05\/IMG-20230507-WA0081.jpg","contentUrl":"https:\/\/cvinoticias.com\/wp-content\/uploads\/2023\/05\/IMG-20230507-WA0081.jpg","width":1024,"height":683},{"@type":"BreadcrumbList","@id":"https:\/\/cvinoticias.com\/v3\/herrera-ahuad-emitio-su-voto-y-destaco-la-madurez-de-la-sociedad-misionera\/#breadcrumb","itemListElement":[{"@type":"ListItem","position":1,"name":"Portada","item":"https:\/\/cvinoticias.com\/v3\/"},{"@type":"ListItem","position":2,"name":"Herrera Ahuad emiti\u00f3 su voto y destac\u00f3 la madurez de la sociedad misionera"}]},{"@type":"WebSite","@id":"https:\/\/cvinoticias.com\/v3\/#website","url":"https:\/\/cvinoticias.com\/v3\/","name":"CVI NOTICIAS","description":"","publisher":{"@id":"https:\/\/cvinoticias.com\/v3\/#organization"},"alternateName":"CVI","potentialAction":[{"@type":"SearchAction","target":{"@type":"EntryPoint","urlTemplate":"https:\/\/cvinoticias.com\/v3\/?s={search_term_string}"},"query-input":{"@type":"PropertyValueSpecification","valueRequired":true,"valueName":"search_term_string"}}],"inLanguage":"es"},{"@type":"Organization","@id":"https:\/\/cvinoticias.com\/v3\/#organization","name":"CVI NOTICIAS","url":"https:\/\/cvinoticias.com\/v3\/","logo":{"@type":"ImageObject","inLanguage":"es","@id":"https:\/\/cvinoticias.com\/v3\/#\/schema\/logo\/image\/","url":"https:\/\/cvinoticias.com\/wp-content\/uploads\/2023\/04\/cropped-cropped-cropped-cropped-cropped-3-1.png","contentUrl":"https:\/\/cvinoticias.com\/wp-content\/uploads\/2023\/04\/cropped-cropped-cropped-cropped-cropped-3-1.png","width":95,"height":122,"caption":"CVI NOTICIAS"},"image":{"@id":"https:\/\/cvinoticias.com\/v3\/#\/schema\/logo\/image\/"},"sameAs":["https:\/\/www.facebook.com\/cvinoticias","https:\/\/www.instagram.com\/cvinoticias\/","https:\/\/www.youtube.com\/@CVINOTICIAS"]},{"@type":"Person","@id":"https:\/\/cvinoticias.com\/v3\/#\/schema\/person\/2db77e3c6bc03c538495d7b2b8be9b66","name":"f1000024","image":{"@type":"ImageObject","inLanguage":"es","@id":"https:\/\/secure.gravatar.com\/avatar\/d4fe7459cfc51ff5129ce1a732bbef5928568b8092d412ef95611616376bbeed?s=96&d=mm&r=g","url":"https:\/\/secure.gravatar.com\/avatar\/d4fe7459cfc51ff5129ce1a732bbef5928568b8092d412ef95611616376bbeed?s=96&d=mm&r=g","contentUrl":"https:\/\/secure.gravatar.com\/avatar\/d4fe7459cfc51ff5129ce1a732bbef5928568b8092d412ef95611616376bbeed?s=96&d=mm&r=g","caption":"f1000024"},"url":"https:\/\/cvinoticias.com\/v3\/author\/f1000024\/"}]}},"_links":{"self":[{"href":"https:\/\/cvinoticias.com\/v3\/wp-json\/wp\/v2\/posts\/24640","targetHints":{"allow":["GET"]}}],"collection":[{"href":"https:\/\/cvinoticias.com\/v3\/wp-json\/wp\/v2\/posts"}],"about":[{"href":"https:\/\/cvinoticias.com\/v3\/wp-json\/wp\/v2\/types\/post"}],"author":[{"embeddable":true,"href":"https:\/\/cvinoticias.com\/v3\/wp-json\/wp\/v2\/users\/2"}],"replies":[{"embeddable":true,"href":"https:\/\/cvinoticias.com\/v3\/wp-json\/wp\/v2\/comments?post=24640"}],"version-history":[{"count":1,"href":"https:\/\/cvinoticias.com\/v3\/wp-json\/wp\/v2\/posts\/24640\/revisions"}],"predecessor-version":[{"id":24645,"href":"https:\/\/cvinoticias.com\/v3\/wp-json\/wp\/v2\/posts\/24640\/revisions\/24645"}],"wp:featuredmedia":[{"embeddable":true,"href":"https:\/\/cvinoticias.com\/v3\/wp-json\/wp\/v2\/media\/24641"}],"wp:attachment":[{"href":"https:\/\/cvinoticias.com\/v3\/wp-json\/wp\/v2\/media?parent=24640"}],"wp:term":[{"taxonomy":"category","embeddable":true,"href":"https:\/\/cvinoticias.com\/v3\/wp-json\/wp\/v2\/categories?post=24640"},{"taxonomy":"post_tag","embeddable":true,"href":"https:\/\/cvinoticias.com\/v3\/wp-json\/wp\/v2\/tags?post=24640"}],"curies":[{"name":"wp","href":"https:\/\/api.w.org\/{rel}","templated":true}]}}