{"id":24622,"date":"2023-05-07T00:59:24","date_gmt":"2023-05-07T00:59:24","guid":{"rendered":"https:\/\/cvinoticias.com\/v3\/?p=24622"},"modified":"2023-05-07T00:59:24","modified_gmt":"2023-05-07T00:59:24","slug":"la-afip-y-el-correo-argentino-suscriben-un-acuerdo-para-digitalizacion-de-telegramas-laborales","status":"publish","type":"post","link":"https:\/\/cvinoticias.com\/v3\/la-afip-y-el-correo-argentino-suscriben-un-acuerdo-para-digitalizacion-de-telegramas-laborales\/","title":{"rendered":"La AFIP y el Correo Argentino suscriben un acuerdo para digitalizaci\u00f3n de telegramas laborales"},"content":{"rendered":"\n<p><strong><em>La Administraci\u00f3n Federal de Ingresos P\u00fablicos (AFIP) realiz\u00f3 un acuerdo con el Correo Argentino para implementar la digitalizaci\u00f3n y carga sist\u00e9mica de los datos e im\u00e1genes de Telegramas Laborales, los documentos enviados por las trabajadoras y trabajadores a sus empleadores ante la detecci\u00f3n de irregularidades laborales.<\/em><\/strong><\/p>\n\n\n\n<p>El titular de la AFIP, Carlos Castagneto, consider\u00f3 como fundamental y muy importante este paso hacia la digitalizaci\u00f3n que permitir\u00e1 agilizar la gesti\u00f3n de dichos telegramas \u201cno solo de forma m\u00e1s r\u00e1pida, sino que vamos a poder compatibilizar mucha m\u00e1s informaci\u00f3n, por ejemplo, con el Libro Sueldo Digital. Tenemos que trabajar fuertemente para que el an\u00e1lisis de la informaci\u00f3n tienda a automatizarse cada vez m\u00e1s\u201d.<\/p>\n\n\n\n<p>Por su parte, la presidenta del Correo, Vanesa Piesciorovsk, expres\u00f3 que esto parte \u201cde un proceso de desarrollo que busca eliminar los pasos burocr\u00e1ticos, que lo \u00fanico que hacen es entorpecer el acceso a los derechos de los trabajadores\u201d.<\/p>\n\n\n\n<p>En la actualidad, la AFIP recibe anualmente unas 100.000 piezas postales por telegramas laborales, cuyos datos e im\u00e1genes digitaliza para su resguardo mediante la herramienta Sistema de Recepci\u00f3n de Telegramas. Este proceso de digitalizaci\u00f3n demanda el esfuerzo de 200 operadores a nivel pa\u00eds. A partir del acuerdo firmado, el Correo Argentino ser\u00e1 el responsable de la digitalizaci\u00f3n, carga de su contenido y su env\u00edo sist\u00e9mico a la AFIP.<\/p>\n\n\n\n<p>Por su parte, la titular de Seguridad Social destac\u00f3 que la digitalizaci\u00f3n de estos telegramas \u201cle va a permitir a la AFIP hacer mucho m\u00e1s efectivo el trabajo, y lo haremos a trav\u00e9s de Correo Argentino, una empresa del Estado que tiene adem\u00e1s todos los mecanismos de seguridad, de eficacia y transparencia para hacerlo de manera r\u00e1pida y eficiente para que esa informaci\u00f3n sirva much\u00edsimo m\u00e1s\u201d.<\/p>\n\n\n\n<p>La base de telegramas de AFIP incorporar\u00e1 datos e im\u00e1genes de estas piezas postales digitalizadas en origen que estar\u00e1n disponibles para la consulta de las \u00e1reas de investigaci\u00f3n y los Juzgados laborales, como es habitual. Cabe recordar que la \u00faltima mejora desarrollada en el Sistema de Recepci\u00f3n de Telegramas, fue dise\u00f1ada con el mismo objetivo de reducir la carga administrativa a los operadores de la AFIP, ya que habilita a los mismos trabajadores a que puedan efectuar la digitalizaci\u00f3n y carga de sus telegramas laborales, accediendo al sistema con su clave fiscal.<\/p>\n","protected":false},"excerpt":{"rendered":"<p>La Administraci\u00f3n Federal de Ingresos P\u00fablicos (AFIP) realiz\u00f3 un acuerdo con el Correo Argentino para implementar la digitalizaci\u00f3n y carga sist\u00e9mica de los datos e im\u00e1genes de Telegramas Laborales, los documentos enviados por las trabajadoras y trabajadores a sus empleadores ante la detecci\u00f3n de irregularidades laborales. El titular de la AFIP, Carlos Castagneto, consider\u00f3 como [&hellip;]<\/p>\n","protected":false},"author":2,"featured_media":24623,"comment_status":"open","ping_status":"open","sticky":false,"template":"","format":"standard","meta":{"footnotes":""},"categories":[35],"tags":[],"class_list":["post-24622","post","type-post","status-publish","format-standard","has-post-thumbnail","hentry","category-informacion-general"],"yoast_head":"<!-- This site is optimized with the Yoast SEO plugin v27.5 - https:\/\/yoast.com\/product\/yoast-seo-wordpress\/ -->\n<title>La AFIP y el Correo Argentino suscriben un acuerdo para digitalizaci\u00f3n de telegramas laborales | CVI NOTICIAS<\/title>\n<meta name=\"robots\" content=\"index, follow, max-snippet:-1, max-image-preview:large, max-video-preview:-1\" \/>\n<link rel=\"canonical\" href=\"https:\/\/cvinoticias.com\/v3\/la-afip-y-el-correo-argentino-suscriben-un-acuerdo-para-digitalizacion-de-telegramas-laborales\/\" \/>\n<meta property=\"og:locale\" content=\"es_ES\" \/>\n<meta property=\"og:type\" content=\"article\" \/>\n<meta property=\"og:title\" content=\"La AFIP y el Correo Argentino suscriben un acuerdo para digitalizaci\u00f3n de telegramas laborales | CVI NOTICIAS\" \/>\n<meta property=\"og:description\" content=\"La Administraci\u00f3n Federal de Ingresos P\u00fablicos (AFIP) realiz\u00f3 un acuerdo con el Correo Argentino para implementar la digitalizaci\u00f3n y carga sist\u00e9mica de los datos e im\u00e1genes de Telegramas Laborales, los documentos enviados por las trabajadoras y trabajadores a sus empleadores ante la detecci\u00f3n de irregularidades laborales. El titular de la AFIP, Carlos Castagneto, consider\u00f3 como [&hellip;]\" \/>\n<meta property=\"og:url\" content=\"https:\/\/cvinoticias.com\/v3\/la-afip-y-el-correo-argentino-suscriben-un-acuerdo-para-digitalizacion-de-telegramas-laborales\/\" \/>\n<meta property=\"og:site_name\" content=\"CVI NOTICIAS\" \/>\n<meta property=\"article:publisher\" content=\"https:\/\/www.facebook.com\/cvinoticias\" \/>\n<meta property=\"article:published_time\" content=\"2023-05-07T00:59:24+00:00\" \/>\n<meta property=\"og:image\" content=\"https:\/\/cvinoticias.com\/wp-content\/uploads\/2023\/05\/0000127995.jpg\" \/>\n\t<meta property=\"og:image:width\" content=\"1500\" \/>\n\t<meta property=\"og:image:height\" content=\"870\" \/>\n\t<meta property=\"og:image:type\" content=\"image\/jpeg\" \/>\n<meta name=\"author\" content=\"f1000024\" \/>\n<meta name=\"twitter:card\" content=\"summary_large_image\" \/>\n<meta name=\"twitter:label1\" content=\"Escrito por\" \/>\n\t<meta name=\"twitter:data1\" content=\"f1000024\" \/>\n\t<meta name=\"twitter:label2\" content=\"Tiempo de lectura\" \/>\n\t<meta name=\"twitter:data2\" content=\"2 minutos\" \/>\n<script type=\"application\/ld+json\" class=\"yoast-schema-graph\">{\"@context\":\"https:\\\/\\\/schema.org\",\"@graph\":[{\"@type\":\"Article\",\"@id\":\"https:\\\/\\\/cvinoticias.com\\\/v3\\\/la-afip-y-el-correo-argentino-suscriben-un-acuerdo-para-digitalizacion-de-telegramas-laborales\\\/#article\",\"isPartOf\":{\"@id\":\"https:\\\/\\\/cvinoticias.com\\\/v3\\\/la-afip-y-el-correo-argentino-suscriben-un-acuerdo-para-digitalizacion-de-telegramas-laborales\\\/\"},\"author\":{\"name\":\"f1000024\",\"@id\":\"https:\\\/\\\/cvinoticias.com\\\/v3\\\/#\\\/schema\\\/person\\\/2db77e3c6bc03c538495d7b2b8be9b66\"},\"headline\":\"La AFIP y el Correo Argentino suscriben un acuerdo para digitalizaci\u00f3n de telegramas laborales\",\"datePublished\":\"2023-05-07T00:59:24+00:00\",\"mainEntityOfPage\":{\"@id\":\"https:\\\/\\\/cvinoticias.com\\\/v3\\\/la-afip-y-el-correo-argentino-suscriben-un-acuerdo-para-digitalizacion-de-telegramas-laborales\\\/\"},\"wordCount\":426,\"commentCount\":0,\"publisher\":{\"@id\":\"https:\\\/\\\/cvinoticias.com\\\/v3\\\/#organization\"},\"image\":{\"@id\":\"https:\\\/\\\/cvinoticias.com\\\/v3\\\/la-afip-y-el-correo-argentino-suscriben-un-acuerdo-para-digitalizacion-de-telegramas-laborales\\\/#primaryimage\"},\"thumbnailUrl\":\"https:\\\/\\\/cvinoticias.com\\\/wp-content\\\/uploads\\\/2023\\\/05\\\/0000127995.jpg\",\"articleSection\":[\"Informaci\u00f3n General\"],\"inLanguage\":\"es\",\"potentialAction\":[{\"@type\":\"CommentAction\",\"name\":\"Comment\",\"target\":[\"https:\\\/\\\/cvinoticias.com\\\/v3\\\/la-afip-y-el-correo-argentino-suscriben-un-acuerdo-para-digitalizacion-de-telegramas-laborales\\\/#respond\"]}]},{\"@type\":\"WebPage\",\"@id\":\"https:\\\/\\\/cvinoticias.com\\\/v3\\\/la-afip-y-el-correo-argentino-suscriben-un-acuerdo-para-digitalizacion-de-telegramas-laborales\\\/\",\"url\":\"https:\\\/\\\/cvinoticias.com\\\/v3\\\/la-afip-y-el-correo-argentino-suscriben-un-acuerdo-para-digitalizacion-de-telegramas-laborales\\\/\",\"name\":\"La AFIP y el Correo Argentino suscriben un acuerdo para digitalizaci\u00f3n de telegramas laborales | CVI NOTICIAS\",\"isPartOf\":{\"@id\":\"https:\\\/\\\/cvinoticias.com\\\/v3\\\/#website\"},\"primaryImageOfPage\":{\"@id\":\"https:\\\/\\\/cvinoticias.com\\\/v3\\\/la-afip-y-el-correo-argentino-suscriben-un-acuerdo-para-digitalizacion-de-telegramas-laborales\\\/#primaryimage\"},\"image\":{\"@id\":\"https:\\\/\\\/cvinoticias.com\\\/v3\\\/la-afip-y-el-correo-argentino-suscriben-un-acuerdo-para-digitalizacion-de-telegramas-laborales\\\/#primaryimage\"},\"thumbnailUrl\":\"https:\\\/\\\/cvinoticias.com\\\/wp-content\\\/uploads\\\/2023\\\/05\\\/0000127995.jpg\",\"datePublished\":\"2023-05-07T00:59:24+00:00\",\"breadcrumb\":{\"@id\":\"https:\\\/\\\/cvinoticias.com\\\/v3\\\/la-afip-y-el-correo-argentino-suscriben-un-acuerdo-para-digitalizacion-de-telegramas-laborales\\\/#breadcrumb\"},\"inLanguage\":\"es\",\"potentialAction\":[{\"@type\":\"ReadAction\",\"target\":[\"https:\\\/\\\/cvinoticias.com\\\/v3\\\/la-afip-y-el-correo-argentino-suscriben-un-acuerdo-para-digitalizacion-de-telegramas-laborales\\\/\"]}]},{\"@type\":\"ImageObject\",\"inLanguage\":\"es\",\"@id\":\"https:\\\/\\\/cvinoticias.com\\\/v3\\\/la-afip-y-el-correo-argentino-suscriben-un-acuerdo-para-digitalizacion-de-telegramas-laborales\\\/#primaryimage\",\"url\":\"https:\\\/\\\/cvinoticias.com\\\/wp-content\\\/uploads\\\/2023\\\/05\\\/0000127995.jpg\",\"contentUrl\":\"https:\\\/\\\/cvinoticias.com\\\/wp-content\\\/uploads\\\/2023\\\/05\\\/0000127995.jpg\",\"width\":1500,\"height\":870},{\"@type\":\"BreadcrumbList\",\"@id\":\"https:\\\/\\\/cvinoticias.com\\\/v3\\\/la-afip-y-el-correo-argentino-suscriben-un-acuerdo-para-digitalizacion-de-telegramas-laborales\\\/#breadcrumb\",\"itemListElement\":[{\"@type\":\"ListItem\",\"position\":1,\"name\":\"Portada\",\"item\":\"https:\\\/\\\/cvinoticias.com\\\/v3\\\/\"},{\"@type\":\"ListItem\",\"position\":2,\"name\":\"La AFIP y el Correo Argentino suscriben un acuerdo para digitalizaci\u00f3n de telegramas laborales\"}]},{\"@type\":\"WebSite\",\"@id\":\"https:\\\/\\\/cvinoticias.com\\\/v3\\\/#website\",\"url\":\"https:\\\/\\\/cvinoticias.com\\\/v3\\\/\",\"name\":\"CVI NOTICIAS\",\"description\":\"\",\"publisher\":{\"@id\":\"https:\\\/\\\/cvinoticias.com\\\/v3\\\/#organization\"},\"alternateName\":\"CVI\",\"potentialAction\":[{\"@type\":\"SearchAction\",\"target\":{\"@type\":\"EntryPoint\",\"urlTemplate\":\"https:\\\/\\\/cvinoticias.com\\\/v3\\\/?s={search_term_string}\"},\"query-input\":{\"@type\":\"PropertyValueSpecification\",\"valueRequired\":true,\"valueName\":\"search_term_string\"}}],\"inLanguage\":\"es\"},{\"@type\":\"Organization\",\"@id\":\"https:\\\/\\\/cvinoticias.com\\\/v3\\\/#organization\",\"name\":\"CVI NOTICIAS\",\"url\":\"https:\\\/\\\/cvinoticias.com\\\/v3\\\/\",\"logo\":{\"@type\":\"ImageObject\",\"inLanguage\":\"es\",\"@id\":\"https:\\\/\\\/cvinoticias.com\\\/v3\\\/#\\\/schema\\\/logo\\\/image\\\/\",\"url\":\"https:\\\/\\\/cvinoticias.com\\\/wp-content\\\/uploads\\\/2023\\\/04\\\/cropped-cropped-cropped-cropped-cropped-3-1.png\",\"contentUrl\":\"https:\\\/\\\/cvinoticias.com\\\/wp-content\\\/uploads\\\/2023\\\/04\\\/cropped-cropped-cropped-cropped-cropped-3-1.png\",\"width\":95,\"height\":122,\"caption\":\"CVI NOTICIAS\"},\"image\":{\"@id\":\"https:\\\/\\\/cvinoticias.com\\\/v3\\\/#\\\/schema\\\/logo\\\/image\\\/\"},\"sameAs\":[\"https:\\\/\\\/www.facebook.com\\\/cvinoticias\",\"https:\\\/\\\/www.instagram.com\\\/cvinoticias\\\/\",\"https:\\\/\\\/www.youtube.com\\\/@CVINOTICIAS\"]},{\"@type\":\"Person\",\"@id\":\"https:\\\/\\\/cvinoticias.com\\\/v3\\\/#\\\/schema\\\/person\\\/2db77e3c6bc03c538495d7b2b8be9b66\",\"name\":\"f1000024\",\"image\":{\"@type\":\"ImageObject\",\"inLanguage\":\"es\",\"@id\":\"https:\\\/\\\/secure.gravatar.com\\\/avatar\\\/d4fe7459cfc51ff5129ce1a732bbef5928568b8092d412ef95611616376bbeed?s=96&d=mm&r=g\",\"url\":\"https:\\\/\\\/secure.gravatar.com\\\/avatar\\\/d4fe7459cfc51ff5129ce1a732bbef5928568b8092d412ef95611616376bbeed?s=96&d=mm&r=g\",\"contentUrl\":\"https:\\\/\\\/secure.gravatar.com\\\/avatar\\\/d4fe7459cfc51ff5129ce1a732bbef5928568b8092d412ef95611616376bbeed?s=96&d=mm&r=g\",\"caption\":\"f1000024\"},\"url\":\"https:\\\/\\\/cvinoticias.com\\\/v3\\\/author\\\/f1000024\\\/\"}]}<\/script>\n<!-- \/ Yoast SEO plugin. -->","yoast_head_json":{"title":"La AFIP y el Correo Argentino suscriben un acuerdo para digitalizaci\u00f3n de telegramas laborales | CVI NOTICIAS","robots":{"index":"index","follow":"follow","max-snippet":"max-snippet:-1","max-image-preview":"max-image-preview:large","max-video-preview":"max-video-preview:-1"},"canonical":"https:\/\/cvinoticias.com\/v3\/la-afip-y-el-correo-argentino-suscriben-un-acuerdo-para-digitalizacion-de-telegramas-laborales\/","og_locale":"es_ES","og_type":"article","og_title":"La AFIP y el Correo Argentino suscriben un acuerdo para digitalizaci\u00f3n de telegramas laborales | CVI NOTICIAS","og_description":"La Administraci\u00f3n Federal de Ingresos P\u00fablicos (AFIP) realiz\u00f3 un acuerdo con el Correo Argentino para implementar la digitalizaci\u00f3n y carga sist\u00e9mica de los datos e im\u00e1genes de Telegramas Laborales, los documentos enviados por las trabajadoras y trabajadores a sus empleadores ante la detecci\u00f3n de irregularidades laborales. El titular de la AFIP, Carlos Castagneto, consider\u00f3 como [&hellip;]","og_url":"https:\/\/cvinoticias.com\/v3\/la-afip-y-el-correo-argentino-suscriben-un-acuerdo-para-digitalizacion-de-telegramas-laborales\/","og_site_name":"CVI NOTICIAS","article_publisher":"https:\/\/www.facebook.com\/cvinoticias","article_published_time":"2023-05-07T00:59:24+00:00","og_image":[{"width":1500,"height":870,"url":"https:\/\/cvinoticias.com\/wp-content\/uploads\/2023\/05\/0000127995.jpg","type":"image\/jpeg"}],"author":"f1000024","twitter_card":"summary_large_image","twitter_misc":{"Escrito por":"f1000024","Tiempo de lectura":"2 minutos"},"schema":{"@context":"https:\/\/schema.org","@graph":[{"@type":"Article","@id":"https:\/\/cvinoticias.com\/v3\/la-afip-y-el-correo-argentino-suscriben-un-acuerdo-para-digitalizacion-de-telegramas-laborales\/#article","isPartOf":{"@id":"https:\/\/cvinoticias.com\/v3\/la-afip-y-el-correo-argentino-suscriben-un-acuerdo-para-digitalizacion-de-telegramas-laborales\/"},"author":{"name":"f1000024","@id":"https:\/\/cvinoticias.com\/v3\/#\/schema\/person\/2db77e3c6bc03c538495d7b2b8be9b66"},"headline":"La AFIP y el Correo Argentino suscriben un acuerdo para digitalizaci\u00f3n de telegramas laborales","datePublished":"2023-05-07T00:59:24+00:00","mainEntityOfPage":{"@id":"https:\/\/cvinoticias.com\/v3\/la-afip-y-el-correo-argentino-suscriben-un-acuerdo-para-digitalizacion-de-telegramas-laborales\/"},"wordCount":426,"commentCount":0,"publisher":{"@id":"https:\/\/cvinoticias.com\/v3\/#organization"},"image":{"@id":"https:\/\/cvinoticias.com\/v3\/la-afip-y-el-correo-argentino-suscriben-un-acuerdo-para-digitalizacion-de-telegramas-laborales\/#primaryimage"},"thumbnailUrl":"https:\/\/cvinoticias.com\/wp-content\/uploads\/2023\/05\/0000127995.jpg","articleSection":["Informaci\u00f3n General"],"inLanguage":"es","potentialAction":[{"@type":"CommentAction","name":"Comment","target":["https:\/\/cvinoticias.com\/v3\/la-afip-y-el-correo-argentino-suscriben-un-acuerdo-para-digitalizacion-de-telegramas-laborales\/#respond"]}]},{"@type":"WebPage","@id":"https:\/\/cvinoticias.com\/v3\/la-afip-y-el-correo-argentino-suscriben-un-acuerdo-para-digitalizacion-de-telegramas-laborales\/","url":"https:\/\/cvinoticias.com\/v3\/la-afip-y-el-correo-argentino-suscriben-un-acuerdo-para-digitalizacion-de-telegramas-laborales\/","name":"La AFIP y el Correo Argentino suscriben un acuerdo para digitalizaci\u00f3n de telegramas laborales | CVI NOTICIAS","isPartOf":{"@id":"https:\/\/cvinoticias.com\/v3\/#website"},"primaryImageOfPage":{"@id":"https:\/\/cvinoticias.com\/v3\/la-afip-y-el-correo-argentino-suscriben-un-acuerdo-para-digitalizacion-de-telegramas-laborales\/#primaryimage"},"image":{"@id":"https:\/\/cvinoticias.com\/v3\/la-afip-y-el-correo-argentino-suscriben-un-acuerdo-para-digitalizacion-de-telegramas-laborales\/#primaryimage"},"thumbnailUrl":"https:\/\/cvinoticias.com\/wp-content\/uploads\/2023\/05\/0000127995.jpg","datePublished":"2023-05-07T00:59:24+00:00","breadcrumb":{"@id":"https:\/\/cvinoticias.com\/v3\/la-afip-y-el-correo-argentino-suscriben-un-acuerdo-para-digitalizacion-de-telegramas-laborales\/#breadcrumb"},"inLanguage":"es","potentialAction":[{"@type":"ReadAction","target":["https:\/\/cvinoticias.com\/v3\/la-afip-y-el-correo-argentino-suscriben-un-acuerdo-para-digitalizacion-de-telegramas-laborales\/"]}]},{"@type":"ImageObject","inLanguage":"es","@id":"https:\/\/cvinoticias.com\/v3\/la-afip-y-el-correo-argentino-suscriben-un-acuerdo-para-digitalizacion-de-telegramas-laborales\/#primaryimage","url":"https:\/\/cvinoticias.com\/wp-content\/uploads\/2023\/05\/0000127995.jpg","contentUrl":"https:\/\/cvinoticias.com\/wp-content\/uploads\/2023\/05\/0000127995.jpg","width":1500,"height":870},{"@type":"BreadcrumbList","@id":"https:\/\/cvinoticias.com\/v3\/la-afip-y-el-correo-argentino-suscriben-un-acuerdo-para-digitalizacion-de-telegramas-laborales\/#breadcrumb","itemListElement":[{"@type":"ListItem","position":1,"name":"Portada","item":"https:\/\/cvinoticias.com\/v3\/"},{"@type":"ListItem","position":2,"name":"La AFIP y el Correo Argentino suscriben un acuerdo para digitalizaci\u00f3n de telegramas laborales"}]},{"@type":"WebSite","@id":"https:\/\/cvinoticias.com\/v3\/#website","url":"https:\/\/cvinoticias.com\/v3\/","name":"CVI NOTICIAS","description":"","publisher":{"@id":"https:\/\/cvinoticias.com\/v3\/#organization"},"alternateName":"CVI","potentialAction":[{"@type":"SearchAction","target":{"@type":"EntryPoint","urlTemplate":"https:\/\/cvinoticias.com\/v3\/?s={search_term_string}"},"query-input":{"@type":"PropertyValueSpecification","valueRequired":true,"valueName":"search_term_string"}}],"inLanguage":"es"},{"@type":"Organization","@id":"https:\/\/cvinoticias.com\/v3\/#organization","name":"CVI NOTICIAS","url":"https:\/\/cvinoticias.com\/v3\/","logo":{"@type":"ImageObject","inLanguage":"es","@id":"https:\/\/cvinoticias.com\/v3\/#\/schema\/logo\/image\/","url":"https:\/\/cvinoticias.com\/wp-content\/uploads\/2023\/04\/cropped-cropped-cropped-cropped-cropped-3-1.png","contentUrl":"https:\/\/cvinoticias.com\/wp-content\/uploads\/2023\/04\/cropped-cropped-cropped-cropped-cropped-3-1.png","width":95,"height":122,"caption":"CVI NOTICIAS"},"image":{"@id":"https:\/\/cvinoticias.com\/v3\/#\/schema\/logo\/image\/"},"sameAs":["https:\/\/www.facebook.com\/cvinoticias","https:\/\/www.instagram.com\/cvinoticias\/","https:\/\/www.youtube.com\/@CVINOTICIAS"]},{"@type":"Person","@id":"https:\/\/cvinoticias.com\/v3\/#\/schema\/person\/2db77e3c6bc03c538495d7b2b8be9b66","name":"f1000024","image":{"@type":"ImageObject","inLanguage":"es","@id":"https:\/\/secure.gravatar.com\/avatar\/d4fe7459cfc51ff5129ce1a732bbef5928568b8092d412ef95611616376bbeed?s=96&d=mm&r=g","url":"https:\/\/secure.gravatar.com\/avatar\/d4fe7459cfc51ff5129ce1a732bbef5928568b8092d412ef95611616376bbeed?s=96&d=mm&r=g","contentUrl":"https:\/\/secure.gravatar.com\/avatar\/d4fe7459cfc51ff5129ce1a732bbef5928568b8092d412ef95611616376bbeed?s=96&d=mm&r=g","caption":"f1000024"},"url":"https:\/\/cvinoticias.com\/v3\/author\/f1000024\/"}]}},"_links":{"self":[{"href":"https:\/\/cvinoticias.com\/v3\/wp-json\/wp\/v2\/posts\/24622","targetHints":{"allow":["GET"]}}],"collection":[{"href":"https:\/\/cvinoticias.com\/v3\/wp-json\/wp\/v2\/posts"}],"about":[{"href":"https:\/\/cvinoticias.com\/v3\/wp-json\/wp\/v2\/types\/post"}],"author":[{"embeddable":true,"href":"https:\/\/cvinoticias.com\/v3\/wp-json\/wp\/v2\/users\/2"}],"replies":[{"embeddable":true,"href":"https:\/\/cvinoticias.com\/v3\/wp-json\/wp\/v2\/comments?post=24622"}],"version-history":[{"count":1,"href":"https:\/\/cvinoticias.com\/v3\/wp-json\/wp\/v2\/posts\/24622\/revisions"}],"predecessor-version":[{"id":24624,"href":"https:\/\/cvinoticias.com\/v3\/wp-json\/wp\/v2\/posts\/24622\/revisions\/24624"}],"wp:featuredmedia":[{"embeddable":true,"href":"https:\/\/cvinoticias.com\/v3\/wp-json\/wp\/v2\/media\/24623"}],"wp:attachment":[{"href":"https:\/\/cvinoticias.com\/v3\/wp-json\/wp\/v2\/media?parent=24622"}],"wp:term":[{"taxonomy":"category","embeddable":true,"href":"https:\/\/cvinoticias.com\/v3\/wp-json\/wp\/v2\/categories?post=24622"},{"taxonomy":"post_tag","embeddable":true,"href":"https:\/\/cvinoticias.com\/v3\/wp-json\/wp\/v2\/tags?post=24622"}],"curies":[{"name":"wp","href":"https:\/\/api.w.org\/{rel}","templated":true}]}}