{"id":24601,"date":"2023-05-05T11:38:58","date_gmt":"2023-05-05T11:38:58","guid":{"rendered":"https:\/\/cvinoticias.com\/v3\/?p=24601"},"modified":"2023-05-05T11:38:58","modified_gmt":"2023-05-05T11:38:58","slug":"comienzo-la-veda-electoral-en-misiones-de-cara-a-las-elecciones-del-domingo-7-de-mayo","status":"publish","type":"post","link":"https:\/\/cvinoticias.com\/v3\/comienzo-la-veda-electoral-en-misiones-de-cara-a-las-elecciones-del-domingo-7-de-mayo\/","title":{"rendered":"Comienz\u00f3 la veda electoral en Misiones de cara a las elecciones del domingo 7 de mayo"},"content":{"rendered":"\n<p><strong><em>La C\u00e1mara Nacional Electoral reiter\u00f3 que desde el viernes 5 de mayo quedar\u00e1 prohibido realizar actos proselitistas y difundir encuestas y sondeos preelectorales.<\/em><\/strong><\/p>\n\n\n\n<p>Desde las 08 horas de hoy viernes quedan restringidas una serie de actividades en cumplimiento de la veda que establece el C\u00f3digo Electoral, por la celebraci\u00f3n de las elecciones provinciales y municipales del domingo.<\/p>\n\n\n\n<p>Los misioneros est\u00e1n convocados este domingo a las urnas para elegir gobernador, vicegobernador, diputados provinciales, intendentes y concejales, y ante esta nueva cita de la democracia, rige desde las 8 de la ma\u00f1ana de hoy viernes la veda que establece el Art\u00edculo 71 del C\u00f3digo Electoral provincial, con el objetivo de mantener el orden y la neutralidad en el proceso electoral.<\/p>\n\n\n\n<p>Esa normativa fija una serie de restricciones de cumplimento obligatorio, entre ellas la prohibici\u00f3n de la venta de bebidas alcoh\u00f3licas y la realizaci\u00f3n de toda clase de reuniones p\u00fablicas que no se refieran al acto electoral.<\/p>\n\n\n\n<p>Durante la veda tampoco podr\u00e1 haber espect\u00e1culos p\u00fablicos, tanto al aire libre como en recintos cerrados, ni eventos deportivos. Asimismo, no se permite la publicaci\u00f3n ni la difusi\u00f3n de encuestas y sondeos preelectorales hasta el cierre de los comicios y la realizaci\u00f3n de actos p\u00fablicos de proselitismo.<\/p>\n\n\n\n<p>En cuanto al d\u00eda de las elecciones, se proh\u00edbe la portaci\u00f3n de armas y el uso de banderas, divisas u otros distintivos, y ofrecer o entregar a los electores boletas de sufragio dentro de un radio de 80 metros de las mesas receptoras de votos.<\/p>\n\n\n\n<p>A su vez, est\u00e1 vedada la apertura de organismos partidarios dentro de un radio de 80 metros del lugar en que se instalen mesas receptoras de votos. En ese sentido, la Junta Electoral podr\u00e1 disponer el cierre transitorio de los locales que estuvieran en infracci\u00f3n.<\/p>\n\n\n\n<p>En tanto, todas las dem\u00e1s actividades no incluidas en estas restricciones establecidas por el C\u00f3digo Electoral podr\u00e1n realizarse con normalidad.<\/p>\n\n\n\n<p>La veda electoral es una medida esencial para garantizar la transparencia y la igualdad en el proceso electoral y se mantendr\u00e1 hasta tres horas despu\u00e9s del cierre de las mesas de votaci\u00f3n, es decir, hasta las 21 horas del domingo 7 de mayo.<\/p>\n\n\n\n<p><strong>Qu\u00e9 se elige y c\u00f3mo<\/strong><\/p>\n\n\n\n<p>En las elecciones de este domingo en Misiones se elegir\u00e1 gobernador y vicegobernador por un periodo de cuatro a\u00f1os; 20 diputados provinciales titulares y 7 suplentes e intendente en los 78 municipios de la provincia.<\/p>\n\n\n\n<p>El sistema de votaci\u00f3n se rige por la Ley de Lemas, un sistema que permite a los partidos presentar m\u00e1s de una lista de candidatos para el mismo cargo y asignar a la lista m\u00e1s votada dentro de cada partido los votos que recibieron todas las otras listas. Este sistema de lemas s\u00f3lo se aplica para la elecci\u00f3n de intendentes y concejales, y no para los cargos de gobernador y diputados.<\/p>\n\n\n\n<p>En cuanto a la forma de votaci\u00f3n, se utiliza el tradicional sistema de boleta s\u00e1bana, que en la mayor\u00eda de los municipios tendr\u00e1 cuatro cuerpos: gobernador y vice; diputados provinciales; intendente; y concejales.<\/p>\n\n\n\n<p><strong>Qui\u00e9nes votan<\/strong><\/p>\n\n\n\n<p>Para los cargos provinciales pueden votar los ciudadanos mayores de 16 a\u00f1os de edad que est\u00e1n inscriptos en el padr\u00f3n electoral y con domicilio en la provincia.<\/p>\n\n\n\n<p>Para los mayores de 16 a\u00f1os y menores de 18 el voto es optativo, mientras que para los mayores de 18 es obligatorio.<\/p>\n\n\n\n<p>En tanto, para las elecciones municipales pueden votar adem\u00e1s los extranjeros que se encuentran inscriptos en los padrones.<\/p>\n\n\n\n<p>El Tribunal Electoral puso en marcha el operativo electoral para este domingo en donde habr\u00e1 alrededor de 3.000 urnas y m\u00e1s de 450 centros de votaci\u00f3n.<\/p>\n\n\n\n<p>Recordar que por las elecciones, este domingo viajar en colectivo por Misiones ser\u00e1 gratuito<\/p>\n\n\n\n<p><strong>\u00bfD\u00f3nde voto en las Elecciones 2023?<\/strong><\/p>\n\n\n\n<p>Consult\u00e1 el padr\u00f3n electoral ingresando a este link &#x1f447;&#x1f3fb;<br>padron.electoralmisiones.gov.ar<\/p>\n\n\n\n<p><br><\/p>\n","protected":false},"excerpt":{"rendered":"<p>La C\u00e1mara Nacional Electoral reiter\u00f3 que desde el viernes 5 de mayo quedar\u00e1 prohibido realizar actos proselitistas y difundir encuestas y sondeos preelectorales. Desde las 08 horas de hoy viernes quedan restringidas una serie de actividades en cumplimiento de la veda que establece el C\u00f3digo Electoral, por la celebraci\u00f3n de las elecciones provinciales y municipales [&hellip;]<\/p>\n","protected":false},"author":2,"featured_media":24602,"comment_status":"open","ping_status":"open","sticky":false,"template":"","format":"standard","meta":{"footnotes":""},"categories":[35],"tags":[],"class_list":["post-24601","post","type-post","status-publish","format-standard","has-post-thumbnail","hentry","category-informacion-general"],"yoast_head":"<!-- This site is optimized with the Yoast SEO plugin v27.5 - https:\/\/yoast.com\/product\/yoast-seo-wordpress\/ -->\n<title>Comienz\u00f3 la veda electoral en Misiones de cara a las elecciones del domingo 7 de mayo | CVI NOTICIAS<\/title>\n<meta name=\"robots\" content=\"index, follow, max-snippet:-1, max-image-preview:large, max-video-preview:-1\" \/>\n<link rel=\"canonical\" href=\"https:\/\/cvinoticias.com\/v3\/comienzo-la-veda-electoral-en-misiones-de-cara-a-las-elecciones-del-domingo-7-de-mayo\/\" \/>\n<meta property=\"og:locale\" content=\"es_ES\" \/>\n<meta property=\"og:type\" content=\"article\" \/>\n<meta property=\"og:title\" content=\"Comienz\u00f3 la veda electoral en Misiones de cara a las elecciones del domingo 7 de mayo | CVI NOTICIAS\" \/>\n<meta property=\"og:description\" content=\"La C\u00e1mara Nacional Electoral reiter\u00f3 que desde el viernes 5 de mayo quedar\u00e1 prohibido realizar actos proselitistas y difundir encuestas y sondeos preelectorales. Desde las 08 horas de hoy viernes quedan restringidas una serie de actividades en cumplimiento de la veda que establece el C\u00f3digo Electoral, por la celebraci\u00f3n de las elecciones provinciales y municipales [&hellip;]\" \/>\n<meta property=\"og:url\" content=\"https:\/\/cvinoticias.com\/v3\/comienzo-la-veda-electoral-en-misiones-de-cara-a-las-elecciones-del-domingo-7-de-mayo\/\" \/>\n<meta property=\"og:site_name\" content=\"CVI NOTICIAS\" \/>\n<meta property=\"article:publisher\" content=\"https:\/\/www.facebook.com\/cvinoticias\" \/>\n<meta property=\"article:published_time\" content=\"2023-05-05T11:38:58+00:00\" \/>\n<meta property=\"og:image\" content=\"https:\/\/cvinoticias.com\/wp-content\/uploads\/2023\/05\/urna-Misiones.jpeg\" \/>\n\t<meta property=\"og:image:width\" content=\"720\" \/>\n\t<meta property=\"og:image:height\" content=\"1280\" \/>\n\t<meta property=\"og:image:type\" content=\"image\/jpeg\" \/>\n<meta name=\"author\" content=\"f1000024\" \/>\n<meta name=\"twitter:card\" content=\"summary_large_image\" \/>\n<meta name=\"twitter:label1\" content=\"Escrito por\" \/>\n\t<meta name=\"twitter:data1\" content=\"f1000024\" \/>\n\t<meta name=\"twitter:label2\" content=\"Tiempo de lectura\" \/>\n\t<meta name=\"twitter:data2\" content=\"3 minutos\" \/>\n<script type=\"application\/ld+json\" class=\"yoast-schema-graph\">{\"@context\":\"https:\\\/\\\/schema.org\",\"@graph\":[{\"@type\":\"Article\",\"@id\":\"https:\\\/\\\/cvinoticias.com\\\/v3\\\/comienzo-la-veda-electoral-en-misiones-de-cara-a-las-elecciones-del-domingo-7-de-mayo\\\/#article\",\"isPartOf\":{\"@id\":\"https:\\\/\\\/cvinoticias.com\\\/v3\\\/comienzo-la-veda-electoral-en-misiones-de-cara-a-las-elecciones-del-domingo-7-de-mayo\\\/\"},\"author\":{\"name\":\"f1000024\",\"@id\":\"https:\\\/\\\/cvinoticias.com\\\/v3\\\/#\\\/schema\\\/person\\\/2db77e3c6bc03c538495d7b2b8be9b66\"},\"headline\":\"Comienz\u00f3 la veda electoral en Misiones de cara a las elecciones del domingo 7 de mayo\",\"datePublished\":\"2023-05-05T11:38:58+00:00\",\"mainEntityOfPage\":{\"@id\":\"https:\\\/\\\/cvinoticias.com\\\/v3\\\/comienzo-la-veda-electoral-en-misiones-de-cara-a-las-elecciones-del-domingo-7-de-mayo\\\/\"},\"wordCount\":674,\"commentCount\":0,\"publisher\":{\"@id\":\"https:\\\/\\\/cvinoticias.com\\\/v3\\\/#organization\"},\"image\":{\"@id\":\"https:\\\/\\\/cvinoticias.com\\\/v3\\\/comienzo-la-veda-electoral-en-misiones-de-cara-a-las-elecciones-del-domingo-7-de-mayo\\\/#primaryimage\"},\"thumbnailUrl\":\"https:\\\/\\\/cvinoticias.com\\\/wp-content\\\/uploads\\\/2023\\\/05\\\/urna-Misiones.jpeg\",\"articleSection\":[\"Informaci\u00f3n General\"],\"inLanguage\":\"es\",\"potentialAction\":[{\"@type\":\"CommentAction\",\"name\":\"Comment\",\"target\":[\"https:\\\/\\\/cvinoticias.com\\\/v3\\\/comienzo-la-veda-electoral-en-misiones-de-cara-a-las-elecciones-del-domingo-7-de-mayo\\\/#respond\"]}]},{\"@type\":\"WebPage\",\"@id\":\"https:\\\/\\\/cvinoticias.com\\\/v3\\\/comienzo-la-veda-electoral-en-misiones-de-cara-a-las-elecciones-del-domingo-7-de-mayo\\\/\",\"url\":\"https:\\\/\\\/cvinoticias.com\\\/v3\\\/comienzo-la-veda-electoral-en-misiones-de-cara-a-las-elecciones-del-domingo-7-de-mayo\\\/\",\"name\":\"Comienz\u00f3 la veda electoral en Misiones de cara a las elecciones del domingo 7 de mayo | CVI NOTICIAS\",\"isPartOf\":{\"@id\":\"https:\\\/\\\/cvinoticias.com\\\/v3\\\/#website\"},\"primaryImageOfPage\":{\"@id\":\"https:\\\/\\\/cvinoticias.com\\\/v3\\\/comienzo-la-veda-electoral-en-misiones-de-cara-a-las-elecciones-del-domingo-7-de-mayo\\\/#primaryimage\"},\"image\":{\"@id\":\"https:\\\/\\\/cvinoticias.com\\\/v3\\\/comienzo-la-veda-electoral-en-misiones-de-cara-a-las-elecciones-del-domingo-7-de-mayo\\\/#primaryimage\"},\"thumbnailUrl\":\"https:\\\/\\\/cvinoticias.com\\\/wp-content\\\/uploads\\\/2023\\\/05\\\/urna-Misiones.jpeg\",\"datePublished\":\"2023-05-05T11:38:58+00:00\",\"breadcrumb\":{\"@id\":\"https:\\\/\\\/cvinoticias.com\\\/v3\\\/comienzo-la-veda-electoral-en-misiones-de-cara-a-las-elecciones-del-domingo-7-de-mayo\\\/#breadcrumb\"},\"inLanguage\":\"es\",\"potentialAction\":[{\"@type\":\"ReadAction\",\"target\":[\"https:\\\/\\\/cvinoticias.com\\\/v3\\\/comienzo-la-veda-electoral-en-misiones-de-cara-a-las-elecciones-del-domingo-7-de-mayo\\\/\"]}]},{\"@type\":\"ImageObject\",\"inLanguage\":\"es\",\"@id\":\"https:\\\/\\\/cvinoticias.com\\\/v3\\\/comienzo-la-veda-electoral-en-misiones-de-cara-a-las-elecciones-del-domingo-7-de-mayo\\\/#primaryimage\",\"url\":\"https:\\\/\\\/cvinoticias.com\\\/wp-content\\\/uploads\\\/2023\\\/05\\\/urna-Misiones.jpeg\",\"contentUrl\":\"https:\\\/\\\/cvinoticias.com\\\/wp-content\\\/uploads\\\/2023\\\/05\\\/urna-Misiones.jpeg\",\"width\":720,\"height\":1280},{\"@type\":\"BreadcrumbList\",\"@id\":\"https:\\\/\\\/cvinoticias.com\\\/v3\\\/comienzo-la-veda-electoral-en-misiones-de-cara-a-las-elecciones-del-domingo-7-de-mayo\\\/#breadcrumb\",\"itemListElement\":[{\"@type\":\"ListItem\",\"position\":1,\"name\":\"Portada\",\"item\":\"https:\\\/\\\/cvinoticias.com\\\/v3\\\/\"},{\"@type\":\"ListItem\",\"position\":2,\"name\":\"Comienz\u00f3 la veda electoral en Misiones de cara a las elecciones del domingo 7 de mayo\"}]},{\"@type\":\"WebSite\",\"@id\":\"https:\\\/\\\/cvinoticias.com\\\/v3\\\/#website\",\"url\":\"https:\\\/\\\/cvinoticias.com\\\/v3\\\/\",\"name\":\"CVI NOTICIAS\",\"description\":\"\",\"publisher\":{\"@id\":\"https:\\\/\\\/cvinoticias.com\\\/v3\\\/#organization\"},\"alternateName\":\"CVI\",\"potentialAction\":[{\"@type\":\"SearchAction\",\"target\":{\"@type\":\"EntryPoint\",\"urlTemplate\":\"https:\\\/\\\/cvinoticias.com\\\/v3\\\/?s={search_term_string}\"},\"query-input\":{\"@type\":\"PropertyValueSpecification\",\"valueRequired\":true,\"valueName\":\"search_term_string\"}}],\"inLanguage\":\"es\"},{\"@type\":\"Organization\",\"@id\":\"https:\\\/\\\/cvinoticias.com\\\/v3\\\/#organization\",\"name\":\"CVI NOTICIAS\",\"url\":\"https:\\\/\\\/cvinoticias.com\\\/v3\\\/\",\"logo\":{\"@type\":\"ImageObject\",\"inLanguage\":\"es\",\"@id\":\"https:\\\/\\\/cvinoticias.com\\\/v3\\\/#\\\/schema\\\/logo\\\/image\\\/\",\"url\":\"https:\\\/\\\/cvinoticias.com\\\/wp-content\\\/uploads\\\/2023\\\/04\\\/cropped-cropped-cropped-cropped-cropped-3-1.png\",\"contentUrl\":\"https:\\\/\\\/cvinoticias.com\\\/wp-content\\\/uploads\\\/2023\\\/04\\\/cropped-cropped-cropped-cropped-cropped-3-1.png\",\"width\":95,\"height\":122,\"caption\":\"CVI NOTICIAS\"},\"image\":{\"@id\":\"https:\\\/\\\/cvinoticias.com\\\/v3\\\/#\\\/schema\\\/logo\\\/image\\\/\"},\"sameAs\":[\"https:\\\/\\\/www.facebook.com\\\/cvinoticias\",\"https:\\\/\\\/www.instagram.com\\\/cvinoticias\\\/\",\"https:\\\/\\\/www.youtube.com\\\/@CVINOTICIAS\"]},{\"@type\":\"Person\",\"@id\":\"https:\\\/\\\/cvinoticias.com\\\/v3\\\/#\\\/schema\\\/person\\\/2db77e3c6bc03c538495d7b2b8be9b66\",\"name\":\"f1000024\",\"image\":{\"@type\":\"ImageObject\",\"inLanguage\":\"es\",\"@id\":\"https:\\\/\\\/secure.gravatar.com\\\/avatar\\\/d4fe7459cfc51ff5129ce1a732bbef5928568b8092d412ef95611616376bbeed?s=96&d=mm&r=g\",\"url\":\"https:\\\/\\\/secure.gravatar.com\\\/avatar\\\/d4fe7459cfc51ff5129ce1a732bbef5928568b8092d412ef95611616376bbeed?s=96&d=mm&r=g\",\"contentUrl\":\"https:\\\/\\\/secure.gravatar.com\\\/avatar\\\/d4fe7459cfc51ff5129ce1a732bbef5928568b8092d412ef95611616376bbeed?s=96&d=mm&r=g\",\"caption\":\"f1000024\"},\"url\":\"https:\\\/\\\/cvinoticias.com\\\/v3\\\/author\\\/f1000024\\\/\"}]}<\/script>\n<!-- \/ Yoast SEO plugin. -->","yoast_head_json":{"title":"Comienz\u00f3 la veda electoral en Misiones de cara a las elecciones del domingo 7 de mayo | CVI NOTICIAS","robots":{"index":"index","follow":"follow","max-snippet":"max-snippet:-1","max-image-preview":"max-image-preview:large","max-video-preview":"max-video-preview:-1"},"canonical":"https:\/\/cvinoticias.com\/v3\/comienzo-la-veda-electoral-en-misiones-de-cara-a-las-elecciones-del-domingo-7-de-mayo\/","og_locale":"es_ES","og_type":"article","og_title":"Comienz\u00f3 la veda electoral en Misiones de cara a las elecciones del domingo 7 de mayo | CVI NOTICIAS","og_description":"La C\u00e1mara Nacional Electoral reiter\u00f3 que desde el viernes 5 de mayo quedar\u00e1 prohibido realizar actos proselitistas y difundir encuestas y sondeos preelectorales. Desde las 08 horas de hoy viernes quedan restringidas una serie de actividades en cumplimiento de la veda que establece el C\u00f3digo Electoral, por la celebraci\u00f3n de las elecciones provinciales y municipales [&hellip;]","og_url":"https:\/\/cvinoticias.com\/v3\/comienzo-la-veda-electoral-en-misiones-de-cara-a-las-elecciones-del-domingo-7-de-mayo\/","og_site_name":"CVI NOTICIAS","article_publisher":"https:\/\/www.facebook.com\/cvinoticias","article_published_time":"2023-05-05T11:38:58+00:00","og_image":[{"width":720,"height":1280,"url":"https:\/\/cvinoticias.com\/wp-content\/uploads\/2023\/05\/urna-Misiones.jpeg","type":"image\/jpeg"}],"author":"f1000024","twitter_card":"summary_large_image","twitter_misc":{"Escrito por":"f1000024","Tiempo de lectura":"3 minutos"},"schema":{"@context":"https:\/\/schema.org","@graph":[{"@type":"Article","@id":"https:\/\/cvinoticias.com\/v3\/comienzo-la-veda-electoral-en-misiones-de-cara-a-las-elecciones-del-domingo-7-de-mayo\/#article","isPartOf":{"@id":"https:\/\/cvinoticias.com\/v3\/comienzo-la-veda-electoral-en-misiones-de-cara-a-las-elecciones-del-domingo-7-de-mayo\/"},"author":{"name":"f1000024","@id":"https:\/\/cvinoticias.com\/v3\/#\/schema\/person\/2db77e3c6bc03c538495d7b2b8be9b66"},"headline":"Comienz\u00f3 la veda electoral en Misiones de cara a las elecciones del domingo 7 de mayo","datePublished":"2023-05-05T11:38:58+00:00","mainEntityOfPage":{"@id":"https:\/\/cvinoticias.com\/v3\/comienzo-la-veda-electoral-en-misiones-de-cara-a-las-elecciones-del-domingo-7-de-mayo\/"},"wordCount":674,"commentCount":0,"publisher":{"@id":"https:\/\/cvinoticias.com\/v3\/#organization"},"image":{"@id":"https:\/\/cvinoticias.com\/v3\/comienzo-la-veda-electoral-en-misiones-de-cara-a-las-elecciones-del-domingo-7-de-mayo\/#primaryimage"},"thumbnailUrl":"https:\/\/cvinoticias.com\/wp-content\/uploads\/2023\/05\/urna-Misiones.jpeg","articleSection":["Informaci\u00f3n General"],"inLanguage":"es","potentialAction":[{"@type":"CommentAction","name":"Comment","target":["https:\/\/cvinoticias.com\/v3\/comienzo-la-veda-electoral-en-misiones-de-cara-a-las-elecciones-del-domingo-7-de-mayo\/#respond"]}]},{"@type":"WebPage","@id":"https:\/\/cvinoticias.com\/v3\/comienzo-la-veda-electoral-en-misiones-de-cara-a-las-elecciones-del-domingo-7-de-mayo\/","url":"https:\/\/cvinoticias.com\/v3\/comienzo-la-veda-electoral-en-misiones-de-cara-a-las-elecciones-del-domingo-7-de-mayo\/","name":"Comienz\u00f3 la veda electoral en Misiones de cara a las elecciones del domingo 7 de mayo | CVI NOTICIAS","isPartOf":{"@id":"https:\/\/cvinoticias.com\/v3\/#website"},"primaryImageOfPage":{"@id":"https:\/\/cvinoticias.com\/v3\/comienzo-la-veda-electoral-en-misiones-de-cara-a-las-elecciones-del-domingo-7-de-mayo\/#primaryimage"},"image":{"@id":"https:\/\/cvinoticias.com\/v3\/comienzo-la-veda-electoral-en-misiones-de-cara-a-las-elecciones-del-domingo-7-de-mayo\/#primaryimage"},"thumbnailUrl":"https:\/\/cvinoticias.com\/wp-content\/uploads\/2023\/05\/urna-Misiones.jpeg","datePublished":"2023-05-05T11:38:58+00:00","breadcrumb":{"@id":"https:\/\/cvinoticias.com\/v3\/comienzo-la-veda-electoral-en-misiones-de-cara-a-las-elecciones-del-domingo-7-de-mayo\/#breadcrumb"},"inLanguage":"es","potentialAction":[{"@type":"ReadAction","target":["https:\/\/cvinoticias.com\/v3\/comienzo-la-veda-electoral-en-misiones-de-cara-a-las-elecciones-del-domingo-7-de-mayo\/"]}]},{"@type":"ImageObject","inLanguage":"es","@id":"https:\/\/cvinoticias.com\/v3\/comienzo-la-veda-electoral-en-misiones-de-cara-a-las-elecciones-del-domingo-7-de-mayo\/#primaryimage","url":"https:\/\/cvinoticias.com\/wp-content\/uploads\/2023\/05\/urna-Misiones.jpeg","contentUrl":"https:\/\/cvinoticias.com\/wp-content\/uploads\/2023\/05\/urna-Misiones.jpeg","width":720,"height":1280},{"@type":"BreadcrumbList","@id":"https:\/\/cvinoticias.com\/v3\/comienzo-la-veda-electoral-en-misiones-de-cara-a-las-elecciones-del-domingo-7-de-mayo\/#breadcrumb","itemListElement":[{"@type":"ListItem","position":1,"name":"Portada","item":"https:\/\/cvinoticias.com\/v3\/"},{"@type":"ListItem","position":2,"name":"Comienz\u00f3 la veda electoral en Misiones de cara a las elecciones del domingo 7 de mayo"}]},{"@type":"WebSite","@id":"https:\/\/cvinoticias.com\/v3\/#website","url":"https:\/\/cvinoticias.com\/v3\/","name":"CVI NOTICIAS","description":"","publisher":{"@id":"https:\/\/cvinoticias.com\/v3\/#organization"},"alternateName":"CVI","potentialAction":[{"@type":"SearchAction","target":{"@type":"EntryPoint","urlTemplate":"https:\/\/cvinoticias.com\/v3\/?s={search_term_string}"},"query-input":{"@type":"PropertyValueSpecification","valueRequired":true,"valueName":"search_term_string"}}],"inLanguage":"es"},{"@type":"Organization","@id":"https:\/\/cvinoticias.com\/v3\/#organization","name":"CVI NOTICIAS","url":"https:\/\/cvinoticias.com\/v3\/","logo":{"@type":"ImageObject","inLanguage":"es","@id":"https:\/\/cvinoticias.com\/v3\/#\/schema\/logo\/image\/","url":"https:\/\/cvinoticias.com\/wp-content\/uploads\/2023\/04\/cropped-cropped-cropped-cropped-cropped-3-1.png","contentUrl":"https:\/\/cvinoticias.com\/wp-content\/uploads\/2023\/04\/cropped-cropped-cropped-cropped-cropped-3-1.png","width":95,"height":122,"caption":"CVI NOTICIAS"},"image":{"@id":"https:\/\/cvinoticias.com\/v3\/#\/schema\/logo\/image\/"},"sameAs":["https:\/\/www.facebook.com\/cvinoticias","https:\/\/www.instagram.com\/cvinoticias\/","https:\/\/www.youtube.com\/@CVINOTICIAS"]},{"@type":"Person","@id":"https:\/\/cvinoticias.com\/v3\/#\/schema\/person\/2db77e3c6bc03c538495d7b2b8be9b66","name":"f1000024","image":{"@type":"ImageObject","inLanguage":"es","@id":"https:\/\/secure.gravatar.com\/avatar\/d4fe7459cfc51ff5129ce1a732bbef5928568b8092d412ef95611616376bbeed?s=96&d=mm&r=g","url":"https:\/\/secure.gravatar.com\/avatar\/d4fe7459cfc51ff5129ce1a732bbef5928568b8092d412ef95611616376bbeed?s=96&d=mm&r=g","contentUrl":"https:\/\/secure.gravatar.com\/avatar\/d4fe7459cfc51ff5129ce1a732bbef5928568b8092d412ef95611616376bbeed?s=96&d=mm&r=g","caption":"f1000024"},"url":"https:\/\/cvinoticias.com\/v3\/author\/f1000024\/"}]}},"_links":{"self":[{"href":"https:\/\/cvinoticias.com\/v3\/wp-json\/wp\/v2\/posts\/24601","targetHints":{"allow":["GET"]}}],"collection":[{"href":"https:\/\/cvinoticias.com\/v3\/wp-json\/wp\/v2\/posts"}],"about":[{"href":"https:\/\/cvinoticias.com\/v3\/wp-json\/wp\/v2\/types\/post"}],"author":[{"embeddable":true,"href":"https:\/\/cvinoticias.com\/v3\/wp-json\/wp\/v2\/users\/2"}],"replies":[{"embeddable":true,"href":"https:\/\/cvinoticias.com\/v3\/wp-json\/wp\/v2\/comments?post=24601"}],"version-history":[{"count":1,"href":"https:\/\/cvinoticias.com\/v3\/wp-json\/wp\/v2\/posts\/24601\/revisions"}],"predecessor-version":[{"id":24603,"href":"https:\/\/cvinoticias.com\/v3\/wp-json\/wp\/v2\/posts\/24601\/revisions\/24603"}],"wp:featuredmedia":[{"embeddable":true,"href":"https:\/\/cvinoticias.com\/v3\/wp-json\/wp\/v2\/media\/24602"}],"wp:attachment":[{"href":"https:\/\/cvinoticias.com\/v3\/wp-json\/wp\/v2\/media?parent=24601"}],"wp:term":[{"taxonomy":"category","embeddable":true,"href":"https:\/\/cvinoticias.com\/v3\/wp-json\/wp\/v2\/categories?post=24601"},{"taxonomy":"post_tag","embeddable":true,"href":"https:\/\/cvinoticias.com\/v3\/wp-json\/wp\/v2\/tags?post=24601"}],"curies":[{"name":"wp","href":"https:\/\/api.w.org\/{rel}","templated":true}]}}