{"id":24588,"date":"2023-05-05T05:13:04","date_gmt":"2023-05-05T05:13:04","guid":{"rendered":"https:\/\/cvinoticias.com\/v3\/?p=24588"},"modified":"2023-05-05T05:13:04","modified_gmt":"2023-05-05T05:13:04","slug":"finalizo-el-curso-basico-de-combatientes-de-incendios-forestales-en-la-escuela-militar-de-monte","status":"publish","type":"post","link":"https:\/\/cvinoticias.com\/v3\/finalizo-el-curso-basico-de-combatientes-de-incendios-forestales-en-la-escuela-militar-de-monte\/","title":{"rendered":"Finaliz\u00f3 el curso b\u00e1sico de \u201cCombatientes de incendios forestales\u201d en la Escuela Militar de Monte"},"content":{"rendered":"\n<p><strong>En el marco de las capacitaciones integrales en prevenci\u00f3n y atenci\u00f3n de emergencias, se realiz\u00f3 el d\u00eda 02 y 03 de abril el curso de \u201cCombatientes de incendios forestales\u201d, dictado por Guardaparques y Brigadistas de Incendios Forestales de la Administraci\u00f3n de Parques Nacionales, en la Escuela Militar de Monte, de la localidad misionera de Puerto Iguaz\u00fa, que busc\u00f3 abordar ejes tem\u00e1ticos vinculados al combate de focos \u00edgneos en zonas forestales.<\/strong><\/p>\n\n\n\n<p>Entre los temas que incluy\u00f3 la capacitaci\u00f3n se pueden mencionar: caracter\u00edsticas y tri\u00e1ngulo del fuego, combustibles forestales, meteorolog\u00eda, topograf\u00eda, m\u00e9todos de combate, l\u00edneas de defensa y control, herramientas forestales: uso y seguridad en el transporte, informaci\u00f3n sobre equipos de bombeo y equipos motorizados liviano, uso y aplicaci\u00f3n correcta del agua, comunicaciones, organizaci\u00f3n para el combate y medios a\u00e9reos.<\/p>\n\n\n\n<p>Adem\u00e1s, el curso se dividi\u00f3 en grupos para trabajar alternadamente con herramientas manuales y equipos de agua. Asimismo, este trabajo consisti\u00f3 en la apertura de l\u00edneas de defensa hasta su punto de anclaje, mediante la utilizaci\u00f3n de algunas espec\u00edficas para actividades forestales.<\/p>\n\n\n\n<p>Respecto a la pr\u00e1ctica con equipos de agua, se trabaj\u00f3 en el armado y funcionamiento de las motobombas que abastecen de agua a la l\u00ednea con la potencia e intensidad adecuada. Una vez en funcionamiento, se practic\u00f3 el tendido de l\u00edneas de mangueras, que se fueron extendiendo mediante el acople de varios tramos, a trav\u00e9s de acciones de estrangulamiento para realizar la maniobra en el tiempo requerido. Tambi\u00e9n se ejercitaron las t\u00e9cnicas de aplicaci\u00f3n eficiente de agua.<\/p>\n\n\n\n<p>Al finalizar cada una de las clases se realiz\u00f3 un examen de respuesta m\u00faltiple para evaluar los contenidos dictados. Por \u00faltimo, al terminar los aspectos pr\u00e1cticos y te\u00f3ricos del curso se realiz\u00f3 una evaluaci\u00f3n f\u00edsica de cada uno de los participantes.<\/p>\n","protected":false},"excerpt":{"rendered":"<p>En el marco de las capacitaciones integrales en prevenci\u00f3n y atenci\u00f3n de emergencias, se realiz\u00f3 el d\u00eda 02 y 03 de abril el curso de \u201cCombatientes de incendios forestales\u201d, dictado por Guardaparques y Brigadistas de Incendios Forestales de la Administraci\u00f3n de Parques Nacionales, en la Escuela Militar de Monte, de la localidad misionera de Puerto [&hellip;]<\/p>\n","protected":false},"author":2,"featured_media":24593,"comment_status":"open","ping_status":"open","sticky":false,"template":"","format":"standard","meta":{"footnotes":""},"categories":[35],"tags":[],"class_list":["post-24588","post","type-post","status-publish","format-standard","has-post-thumbnail","hentry","category-informacion-general"],"yoast_head":"<!-- This site is optimized with the Yoast SEO plugin v27.5 - https:\/\/yoast.com\/product\/yoast-seo-wordpress\/ -->\n<title>Finaliz\u00f3 el curso b\u00e1sico de \u201cCombatientes de incendios forestales\u201d en la Escuela Militar de Monte | CVI NOTICIAS<\/title>\n<meta name=\"robots\" content=\"index, follow, max-snippet:-1, max-image-preview:large, max-video-preview:-1\" \/>\n<link rel=\"canonical\" href=\"https:\/\/cvinoticias.com\/v3\/finalizo-el-curso-basico-de-combatientes-de-incendios-forestales-en-la-escuela-militar-de-monte\/\" \/>\n<meta property=\"og:locale\" content=\"es_ES\" \/>\n<meta property=\"og:type\" content=\"article\" \/>\n<meta property=\"og:title\" content=\"Finaliz\u00f3 el curso b\u00e1sico de \u201cCombatientes de incendios forestales\u201d en la Escuela Militar de Monte | CVI NOTICIAS\" \/>\n<meta property=\"og:description\" content=\"En el marco de las capacitaciones integrales en prevenci\u00f3n y atenci\u00f3n de emergencias, se realiz\u00f3 el d\u00eda 02 y 03 de abril el curso de \u201cCombatientes de incendios forestales\u201d, dictado por Guardaparques y Brigadistas de Incendios Forestales de la Administraci\u00f3n de Parques Nacionales, en la Escuela Militar de Monte, de la localidad misionera de Puerto [&hellip;]\" \/>\n<meta property=\"og:url\" content=\"https:\/\/cvinoticias.com\/v3\/finalizo-el-curso-basico-de-combatientes-de-incendios-forestales-en-la-escuela-militar-de-monte\/\" \/>\n<meta property=\"og:site_name\" content=\"CVI NOTICIAS\" \/>\n<meta property=\"article:publisher\" content=\"https:\/\/www.facebook.com\/cvinoticias\" \/>\n<meta property=\"article:published_time\" content=\"2023-05-05T05:13:04+00:00\" \/>\n<meta property=\"og:image\" content=\"https:\/\/cvinoticias.com\/wp-content\/uploads\/2023\/05\/IMG-20230504-WA0055.jpg\" \/>\n\t<meta property=\"og:image:width\" content=\"768\" \/>\n\t<meta property=\"og:image:height\" content=\"1024\" \/>\n\t<meta property=\"og:image:type\" content=\"image\/jpeg\" \/>\n<meta name=\"author\" content=\"f1000024\" \/>\n<meta name=\"twitter:card\" content=\"summary_large_image\" \/>\n<meta name=\"twitter:label1\" content=\"Escrito por\" \/>\n\t<meta name=\"twitter:data1\" content=\"f1000024\" \/>\n\t<meta name=\"twitter:label2\" content=\"Tiempo de lectura\" \/>\n\t<meta name=\"twitter:data2\" content=\"2 minutos\" \/>\n<script type=\"application\/ld+json\" class=\"yoast-schema-graph\">{\"@context\":\"https:\\\/\\\/schema.org\",\"@graph\":[{\"@type\":\"Article\",\"@id\":\"https:\\\/\\\/cvinoticias.com\\\/v3\\\/finalizo-el-curso-basico-de-combatientes-de-incendios-forestales-en-la-escuela-militar-de-monte\\\/#article\",\"isPartOf\":{\"@id\":\"https:\\\/\\\/cvinoticias.com\\\/v3\\\/finalizo-el-curso-basico-de-combatientes-de-incendios-forestales-en-la-escuela-militar-de-monte\\\/\"},\"author\":{\"name\":\"f1000024\",\"@id\":\"https:\\\/\\\/cvinoticias.com\\\/v3\\\/#\\\/schema\\\/person\\\/2db77e3c6bc03c538495d7b2b8be9b66\"},\"headline\":\"Finaliz\u00f3 el curso b\u00e1sico de \u201cCombatientes de incendios forestales\u201d en la Escuela Militar de Monte\",\"datePublished\":\"2023-05-05T05:13:04+00:00\",\"mainEntityOfPage\":{\"@id\":\"https:\\\/\\\/cvinoticias.com\\\/v3\\\/finalizo-el-curso-basico-de-combatientes-de-incendios-forestales-en-la-escuela-militar-de-monte\\\/\"},\"wordCount\":334,\"commentCount\":0,\"publisher\":{\"@id\":\"https:\\\/\\\/cvinoticias.com\\\/v3\\\/#organization\"},\"image\":{\"@id\":\"https:\\\/\\\/cvinoticias.com\\\/v3\\\/finalizo-el-curso-basico-de-combatientes-de-incendios-forestales-en-la-escuela-militar-de-monte\\\/#primaryimage\"},\"thumbnailUrl\":\"https:\\\/\\\/cvinoticias.com\\\/wp-content\\\/uploads\\\/2023\\\/05\\\/IMG-20230504-WA0055.jpg\",\"articleSection\":[\"Informaci\u00f3n General\"],\"inLanguage\":\"es\",\"potentialAction\":[{\"@type\":\"CommentAction\",\"name\":\"Comment\",\"target\":[\"https:\\\/\\\/cvinoticias.com\\\/v3\\\/finalizo-el-curso-basico-de-combatientes-de-incendios-forestales-en-la-escuela-militar-de-monte\\\/#respond\"]}]},{\"@type\":\"WebPage\",\"@id\":\"https:\\\/\\\/cvinoticias.com\\\/v3\\\/finalizo-el-curso-basico-de-combatientes-de-incendios-forestales-en-la-escuela-militar-de-monte\\\/\",\"url\":\"https:\\\/\\\/cvinoticias.com\\\/v3\\\/finalizo-el-curso-basico-de-combatientes-de-incendios-forestales-en-la-escuela-militar-de-monte\\\/\",\"name\":\"Finaliz\u00f3 el curso b\u00e1sico de \u201cCombatientes de incendios forestales\u201d en la Escuela Militar de Monte | CVI NOTICIAS\",\"isPartOf\":{\"@id\":\"https:\\\/\\\/cvinoticias.com\\\/v3\\\/#website\"},\"primaryImageOfPage\":{\"@id\":\"https:\\\/\\\/cvinoticias.com\\\/v3\\\/finalizo-el-curso-basico-de-combatientes-de-incendios-forestales-en-la-escuela-militar-de-monte\\\/#primaryimage\"},\"image\":{\"@id\":\"https:\\\/\\\/cvinoticias.com\\\/v3\\\/finalizo-el-curso-basico-de-combatientes-de-incendios-forestales-en-la-escuela-militar-de-monte\\\/#primaryimage\"},\"thumbnailUrl\":\"https:\\\/\\\/cvinoticias.com\\\/wp-content\\\/uploads\\\/2023\\\/05\\\/IMG-20230504-WA0055.jpg\",\"datePublished\":\"2023-05-05T05:13:04+00:00\",\"breadcrumb\":{\"@id\":\"https:\\\/\\\/cvinoticias.com\\\/v3\\\/finalizo-el-curso-basico-de-combatientes-de-incendios-forestales-en-la-escuela-militar-de-monte\\\/#breadcrumb\"},\"inLanguage\":\"es\",\"potentialAction\":[{\"@type\":\"ReadAction\",\"target\":[\"https:\\\/\\\/cvinoticias.com\\\/v3\\\/finalizo-el-curso-basico-de-combatientes-de-incendios-forestales-en-la-escuela-militar-de-monte\\\/\"]}]},{\"@type\":\"ImageObject\",\"inLanguage\":\"es\",\"@id\":\"https:\\\/\\\/cvinoticias.com\\\/v3\\\/finalizo-el-curso-basico-de-combatientes-de-incendios-forestales-en-la-escuela-militar-de-monte\\\/#primaryimage\",\"url\":\"https:\\\/\\\/cvinoticias.com\\\/wp-content\\\/uploads\\\/2023\\\/05\\\/IMG-20230504-WA0055.jpg\",\"contentUrl\":\"https:\\\/\\\/cvinoticias.com\\\/wp-content\\\/uploads\\\/2023\\\/05\\\/IMG-20230504-WA0055.jpg\",\"width\":768,\"height\":1024},{\"@type\":\"BreadcrumbList\",\"@id\":\"https:\\\/\\\/cvinoticias.com\\\/v3\\\/finalizo-el-curso-basico-de-combatientes-de-incendios-forestales-en-la-escuela-militar-de-monte\\\/#breadcrumb\",\"itemListElement\":[{\"@type\":\"ListItem\",\"position\":1,\"name\":\"Portada\",\"item\":\"https:\\\/\\\/cvinoticias.com\\\/v3\\\/\"},{\"@type\":\"ListItem\",\"position\":2,\"name\":\"Finaliz\u00f3 el curso b\u00e1sico de \u201cCombatientes de incendios forestales\u201d en la Escuela Militar de Monte\"}]},{\"@type\":\"WebSite\",\"@id\":\"https:\\\/\\\/cvinoticias.com\\\/v3\\\/#website\",\"url\":\"https:\\\/\\\/cvinoticias.com\\\/v3\\\/\",\"name\":\"CVI NOTICIAS\",\"description\":\"\",\"publisher\":{\"@id\":\"https:\\\/\\\/cvinoticias.com\\\/v3\\\/#organization\"},\"alternateName\":\"CVI\",\"potentialAction\":[{\"@type\":\"SearchAction\",\"target\":{\"@type\":\"EntryPoint\",\"urlTemplate\":\"https:\\\/\\\/cvinoticias.com\\\/v3\\\/?s={search_term_string}\"},\"query-input\":{\"@type\":\"PropertyValueSpecification\",\"valueRequired\":true,\"valueName\":\"search_term_string\"}}],\"inLanguage\":\"es\"},{\"@type\":\"Organization\",\"@id\":\"https:\\\/\\\/cvinoticias.com\\\/v3\\\/#organization\",\"name\":\"CVI NOTICIAS\",\"url\":\"https:\\\/\\\/cvinoticias.com\\\/v3\\\/\",\"logo\":{\"@type\":\"ImageObject\",\"inLanguage\":\"es\",\"@id\":\"https:\\\/\\\/cvinoticias.com\\\/v3\\\/#\\\/schema\\\/logo\\\/image\\\/\",\"url\":\"https:\\\/\\\/cvinoticias.com\\\/wp-content\\\/uploads\\\/2023\\\/04\\\/cropped-cropped-cropped-cropped-cropped-3-1.png\",\"contentUrl\":\"https:\\\/\\\/cvinoticias.com\\\/wp-content\\\/uploads\\\/2023\\\/04\\\/cropped-cropped-cropped-cropped-cropped-3-1.png\",\"width\":95,\"height\":122,\"caption\":\"CVI NOTICIAS\"},\"image\":{\"@id\":\"https:\\\/\\\/cvinoticias.com\\\/v3\\\/#\\\/schema\\\/logo\\\/image\\\/\"},\"sameAs\":[\"https:\\\/\\\/www.facebook.com\\\/cvinoticias\",\"https:\\\/\\\/www.instagram.com\\\/cvinoticias\\\/\",\"https:\\\/\\\/www.youtube.com\\\/@CVINOTICIAS\"]},{\"@type\":\"Person\",\"@id\":\"https:\\\/\\\/cvinoticias.com\\\/v3\\\/#\\\/schema\\\/person\\\/2db77e3c6bc03c538495d7b2b8be9b66\",\"name\":\"f1000024\",\"image\":{\"@type\":\"ImageObject\",\"inLanguage\":\"es\",\"@id\":\"https:\\\/\\\/secure.gravatar.com\\\/avatar\\\/d4fe7459cfc51ff5129ce1a732bbef5928568b8092d412ef95611616376bbeed?s=96&d=mm&r=g\",\"url\":\"https:\\\/\\\/secure.gravatar.com\\\/avatar\\\/d4fe7459cfc51ff5129ce1a732bbef5928568b8092d412ef95611616376bbeed?s=96&d=mm&r=g\",\"contentUrl\":\"https:\\\/\\\/secure.gravatar.com\\\/avatar\\\/d4fe7459cfc51ff5129ce1a732bbef5928568b8092d412ef95611616376bbeed?s=96&d=mm&r=g\",\"caption\":\"f1000024\"},\"url\":\"https:\\\/\\\/cvinoticias.com\\\/v3\\\/author\\\/f1000024\\\/\"}]}<\/script>\n<!-- \/ Yoast SEO plugin. -->","yoast_head_json":{"title":"Finaliz\u00f3 el curso b\u00e1sico de \u201cCombatientes de incendios forestales\u201d en la Escuela Militar de Monte | CVI NOTICIAS","robots":{"index":"index","follow":"follow","max-snippet":"max-snippet:-1","max-image-preview":"max-image-preview:large","max-video-preview":"max-video-preview:-1"},"canonical":"https:\/\/cvinoticias.com\/v3\/finalizo-el-curso-basico-de-combatientes-de-incendios-forestales-en-la-escuela-militar-de-monte\/","og_locale":"es_ES","og_type":"article","og_title":"Finaliz\u00f3 el curso b\u00e1sico de \u201cCombatientes de incendios forestales\u201d en la Escuela Militar de Monte | CVI NOTICIAS","og_description":"En el marco de las capacitaciones integrales en prevenci\u00f3n y atenci\u00f3n de emergencias, se realiz\u00f3 el d\u00eda 02 y 03 de abril el curso de \u201cCombatientes de incendios forestales\u201d, dictado por Guardaparques y Brigadistas de Incendios Forestales de la Administraci\u00f3n de Parques Nacionales, en la Escuela Militar de Monte, de la localidad misionera de Puerto [&hellip;]","og_url":"https:\/\/cvinoticias.com\/v3\/finalizo-el-curso-basico-de-combatientes-de-incendios-forestales-en-la-escuela-militar-de-monte\/","og_site_name":"CVI NOTICIAS","article_publisher":"https:\/\/www.facebook.com\/cvinoticias","article_published_time":"2023-05-05T05:13:04+00:00","og_image":[{"width":768,"height":1024,"url":"https:\/\/cvinoticias.com\/wp-content\/uploads\/2023\/05\/IMG-20230504-WA0055.jpg","type":"image\/jpeg"}],"author":"f1000024","twitter_card":"summary_large_image","twitter_misc":{"Escrito por":"f1000024","Tiempo de lectura":"2 minutos"},"schema":{"@context":"https:\/\/schema.org","@graph":[{"@type":"Article","@id":"https:\/\/cvinoticias.com\/v3\/finalizo-el-curso-basico-de-combatientes-de-incendios-forestales-en-la-escuela-militar-de-monte\/#article","isPartOf":{"@id":"https:\/\/cvinoticias.com\/v3\/finalizo-el-curso-basico-de-combatientes-de-incendios-forestales-en-la-escuela-militar-de-monte\/"},"author":{"name":"f1000024","@id":"https:\/\/cvinoticias.com\/v3\/#\/schema\/person\/2db77e3c6bc03c538495d7b2b8be9b66"},"headline":"Finaliz\u00f3 el curso b\u00e1sico de \u201cCombatientes de incendios forestales\u201d en la Escuela Militar de Monte","datePublished":"2023-05-05T05:13:04+00:00","mainEntityOfPage":{"@id":"https:\/\/cvinoticias.com\/v3\/finalizo-el-curso-basico-de-combatientes-de-incendios-forestales-en-la-escuela-militar-de-monte\/"},"wordCount":334,"commentCount":0,"publisher":{"@id":"https:\/\/cvinoticias.com\/v3\/#organization"},"image":{"@id":"https:\/\/cvinoticias.com\/v3\/finalizo-el-curso-basico-de-combatientes-de-incendios-forestales-en-la-escuela-militar-de-monte\/#primaryimage"},"thumbnailUrl":"https:\/\/cvinoticias.com\/wp-content\/uploads\/2023\/05\/IMG-20230504-WA0055.jpg","articleSection":["Informaci\u00f3n General"],"inLanguage":"es","potentialAction":[{"@type":"CommentAction","name":"Comment","target":["https:\/\/cvinoticias.com\/v3\/finalizo-el-curso-basico-de-combatientes-de-incendios-forestales-en-la-escuela-militar-de-monte\/#respond"]}]},{"@type":"WebPage","@id":"https:\/\/cvinoticias.com\/v3\/finalizo-el-curso-basico-de-combatientes-de-incendios-forestales-en-la-escuela-militar-de-monte\/","url":"https:\/\/cvinoticias.com\/v3\/finalizo-el-curso-basico-de-combatientes-de-incendios-forestales-en-la-escuela-militar-de-monte\/","name":"Finaliz\u00f3 el curso b\u00e1sico de \u201cCombatientes de incendios forestales\u201d en la Escuela Militar de Monte | CVI NOTICIAS","isPartOf":{"@id":"https:\/\/cvinoticias.com\/v3\/#website"},"primaryImageOfPage":{"@id":"https:\/\/cvinoticias.com\/v3\/finalizo-el-curso-basico-de-combatientes-de-incendios-forestales-en-la-escuela-militar-de-monte\/#primaryimage"},"image":{"@id":"https:\/\/cvinoticias.com\/v3\/finalizo-el-curso-basico-de-combatientes-de-incendios-forestales-en-la-escuela-militar-de-monte\/#primaryimage"},"thumbnailUrl":"https:\/\/cvinoticias.com\/wp-content\/uploads\/2023\/05\/IMG-20230504-WA0055.jpg","datePublished":"2023-05-05T05:13:04+00:00","breadcrumb":{"@id":"https:\/\/cvinoticias.com\/v3\/finalizo-el-curso-basico-de-combatientes-de-incendios-forestales-en-la-escuela-militar-de-monte\/#breadcrumb"},"inLanguage":"es","potentialAction":[{"@type":"ReadAction","target":["https:\/\/cvinoticias.com\/v3\/finalizo-el-curso-basico-de-combatientes-de-incendios-forestales-en-la-escuela-militar-de-monte\/"]}]},{"@type":"ImageObject","inLanguage":"es","@id":"https:\/\/cvinoticias.com\/v3\/finalizo-el-curso-basico-de-combatientes-de-incendios-forestales-en-la-escuela-militar-de-monte\/#primaryimage","url":"https:\/\/cvinoticias.com\/wp-content\/uploads\/2023\/05\/IMG-20230504-WA0055.jpg","contentUrl":"https:\/\/cvinoticias.com\/wp-content\/uploads\/2023\/05\/IMG-20230504-WA0055.jpg","width":768,"height":1024},{"@type":"BreadcrumbList","@id":"https:\/\/cvinoticias.com\/v3\/finalizo-el-curso-basico-de-combatientes-de-incendios-forestales-en-la-escuela-militar-de-monte\/#breadcrumb","itemListElement":[{"@type":"ListItem","position":1,"name":"Portada","item":"https:\/\/cvinoticias.com\/v3\/"},{"@type":"ListItem","position":2,"name":"Finaliz\u00f3 el curso b\u00e1sico de \u201cCombatientes de incendios forestales\u201d en la Escuela Militar de Monte"}]},{"@type":"WebSite","@id":"https:\/\/cvinoticias.com\/v3\/#website","url":"https:\/\/cvinoticias.com\/v3\/","name":"CVI NOTICIAS","description":"","publisher":{"@id":"https:\/\/cvinoticias.com\/v3\/#organization"},"alternateName":"CVI","potentialAction":[{"@type":"SearchAction","target":{"@type":"EntryPoint","urlTemplate":"https:\/\/cvinoticias.com\/v3\/?s={search_term_string}"},"query-input":{"@type":"PropertyValueSpecification","valueRequired":true,"valueName":"search_term_string"}}],"inLanguage":"es"},{"@type":"Organization","@id":"https:\/\/cvinoticias.com\/v3\/#organization","name":"CVI NOTICIAS","url":"https:\/\/cvinoticias.com\/v3\/","logo":{"@type":"ImageObject","inLanguage":"es","@id":"https:\/\/cvinoticias.com\/v3\/#\/schema\/logo\/image\/","url":"https:\/\/cvinoticias.com\/wp-content\/uploads\/2023\/04\/cropped-cropped-cropped-cropped-cropped-3-1.png","contentUrl":"https:\/\/cvinoticias.com\/wp-content\/uploads\/2023\/04\/cropped-cropped-cropped-cropped-cropped-3-1.png","width":95,"height":122,"caption":"CVI NOTICIAS"},"image":{"@id":"https:\/\/cvinoticias.com\/v3\/#\/schema\/logo\/image\/"},"sameAs":["https:\/\/www.facebook.com\/cvinoticias","https:\/\/www.instagram.com\/cvinoticias\/","https:\/\/www.youtube.com\/@CVINOTICIAS"]},{"@type":"Person","@id":"https:\/\/cvinoticias.com\/v3\/#\/schema\/person\/2db77e3c6bc03c538495d7b2b8be9b66","name":"f1000024","image":{"@type":"ImageObject","inLanguage":"es","@id":"https:\/\/secure.gravatar.com\/avatar\/d4fe7459cfc51ff5129ce1a732bbef5928568b8092d412ef95611616376bbeed?s=96&d=mm&r=g","url":"https:\/\/secure.gravatar.com\/avatar\/d4fe7459cfc51ff5129ce1a732bbef5928568b8092d412ef95611616376bbeed?s=96&d=mm&r=g","contentUrl":"https:\/\/secure.gravatar.com\/avatar\/d4fe7459cfc51ff5129ce1a732bbef5928568b8092d412ef95611616376bbeed?s=96&d=mm&r=g","caption":"f1000024"},"url":"https:\/\/cvinoticias.com\/v3\/author\/f1000024\/"}]}},"_links":{"self":[{"href":"https:\/\/cvinoticias.com\/v3\/wp-json\/wp\/v2\/posts\/24588","targetHints":{"allow":["GET"]}}],"collection":[{"href":"https:\/\/cvinoticias.com\/v3\/wp-json\/wp\/v2\/posts"}],"about":[{"href":"https:\/\/cvinoticias.com\/v3\/wp-json\/wp\/v2\/types\/post"}],"author":[{"embeddable":true,"href":"https:\/\/cvinoticias.com\/v3\/wp-json\/wp\/v2\/users\/2"}],"replies":[{"embeddable":true,"href":"https:\/\/cvinoticias.com\/v3\/wp-json\/wp\/v2\/comments?post=24588"}],"version-history":[{"count":1,"href":"https:\/\/cvinoticias.com\/v3\/wp-json\/wp\/v2\/posts\/24588\/revisions"}],"predecessor-version":[{"id":24594,"href":"https:\/\/cvinoticias.com\/v3\/wp-json\/wp\/v2\/posts\/24588\/revisions\/24594"}],"wp:featuredmedia":[{"embeddable":true,"href":"https:\/\/cvinoticias.com\/v3\/wp-json\/wp\/v2\/media\/24593"}],"wp:attachment":[{"href":"https:\/\/cvinoticias.com\/v3\/wp-json\/wp\/v2\/media?parent=24588"}],"wp:term":[{"taxonomy":"category","embeddable":true,"href":"https:\/\/cvinoticias.com\/v3\/wp-json\/wp\/v2\/categories?post=24588"},{"taxonomy":"post_tag","embeddable":true,"href":"https:\/\/cvinoticias.com\/v3\/wp-json\/wp\/v2\/tags?post=24588"}],"curies":[{"name":"wp","href":"https:\/\/api.w.org\/{rel}","templated":true}]}}