{"id":24578,"date":"2023-05-04T11:18:46","date_gmt":"2023-05-04T11:18:46","guid":{"rendered":"https:\/\/cvinoticias.com\/v3\/?p=24578"},"modified":"2023-05-04T11:18:46","modified_gmt":"2023-05-04T11:18:46","slug":"marcha-atras-el-indec-quiso-postergar-el-dato-de-la-inflacion-por-la-campana","status":"publish","type":"post","link":"https:\/\/cvinoticias.com\/v3\/marcha-atras-el-indec-quiso-postergar-el-dato-de-la-inflacion-por-la-campana\/","title":{"rendered":"Marcha atr\u00e1s: el Indec quiso postergar el dato de la inflaci\u00f3n por la campa\u00f1a"},"content":{"rendered":"\n<p><strong><em>Luego de una pol\u00e9mica desatada en medios metropolitanos por el corrimiento de fechas, el Indec revertir\u00e1 la decisi\u00f3n de alterar el calendario de publicaciones de datos. Concretamente, volver\u00e1 a las fechas originales y la inflaci\u00f3n de abril se conocer\u00e1 el viernes 12, y no el lunes 15, como se inform\u00f3 ayer por la ma\u00f1ana.<\/em><\/strong><\/p>\n\n\n\n<p>La decisi\u00f3n de alterar el calendario se justific\u00f3 en que el domingo 14 de mayo hay elecciones en las provincias de La Pampa; San Juan; Salta; Tucum\u00e1n y Tierra del Fuego.<\/p>\n\n\n\n<p>El director del Indec, Marco Lavagna, hab\u00eda considerado que la informaci\u00f3n no deb\u00eda darse a conocer el viernes a las 16, es decir dentro del espacio de veda electoral.<\/p>\n\n\n\n<p>Vale recordar que el explosivo 7,7% de inflaci\u00f3n de marzo se conoci\u00f3 el viernes 14 de abril. El domingo siguiente se vot\u00f3 en Neuqu\u00e9n y R\u00edo Negro.<\/p>\n\n\n\n<p>En otras palabras, el Indec igual\u00f3 la estad\u00edstica oficial a una pieza de campa\u00f1a electoral. Cerca de las 18.30, el Instituto confirm\u00f3 el anticipo. \u00abEl director del Indec, Marco Lavagna, informa que los cambios en el calendario anticipado anunciados esta ma\u00f1ana quedar\u00e1n sin efecto y se difundir\u00e1n los informes t\u00e9cnicos en las fechas originalmente establecidas doce meses atr\u00e1s.\u201d<\/p>\n\n\n\n<p>\u00abLavagna lament\u00f3 que la intenci\u00f3n de separar el trabajo estad\u00edstico del Instituto del proceso electoral fuera malinterpretada y se despertaran suspicacias sobre la integridad de los equipos t\u00e9cnicos del Indec\u201d.<\/p>\n\n\n\n<p>\u201cConsideramos que es una buena pr\u00e1ctica no dar informaci\u00f3n estad\u00edstica en medio de la veda pero, dada la controversia ocasionada, las cuatro fechas se mantendr\u00e1n en su esquema establecido originalmente\u201d.<\/p>\n\n\n\n<p>\u201cLes pedimos disculpas y a la brevedad estar\u00e1n restablecidas las fechas en el sitio web www.indec.gob.ar\u201d<\/p>\n\n\n\n<p>Tras la pol\u00e9mica, el Indec reverti\u00f3 la decisi\u00f3n de alterar el calendario de publicaciones de datos. Concretamente, volvi\u00f3 a las fechas originales y la inflaci\u00f3n de abril se conocer\u00e1 el viernes 12, y no el lunes 15, como se inform\u00f3 a la ma\u00f1ana.<\/p>\n\n\n\n<p>La decisi\u00f3n de alterar el calendario se justific\u00f3 en que el domingo 14 de mayo hay elecciones en las provincias de -La Pampa; San Juan; Salta; Tucum\u00e1n y Tierra del Fuego.<\/p>\n\n\n\n<p>La reacci\u00f3n del Indec de volver al calendario original ocurri\u00f3 en respuesta a la fuerte pol\u00e9mica que despert\u00f3 la alteraci\u00f3n conocida durante la ma\u00f1ana.<\/p>\n\n\n\n<p>Otra vez las sospechas de manipulaci\u00f3n de la informaci\u00f3n sobrevolaban al Indec. Ahora no se trataba, en principio, de que los n\u00fameros de la inflaci\u00f3n sean tergiversados, sino que el organismo que maneja las estad\u00edsticas oficiales hab\u00eda decidido atrasar 72 horas la difusi\u00f3n del \u00cdndice de Precios al Consumidor de abril. Manipulaci\u00f3n de tiempos, no de datos<\/p>\n","protected":false},"excerpt":{"rendered":"<p>Luego de una pol\u00e9mica desatada en medios metropolitanos por el corrimiento de fechas, el Indec revertir\u00e1 la decisi\u00f3n de alterar el calendario de publicaciones de datos. Concretamente, volver\u00e1 a las fechas originales y la inflaci\u00f3n de abril se conocer\u00e1 el viernes 12, y no el lunes 15, como se inform\u00f3 ayer por la ma\u00f1ana. La [&hellip;]<\/p>\n","protected":false},"author":2,"featured_media":24579,"comment_status":"open","ping_status":"open","sticky":false,"template":"","format":"standard","meta":{"footnotes":""},"categories":[35],"tags":[],"class_list":["post-24578","post","type-post","status-publish","format-standard","has-post-thumbnail","hentry","category-informacion-general"],"yoast_head":"<!-- This site is optimized with the Yoast SEO plugin v27.5 - https:\/\/yoast.com\/product\/yoast-seo-wordpress\/ -->\n<title>Marcha atr\u00e1s: el Indec quiso postergar el dato de la inflaci\u00f3n por la campa\u00f1a | CVI NOTICIAS<\/title>\n<meta name=\"robots\" content=\"index, follow, max-snippet:-1, max-image-preview:large, max-video-preview:-1\" \/>\n<link rel=\"canonical\" href=\"https:\/\/cvinoticias.com\/v3\/marcha-atras-el-indec-quiso-postergar-el-dato-de-la-inflacion-por-la-campana\/\" \/>\n<meta property=\"og:locale\" content=\"es_ES\" \/>\n<meta property=\"og:type\" content=\"article\" \/>\n<meta property=\"og:title\" content=\"Marcha atr\u00e1s: el Indec quiso postergar el dato de la inflaci\u00f3n por la campa\u00f1a | CVI NOTICIAS\" \/>\n<meta property=\"og:description\" content=\"Luego de una pol\u00e9mica desatada en medios metropolitanos por el corrimiento de fechas, el Indec revertir\u00e1 la decisi\u00f3n de alterar el calendario de publicaciones de datos. Concretamente, volver\u00e1 a las fechas originales y la inflaci\u00f3n de abril se conocer\u00e1 el viernes 12, y no el lunes 15, como se inform\u00f3 ayer por la ma\u00f1ana. La [&hellip;]\" \/>\n<meta property=\"og:url\" content=\"https:\/\/cvinoticias.com\/v3\/marcha-atras-el-indec-quiso-postergar-el-dato-de-la-inflacion-por-la-campana\/\" \/>\n<meta property=\"og:site_name\" content=\"CVI NOTICIAS\" \/>\n<meta property=\"article:publisher\" content=\"https:\/\/www.facebook.com\/cvinoticias\" \/>\n<meta property=\"article:published_time\" content=\"2023-05-04T11:18:46+00:00\" \/>\n<meta property=\"og:image\" content=\"https:\/\/cvinoticias.com\/wp-content\/uploads\/2023\/05\/1683163905480.jpg\" \/>\n\t<meta property=\"og:image:width\" content=\"414\" \/>\n\t<meta property=\"og:image:height\" content=\"323\" \/>\n\t<meta property=\"og:image:type\" content=\"image\/jpeg\" \/>\n<meta name=\"author\" content=\"f1000024\" \/>\n<meta name=\"twitter:card\" content=\"summary_large_image\" \/>\n<meta name=\"twitter:label1\" content=\"Escrito por\" \/>\n\t<meta name=\"twitter:data1\" content=\"f1000024\" \/>\n\t<meta name=\"twitter:label2\" content=\"Tiempo de lectura\" \/>\n\t<meta name=\"twitter:data2\" content=\"2 minutos\" \/>\n<script type=\"application\/ld+json\" class=\"yoast-schema-graph\">{\"@context\":\"https:\\\/\\\/schema.org\",\"@graph\":[{\"@type\":\"Article\",\"@id\":\"https:\\\/\\\/cvinoticias.com\\\/v3\\\/marcha-atras-el-indec-quiso-postergar-el-dato-de-la-inflacion-por-la-campana\\\/#article\",\"isPartOf\":{\"@id\":\"https:\\\/\\\/cvinoticias.com\\\/v3\\\/marcha-atras-el-indec-quiso-postergar-el-dato-de-la-inflacion-por-la-campana\\\/\"},\"author\":{\"name\":\"f1000024\",\"@id\":\"https:\\\/\\\/cvinoticias.com\\\/v3\\\/#\\\/schema\\\/person\\\/2db77e3c6bc03c538495d7b2b8be9b66\"},\"headline\":\"Marcha atr\u00e1s: el Indec quiso postergar el dato de la inflaci\u00f3n por la campa\u00f1a\",\"datePublished\":\"2023-05-04T11:18:46+00:00\",\"mainEntityOfPage\":{\"@id\":\"https:\\\/\\\/cvinoticias.com\\\/v3\\\/marcha-atras-el-indec-quiso-postergar-el-dato-de-la-inflacion-por-la-campana\\\/\"},\"wordCount\":484,\"commentCount\":0,\"publisher\":{\"@id\":\"https:\\\/\\\/cvinoticias.com\\\/v3\\\/#organization\"},\"image\":{\"@id\":\"https:\\\/\\\/cvinoticias.com\\\/v3\\\/marcha-atras-el-indec-quiso-postergar-el-dato-de-la-inflacion-por-la-campana\\\/#primaryimage\"},\"thumbnailUrl\":\"https:\\\/\\\/cvinoticias.com\\\/wp-content\\\/uploads\\\/2023\\\/05\\\/1683163905480.jpg\",\"articleSection\":[\"Informaci\u00f3n General\"],\"inLanguage\":\"es\",\"potentialAction\":[{\"@type\":\"CommentAction\",\"name\":\"Comment\",\"target\":[\"https:\\\/\\\/cvinoticias.com\\\/v3\\\/marcha-atras-el-indec-quiso-postergar-el-dato-de-la-inflacion-por-la-campana\\\/#respond\"]}]},{\"@type\":\"WebPage\",\"@id\":\"https:\\\/\\\/cvinoticias.com\\\/v3\\\/marcha-atras-el-indec-quiso-postergar-el-dato-de-la-inflacion-por-la-campana\\\/\",\"url\":\"https:\\\/\\\/cvinoticias.com\\\/v3\\\/marcha-atras-el-indec-quiso-postergar-el-dato-de-la-inflacion-por-la-campana\\\/\",\"name\":\"Marcha atr\u00e1s: el Indec quiso postergar el dato de la inflaci\u00f3n por la campa\u00f1a | CVI NOTICIAS\",\"isPartOf\":{\"@id\":\"https:\\\/\\\/cvinoticias.com\\\/v3\\\/#website\"},\"primaryImageOfPage\":{\"@id\":\"https:\\\/\\\/cvinoticias.com\\\/v3\\\/marcha-atras-el-indec-quiso-postergar-el-dato-de-la-inflacion-por-la-campana\\\/#primaryimage\"},\"image\":{\"@id\":\"https:\\\/\\\/cvinoticias.com\\\/v3\\\/marcha-atras-el-indec-quiso-postergar-el-dato-de-la-inflacion-por-la-campana\\\/#primaryimage\"},\"thumbnailUrl\":\"https:\\\/\\\/cvinoticias.com\\\/wp-content\\\/uploads\\\/2023\\\/05\\\/1683163905480.jpg\",\"datePublished\":\"2023-05-04T11:18:46+00:00\",\"breadcrumb\":{\"@id\":\"https:\\\/\\\/cvinoticias.com\\\/v3\\\/marcha-atras-el-indec-quiso-postergar-el-dato-de-la-inflacion-por-la-campana\\\/#breadcrumb\"},\"inLanguage\":\"es\",\"potentialAction\":[{\"@type\":\"ReadAction\",\"target\":[\"https:\\\/\\\/cvinoticias.com\\\/v3\\\/marcha-atras-el-indec-quiso-postergar-el-dato-de-la-inflacion-por-la-campana\\\/\"]}]},{\"@type\":\"ImageObject\",\"inLanguage\":\"es\",\"@id\":\"https:\\\/\\\/cvinoticias.com\\\/v3\\\/marcha-atras-el-indec-quiso-postergar-el-dato-de-la-inflacion-por-la-campana\\\/#primaryimage\",\"url\":\"https:\\\/\\\/cvinoticias.com\\\/wp-content\\\/uploads\\\/2023\\\/05\\\/1683163905480.jpg\",\"contentUrl\":\"https:\\\/\\\/cvinoticias.com\\\/wp-content\\\/uploads\\\/2023\\\/05\\\/1683163905480.jpg\",\"width\":414,\"height\":323},{\"@type\":\"BreadcrumbList\",\"@id\":\"https:\\\/\\\/cvinoticias.com\\\/v3\\\/marcha-atras-el-indec-quiso-postergar-el-dato-de-la-inflacion-por-la-campana\\\/#breadcrumb\",\"itemListElement\":[{\"@type\":\"ListItem\",\"position\":1,\"name\":\"Portada\",\"item\":\"https:\\\/\\\/cvinoticias.com\\\/v3\\\/\"},{\"@type\":\"ListItem\",\"position\":2,\"name\":\"Marcha atr\u00e1s: el Indec quiso postergar el dato de la inflaci\u00f3n por la campa\u00f1a\"}]},{\"@type\":\"WebSite\",\"@id\":\"https:\\\/\\\/cvinoticias.com\\\/v3\\\/#website\",\"url\":\"https:\\\/\\\/cvinoticias.com\\\/v3\\\/\",\"name\":\"CVI NOTICIAS\",\"description\":\"\",\"publisher\":{\"@id\":\"https:\\\/\\\/cvinoticias.com\\\/v3\\\/#organization\"},\"alternateName\":\"CVI\",\"potentialAction\":[{\"@type\":\"SearchAction\",\"target\":{\"@type\":\"EntryPoint\",\"urlTemplate\":\"https:\\\/\\\/cvinoticias.com\\\/v3\\\/?s={search_term_string}\"},\"query-input\":{\"@type\":\"PropertyValueSpecification\",\"valueRequired\":true,\"valueName\":\"search_term_string\"}}],\"inLanguage\":\"es\"},{\"@type\":\"Organization\",\"@id\":\"https:\\\/\\\/cvinoticias.com\\\/v3\\\/#organization\",\"name\":\"CVI NOTICIAS\",\"url\":\"https:\\\/\\\/cvinoticias.com\\\/v3\\\/\",\"logo\":{\"@type\":\"ImageObject\",\"inLanguage\":\"es\",\"@id\":\"https:\\\/\\\/cvinoticias.com\\\/v3\\\/#\\\/schema\\\/logo\\\/image\\\/\",\"url\":\"https:\\\/\\\/cvinoticias.com\\\/wp-content\\\/uploads\\\/2023\\\/04\\\/cropped-cropped-cropped-cropped-cropped-3-1.png\",\"contentUrl\":\"https:\\\/\\\/cvinoticias.com\\\/wp-content\\\/uploads\\\/2023\\\/04\\\/cropped-cropped-cropped-cropped-cropped-3-1.png\",\"width\":95,\"height\":122,\"caption\":\"CVI NOTICIAS\"},\"image\":{\"@id\":\"https:\\\/\\\/cvinoticias.com\\\/v3\\\/#\\\/schema\\\/logo\\\/image\\\/\"},\"sameAs\":[\"https:\\\/\\\/www.facebook.com\\\/cvinoticias\",\"https:\\\/\\\/www.instagram.com\\\/cvinoticias\\\/\",\"https:\\\/\\\/www.youtube.com\\\/@CVINOTICIAS\"]},{\"@type\":\"Person\",\"@id\":\"https:\\\/\\\/cvinoticias.com\\\/v3\\\/#\\\/schema\\\/person\\\/2db77e3c6bc03c538495d7b2b8be9b66\",\"name\":\"f1000024\",\"image\":{\"@type\":\"ImageObject\",\"inLanguage\":\"es\",\"@id\":\"https:\\\/\\\/secure.gravatar.com\\\/avatar\\\/d4fe7459cfc51ff5129ce1a732bbef5928568b8092d412ef95611616376bbeed?s=96&d=mm&r=g\",\"url\":\"https:\\\/\\\/secure.gravatar.com\\\/avatar\\\/d4fe7459cfc51ff5129ce1a732bbef5928568b8092d412ef95611616376bbeed?s=96&d=mm&r=g\",\"contentUrl\":\"https:\\\/\\\/secure.gravatar.com\\\/avatar\\\/d4fe7459cfc51ff5129ce1a732bbef5928568b8092d412ef95611616376bbeed?s=96&d=mm&r=g\",\"caption\":\"f1000024\"},\"url\":\"https:\\\/\\\/cvinoticias.com\\\/v3\\\/author\\\/f1000024\\\/\"}]}<\/script>\n<!-- \/ Yoast SEO plugin. -->","yoast_head_json":{"title":"Marcha atr\u00e1s: el Indec quiso postergar el dato de la inflaci\u00f3n por la campa\u00f1a | CVI NOTICIAS","robots":{"index":"index","follow":"follow","max-snippet":"max-snippet:-1","max-image-preview":"max-image-preview:large","max-video-preview":"max-video-preview:-1"},"canonical":"https:\/\/cvinoticias.com\/v3\/marcha-atras-el-indec-quiso-postergar-el-dato-de-la-inflacion-por-la-campana\/","og_locale":"es_ES","og_type":"article","og_title":"Marcha atr\u00e1s: el Indec quiso postergar el dato de la inflaci\u00f3n por la campa\u00f1a | CVI NOTICIAS","og_description":"Luego de una pol\u00e9mica desatada en medios metropolitanos por el corrimiento de fechas, el Indec revertir\u00e1 la decisi\u00f3n de alterar el calendario de publicaciones de datos. Concretamente, volver\u00e1 a las fechas originales y la inflaci\u00f3n de abril se conocer\u00e1 el viernes 12, y no el lunes 15, como se inform\u00f3 ayer por la ma\u00f1ana. La [&hellip;]","og_url":"https:\/\/cvinoticias.com\/v3\/marcha-atras-el-indec-quiso-postergar-el-dato-de-la-inflacion-por-la-campana\/","og_site_name":"CVI NOTICIAS","article_publisher":"https:\/\/www.facebook.com\/cvinoticias","article_published_time":"2023-05-04T11:18:46+00:00","og_image":[{"width":414,"height":323,"url":"https:\/\/cvinoticias.com\/wp-content\/uploads\/2023\/05\/1683163905480.jpg","type":"image\/jpeg"}],"author":"f1000024","twitter_card":"summary_large_image","twitter_misc":{"Escrito por":"f1000024","Tiempo de lectura":"2 minutos"},"schema":{"@context":"https:\/\/schema.org","@graph":[{"@type":"Article","@id":"https:\/\/cvinoticias.com\/v3\/marcha-atras-el-indec-quiso-postergar-el-dato-de-la-inflacion-por-la-campana\/#article","isPartOf":{"@id":"https:\/\/cvinoticias.com\/v3\/marcha-atras-el-indec-quiso-postergar-el-dato-de-la-inflacion-por-la-campana\/"},"author":{"name":"f1000024","@id":"https:\/\/cvinoticias.com\/v3\/#\/schema\/person\/2db77e3c6bc03c538495d7b2b8be9b66"},"headline":"Marcha atr\u00e1s: el Indec quiso postergar el dato de la inflaci\u00f3n por la campa\u00f1a","datePublished":"2023-05-04T11:18:46+00:00","mainEntityOfPage":{"@id":"https:\/\/cvinoticias.com\/v3\/marcha-atras-el-indec-quiso-postergar-el-dato-de-la-inflacion-por-la-campana\/"},"wordCount":484,"commentCount":0,"publisher":{"@id":"https:\/\/cvinoticias.com\/v3\/#organization"},"image":{"@id":"https:\/\/cvinoticias.com\/v3\/marcha-atras-el-indec-quiso-postergar-el-dato-de-la-inflacion-por-la-campana\/#primaryimage"},"thumbnailUrl":"https:\/\/cvinoticias.com\/wp-content\/uploads\/2023\/05\/1683163905480.jpg","articleSection":["Informaci\u00f3n General"],"inLanguage":"es","potentialAction":[{"@type":"CommentAction","name":"Comment","target":["https:\/\/cvinoticias.com\/v3\/marcha-atras-el-indec-quiso-postergar-el-dato-de-la-inflacion-por-la-campana\/#respond"]}]},{"@type":"WebPage","@id":"https:\/\/cvinoticias.com\/v3\/marcha-atras-el-indec-quiso-postergar-el-dato-de-la-inflacion-por-la-campana\/","url":"https:\/\/cvinoticias.com\/v3\/marcha-atras-el-indec-quiso-postergar-el-dato-de-la-inflacion-por-la-campana\/","name":"Marcha atr\u00e1s: el Indec quiso postergar el dato de la inflaci\u00f3n por la campa\u00f1a | CVI NOTICIAS","isPartOf":{"@id":"https:\/\/cvinoticias.com\/v3\/#website"},"primaryImageOfPage":{"@id":"https:\/\/cvinoticias.com\/v3\/marcha-atras-el-indec-quiso-postergar-el-dato-de-la-inflacion-por-la-campana\/#primaryimage"},"image":{"@id":"https:\/\/cvinoticias.com\/v3\/marcha-atras-el-indec-quiso-postergar-el-dato-de-la-inflacion-por-la-campana\/#primaryimage"},"thumbnailUrl":"https:\/\/cvinoticias.com\/wp-content\/uploads\/2023\/05\/1683163905480.jpg","datePublished":"2023-05-04T11:18:46+00:00","breadcrumb":{"@id":"https:\/\/cvinoticias.com\/v3\/marcha-atras-el-indec-quiso-postergar-el-dato-de-la-inflacion-por-la-campana\/#breadcrumb"},"inLanguage":"es","potentialAction":[{"@type":"ReadAction","target":["https:\/\/cvinoticias.com\/v3\/marcha-atras-el-indec-quiso-postergar-el-dato-de-la-inflacion-por-la-campana\/"]}]},{"@type":"ImageObject","inLanguage":"es","@id":"https:\/\/cvinoticias.com\/v3\/marcha-atras-el-indec-quiso-postergar-el-dato-de-la-inflacion-por-la-campana\/#primaryimage","url":"https:\/\/cvinoticias.com\/wp-content\/uploads\/2023\/05\/1683163905480.jpg","contentUrl":"https:\/\/cvinoticias.com\/wp-content\/uploads\/2023\/05\/1683163905480.jpg","width":414,"height":323},{"@type":"BreadcrumbList","@id":"https:\/\/cvinoticias.com\/v3\/marcha-atras-el-indec-quiso-postergar-el-dato-de-la-inflacion-por-la-campana\/#breadcrumb","itemListElement":[{"@type":"ListItem","position":1,"name":"Portada","item":"https:\/\/cvinoticias.com\/v3\/"},{"@type":"ListItem","position":2,"name":"Marcha atr\u00e1s: el Indec quiso postergar el dato de la inflaci\u00f3n por la campa\u00f1a"}]},{"@type":"WebSite","@id":"https:\/\/cvinoticias.com\/v3\/#website","url":"https:\/\/cvinoticias.com\/v3\/","name":"CVI NOTICIAS","description":"","publisher":{"@id":"https:\/\/cvinoticias.com\/v3\/#organization"},"alternateName":"CVI","potentialAction":[{"@type":"SearchAction","target":{"@type":"EntryPoint","urlTemplate":"https:\/\/cvinoticias.com\/v3\/?s={search_term_string}"},"query-input":{"@type":"PropertyValueSpecification","valueRequired":true,"valueName":"search_term_string"}}],"inLanguage":"es"},{"@type":"Organization","@id":"https:\/\/cvinoticias.com\/v3\/#organization","name":"CVI NOTICIAS","url":"https:\/\/cvinoticias.com\/v3\/","logo":{"@type":"ImageObject","inLanguage":"es","@id":"https:\/\/cvinoticias.com\/v3\/#\/schema\/logo\/image\/","url":"https:\/\/cvinoticias.com\/wp-content\/uploads\/2023\/04\/cropped-cropped-cropped-cropped-cropped-3-1.png","contentUrl":"https:\/\/cvinoticias.com\/wp-content\/uploads\/2023\/04\/cropped-cropped-cropped-cropped-cropped-3-1.png","width":95,"height":122,"caption":"CVI NOTICIAS"},"image":{"@id":"https:\/\/cvinoticias.com\/v3\/#\/schema\/logo\/image\/"},"sameAs":["https:\/\/www.facebook.com\/cvinoticias","https:\/\/www.instagram.com\/cvinoticias\/","https:\/\/www.youtube.com\/@CVINOTICIAS"]},{"@type":"Person","@id":"https:\/\/cvinoticias.com\/v3\/#\/schema\/person\/2db77e3c6bc03c538495d7b2b8be9b66","name":"f1000024","image":{"@type":"ImageObject","inLanguage":"es","@id":"https:\/\/secure.gravatar.com\/avatar\/d4fe7459cfc51ff5129ce1a732bbef5928568b8092d412ef95611616376bbeed?s=96&d=mm&r=g","url":"https:\/\/secure.gravatar.com\/avatar\/d4fe7459cfc51ff5129ce1a732bbef5928568b8092d412ef95611616376bbeed?s=96&d=mm&r=g","contentUrl":"https:\/\/secure.gravatar.com\/avatar\/d4fe7459cfc51ff5129ce1a732bbef5928568b8092d412ef95611616376bbeed?s=96&d=mm&r=g","caption":"f1000024"},"url":"https:\/\/cvinoticias.com\/v3\/author\/f1000024\/"}]}},"_links":{"self":[{"href":"https:\/\/cvinoticias.com\/v3\/wp-json\/wp\/v2\/posts\/24578","targetHints":{"allow":["GET"]}}],"collection":[{"href":"https:\/\/cvinoticias.com\/v3\/wp-json\/wp\/v2\/posts"}],"about":[{"href":"https:\/\/cvinoticias.com\/v3\/wp-json\/wp\/v2\/types\/post"}],"author":[{"embeddable":true,"href":"https:\/\/cvinoticias.com\/v3\/wp-json\/wp\/v2\/users\/2"}],"replies":[{"embeddable":true,"href":"https:\/\/cvinoticias.com\/v3\/wp-json\/wp\/v2\/comments?post=24578"}],"version-history":[{"count":1,"href":"https:\/\/cvinoticias.com\/v3\/wp-json\/wp\/v2\/posts\/24578\/revisions"}],"predecessor-version":[{"id":24580,"href":"https:\/\/cvinoticias.com\/v3\/wp-json\/wp\/v2\/posts\/24578\/revisions\/24580"}],"wp:featuredmedia":[{"embeddable":true,"href":"https:\/\/cvinoticias.com\/v3\/wp-json\/wp\/v2\/media\/24579"}],"wp:attachment":[{"href":"https:\/\/cvinoticias.com\/v3\/wp-json\/wp\/v2\/media?parent=24578"}],"wp:term":[{"taxonomy":"category","embeddable":true,"href":"https:\/\/cvinoticias.com\/v3\/wp-json\/wp\/v2\/categories?post=24578"},{"taxonomy":"post_tag","embeddable":true,"href":"https:\/\/cvinoticias.com\/v3\/wp-json\/wp\/v2\/tags?post=24578"}],"curies":[{"name":"wp","href":"https:\/\/api.w.org\/{rel}","templated":true}]}}