{"id":24556,"date":"2023-05-03T22:50:43","date_gmt":"2023-05-03T22:50:43","guid":{"rendered":"https:\/\/cvinoticias.com\/v3\/?p=24556"},"modified":"2023-05-03T22:50:43","modified_gmt":"2023-05-03T22:50:43","slug":"la-canasta-basica-de-alimentos-aumento-un-856-en-abril","status":"publish","type":"post","link":"https:\/\/cvinoticias.com\/v3\/la-canasta-basica-de-alimentos-aumento-un-856-en-abril\/","title":{"rendered":"La canasta b\u00e1sica de alimentos aument\u00f3 un 8,56% en abril"},"content":{"rendered":"\n<p><strong><em>La canasta de alimentos aument\u00f3 un 8,56 por ciento en abril, por lo que sumado a los primeros tres meses del a\u00f1o, el salto llega al 40,86 por ciento, indica el relevamiento de Consumidores Libres. \u00bfLos precios que m\u00e1s subieron?<\/em><\/strong><\/p>\n\n\n\n<p>\u201cSeg\u00fan el relevamiento efectuado por la entidad en supermercados y negocios barriales de la ciudad de Buenos Aires, el precio de los 21 productos de la llamada canasta b\u00e1sica de alimentos tuvo un aumento del 8.56 por ciento durante el mes de abril del a\u00f1o 2023\u201d, indica el informe.<\/p>\n\n\n\n<p>En los primeros cuatro meses del a\u00f1o, la suba de precios de alimentos alcanza el 40,86 por ciento y preocupa.<\/p>\n\n\n\n<p>Dentro del combo medido de \u201cAlmac\u00e9n\u201d aparece un aumento 30,77 por ciento, que se registra en la docena de huevos de color, y del 16,67 en el kilo de az\u00facar. Dos insumos fundamentales para cualquier familia. Los fideos guiseros se convierten en el tercer aumento m\u00e1s fuerte, con el 8,57 por ciento.<\/p>\n\n\n\n<p>Aquellos productos que en marzo se consegu\u00edan por 5.240 pesos no se compraron por menos de 5.760 el mes pasado. La suba fue del 9,92 por ciento y el acumulado del primer cuatrimestre llega 25,63 por ciento.<\/p>\n\n\n\n<p>Tomate perita y berenjenas son los dos productos que m\u00e1s aumentaron de la canasta de verduler\u00eda, el alza fue por encima del 60 por ciento, pero tambi\u00e9n hay buenas noticias, como la baja del precio de la cebolla o el mantenimiento del valor de la zanahoria.<\/p>\n\n\n\n<p>La canasta que se compraba a 3.935 pesos en marzo no cost\u00f3 menos de 4.490 en abril. La suba mensual fue del 14,10 por ciento pero el acumulado llega al 7608.<\/p>\n\n\n\n<p>La carne sufri\u00f3 aumentos de entre el 2 y el 7 por ciento. Los cuatro cortes medidos (asado, bola de lomo, paleta y carne picada) sal\u00edan 7.430 pesos en marzo y 7.780 en abril.<\/p>\n\n\n\n<p>En cuanto a la carnicer\u00eda, la suba mensual fue de 4,71 por ciento pero en los primeros cuatro meses del a\u00f1o alcanza el 37,33 por ciento.<\/p>\n\n\n\n<p>La suba fue del 7,23 por ciento en enero; 11,84 en febrero; 8,18 en marzo y 8,56% en abril. El aumento de la canasta b\u00e1sica de alimentos que mide Consumidores Libres fue del 85,83 por ciento durante 2022.<\/p>\n\n\n\n<figure class=\"wp-block-image size-large\"><a href=\"https:\/\/cvinoticias.com\/wp-content\/uploads\/2023\/05\/Screenshot_20230503_193958_Chrome.jpg\"><img decoding=\"async\" width=\"663\" height=\"1024\" data-src=\"https:\/\/cvinoticias.com\/wp-content\/uploads\/2023\/05\/Screenshot_20230503_193958_Chrome-663x1024.jpg\" alt=\"\" class=\"wp-image-24558 lazyload\" data-srcset=\"https:\/\/cvinoticias.com\/wp-content\/uploads\/2023\/05\/Screenshot_20230503_193958_Chrome-663x1024.jpg 663w, https:\/\/cvinoticias.com\/wp-content\/uploads\/2023\/05\/Screenshot_20230503_193958_Chrome-194x300.jpg 194w, https:\/\/cvinoticias.com\/wp-content\/uploads\/2023\/05\/Screenshot_20230503_193958_Chrome-768x1186.jpg 768w, https:\/\/cvinoticias.com\/wp-content\/uploads\/2023\/05\/Screenshot_20230503_193958_Chrome-995x1536.jpg 995w, https:\/\/cvinoticias.com\/wp-content\/uploads\/2023\/05\/Screenshot_20230503_193958_Chrome.jpg 1080w\" data-sizes=\"(max-width: 663px) 100vw, 663px\" src=\"data:image\/svg+xml;base64,PHN2ZyB3aWR0aD0iMSIgaGVpZ2h0PSIxIiB4bWxucz0iaHR0cDovL3d3dy53My5vcmcvMjAwMC9zdmciPjwvc3ZnPg==\" style=\"--smush-placeholder-width: 663px; --smush-placeholder-aspect-ratio: 663\/1024;\" \/><\/a><\/figure>\n","protected":false},"excerpt":{"rendered":"<p>La canasta de alimentos aument\u00f3 un 8,56 por ciento en abril, por lo que sumado a los primeros tres meses del a\u00f1o, el salto llega al 40,86 por ciento, indica el relevamiento de Consumidores Libres. \u00bfLos precios que m\u00e1s subieron? \u201cSeg\u00fan el relevamiento efectuado por la entidad en supermercados y negocios barriales de la ciudad [&hellip;]<\/p>\n","protected":false},"author":2,"featured_media":24557,"comment_status":"open","ping_status":"open","sticky":false,"template":"","format":"standard","meta":{"footnotes":""},"categories":[35],"tags":[],"class_list":["post-24556","post","type-post","status-publish","format-standard","has-post-thumbnail","hentry","category-informacion-general"],"yoast_head":"<!-- This site is optimized with the Yoast SEO plugin v27.5 - https:\/\/yoast.com\/product\/yoast-seo-wordpress\/ -->\n<title>La canasta b\u00e1sica de alimentos aument\u00f3 un 8,56% en abril | CVI NOTICIAS<\/title>\n<meta name=\"robots\" content=\"index, follow, max-snippet:-1, max-image-preview:large, max-video-preview:-1\" \/>\n<link rel=\"canonical\" href=\"https:\/\/cvinoticias.com\/v3\/la-canasta-basica-de-alimentos-aumento-un-856-en-abril\/\" \/>\n<meta property=\"og:locale\" content=\"es_ES\" \/>\n<meta property=\"og:type\" content=\"article\" \/>\n<meta property=\"og:title\" content=\"La canasta b\u00e1sica de alimentos aument\u00f3 un 8,56% en abril | CVI NOTICIAS\" \/>\n<meta property=\"og:description\" content=\"La canasta de alimentos aument\u00f3 un 8,56 por ciento en abril, por lo que sumado a los primeros tres meses del a\u00f1o, el salto llega al 40,86 por ciento, indica el relevamiento de Consumidores Libres. \u00bfLos precios que m\u00e1s subieron? \u201cSeg\u00fan el relevamiento efectuado por la entidad en supermercados y negocios barriales de la ciudad [&hellip;]\" \/>\n<meta property=\"og:url\" content=\"https:\/\/cvinoticias.com\/v3\/la-canasta-basica-de-alimentos-aumento-un-856-en-abril\/\" \/>\n<meta property=\"og:site_name\" content=\"CVI NOTICIAS\" \/>\n<meta property=\"article:publisher\" content=\"https:\/\/www.facebook.com\/cvinoticias\" \/>\n<meta property=\"article:published_time\" content=\"2023-05-03T22:50:43+00:00\" \/>\n<meta property=\"og:image\" content=\"https:\/\/cvinoticias.com\/wp-content\/uploads\/2023\/05\/Screenshot_20230503_194920_Facebook.jpg\" \/>\n\t<meta property=\"og:image:width\" content=\"1080\" \/>\n\t<meta property=\"og:image:height\" content=\"711\" \/>\n\t<meta property=\"og:image:type\" content=\"image\/jpeg\" \/>\n<meta name=\"author\" content=\"f1000024\" \/>\n<meta name=\"twitter:card\" content=\"summary_large_image\" \/>\n<meta name=\"twitter:label1\" content=\"Escrito por\" \/>\n\t<meta name=\"twitter:data1\" content=\"f1000024\" \/>\n\t<meta name=\"twitter:label2\" content=\"Tiempo de lectura\" \/>\n\t<meta name=\"twitter:data2\" content=\"2 minutos\" \/>\n<script type=\"application\/ld+json\" class=\"yoast-schema-graph\">{\"@context\":\"https:\\\/\\\/schema.org\",\"@graph\":[{\"@type\":\"Article\",\"@id\":\"https:\\\/\\\/cvinoticias.com\\\/v3\\\/la-canasta-basica-de-alimentos-aumento-un-856-en-abril\\\/#article\",\"isPartOf\":{\"@id\":\"https:\\\/\\\/cvinoticias.com\\\/v3\\\/la-canasta-basica-de-alimentos-aumento-un-856-en-abril\\\/\"},\"author\":{\"name\":\"f1000024\",\"@id\":\"https:\\\/\\\/cvinoticias.com\\\/v3\\\/#\\\/schema\\\/person\\\/2db77e3c6bc03c538495d7b2b8be9b66\"},\"headline\":\"La canasta b\u00e1sica de alimentos aument\u00f3 un 8,56% en abril\",\"datePublished\":\"2023-05-03T22:50:43+00:00\",\"mainEntityOfPage\":{\"@id\":\"https:\\\/\\\/cvinoticias.com\\\/v3\\\/la-canasta-basica-de-alimentos-aumento-un-856-en-abril\\\/\"},\"wordCount\":370,\"commentCount\":0,\"publisher\":{\"@id\":\"https:\\\/\\\/cvinoticias.com\\\/v3\\\/#organization\"},\"image\":{\"@id\":\"https:\\\/\\\/cvinoticias.com\\\/v3\\\/la-canasta-basica-de-alimentos-aumento-un-856-en-abril\\\/#primaryimage\"},\"thumbnailUrl\":\"https:\\\/\\\/cvinoticias.com\\\/wp-content\\\/uploads\\\/2023\\\/05\\\/Screenshot_20230503_194920_Facebook.jpg\",\"articleSection\":[\"Informaci\u00f3n General\"],\"inLanguage\":\"es\",\"potentialAction\":[{\"@type\":\"CommentAction\",\"name\":\"Comment\",\"target\":[\"https:\\\/\\\/cvinoticias.com\\\/v3\\\/la-canasta-basica-de-alimentos-aumento-un-856-en-abril\\\/#respond\"]}]},{\"@type\":\"WebPage\",\"@id\":\"https:\\\/\\\/cvinoticias.com\\\/v3\\\/la-canasta-basica-de-alimentos-aumento-un-856-en-abril\\\/\",\"url\":\"https:\\\/\\\/cvinoticias.com\\\/v3\\\/la-canasta-basica-de-alimentos-aumento-un-856-en-abril\\\/\",\"name\":\"La canasta b\u00e1sica de alimentos aument\u00f3 un 8,56% en abril | CVI NOTICIAS\",\"isPartOf\":{\"@id\":\"https:\\\/\\\/cvinoticias.com\\\/v3\\\/#website\"},\"primaryImageOfPage\":{\"@id\":\"https:\\\/\\\/cvinoticias.com\\\/v3\\\/la-canasta-basica-de-alimentos-aumento-un-856-en-abril\\\/#primaryimage\"},\"image\":{\"@id\":\"https:\\\/\\\/cvinoticias.com\\\/v3\\\/la-canasta-basica-de-alimentos-aumento-un-856-en-abril\\\/#primaryimage\"},\"thumbnailUrl\":\"https:\\\/\\\/cvinoticias.com\\\/wp-content\\\/uploads\\\/2023\\\/05\\\/Screenshot_20230503_194920_Facebook.jpg\",\"datePublished\":\"2023-05-03T22:50:43+00:00\",\"breadcrumb\":{\"@id\":\"https:\\\/\\\/cvinoticias.com\\\/v3\\\/la-canasta-basica-de-alimentos-aumento-un-856-en-abril\\\/#breadcrumb\"},\"inLanguage\":\"es\",\"potentialAction\":[{\"@type\":\"ReadAction\",\"target\":[\"https:\\\/\\\/cvinoticias.com\\\/v3\\\/la-canasta-basica-de-alimentos-aumento-un-856-en-abril\\\/\"]}]},{\"@type\":\"ImageObject\",\"inLanguage\":\"es\",\"@id\":\"https:\\\/\\\/cvinoticias.com\\\/v3\\\/la-canasta-basica-de-alimentos-aumento-un-856-en-abril\\\/#primaryimage\",\"url\":\"https:\\\/\\\/cvinoticias.com\\\/wp-content\\\/uploads\\\/2023\\\/05\\\/Screenshot_20230503_194920_Facebook.jpg\",\"contentUrl\":\"https:\\\/\\\/cvinoticias.com\\\/wp-content\\\/uploads\\\/2023\\\/05\\\/Screenshot_20230503_194920_Facebook.jpg\",\"width\":1080,\"height\":711},{\"@type\":\"BreadcrumbList\",\"@id\":\"https:\\\/\\\/cvinoticias.com\\\/v3\\\/la-canasta-basica-de-alimentos-aumento-un-856-en-abril\\\/#breadcrumb\",\"itemListElement\":[{\"@type\":\"ListItem\",\"position\":1,\"name\":\"Portada\",\"item\":\"https:\\\/\\\/cvinoticias.com\\\/v3\\\/\"},{\"@type\":\"ListItem\",\"position\":2,\"name\":\"La canasta b\u00e1sica de alimentos aument\u00f3 un 8,56% en abril\"}]},{\"@type\":\"WebSite\",\"@id\":\"https:\\\/\\\/cvinoticias.com\\\/v3\\\/#website\",\"url\":\"https:\\\/\\\/cvinoticias.com\\\/v3\\\/\",\"name\":\"CVI NOTICIAS\",\"description\":\"\",\"publisher\":{\"@id\":\"https:\\\/\\\/cvinoticias.com\\\/v3\\\/#organization\"},\"alternateName\":\"CVI\",\"potentialAction\":[{\"@type\":\"SearchAction\",\"target\":{\"@type\":\"EntryPoint\",\"urlTemplate\":\"https:\\\/\\\/cvinoticias.com\\\/v3\\\/?s={search_term_string}\"},\"query-input\":{\"@type\":\"PropertyValueSpecification\",\"valueRequired\":true,\"valueName\":\"search_term_string\"}}],\"inLanguage\":\"es\"},{\"@type\":\"Organization\",\"@id\":\"https:\\\/\\\/cvinoticias.com\\\/v3\\\/#organization\",\"name\":\"CVI NOTICIAS\",\"url\":\"https:\\\/\\\/cvinoticias.com\\\/v3\\\/\",\"logo\":{\"@type\":\"ImageObject\",\"inLanguage\":\"es\",\"@id\":\"https:\\\/\\\/cvinoticias.com\\\/v3\\\/#\\\/schema\\\/logo\\\/image\\\/\",\"url\":\"https:\\\/\\\/cvinoticias.com\\\/wp-content\\\/uploads\\\/2023\\\/04\\\/cropped-cropped-cropped-cropped-cropped-3-1.png\",\"contentUrl\":\"https:\\\/\\\/cvinoticias.com\\\/wp-content\\\/uploads\\\/2023\\\/04\\\/cropped-cropped-cropped-cropped-cropped-3-1.png\",\"width\":95,\"height\":122,\"caption\":\"CVI NOTICIAS\"},\"image\":{\"@id\":\"https:\\\/\\\/cvinoticias.com\\\/v3\\\/#\\\/schema\\\/logo\\\/image\\\/\"},\"sameAs\":[\"https:\\\/\\\/www.facebook.com\\\/cvinoticias\",\"https:\\\/\\\/www.instagram.com\\\/cvinoticias\\\/\",\"https:\\\/\\\/www.youtube.com\\\/@CVINOTICIAS\"]},{\"@type\":\"Person\",\"@id\":\"https:\\\/\\\/cvinoticias.com\\\/v3\\\/#\\\/schema\\\/person\\\/2db77e3c6bc03c538495d7b2b8be9b66\",\"name\":\"f1000024\",\"image\":{\"@type\":\"ImageObject\",\"inLanguage\":\"es\",\"@id\":\"https:\\\/\\\/secure.gravatar.com\\\/avatar\\\/d4fe7459cfc51ff5129ce1a732bbef5928568b8092d412ef95611616376bbeed?s=96&d=mm&r=g\",\"url\":\"https:\\\/\\\/secure.gravatar.com\\\/avatar\\\/d4fe7459cfc51ff5129ce1a732bbef5928568b8092d412ef95611616376bbeed?s=96&d=mm&r=g\",\"contentUrl\":\"https:\\\/\\\/secure.gravatar.com\\\/avatar\\\/d4fe7459cfc51ff5129ce1a732bbef5928568b8092d412ef95611616376bbeed?s=96&d=mm&r=g\",\"caption\":\"f1000024\"},\"url\":\"https:\\\/\\\/cvinoticias.com\\\/v3\\\/author\\\/f1000024\\\/\"}]}<\/script>\n<!-- \/ Yoast SEO plugin. -->","yoast_head_json":{"title":"La canasta b\u00e1sica de alimentos aument\u00f3 un 8,56% en abril | CVI NOTICIAS","robots":{"index":"index","follow":"follow","max-snippet":"max-snippet:-1","max-image-preview":"max-image-preview:large","max-video-preview":"max-video-preview:-1"},"canonical":"https:\/\/cvinoticias.com\/v3\/la-canasta-basica-de-alimentos-aumento-un-856-en-abril\/","og_locale":"es_ES","og_type":"article","og_title":"La canasta b\u00e1sica de alimentos aument\u00f3 un 8,56% en abril | CVI NOTICIAS","og_description":"La canasta de alimentos aument\u00f3 un 8,56 por ciento en abril, por lo que sumado a los primeros tres meses del a\u00f1o, el salto llega al 40,86 por ciento, indica el relevamiento de Consumidores Libres. \u00bfLos precios que m\u00e1s subieron? \u201cSeg\u00fan el relevamiento efectuado por la entidad en supermercados y negocios barriales de la ciudad [&hellip;]","og_url":"https:\/\/cvinoticias.com\/v3\/la-canasta-basica-de-alimentos-aumento-un-856-en-abril\/","og_site_name":"CVI NOTICIAS","article_publisher":"https:\/\/www.facebook.com\/cvinoticias","article_published_time":"2023-05-03T22:50:43+00:00","og_image":[{"width":1080,"height":711,"url":"https:\/\/cvinoticias.com\/wp-content\/uploads\/2023\/05\/Screenshot_20230503_194920_Facebook.jpg","type":"image\/jpeg"}],"author":"f1000024","twitter_card":"summary_large_image","twitter_misc":{"Escrito por":"f1000024","Tiempo de lectura":"2 minutos"},"schema":{"@context":"https:\/\/schema.org","@graph":[{"@type":"Article","@id":"https:\/\/cvinoticias.com\/v3\/la-canasta-basica-de-alimentos-aumento-un-856-en-abril\/#article","isPartOf":{"@id":"https:\/\/cvinoticias.com\/v3\/la-canasta-basica-de-alimentos-aumento-un-856-en-abril\/"},"author":{"name":"f1000024","@id":"https:\/\/cvinoticias.com\/v3\/#\/schema\/person\/2db77e3c6bc03c538495d7b2b8be9b66"},"headline":"La canasta b\u00e1sica de alimentos aument\u00f3 un 8,56% en abril","datePublished":"2023-05-03T22:50:43+00:00","mainEntityOfPage":{"@id":"https:\/\/cvinoticias.com\/v3\/la-canasta-basica-de-alimentos-aumento-un-856-en-abril\/"},"wordCount":370,"commentCount":0,"publisher":{"@id":"https:\/\/cvinoticias.com\/v3\/#organization"},"image":{"@id":"https:\/\/cvinoticias.com\/v3\/la-canasta-basica-de-alimentos-aumento-un-856-en-abril\/#primaryimage"},"thumbnailUrl":"https:\/\/cvinoticias.com\/wp-content\/uploads\/2023\/05\/Screenshot_20230503_194920_Facebook.jpg","articleSection":["Informaci\u00f3n General"],"inLanguage":"es","potentialAction":[{"@type":"CommentAction","name":"Comment","target":["https:\/\/cvinoticias.com\/v3\/la-canasta-basica-de-alimentos-aumento-un-856-en-abril\/#respond"]}]},{"@type":"WebPage","@id":"https:\/\/cvinoticias.com\/v3\/la-canasta-basica-de-alimentos-aumento-un-856-en-abril\/","url":"https:\/\/cvinoticias.com\/v3\/la-canasta-basica-de-alimentos-aumento-un-856-en-abril\/","name":"La canasta b\u00e1sica de alimentos aument\u00f3 un 8,56% en abril | CVI NOTICIAS","isPartOf":{"@id":"https:\/\/cvinoticias.com\/v3\/#website"},"primaryImageOfPage":{"@id":"https:\/\/cvinoticias.com\/v3\/la-canasta-basica-de-alimentos-aumento-un-856-en-abril\/#primaryimage"},"image":{"@id":"https:\/\/cvinoticias.com\/v3\/la-canasta-basica-de-alimentos-aumento-un-856-en-abril\/#primaryimage"},"thumbnailUrl":"https:\/\/cvinoticias.com\/wp-content\/uploads\/2023\/05\/Screenshot_20230503_194920_Facebook.jpg","datePublished":"2023-05-03T22:50:43+00:00","breadcrumb":{"@id":"https:\/\/cvinoticias.com\/v3\/la-canasta-basica-de-alimentos-aumento-un-856-en-abril\/#breadcrumb"},"inLanguage":"es","potentialAction":[{"@type":"ReadAction","target":["https:\/\/cvinoticias.com\/v3\/la-canasta-basica-de-alimentos-aumento-un-856-en-abril\/"]}]},{"@type":"ImageObject","inLanguage":"es","@id":"https:\/\/cvinoticias.com\/v3\/la-canasta-basica-de-alimentos-aumento-un-856-en-abril\/#primaryimage","url":"https:\/\/cvinoticias.com\/wp-content\/uploads\/2023\/05\/Screenshot_20230503_194920_Facebook.jpg","contentUrl":"https:\/\/cvinoticias.com\/wp-content\/uploads\/2023\/05\/Screenshot_20230503_194920_Facebook.jpg","width":1080,"height":711},{"@type":"BreadcrumbList","@id":"https:\/\/cvinoticias.com\/v3\/la-canasta-basica-de-alimentos-aumento-un-856-en-abril\/#breadcrumb","itemListElement":[{"@type":"ListItem","position":1,"name":"Portada","item":"https:\/\/cvinoticias.com\/v3\/"},{"@type":"ListItem","position":2,"name":"La canasta b\u00e1sica de alimentos aument\u00f3 un 8,56% en abril"}]},{"@type":"WebSite","@id":"https:\/\/cvinoticias.com\/v3\/#website","url":"https:\/\/cvinoticias.com\/v3\/","name":"CVI NOTICIAS","description":"","publisher":{"@id":"https:\/\/cvinoticias.com\/v3\/#organization"},"alternateName":"CVI","potentialAction":[{"@type":"SearchAction","target":{"@type":"EntryPoint","urlTemplate":"https:\/\/cvinoticias.com\/v3\/?s={search_term_string}"},"query-input":{"@type":"PropertyValueSpecification","valueRequired":true,"valueName":"search_term_string"}}],"inLanguage":"es"},{"@type":"Organization","@id":"https:\/\/cvinoticias.com\/v3\/#organization","name":"CVI NOTICIAS","url":"https:\/\/cvinoticias.com\/v3\/","logo":{"@type":"ImageObject","inLanguage":"es","@id":"https:\/\/cvinoticias.com\/v3\/#\/schema\/logo\/image\/","url":"https:\/\/cvinoticias.com\/wp-content\/uploads\/2023\/04\/cropped-cropped-cropped-cropped-cropped-3-1.png","contentUrl":"https:\/\/cvinoticias.com\/wp-content\/uploads\/2023\/04\/cropped-cropped-cropped-cropped-cropped-3-1.png","width":95,"height":122,"caption":"CVI NOTICIAS"},"image":{"@id":"https:\/\/cvinoticias.com\/v3\/#\/schema\/logo\/image\/"},"sameAs":["https:\/\/www.facebook.com\/cvinoticias","https:\/\/www.instagram.com\/cvinoticias\/","https:\/\/www.youtube.com\/@CVINOTICIAS"]},{"@type":"Person","@id":"https:\/\/cvinoticias.com\/v3\/#\/schema\/person\/2db77e3c6bc03c538495d7b2b8be9b66","name":"f1000024","image":{"@type":"ImageObject","inLanguage":"es","@id":"https:\/\/secure.gravatar.com\/avatar\/d4fe7459cfc51ff5129ce1a732bbef5928568b8092d412ef95611616376bbeed?s=96&d=mm&r=g","url":"https:\/\/secure.gravatar.com\/avatar\/d4fe7459cfc51ff5129ce1a732bbef5928568b8092d412ef95611616376bbeed?s=96&d=mm&r=g","contentUrl":"https:\/\/secure.gravatar.com\/avatar\/d4fe7459cfc51ff5129ce1a732bbef5928568b8092d412ef95611616376bbeed?s=96&d=mm&r=g","caption":"f1000024"},"url":"https:\/\/cvinoticias.com\/v3\/author\/f1000024\/"}]}},"_links":{"self":[{"href":"https:\/\/cvinoticias.com\/v3\/wp-json\/wp\/v2\/posts\/24556","targetHints":{"allow":["GET"]}}],"collection":[{"href":"https:\/\/cvinoticias.com\/v3\/wp-json\/wp\/v2\/posts"}],"about":[{"href":"https:\/\/cvinoticias.com\/v3\/wp-json\/wp\/v2\/types\/post"}],"author":[{"embeddable":true,"href":"https:\/\/cvinoticias.com\/v3\/wp-json\/wp\/v2\/users\/2"}],"replies":[{"embeddable":true,"href":"https:\/\/cvinoticias.com\/v3\/wp-json\/wp\/v2\/comments?post=24556"}],"version-history":[{"count":1,"href":"https:\/\/cvinoticias.com\/v3\/wp-json\/wp\/v2\/posts\/24556\/revisions"}],"predecessor-version":[{"id":24559,"href":"https:\/\/cvinoticias.com\/v3\/wp-json\/wp\/v2\/posts\/24556\/revisions\/24559"}],"wp:featuredmedia":[{"embeddable":true,"href":"https:\/\/cvinoticias.com\/v3\/wp-json\/wp\/v2\/media\/24557"}],"wp:attachment":[{"href":"https:\/\/cvinoticias.com\/v3\/wp-json\/wp\/v2\/media?parent=24556"}],"wp:term":[{"taxonomy":"category","embeddable":true,"href":"https:\/\/cvinoticias.com\/v3\/wp-json\/wp\/v2\/categories?post=24556"},{"taxonomy":"post_tag","embeddable":true,"href":"https:\/\/cvinoticias.com\/v3\/wp-json\/wp\/v2\/tags?post=24556"}],"curies":[{"name":"wp","href":"https:\/\/api.w.org\/{rel}","templated":true}]}}