{"id":24553,"date":"2023-05-03T19:40:25","date_gmt":"2023-05-03T19:40:25","guid":{"rendered":"https:\/\/cvinoticias.com\/v3\/?p=24553"},"modified":"2023-05-03T19:40:25","modified_gmt":"2023-05-03T19:40:25","slug":"iguazu-la-policia-capturo-a-un-profugo-de-la-justicia-involucrado-en-varios-hechos","status":"publish","type":"post","link":"https:\/\/cvinoticias.com\/v3\/iguazu-la-policia-capturo-a-un-profugo-de-la-justicia-involucrado-en-varios-hechos\/","title":{"rendered":"Iguaz\u00fa: La Polic\u00eda captur\u00f3 a un pr\u00f3fugo de la justicia involucrado en varios hechos"},"content":{"rendered":"\n<p><strong><em>Tras una investigaci\u00f3n policial iniciada por efectivos encubiertos de las distintas dependencias de la URV, tras pistas firmes, en la ma\u00f1ana de hoy efectivos de la comisar\u00eda de la Mujer URV localizaron a un hombre que era intensamente buscado por hallarse involucrado en al menos ocho hechos delictivos.<\/em><\/strong><\/p>\n\n\n\n<p>Se trata de Eduardo S. de 22 a\u00f1os con domicilio en el barrio Santa Rosa de esta ciudad sobre qui\u00e9n reca\u00eda pedido de detenci\u00f3n ordenado por el Juzgado de Instrucci\u00f3n Nro. 3 de Puerto Iguaz\u00fa, por estar involucrado en hechos de Da\u00f1o, Robos, Hurtos, Hurto con escalamiento, Resistencia a la Autoridad.<\/p>\n\n\n\n<p>El detenido fuertemente custodiado fue puesto a disposici\u00f3n de la Justicia, quedando alojado en sede policial. En tanto las comisar\u00edas jurisdiccionales prosiguen con el diligenciamiento de las causas judiciales d\u00f3nde se halla involucrado.<\/p>\n","protected":false},"excerpt":{"rendered":"<p>Tras una investigaci\u00f3n policial iniciada por efectivos encubiertos de las distintas dependencias de la URV, tras pistas firmes, en la ma\u00f1ana de hoy efectivos de la comisar\u00eda de la Mujer URV localizaron a un hombre que era intensamente buscado por hallarse involucrado en al menos ocho hechos delictivos. Se trata de Eduardo S. de 22 [&hellip;]<\/p>\n","protected":false},"author":2,"featured_media":24554,"comment_status":"open","ping_status":"open","sticky":false,"template":"","format":"standard","meta":{"footnotes":""},"categories":[29,41],"tags":[],"class_list":["post-24553","post","type-post","status-publish","format-standard","has-post-thumbnail","hentry","category-locales","category-policiales"],"yoast_head":"<!-- This site is optimized with the Yoast SEO plugin v27.4 - https:\/\/yoast.com\/product\/yoast-seo-wordpress\/ -->\n<title>Iguaz\u00fa: La Polic\u00eda captur\u00f3 a un pr\u00f3fugo de la justicia involucrado en varios hechos | CVI NOTICIAS<\/title>\n<meta name=\"robots\" content=\"index, follow, max-snippet:-1, max-image-preview:large, max-video-preview:-1\" \/>\n<link rel=\"canonical\" href=\"https:\/\/cvinoticias.com\/v3\/iguazu-la-policia-capturo-a-un-profugo-de-la-justicia-involucrado-en-varios-hechos\/\" \/>\n<meta property=\"og:locale\" content=\"es_ES\" \/>\n<meta property=\"og:type\" content=\"article\" \/>\n<meta property=\"og:title\" content=\"Iguaz\u00fa: La Polic\u00eda captur\u00f3 a un pr\u00f3fugo de la justicia involucrado en varios hechos | CVI NOTICIAS\" \/>\n<meta property=\"og:description\" content=\"Tras una investigaci\u00f3n policial iniciada por efectivos encubiertos de las distintas dependencias de la URV, tras pistas firmes, en la ma\u00f1ana de hoy efectivos de la comisar\u00eda de la Mujer URV localizaron a un hombre que era intensamente buscado por hallarse involucrado en al menos ocho hechos delictivos. Se trata de Eduardo S. de 22 [&hellip;]\" \/>\n<meta property=\"og:url\" content=\"https:\/\/cvinoticias.com\/v3\/iguazu-la-policia-capturo-a-un-profugo-de-la-justicia-involucrado-en-varios-hechos\/\" \/>\n<meta property=\"og:site_name\" content=\"CVI NOTICIAS\" \/>\n<meta property=\"article:publisher\" content=\"https:\/\/www.facebook.com\/cvinoticias\" \/>\n<meta property=\"article:published_time\" content=\"2023-05-03T19:40:25+00:00\" \/>\n<meta property=\"og:image\" content=\"https:\/\/cvinoticias.com\/wp-content\/uploads\/2023\/05\/FB_IMG_1683142691065.jpg\" \/>\n\t<meta property=\"og:image:width\" content=\"825\" \/>\n\t<meta property=\"og:image:height\" content=\"1044\" \/>\n\t<meta property=\"og:image:type\" content=\"image\/jpeg\" \/>\n<meta name=\"author\" content=\"f1000024\" \/>\n<meta name=\"twitter:card\" content=\"summary_large_image\" \/>\n<meta name=\"twitter:label1\" content=\"Escrito por\" \/>\n\t<meta name=\"twitter:data1\" content=\"f1000024\" \/>\n\t<meta name=\"twitter:label2\" content=\"Tiempo de lectura\" \/>\n\t<meta name=\"twitter:data2\" content=\"1 minuto\" \/>\n<script type=\"application\/ld+json\" class=\"yoast-schema-graph\">{\"@context\":\"https:\\\/\\\/schema.org\",\"@graph\":[{\"@type\":\"Article\",\"@id\":\"https:\\\/\\\/cvinoticias.com\\\/v3\\\/iguazu-la-policia-capturo-a-un-profugo-de-la-justicia-involucrado-en-varios-hechos\\\/#article\",\"isPartOf\":{\"@id\":\"https:\\\/\\\/cvinoticias.com\\\/v3\\\/iguazu-la-policia-capturo-a-un-profugo-de-la-justicia-involucrado-en-varios-hechos\\\/\"},\"author\":{\"name\":\"f1000024\",\"@id\":\"https:\\\/\\\/cvinoticias.com\\\/v3\\\/#\\\/schema\\\/person\\\/2db77e3c6bc03c538495d7b2b8be9b66\"},\"headline\":\"Iguaz\u00fa: La Polic\u00eda captur\u00f3 a un pr\u00f3fugo de la justicia involucrado en varios hechos\",\"datePublished\":\"2023-05-03T19:40:25+00:00\",\"mainEntityOfPage\":{\"@id\":\"https:\\\/\\\/cvinoticias.com\\\/v3\\\/iguazu-la-policia-capturo-a-un-profugo-de-la-justicia-involucrado-en-varios-hechos\\\/\"},\"wordCount\":158,\"commentCount\":0,\"publisher\":{\"@id\":\"https:\\\/\\\/cvinoticias.com\\\/v3\\\/#organization\"},\"image\":{\"@id\":\"https:\\\/\\\/cvinoticias.com\\\/v3\\\/iguazu-la-policia-capturo-a-un-profugo-de-la-justicia-involucrado-en-varios-hechos\\\/#primaryimage\"},\"thumbnailUrl\":\"https:\\\/\\\/cvinoticias.com\\\/wp-content\\\/uploads\\\/2023\\\/05\\\/FB_IMG_1683142691065.jpg\",\"articleSection\":[\"Locales\",\"Policiales\"],\"inLanguage\":\"es\",\"potentialAction\":[{\"@type\":\"CommentAction\",\"name\":\"Comment\",\"target\":[\"https:\\\/\\\/cvinoticias.com\\\/v3\\\/iguazu-la-policia-capturo-a-un-profugo-de-la-justicia-involucrado-en-varios-hechos\\\/#respond\"]}]},{\"@type\":\"WebPage\",\"@id\":\"https:\\\/\\\/cvinoticias.com\\\/v3\\\/iguazu-la-policia-capturo-a-un-profugo-de-la-justicia-involucrado-en-varios-hechos\\\/\",\"url\":\"https:\\\/\\\/cvinoticias.com\\\/v3\\\/iguazu-la-policia-capturo-a-un-profugo-de-la-justicia-involucrado-en-varios-hechos\\\/\",\"name\":\"Iguaz\u00fa: La Polic\u00eda captur\u00f3 a un pr\u00f3fugo de la justicia involucrado en varios hechos | CVI NOTICIAS\",\"isPartOf\":{\"@id\":\"https:\\\/\\\/cvinoticias.com\\\/v3\\\/#website\"},\"primaryImageOfPage\":{\"@id\":\"https:\\\/\\\/cvinoticias.com\\\/v3\\\/iguazu-la-policia-capturo-a-un-profugo-de-la-justicia-involucrado-en-varios-hechos\\\/#primaryimage\"},\"image\":{\"@id\":\"https:\\\/\\\/cvinoticias.com\\\/v3\\\/iguazu-la-policia-capturo-a-un-profugo-de-la-justicia-involucrado-en-varios-hechos\\\/#primaryimage\"},\"thumbnailUrl\":\"https:\\\/\\\/cvinoticias.com\\\/wp-content\\\/uploads\\\/2023\\\/05\\\/FB_IMG_1683142691065.jpg\",\"datePublished\":\"2023-05-03T19:40:25+00:00\",\"breadcrumb\":{\"@id\":\"https:\\\/\\\/cvinoticias.com\\\/v3\\\/iguazu-la-policia-capturo-a-un-profugo-de-la-justicia-involucrado-en-varios-hechos\\\/#breadcrumb\"},\"inLanguage\":\"es\",\"potentialAction\":[{\"@type\":\"ReadAction\",\"target\":[\"https:\\\/\\\/cvinoticias.com\\\/v3\\\/iguazu-la-policia-capturo-a-un-profugo-de-la-justicia-involucrado-en-varios-hechos\\\/\"]}]},{\"@type\":\"ImageObject\",\"inLanguage\":\"es\",\"@id\":\"https:\\\/\\\/cvinoticias.com\\\/v3\\\/iguazu-la-policia-capturo-a-un-profugo-de-la-justicia-involucrado-en-varios-hechos\\\/#primaryimage\",\"url\":\"https:\\\/\\\/cvinoticias.com\\\/wp-content\\\/uploads\\\/2023\\\/05\\\/FB_IMG_1683142691065.jpg\",\"contentUrl\":\"https:\\\/\\\/cvinoticias.com\\\/wp-content\\\/uploads\\\/2023\\\/05\\\/FB_IMG_1683142691065.jpg\",\"width\":825,\"height\":1044},{\"@type\":\"BreadcrumbList\",\"@id\":\"https:\\\/\\\/cvinoticias.com\\\/v3\\\/iguazu-la-policia-capturo-a-un-profugo-de-la-justicia-involucrado-en-varios-hechos\\\/#breadcrumb\",\"itemListElement\":[{\"@type\":\"ListItem\",\"position\":1,\"name\":\"Portada\",\"item\":\"https:\\\/\\\/cvinoticias.com\\\/v3\\\/\"},{\"@type\":\"ListItem\",\"position\":2,\"name\":\"Iguaz\u00fa: La Polic\u00eda captur\u00f3 a un pr\u00f3fugo de la justicia involucrado en varios hechos\"}]},{\"@type\":\"WebSite\",\"@id\":\"https:\\\/\\\/cvinoticias.com\\\/v3\\\/#website\",\"url\":\"https:\\\/\\\/cvinoticias.com\\\/v3\\\/\",\"name\":\"CVI NOTICIAS\",\"description\":\"\",\"publisher\":{\"@id\":\"https:\\\/\\\/cvinoticias.com\\\/v3\\\/#organization\"},\"alternateName\":\"CVI\",\"potentialAction\":[{\"@type\":\"SearchAction\",\"target\":{\"@type\":\"EntryPoint\",\"urlTemplate\":\"https:\\\/\\\/cvinoticias.com\\\/v3\\\/?s={search_term_string}\"},\"query-input\":{\"@type\":\"PropertyValueSpecification\",\"valueRequired\":true,\"valueName\":\"search_term_string\"}}],\"inLanguage\":\"es\"},{\"@type\":\"Organization\",\"@id\":\"https:\\\/\\\/cvinoticias.com\\\/v3\\\/#organization\",\"name\":\"CVI NOTICIAS\",\"url\":\"https:\\\/\\\/cvinoticias.com\\\/v3\\\/\",\"logo\":{\"@type\":\"ImageObject\",\"inLanguage\":\"es\",\"@id\":\"https:\\\/\\\/cvinoticias.com\\\/v3\\\/#\\\/schema\\\/logo\\\/image\\\/\",\"url\":\"https:\\\/\\\/cvinoticias.com\\\/wp-content\\\/uploads\\\/2023\\\/04\\\/cropped-cropped-cropped-cropped-cropped-3-1.png\",\"contentUrl\":\"https:\\\/\\\/cvinoticias.com\\\/wp-content\\\/uploads\\\/2023\\\/04\\\/cropped-cropped-cropped-cropped-cropped-3-1.png\",\"width\":95,\"height\":122,\"caption\":\"CVI NOTICIAS\"},\"image\":{\"@id\":\"https:\\\/\\\/cvinoticias.com\\\/v3\\\/#\\\/schema\\\/logo\\\/image\\\/\"},\"sameAs\":[\"https:\\\/\\\/www.facebook.com\\\/cvinoticias\",\"https:\\\/\\\/www.instagram.com\\\/cvinoticias\\\/\",\"https:\\\/\\\/www.youtube.com\\\/@CVINOTICIAS\"]},{\"@type\":\"Person\",\"@id\":\"https:\\\/\\\/cvinoticias.com\\\/v3\\\/#\\\/schema\\\/person\\\/2db77e3c6bc03c538495d7b2b8be9b66\",\"name\":\"f1000024\",\"image\":{\"@type\":\"ImageObject\",\"inLanguage\":\"es\",\"@id\":\"https:\\\/\\\/secure.gravatar.com\\\/avatar\\\/d4fe7459cfc51ff5129ce1a732bbef5928568b8092d412ef95611616376bbeed?s=96&d=mm&r=g\",\"url\":\"https:\\\/\\\/secure.gravatar.com\\\/avatar\\\/d4fe7459cfc51ff5129ce1a732bbef5928568b8092d412ef95611616376bbeed?s=96&d=mm&r=g\",\"contentUrl\":\"https:\\\/\\\/secure.gravatar.com\\\/avatar\\\/d4fe7459cfc51ff5129ce1a732bbef5928568b8092d412ef95611616376bbeed?s=96&d=mm&r=g\",\"caption\":\"f1000024\"},\"url\":\"https:\\\/\\\/cvinoticias.com\\\/v3\\\/author\\\/f1000024\\\/\"}]}<\/script>\n<!-- \/ Yoast SEO plugin. -->","yoast_head_json":{"title":"Iguaz\u00fa: La Polic\u00eda captur\u00f3 a un pr\u00f3fugo de la justicia involucrado en varios hechos | CVI NOTICIAS","robots":{"index":"index","follow":"follow","max-snippet":"max-snippet:-1","max-image-preview":"max-image-preview:large","max-video-preview":"max-video-preview:-1"},"canonical":"https:\/\/cvinoticias.com\/v3\/iguazu-la-policia-capturo-a-un-profugo-de-la-justicia-involucrado-en-varios-hechos\/","og_locale":"es_ES","og_type":"article","og_title":"Iguaz\u00fa: La Polic\u00eda captur\u00f3 a un pr\u00f3fugo de la justicia involucrado en varios hechos | CVI NOTICIAS","og_description":"Tras una investigaci\u00f3n policial iniciada por efectivos encubiertos de las distintas dependencias de la URV, tras pistas firmes, en la ma\u00f1ana de hoy efectivos de la comisar\u00eda de la Mujer URV localizaron a un hombre que era intensamente buscado por hallarse involucrado en al menos ocho hechos delictivos. Se trata de Eduardo S. de 22 [&hellip;]","og_url":"https:\/\/cvinoticias.com\/v3\/iguazu-la-policia-capturo-a-un-profugo-de-la-justicia-involucrado-en-varios-hechos\/","og_site_name":"CVI NOTICIAS","article_publisher":"https:\/\/www.facebook.com\/cvinoticias","article_published_time":"2023-05-03T19:40:25+00:00","og_image":[{"width":825,"height":1044,"url":"https:\/\/cvinoticias.com\/wp-content\/uploads\/2023\/05\/FB_IMG_1683142691065.jpg","type":"image\/jpeg"}],"author":"f1000024","twitter_card":"summary_large_image","twitter_misc":{"Escrito por":"f1000024","Tiempo de lectura":"1 minuto"},"schema":{"@context":"https:\/\/schema.org","@graph":[{"@type":"Article","@id":"https:\/\/cvinoticias.com\/v3\/iguazu-la-policia-capturo-a-un-profugo-de-la-justicia-involucrado-en-varios-hechos\/#article","isPartOf":{"@id":"https:\/\/cvinoticias.com\/v3\/iguazu-la-policia-capturo-a-un-profugo-de-la-justicia-involucrado-en-varios-hechos\/"},"author":{"name":"f1000024","@id":"https:\/\/cvinoticias.com\/v3\/#\/schema\/person\/2db77e3c6bc03c538495d7b2b8be9b66"},"headline":"Iguaz\u00fa: La Polic\u00eda captur\u00f3 a un pr\u00f3fugo de la justicia involucrado en varios hechos","datePublished":"2023-05-03T19:40:25+00:00","mainEntityOfPage":{"@id":"https:\/\/cvinoticias.com\/v3\/iguazu-la-policia-capturo-a-un-profugo-de-la-justicia-involucrado-en-varios-hechos\/"},"wordCount":158,"commentCount":0,"publisher":{"@id":"https:\/\/cvinoticias.com\/v3\/#organization"},"image":{"@id":"https:\/\/cvinoticias.com\/v3\/iguazu-la-policia-capturo-a-un-profugo-de-la-justicia-involucrado-en-varios-hechos\/#primaryimage"},"thumbnailUrl":"https:\/\/cvinoticias.com\/wp-content\/uploads\/2023\/05\/FB_IMG_1683142691065.jpg","articleSection":["Locales","Policiales"],"inLanguage":"es","potentialAction":[{"@type":"CommentAction","name":"Comment","target":["https:\/\/cvinoticias.com\/v3\/iguazu-la-policia-capturo-a-un-profugo-de-la-justicia-involucrado-en-varios-hechos\/#respond"]}]},{"@type":"WebPage","@id":"https:\/\/cvinoticias.com\/v3\/iguazu-la-policia-capturo-a-un-profugo-de-la-justicia-involucrado-en-varios-hechos\/","url":"https:\/\/cvinoticias.com\/v3\/iguazu-la-policia-capturo-a-un-profugo-de-la-justicia-involucrado-en-varios-hechos\/","name":"Iguaz\u00fa: La Polic\u00eda captur\u00f3 a un pr\u00f3fugo de la justicia involucrado en varios hechos | CVI NOTICIAS","isPartOf":{"@id":"https:\/\/cvinoticias.com\/v3\/#website"},"primaryImageOfPage":{"@id":"https:\/\/cvinoticias.com\/v3\/iguazu-la-policia-capturo-a-un-profugo-de-la-justicia-involucrado-en-varios-hechos\/#primaryimage"},"image":{"@id":"https:\/\/cvinoticias.com\/v3\/iguazu-la-policia-capturo-a-un-profugo-de-la-justicia-involucrado-en-varios-hechos\/#primaryimage"},"thumbnailUrl":"https:\/\/cvinoticias.com\/wp-content\/uploads\/2023\/05\/FB_IMG_1683142691065.jpg","datePublished":"2023-05-03T19:40:25+00:00","breadcrumb":{"@id":"https:\/\/cvinoticias.com\/v3\/iguazu-la-policia-capturo-a-un-profugo-de-la-justicia-involucrado-en-varios-hechos\/#breadcrumb"},"inLanguage":"es","potentialAction":[{"@type":"ReadAction","target":["https:\/\/cvinoticias.com\/v3\/iguazu-la-policia-capturo-a-un-profugo-de-la-justicia-involucrado-en-varios-hechos\/"]}]},{"@type":"ImageObject","inLanguage":"es","@id":"https:\/\/cvinoticias.com\/v3\/iguazu-la-policia-capturo-a-un-profugo-de-la-justicia-involucrado-en-varios-hechos\/#primaryimage","url":"https:\/\/cvinoticias.com\/wp-content\/uploads\/2023\/05\/FB_IMG_1683142691065.jpg","contentUrl":"https:\/\/cvinoticias.com\/wp-content\/uploads\/2023\/05\/FB_IMG_1683142691065.jpg","width":825,"height":1044},{"@type":"BreadcrumbList","@id":"https:\/\/cvinoticias.com\/v3\/iguazu-la-policia-capturo-a-un-profugo-de-la-justicia-involucrado-en-varios-hechos\/#breadcrumb","itemListElement":[{"@type":"ListItem","position":1,"name":"Portada","item":"https:\/\/cvinoticias.com\/v3\/"},{"@type":"ListItem","position":2,"name":"Iguaz\u00fa: La Polic\u00eda captur\u00f3 a un pr\u00f3fugo de la justicia involucrado en varios hechos"}]},{"@type":"WebSite","@id":"https:\/\/cvinoticias.com\/v3\/#website","url":"https:\/\/cvinoticias.com\/v3\/","name":"CVI NOTICIAS","description":"","publisher":{"@id":"https:\/\/cvinoticias.com\/v3\/#organization"},"alternateName":"CVI","potentialAction":[{"@type":"SearchAction","target":{"@type":"EntryPoint","urlTemplate":"https:\/\/cvinoticias.com\/v3\/?s={search_term_string}"},"query-input":{"@type":"PropertyValueSpecification","valueRequired":true,"valueName":"search_term_string"}}],"inLanguage":"es"},{"@type":"Organization","@id":"https:\/\/cvinoticias.com\/v3\/#organization","name":"CVI NOTICIAS","url":"https:\/\/cvinoticias.com\/v3\/","logo":{"@type":"ImageObject","inLanguage":"es","@id":"https:\/\/cvinoticias.com\/v3\/#\/schema\/logo\/image\/","url":"https:\/\/cvinoticias.com\/wp-content\/uploads\/2023\/04\/cropped-cropped-cropped-cropped-cropped-3-1.png","contentUrl":"https:\/\/cvinoticias.com\/wp-content\/uploads\/2023\/04\/cropped-cropped-cropped-cropped-cropped-3-1.png","width":95,"height":122,"caption":"CVI NOTICIAS"},"image":{"@id":"https:\/\/cvinoticias.com\/v3\/#\/schema\/logo\/image\/"},"sameAs":["https:\/\/www.facebook.com\/cvinoticias","https:\/\/www.instagram.com\/cvinoticias\/","https:\/\/www.youtube.com\/@CVINOTICIAS"]},{"@type":"Person","@id":"https:\/\/cvinoticias.com\/v3\/#\/schema\/person\/2db77e3c6bc03c538495d7b2b8be9b66","name":"f1000024","image":{"@type":"ImageObject","inLanguage":"es","@id":"https:\/\/secure.gravatar.com\/avatar\/d4fe7459cfc51ff5129ce1a732bbef5928568b8092d412ef95611616376bbeed?s=96&d=mm&r=g","url":"https:\/\/secure.gravatar.com\/avatar\/d4fe7459cfc51ff5129ce1a732bbef5928568b8092d412ef95611616376bbeed?s=96&d=mm&r=g","contentUrl":"https:\/\/secure.gravatar.com\/avatar\/d4fe7459cfc51ff5129ce1a732bbef5928568b8092d412ef95611616376bbeed?s=96&d=mm&r=g","caption":"f1000024"},"url":"https:\/\/cvinoticias.com\/v3\/author\/f1000024\/"}]}},"_links":{"self":[{"href":"https:\/\/cvinoticias.com\/v3\/wp-json\/wp\/v2\/posts\/24553","targetHints":{"allow":["GET"]}}],"collection":[{"href":"https:\/\/cvinoticias.com\/v3\/wp-json\/wp\/v2\/posts"}],"about":[{"href":"https:\/\/cvinoticias.com\/v3\/wp-json\/wp\/v2\/types\/post"}],"author":[{"embeddable":true,"href":"https:\/\/cvinoticias.com\/v3\/wp-json\/wp\/v2\/users\/2"}],"replies":[{"embeddable":true,"href":"https:\/\/cvinoticias.com\/v3\/wp-json\/wp\/v2\/comments?post=24553"}],"version-history":[{"count":1,"href":"https:\/\/cvinoticias.com\/v3\/wp-json\/wp\/v2\/posts\/24553\/revisions"}],"predecessor-version":[{"id":24555,"href":"https:\/\/cvinoticias.com\/v3\/wp-json\/wp\/v2\/posts\/24553\/revisions\/24555"}],"wp:featuredmedia":[{"embeddable":true,"href":"https:\/\/cvinoticias.com\/v3\/wp-json\/wp\/v2\/media\/24554"}],"wp:attachment":[{"href":"https:\/\/cvinoticias.com\/v3\/wp-json\/wp\/v2\/media?parent=24553"}],"wp:term":[{"taxonomy":"category","embeddable":true,"href":"https:\/\/cvinoticias.com\/v3\/wp-json\/wp\/v2\/categories?post=24553"},{"taxonomy":"post_tag","embeddable":true,"href":"https:\/\/cvinoticias.com\/v3\/wp-json\/wp\/v2\/tags?post=24553"}],"curies":[{"name":"wp","href":"https:\/\/api.w.org\/{rel}","templated":true}]}}