{"id":24547,"date":"2023-05-03T16:09:44","date_gmt":"2023-05-03T16:09:44","guid":{"rendered":"https:\/\/cvinoticias.com\/v3\/?p=24547"},"modified":"2023-05-03T16:09:44","modified_gmt":"2023-05-03T16:09:44","slug":"el-gobernador-de-misiones-visita-iguazu-para-recorrer-las-obras-en-av-brasil","status":"publish","type":"post","link":"https:\/\/cvinoticias.com\/v3\/el-gobernador-de-misiones-visita-iguazu-para-recorrer-las-obras-en-av-brasil\/","title":{"rendered":"El Gobernador de Misiones visita Iguaz\u00fa para recorrer las obras en Av Brasil"},"content":{"rendered":"\n<p><strong><em>Las autoridades provinciales recorrieron la Av. Brasil, donde estuvieron presentes el gobernador de la provincia, Oscar Herrera Ahuad, el candidato a gobernador, Hugo Passalacqua y el intendente de Puerto Iguaz\u00fa, Claudio R. Filipa.<\/em><\/strong><\/p>\n\n\n\n<p>Se trata del trabajo realizado en los 1000 metros que comprenden a la Av. Brasil que contin\u00faa reformandose en tareas de pavimentaci\u00f3n y mejoras de las calles para el mejor funcionamiento que favorece a la belleza de la ciudad y tambi\u00e9n a los emprendedores que tienen sus comercios ubicados en una de las peatonales m\u00e1s larga del norte argentino.<\/p>\n\n\n\n<figure class=\"wp-block-image size-large\"><a href=\"https:\/\/cvinoticias.com\/wp-content\/uploads\/2023\/05\/IMG-20230503-WA0045.jpg\"><img decoding=\"async\" width=\"1024\" height=\"461\" data-src=\"https:\/\/cvinoticias.com\/wp-content\/uploads\/2023\/05\/IMG-20230503-WA0045-1024x461.jpg\" alt=\"\" class=\"wp-image-24550 lazyload\" data-srcset=\"https:\/\/cvinoticias.com\/wp-content\/uploads\/2023\/05\/IMG-20230503-WA0045-1024x461.jpg 1024w, https:\/\/cvinoticias.com\/wp-content\/uploads\/2023\/05\/IMG-20230503-WA0045-300x135.jpg 300w, https:\/\/cvinoticias.com\/wp-content\/uploads\/2023\/05\/IMG-20230503-WA0045-768x346.jpg 768w, https:\/\/cvinoticias.com\/wp-content\/uploads\/2023\/05\/IMG-20230503-WA0045-1536x691.jpg 1536w, https:\/\/cvinoticias.com\/wp-content\/uploads\/2023\/05\/IMG-20230503-WA0045.jpg 1600w\" data-sizes=\"(max-width: 1024px) 100vw, 1024px\" src=\"data:image\/svg+xml;base64,PHN2ZyB3aWR0aD0iMSIgaGVpZ2h0PSIxIiB4bWxucz0iaHR0cDovL3d3dy53My5vcmcvMjAwMC9zdmciPjwvc3ZnPg==\" style=\"--smush-placeholder-width: 1024px; --smush-placeholder-aspect-ratio: 1024\/461;\" \/><\/a><\/figure>\n\n\n\n<p>De esta forma, la gesti\u00f3n del Frente Renovador de la Concordia contin\u00faa sus obras en la ciudad, involucr\u00e1ndose en el \u00e1mbito deportivo con las obras de la cancha de basquet en la Liga Regional de F\u00fatbol.<\/p>\n\n\n\n<figure class=\"wp-block-image size-large\"><a href=\"https:\/\/cvinoticias.com\/wp-content\/uploads\/2023\/05\/IMG-20230503-WA0038.jpg\"><img decoding=\"async\" width=\"1024\" height=\"461\" data-src=\"https:\/\/cvinoticias.com\/wp-content\/uploads\/2023\/05\/IMG-20230503-WA0038-1024x461.jpg\" alt=\"\" class=\"wp-image-24548 lazyload\" data-srcset=\"https:\/\/cvinoticias.com\/wp-content\/uploads\/2023\/05\/IMG-20230503-WA0038-1024x461.jpg 1024w, https:\/\/cvinoticias.com\/wp-content\/uploads\/2023\/05\/IMG-20230503-WA0038-300x135.jpg 300w, https:\/\/cvinoticias.com\/wp-content\/uploads\/2023\/05\/IMG-20230503-WA0038-768x346.jpg 768w, https:\/\/cvinoticias.com\/wp-content\/uploads\/2023\/05\/IMG-20230503-WA0038-1536x691.jpg 1536w, https:\/\/cvinoticias.com\/wp-content\/uploads\/2023\/05\/IMG-20230503-WA0038.jpg 1600w\" data-sizes=\"(max-width: 1024px) 100vw, 1024px\" src=\"data:image\/svg+xml;base64,PHN2ZyB3aWR0aD0iMSIgaGVpZ2h0PSIxIiB4bWxucz0iaHR0cDovL3d3dy53My5vcmcvMjAwMC9zdmciPjwvc3ZnPg==\" style=\"--smush-placeholder-width: 1024px; --smush-placeholder-aspect-ratio: 1024\/461;\" \/><\/a><\/figure>\n\n\n\n<p>Por otra parte, y de la misma forma que en el recorrido de la Av. Brasil, las autoridades provinciales se hicieron presentes en el Polideportivo de la Liga Regional de Basquet. Cabe destacar, que en el lugar hicieron entrega de kits deportivos que incluye pelota de basquet para los jugadores de la Liga de Basquet.<\/p>\n\n\n\n<figure class=\"wp-block-image size-large\"><a href=\"https:\/\/cvinoticias.com\/wp-content\/uploads\/2023\/05\/IMG-20230503-WA0046.jpg\"><img decoding=\"async\" width=\"1024\" height=\"461\" data-src=\"https:\/\/cvinoticias.com\/wp-content\/uploads\/2023\/05\/IMG-20230503-WA0046-1024x461.jpg\" alt=\"\" class=\"wp-image-24549 lazyload\" data-srcset=\"https:\/\/cvinoticias.com\/wp-content\/uploads\/2023\/05\/IMG-20230503-WA0046-1024x461.jpg 1024w, https:\/\/cvinoticias.com\/wp-content\/uploads\/2023\/05\/IMG-20230503-WA0046-300x135.jpg 300w, https:\/\/cvinoticias.com\/wp-content\/uploads\/2023\/05\/IMG-20230503-WA0046-768x346.jpg 768w, https:\/\/cvinoticias.com\/wp-content\/uploads\/2023\/05\/IMG-20230503-WA0046-1536x691.jpg 1536w, https:\/\/cvinoticias.com\/wp-content\/uploads\/2023\/05\/IMG-20230503-WA0046.jpg 1600w\" data-sizes=\"(max-width: 1024px) 100vw, 1024px\" src=\"data:image\/svg+xml;base64,PHN2ZyB3aWR0aD0iMSIgaGVpZ2h0PSIxIiB4bWxucz0iaHR0cDovL3d3dy53My5vcmcvMjAwMC9zdmciPjwvc3ZnPg==\" style=\"--smush-placeholder-width: 1024px; --smush-placeholder-aspect-ratio: 1024\/461;\" \/><\/a><\/figure>\n\n\n\n<p>Para finalizar, en la presentaci\u00f3n tambi\u00e9n particip\u00f3 el Ministro de Deportes de la Provincia, Hector Corti y dem\u00e1s autoridades que representan el deporte municipal de la ciudad de Iguaz\u00fa.<\/p>\n\n\n\n<p>Fotos CVI<\/p>\n","protected":false},"excerpt":{"rendered":"<p>Las autoridades provinciales recorrieron la Av. Brasil, donde estuvieron presentes el gobernador de la provincia, Oscar Herrera Ahuad, el candidato a gobernador, Hugo Passalacqua y el intendente de Puerto Iguaz\u00fa, Claudio R. Filipa. Se trata del trabajo realizado en los 1000 metros que comprenden a la Av. Brasil que contin\u00faa reformandose en tareas de pavimentaci\u00f3n [&hellip;]<\/p>\n","protected":false},"author":2,"featured_media":24551,"comment_status":"open","ping_status":"open","sticky":false,"template":"","format":"standard","meta":{"footnotes":""},"categories":[29],"tags":[],"class_list":["post-24547","post","type-post","status-publish","format-standard","has-post-thumbnail","hentry","category-locales"],"yoast_head":"<!-- This site is optimized with the Yoast SEO plugin v27.4 - https:\/\/yoast.com\/product\/yoast-seo-wordpress\/ -->\n<title>El Gobernador de Misiones visita Iguaz\u00fa para recorrer las obras en Av Brasil | CVI NOTICIAS<\/title>\n<meta name=\"robots\" content=\"index, follow, max-snippet:-1, max-image-preview:large, max-video-preview:-1\" \/>\n<link rel=\"canonical\" href=\"https:\/\/cvinoticias.com\/v3\/el-gobernador-de-misiones-visita-iguazu-para-recorrer-las-obras-en-av-brasil\/\" \/>\n<meta property=\"og:locale\" content=\"es_ES\" \/>\n<meta property=\"og:type\" content=\"article\" \/>\n<meta property=\"og:title\" content=\"El Gobernador de Misiones visita Iguaz\u00fa para recorrer las obras en Av Brasil | CVI NOTICIAS\" \/>\n<meta property=\"og:description\" content=\"Las autoridades provinciales recorrieron la Av. Brasil, donde estuvieron presentes el gobernador de la provincia, Oscar Herrera Ahuad, el candidato a gobernador, Hugo Passalacqua y el intendente de Puerto Iguaz\u00fa, Claudio R. Filipa. Se trata del trabajo realizado en los 1000 metros que comprenden a la Av. Brasil que contin\u00faa reformandose en tareas de pavimentaci\u00f3n [&hellip;]\" \/>\n<meta property=\"og:url\" content=\"https:\/\/cvinoticias.com\/v3\/el-gobernador-de-misiones-visita-iguazu-para-recorrer-las-obras-en-av-brasil\/\" \/>\n<meta property=\"og:site_name\" content=\"CVI NOTICIAS\" \/>\n<meta property=\"article:publisher\" content=\"https:\/\/www.facebook.com\/cvinoticias\" \/>\n<meta property=\"article:published_time\" content=\"2023-05-03T16:09:44+00:00\" \/>\n<meta property=\"og:image\" content=\"https:\/\/cvinoticias.com\/wp-content\/uploads\/2023\/05\/IMG-20230503-WA0041.jpg\" \/>\n\t<meta property=\"og:image:width\" content=\"1600\" \/>\n\t<meta property=\"og:image:height\" content=\"720\" \/>\n\t<meta property=\"og:image:type\" content=\"image\/jpeg\" \/>\n<meta name=\"author\" content=\"f1000024\" \/>\n<meta name=\"twitter:card\" content=\"summary_large_image\" \/>\n<meta name=\"twitter:label1\" content=\"Escrito por\" \/>\n\t<meta name=\"twitter:data1\" content=\"f1000024\" \/>\n\t<meta name=\"twitter:label2\" content=\"Tiempo de lectura\" \/>\n\t<meta name=\"twitter:data2\" content=\"1 minuto\" \/>\n<script type=\"application\/ld+json\" class=\"yoast-schema-graph\">{\"@context\":\"https:\\\/\\\/schema.org\",\"@graph\":[{\"@type\":\"Article\",\"@id\":\"https:\\\/\\\/cvinoticias.com\\\/v3\\\/el-gobernador-de-misiones-visita-iguazu-para-recorrer-las-obras-en-av-brasil\\\/#article\",\"isPartOf\":{\"@id\":\"https:\\\/\\\/cvinoticias.com\\\/v3\\\/el-gobernador-de-misiones-visita-iguazu-para-recorrer-las-obras-en-av-brasil\\\/\"},\"author\":{\"name\":\"f1000024\",\"@id\":\"https:\\\/\\\/cvinoticias.com\\\/v3\\\/#\\\/schema\\\/person\\\/2db77e3c6bc03c538495d7b2b8be9b66\"},\"headline\":\"El Gobernador de Misiones visita Iguaz\u00fa para recorrer las obras en Av Brasil\",\"datePublished\":\"2023-05-03T16:09:44+00:00\",\"mainEntityOfPage\":{\"@id\":\"https:\\\/\\\/cvinoticias.com\\\/v3\\\/el-gobernador-de-misiones-visita-iguazu-para-recorrer-las-obras-en-av-brasil\\\/\"},\"wordCount\":237,\"commentCount\":0,\"publisher\":{\"@id\":\"https:\\\/\\\/cvinoticias.com\\\/v3\\\/#organization\"},\"image\":{\"@id\":\"https:\\\/\\\/cvinoticias.com\\\/v3\\\/el-gobernador-de-misiones-visita-iguazu-para-recorrer-las-obras-en-av-brasil\\\/#primaryimage\"},\"thumbnailUrl\":\"https:\\\/\\\/cvinoticias.com\\\/wp-content\\\/uploads\\\/2023\\\/05\\\/IMG-20230503-WA0041.jpg\",\"articleSection\":[\"Locales\"],\"inLanguage\":\"es\",\"potentialAction\":[{\"@type\":\"CommentAction\",\"name\":\"Comment\",\"target\":[\"https:\\\/\\\/cvinoticias.com\\\/v3\\\/el-gobernador-de-misiones-visita-iguazu-para-recorrer-las-obras-en-av-brasil\\\/#respond\"]}]},{\"@type\":\"WebPage\",\"@id\":\"https:\\\/\\\/cvinoticias.com\\\/v3\\\/el-gobernador-de-misiones-visita-iguazu-para-recorrer-las-obras-en-av-brasil\\\/\",\"url\":\"https:\\\/\\\/cvinoticias.com\\\/v3\\\/el-gobernador-de-misiones-visita-iguazu-para-recorrer-las-obras-en-av-brasil\\\/\",\"name\":\"El Gobernador de Misiones visita Iguaz\u00fa para recorrer las obras en Av Brasil | CVI NOTICIAS\",\"isPartOf\":{\"@id\":\"https:\\\/\\\/cvinoticias.com\\\/v3\\\/#website\"},\"primaryImageOfPage\":{\"@id\":\"https:\\\/\\\/cvinoticias.com\\\/v3\\\/el-gobernador-de-misiones-visita-iguazu-para-recorrer-las-obras-en-av-brasil\\\/#primaryimage\"},\"image\":{\"@id\":\"https:\\\/\\\/cvinoticias.com\\\/v3\\\/el-gobernador-de-misiones-visita-iguazu-para-recorrer-las-obras-en-av-brasil\\\/#primaryimage\"},\"thumbnailUrl\":\"https:\\\/\\\/cvinoticias.com\\\/wp-content\\\/uploads\\\/2023\\\/05\\\/IMG-20230503-WA0041.jpg\",\"datePublished\":\"2023-05-03T16:09:44+00:00\",\"breadcrumb\":{\"@id\":\"https:\\\/\\\/cvinoticias.com\\\/v3\\\/el-gobernador-de-misiones-visita-iguazu-para-recorrer-las-obras-en-av-brasil\\\/#breadcrumb\"},\"inLanguage\":\"es\",\"potentialAction\":[{\"@type\":\"ReadAction\",\"target\":[\"https:\\\/\\\/cvinoticias.com\\\/v3\\\/el-gobernador-de-misiones-visita-iguazu-para-recorrer-las-obras-en-av-brasil\\\/\"]}]},{\"@type\":\"ImageObject\",\"inLanguage\":\"es\",\"@id\":\"https:\\\/\\\/cvinoticias.com\\\/v3\\\/el-gobernador-de-misiones-visita-iguazu-para-recorrer-las-obras-en-av-brasil\\\/#primaryimage\",\"url\":\"https:\\\/\\\/cvinoticias.com\\\/wp-content\\\/uploads\\\/2023\\\/05\\\/IMG-20230503-WA0041.jpg\",\"contentUrl\":\"https:\\\/\\\/cvinoticias.com\\\/wp-content\\\/uploads\\\/2023\\\/05\\\/IMG-20230503-WA0041.jpg\",\"width\":1600,\"height\":720},{\"@type\":\"BreadcrumbList\",\"@id\":\"https:\\\/\\\/cvinoticias.com\\\/v3\\\/el-gobernador-de-misiones-visita-iguazu-para-recorrer-las-obras-en-av-brasil\\\/#breadcrumb\",\"itemListElement\":[{\"@type\":\"ListItem\",\"position\":1,\"name\":\"Portada\",\"item\":\"https:\\\/\\\/cvinoticias.com\\\/v3\\\/\"},{\"@type\":\"ListItem\",\"position\":2,\"name\":\"El Gobernador de Misiones visita Iguaz\u00fa para recorrer las obras en Av Brasil\"}]},{\"@type\":\"WebSite\",\"@id\":\"https:\\\/\\\/cvinoticias.com\\\/v3\\\/#website\",\"url\":\"https:\\\/\\\/cvinoticias.com\\\/v3\\\/\",\"name\":\"CVI NOTICIAS\",\"description\":\"\",\"publisher\":{\"@id\":\"https:\\\/\\\/cvinoticias.com\\\/v3\\\/#organization\"},\"alternateName\":\"CVI\",\"potentialAction\":[{\"@type\":\"SearchAction\",\"target\":{\"@type\":\"EntryPoint\",\"urlTemplate\":\"https:\\\/\\\/cvinoticias.com\\\/v3\\\/?s={search_term_string}\"},\"query-input\":{\"@type\":\"PropertyValueSpecification\",\"valueRequired\":true,\"valueName\":\"search_term_string\"}}],\"inLanguage\":\"es\"},{\"@type\":\"Organization\",\"@id\":\"https:\\\/\\\/cvinoticias.com\\\/v3\\\/#organization\",\"name\":\"CVI NOTICIAS\",\"url\":\"https:\\\/\\\/cvinoticias.com\\\/v3\\\/\",\"logo\":{\"@type\":\"ImageObject\",\"inLanguage\":\"es\",\"@id\":\"https:\\\/\\\/cvinoticias.com\\\/v3\\\/#\\\/schema\\\/logo\\\/image\\\/\",\"url\":\"https:\\\/\\\/cvinoticias.com\\\/wp-content\\\/uploads\\\/2023\\\/04\\\/cropped-cropped-cropped-cropped-cropped-3-1.png\",\"contentUrl\":\"https:\\\/\\\/cvinoticias.com\\\/wp-content\\\/uploads\\\/2023\\\/04\\\/cropped-cropped-cropped-cropped-cropped-3-1.png\",\"width\":95,\"height\":122,\"caption\":\"CVI NOTICIAS\"},\"image\":{\"@id\":\"https:\\\/\\\/cvinoticias.com\\\/v3\\\/#\\\/schema\\\/logo\\\/image\\\/\"},\"sameAs\":[\"https:\\\/\\\/www.facebook.com\\\/cvinoticias\",\"https:\\\/\\\/www.instagram.com\\\/cvinoticias\\\/\",\"https:\\\/\\\/www.youtube.com\\\/@CVINOTICIAS\"]},{\"@type\":\"Person\",\"@id\":\"https:\\\/\\\/cvinoticias.com\\\/v3\\\/#\\\/schema\\\/person\\\/2db77e3c6bc03c538495d7b2b8be9b66\",\"name\":\"f1000024\",\"image\":{\"@type\":\"ImageObject\",\"inLanguage\":\"es\",\"@id\":\"https:\\\/\\\/secure.gravatar.com\\\/avatar\\\/d4fe7459cfc51ff5129ce1a732bbef5928568b8092d412ef95611616376bbeed?s=96&d=mm&r=g\",\"url\":\"https:\\\/\\\/secure.gravatar.com\\\/avatar\\\/d4fe7459cfc51ff5129ce1a732bbef5928568b8092d412ef95611616376bbeed?s=96&d=mm&r=g\",\"contentUrl\":\"https:\\\/\\\/secure.gravatar.com\\\/avatar\\\/d4fe7459cfc51ff5129ce1a732bbef5928568b8092d412ef95611616376bbeed?s=96&d=mm&r=g\",\"caption\":\"f1000024\"},\"url\":\"https:\\\/\\\/cvinoticias.com\\\/v3\\\/author\\\/f1000024\\\/\"}]}<\/script>\n<!-- \/ Yoast SEO plugin. -->","yoast_head_json":{"title":"El Gobernador de Misiones visita Iguaz\u00fa para recorrer las obras en Av Brasil | CVI NOTICIAS","robots":{"index":"index","follow":"follow","max-snippet":"max-snippet:-1","max-image-preview":"max-image-preview:large","max-video-preview":"max-video-preview:-1"},"canonical":"https:\/\/cvinoticias.com\/v3\/el-gobernador-de-misiones-visita-iguazu-para-recorrer-las-obras-en-av-brasil\/","og_locale":"es_ES","og_type":"article","og_title":"El Gobernador de Misiones visita Iguaz\u00fa para recorrer las obras en Av Brasil | CVI NOTICIAS","og_description":"Las autoridades provinciales recorrieron la Av. Brasil, donde estuvieron presentes el gobernador de la provincia, Oscar Herrera Ahuad, el candidato a gobernador, Hugo Passalacqua y el intendente de Puerto Iguaz\u00fa, Claudio R. Filipa. Se trata del trabajo realizado en los 1000 metros que comprenden a la Av. Brasil que contin\u00faa reformandose en tareas de pavimentaci\u00f3n [&hellip;]","og_url":"https:\/\/cvinoticias.com\/v3\/el-gobernador-de-misiones-visita-iguazu-para-recorrer-las-obras-en-av-brasil\/","og_site_name":"CVI NOTICIAS","article_publisher":"https:\/\/www.facebook.com\/cvinoticias","article_published_time":"2023-05-03T16:09:44+00:00","og_image":[{"width":1600,"height":720,"url":"https:\/\/cvinoticias.com\/wp-content\/uploads\/2023\/05\/IMG-20230503-WA0041.jpg","type":"image\/jpeg"}],"author":"f1000024","twitter_card":"summary_large_image","twitter_misc":{"Escrito por":"f1000024","Tiempo de lectura":"1 minuto"},"schema":{"@context":"https:\/\/schema.org","@graph":[{"@type":"Article","@id":"https:\/\/cvinoticias.com\/v3\/el-gobernador-de-misiones-visita-iguazu-para-recorrer-las-obras-en-av-brasil\/#article","isPartOf":{"@id":"https:\/\/cvinoticias.com\/v3\/el-gobernador-de-misiones-visita-iguazu-para-recorrer-las-obras-en-av-brasil\/"},"author":{"name":"f1000024","@id":"https:\/\/cvinoticias.com\/v3\/#\/schema\/person\/2db77e3c6bc03c538495d7b2b8be9b66"},"headline":"El Gobernador de Misiones visita Iguaz\u00fa para recorrer las obras en Av Brasil","datePublished":"2023-05-03T16:09:44+00:00","mainEntityOfPage":{"@id":"https:\/\/cvinoticias.com\/v3\/el-gobernador-de-misiones-visita-iguazu-para-recorrer-las-obras-en-av-brasil\/"},"wordCount":237,"commentCount":0,"publisher":{"@id":"https:\/\/cvinoticias.com\/v3\/#organization"},"image":{"@id":"https:\/\/cvinoticias.com\/v3\/el-gobernador-de-misiones-visita-iguazu-para-recorrer-las-obras-en-av-brasil\/#primaryimage"},"thumbnailUrl":"https:\/\/cvinoticias.com\/wp-content\/uploads\/2023\/05\/IMG-20230503-WA0041.jpg","articleSection":["Locales"],"inLanguage":"es","potentialAction":[{"@type":"CommentAction","name":"Comment","target":["https:\/\/cvinoticias.com\/v3\/el-gobernador-de-misiones-visita-iguazu-para-recorrer-las-obras-en-av-brasil\/#respond"]}]},{"@type":"WebPage","@id":"https:\/\/cvinoticias.com\/v3\/el-gobernador-de-misiones-visita-iguazu-para-recorrer-las-obras-en-av-brasil\/","url":"https:\/\/cvinoticias.com\/v3\/el-gobernador-de-misiones-visita-iguazu-para-recorrer-las-obras-en-av-brasil\/","name":"El Gobernador de Misiones visita Iguaz\u00fa para recorrer las obras en Av Brasil | CVI NOTICIAS","isPartOf":{"@id":"https:\/\/cvinoticias.com\/v3\/#website"},"primaryImageOfPage":{"@id":"https:\/\/cvinoticias.com\/v3\/el-gobernador-de-misiones-visita-iguazu-para-recorrer-las-obras-en-av-brasil\/#primaryimage"},"image":{"@id":"https:\/\/cvinoticias.com\/v3\/el-gobernador-de-misiones-visita-iguazu-para-recorrer-las-obras-en-av-brasil\/#primaryimage"},"thumbnailUrl":"https:\/\/cvinoticias.com\/wp-content\/uploads\/2023\/05\/IMG-20230503-WA0041.jpg","datePublished":"2023-05-03T16:09:44+00:00","breadcrumb":{"@id":"https:\/\/cvinoticias.com\/v3\/el-gobernador-de-misiones-visita-iguazu-para-recorrer-las-obras-en-av-brasil\/#breadcrumb"},"inLanguage":"es","potentialAction":[{"@type":"ReadAction","target":["https:\/\/cvinoticias.com\/v3\/el-gobernador-de-misiones-visita-iguazu-para-recorrer-las-obras-en-av-brasil\/"]}]},{"@type":"ImageObject","inLanguage":"es","@id":"https:\/\/cvinoticias.com\/v3\/el-gobernador-de-misiones-visita-iguazu-para-recorrer-las-obras-en-av-brasil\/#primaryimage","url":"https:\/\/cvinoticias.com\/wp-content\/uploads\/2023\/05\/IMG-20230503-WA0041.jpg","contentUrl":"https:\/\/cvinoticias.com\/wp-content\/uploads\/2023\/05\/IMG-20230503-WA0041.jpg","width":1600,"height":720},{"@type":"BreadcrumbList","@id":"https:\/\/cvinoticias.com\/v3\/el-gobernador-de-misiones-visita-iguazu-para-recorrer-las-obras-en-av-brasil\/#breadcrumb","itemListElement":[{"@type":"ListItem","position":1,"name":"Portada","item":"https:\/\/cvinoticias.com\/v3\/"},{"@type":"ListItem","position":2,"name":"El Gobernador de Misiones visita Iguaz\u00fa para recorrer las obras en Av Brasil"}]},{"@type":"WebSite","@id":"https:\/\/cvinoticias.com\/v3\/#website","url":"https:\/\/cvinoticias.com\/v3\/","name":"CVI NOTICIAS","description":"","publisher":{"@id":"https:\/\/cvinoticias.com\/v3\/#organization"},"alternateName":"CVI","potentialAction":[{"@type":"SearchAction","target":{"@type":"EntryPoint","urlTemplate":"https:\/\/cvinoticias.com\/v3\/?s={search_term_string}"},"query-input":{"@type":"PropertyValueSpecification","valueRequired":true,"valueName":"search_term_string"}}],"inLanguage":"es"},{"@type":"Organization","@id":"https:\/\/cvinoticias.com\/v3\/#organization","name":"CVI NOTICIAS","url":"https:\/\/cvinoticias.com\/v3\/","logo":{"@type":"ImageObject","inLanguage":"es","@id":"https:\/\/cvinoticias.com\/v3\/#\/schema\/logo\/image\/","url":"https:\/\/cvinoticias.com\/wp-content\/uploads\/2023\/04\/cropped-cropped-cropped-cropped-cropped-3-1.png","contentUrl":"https:\/\/cvinoticias.com\/wp-content\/uploads\/2023\/04\/cropped-cropped-cropped-cropped-cropped-3-1.png","width":95,"height":122,"caption":"CVI NOTICIAS"},"image":{"@id":"https:\/\/cvinoticias.com\/v3\/#\/schema\/logo\/image\/"},"sameAs":["https:\/\/www.facebook.com\/cvinoticias","https:\/\/www.instagram.com\/cvinoticias\/","https:\/\/www.youtube.com\/@CVINOTICIAS"]},{"@type":"Person","@id":"https:\/\/cvinoticias.com\/v3\/#\/schema\/person\/2db77e3c6bc03c538495d7b2b8be9b66","name":"f1000024","image":{"@type":"ImageObject","inLanguage":"es","@id":"https:\/\/secure.gravatar.com\/avatar\/d4fe7459cfc51ff5129ce1a732bbef5928568b8092d412ef95611616376bbeed?s=96&d=mm&r=g","url":"https:\/\/secure.gravatar.com\/avatar\/d4fe7459cfc51ff5129ce1a732bbef5928568b8092d412ef95611616376bbeed?s=96&d=mm&r=g","contentUrl":"https:\/\/secure.gravatar.com\/avatar\/d4fe7459cfc51ff5129ce1a732bbef5928568b8092d412ef95611616376bbeed?s=96&d=mm&r=g","caption":"f1000024"},"url":"https:\/\/cvinoticias.com\/v3\/author\/f1000024\/"}]}},"_links":{"self":[{"href":"https:\/\/cvinoticias.com\/v3\/wp-json\/wp\/v2\/posts\/24547","targetHints":{"allow":["GET"]}}],"collection":[{"href":"https:\/\/cvinoticias.com\/v3\/wp-json\/wp\/v2\/posts"}],"about":[{"href":"https:\/\/cvinoticias.com\/v3\/wp-json\/wp\/v2\/types\/post"}],"author":[{"embeddable":true,"href":"https:\/\/cvinoticias.com\/v3\/wp-json\/wp\/v2\/users\/2"}],"replies":[{"embeddable":true,"href":"https:\/\/cvinoticias.com\/v3\/wp-json\/wp\/v2\/comments?post=24547"}],"version-history":[{"count":1,"href":"https:\/\/cvinoticias.com\/v3\/wp-json\/wp\/v2\/posts\/24547\/revisions"}],"predecessor-version":[{"id":24552,"href":"https:\/\/cvinoticias.com\/v3\/wp-json\/wp\/v2\/posts\/24547\/revisions\/24552"}],"wp:featuredmedia":[{"embeddable":true,"href":"https:\/\/cvinoticias.com\/v3\/wp-json\/wp\/v2\/media\/24551"}],"wp:attachment":[{"href":"https:\/\/cvinoticias.com\/v3\/wp-json\/wp\/v2\/media?parent=24547"}],"wp:term":[{"taxonomy":"category","embeddable":true,"href":"https:\/\/cvinoticias.com\/v3\/wp-json\/wp\/v2\/categories?post=24547"},{"taxonomy":"post_tag","embeddable":true,"href":"https:\/\/cvinoticias.com\/v3\/wp-json\/wp\/v2\/tags?post=24547"}],"curies":[{"name":"wp","href":"https:\/\/api.w.org\/{rel}","templated":true}]}}