{"id":24530,"date":"2023-05-03T11:55:43","date_gmt":"2023-05-03T11:55:43","guid":{"rendered":"https:\/\/cvinoticias.com\/v3\/?p=24530"},"modified":"2023-05-03T11:55:43","modified_gmt":"2023-05-03T11:55:43","slug":"progresar-aumentan-42-el-monto-de-las-becas-para-jovenes-de-entre-18-y-24-anos","status":"publish","type":"post","link":"https:\/\/cvinoticias.com\/v3\/progresar-aumentan-42-el-monto-de-las-becas-para-jovenes-de-entre-18-y-24-anos\/","title":{"rendered":"Progresar: aumentan 42% el monto de las becas para j\u00f3venes de entre 18 y 24 a\u00f1os"},"content":{"rendered":"\n<p><strong><em>El Gobierno Nacional dispuso un aumento del 42% de las Becas Progresar desde abril a trav\u00e9s de la Resoluci\u00f3n 909\/2023, publicada este martes en el Bolet\u00edn Oficial con la firma del ministro de Educaci\u00f3n, Jaime Perczyk.<\/em><\/strong><\/p>\n\n\n\n<p>La actualizaci\u00f3n de la beca que paga la Administraci\u00f3n Nacional de la Seguridad Social (ANSES) en conjunto con el Ministerio de Educaci\u00f3n, eleva el monto a cobrar hasta $12.780 en cada una de las l\u00edneas de la prestaci\u00f3n: Progresar 16 y 17 a\u00f1os; Progresar Obligatorio; Progresar Superior; Progresar Enfermer\u00eda y Progresar Trabajo.<\/p>\n\n\n\n<p>Las Becas Progresar, que alcanzan a cerca de 1,7 millones de j\u00f3venes de entre 18 a 24 a\u00f1os, brindan un est\u00edmulo econ\u00f3mico para completar la ense\u00f1anza obligatoria y avanzar en estudios secundarios, terciarios o universitarios.<\/p>\n\n\n\n<p>El valor general de la beca, que con el nuevo incremento se fija en $12.780, incluye el plus por conectividad de $1.000. El programa estatal se cobra durante todo el a\u00f1o, en 12 cuotas. El 80% se percibe mensualmente, mientras que el 20% restante se abona cuando se acredita la condici\u00f3n de alumno regular<\/p>\n\n\n\n<p>En cuanto a la retenci\u00f3n del 20% acumulada durante 2022, se encuentra en marcha el cobro correspondiente a la devoluci\u00f3n de ese porcentaje. Durante abril, los beneficiarios de las Becas Progresar Obligatorio de primera convocatoria recibieron un extra de $17.720 de acuerdo a ese concepto.<\/p>\n\n\n\n<p>En mayo, es el turno de las Becas Progresar Obligatorio de segunda convocatoria, que recibir\u00e1n la devoluci\u00f3n de $11.320, junto con los remanentes de la primera convocatoria ($17.720). En tanto que las Becas Progresar Superior, Becas Progresar Superior de carreras estrat\u00e9gicas y Becas Progresar Enfermer\u00eda de la primera convocatoria recibir\u00e1n tambi\u00e9n $17.720 y los de segunda convocatoria, $9.520.<\/p>\n\n\n\n<p>Los beneficiarios no deben hacer ning\u00fan tr\u00e1mite para percibir la correspondiente devoluci\u00f3n, ya que el pago se activa de forma autom\u00e1tica a partir de la verificaci\u00f3n entre la cartera de Educaci\u00f3n y la instituci\u00f3n educativa correspondiente.<\/p>\n\n\n\n<p>Aumentos de cada l\u00ednea del programa para mayo<\/p>\n\n\n\n<p>\u2013 Progresar Obligatorio (incluye Progresar 16 y 17 a\u00f1os): pensada para estudiantes del nivel primario y secundario. La asistencia es de $12.780.<\/p>\n\n\n\n<p>\u2013 Progresar Superior: para estudiantes que cursen carreras en el nivel superior, terciario o universitario. El monto es de $12.780.<\/p>\n\n\n\n<p>\u2013 Progresar Enfermer\u00eda: para estudiantes del nivel superior que est\u00e9n cursando la carrera de Enfermer\u00eda. La beca va de $9.000 a $12.780.<\/p>\n\n\n\n<p>\u2013 Progresar Trabajo: para personas que realicen cursos de formaci\u00f3n profesional. La asistencia es de $12.780.<\/p>\n\n\n\n<p>Becas Progresar: calendario de pago de mayo 2023<\/p>\n\n\n\n<p>DNI terminados en 0 y 1: 11 de mayo.<br>DNI terminados en 2 y 3: 12 de mayo.<br>DNI terminados en 4 y 5: 15 de mayo.<br>DNI terminados en 6 y 7: 16 de mayo.<br>DNI terminados en 8 y 9: 17 de mayo.<\/p>\n\n\n\n<p>Requisitos para acceder a las Becas Progresar<\/p>\n\n\n\n<p>Tener entre 18 y 24 a\u00f1os cumplidos.<\/p>\n\n\n\n<p>Se extiende hasta 35 a\u00f1os de edad a las personas con hijas\/os menores de 18 a\u00f1os pertenecientes a hogares monoparentales y hasta 40 a\u00f1os para personas que no poseen trabajo formal registrado.<\/p>\n\n\n\n<p>Sin l\u00edmite de edad para personas trans, integrantes de pueblos ind\u00edgenas, con discapacidad o refugiadas.<\/p>\n\n\n\n<p>La suma de los ingresos de la\/el joven no debe ser superior a tres Salarios M\u00ednimos, Vitales y M\u00f3viles (SMVM).<\/p>\n","protected":false},"excerpt":{"rendered":"<p>El Gobierno Nacional dispuso un aumento del 42% de las Becas Progresar desde abril a trav\u00e9s de la Resoluci\u00f3n 909\/2023, publicada este martes en el Bolet\u00edn Oficial con la firma del ministro de Educaci\u00f3n, Jaime Perczyk. La actualizaci\u00f3n de la beca que paga la Administraci\u00f3n Nacional de la Seguridad Social (ANSES) en conjunto con el [&hellip;]<\/p>\n","protected":false},"author":2,"featured_media":24531,"comment_status":"open","ping_status":"open","sticky":false,"template":"","format":"standard","meta":{"footnotes":""},"categories":[35],"tags":[],"class_list":["post-24530","post","type-post","status-publish","format-standard","has-post-thumbnail","hentry","category-informacion-general"],"yoast_head":"<!-- This site is optimized with the Yoast SEO plugin v27.5 - https:\/\/yoast.com\/product\/yoast-seo-wordpress\/ -->\n<title>Progresar: aumentan 42% el monto de las becas para j\u00f3venes de entre 18 y 24 a\u00f1os | CVI NOTICIAS<\/title>\n<meta name=\"robots\" content=\"index, follow, max-snippet:-1, max-image-preview:large, max-video-preview:-1\" \/>\n<link rel=\"canonical\" href=\"https:\/\/cvinoticias.com\/v3\/progresar-aumentan-42-el-monto-de-las-becas-para-jovenes-de-entre-18-y-24-anos\/\" \/>\n<meta property=\"og:locale\" content=\"es_ES\" \/>\n<meta property=\"og:type\" content=\"article\" \/>\n<meta property=\"og:title\" content=\"Progresar: aumentan 42% el monto de las becas para j\u00f3venes de entre 18 y 24 a\u00f1os | CVI NOTICIAS\" \/>\n<meta property=\"og:description\" content=\"El Gobierno Nacional dispuso un aumento del 42% de las Becas Progresar desde abril a trav\u00e9s de la Resoluci\u00f3n 909\/2023, publicada este martes en el Bolet\u00edn Oficial con la firma del ministro de Educaci\u00f3n, Jaime Perczyk. La actualizaci\u00f3n de la beca que paga la Administraci\u00f3n Nacional de la Seguridad Social (ANSES) en conjunto con el [&hellip;]\" \/>\n<meta property=\"og:url\" content=\"https:\/\/cvinoticias.com\/v3\/progresar-aumentan-42-el-monto-de-las-becas-para-jovenes-de-entre-18-y-24-anos\/\" \/>\n<meta property=\"og:site_name\" content=\"CVI NOTICIAS\" \/>\n<meta property=\"article:publisher\" content=\"https:\/\/www.facebook.com\/cvinoticias\" \/>\n<meta property=\"article:published_time\" content=\"2023-05-03T11:55:43+00:00\" \/>\n<meta property=\"og:image\" content=\"https:\/\/cvinoticias.com\/wp-content\/uploads\/2023\/05\/24-1.jpg\" \/>\n\t<meta property=\"og:image:width\" content=\"929\" \/>\n\t<meta property=\"og:image:height\" content=\"523\" \/>\n\t<meta property=\"og:image:type\" content=\"image\/jpeg\" \/>\n<meta name=\"author\" content=\"f1000024\" \/>\n<meta name=\"twitter:card\" content=\"summary_large_image\" \/>\n<meta name=\"twitter:label1\" content=\"Escrito por\" \/>\n\t<meta name=\"twitter:data1\" content=\"f1000024\" \/>\n\t<meta name=\"twitter:label2\" content=\"Tiempo de lectura\" \/>\n\t<meta name=\"twitter:data2\" content=\"3 minutos\" \/>\n<script type=\"application\/ld+json\" class=\"yoast-schema-graph\">{\"@context\":\"https:\\\/\\\/schema.org\",\"@graph\":[{\"@type\":\"Article\",\"@id\":\"https:\\\/\\\/cvinoticias.com\\\/v3\\\/progresar-aumentan-42-el-monto-de-las-becas-para-jovenes-de-entre-18-y-24-anos\\\/#article\",\"isPartOf\":{\"@id\":\"https:\\\/\\\/cvinoticias.com\\\/v3\\\/progresar-aumentan-42-el-monto-de-las-becas-para-jovenes-de-entre-18-y-24-anos\\\/\"},\"author\":{\"name\":\"f1000024\",\"@id\":\"https:\\\/\\\/cvinoticias.com\\\/v3\\\/#\\\/schema\\\/person\\\/2db77e3c6bc03c538495d7b2b8be9b66\"},\"headline\":\"Progresar: aumentan 42% el monto de las becas para j\u00f3venes de entre 18 y 24 a\u00f1os\",\"datePublished\":\"2023-05-03T11:55:43+00:00\",\"mainEntityOfPage\":{\"@id\":\"https:\\\/\\\/cvinoticias.com\\\/v3\\\/progresar-aumentan-42-el-monto-de-las-becas-para-jovenes-de-entre-18-y-24-anos\\\/\"},\"wordCount\":550,\"commentCount\":0,\"publisher\":{\"@id\":\"https:\\\/\\\/cvinoticias.com\\\/v3\\\/#organization\"},\"image\":{\"@id\":\"https:\\\/\\\/cvinoticias.com\\\/v3\\\/progresar-aumentan-42-el-monto-de-las-becas-para-jovenes-de-entre-18-y-24-anos\\\/#primaryimage\"},\"thumbnailUrl\":\"https:\\\/\\\/cvinoticias.com\\\/wp-content\\\/uploads\\\/2023\\\/05\\\/24-1.jpg\",\"articleSection\":[\"Informaci\u00f3n General\"],\"inLanguage\":\"es\",\"potentialAction\":[{\"@type\":\"CommentAction\",\"name\":\"Comment\",\"target\":[\"https:\\\/\\\/cvinoticias.com\\\/v3\\\/progresar-aumentan-42-el-monto-de-las-becas-para-jovenes-de-entre-18-y-24-anos\\\/#respond\"]}]},{\"@type\":\"WebPage\",\"@id\":\"https:\\\/\\\/cvinoticias.com\\\/v3\\\/progresar-aumentan-42-el-monto-de-las-becas-para-jovenes-de-entre-18-y-24-anos\\\/\",\"url\":\"https:\\\/\\\/cvinoticias.com\\\/v3\\\/progresar-aumentan-42-el-monto-de-las-becas-para-jovenes-de-entre-18-y-24-anos\\\/\",\"name\":\"Progresar: aumentan 42% el monto de las becas para j\u00f3venes de entre 18 y 24 a\u00f1os | CVI NOTICIAS\",\"isPartOf\":{\"@id\":\"https:\\\/\\\/cvinoticias.com\\\/v3\\\/#website\"},\"primaryImageOfPage\":{\"@id\":\"https:\\\/\\\/cvinoticias.com\\\/v3\\\/progresar-aumentan-42-el-monto-de-las-becas-para-jovenes-de-entre-18-y-24-anos\\\/#primaryimage\"},\"image\":{\"@id\":\"https:\\\/\\\/cvinoticias.com\\\/v3\\\/progresar-aumentan-42-el-monto-de-las-becas-para-jovenes-de-entre-18-y-24-anos\\\/#primaryimage\"},\"thumbnailUrl\":\"https:\\\/\\\/cvinoticias.com\\\/wp-content\\\/uploads\\\/2023\\\/05\\\/24-1.jpg\",\"datePublished\":\"2023-05-03T11:55:43+00:00\",\"breadcrumb\":{\"@id\":\"https:\\\/\\\/cvinoticias.com\\\/v3\\\/progresar-aumentan-42-el-monto-de-las-becas-para-jovenes-de-entre-18-y-24-anos\\\/#breadcrumb\"},\"inLanguage\":\"es\",\"potentialAction\":[{\"@type\":\"ReadAction\",\"target\":[\"https:\\\/\\\/cvinoticias.com\\\/v3\\\/progresar-aumentan-42-el-monto-de-las-becas-para-jovenes-de-entre-18-y-24-anos\\\/\"]}]},{\"@type\":\"ImageObject\",\"inLanguage\":\"es\",\"@id\":\"https:\\\/\\\/cvinoticias.com\\\/v3\\\/progresar-aumentan-42-el-monto-de-las-becas-para-jovenes-de-entre-18-y-24-anos\\\/#primaryimage\",\"url\":\"https:\\\/\\\/cvinoticias.com\\\/wp-content\\\/uploads\\\/2023\\\/05\\\/24-1.jpg\",\"contentUrl\":\"https:\\\/\\\/cvinoticias.com\\\/wp-content\\\/uploads\\\/2023\\\/05\\\/24-1.jpg\",\"width\":929,\"height\":523},{\"@type\":\"BreadcrumbList\",\"@id\":\"https:\\\/\\\/cvinoticias.com\\\/v3\\\/progresar-aumentan-42-el-monto-de-las-becas-para-jovenes-de-entre-18-y-24-anos\\\/#breadcrumb\",\"itemListElement\":[{\"@type\":\"ListItem\",\"position\":1,\"name\":\"Portada\",\"item\":\"https:\\\/\\\/cvinoticias.com\\\/v3\\\/\"},{\"@type\":\"ListItem\",\"position\":2,\"name\":\"Progresar: aumentan 42% el monto de las becas para j\u00f3venes de entre 18 y 24 a\u00f1os\"}]},{\"@type\":\"WebSite\",\"@id\":\"https:\\\/\\\/cvinoticias.com\\\/v3\\\/#website\",\"url\":\"https:\\\/\\\/cvinoticias.com\\\/v3\\\/\",\"name\":\"CVI NOTICIAS\",\"description\":\"\",\"publisher\":{\"@id\":\"https:\\\/\\\/cvinoticias.com\\\/v3\\\/#organization\"},\"alternateName\":\"CVI\",\"potentialAction\":[{\"@type\":\"SearchAction\",\"target\":{\"@type\":\"EntryPoint\",\"urlTemplate\":\"https:\\\/\\\/cvinoticias.com\\\/v3\\\/?s={search_term_string}\"},\"query-input\":{\"@type\":\"PropertyValueSpecification\",\"valueRequired\":true,\"valueName\":\"search_term_string\"}}],\"inLanguage\":\"es\"},{\"@type\":\"Organization\",\"@id\":\"https:\\\/\\\/cvinoticias.com\\\/v3\\\/#organization\",\"name\":\"CVI NOTICIAS\",\"url\":\"https:\\\/\\\/cvinoticias.com\\\/v3\\\/\",\"logo\":{\"@type\":\"ImageObject\",\"inLanguage\":\"es\",\"@id\":\"https:\\\/\\\/cvinoticias.com\\\/v3\\\/#\\\/schema\\\/logo\\\/image\\\/\",\"url\":\"https:\\\/\\\/cvinoticias.com\\\/wp-content\\\/uploads\\\/2023\\\/04\\\/cropped-cropped-cropped-cropped-cropped-3-1.png\",\"contentUrl\":\"https:\\\/\\\/cvinoticias.com\\\/wp-content\\\/uploads\\\/2023\\\/04\\\/cropped-cropped-cropped-cropped-cropped-3-1.png\",\"width\":95,\"height\":122,\"caption\":\"CVI NOTICIAS\"},\"image\":{\"@id\":\"https:\\\/\\\/cvinoticias.com\\\/v3\\\/#\\\/schema\\\/logo\\\/image\\\/\"},\"sameAs\":[\"https:\\\/\\\/www.facebook.com\\\/cvinoticias\",\"https:\\\/\\\/www.instagram.com\\\/cvinoticias\\\/\",\"https:\\\/\\\/www.youtube.com\\\/@CVINOTICIAS\"]},{\"@type\":\"Person\",\"@id\":\"https:\\\/\\\/cvinoticias.com\\\/v3\\\/#\\\/schema\\\/person\\\/2db77e3c6bc03c538495d7b2b8be9b66\",\"name\":\"f1000024\",\"image\":{\"@type\":\"ImageObject\",\"inLanguage\":\"es\",\"@id\":\"https:\\\/\\\/secure.gravatar.com\\\/avatar\\\/d4fe7459cfc51ff5129ce1a732bbef5928568b8092d412ef95611616376bbeed?s=96&d=mm&r=g\",\"url\":\"https:\\\/\\\/secure.gravatar.com\\\/avatar\\\/d4fe7459cfc51ff5129ce1a732bbef5928568b8092d412ef95611616376bbeed?s=96&d=mm&r=g\",\"contentUrl\":\"https:\\\/\\\/secure.gravatar.com\\\/avatar\\\/d4fe7459cfc51ff5129ce1a732bbef5928568b8092d412ef95611616376bbeed?s=96&d=mm&r=g\",\"caption\":\"f1000024\"},\"url\":\"https:\\\/\\\/cvinoticias.com\\\/v3\\\/author\\\/f1000024\\\/\"}]}<\/script>\n<!-- \/ Yoast SEO plugin. -->","yoast_head_json":{"title":"Progresar: aumentan 42% el monto de las becas para j\u00f3venes de entre 18 y 24 a\u00f1os | CVI NOTICIAS","robots":{"index":"index","follow":"follow","max-snippet":"max-snippet:-1","max-image-preview":"max-image-preview:large","max-video-preview":"max-video-preview:-1"},"canonical":"https:\/\/cvinoticias.com\/v3\/progresar-aumentan-42-el-monto-de-las-becas-para-jovenes-de-entre-18-y-24-anos\/","og_locale":"es_ES","og_type":"article","og_title":"Progresar: aumentan 42% el monto de las becas para j\u00f3venes de entre 18 y 24 a\u00f1os | CVI NOTICIAS","og_description":"El Gobierno Nacional dispuso un aumento del 42% de las Becas Progresar desde abril a trav\u00e9s de la Resoluci\u00f3n 909\/2023, publicada este martes en el Bolet\u00edn Oficial con la firma del ministro de Educaci\u00f3n, Jaime Perczyk. La actualizaci\u00f3n de la beca que paga la Administraci\u00f3n Nacional de la Seguridad Social (ANSES) en conjunto con el [&hellip;]","og_url":"https:\/\/cvinoticias.com\/v3\/progresar-aumentan-42-el-monto-de-las-becas-para-jovenes-de-entre-18-y-24-anos\/","og_site_name":"CVI NOTICIAS","article_publisher":"https:\/\/www.facebook.com\/cvinoticias","article_published_time":"2023-05-03T11:55:43+00:00","og_image":[{"width":929,"height":523,"url":"https:\/\/cvinoticias.com\/wp-content\/uploads\/2023\/05\/24-1.jpg","type":"image\/jpeg"}],"author":"f1000024","twitter_card":"summary_large_image","twitter_misc":{"Escrito por":"f1000024","Tiempo de lectura":"3 minutos"},"schema":{"@context":"https:\/\/schema.org","@graph":[{"@type":"Article","@id":"https:\/\/cvinoticias.com\/v3\/progresar-aumentan-42-el-monto-de-las-becas-para-jovenes-de-entre-18-y-24-anos\/#article","isPartOf":{"@id":"https:\/\/cvinoticias.com\/v3\/progresar-aumentan-42-el-monto-de-las-becas-para-jovenes-de-entre-18-y-24-anos\/"},"author":{"name":"f1000024","@id":"https:\/\/cvinoticias.com\/v3\/#\/schema\/person\/2db77e3c6bc03c538495d7b2b8be9b66"},"headline":"Progresar: aumentan 42% el monto de las becas para j\u00f3venes de entre 18 y 24 a\u00f1os","datePublished":"2023-05-03T11:55:43+00:00","mainEntityOfPage":{"@id":"https:\/\/cvinoticias.com\/v3\/progresar-aumentan-42-el-monto-de-las-becas-para-jovenes-de-entre-18-y-24-anos\/"},"wordCount":550,"commentCount":0,"publisher":{"@id":"https:\/\/cvinoticias.com\/v3\/#organization"},"image":{"@id":"https:\/\/cvinoticias.com\/v3\/progresar-aumentan-42-el-monto-de-las-becas-para-jovenes-de-entre-18-y-24-anos\/#primaryimage"},"thumbnailUrl":"https:\/\/cvinoticias.com\/wp-content\/uploads\/2023\/05\/24-1.jpg","articleSection":["Informaci\u00f3n General"],"inLanguage":"es","potentialAction":[{"@type":"CommentAction","name":"Comment","target":["https:\/\/cvinoticias.com\/v3\/progresar-aumentan-42-el-monto-de-las-becas-para-jovenes-de-entre-18-y-24-anos\/#respond"]}]},{"@type":"WebPage","@id":"https:\/\/cvinoticias.com\/v3\/progresar-aumentan-42-el-monto-de-las-becas-para-jovenes-de-entre-18-y-24-anos\/","url":"https:\/\/cvinoticias.com\/v3\/progresar-aumentan-42-el-monto-de-las-becas-para-jovenes-de-entre-18-y-24-anos\/","name":"Progresar: aumentan 42% el monto de las becas para j\u00f3venes de entre 18 y 24 a\u00f1os | CVI NOTICIAS","isPartOf":{"@id":"https:\/\/cvinoticias.com\/v3\/#website"},"primaryImageOfPage":{"@id":"https:\/\/cvinoticias.com\/v3\/progresar-aumentan-42-el-monto-de-las-becas-para-jovenes-de-entre-18-y-24-anos\/#primaryimage"},"image":{"@id":"https:\/\/cvinoticias.com\/v3\/progresar-aumentan-42-el-monto-de-las-becas-para-jovenes-de-entre-18-y-24-anos\/#primaryimage"},"thumbnailUrl":"https:\/\/cvinoticias.com\/wp-content\/uploads\/2023\/05\/24-1.jpg","datePublished":"2023-05-03T11:55:43+00:00","breadcrumb":{"@id":"https:\/\/cvinoticias.com\/v3\/progresar-aumentan-42-el-monto-de-las-becas-para-jovenes-de-entre-18-y-24-anos\/#breadcrumb"},"inLanguage":"es","potentialAction":[{"@type":"ReadAction","target":["https:\/\/cvinoticias.com\/v3\/progresar-aumentan-42-el-monto-de-las-becas-para-jovenes-de-entre-18-y-24-anos\/"]}]},{"@type":"ImageObject","inLanguage":"es","@id":"https:\/\/cvinoticias.com\/v3\/progresar-aumentan-42-el-monto-de-las-becas-para-jovenes-de-entre-18-y-24-anos\/#primaryimage","url":"https:\/\/cvinoticias.com\/wp-content\/uploads\/2023\/05\/24-1.jpg","contentUrl":"https:\/\/cvinoticias.com\/wp-content\/uploads\/2023\/05\/24-1.jpg","width":929,"height":523},{"@type":"BreadcrumbList","@id":"https:\/\/cvinoticias.com\/v3\/progresar-aumentan-42-el-monto-de-las-becas-para-jovenes-de-entre-18-y-24-anos\/#breadcrumb","itemListElement":[{"@type":"ListItem","position":1,"name":"Portada","item":"https:\/\/cvinoticias.com\/v3\/"},{"@type":"ListItem","position":2,"name":"Progresar: aumentan 42% el monto de las becas para j\u00f3venes de entre 18 y 24 a\u00f1os"}]},{"@type":"WebSite","@id":"https:\/\/cvinoticias.com\/v3\/#website","url":"https:\/\/cvinoticias.com\/v3\/","name":"CVI NOTICIAS","description":"","publisher":{"@id":"https:\/\/cvinoticias.com\/v3\/#organization"},"alternateName":"CVI","potentialAction":[{"@type":"SearchAction","target":{"@type":"EntryPoint","urlTemplate":"https:\/\/cvinoticias.com\/v3\/?s={search_term_string}"},"query-input":{"@type":"PropertyValueSpecification","valueRequired":true,"valueName":"search_term_string"}}],"inLanguage":"es"},{"@type":"Organization","@id":"https:\/\/cvinoticias.com\/v3\/#organization","name":"CVI NOTICIAS","url":"https:\/\/cvinoticias.com\/v3\/","logo":{"@type":"ImageObject","inLanguage":"es","@id":"https:\/\/cvinoticias.com\/v3\/#\/schema\/logo\/image\/","url":"https:\/\/cvinoticias.com\/wp-content\/uploads\/2023\/04\/cropped-cropped-cropped-cropped-cropped-3-1.png","contentUrl":"https:\/\/cvinoticias.com\/wp-content\/uploads\/2023\/04\/cropped-cropped-cropped-cropped-cropped-3-1.png","width":95,"height":122,"caption":"CVI NOTICIAS"},"image":{"@id":"https:\/\/cvinoticias.com\/v3\/#\/schema\/logo\/image\/"},"sameAs":["https:\/\/www.facebook.com\/cvinoticias","https:\/\/www.instagram.com\/cvinoticias\/","https:\/\/www.youtube.com\/@CVINOTICIAS"]},{"@type":"Person","@id":"https:\/\/cvinoticias.com\/v3\/#\/schema\/person\/2db77e3c6bc03c538495d7b2b8be9b66","name":"f1000024","image":{"@type":"ImageObject","inLanguage":"es","@id":"https:\/\/secure.gravatar.com\/avatar\/d4fe7459cfc51ff5129ce1a732bbef5928568b8092d412ef95611616376bbeed?s=96&d=mm&r=g","url":"https:\/\/secure.gravatar.com\/avatar\/d4fe7459cfc51ff5129ce1a732bbef5928568b8092d412ef95611616376bbeed?s=96&d=mm&r=g","contentUrl":"https:\/\/secure.gravatar.com\/avatar\/d4fe7459cfc51ff5129ce1a732bbef5928568b8092d412ef95611616376bbeed?s=96&d=mm&r=g","caption":"f1000024"},"url":"https:\/\/cvinoticias.com\/v3\/author\/f1000024\/"}]}},"_links":{"self":[{"href":"https:\/\/cvinoticias.com\/v3\/wp-json\/wp\/v2\/posts\/24530","targetHints":{"allow":["GET"]}}],"collection":[{"href":"https:\/\/cvinoticias.com\/v3\/wp-json\/wp\/v2\/posts"}],"about":[{"href":"https:\/\/cvinoticias.com\/v3\/wp-json\/wp\/v2\/types\/post"}],"author":[{"embeddable":true,"href":"https:\/\/cvinoticias.com\/v3\/wp-json\/wp\/v2\/users\/2"}],"replies":[{"embeddable":true,"href":"https:\/\/cvinoticias.com\/v3\/wp-json\/wp\/v2\/comments?post=24530"}],"version-history":[{"count":1,"href":"https:\/\/cvinoticias.com\/v3\/wp-json\/wp\/v2\/posts\/24530\/revisions"}],"predecessor-version":[{"id":24532,"href":"https:\/\/cvinoticias.com\/v3\/wp-json\/wp\/v2\/posts\/24530\/revisions\/24532"}],"wp:featuredmedia":[{"embeddable":true,"href":"https:\/\/cvinoticias.com\/v3\/wp-json\/wp\/v2\/media\/24531"}],"wp:attachment":[{"href":"https:\/\/cvinoticias.com\/v3\/wp-json\/wp\/v2\/media?parent=24530"}],"wp:term":[{"taxonomy":"category","embeddable":true,"href":"https:\/\/cvinoticias.com\/v3\/wp-json\/wp\/v2\/categories?post=24530"},{"taxonomy":"post_tag","embeddable":true,"href":"https:\/\/cvinoticias.com\/v3\/wp-json\/wp\/v2\/tags?post=24530"}],"curies":[{"name":"wp","href":"https:\/\/api.w.org\/{rel}","templated":true}]}}