{"id":24513,"date":"2023-05-02T11:20:35","date_gmt":"2023-05-02T11:20:35","guid":{"rendered":"https:\/\/cvinoticias.com\/v3\/?p=24513"},"modified":"2023-05-02T11:20:35","modified_gmt":"2023-05-02T11:20:35","slug":"se-reglamentara-el-estatuto-de-guardaparques-de-misiones","status":"publish","type":"post","link":"https:\/\/cvinoticias.com\/v3\/se-reglamentara-el-estatuto-de-guardaparques-de-misiones\/","title":{"rendered":"Se reglamentar\u00e1 el Estatuto de Guardaparques de Misiones"},"content":{"rendered":"\n<p><strong><em>As\u00ed lo anunci\u00f3 este lunes el gobernador Oscar Herrera Ahuad en su discurso ante la C\u00e1mara de Representantes de Misiones.<\/em><\/strong><\/p>\n\n\n\n<p>Durante la apertura de seiones ordinarias de la C\u00e1mara de Representantes de Misiones, el gobernador Oscar Herrera Ahuad anunci\u00f3 la reglamentaci\u00f3n del Estatuto de Guardaparques de la Provincia.<\/p>\n\n\n\n<p>El mandatario misionero realiz\u00f3 \u00abmenci\u00f3n especial merece el cuerpo de guardaparques provinciales, orgullo institucional de nuestra provincia y encargados de la enorme responsabilidad de gestionar y proteger nuestro patrimonio m\u00e1s valioso\u00bb.<\/p>\n\n\n\n<p>Y agreg\u00f3 que \u00abeste a\u00f1o se pondr\u00e1 en marcha el R\u00e9gimen Laboral Espec\u00edfico del Cuerpo de Guardaparques, reivindicaci\u00f3n esperada y merecida que formalizaremos dando respuesta desde la decisi\u00f3n pol\u00edtica a estos importantes defensores de nuestro patrimonio\u00bb.<\/p>\n\n\n\n<p>De esta manera, anunci\u00f3 \u00abla firma del Decreto Reglamentario del Estatuto de Guardaparques de Misiones que establece las condiciones laborales, ordena, profesionaliza y jerarquiza el ejercicio de tan noble tarea\u00bb.<\/p>\n\n\n\n<p>Desde el sector de trabajadores, esperan que el reglamento contemple las misiones, deberes, derechos, reglamento disciplinario, escalaf\u00f3n, r\u00e9gimen laboral, compensaciones, jubilaciones, retiros y dem\u00e1s cuestiones pertinentes a la actividad.<\/p>\n","protected":false},"excerpt":{"rendered":"<p>As\u00ed lo anunci\u00f3 este lunes el gobernador Oscar Herrera Ahuad en su discurso ante la C\u00e1mara de Representantes de Misiones. Durante la apertura de seiones ordinarias de la C\u00e1mara de Representantes de Misiones, el gobernador Oscar Herrera Ahuad anunci\u00f3 la reglamentaci\u00f3n del Estatuto de Guardaparques de la Provincia. El mandatario misionero realiz\u00f3 \u00abmenci\u00f3n especial merece [&hellip;]<\/p>\n","protected":false},"author":2,"featured_media":24514,"comment_status":"open","ping_status":"open","sticky":false,"template":"","format":"standard","meta":{"footnotes":""},"categories":[35],"tags":[],"class_list":["post-24513","post","type-post","status-publish","format-standard","has-post-thumbnail","hentry","category-informacion-general"],"yoast_head":"<!-- This site is optimized with the Yoast SEO plugin v27.4 - https:\/\/yoast.com\/product\/yoast-seo-wordpress\/ -->\n<title>Se reglamentar\u00e1 el Estatuto de Guardaparques de Misiones | CVI NOTICIAS<\/title>\n<meta name=\"robots\" content=\"index, follow, max-snippet:-1, max-image-preview:large, max-video-preview:-1\" \/>\n<link rel=\"canonical\" href=\"https:\/\/cvinoticias.com\/v3\/se-reglamentara-el-estatuto-de-guardaparques-de-misiones\/\" \/>\n<meta property=\"og:locale\" content=\"es_ES\" \/>\n<meta property=\"og:type\" content=\"article\" \/>\n<meta property=\"og:title\" content=\"Se reglamentar\u00e1 el Estatuto de Guardaparques de Misiones | CVI NOTICIAS\" \/>\n<meta property=\"og:description\" content=\"As\u00ed lo anunci\u00f3 este lunes el gobernador Oscar Herrera Ahuad en su discurso ante la C\u00e1mara de Representantes de Misiones. Durante la apertura de seiones ordinarias de la C\u00e1mara de Representantes de Misiones, el gobernador Oscar Herrera Ahuad anunci\u00f3 la reglamentaci\u00f3n del Estatuto de Guardaparques de la Provincia. El mandatario misionero realiz\u00f3 \u00abmenci\u00f3n especial merece [&hellip;]\" \/>\n<meta property=\"og:url\" content=\"https:\/\/cvinoticias.com\/v3\/se-reglamentara-el-estatuto-de-guardaparques-de-misiones\/\" \/>\n<meta property=\"og:site_name\" content=\"CVI NOTICIAS\" \/>\n<meta property=\"article:publisher\" content=\"https:\/\/www.facebook.com\/cvinoticias\" \/>\n<meta property=\"article:published_time\" content=\"2023-05-02T11:20:35+00:00\" \/>\n<meta property=\"og:image\" content=\"https:\/\/cvinoticias.com\/wp-content\/uploads\/2023\/05\/Screenshot_20230502_081827_Facebook.jpg\" \/>\n\t<meta property=\"og:image:width\" content=\"1080\" \/>\n\t<meta property=\"og:image:height\" content=\"685\" \/>\n\t<meta property=\"og:image:type\" content=\"image\/jpeg\" \/>\n<meta name=\"author\" content=\"f1000024\" \/>\n<meta name=\"twitter:card\" content=\"summary_large_image\" \/>\n<meta name=\"twitter:label1\" content=\"Escrito por\" \/>\n\t<meta name=\"twitter:data1\" content=\"f1000024\" \/>\n\t<meta name=\"twitter:label2\" content=\"Tiempo de lectura\" \/>\n\t<meta name=\"twitter:data2\" content=\"1 minuto\" \/>\n<script type=\"application\/ld+json\" class=\"yoast-schema-graph\">{\"@context\":\"https:\\\/\\\/schema.org\",\"@graph\":[{\"@type\":\"Article\",\"@id\":\"https:\\\/\\\/cvinoticias.com\\\/v3\\\/se-reglamentara-el-estatuto-de-guardaparques-de-misiones\\\/#article\",\"isPartOf\":{\"@id\":\"https:\\\/\\\/cvinoticias.com\\\/v3\\\/se-reglamentara-el-estatuto-de-guardaparques-de-misiones\\\/\"},\"author\":{\"name\":\"f1000024\",\"@id\":\"https:\\\/\\\/cvinoticias.com\\\/v3\\\/#\\\/schema\\\/person\\\/2db77e3c6bc03c538495d7b2b8be9b66\"},\"headline\":\"Se reglamentar\u00e1 el Estatuto de Guardaparques de Misiones\",\"datePublished\":\"2023-05-02T11:20:35+00:00\",\"mainEntityOfPage\":{\"@id\":\"https:\\\/\\\/cvinoticias.com\\\/v3\\\/se-reglamentara-el-estatuto-de-guardaparques-de-misiones\\\/\"},\"wordCount\":196,\"commentCount\":0,\"publisher\":{\"@id\":\"https:\\\/\\\/cvinoticias.com\\\/v3\\\/#organization\"},\"image\":{\"@id\":\"https:\\\/\\\/cvinoticias.com\\\/v3\\\/se-reglamentara-el-estatuto-de-guardaparques-de-misiones\\\/#primaryimage\"},\"thumbnailUrl\":\"https:\\\/\\\/cvinoticias.com\\\/wp-content\\\/uploads\\\/2023\\\/05\\\/Screenshot_20230502_081827_Facebook.jpg\",\"articleSection\":[\"Informaci\u00f3n General\"],\"inLanguage\":\"es\",\"potentialAction\":[{\"@type\":\"CommentAction\",\"name\":\"Comment\",\"target\":[\"https:\\\/\\\/cvinoticias.com\\\/v3\\\/se-reglamentara-el-estatuto-de-guardaparques-de-misiones\\\/#respond\"]}]},{\"@type\":\"WebPage\",\"@id\":\"https:\\\/\\\/cvinoticias.com\\\/v3\\\/se-reglamentara-el-estatuto-de-guardaparques-de-misiones\\\/\",\"url\":\"https:\\\/\\\/cvinoticias.com\\\/v3\\\/se-reglamentara-el-estatuto-de-guardaparques-de-misiones\\\/\",\"name\":\"Se reglamentar\u00e1 el Estatuto de Guardaparques de Misiones | CVI NOTICIAS\",\"isPartOf\":{\"@id\":\"https:\\\/\\\/cvinoticias.com\\\/v3\\\/#website\"},\"primaryImageOfPage\":{\"@id\":\"https:\\\/\\\/cvinoticias.com\\\/v3\\\/se-reglamentara-el-estatuto-de-guardaparques-de-misiones\\\/#primaryimage\"},\"image\":{\"@id\":\"https:\\\/\\\/cvinoticias.com\\\/v3\\\/se-reglamentara-el-estatuto-de-guardaparques-de-misiones\\\/#primaryimage\"},\"thumbnailUrl\":\"https:\\\/\\\/cvinoticias.com\\\/wp-content\\\/uploads\\\/2023\\\/05\\\/Screenshot_20230502_081827_Facebook.jpg\",\"datePublished\":\"2023-05-02T11:20:35+00:00\",\"breadcrumb\":{\"@id\":\"https:\\\/\\\/cvinoticias.com\\\/v3\\\/se-reglamentara-el-estatuto-de-guardaparques-de-misiones\\\/#breadcrumb\"},\"inLanguage\":\"es\",\"potentialAction\":[{\"@type\":\"ReadAction\",\"target\":[\"https:\\\/\\\/cvinoticias.com\\\/v3\\\/se-reglamentara-el-estatuto-de-guardaparques-de-misiones\\\/\"]}]},{\"@type\":\"ImageObject\",\"inLanguage\":\"es\",\"@id\":\"https:\\\/\\\/cvinoticias.com\\\/v3\\\/se-reglamentara-el-estatuto-de-guardaparques-de-misiones\\\/#primaryimage\",\"url\":\"https:\\\/\\\/cvinoticias.com\\\/wp-content\\\/uploads\\\/2023\\\/05\\\/Screenshot_20230502_081827_Facebook.jpg\",\"contentUrl\":\"https:\\\/\\\/cvinoticias.com\\\/wp-content\\\/uploads\\\/2023\\\/05\\\/Screenshot_20230502_081827_Facebook.jpg\",\"width\":1080,\"height\":685},{\"@type\":\"BreadcrumbList\",\"@id\":\"https:\\\/\\\/cvinoticias.com\\\/v3\\\/se-reglamentara-el-estatuto-de-guardaparques-de-misiones\\\/#breadcrumb\",\"itemListElement\":[{\"@type\":\"ListItem\",\"position\":1,\"name\":\"Portada\",\"item\":\"https:\\\/\\\/cvinoticias.com\\\/v3\\\/\"},{\"@type\":\"ListItem\",\"position\":2,\"name\":\"Se reglamentar\u00e1 el Estatuto de Guardaparques de Misiones\"}]},{\"@type\":\"WebSite\",\"@id\":\"https:\\\/\\\/cvinoticias.com\\\/v3\\\/#website\",\"url\":\"https:\\\/\\\/cvinoticias.com\\\/v3\\\/\",\"name\":\"CVI NOTICIAS\",\"description\":\"\",\"publisher\":{\"@id\":\"https:\\\/\\\/cvinoticias.com\\\/v3\\\/#organization\"},\"alternateName\":\"CVI\",\"potentialAction\":[{\"@type\":\"SearchAction\",\"target\":{\"@type\":\"EntryPoint\",\"urlTemplate\":\"https:\\\/\\\/cvinoticias.com\\\/v3\\\/?s={search_term_string}\"},\"query-input\":{\"@type\":\"PropertyValueSpecification\",\"valueRequired\":true,\"valueName\":\"search_term_string\"}}],\"inLanguage\":\"es\"},{\"@type\":\"Organization\",\"@id\":\"https:\\\/\\\/cvinoticias.com\\\/v3\\\/#organization\",\"name\":\"CVI NOTICIAS\",\"url\":\"https:\\\/\\\/cvinoticias.com\\\/v3\\\/\",\"logo\":{\"@type\":\"ImageObject\",\"inLanguage\":\"es\",\"@id\":\"https:\\\/\\\/cvinoticias.com\\\/v3\\\/#\\\/schema\\\/logo\\\/image\\\/\",\"url\":\"https:\\\/\\\/cvinoticias.com\\\/wp-content\\\/uploads\\\/2023\\\/04\\\/cropped-cropped-cropped-cropped-cropped-3-1.png\",\"contentUrl\":\"https:\\\/\\\/cvinoticias.com\\\/wp-content\\\/uploads\\\/2023\\\/04\\\/cropped-cropped-cropped-cropped-cropped-3-1.png\",\"width\":95,\"height\":122,\"caption\":\"CVI NOTICIAS\"},\"image\":{\"@id\":\"https:\\\/\\\/cvinoticias.com\\\/v3\\\/#\\\/schema\\\/logo\\\/image\\\/\"},\"sameAs\":[\"https:\\\/\\\/www.facebook.com\\\/cvinoticias\",\"https:\\\/\\\/www.instagram.com\\\/cvinoticias\\\/\",\"https:\\\/\\\/www.youtube.com\\\/@CVINOTICIAS\"]},{\"@type\":\"Person\",\"@id\":\"https:\\\/\\\/cvinoticias.com\\\/v3\\\/#\\\/schema\\\/person\\\/2db77e3c6bc03c538495d7b2b8be9b66\",\"name\":\"f1000024\",\"image\":{\"@type\":\"ImageObject\",\"inLanguage\":\"es\",\"@id\":\"https:\\\/\\\/secure.gravatar.com\\\/avatar\\\/d4fe7459cfc51ff5129ce1a732bbef5928568b8092d412ef95611616376bbeed?s=96&d=mm&r=g\",\"url\":\"https:\\\/\\\/secure.gravatar.com\\\/avatar\\\/d4fe7459cfc51ff5129ce1a732bbef5928568b8092d412ef95611616376bbeed?s=96&d=mm&r=g\",\"contentUrl\":\"https:\\\/\\\/secure.gravatar.com\\\/avatar\\\/d4fe7459cfc51ff5129ce1a732bbef5928568b8092d412ef95611616376bbeed?s=96&d=mm&r=g\",\"caption\":\"f1000024\"},\"url\":\"https:\\\/\\\/cvinoticias.com\\\/v3\\\/author\\\/f1000024\\\/\"}]}<\/script>\n<!-- \/ Yoast SEO plugin. -->","yoast_head_json":{"title":"Se reglamentar\u00e1 el Estatuto de Guardaparques de Misiones | CVI NOTICIAS","robots":{"index":"index","follow":"follow","max-snippet":"max-snippet:-1","max-image-preview":"max-image-preview:large","max-video-preview":"max-video-preview:-1"},"canonical":"https:\/\/cvinoticias.com\/v3\/se-reglamentara-el-estatuto-de-guardaparques-de-misiones\/","og_locale":"es_ES","og_type":"article","og_title":"Se reglamentar\u00e1 el Estatuto de Guardaparques de Misiones | CVI NOTICIAS","og_description":"As\u00ed lo anunci\u00f3 este lunes el gobernador Oscar Herrera Ahuad en su discurso ante la C\u00e1mara de Representantes de Misiones. Durante la apertura de seiones ordinarias de la C\u00e1mara de Representantes de Misiones, el gobernador Oscar Herrera Ahuad anunci\u00f3 la reglamentaci\u00f3n del Estatuto de Guardaparques de la Provincia. El mandatario misionero realiz\u00f3 \u00abmenci\u00f3n especial merece [&hellip;]","og_url":"https:\/\/cvinoticias.com\/v3\/se-reglamentara-el-estatuto-de-guardaparques-de-misiones\/","og_site_name":"CVI NOTICIAS","article_publisher":"https:\/\/www.facebook.com\/cvinoticias","article_published_time":"2023-05-02T11:20:35+00:00","og_image":[{"width":1080,"height":685,"url":"https:\/\/cvinoticias.com\/wp-content\/uploads\/2023\/05\/Screenshot_20230502_081827_Facebook.jpg","type":"image\/jpeg"}],"author":"f1000024","twitter_card":"summary_large_image","twitter_misc":{"Escrito por":"f1000024","Tiempo de lectura":"1 minuto"},"schema":{"@context":"https:\/\/schema.org","@graph":[{"@type":"Article","@id":"https:\/\/cvinoticias.com\/v3\/se-reglamentara-el-estatuto-de-guardaparques-de-misiones\/#article","isPartOf":{"@id":"https:\/\/cvinoticias.com\/v3\/se-reglamentara-el-estatuto-de-guardaparques-de-misiones\/"},"author":{"name":"f1000024","@id":"https:\/\/cvinoticias.com\/v3\/#\/schema\/person\/2db77e3c6bc03c538495d7b2b8be9b66"},"headline":"Se reglamentar\u00e1 el Estatuto de Guardaparques de Misiones","datePublished":"2023-05-02T11:20:35+00:00","mainEntityOfPage":{"@id":"https:\/\/cvinoticias.com\/v3\/se-reglamentara-el-estatuto-de-guardaparques-de-misiones\/"},"wordCount":196,"commentCount":0,"publisher":{"@id":"https:\/\/cvinoticias.com\/v3\/#organization"},"image":{"@id":"https:\/\/cvinoticias.com\/v3\/se-reglamentara-el-estatuto-de-guardaparques-de-misiones\/#primaryimage"},"thumbnailUrl":"https:\/\/cvinoticias.com\/wp-content\/uploads\/2023\/05\/Screenshot_20230502_081827_Facebook.jpg","articleSection":["Informaci\u00f3n General"],"inLanguage":"es","potentialAction":[{"@type":"CommentAction","name":"Comment","target":["https:\/\/cvinoticias.com\/v3\/se-reglamentara-el-estatuto-de-guardaparques-de-misiones\/#respond"]}]},{"@type":"WebPage","@id":"https:\/\/cvinoticias.com\/v3\/se-reglamentara-el-estatuto-de-guardaparques-de-misiones\/","url":"https:\/\/cvinoticias.com\/v3\/se-reglamentara-el-estatuto-de-guardaparques-de-misiones\/","name":"Se reglamentar\u00e1 el Estatuto de Guardaparques de Misiones | CVI NOTICIAS","isPartOf":{"@id":"https:\/\/cvinoticias.com\/v3\/#website"},"primaryImageOfPage":{"@id":"https:\/\/cvinoticias.com\/v3\/se-reglamentara-el-estatuto-de-guardaparques-de-misiones\/#primaryimage"},"image":{"@id":"https:\/\/cvinoticias.com\/v3\/se-reglamentara-el-estatuto-de-guardaparques-de-misiones\/#primaryimage"},"thumbnailUrl":"https:\/\/cvinoticias.com\/wp-content\/uploads\/2023\/05\/Screenshot_20230502_081827_Facebook.jpg","datePublished":"2023-05-02T11:20:35+00:00","breadcrumb":{"@id":"https:\/\/cvinoticias.com\/v3\/se-reglamentara-el-estatuto-de-guardaparques-de-misiones\/#breadcrumb"},"inLanguage":"es","potentialAction":[{"@type":"ReadAction","target":["https:\/\/cvinoticias.com\/v3\/se-reglamentara-el-estatuto-de-guardaparques-de-misiones\/"]}]},{"@type":"ImageObject","inLanguage":"es","@id":"https:\/\/cvinoticias.com\/v3\/se-reglamentara-el-estatuto-de-guardaparques-de-misiones\/#primaryimage","url":"https:\/\/cvinoticias.com\/wp-content\/uploads\/2023\/05\/Screenshot_20230502_081827_Facebook.jpg","contentUrl":"https:\/\/cvinoticias.com\/wp-content\/uploads\/2023\/05\/Screenshot_20230502_081827_Facebook.jpg","width":1080,"height":685},{"@type":"BreadcrumbList","@id":"https:\/\/cvinoticias.com\/v3\/se-reglamentara-el-estatuto-de-guardaparques-de-misiones\/#breadcrumb","itemListElement":[{"@type":"ListItem","position":1,"name":"Portada","item":"https:\/\/cvinoticias.com\/v3\/"},{"@type":"ListItem","position":2,"name":"Se reglamentar\u00e1 el Estatuto de Guardaparques de Misiones"}]},{"@type":"WebSite","@id":"https:\/\/cvinoticias.com\/v3\/#website","url":"https:\/\/cvinoticias.com\/v3\/","name":"CVI NOTICIAS","description":"","publisher":{"@id":"https:\/\/cvinoticias.com\/v3\/#organization"},"alternateName":"CVI","potentialAction":[{"@type":"SearchAction","target":{"@type":"EntryPoint","urlTemplate":"https:\/\/cvinoticias.com\/v3\/?s={search_term_string}"},"query-input":{"@type":"PropertyValueSpecification","valueRequired":true,"valueName":"search_term_string"}}],"inLanguage":"es"},{"@type":"Organization","@id":"https:\/\/cvinoticias.com\/v3\/#organization","name":"CVI NOTICIAS","url":"https:\/\/cvinoticias.com\/v3\/","logo":{"@type":"ImageObject","inLanguage":"es","@id":"https:\/\/cvinoticias.com\/v3\/#\/schema\/logo\/image\/","url":"https:\/\/cvinoticias.com\/wp-content\/uploads\/2023\/04\/cropped-cropped-cropped-cropped-cropped-3-1.png","contentUrl":"https:\/\/cvinoticias.com\/wp-content\/uploads\/2023\/04\/cropped-cropped-cropped-cropped-cropped-3-1.png","width":95,"height":122,"caption":"CVI NOTICIAS"},"image":{"@id":"https:\/\/cvinoticias.com\/v3\/#\/schema\/logo\/image\/"},"sameAs":["https:\/\/www.facebook.com\/cvinoticias","https:\/\/www.instagram.com\/cvinoticias\/","https:\/\/www.youtube.com\/@CVINOTICIAS"]},{"@type":"Person","@id":"https:\/\/cvinoticias.com\/v3\/#\/schema\/person\/2db77e3c6bc03c538495d7b2b8be9b66","name":"f1000024","image":{"@type":"ImageObject","inLanguage":"es","@id":"https:\/\/secure.gravatar.com\/avatar\/d4fe7459cfc51ff5129ce1a732bbef5928568b8092d412ef95611616376bbeed?s=96&d=mm&r=g","url":"https:\/\/secure.gravatar.com\/avatar\/d4fe7459cfc51ff5129ce1a732bbef5928568b8092d412ef95611616376bbeed?s=96&d=mm&r=g","contentUrl":"https:\/\/secure.gravatar.com\/avatar\/d4fe7459cfc51ff5129ce1a732bbef5928568b8092d412ef95611616376bbeed?s=96&d=mm&r=g","caption":"f1000024"},"url":"https:\/\/cvinoticias.com\/v3\/author\/f1000024\/"}]}},"_links":{"self":[{"href":"https:\/\/cvinoticias.com\/v3\/wp-json\/wp\/v2\/posts\/24513","targetHints":{"allow":["GET"]}}],"collection":[{"href":"https:\/\/cvinoticias.com\/v3\/wp-json\/wp\/v2\/posts"}],"about":[{"href":"https:\/\/cvinoticias.com\/v3\/wp-json\/wp\/v2\/types\/post"}],"author":[{"embeddable":true,"href":"https:\/\/cvinoticias.com\/v3\/wp-json\/wp\/v2\/users\/2"}],"replies":[{"embeddable":true,"href":"https:\/\/cvinoticias.com\/v3\/wp-json\/wp\/v2\/comments?post=24513"}],"version-history":[{"count":1,"href":"https:\/\/cvinoticias.com\/v3\/wp-json\/wp\/v2\/posts\/24513\/revisions"}],"predecessor-version":[{"id":24515,"href":"https:\/\/cvinoticias.com\/v3\/wp-json\/wp\/v2\/posts\/24513\/revisions\/24515"}],"wp:featuredmedia":[{"embeddable":true,"href":"https:\/\/cvinoticias.com\/v3\/wp-json\/wp\/v2\/media\/24514"}],"wp:attachment":[{"href":"https:\/\/cvinoticias.com\/v3\/wp-json\/wp\/v2\/media?parent=24513"}],"wp:term":[{"taxonomy":"category","embeddable":true,"href":"https:\/\/cvinoticias.com\/v3\/wp-json\/wp\/v2\/categories?post=24513"},{"taxonomy":"post_tag","embeddable":true,"href":"https:\/\/cvinoticias.com\/v3\/wp-json\/wp\/v2\/tags?post=24513"}],"curies":[{"name":"wp","href":"https:\/\/api.w.org\/{rel}","templated":true}]}}