{"id":24507,"date":"2023-05-02T10:49:23","date_gmt":"2023-05-02T10:49:23","guid":{"rendered":"https:\/\/cvinoticias.com\/v3\/?p=24507"},"modified":"2023-05-02T10:49:23","modified_gmt":"2023-05-02T10:49:23","slug":"viajaron-mas-de-900-mil-argentinos-por-todo-el-pais-por-el-fin-de-semana-largo","status":"publish","type":"post","link":"https:\/\/cvinoticias.com\/v3\/viajaron-mas-de-900-mil-argentinos-por-todo-el-pais-por-el-fin-de-semana-largo\/","title":{"rendered":"Viajaron m\u00e1s de 900 mil argentinos por todo el pa\u00eds por el fin de semana largo"},"content":{"rendered":"\n<p><strong><em>Este fin de semana largo fue el tercero del a\u00f1o en importancia, tanto por la cantidad de turistas como por su impacto econ\u00f3mico.<\/em><\/strong><\/p>\n\n\n\n<p>Unos 920.000 turistas viajaron por diferentes puntos de la Argentina durante el fin de semana largo, con un gasto estimado en $ 29.109 millones en alimentos, bebidas, alojamiento, transporte, recreaci\u00f3n y compras diversas, seg\u00fan el relevamiento dado a conocer este lunes por la Confederaci\u00f3n Argentina de la Mediana Empresa (CAME).<\/p>\n\n\n\n<p>La cantidad de turistas reflej\u00f3 una baja del 8% respecto del \u00faltimo fin de semana tur\u00edstico coincidente con la conmemoraci\u00f3n del D\u00eda del Trabajador, en 2018, aunque en esa ocasi\u00f3n el feriado no fue de tres sino de cuatro d\u00edas.<\/p>\n\n\n\n<p>\u00abDe todos modos, el gasto total, a precios reales, esta vez result\u00f3 un 4,9% superior a 2018\u00bb, indic\u00f3 CAME, que atribuy\u00f3 ese aumento al \u00abcrecimiento en la oferta de servicios recreativos, culturales y gastron\u00f3micos de las ciudades\u00bb.<\/p>\n\n\n\n<p>En esta ocasi\u00f3n, agreg\u00f3 \u00abno hubo movimiento masivo y la gente prioriz\u00f3 destinos sin multitudes\u00bb y que \u00abel turista extranjero tambi\u00e9n dijo presente, especialmente en las provincias de frontera\u00bb.<\/p>\n\n\n\n<p>Este fin de semana largo fue el tercero del a\u00f1o en importancia, tanto por la cantidad de turistas como por su impacto econ\u00f3mico.<\/p>\n\n\n\n<p>Al respecto, CAME precis\u00f3 que el feriado de Carnaval moviliz\u00f3 2.950.000 turistas y el de Semana Santa 2.650.000, quedando en el cuarto puesto el del D\u00eda de la Memoria, con 880.000 personas.<\/p>\n\n\n\n<p>En cuanto al gasto, el feriado de Carnaval demand\u00f3 $ 106.704 millones, el de Semana Santa $ 95.957 millones y el del D\u00eda de la Memoria $ 26.467 millones.<\/p>\n\n\n\n<p>CAME destac\u00f3 que \u00ablos turistas gastaron, en promedio, $11.300 diarios cada uno, 22,2% m\u00e1s que en 2018 comparado a precios reales, y la estad\u00eda media fue de 2,8 d\u00edas\u00bb.<\/p>\n\n\n\n<p>Por otra parte, asegur\u00f3 que \u00ablos empresarios esperaban m\u00e1s movimiento, sobre todo los hoteleros, a diferencia de los gastron\u00f3micos que trabajaron mejor\u00bb.<\/p>\n\n\n\n<p>Asimismo, se\u00f1al\u00f3 que \u00ablas ciudades con celebraciones, termas y valles fueron muy concurridas\u00bb, as\u00ed como que \u00abhubo arribos numerosos a la Costa Argentina y a la Ciudad de Buenos Aires\u00bb.<\/p>\n\n\n\n<p>\u00abEntre quienes viajaron por Aerol\u00edneas Argentinas, los destinos m\u00e1s elegidos fueron C\u00f3rdoba, Iguaz\u00fa, Mendoza, Bariloche, Salta, El Calafate, Ushuaia, Tucum\u00e1n y Neuqu\u00e9n\u00bb, finaliz\u00f3.<\/p>\n","protected":false},"excerpt":{"rendered":"<p>Este fin de semana largo fue el tercero del a\u00f1o en importancia, tanto por la cantidad de turistas como por su impacto econ\u00f3mico. Unos 920.000 turistas viajaron por diferentes puntos de la Argentina durante el fin de semana largo, con un gasto estimado en $ 29.109 millones en alimentos, bebidas, alojamiento, transporte, recreaci\u00f3n y compras [&hellip;]<\/p>\n","protected":false},"author":2,"featured_media":24508,"comment_status":"open","ping_status":"open","sticky":false,"template":"","format":"standard","meta":{"footnotes":""},"categories":[50],"tags":[],"class_list":["post-24507","post","type-post","status-publish","format-standard","has-post-thumbnail","hentry","category-turismo"],"yoast_head":"<!-- This site is optimized with the Yoast SEO plugin v27.4 - https:\/\/yoast.com\/product\/yoast-seo-wordpress\/ -->\n<title>Viajaron m\u00e1s de 900 mil argentinos por todo el pa\u00eds por el fin de semana largo | CVI NOTICIAS<\/title>\n<meta name=\"robots\" content=\"index, follow, max-snippet:-1, max-image-preview:large, max-video-preview:-1\" \/>\n<link rel=\"canonical\" href=\"https:\/\/cvinoticias.com\/v3\/viajaron-mas-de-900-mil-argentinos-por-todo-el-pais-por-el-fin-de-semana-largo\/\" \/>\n<meta property=\"og:locale\" content=\"es_ES\" \/>\n<meta property=\"og:type\" content=\"article\" \/>\n<meta property=\"og:title\" content=\"Viajaron m\u00e1s de 900 mil argentinos por todo el pa\u00eds por el fin de semana largo | CVI NOTICIAS\" \/>\n<meta property=\"og:description\" content=\"Este fin de semana largo fue el tercero del a\u00f1o en importancia, tanto por la cantidad de turistas como por su impacto econ\u00f3mico. Unos 920.000 turistas viajaron por diferentes puntos de la Argentina durante el fin de semana largo, con un gasto estimado en $ 29.109 millones en alimentos, bebidas, alojamiento, transporte, recreaci\u00f3n y compras [&hellip;]\" \/>\n<meta property=\"og:url\" content=\"https:\/\/cvinoticias.com\/v3\/viajaron-mas-de-900-mil-argentinos-por-todo-el-pais-por-el-fin-de-semana-largo\/\" \/>\n<meta property=\"og:site_name\" content=\"CVI NOTICIAS\" \/>\n<meta property=\"article:publisher\" content=\"https:\/\/www.facebook.com\/cvinoticias\" \/>\n<meta property=\"article:published_time\" content=\"2023-05-02T10:49:23+00:00\" \/>\n<meta property=\"og:image\" content=\"https:\/\/cvinoticias.com\/wp-content\/uploads\/2023\/05\/FB_IMG_1677021315002.jpg\" \/>\n\t<meta property=\"og:image:width\" content=\"1080\" \/>\n\t<meta property=\"og:image:height\" content=\"608\" \/>\n\t<meta property=\"og:image:type\" content=\"image\/jpeg\" \/>\n<meta name=\"author\" content=\"f1000024\" \/>\n<meta name=\"twitter:card\" content=\"summary_large_image\" \/>\n<meta name=\"twitter:label1\" content=\"Escrito por\" \/>\n\t<meta name=\"twitter:data1\" content=\"f1000024\" \/>\n\t<meta name=\"twitter:label2\" content=\"Tiempo de lectura\" \/>\n\t<meta name=\"twitter:data2\" content=\"2 minutos\" \/>\n<script type=\"application\/ld+json\" class=\"yoast-schema-graph\">{\"@context\":\"https:\\\/\\\/schema.org\",\"@graph\":[{\"@type\":\"Article\",\"@id\":\"https:\\\/\\\/cvinoticias.com\\\/v3\\\/viajaron-mas-de-900-mil-argentinos-por-todo-el-pais-por-el-fin-de-semana-largo\\\/#article\",\"isPartOf\":{\"@id\":\"https:\\\/\\\/cvinoticias.com\\\/v3\\\/viajaron-mas-de-900-mil-argentinos-por-todo-el-pais-por-el-fin-de-semana-largo\\\/\"},\"author\":{\"name\":\"f1000024\",\"@id\":\"https:\\\/\\\/cvinoticias.com\\\/v3\\\/#\\\/schema\\\/person\\\/2db77e3c6bc03c538495d7b2b8be9b66\"},\"headline\":\"Viajaron m\u00e1s de 900 mil argentinos por todo el pa\u00eds por el fin de semana largo\",\"datePublished\":\"2023-05-02T10:49:23+00:00\",\"mainEntityOfPage\":{\"@id\":\"https:\\\/\\\/cvinoticias.com\\\/v3\\\/viajaron-mas-de-900-mil-argentinos-por-todo-el-pais-por-el-fin-de-semana-largo\\\/\"},\"wordCount\":392,\"commentCount\":0,\"publisher\":{\"@id\":\"https:\\\/\\\/cvinoticias.com\\\/v3\\\/#organization\"},\"image\":{\"@id\":\"https:\\\/\\\/cvinoticias.com\\\/v3\\\/viajaron-mas-de-900-mil-argentinos-por-todo-el-pais-por-el-fin-de-semana-largo\\\/#primaryimage\"},\"thumbnailUrl\":\"https:\\\/\\\/cvinoticias.com\\\/wp-content\\\/uploads\\\/2023\\\/05\\\/FB_IMG_1677021315002.jpg\",\"articleSection\":[\"Turismo\"],\"inLanguage\":\"es\",\"potentialAction\":[{\"@type\":\"CommentAction\",\"name\":\"Comment\",\"target\":[\"https:\\\/\\\/cvinoticias.com\\\/v3\\\/viajaron-mas-de-900-mil-argentinos-por-todo-el-pais-por-el-fin-de-semana-largo\\\/#respond\"]}]},{\"@type\":\"WebPage\",\"@id\":\"https:\\\/\\\/cvinoticias.com\\\/v3\\\/viajaron-mas-de-900-mil-argentinos-por-todo-el-pais-por-el-fin-de-semana-largo\\\/\",\"url\":\"https:\\\/\\\/cvinoticias.com\\\/v3\\\/viajaron-mas-de-900-mil-argentinos-por-todo-el-pais-por-el-fin-de-semana-largo\\\/\",\"name\":\"Viajaron m\u00e1s de 900 mil argentinos por todo el pa\u00eds por el fin de semana largo | CVI NOTICIAS\",\"isPartOf\":{\"@id\":\"https:\\\/\\\/cvinoticias.com\\\/v3\\\/#website\"},\"primaryImageOfPage\":{\"@id\":\"https:\\\/\\\/cvinoticias.com\\\/v3\\\/viajaron-mas-de-900-mil-argentinos-por-todo-el-pais-por-el-fin-de-semana-largo\\\/#primaryimage\"},\"image\":{\"@id\":\"https:\\\/\\\/cvinoticias.com\\\/v3\\\/viajaron-mas-de-900-mil-argentinos-por-todo-el-pais-por-el-fin-de-semana-largo\\\/#primaryimage\"},\"thumbnailUrl\":\"https:\\\/\\\/cvinoticias.com\\\/wp-content\\\/uploads\\\/2023\\\/05\\\/FB_IMG_1677021315002.jpg\",\"datePublished\":\"2023-05-02T10:49:23+00:00\",\"breadcrumb\":{\"@id\":\"https:\\\/\\\/cvinoticias.com\\\/v3\\\/viajaron-mas-de-900-mil-argentinos-por-todo-el-pais-por-el-fin-de-semana-largo\\\/#breadcrumb\"},\"inLanguage\":\"es\",\"potentialAction\":[{\"@type\":\"ReadAction\",\"target\":[\"https:\\\/\\\/cvinoticias.com\\\/v3\\\/viajaron-mas-de-900-mil-argentinos-por-todo-el-pais-por-el-fin-de-semana-largo\\\/\"]}]},{\"@type\":\"ImageObject\",\"inLanguage\":\"es\",\"@id\":\"https:\\\/\\\/cvinoticias.com\\\/v3\\\/viajaron-mas-de-900-mil-argentinos-por-todo-el-pais-por-el-fin-de-semana-largo\\\/#primaryimage\",\"url\":\"https:\\\/\\\/cvinoticias.com\\\/wp-content\\\/uploads\\\/2023\\\/05\\\/FB_IMG_1677021315002.jpg\",\"contentUrl\":\"https:\\\/\\\/cvinoticias.com\\\/wp-content\\\/uploads\\\/2023\\\/05\\\/FB_IMG_1677021315002.jpg\",\"width\":1080,\"height\":608},{\"@type\":\"BreadcrumbList\",\"@id\":\"https:\\\/\\\/cvinoticias.com\\\/v3\\\/viajaron-mas-de-900-mil-argentinos-por-todo-el-pais-por-el-fin-de-semana-largo\\\/#breadcrumb\",\"itemListElement\":[{\"@type\":\"ListItem\",\"position\":1,\"name\":\"Portada\",\"item\":\"https:\\\/\\\/cvinoticias.com\\\/v3\\\/\"},{\"@type\":\"ListItem\",\"position\":2,\"name\":\"Viajaron m\u00e1s de 900 mil argentinos por todo el pa\u00eds por el fin de semana largo\"}]},{\"@type\":\"WebSite\",\"@id\":\"https:\\\/\\\/cvinoticias.com\\\/v3\\\/#website\",\"url\":\"https:\\\/\\\/cvinoticias.com\\\/v3\\\/\",\"name\":\"CVI NOTICIAS\",\"description\":\"\",\"publisher\":{\"@id\":\"https:\\\/\\\/cvinoticias.com\\\/v3\\\/#organization\"},\"alternateName\":\"CVI\",\"potentialAction\":[{\"@type\":\"SearchAction\",\"target\":{\"@type\":\"EntryPoint\",\"urlTemplate\":\"https:\\\/\\\/cvinoticias.com\\\/v3\\\/?s={search_term_string}\"},\"query-input\":{\"@type\":\"PropertyValueSpecification\",\"valueRequired\":true,\"valueName\":\"search_term_string\"}}],\"inLanguage\":\"es\"},{\"@type\":\"Organization\",\"@id\":\"https:\\\/\\\/cvinoticias.com\\\/v3\\\/#organization\",\"name\":\"CVI NOTICIAS\",\"url\":\"https:\\\/\\\/cvinoticias.com\\\/v3\\\/\",\"logo\":{\"@type\":\"ImageObject\",\"inLanguage\":\"es\",\"@id\":\"https:\\\/\\\/cvinoticias.com\\\/v3\\\/#\\\/schema\\\/logo\\\/image\\\/\",\"url\":\"https:\\\/\\\/cvinoticias.com\\\/wp-content\\\/uploads\\\/2023\\\/04\\\/cropped-cropped-cropped-cropped-cropped-3-1.png\",\"contentUrl\":\"https:\\\/\\\/cvinoticias.com\\\/wp-content\\\/uploads\\\/2023\\\/04\\\/cropped-cropped-cropped-cropped-cropped-3-1.png\",\"width\":95,\"height\":122,\"caption\":\"CVI NOTICIAS\"},\"image\":{\"@id\":\"https:\\\/\\\/cvinoticias.com\\\/v3\\\/#\\\/schema\\\/logo\\\/image\\\/\"},\"sameAs\":[\"https:\\\/\\\/www.facebook.com\\\/cvinoticias\",\"https:\\\/\\\/www.instagram.com\\\/cvinoticias\\\/\",\"https:\\\/\\\/www.youtube.com\\\/@CVINOTICIAS\"]},{\"@type\":\"Person\",\"@id\":\"https:\\\/\\\/cvinoticias.com\\\/v3\\\/#\\\/schema\\\/person\\\/2db77e3c6bc03c538495d7b2b8be9b66\",\"name\":\"f1000024\",\"image\":{\"@type\":\"ImageObject\",\"inLanguage\":\"es\",\"@id\":\"https:\\\/\\\/secure.gravatar.com\\\/avatar\\\/d4fe7459cfc51ff5129ce1a732bbef5928568b8092d412ef95611616376bbeed?s=96&d=mm&r=g\",\"url\":\"https:\\\/\\\/secure.gravatar.com\\\/avatar\\\/d4fe7459cfc51ff5129ce1a732bbef5928568b8092d412ef95611616376bbeed?s=96&d=mm&r=g\",\"contentUrl\":\"https:\\\/\\\/secure.gravatar.com\\\/avatar\\\/d4fe7459cfc51ff5129ce1a732bbef5928568b8092d412ef95611616376bbeed?s=96&d=mm&r=g\",\"caption\":\"f1000024\"},\"url\":\"https:\\\/\\\/cvinoticias.com\\\/v3\\\/author\\\/f1000024\\\/\"}]}<\/script>\n<!-- \/ Yoast SEO plugin. -->","yoast_head_json":{"title":"Viajaron m\u00e1s de 900 mil argentinos por todo el pa\u00eds por el fin de semana largo | CVI NOTICIAS","robots":{"index":"index","follow":"follow","max-snippet":"max-snippet:-1","max-image-preview":"max-image-preview:large","max-video-preview":"max-video-preview:-1"},"canonical":"https:\/\/cvinoticias.com\/v3\/viajaron-mas-de-900-mil-argentinos-por-todo-el-pais-por-el-fin-de-semana-largo\/","og_locale":"es_ES","og_type":"article","og_title":"Viajaron m\u00e1s de 900 mil argentinos por todo el pa\u00eds por el fin de semana largo | CVI NOTICIAS","og_description":"Este fin de semana largo fue el tercero del a\u00f1o en importancia, tanto por la cantidad de turistas como por su impacto econ\u00f3mico. Unos 920.000 turistas viajaron por diferentes puntos de la Argentina durante el fin de semana largo, con un gasto estimado en $ 29.109 millones en alimentos, bebidas, alojamiento, transporte, recreaci\u00f3n y compras [&hellip;]","og_url":"https:\/\/cvinoticias.com\/v3\/viajaron-mas-de-900-mil-argentinos-por-todo-el-pais-por-el-fin-de-semana-largo\/","og_site_name":"CVI NOTICIAS","article_publisher":"https:\/\/www.facebook.com\/cvinoticias","article_published_time":"2023-05-02T10:49:23+00:00","og_image":[{"width":1080,"height":608,"url":"https:\/\/cvinoticias.com\/wp-content\/uploads\/2023\/05\/FB_IMG_1677021315002.jpg","type":"image\/jpeg"}],"author":"f1000024","twitter_card":"summary_large_image","twitter_misc":{"Escrito por":"f1000024","Tiempo de lectura":"2 minutos"},"schema":{"@context":"https:\/\/schema.org","@graph":[{"@type":"Article","@id":"https:\/\/cvinoticias.com\/v3\/viajaron-mas-de-900-mil-argentinos-por-todo-el-pais-por-el-fin-de-semana-largo\/#article","isPartOf":{"@id":"https:\/\/cvinoticias.com\/v3\/viajaron-mas-de-900-mil-argentinos-por-todo-el-pais-por-el-fin-de-semana-largo\/"},"author":{"name":"f1000024","@id":"https:\/\/cvinoticias.com\/v3\/#\/schema\/person\/2db77e3c6bc03c538495d7b2b8be9b66"},"headline":"Viajaron m\u00e1s de 900 mil argentinos por todo el pa\u00eds por el fin de semana largo","datePublished":"2023-05-02T10:49:23+00:00","mainEntityOfPage":{"@id":"https:\/\/cvinoticias.com\/v3\/viajaron-mas-de-900-mil-argentinos-por-todo-el-pais-por-el-fin-de-semana-largo\/"},"wordCount":392,"commentCount":0,"publisher":{"@id":"https:\/\/cvinoticias.com\/v3\/#organization"},"image":{"@id":"https:\/\/cvinoticias.com\/v3\/viajaron-mas-de-900-mil-argentinos-por-todo-el-pais-por-el-fin-de-semana-largo\/#primaryimage"},"thumbnailUrl":"https:\/\/cvinoticias.com\/wp-content\/uploads\/2023\/05\/FB_IMG_1677021315002.jpg","articleSection":["Turismo"],"inLanguage":"es","potentialAction":[{"@type":"CommentAction","name":"Comment","target":["https:\/\/cvinoticias.com\/v3\/viajaron-mas-de-900-mil-argentinos-por-todo-el-pais-por-el-fin-de-semana-largo\/#respond"]}]},{"@type":"WebPage","@id":"https:\/\/cvinoticias.com\/v3\/viajaron-mas-de-900-mil-argentinos-por-todo-el-pais-por-el-fin-de-semana-largo\/","url":"https:\/\/cvinoticias.com\/v3\/viajaron-mas-de-900-mil-argentinos-por-todo-el-pais-por-el-fin-de-semana-largo\/","name":"Viajaron m\u00e1s de 900 mil argentinos por todo el pa\u00eds por el fin de semana largo | CVI NOTICIAS","isPartOf":{"@id":"https:\/\/cvinoticias.com\/v3\/#website"},"primaryImageOfPage":{"@id":"https:\/\/cvinoticias.com\/v3\/viajaron-mas-de-900-mil-argentinos-por-todo-el-pais-por-el-fin-de-semana-largo\/#primaryimage"},"image":{"@id":"https:\/\/cvinoticias.com\/v3\/viajaron-mas-de-900-mil-argentinos-por-todo-el-pais-por-el-fin-de-semana-largo\/#primaryimage"},"thumbnailUrl":"https:\/\/cvinoticias.com\/wp-content\/uploads\/2023\/05\/FB_IMG_1677021315002.jpg","datePublished":"2023-05-02T10:49:23+00:00","breadcrumb":{"@id":"https:\/\/cvinoticias.com\/v3\/viajaron-mas-de-900-mil-argentinos-por-todo-el-pais-por-el-fin-de-semana-largo\/#breadcrumb"},"inLanguage":"es","potentialAction":[{"@type":"ReadAction","target":["https:\/\/cvinoticias.com\/v3\/viajaron-mas-de-900-mil-argentinos-por-todo-el-pais-por-el-fin-de-semana-largo\/"]}]},{"@type":"ImageObject","inLanguage":"es","@id":"https:\/\/cvinoticias.com\/v3\/viajaron-mas-de-900-mil-argentinos-por-todo-el-pais-por-el-fin-de-semana-largo\/#primaryimage","url":"https:\/\/cvinoticias.com\/wp-content\/uploads\/2023\/05\/FB_IMG_1677021315002.jpg","contentUrl":"https:\/\/cvinoticias.com\/wp-content\/uploads\/2023\/05\/FB_IMG_1677021315002.jpg","width":1080,"height":608},{"@type":"BreadcrumbList","@id":"https:\/\/cvinoticias.com\/v3\/viajaron-mas-de-900-mil-argentinos-por-todo-el-pais-por-el-fin-de-semana-largo\/#breadcrumb","itemListElement":[{"@type":"ListItem","position":1,"name":"Portada","item":"https:\/\/cvinoticias.com\/v3\/"},{"@type":"ListItem","position":2,"name":"Viajaron m\u00e1s de 900 mil argentinos por todo el pa\u00eds por el fin de semana largo"}]},{"@type":"WebSite","@id":"https:\/\/cvinoticias.com\/v3\/#website","url":"https:\/\/cvinoticias.com\/v3\/","name":"CVI NOTICIAS","description":"","publisher":{"@id":"https:\/\/cvinoticias.com\/v3\/#organization"},"alternateName":"CVI","potentialAction":[{"@type":"SearchAction","target":{"@type":"EntryPoint","urlTemplate":"https:\/\/cvinoticias.com\/v3\/?s={search_term_string}"},"query-input":{"@type":"PropertyValueSpecification","valueRequired":true,"valueName":"search_term_string"}}],"inLanguage":"es"},{"@type":"Organization","@id":"https:\/\/cvinoticias.com\/v3\/#organization","name":"CVI NOTICIAS","url":"https:\/\/cvinoticias.com\/v3\/","logo":{"@type":"ImageObject","inLanguage":"es","@id":"https:\/\/cvinoticias.com\/v3\/#\/schema\/logo\/image\/","url":"https:\/\/cvinoticias.com\/wp-content\/uploads\/2023\/04\/cropped-cropped-cropped-cropped-cropped-3-1.png","contentUrl":"https:\/\/cvinoticias.com\/wp-content\/uploads\/2023\/04\/cropped-cropped-cropped-cropped-cropped-3-1.png","width":95,"height":122,"caption":"CVI NOTICIAS"},"image":{"@id":"https:\/\/cvinoticias.com\/v3\/#\/schema\/logo\/image\/"},"sameAs":["https:\/\/www.facebook.com\/cvinoticias","https:\/\/www.instagram.com\/cvinoticias\/","https:\/\/www.youtube.com\/@CVINOTICIAS"]},{"@type":"Person","@id":"https:\/\/cvinoticias.com\/v3\/#\/schema\/person\/2db77e3c6bc03c538495d7b2b8be9b66","name":"f1000024","image":{"@type":"ImageObject","inLanguage":"es","@id":"https:\/\/secure.gravatar.com\/avatar\/d4fe7459cfc51ff5129ce1a732bbef5928568b8092d412ef95611616376bbeed?s=96&d=mm&r=g","url":"https:\/\/secure.gravatar.com\/avatar\/d4fe7459cfc51ff5129ce1a732bbef5928568b8092d412ef95611616376bbeed?s=96&d=mm&r=g","contentUrl":"https:\/\/secure.gravatar.com\/avatar\/d4fe7459cfc51ff5129ce1a732bbef5928568b8092d412ef95611616376bbeed?s=96&d=mm&r=g","caption":"f1000024"},"url":"https:\/\/cvinoticias.com\/v3\/author\/f1000024\/"}]}},"_links":{"self":[{"href":"https:\/\/cvinoticias.com\/v3\/wp-json\/wp\/v2\/posts\/24507","targetHints":{"allow":["GET"]}}],"collection":[{"href":"https:\/\/cvinoticias.com\/v3\/wp-json\/wp\/v2\/posts"}],"about":[{"href":"https:\/\/cvinoticias.com\/v3\/wp-json\/wp\/v2\/types\/post"}],"author":[{"embeddable":true,"href":"https:\/\/cvinoticias.com\/v3\/wp-json\/wp\/v2\/users\/2"}],"replies":[{"embeddable":true,"href":"https:\/\/cvinoticias.com\/v3\/wp-json\/wp\/v2\/comments?post=24507"}],"version-history":[{"count":1,"href":"https:\/\/cvinoticias.com\/v3\/wp-json\/wp\/v2\/posts\/24507\/revisions"}],"predecessor-version":[{"id":24509,"href":"https:\/\/cvinoticias.com\/v3\/wp-json\/wp\/v2\/posts\/24507\/revisions\/24509"}],"wp:featuredmedia":[{"embeddable":true,"href":"https:\/\/cvinoticias.com\/v3\/wp-json\/wp\/v2\/media\/24508"}],"wp:attachment":[{"href":"https:\/\/cvinoticias.com\/v3\/wp-json\/wp\/v2\/media?parent=24507"}],"wp:term":[{"taxonomy":"category","embeddable":true,"href":"https:\/\/cvinoticias.com\/v3\/wp-json\/wp\/v2\/categories?post=24507"},{"taxonomy":"post_tag","embeddable":true,"href":"https:\/\/cvinoticias.com\/v3\/wp-json\/wp\/v2\/tags?post=24507"}],"curies":[{"name":"wp","href":"https:\/\/api.w.org\/{rel}","templated":true}]}}