{"id":24499,"date":"2023-05-01T14:44:53","date_gmt":"2023-05-01T14:44:53","guid":{"rendered":"https:\/\/cvinoticias.com\/v3\/?p=24499"},"modified":"2023-05-01T14:44:53","modified_gmt":"2023-05-01T14:44:53","slug":"herrera-ahuad-los-misioneros-aprendimos-que-no-podemos-depender-de-factores-externos","status":"publish","type":"post","link":"https:\/\/cvinoticias.com\/v3\/herrera-ahuad-los-misioneros-aprendimos-que-no-podemos-depender-de-factores-externos\/","title":{"rendered":"Herrera Ahuad: \u201cLos Misioneros aprendimos que no podemos depender de factores externos \u201d"},"content":{"rendered":"\n<p><strong><em>El primer mandatario provincial brind\u00f3 su \u00faltimo informe de gesti\u00f3n en el Parlamento Misionero y dej\u00f3 inaugurado un nuevo per\u00edodo de Sesiones Ordinarias. En un discurso de fuerte reivindicaci\u00f3n pol\u00edtica, repas\u00f3 los logros de gesti\u00f3n y agradeci\u00f3 a todo el pueblo misionero por su acompa\u00f1amiento durante estos a\u00f1os. Destac\u00f3 el marcado contraste entre la realidad que vive la provincia y el clima de incertidumbre nacional.<\/em><\/strong><\/p>\n\n\n\n<p>(*) Por Nicol\u00e1s Marchiori<\/p>\n\n\n\n<p>Desde muy temprano, una gran cantidad de personas aport\u00f3 el calor militante colmando las inmediaciones del Parque Paraguayo de la ciudad de Posadas. Como es tradicional, cada 1\u00b0 de mayo la militancia renovadora se moviliz\u00f3 para acompa\u00f1ar a los dirigentes del gobierno provincial y adem\u00e1s festejar el D\u00eda del Trabajador.<\/p>\n\n\n\n<p>El gobernador Oscar Herrera Ahuad dej\u00f3 inaugurado el per\u00edodo de Sesiones Ordinarias de la Honorable C\u00e1mara de Representantes de Misiones correspondiente al a\u00f1o 2023 y brind\u00f3 su \u00faltimo informe de gesti\u00f3n al frente del Ejecutivo provincial.<\/p>\n\n\n\n<p>Visiblemente emocionado, destac\u00f3 los \u201ccasi cuatro a\u00f1os de enormes desaf\u00edos, de transformaciones globales sin precedentes, de escenarios nunca antes vistos, y sin lugar a dudas de logros extraordinarios que deben enorgullecernos a todos y cada uno de los misioneros y misioneras\u201d.<\/p>\n\n\n\n<p>En un discurso con importantes conceptos pol\u00edticos, el primer mandatario provincial remarc\u00f3 con \u00e9nfasis que los misioneros han aprendido que no pueden depender de factores externos, ni de la voluntad de actores de poder situados por fuera de fronteras provinciales, para definir el destino de Misiones. Herrera Ahuad enumer\u00f3 los diferentes eventos que tuvieron lugar en estos \u00faltimos a\u00f1os y que derivaron en un complejo escenario: la pandemia del coronavirus, las consecuencias de la guerra de Ucrania que tuvieron un impacto mundial, sequ\u00edas y crisis clim\u00e1ticas varias, la inflaci\u00f3n asfixiante de una econom\u00eda nacional cerrada que pierde competitividad, y la grieta pol\u00edtica que enfrenta a hermanos argentinos en divisiones est\u00e9riles; destacando que, pese a ello, Misiones en ning\u00fan momento dej\u00f3 de crecer ni de crear bienestar para su poblaci\u00f3n.<\/p>\n\n\n\n<p>El gobernador destac\u00f3 que el plan que se ha podido hacer realidad en la provincia fue posible gracias al Ing. Carlos Rovira que \u201cno solamente entendi\u00f3 como pocos dirigentes hacia d\u00f3nde avanza el mundo, sino que supo dise\u00f1ar una estrategia para integrar a Misiones a estos procesos internacionales, estableciendo la visi\u00f3n de la Provincia Startup, en la que las ideas y emprendimientos prosperan, generando trabajo y oportunidades\u201d. Al mismo tiempo, sostuvo que al crear el Frente Renovador de la Concordia, el Ing. Carlos Rovira supo construir algo mucho m\u00e1s importante que un proyecto pol\u00edtico s\u00f3lido y eficaz: \u201csent\u00f3 las bases de un modelo en el que conviven la experiencia y las nuevas generaciones, y del que surgen permanentemente nuevos liderazgos, en un esquema de competencia abierta y participativa de plena democracia\u201d.<\/p>\n\n\n\n<p>Explic\u00f3 que \u201cla gran suma\u201d es la conjunci\u00f3n de talentos y capacidades de todos los sectores para avanzar hacia la econom\u00eda del conocimiento, y parafrase\u00f3 al Ing. Rovira: \u201cen Misiones hay una sola empresa, que es la felicidad del pueblo; y ah\u00ed caben todos; y ah\u00ed est\u00e1n todos invitados\u201d.<\/p>\n\n\n\n<p><strong>El contraste entre Misiones y la Naci\u00f3n<\/strong><\/p>\n\n\n\n<p>Herrera Ahuad reivindic\u00f3 \u201ccon profunda convicci\u00f3n\u201d todo lo logrado en la tierra colorada, destacando con \u00e9nfasis que \u201cdesde un territorio joven, alejado de los grandes centros urbanos y econ\u00f3micos, sin regal\u00edas ni rentas extraordinarias, y castigados por un sistema de distribuci\u00f3n de impuestos nacionales inequitativo que vulnera el federalismo, alzamos nuestra voz para reclamar lo que nos corresponde por derecho, pero nunca quedamos en ese reclamo, sino que avanzamos en construir en forma aut\u00f3noma las condiciones de nuestro desarrollo. Y los resultados son reconocidos por nuestra ciudadan\u00eda y por cada persona que nos visita\u201d.<\/p>\n\n\n\n<p>El mandatario misionero manifest\u00f3 que desde Misiones se observa con preocupaci\u00f3n la expansi\u00f3n nacional y global de la amenaza del ego\u00edsmo y la violencia, que conduce a la desintegraci\u00f3n social. En paralelo destac\u00f3 que la ciudadan\u00eda expresa con claridad en cada encuesta de opini\u00f3n p\u00fablica que se realiza que la inflaci\u00f3n y la inseguridad son flagelos permanentes que dejan al descubierto el fracaso de un modelo que asfixia a las empresas y abandona a la gente. \u201cCreemos firmemente en la importancia de consolidar una comunidad solidaria y justa a partir de pol\u00edticas p\u00fablicas serias y sostenidas en el tiempo, en la que el Estado desempe\u00f1e el papel de promotor del desarrollo individual y colectivo, respetando y haciendo respetar la libertad de cada uno de construir su propio proyecto de vida y felicidad\u201d, remarc\u00f3.<\/p>\n\n\n\n<p>Con agudeza anal\u00edtica, se\u00f1al\u00f3 que \u201cla crisis m\u00e1s grave que vive la Naci\u00f3n, entonces es la crisis de los valores, de principios \u00e9ticos y morales que se\u00f1alen el rumbo de los que est\u00e1n bien y constituyan la base del indispensable acuerdo pol\u00edtico para recuperaci\u00f3n del progreso con inclusi\u00f3n\u201d. Seguidamente, recalc\u00f3 las grandes diferencias con la Naci\u00f3n al expresar que cada vez que en Misiones se implementa un programa, se aprueba una ley o se crea una herramienta p\u00fablica, el gobierno lo hace con la clara visi\u00f3n pol\u00edtica de seguir el camino correcto, que no es necesariamente el m\u00e1s sencillo ni el m\u00e1s r\u00e1pido, pero si el m\u00e1s firme a seguir para erradicar el subdesarrollo y la marginalidad en la provincia. Y subray\u00f3: \u201cEn Misiones las reglas son claras y equitativas, y se cumplen\u201d.<\/p>\n\n\n\n<p><strong>La solvencia del modelo misionero<\/strong><\/p>\n\n\n\n<p>En otro tramo de su discurso, el gobernador Herrera Ahuad se pregunt\u00f3 \u201c\u00bfpor qu\u00e9 decimos que Misiones es una provincia startup?\u201d, y seguidamente respondi\u00f3: \u201cporque logramos, con gran esfuerzo compartido, generar las condiciones para que el talento creativo, la tecnolog\u00eda y la cultura del trabajo y el esfuerzo se articulen para motorizar el crecimiento m\u00e1s impresionante de la historial provincial, con caracter\u00edsticas in\u00e9ditas que se expresan en el equilibrio entre producci\u00f3n, ambiente y desarrollo social\u201d.<\/p>\n\n\n\n<p>El mandatario explic\u00f3 que los ejes de gobierno que gu\u00edan el modelo misionero se expresan en tres conceptos: 1) La Integraci\u00f3n: entendida como inversi\u00f3n en infraestructura y servicios para distribuir las condiciones del desarrollo en el territorio; 2) La Innovaci\u00f3n, que representa el aprovechamiento de los avances en ciencia y t\u00e9cnica, en inform\u00e1tica y comunicaciones, en la conformaci\u00f3n de una econom\u00eda pero tambi\u00e9n una sociedad din\u00e1mica, avanzada y progresista; y 3) La Inclusi\u00f3n, que representa el compromiso \u00e9tico de construir una comunidad sin marginados ni perdedores, sino que tenga lugar para las diversas capacidades y realidades personales a partir de la provisi\u00f3n de bienes y servicios b\u00e1sicos para la dignidad y prosperidad de hombres y mujeres.<\/p>\n\n\n\n<p>Visiblemente orgulloso, destac\u00f3 que Misiones es la octava econom\u00eda del pa\u00eds, y noveno distrito por cantidad de habitantes, lo que la convierte en l\u00edder del NEA en poblaci\u00f3n y producci\u00f3n. \u201cCrecemos en forma distribuida, a lo largo de nuestra geograf\u00eda, con descentralizaci\u00f3n productiva y desarrollo de ciudades y pueblos\u201d, asever\u00f3.<\/p>\n\n\n\n<p>Herrera Ahuad indic\u00f3 que la provincia posee un modelo equilibrado y sostenible que permite un mejor aprovechamiento de los recursos, posibilita el arraigo poblacional y un progreso justo, pero tambi\u00e9n implica enormes desaf\u00edos de atenci\u00f3n en materia de infraestructura y servicios, para llegar a puntos distantes con energ\u00eda, caminos, escuelas y hospitales, con seguridad y justicia, con conectividad a Internet, para hacer realidad la igualdad de oportunidades que es un derecho de cada misionero. Y enfatiz\u00f3: \u201ccada obra que planificamos responde a una visi\u00f3n que trasciende la coyuntura, porque se piensa para las pr\u00f3ximas d\u00e9cadas, de cara al desaf\u00edo de hacer de Misiones un caso in\u00e9dito de sinergia virtuosa entre el sector p\u00fablico y el privado: por un lado, un Estado inteligente que brinda las bases pol\u00edticas, jur\u00eddicas y socioecon\u00f3micas para que la iniciativa privada prospere, genere innovaci\u00f3n y empleo; y por otro, un empresariado pujante, responsable y comprometido, que invierte en su provincia con criterios de calidad\u201d.<\/p>\n\n\n\n<p>Asimismo, el gobernador hizo referencia al dif\u00edcil contexto econ\u00f3mico nacional que afecta a empresas y trabajadores de todo el pa\u00eds, y que Misiones no es una excepci\u00f3n. Pero, detall\u00f3 que la diferencia de Misiones respecto del resto del pa\u00eds radica en la administraci\u00f3n inteligente de sus recursos y herramientas, para acompa\u00f1ar al sector productivo y de servicios en el sostenimiento de la actividad y la generaci\u00f3n de empleo, potenciando el c\u00edrculo virtuoso que se refleja en el crecimiento ininterrumpido de los \u00faltimos a\u00f1os.<\/p>\n\n\n\n<p><strong>Gobernar creando realidades<\/strong><\/p>\n\n\n\n<p>Los n\u00fameros presentados por Oscar Herrera Ahuad reflejan la solidez del crecimiento que logr\u00f3 la provincia en la producci\u00f3n, los servicios, el empleo y las exportaciones. Los indicadores dados a conocer por el mandatario provincial explican con contundencia el buen presente de Misiones, pese a un contexto de crisis econ\u00f3mica nacional.<\/p>\n\n\n\n<p>En el a\u00f1o 2022 la actividad hotelera y gastron\u00f3mica mostro\u0301 un incremento en su facturaci\u00f3n de m\u00e1s del 80% en t\u00e9rminos reales, es decir, descontado el efecto inflacionario. Por su parte, el comercio increment\u00f3 su facturaci\u00f3n en m\u00e1s del 6% y los servicios de esparcimiento y cultura en un 51%, donde, por ejemplo, el indicador de entradas de cine vendidas muestra un aumento del 194%. En hoteler\u00eda, las pernoctaciones en Posadas crecieron un 265%, y en Iguaz\u00fa\u0301 el aumento fue del 444%. Las compras de veh\u00edculos 0km se incrementaron m\u00e1s del 6%, y las de motos subieron en los \u00faltimos tres a\u00f1os un 75% acumulado frente a una media nacional de 57,1%. Los servicios de transporte y almacenamiento crecieron m\u00e1s del 24%, la construcci\u00f3n p\u00fablico privada alrededor del 4% y los servicios inmobiliarios m\u00e1s del 7%.<\/p>\n\n\n\n<p>El empleo privado en Misiones creci\u00f3 en el \u00faltimo a\u00f1o casi 6%, superando a la media nacional, que fue de 4,4%. El consumo de combustible reflej\u00f3 un aumento interanual de 3,3%, frente a una ca\u00edda nacional de 0,3%. La inscripci\u00f3n de maquinarias nuevas para la industria y el campo tambi\u00e9n creci\u00f3 en el \u00faltimo a\u00f1o 33,3% frente a una ca\u00edda de la media nacional de 1,87%. Las exportaciones totales en d\u00f3lares crecieron m\u00e1s del 7% en lo que hace al primer semestre del a\u00f1o 2022. De estas ventas al mundo, un 28% corresponde a pasta para papel, un 20% al t\u00e9 y un 14% a la yerba mate. Las manufacturas de origen industrial aumentaron un 17,8%. La foresto-industria representa el 60,7% del monto total que se exporta, y de ah\u00ed\u0301 se destaca la pasta qu\u00edmica, con un 46%, la madera aserrada con un 26%, y la madera en bruto con un 14%.<\/p>\n\n\n\n<p>Cabe mencionar que todos los productos del rubro aumentaron el 16,6% en monto y que la industria en la fabricaci\u00f3n de muebles creci\u00f3\u0301 un 10,4% en su facturaci\u00f3n real; esto motivado por el empuje y din\u00e1mica de sus exportaciones. Esta performance del comercio internacional misionero se dio en condiciones sumamente desfavorables, con un atraso cambiario que restaba competitividad a nuestros sectores exportadores, que no fueron incluidos en una primera instancia en las 5 medidas de promoci\u00f3n implementadas previamente, como las diferentes versiones del llamado d\u00f3lar-soja.<\/p>\n\n\n\n<p>Herrera Ahuad destac\u00f3 que gracias al decidido y firme reclamo que llev\u00f3 adelante el gobierno provincial ante la Naci\u00f3n, se logr\u00f3 una hist\u00f3rica reivindicaci\u00f3n y justa reparaci\u00f3n, mediante la instauraci\u00f3n del Programa de Incremento Exportador, que fija un d\u00f3lar exportador a $300 para los productos exportables de Misiones: madera, t\u00e9 y tabaco. Estos son resultados concretos de la sistem\u00e1tica defensa de los intereses de los misioneros, que permiten obtener respuestas tangibles como en este caso, con una mejora de un 40% en la rentabilidad de la producci\u00f3n local. En Posadas, en el segundo trimestre de 2.022 se registr\u00f3 la tasa de actividad m\u00e1s alta de los \u00faltimos 30 a\u00f1os, con un 50,9% de la poblaci\u00f3n. Por su parte, la tasa de desocupaci\u00f3n disminuyo\u0301 al 2,6%. En la capital provincial, en el a\u00f1o que pas\u00f3 y pese al contexto nacional, se crearon 12.000 puestos de trabajo.<\/p>\n\n\n\n<p><strong>(*) Abogado. Diplomado en Manejo de Crisis y en An\u00e1lisis de Procesos Electorales. Especializado en Comunicaci\u00f3n de Gobierno y Electoral.<\/strong><\/p>\n","protected":false},"excerpt":{"rendered":"<p>El primer mandatario provincial brind\u00f3 su \u00faltimo informe de gesti\u00f3n en el Parlamento Misionero y dej\u00f3 inaugurado un nuevo per\u00edodo de Sesiones Ordinarias. En un discurso de fuerte reivindicaci\u00f3n pol\u00edtica, repas\u00f3 los logros de gesti\u00f3n y agradeci\u00f3 a todo el pueblo misionero por su acompa\u00f1amiento durante estos a\u00f1os. Destac\u00f3 el marcado contraste entre la realidad [&hellip;]<\/p>\n","protected":false},"author":2,"featured_media":24501,"comment_status":"open","ping_status":"open","sticky":false,"template":"","format":"standard","meta":{"footnotes":""},"categories":[43],"tags":[],"class_list":["post-24499","post","type-post","status-publish","format-standard","has-post-thumbnail","hentry","category-provinciales"],"yoast_head":"<!-- This site is optimized with the Yoast SEO plugin v27.4 - https:\/\/yoast.com\/product\/yoast-seo-wordpress\/ -->\n<title>Herrera Ahuad: \u201cLos Misioneros aprendimos que no podemos depender de factores externos \u201d | CVI NOTICIAS<\/title>\n<meta name=\"robots\" content=\"index, follow, max-snippet:-1, max-image-preview:large, max-video-preview:-1\" \/>\n<link rel=\"canonical\" href=\"https:\/\/cvinoticias.com\/v3\/herrera-ahuad-los-misioneros-aprendimos-que-no-podemos-depender-de-factores-externos\/\" \/>\n<meta property=\"og:locale\" content=\"es_ES\" \/>\n<meta property=\"og:type\" content=\"article\" \/>\n<meta property=\"og:title\" content=\"Herrera Ahuad: \u201cLos Misioneros aprendimos que no podemos depender de factores externos \u201d | CVI NOTICIAS\" \/>\n<meta property=\"og:description\" content=\"El primer mandatario provincial brind\u00f3 su \u00faltimo informe de gesti\u00f3n en el Parlamento Misionero y dej\u00f3 inaugurado un nuevo per\u00edodo de Sesiones Ordinarias. En un discurso de fuerte reivindicaci\u00f3n pol\u00edtica, repas\u00f3 los logros de gesti\u00f3n y agradeci\u00f3 a todo el pueblo misionero por su acompa\u00f1amiento durante estos a\u00f1os. Destac\u00f3 el marcado contraste entre la realidad [&hellip;]\" \/>\n<meta property=\"og:url\" content=\"https:\/\/cvinoticias.com\/v3\/herrera-ahuad-los-misioneros-aprendimos-que-no-podemos-depender-de-factores-externos\/\" \/>\n<meta property=\"og:site_name\" content=\"CVI NOTICIAS\" \/>\n<meta property=\"article:publisher\" content=\"https:\/\/www.facebook.com\/cvinoticias\" \/>\n<meta property=\"article:published_time\" content=\"2023-05-01T14:44:53+00:00\" \/>\n<meta property=\"og:image\" content=\"https:\/\/cvinoticias.com\/wp-content\/uploads\/2023\/05\/IMG-20230501-WA0018.jpg\" \/>\n\t<meta property=\"og:image:width\" content=\"1600\" \/>\n\t<meta property=\"og:image:height\" content=\"900\" \/>\n\t<meta property=\"og:image:type\" content=\"image\/jpeg\" \/>\n<meta name=\"author\" content=\"f1000024\" \/>\n<meta name=\"twitter:card\" content=\"summary_large_image\" \/>\n<meta name=\"twitter:label1\" content=\"Escrito por\" \/>\n\t<meta name=\"twitter:data1\" content=\"f1000024\" \/>\n\t<meta name=\"twitter:label2\" content=\"Tiempo de lectura\" \/>\n\t<meta name=\"twitter:data2\" content=\"10 minutos\" \/>\n<script type=\"application\/ld+json\" class=\"yoast-schema-graph\">{\"@context\":\"https:\\\/\\\/schema.org\",\"@graph\":[{\"@type\":\"Article\",\"@id\":\"https:\\\/\\\/cvinoticias.com\\\/v3\\\/herrera-ahuad-los-misioneros-aprendimos-que-no-podemos-depender-de-factores-externos\\\/#article\",\"isPartOf\":{\"@id\":\"https:\\\/\\\/cvinoticias.com\\\/v3\\\/herrera-ahuad-los-misioneros-aprendimos-que-no-podemos-depender-de-factores-externos\\\/\"},\"author\":{\"name\":\"f1000024\",\"@id\":\"https:\\\/\\\/cvinoticias.com\\\/v3\\\/#\\\/schema\\\/person\\\/2db77e3c6bc03c538495d7b2b8be9b66\"},\"headline\":\"Herrera Ahuad: \u201cLos Misioneros aprendimos que no podemos depender de factores externos \u201d\",\"datePublished\":\"2023-05-01T14:44:53+00:00\",\"mainEntityOfPage\":{\"@id\":\"https:\\\/\\\/cvinoticias.com\\\/v3\\\/herrera-ahuad-los-misioneros-aprendimos-que-no-podemos-depender-de-factores-externos\\\/\"},\"wordCount\":2085,\"commentCount\":0,\"publisher\":{\"@id\":\"https:\\\/\\\/cvinoticias.com\\\/v3\\\/#organization\"},\"image\":{\"@id\":\"https:\\\/\\\/cvinoticias.com\\\/v3\\\/herrera-ahuad-los-misioneros-aprendimos-que-no-podemos-depender-de-factores-externos\\\/#primaryimage\"},\"thumbnailUrl\":\"https:\\\/\\\/cvinoticias.com\\\/wp-content\\\/uploads\\\/2023\\\/05\\\/IMG-20230501-WA0018.jpg\",\"articleSection\":[\"Provinciales\"],\"inLanguage\":\"es\",\"potentialAction\":[{\"@type\":\"CommentAction\",\"name\":\"Comment\",\"target\":[\"https:\\\/\\\/cvinoticias.com\\\/v3\\\/herrera-ahuad-los-misioneros-aprendimos-que-no-podemos-depender-de-factores-externos\\\/#respond\"]}]},{\"@type\":\"WebPage\",\"@id\":\"https:\\\/\\\/cvinoticias.com\\\/v3\\\/herrera-ahuad-los-misioneros-aprendimos-que-no-podemos-depender-de-factores-externos\\\/\",\"url\":\"https:\\\/\\\/cvinoticias.com\\\/v3\\\/herrera-ahuad-los-misioneros-aprendimos-que-no-podemos-depender-de-factores-externos\\\/\",\"name\":\"Herrera Ahuad: \u201cLos Misioneros aprendimos que no podemos depender de factores externos \u201d | CVI NOTICIAS\",\"isPartOf\":{\"@id\":\"https:\\\/\\\/cvinoticias.com\\\/v3\\\/#website\"},\"primaryImageOfPage\":{\"@id\":\"https:\\\/\\\/cvinoticias.com\\\/v3\\\/herrera-ahuad-los-misioneros-aprendimos-que-no-podemos-depender-de-factores-externos\\\/#primaryimage\"},\"image\":{\"@id\":\"https:\\\/\\\/cvinoticias.com\\\/v3\\\/herrera-ahuad-los-misioneros-aprendimos-que-no-podemos-depender-de-factores-externos\\\/#primaryimage\"},\"thumbnailUrl\":\"https:\\\/\\\/cvinoticias.com\\\/wp-content\\\/uploads\\\/2023\\\/05\\\/IMG-20230501-WA0018.jpg\",\"datePublished\":\"2023-05-01T14:44:53+00:00\",\"breadcrumb\":{\"@id\":\"https:\\\/\\\/cvinoticias.com\\\/v3\\\/herrera-ahuad-los-misioneros-aprendimos-que-no-podemos-depender-de-factores-externos\\\/#breadcrumb\"},\"inLanguage\":\"es\",\"potentialAction\":[{\"@type\":\"ReadAction\",\"target\":[\"https:\\\/\\\/cvinoticias.com\\\/v3\\\/herrera-ahuad-los-misioneros-aprendimos-que-no-podemos-depender-de-factores-externos\\\/\"]}]},{\"@type\":\"ImageObject\",\"inLanguage\":\"es\",\"@id\":\"https:\\\/\\\/cvinoticias.com\\\/v3\\\/herrera-ahuad-los-misioneros-aprendimos-que-no-podemos-depender-de-factores-externos\\\/#primaryimage\",\"url\":\"https:\\\/\\\/cvinoticias.com\\\/wp-content\\\/uploads\\\/2023\\\/05\\\/IMG-20230501-WA0018.jpg\",\"contentUrl\":\"https:\\\/\\\/cvinoticias.com\\\/wp-content\\\/uploads\\\/2023\\\/05\\\/IMG-20230501-WA0018.jpg\",\"width\":1600,\"height\":900},{\"@type\":\"BreadcrumbList\",\"@id\":\"https:\\\/\\\/cvinoticias.com\\\/v3\\\/herrera-ahuad-los-misioneros-aprendimos-que-no-podemos-depender-de-factores-externos\\\/#breadcrumb\",\"itemListElement\":[{\"@type\":\"ListItem\",\"position\":1,\"name\":\"Portada\",\"item\":\"https:\\\/\\\/cvinoticias.com\\\/v3\\\/\"},{\"@type\":\"ListItem\",\"position\":2,\"name\":\"Herrera Ahuad: \u201cLos Misioneros aprendimos que no podemos depender de factores externos \u201d\"}]},{\"@type\":\"WebSite\",\"@id\":\"https:\\\/\\\/cvinoticias.com\\\/v3\\\/#website\",\"url\":\"https:\\\/\\\/cvinoticias.com\\\/v3\\\/\",\"name\":\"CVI NOTICIAS\",\"description\":\"\",\"publisher\":{\"@id\":\"https:\\\/\\\/cvinoticias.com\\\/v3\\\/#organization\"},\"alternateName\":\"CVI\",\"potentialAction\":[{\"@type\":\"SearchAction\",\"target\":{\"@type\":\"EntryPoint\",\"urlTemplate\":\"https:\\\/\\\/cvinoticias.com\\\/v3\\\/?s={search_term_string}\"},\"query-input\":{\"@type\":\"PropertyValueSpecification\",\"valueRequired\":true,\"valueName\":\"search_term_string\"}}],\"inLanguage\":\"es\"},{\"@type\":\"Organization\",\"@id\":\"https:\\\/\\\/cvinoticias.com\\\/v3\\\/#organization\",\"name\":\"CVI NOTICIAS\",\"url\":\"https:\\\/\\\/cvinoticias.com\\\/v3\\\/\",\"logo\":{\"@type\":\"ImageObject\",\"inLanguage\":\"es\",\"@id\":\"https:\\\/\\\/cvinoticias.com\\\/v3\\\/#\\\/schema\\\/logo\\\/image\\\/\",\"url\":\"https:\\\/\\\/cvinoticias.com\\\/wp-content\\\/uploads\\\/2023\\\/04\\\/cropped-cropped-cropped-cropped-cropped-3-1.png\",\"contentUrl\":\"https:\\\/\\\/cvinoticias.com\\\/wp-content\\\/uploads\\\/2023\\\/04\\\/cropped-cropped-cropped-cropped-cropped-3-1.png\",\"width\":95,\"height\":122,\"caption\":\"CVI NOTICIAS\"},\"image\":{\"@id\":\"https:\\\/\\\/cvinoticias.com\\\/v3\\\/#\\\/schema\\\/logo\\\/image\\\/\"},\"sameAs\":[\"https:\\\/\\\/www.facebook.com\\\/cvinoticias\",\"https:\\\/\\\/www.instagram.com\\\/cvinoticias\\\/\",\"https:\\\/\\\/www.youtube.com\\\/@CVINOTICIAS\"]},{\"@type\":\"Person\",\"@id\":\"https:\\\/\\\/cvinoticias.com\\\/v3\\\/#\\\/schema\\\/person\\\/2db77e3c6bc03c538495d7b2b8be9b66\",\"name\":\"f1000024\",\"image\":{\"@type\":\"ImageObject\",\"inLanguage\":\"es\",\"@id\":\"https:\\\/\\\/secure.gravatar.com\\\/avatar\\\/d4fe7459cfc51ff5129ce1a732bbef5928568b8092d412ef95611616376bbeed?s=96&d=mm&r=g\",\"url\":\"https:\\\/\\\/secure.gravatar.com\\\/avatar\\\/d4fe7459cfc51ff5129ce1a732bbef5928568b8092d412ef95611616376bbeed?s=96&d=mm&r=g\",\"contentUrl\":\"https:\\\/\\\/secure.gravatar.com\\\/avatar\\\/d4fe7459cfc51ff5129ce1a732bbef5928568b8092d412ef95611616376bbeed?s=96&d=mm&r=g\",\"caption\":\"f1000024\"},\"url\":\"https:\\\/\\\/cvinoticias.com\\\/v3\\\/author\\\/f1000024\\\/\"}]}<\/script>\n<!-- \/ Yoast SEO plugin. -->","yoast_head_json":{"title":"Herrera Ahuad: \u201cLos Misioneros aprendimos que no podemos depender de factores externos \u201d | CVI NOTICIAS","robots":{"index":"index","follow":"follow","max-snippet":"max-snippet:-1","max-image-preview":"max-image-preview:large","max-video-preview":"max-video-preview:-1"},"canonical":"https:\/\/cvinoticias.com\/v3\/herrera-ahuad-los-misioneros-aprendimos-que-no-podemos-depender-de-factores-externos\/","og_locale":"es_ES","og_type":"article","og_title":"Herrera Ahuad: \u201cLos Misioneros aprendimos que no podemos depender de factores externos \u201d | CVI NOTICIAS","og_description":"El primer mandatario provincial brind\u00f3 su \u00faltimo informe de gesti\u00f3n en el Parlamento Misionero y dej\u00f3 inaugurado un nuevo per\u00edodo de Sesiones Ordinarias. En un discurso de fuerte reivindicaci\u00f3n pol\u00edtica, repas\u00f3 los logros de gesti\u00f3n y agradeci\u00f3 a todo el pueblo misionero por su acompa\u00f1amiento durante estos a\u00f1os. Destac\u00f3 el marcado contraste entre la realidad [&hellip;]","og_url":"https:\/\/cvinoticias.com\/v3\/herrera-ahuad-los-misioneros-aprendimos-que-no-podemos-depender-de-factores-externos\/","og_site_name":"CVI NOTICIAS","article_publisher":"https:\/\/www.facebook.com\/cvinoticias","article_published_time":"2023-05-01T14:44:53+00:00","og_image":[{"width":1600,"height":900,"url":"https:\/\/cvinoticias.com\/wp-content\/uploads\/2023\/05\/IMG-20230501-WA0018.jpg","type":"image\/jpeg"}],"author":"f1000024","twitter_card":"summary_large_image","twitter_misc":{"Escrito por":"f1000024","Tiempo de lectura":"10 minutos"},"schema":{"@context":"https:\/\/schema.org","@graph":[{"@type":"Article","@id":"https:\/\/cvinoticias.com\/v3\/herrera-ahuad-los-misioneros-aprendimos-que-no-podemos-depender-de-factores-externos\/#article","isPartOf":{"@id":"https:\/\/cvinoticias.com\/v3\/herrera-ahuad-los-misioneros-aprendimos-que-no-podemos-depender-de-factores-externos\/"},"author":{"name":"f1000024","@id":"https:\/\/cvinoticias.com\/v3\/#\/schema\/person\/2db77e3c6bc03c538495d7b2b8be9b66"},"headline":"Herrera Ahuad: \u201cLos Misioneros aprendimos que no podemos depender de factores externos \u201d","datePublished":"2023-05-01T14:44:53+00:00","mainEntityOfPage":{"@id":"https:\/\/cvinoticias.com\/v3\/herrera-ahuad-los-misioneros-aprendimos-que-no-podemos-depender-de-factores-externos\/"},"wordCount":2085,"commentCount":0,"publisher":{"@id":"https:\/\/cvinoticias.com\/v3\/#organization"},"image":{"@id":"https:\/\/cvinoticias.com\/v3\/herrera-ahuad-los-misioneros-aprendimos-que-no-podemos-depender-de-factores-externos\/#primaryimage"},"thumbnailUrl":"https:\/\/cvinoticias.com\/wp-content\/uploads\/2023\/05\/IMG-20230501-WA0018.jpg","articleSection":["Provinciales"],"inLanguage":"es","potentialAction":[{"@type":"CommentAction","name":"Comment","target":["https:\/\/cvinoticias.com\/v3\/herrera-ahuad-los-misioneros-aprendimos-que-no-podemos-depender-de-factores-externos\/#respond"]}]},{"@type":"WebPage","@id":"https:\/\/cvinoticias.com\/v3\/herrera-ahuad-los-misioneros-aprendimos-que-no-podemos-depender-de-factores-externos\/","url":"https:\/\/cvinoticias.com\/v3\/herrera-ahuad-los-misioneros-aprendimos-que-no-podemos-depender-de-factores-externos\/","name":"Herrera Ahuad: \u201cLos Misioneros aprendimos que no podemos depender de factores externos \u201d | CVI NOTICIAS","isPartOf":{"@id":"https:\/\/cvinoticias.com\/v3\/#website"},"primaryImageOfPage":{"@id":"https:\/\/cvinoticias.com\/v3\/herrera-ahuad-los-misioneros-aprendimos-que-no-podemos-depender-de-factores-externos\/#primaryimage"},"image":{"@id":"https:\/\/cvinoticias.com\/v3\/herrera-ahuad-los-misioneros-aprendimos-que-no-podemos-depender-de-factores-externos\/#primaryimage"},"thumbnailUrl":"https:\/\/cvinoticias.com\/wp-content\/uploads\/2023\/05\/IMG-20230501-WA0018.jpg","datePublished":"2023-05-01T14:44:53+00:00","breadcrumb":{"@id":"https:\/\/cvinoticias.com\/v3\/herrera-ahuad-los-misioneros-aprendimos-que-no-podemos-depender-de-factores-externos\/#breadcrumb"},"inLanguage":"es","potentialAction":[{"@type":"ReadAction","target":["https:\/\/cvinoticias.com\/v3\/herrera-ahuad-los-misioneros-aprendimos-que-no-podemos-depender-de-factores-externos\/"]}]},{"@type":"ImageObject","inLanguage":"es","@id":"https:\/\/cvinoticias.com\/v3\/herrera-ahuad-los-misioneros-aprendimos-que-no-podemos-depender-de-factores-externos\/#primaryimage","url":"https:\/\/cvinoticias.com\/wp-content\/uploads\/2023\/05\/IMG-20230501-WA0018.jpg","contentUrl":"https:\/\/cvinoticias.com\/wp-content\/uploads\/2023\/05\/IMG-20230501-WA0018.jpg","width":1600,"height":900},{"@type":"BreadcrumbList","@id":"https:\/\/cvinoticias.com\/v3\/herrera-ahuad-los-misioneros-aprendimos-que-no-podemos-depender-de-factores-externos\/#breadcrumb","itemListElement":[{"@type":"ListItem","position":1,"name":"Portada","item":"https:\/\/cvinoticias.com\/v3\/"},{"@type":"ListItem","position":2,"name":"Herrera Ahuad: \u201cLos Misioneros aprendimos que no podemos depender de factores externos \u201d"}]},{"@type":"WebSite","@id":"https:\/\/cvinoticias.com\/v3\/#website","url":"https:\/\/cvinoticias.com\/v3\/","name":"CVI NOTICIAS","description":"","publisher":{"@id":"https:\/\/cvinoticias.com\/v3\/#organization"},"alternateName":"CVI","potentialAction":[{"@type":"SearchAction","target":{"@type":"EntryPoint","urlTemplate":"https:\/\/cvinoticias.com\/v3\/?s={search_term_string}"},"query-input":{"@type":"PropertyValueSpecification","valueRequired":true,"valueName":"search_term_string"}}],"inLanguage":"es"},{"@type":"Organization","@id":"https:\/\/cvinoticias.com\/v3\/#organization","name":"CVI NOTICIAS","url":"https:\/\/cvinoticias.com\/v3\/","logo":{"@type":"ImageObject","inLanguage":"es","@id":"https:\/\/cvinoticias.com\/v3\/#\/schema\/logo\/image\/","url":"https:\/\/cvinoticias.com\/wp-content\/uploads\/2023\/04\/cropped-cropped-cropped-cropped-cropped-3-1.png","contentUrl":"https:\/\/cvinoticias.com\/wp-content\/uploads\/2023\/04\/cropped-cropped-cropped-cropped-cropped-3-1.png","width":95,"height":122,"caption":"CVI NOTICIAS"},"image":{"@id":"https:\/\/cvinoticias.com\/v3\/#\/schema\/logo\/image\/"},"sameAs":["https:\/\/www.facebook.com\/cvinoticias","https:\/\/www.instagram.com\/cvinoticias\/","https:\/\/www.youtube.com\/@CVINOTICIAS"]},{"@type":"Person","@id":"https:\/\/cvinoticias.com\/v3\/#\/schema\/person\/2db77e3c6bc03c538495d7b2b8be9b66","name":"f1000024","image":{"@type":"ImageObject","inLanguage":"es","@id":"https:\/\/secure.gravatar.com\/avatar\/d4fe7459cfc51ff5129ce1a732bbef5928568b8092d412ef95611616376bbeed?s=96&d=mm&r=g","url":"https:\/\/secure.gravatar.com\/avatar\/d4fe7459cfc51ff5129ce1a732bbef5928568b8092d412ef95611616376bbeed?s=96&d=mm&r=g","contentUrl":"https:\/\/secure.gravatar.com\/avatar\/d4fe7459cfc51ff5129ce1a732bbef5928568b8092d412ef95611616376bbeed?s=96&d=mm&r=g","caption":"f1000024"},"url":"https:\/\/cvinoticias.com\/v3\/author\/f1000024\/"}]}},"_links":{"self":[{"href":"https:\/\/cvinoticias.com\/v3\/wp-json\/wp\/v2\/posts\/24499","targetHints":{"allow":["GET"]}}],"collection":[{"href":"https:\/\/cvinoticias.com\/v3\/wp-json\/wp\/v2\/posts"}],"about":[{"href":"https:\/\/cvinoticias.com\/v3\/wp-json\/wp\/v2\/types\/post"}],"author":[{"embeddable":true,"href":"https:\/\/cvinoticias.com\/v3\/wp-json\/wp\/v2\/users\/2"}],"replies":[{"embeddable":true,"href":"https:\/\/cvinoticias.com\/v3\/wp-json\/wp\/v2\/comments?post=24499"}],"version-history":[{"count":1,"href":"https:\/\/cvinoticias.com\/v3\/wp-json\/wp\/v2\/posts\/24499\/revisions"}],"predecessor-version":[{"id":24502,"href":"https:\/\/cvinoticias.com\/v3\/wp-json\/wp\/v2\/posts\/24499\/revisions\/24502"}],"wp:featuredmedia":[{"embeddable":true,"href":"https:\/\/cvinoticias.com\/v3\/wp-json\/wp\/v2\/media\/24501"}],"wp:attachment":[{"href":"https:\/\/cvinoticias.com\/v3\/wp-json\/wp\/v2\/media?parent=24499"}],"wp:term":[{"taxonomy":"category","embeddable":true,"href":"https:\/\/cvinoticias.com\/v3\/wp-json\/wp\/v2\/categories?post=24499"},{"taxonomy":"post_tag","embeddable":true,"href":"https:\/\/cvinoticias.com\/v3\/wp-json\/wp\/v2\/tags?post=24499"}],"curies":[{"name":"wp","href":"https:\/\/api.w.org\/{rel}","templated":true}]}}