{"id":24487,"date":"2023-04-30T22:23:04","date_gmt":"2023-04-30T22:23:04","guid":{"rendered":"https:\/\/cvinoticias.com\/v3\/?p=24487"},"modified":"2023-04-30T22:23:04","modified_gmt":"2023-04-30T22:23:04","slug":"iguazu-celebro-el-dia-internacional-de-la-danza-2023","status":"publish","type":"post","link":"https:\/\/cvinoticias.com\/v3\/iguazu-celebro-el-dia-internacional-de-la-danza-2023\/","title":{"rendered":"Iguaz\u00fa: Celebr\u00f3 el d\u00eda internacional de la danza 2023"},"content":{"rendered":"\n<p><strong><em>Este s\u00e1bado 29, la Municipalidad a trav\u00e9s de la Direcci\u00f3n Municipal de Cultura, realiz\u00f3 un Festival en el marco del d\u00eda Internacional de la Danza.<\/em><\/strong><\/p>\n\n\n\n<p>La misma se desarroll\u00f3 en el Polideportivo Municipal Daniel Pinoff, con el acompa\u00f1amiento de buen p\u00fablico que pudieron disfrutar del baile y la danza de m\u00e1s de quince escuelas de danzas de la ciudad entre ellas podemos nombrar a la escuela de folklore, Danzas \u00c1rabe, Jazz, Contempor\u00e1neo, Tango, Hip hop, Fitnnesman\u00eda, Fit dance, Cl\u00e1sico. Tambi\u00e9n participaron escuelas de danzas de las localidades aleda\u00f1as como ser de Puerto Libertad, Wanda y Esperanza.<\/p>\n\n\n\n<figure class=\"wp-block-image size-large\"><a href=\"https:\/\/cvinoticias.com\/wp-content\/uploads\/2023\/04\/Screenshot_20230430_190926_WhatsApp-1.jpg\"><img decoding=\"async\" width=\"1024\" height=\"715\" data-src=\"https:\/\/cvinoticias.com\/wp-content\/uploads\/2023\/04\/Screenshot_20230430_190926_WhatsApp-1-1024x715.jpg\" alt=\"\" class=\"wp-image-24491 lazyload\" data-srcset=\"https:\/\/cvinoticias.com\/wp-content\/uploads\/2023\/04\/Screenshot_20230430_190926_WhatsApp-1-1024x715.jpg 1024w, https:\/\/cvinoticias.com\/wp-content\/uploads\/2023\/04\/Screenshot_20230430_190926_WhatsApp-1-300x209.jpg 300w, https:\/\/cvinoticias.com\/wp-content\/uploads\/2023\/04\/Screenshot_20230430_190926_WhatsApp-1-768x536.jpg 768w, https:\/\/cvinoticias.com\/wp-content\/uploads\/2023\/04\/Screenshot_20230430_190926_WhatsApp-1.jpg 1080w\" data-sizes=\"(max-width: 1024px) 100vw, 1024px\" src=\"data:image\/svg+xml;base64,PHN2ZyB3aWR0aD0iMSIgaGVpZ2h0PSIxIiB4bWxucz0iaHR0cDovL3d3dy53My5vcmcvMjAwMC9zdmciPjwvc3ZnPg==\" style=\"--smush-placeholder-width: 1024px; --smush-placeholder-aspect-ratio: 1024\/715;\" \/><\/a><\/figure>\n\n\n\n<p>Evento que cont\u00f3 con la presencia del intendente Claudio Ra\u00fal Filippa qui\u00e9n se\u00f1al\u00f3 que \u00abesto llena el alma por el hecho de que este perfil de cultura; ve como los chicos sienten, como procura el aprendizaje, como los padres acompa\u00f1an\u00bb. As\u00ed mismo expres\u00f3 sus felicitaciones a todos los equipos que conforman las escuelas de danzas, se\u00f1alando que uno de los valores importantes de la vida es disfrutar de la cultura.<\/p>\n\n\n\n<p>Video Gentileza \u00abIguaz\u00fa Hoy\u00bb<\/p>\n\n\n\n<figure class=\"wp-block-video\"><video height=\"240\" style=\"aspect-ratio: 426 \/ 240;\" width=\"426\" controls src=\"https:\/\/cvinoticias.com\/wp-content\/uploads\/2023\/04\/1682879059477_1682879059477.mp4\"><\/video><\/figure>\n","protected":false},"excerpt":{"rendered":"<p>Este s\u00e1bado 29, la Municipalidad a trav\u00e9s de la Direcci\u00f3n Municipal de Cultura, realiz\u00f3 un Festival en el marco del d\u00eda Internacional de la Danza. La misma se desarroll\u00f3 en el Polideportivo Municipal Daniel Pinoff, con el acompa\u00f1amiento de buen p\u00fablico que pudieron disfrutar del baile y la danza de m\u00e1s de quince escuelas de [&hellip;]<\/p>\n","protected":false},"author":2,"featured_media":24492,"comment_status":"open","ping_status":"open","sticky":false,"template":"","format":"standard","meta":{"footnotes":""},"categories":[29],"tags":[],"class_list":["post-24487","post","type-post","status-publish","format-standard","has-post-thumbnail","hentry","category-locales"],"yoast_head":"<!-- This site is optimized with the Yoast SEO plugin v27.4 - https:\/\/yoast.com\/product\/yoast-seo-wordpress\/ -->\n<title>Iguaz\u00fa: Celebr\u00f3 el d\u00eda internacional de la danza 2023 | CVI NOTICIAS<\/title>\n<meta name=\"robots\" content=\"index, follow, max-snippet:-1, max-image-preview:large, max-video-preview:-1\" \/>\n<link rel=\"canonical\" href=\"https:\/\/cvinoticias.com\/v3\/iguazu-celebro-el-dia-internacional-de-la-danza-2023\/\" \/>\n<meta property=\"og:locale\" content=\"es_ES\" \/>\n<meta property=\"og:type\" content=\"article\" \/>\n<meta property=\"og:title\" content=\"Iguaz\u00fa: Celebr\u00f3 el d\u00eda internacional de la danza 2023 | CVI NOTICIAS\" \/>\n<meta property=\"og:description\" content=\"Este s\u00e1bado 29, la Municipalidad a trav\u00e9s de la Direcci\u00f3n Municipal de Cultura, realiz\u00f3 un Festival en el marco del d\u00eda Internacional de la Danza. La misma se desarroll\u00f3 en el Polideportivo Municipal Daniel Pinoff, con el acompa\u00f1amiento de buen p\u00fablico que pudieron disfrutar del baile y la danza de m\u00e1s de quince escuelas de [&hellip;]\" \/>\n<meta property=\"og:url\" content=\"https:\/\/cvinoticias.com\/v3\/iguazu-celebro-el-dia-internacional-de-la-danza-2023\/\" \/>\n<meta property=\"og:site_name\" content=\"CVI NOTICIAS\" \/>\n<meta property=\"article:publisher\" content=\"https:\/\/www.facebook.com\/cvinoticias\" \/>\n<meta property=\"article:published_time\" content=\"2023-04-30T22:23:04+00:00\" \/>\n<meta property=\"og:image\" content=\"https:\/\/cvinoticias.com\/wp-content\/uploads\/2023\/04\/Screenshot_20230430_191555_Gallery-1.jpg\" \/>\n\t<meta property=\"og:image:width\" content=\"995\" \/>\n\t<meta property=\"og:image:height\" content=\"593\" \/>\n\t<meta property=\"og:image:type\" content=\"image\/jpeg\" \/>\n<meta name=\"author\" content=\"f1000024\" \/>\n<meta name=\"twitter:card\" content=\"summary_large_image\" \/>\n<meta name=\"twitter:label1\" content=\"Escrito por\" \/>\n\t<meta name=\"twitter:data1\" content=\"f1000024\" \/>\n\t<meta name=\"twitter:label2\" content=\"Tiempo de lectura\" \/>\n\t<meta name=\"twitter:data2\" content=\"1 minuto\" \/>\n<script type=\"application\/ld+json\" class=\"yoast-schema-graph\">{\"@context\":\"https:\\\/\\\/schema.org\",\"@graph\":[{\"@type\":\"Article\",\"@id\":\"https:\\\/\\\/cvinoticias.com\\\/v3\\\/iguazu-celebro-el-dia-internacional-de-la-danza-2023\\\/#article\",\"isPartOf\":{\"@id\":\"https:\\\/\\\/cvinoticias.com\\\/v3\\\/iguazu-celebro-el-dia-internacional-de-la-danza-2023\\\/\"},\"author\":{\"name\":\"f1000024\",\"@id\":\"https:\\\/\\\/cvinoticias.com\\\/v3\\\/#\\\/schema\\\/person\\\/2db77e3c6bc03c538495d7b2b8be9b66\"},\"headline\":\"Iguaz\u00fa: Celebr\u00f3 el d\u00eda internacional de la danza 2023\",\"datePublished\":\"2023-04-30T22:23:04+00:00\",\"mainEntityOfPage\":{\"@id\":\"https:\\\/\\\/cvinoticias.com\\\/v3\\\/iguazu-celebro-el-dia-internacional-de-la-danza-2023\\\/\"},\"wordCount\":195,\"commentCount\":0,\"publisher\":{\"@id\":\"https:\\\/\\\/cvinoticias.com\\\/v3\\\/#organization\"},\"image\":{\"@id\":\"https:\\\/\\\/cvinoticias.com\\\/v3\\\/iguazu-celebro-el-dia-internacional-de-la-danza-2023\\\/#primaryimage\"},\"thumbnailUrl\":\"https:\\\/\\\/cvinoticias.com\\\/wp-content\\\/uploads\\\/2023\\\/04\\\/Screenshot_20230430_191555_Gallery-1.jpg\",\"articleSection\":[\"Locales\"],\"inLanguage\":\"es\",\"potentialAction\":[{\"@type\":\"CommentAction\",\"name\":\"Comment\",\"target\":[\"https:\\\/\\\/cvinoticias.com\\\/v3\\\/iguazu-celebro-el-dia-internacional-de-la-danza-2023\\\/#respond\"]}]},{\"@type\":\"WebPage\",\"@id\":\"https:\\\/\\\/cvinoticias.com\\\/v3\\\/iguazu-celebro-el-dia-internacional-de-la-danza-2023\\\/\",\"url\":\"https:\\\/\\\/cvinoticias.com\\\/v3\\\/iguazu-celebro-el-dia-internacional-de-la-danza-2023\\\/\",\"name\":\"Iguaz\u00fa: Celebr\u00f3 el d\u00eda internacional de la danza 2023 | CVI NOTICIAS\",\"isPartOf\":{\"@id\":\"https:\\\/\\\/cvinoticias.com\\\/v3\\\/#website\"},\"primaryImageOfPage\":{\"@id\":\"https:\\\/\\\/cvinoticias.com\\\/v3\\\/iguazu-celebro-el-dia-internacional-de-la-danza-2023\\\/#primaryimage\"},\"image\":{\"@id\":\"https:\\\/\\\/cvinoticias.com\\\/v3\\\/iguazu-celebro-el-dia-internacional-de-la-danza-2023\\\/#primaryimage\"},\"thumbnailUrl\":\"https:\\\/\\\/cvinoticias.com\\\/wp-content\\\/uploads\\\/2023\\\/04\\\/Screenshot_20230430_191555_Gallery-1.jpg\",\"datePublished\":\"2023-04-30T22:23:04+00:00\",\"breadcrumb\":{\"@id\":\"https:\\\/\\\/cvinoticias.com\\\/v3\\\/iguazu-celebro-el-dia-internacional-de-la-danza-2023\\\/#breadcrumb\"},\"inLanguage\":\"es\",\"potentialAction\":[{\"@type\":\"ReadAction\",\"target\":[\"https:\\\/\\\/cvinoticias.com\\\/v3\\\/iguazu-celebro-el-dia-internacional-de-la-danza-2023\\\/\"]}]},{\"@type\":\"ImageObject\",\"inLanguage\":\"es\",\"@id\":\"https:\\\/\\\/cvinoticias.com\\\/v3\\\/iguazu-celebro-el-dia-internacional-de-la-danza-2023\\\/#primaryimage\",\"url\":\"https:\\\/\\\/cvinoticias.com\\\/wp-content\\\/uploads\\\/2023\\\/04\\\/Screenshot_20230430_191555_Gallery-1.jpg\",\"contentUrl\":\"https:\\\/\\\/cvinoticias.com\\\/wp-content\\\/uploads\\\/2023\\\/04\\\/Screenshot_20230430_191555_Gallery-1.jpg\",\"width\":995,\"height\":593},{\"@type\":\"BreadcrumbList\",\"@id\":\"https:\\\/\\\/cvinoticias.com\\\/v3\\\/iguazu-celebro-el-dia-internacional-de-la-danza-2023\\\/#breadcrumb\",\"itemListElement\":[{\"@type\":\"ListItem\",\"position\":1,\"name\":\"Portada\",\"item\":\"https:\\\/\\\/cvinoticias.com\\\/v3\\\/\"},{\"@type\":\"ListItem\",\"position\":2,\"name\":\"Iguaz\u00fa: Celebr\u00f3 el d\u00eda internacional de la danza 2023\"}]},{\"@type\":\"WebSite\",\"@id\":\"https:\\\/\\\/cvinoticias.com\\\/v3\\\/#website\",\"url\":\"https:\\\/\\\/cvinoticias.com\\\/v3\\\/\",\"name\":\"CVI NOTICIAS\",\"description\":\"\",\"publisher\":{\"@id\":\"https:\\\/\\\/cvinoticias.com\\\/v3\\\/#organization\"},\"alternateName\":\"CVI\",\"potentialAction\":[{\"@type\":\"SearchAction\",\"target\":{\"@type\":\"EntryPoint\",\"urlTemplate\":\"https:\\\/\\\/cvinoticias.com\\\/v3\\\/?s={search_term_string}\"},\"query-input\":{\"@type\":\"PropertyValueSpecification\",\"valueRequired\":true,\"valueName\":\"search_term_string\"}}],\"inLanguage\":\"es\"},{\"@type\":\"Organization\",\"@id\":\"https:\\\/\\\/cvinoticias.com\\\/v3\\\/#organization\",\"name\":\"CVI NOTICIAS\",\"url\":\"https:\\\/\\\/cvinoticias.com\\\/v3\\\/\",\"logo\":{\"@type\":\"ImageObject\",\"inLanguage\":\"es\",\"@id\":\"https:\\\/\\\/cvinoticias.com\\\/v3\\\/#\\\/schema\\\/logo\\\/image\\\/\",\"url\":\"https:\\\/\\\/cvinoticias.com\\\/wp-content\\\/uploads\\\/2023\\\/04\\\/cropped-cropped-cropped-cropped-cropped-3-1.png\",\"contentUrl\":\"https:\\\/\\\/cvinoticias.com\\\/wp-content\\\/uploads\\\/2023\\\/04\\\/cropped-cropped-cropped-cropped-cropped-3-1.png\",\"width\":95,\"height\":122,\"caption\":\"CVI NOTICIAS\"},\"image\":{\"@id\":\"https:\\\/\\\/cvinoticias.com\\\/v3\\\/#\\\/schema\\\/logo\\\/image\\\/\"},\"sameAs\":[\"https:\\\/\\\/www.facebook.com\\\/cvinoticias\",\"https:\\\/\\\/www.instagram.com\\\/cvinoticias\\\/\",\"https:\\\/\\\/www.youtube.com\\\/@CVINOTICIAS\"]},{\"@type\":\"Person\",\"@id\":\"https:\\\/\\\/cvinoticias.com\\\/v3\\\/#\\\/schema\\\/person\\\/2db77e3c6bc03c538495d7b2b8be9b66\",\"name\":\"f1000024\",\"image\":{\"@type\":\"ImageObject\",\"inLanguage\":\"es\",\"@id\":\"https:\\\/\\\/secure.gravatar.com\\\/avatar\\\/d4fe7459cfc51ff5129ce1a732bbef5928568b8092d412ef95611616376bbeed?s=96&d=mm&r=g\",\"url\":\"https:\\\/\\\/secure.gravatar.com\\\/avatar\\\/d4fe7459cfc51ff5129ce1a732bbef5928568b8092d412ef95611616376bbeed?s=96&d=mm&r=g\",\"contentUrl\":\"https:\\\/\\\/secure.gravatar.com\\\/avatar\\\/d4fe7459cfc51ff5129ce1a732bbef5928568b8092d412ef95611616376bbeed?s=96&d=mm&r=g\",\"caption\":\"f1000024\"},\"url\":\"https:\\\/\\\/cvinoticias.com\\\/v3\\\/author\\\/f1000024\\\/\"}]}<\/script>\n<!-- \/ Yoast SEO plugin. -->","yoast_head_json":{"title":"Iguaz\u00fa: Celebr\u00f3 el d\u00eda internacional de la danza 2023 | CVI NOTICIAS","robots":{"index":"index","follow":"follow","max-snippet":"max-snippet:-1","max-image-preview":"max-image-preview:large","max-video-preview":"max-video-preview:-1"},"canonical":"https:\/\/cvinoticias.com\/v3\/iguazu-celebro-el-dia-internacional-de-la-danza-2023\/","og_locale":"es_ES","og_type":"article","og_title":"Iguaz\u00fa: Celebr\u00f3 el d\u00eda internacional de la danza 2023 | CVI NOTICIAS","og_description":"Este s\u00e1bado 29, la Municipalidad a trav\u00e9s de la Direcci\u00f3n Municipal de Cultura, realiz\u00f3 un Festival en el marco del d\u00eda Internacional de la Danza. La misma se desarroll\u00f3 en el Polideportivo Municipal Daniel Pinoff, con el acompa\u00f1amiento de buen p\u00fablico que pudieron disfrutar del baile y la danza de m\u00e1s de quince escuelas de [&hellip;]","og_url":"https:\/\/cvinoticias.com\/v3\/iguazu-celebro-el-dia-internacional-de-la-danza-2023\/","og_site_name":"CVI NOTICIAS","article_publisher":"https:\/\/www.facebook.com\/cvinoticias","article_published_time":"2023-04-30T22:23:04+00:00","og_image":[{"width":995,"height":593,"url":"https:\/\/cvinoticias.com\/wp-content\/uploads\/2023\/04\/Screenshot_20230430_191555_Gallery-1.jpg","type":"image\/jpeg"}],"author":"f1000024","twitter_card":"summary_large_image","twitter_misc":{"Escrito por":"f1000024","Tiempo de lectura":"1 minuto"},"schema":{"@context":"https:\/\/schema.org","@graph":[{"@type":"Article","@id":"https:\/\/cvinoticias.com\/v3\/iguazu-celebro-el-dia-internacional-de-la-danza-2023\/#article","isPartOf":{"@id":"https:\/\/cvinoticias.com\/v3\/iguazu-celebro-el-dia-internacional-de-la-danza-2023\/"},"author":{"name":"f1000024","@id":"https:\/\/cvinoticias.com\/v3\/#\/schema\/person\/2db77e3c6bc03c538495d7b2b8be9b66"},"headline":"Iguaz\u00fa: Celebr\u00f3 el d\u00eda internacional de la danza 2023","datePublished":"2023-04-30T22:23:04+00:00","mainEntityOfPage":{"@id":"https:\/\/cvinoticias.com\/v3\/iguazu-celebro-el-dia-internacional-de-la-danza-2023\/"},"wordCount":195,"commentCount":0,"publisher":{"@id":"https:\/\/cvinoticias.com\/v3\/#organization"},"image":{"@id":"https:\/\/cvinoticias.com\/v3\/iguazu-celebro-el-dia-internacional-de-la-danza-2023\/#primaryimage"},"thumbnailUrl":"https:\/\/cvinoticias.com\/wp-content\/uploads\/2023\/04\/Screenshot_20230430_191555_Gallery-1.jpg","articleSection":["Locales"],"inLanguage":"es","potentialAction":[{"@type":"CommentAction","name":"Comment","target":["https:\/\/cvinoticias.com\/v3\/iguazu-celebro-el-dia-internacional-de-la-danza-2023\/#respond"]}]},{"@type":"WebPage","@id":"https:\/\/cvinoticias.com\/v3\/iguazu-celebro-el-dia-internacional-de-la-danza-2023\/","url":"https:\/\/cvinoticias.com\/v3\/iguazu-celebro-el-dia-internacional-de-la-danza-2023\/","name":"Iguaz\u00fa: Celebr\u00f3 el d\u00eda internacional de la danza 2023 | CVI NOTICIAS","isPartOf":{"@id":"https:\/\/cvinoticias.com\/v3\/#website"},"primaryImageOfPage":{"@id":"https:\/\/cvinoticias.com\/v3\/iguazu-celebro-el-dia-internacional-de-la-danza-2023\/#primaryimage"},"image":{"@id":"https:\/\/cvinoticias.com\/v3\/iguazu-celebro-el-dia-internacional-de-la-danza-2023\/#primaryimage"},"thumbnailUrl":"https:\/\/cvinoticias.com\/wp-content\/uploads\/2023\/04\/Screenshot_20230430_191555_Gallery-1.jpg","datePublished":"2023-04-30T22:23:04+00:00","breadcrumb":{"@id":"https:\/\/cvinoticias.com\/v3\/iguazu-celebro-el-dia-internacional-de-la-danza-2023\/#breadcrumb"},"inLanguage":"es","potentialAction":[{"@type":"ReadAction","target":["https:\/\/cvinoticias.com\/v3\/iguazu-celebro-el-dia-internacional-de-la-danza-2023\/"]}]},{"@type":"ImageObject","inLanguage":"es","@id":"https:\/\/cvinoticias.com\/v3\/iguazu-celebro-el-dia-internacional-de-la-danza-2023\/#primaryimage","url":"https:\/\/cvinoticias.com\/wp-content\/uploads\/2023\/04\/Screenshot_20230430_191555_Gallery-1.jpg","contentUrl":"https:\/\/cvinoticias.com\/wp-content\/uploads\/2023\/04\/Screenshot_20230430_191555_Gallery-1.jpg","width":995,"height":593},{"@type":"BreadcrumbList","@id":"https:\/\/cvinoticias.com\/v3\/iguazu-celebro-el-dia-internacional-de-la-danza-2023\/#breadcrumb","itemListElement":[{"@type":"ListItem","position":1,"name":"Portada","item":"https:\/\/cvinoticias.com\/v3\/"},{"@type":"ListItem","position":2,"name":"Iguaz\u00fa: Celebr\u00f3 el d\u00eda internacional de la danza 2023"}]},{"@type":"WebSite","@id":"https:\/\/cvinoticias.com\/v3\/#website","url":"https:\/\/cvinoticias.com\/v3\/","name":"CVI NOTICIAS","description":"","publisher":{"@id":"https:\/\/cvinoticias.com\/v3\/#organization"},"alternateName":"CVI","potentialAction":[{"@type":"SearchAction","target":{"@type":"EntryPoint","urlTemplate":"https:\/\/cvinoticias.com\/v3\/?s={search_term_string}"},"query-input":{"@type":"PropertyValueSpecification","valueRequired":true,"valueName":"search_term_string"}}],"inLanguage":"es"},{"@type":"Organization","@id":"https:\/\/cvinoticias.com\/v3\/#organization","name":"CVI NOTICIAS","url":"https:\/\/cvinoticias.com\/v3\/","logo":{"@type":"ImageObject","inLanguage":"es","@id":"https:\/\/cvinoticias.com\/v3\/#\/schema\/logo\/image\/","url":"https:\/\/cvinoticias.com\/wp-content\/uploads\/2023\/04\/cropped-cropped-cropped-cropped-cropped-3-1.png","contentUrl":"https:\/\/cvinoticias.com\/wp-content\/uploads\/2023\/04\/cropped-cropped-cropped-cropped-cropped-3-1.png","width":95,"height":122,"caption":"CVI NOTICIAS"},"image":{"@id":"https:\/\/cvinoticias.com\/v3\/#\/schema\/logo\/image\/"},"sameAs":["https:\/\/www.facebook.com\/cvinoticias","https:\/\/www.instagram.com\/cvinoticias\/","https:\/\/www.youtube.com\/@CVINOTICIAS"]},{"@type":"Person","@id":"https:\/\/cvinoticias.com\/v3\/#\/schema\/person\/2db77e3c6bc03c538495d7b2b8be9b66","name":"f1000024","image":{"@type":"ImageObject","inLanguage":"es","@id":"https:\/\/secure.gravatar.com\/avatar\/d4fe7459cfc51ff5129ce1a732bbef5928568b8092d412ef95611616376bbeed?s=96&d=mm&r=g","url":"https:\/\/secure.gravatar.com\/avatar\/d4fe7459cfc51ff5129ce1a732bbef5928568b8092d412ef95611616376bbeed?s=96&d=mm&r=g","contentUrl":"https:\/\/secure.gravatar.com\/avatar\/d4fe7459cfc51ff5129ce1a732bbef5928568b8092d412ef95611616376bbeed?s=96&d=mm&r=g","caption":"f1000024"},"url":"https:\/\/cvinoticias.com\/v3\/author\/f1000024\/"}]}},"_links":{"self":[{"href":"https:\/\/cvinoticias.com\/v3\/wp-json\/wp\/v2\/posts\/24487","targetHints":{"allow":["GET"]}}],"collection":[{"href":"https:\/\/cvinoticias.com\/v3\/wp-json\/wp\/v2\/posts"}],"about":[{"href":"https:\/\/cvinoticias.com\/v3\/wp-json\/wp\/v2\/types\/post"}],"author":[{"embeddable":true,"href":"https:\/\/cvinoticias.com\/v3\/wp-json\/wp\/v2\/users\/2"}],"replies":[{"embeddable":true,"href":"https:\/\/cvinoticias.com\/v3\/wp-json\/wp\/v2\/comments?post=24487"}],"version-history":[{"count":1,"href":"https:\/\/cvinoticias.com\/v3\/wp-json\/wp\/v2\/posts\/24487\/revisions"}],"predecessor-version":[{"id":24493,"href":"https:\/\/cvinoticias.com\/v3\/wp-json\/wp\/v2\/posts\/24487\/revisions\/24493"}],"wp:featuredmedia":[{"embeddable":true,"href":"https:\/\/cvinoticias.com\/v3\/wp-json\/wp\/v2\/media\/24492"}],"wp:attachment":[{"href":"https:\/\/cvinoticias.com\/v3\/wp-json\/wp\/v2\/media?parent=24487"}],"wp:term":[{"taxonomy":"category","embeddable":true,"href":"https:\/\/cvinoticias.com\/v3\/wp-json\/wp\/v2\/categories?post=24487"},{"taxonomy":"post_tag","embeddable":true,"href":"https:\/\/cvinoticias.com\/v3\/wp-json\/wp\/v2\/tags?post=24487"}],"curies":[{"name":"wp","href":"https:\/\/api.w.org\/{rel}","templated":true}]}}