{"id":24484,"date":"2023-04-30T22:07:34","date_gmt":"2023-04-30T22:07:34","guid":{"rendered":"https:\/\/cvinoticias.com\/v3\/?p=24484"},"modified":"2023-04-30T22:07:34","modified_gmt":"2023-04-30T22:07:34","slug":"la-inteligencia-artificial-sera-aplicada-por-primera-vez-en-una-eleccion-provincial","status":"publish","type":"post","link":"https:\/\/cvinoticias.com\/v3\/la-inteligencia-artificial-sera-aplicada-por-primera-vez-en-una-eleccion-provincial\/","title":{"rendered":"La Inteligencia Artificial ser\u00e1 aplicada por primera vez en una elecci\u00f3n provincial"},"content":{"rendered":"\n<p><strong><em>La inteligencia artificial (IA), la simulaci\u00f3n de la inteligencia humana en una computadora, ser\u00e1 utilizada por primera vez en una elecci\u00f3n provincial en Argentina: el 11 de junio en Corrientes a modo de \u201cprueba cient\u00edfica\u201d para acelerar la lectura de telegramas en el escrutinio de votos y poder dar los resultados lo m\u00e1s r\u00e1pido posible.<\/em><\/strong><\/p>\n\n\n\n<p>La novedad inform\u00e1tica la introdujo el subsecretario de Sistemas y Tecnolog\u00edas de la Informaci\u00f3n (Susti) del gobierno de Corrientes, Federico Ojeda, quien explic\u00f3 a T\u00e9lam que se utilizar\u00e1 la IA en la lectura y escaneo de los telegramas con el resultado de la votaci\u00f3n, pero aclar\u00f3 que ser\u00e1 a modo de \u201cprueba cient\u00edfica\u201d, es decir que no tendr\u00e1 validez legal.<\/p>\n\n\n\n<p>Ojeda, en entrevista con esta agencia, explic\u00f3 que \u201cse est\u00e1 trabajando en aplicar la inteligencia artificial en el centro de c\u00f3mputos provincial y, espec\u00edficamente en las elecciones del 11 de junio\u201d , en la que se eligen senadores y diputados provinciales y concejales en 65 municipios.<\/p>\n\n\n\n<p>El funcionario precis\u00f3 que \u201cno va a tener validez lo que se utilice para lectura de telegramas en la elecci\u00f3n\u201d sino que \u201ces a a modo de prueba cient\u00edfica y vamos a tener mesas testigo donde vamos a tener un sistema nuestro de lectura de telegramas con \u2018transformer\u2019, que son redes neuronales secuenciadas que hacen que la m\u00e1quina piense como el ser humano\u201d.<\/p>\n\n\n\n<p>\u201cEl sistema propone el uso de transformers visuales y modelos de lenguaje que permiten el reconocimiento y extraccio\u0301n de la cantidad de votos correspondientes a cada partido por tipo de eleccio\u0301n (gobernador provincial, diputados y senadores nacionales)\u201d, consign\u00f3.<\/p>\n\n\n\n<p>Ojeda se\u00f1al\u00f3 que \u201cextrai\u0301da la informacio\u0301n, realizamos una validacio\u0301n automa\u0301tica para corroborar que la suma de votos coincida con el total reportado. En caso de existir inconsistencias, proponemos realizar una revisio\u0301n manual por parte del usuario para no reportar resultados erro\u0301neos\u201d.<\/p>\n\n\n\n<p>Con todo, \u201cuna vez validada la informacio\u0301n, la almacenamos en una base de datos que alimenta un dashboard interactivo con gra\u0301ficos y mapas de los resultados preliminares de cada partido a nivel general y desagregados por distrito electoral\u201d, agreg\u00f3.<\/p>\n\n\n\n<p>Asimismo, precis\u00f3 que \u201cse va a utilizar eso sobre la plataforma de Telegram (sistema de mensajer\u00eda), porque nosotros lo que utilizamos son fiscales inform\u00e1ticos y fiscales en cada escuela que van a sacar una foto del telegrama por Telegram y ah\u00ed eso va pegar a nuestro sistema que va a a estar leyendo en tiempo real ese telegrama\u201d, dijo.<\/p>\n\n\n\n<p>Ojeda expres\u00f3 que las actas se plasman con cuadritos anotados con papel y l\u00e1piz por los presidentes de mesa, y lo que hace este sistema es leer esa foto, esa imagen de telegrama, y luego se le agrega \u201cinteligencia artificial para que lo reconozca autom\u00e1ticamente\u201d.<\/p>\n\n\n\n<p>\u201cNosotros -indic\u00f3- le estamos ense\u00f1ando a leer los telegramas, los distintos n\u00fameros, las distintas deformaciones del 1, del 0, del 8, del 10, del 9 para que el algoritmo empiece a entender y a saber c\u00f3mo llenarse un telegrama\u201d.<\/p>\n\n\n\n<p>\u201cHay 70 mil telegramas distintos ordenados por 70 mil personas distintas que tienen 70 mil n\u00fameros distintos\u201d, indic\u00f3.<\/p>\n\n\n\n<p>Ojeda se\u00f1al\u00f3 que \u201cestamos entrenando a este sistema para que pueda leer en tiempo real y devolvernos de forma segura con back up; en forma espejo tambi\u00e9n hace la triple max para reverlos tres o cuatro veces para que esto no falle y va a ir devolviendo la informaci\u00f3n y creemos que vamos a eficientizar en un 85% la demora de la que es la carga real de telegramas de todo el sistema electoral\u201d.<\/p>\n\n\n\n<p>\u201cAc\u00e1 el telegrama se env\u00eda al correo, el correo lo manda digitalizado, entra a los sistemas, los sistemas tienen un doble chequeo, despu\u00e9s hay un triple chequeo de una persona que est\u00e1 detr\u00e1s viendo los datos que se cargue y reci\u00e9n se vuelca a lo que es el escrutinio provisorio, que eso demora lo l\u00f3gico\u201d, ampli\u00f3.<\/p>\n\n\n\n<p>Por eso manifest\u00f3 que la idea es \u201cacortar todos esos procesos, que los fiscales inform\u00e1ticos con los presidentes de mesa saquen una foto, la env\u00eden por Telegram a este bot y que este bot los reciba y procese toda esa informaci\u00f3n en microsegundos\u201d,<\/p>\n\n\n\n<p>\u201cEso es lo que nosotros estamos haciendo pero por supuesto que esto para llevar a la realidad hay que hacer una modificaci\u00f3n al C\u00f3digo Electoral de la provincia y debe aprobarlo la Junta Electoral de Corrientes\u201d, aclar\u00f3.<\/p>\n\n\n\n<p>De todos modos, Ojeda valor\u00f3 la \u201cimportancia\u201d de introducir esa innovaci\u00f3n tecnol\u00f3gica para conocer los resultados lo antes posible, como los ciudadanos \u201cdesean ante cada comicio\u201d.<\/p>\n\n\n\n<p>\u201cEs una cuesti\u00f3n bastante m\u00e1s cient\u00edfica que real porque nosotros, como todos, tenemos un C\u00f3digo Electoral y una Justicia Electoral que son los que rigen la elecci\u00f3n en las provincias y en Naci\u00f3n tambi\u00e9n ocurre lo mismo\u201d, reafirm\u00f3.<\/p>\n\n\n\n<p>Adem\u00e1s indic\u00f3 que \u201cno se quieren generar expectativas que no sean reales ya que esto es a modo de investigaci\u00f3n cient\u00edfica\u201d, es un proyecto para \u201cdigitalizar las elecciones en pos de la democratizaci\u00f3n, la transparencia y hacerla mucho m\u00e1s r\u00e1pido\u201d.<\/p>\n\n\n\n<p>\u201cEl ciudadano quiere saber cuanto antes los resultados, est\u00e1n todos pendientes de bocas de urna, y creo que esto puede ser una realidad\u201d, remarc\u00f3.<\/p>\n\n\n\n<p>Por \u00faltimo, sostuvo que al t\u00e9rmino \u201cse har\u00e1 una evaluaci\u00f3n, con sus ventajas y desventajas y, si hay alguna diferencia, alg\u00fan tipo de error, lo iremos cotejando y al final vamos a elevar el informe correspondiente a los medios, a la Justicia Electoral y a los partidos pol\u00edticos\u201c.<\/p>\n","protected":false},"excerpt":{"rendered":"<p>La inteligencia artificial (IA), la simulaci\u00f3n de la inteligencia humana en una computadora, ser\u00e1 utilizada por primera vez en una elecci\u00f3n provincial en Argentina: el 11 de junio en Corrientes a modo de \u201cprueba cient\u00edfica\u201d para acelerar la lectura de telegramas en el escrutinio de votos y poder dar los resultados lo m\u00e1s r\u00e1pido posible. [&hellip;]<\/p>\n","protected":false},"author":2,"featured_media":24485,"comment_status":"open","ping_status":"open","sticky":false,"template":"","format":"standard","meta":{"footnotes":""},"categories":[39],"tags":[],"class_list":["post-24484","post","type-post","status-publish","format-standard","has-post-thumbnail","hentry","category-nacionales"],"yoast_head":"<!-- This site is optimized with the Yoast SEO plugin v27.4 - https:\/\/yoast.com\/product\/yoast-seo-wordpress\/ -->\n<title>La Inteligencia Artificial ser\u00e1 aplicada por primera vez en una elecci\u00f3n provincial | CVI NOTICIAS<\/title>\n<meta name=\"robots\" content=\"index, follow, max-snippet:-1, max-image-preview:large, max-video-preview:-1\" \/>\n<link rel=\"canonical\" href=\"https:\/\/cvinoticias.com\/v3\/la-inteligencia-artificial-sera-aplicada-por-primera-vez-en-una-eleccion-provincial\/\" \/>\n<meta property=\"og:locale\" content=\"es_ES\" \/>\n<meta property=\"og:type\" content=\"article\" \/>\n<meta property=\"og:title\" content=\"La Inteligencia Artificial ser\u00e1 aplicada por primera vez en una elecci\u00f3n provincial | CVI NOTICIAS\" \/>\n<meta property=\"og:description\" content=\"La inteligencia artificial (IA), la simulaci\u00f3n de la inteligencia humana en una computadora, ser\u00e1 utilizada por primera vez en una elecci\u00f3n provincial en Argentina: el 11 de junio en Corrientes a modo de \u201cprueba cient\u00edfica\u201d para acelerar la lectura de telegramas en el escrutinio de votos y poder dar los resultados lo m\u00e1s r\u00e1pido posible. [&hellip;]\" \/>\n<meta property=\"og:url\" content=\"https:\/\/cvinoticias.com\/v3\/la-inteligencia-artificial-sera-aplicada-por-primera-vez-en-una-eleccion-provincial\/\" \/>\n<meta property=\"og:site_name\" content=\"CVI NOTICIAS\" \/>\n<meta property=\"article:publisher\" content=\"https:\/\/www.facebook.com\/cvinoticias\" \/>\n<meta property=\"article:published_time\" content=\"2023-04-30T22:07:34+00:00\" \/>\n<meta property=\"og:image\" content=\"https:\/\/cvinoticias.com\/wp-content\/uploads\/2023\/04\/6424879649af2_1200.jpg\" \/>\n\t<meta property=\"og:image:width\" content=\"900\" \/>\n\t<meta property=\"og:image:height\" content=\"506\" \/>\n\t<meta property=\"og:image:type\" content=\"image\/jpeg\" \/>\n<meta name=\"author\" content=\"f1000024\" \/>\n<meta name=\"twitter:card\" content=\"summary_large_image\" \/>\n<meta name=\"twitter:label1\" content=\"Escrito por\" \/>\n\t<meta name=\"twitter:data1\" content=\"f1000024\" \/>\n\t<meta name=\"twitter:label2\" content=\"Tiempo de lectura\" \/>\n\t<meta name=\"twitter:data2\" content=\"5 minutos\" \/>\n<script type=\"application\/ld+json\" class=\"yoast-schema-graph\">{\"@context\":\"https:\\\/\\\/schema.org\",\"@graph\":[{\"@type\":\"Article\",\"@id\":\"https:\\\/\\\/cvinoticias.com\\\/v3\\\/la-inteligencia-artificial-sera-aplicada-por-primera-vez-en-una-eleccion-provincial\\\/#article\",\"isPartOf\":{\"@id\":\"https:\\\/\\\/cvinoticias.com\\\/v3\\\/la-inteligencia-artificial-sera-aplicada-por-primera-vez-en-una-eleccion-provincial\\\/\"},\"author\":{\"name\":\"f1000024\",\"@id\":\"https:\\\/\\\/cvinoticias.com\\\/v3\\\/#\\\/schema\\\/person\\\/2db77e3c6bc03c538495d7b2b8be9b66\"},\"headline\":\"La Inteligencia Artificial ser\u00e1 aplicada por primera vez en una elecci\u00f3n provincial\",\"datePublished\":\"2023-04-30T22:07:34+00:00\",\"mainEntityOfPage\":{\"@id\":\"https:\\\/\\\/cvinoticias.com\\\/v3\\\/la-inteligencia-artificial-sera-aplicada-por-primera-vez-en-una-eleccion-provincial\\\/\"},\"wordCount\":958,\"commentCount\":0,\"publisher\":{\"@id\":\"https:\\\/\\\/cvinoticias.com\\\/v3\\\/#organization\"},\"image\":{\"@id\":\"https:\\\/\\\/cvinoticias.com\\\/v3\\\/la-inteligencia-artificial-sera-aplicada-por-primera-vez-en-una-eleccion-provincial\\\/#primaryimage\"},\"thumbnailUrl\":\"https:\\\/\\\/cvinoticias.com\\\/wp-content\\\/uploads\\\/2023\\\/04\\\/6424879649af2_1200.jpg\",\"articleSection\":[\"Nacionales\"],\"inLanguage\":\"es\",\"potentialAction\":[{\"@type\":\"CommentAction\",\"name\":\"Comment\",\"target\":[\"https:\\\/\\\/cvinoticias.com\\\/v3\\\/la-inteligencia-artificial-sera-aplicada-por-primera-vez-en-una-eleccion-provincial\\\/#respond\"]}]},{\"@type\":\"WebPage\",\"@id\":\"https:\\\/\\\/cvinoticias.com\\\/v3\\\/la-inteligencia-artificial-sera-aplicada-por-primera-vez-en-una-eleccion-provincial\\\/\",\"url\":\"https:\\\/\\\/cvinoticias.com\\\/v3\\\/la-inteligencia-artificial-sera-aplicada-por-primera-vez-en-una-eleccion-provincial\\\/\",\"name\":\"La Inteligencia Artificial ser\u00e1 aplicada por primera vez en una elecci\u00f3n provincial | CVI NOTICIAS\",\"isPartOf\":{\"@id\":\"https:\\\/\\\/cvinoticias.com\\\/v3\\\/#website\"},\"primaryImageOfPage\":{\"@id\":\"https:\\\/\\\/cvinoticias.com\\\/v3\\\/la-inteligencia-artificial-sera-aplicada-por-primera-vez-en-una-eleccion-provincial\\\/#primaryimage\"},\"image\":{\"@id\":\"https:\\\/\\\/cvinoticias.com\\\/v3\\\/la-inteligencia-artificial-sera-aplicada-por-primera-vez-en-una-eleccion-provincial\\\/#primaryimage\"},\"thumbnailUrl\":\"https:\\\/\\\/cvinoticias.com\\\/wp-content\\\/uploads\\\/2023\\\/04\\\/6424879649af2_1200.jpg\",\"datePublished\":\"2023-04-30T22:07:34+00:00\",\"breadcrumb\":{\"@id\":\"https:\\\/\\\/cvinoticias.com\\\/v3\\\/la-inteligencia-artificial-sera-aplicada-por-primera-vez-en-una-eleccion-provincial\\\/#breadcrumb\"},\"inLanguage\":\"es\",\"potentialAction\":[{\"@type\":\"ReadAction\",\"target\":[\"https:\\\/\\\/cvinoticias.com\\\/v3\\\/la-inteligencia-artificial-sera-aplicada-por-primera-vez-en-una-eleccion-provincial\\\/\"]}]},{\"@type\":\"ImageObject\",\"inLanguage\":\"es\",\"@id\":\"https:\\\/\\\/cvinoticias.com\\\/v3\\\/la-inteligencia-artificial-sera-aplicada-por-primera-vez-en-una-eleccion-provincial\\\/#primaryimage\",\"url\":\"https:\\\/\\\/cvinoticias.com\\\/wp-content\\\/uploads\\\/2023\\\/04\\\/6424879649af2_1200.jpg\",\"contentUrl\":\"https:\\\/\\\/cvinoticias.com\\\/wp-content\\\/uploads\\\/2023\\\/04\\\/6424879649af2_1200.jpg\",\"width\":900,\"height\":506},{\"@type\":\"BreadcrumbList\",\"@id\":\"https:\\\/\\\/cvinoticias.com\\\/v3\\\/la-inteligencia-artificial-sera-aplicada-por-primera-vez-en-una-eleccion-provincial\\\/#breadcrumb\",\"itemListElement\":[{\"@type\":\"ListItem\",\"position\":1,\"name\":\"Portada\",\"item\":\"https:\\\/\\\/cvinoticias.com\\\/v3\\\/\"},{\"@type\":\"ListItem\",\"position\":2,\"name\":\"La Inteligencia Artificial ser\u00e1 aplicada por primera vez en una elecci\u00f3n provincial\"}]},{\"@type\":\"WebSite\",\"@id\":\"https:\\\/\\\/cvinoticias.com\\\/v3\\\/#website\",\"url\":\"https:\\\/\\\/cvinoticias.com\\\/v3\\\/\",\"name\":\"CVI NOTICIAS\",\"description\":\"\",\"publisher\":{\"@id\":\"https:\\\/\\\/cvinoticias.com\\\/v3\\\/#organization\"},\"alternateName\":\"CVI\",\"potentialAction\":[{\"@type\":\"SearchAction\",\"target\":{\"@type\":\"EntryPoint\",\"urlTemplate\":\"https:\\\/\\\/cvinoticias.com\\\/v3\\\/?s={search_term_string}\"},\"query-input\":{\"@type\":\"PropertyValueSpecification\",\"valueRequired\":true,\"valueName\":\"search_term_string\"}}],\"inLanguage\":\"es\"},{\"@type\":\"Organization\",\"@id\":\"https:\\\/\\\/cvinoticias.com\\\/v3\\\/#organization\",\"name\":\"CVI NOTICIAS\",\"url\":\"https:\\\/\\\/cvinoticias.com\\\/v3\\\/\",\"logo\":{\"@type\":\"ImageObject\",\"inLanguage\":\"es\",\"@id\":\"https:\\\/\\\/cvinoticias.com\\\/v3\\\/#\\\/schema\\\/logo\\\/image\\\/\",\"url\":\"https:\\\/\\\/cvinoticias.com\\\/wp-content\\\/uploads\\\/2023\\\/04\\\/cropped-cropped-cropped-cropped-cropped-3-1.png\",\"contentUrl\":\"https:\\\/\\\/cvinoticias.com\\\/wp-content\\\/uploads\\\/2023\\\/04\\\/cropped-cropped-cropped-cropped-cropped-3-1.png\",\"width\":95,\"height\":122,\"caption\":\"CVI NOTICIAS\"},\"image\":{\"@id\":\"https:\\\/\\\/cvinoticias.com\\\/v3\\\/#\\\/schema\\\/logo\\\/image\\\/\"},\"sameAs\":[\"https:\\\/\\\/www.facebook.com\\\/cvinoticias\",\"https:\\\/\\\/www.instagram.com\\\/cvinoticias\\\/\",\"https:\\\/\\\/www.youtube.com\\\/@CVINOTICIAS\"]},{\"@type\":\"Person\",\"@id\":\"https:\\\/\\\/cvinoticias.com\\\/v3\\\/#\\\/schema\\\/person\\\/2db77e3c6bc03c538495d7b2b8be9b66\",\"name\":\"f1000024\",\"image\":{\"@type\":\"ImageObject\",\"inLanguage\":\"es\",\"@id\":\"https:\\\/\\\/secure.gravatar.com\\\/avatar\\\/d4fe7459cfc51ff5129ce1a732bbef5928568b8092d412ef95611616376bbeed?s=96&d=mm&r=g\",\"url\":\"https:\\\/\\\/secure.gravatar.com\\\/avatar\\\/d4fe7459cfc51ff5129ce1a732bbef5928568b8092d412ef95611616376bbeed?s=96&d=mm&r=g\",\"contentUrl\":\"https:\\\/\\\/secure.gravatar.com\\\/avatar\\\/d4fe7459cfc51ff5129ce1a732bbef5928568b8092d412ef95611616376bbeed?s=96&d=mm&r=g\",\"caption\":\"f1000024\"},\"url\":\"https:\\\/\\\/cvinoticias.com\\\/v3\\\/author\\\/f1000024\\\/\"}]}<\/script>\n<!-- \/ Yoast SEO plugin. -->","yoast_head_json":{"title":"La Inteligencia Artificial ser\u00e1 aplicada por primera vez en una elecci\u00f3n provincial | CVI NOTICIAS","robots":{"index":"index","follow":"follow","max-snippet":"max-snippet:-1","max-image-preview":"max-image-preview:large","max-video-preview":"max-video-preview:-1"},"canonical":"https:\/\/cvinoticias.com\/v3\/la-inteligencia-artificial-sera-aplicada-por-primera-vez-en-una-eleccion-provincial\/","og_locale":"es_ES","og_type":"article","og_title":"La Inteligencia Artificial ser\u00e1 aplicada por primera vez en una elecci\u00f3n provincial | CVI NOTICIAS","og_description":"La inteligencia artificial (IA), la simulaci\u00f3n de la inteligencia humana en una computadora, ser\u00e1 utilizada por primera vez en una elecci\u00f3n provincial en Argentina: el 11 de junio en Corrientes a modo de \u201cprueba cient\u00edfica\u201d para acelerar la lectura de telegramas en el escrutinio de votos y poder dar los resultados lo m\u00e1s r\u00e1pido posible. [&hellip;]","og_url":"https:\/\/cvinoticias.com\/v3\/la-inteligencia-artificial-sera-aplicada-por-primera-vez-en-una-eleccion-provincial\/","og_site_name":"CVI NOTICIAS","article_publisher":"https:\/\/www.facebook.com\/cvinoticias","article_published_time":"2023-04-30T22:07:34+00:00","og_image":[{"width":900,"height":506,"url":"https:\/\/cvinoticias.com\/wp-content\/uploads\/2023\/04\/6424879649af2_1200.jpg","type":"image\/jpeg"}],"author":"f1000024","twitter_card":"summary_large_image","twitter_misc":{"Escrito por":"f1000024","Tiempo de lectura":"5 minutos"},"schema":{"@context":"https:\/\/schema.org","@graph":[{"@type":"Article","@id":"https:\/\/cvinoticias.com\/v3\/la-inteligencia-artificial-sera-aplicada-por-primera-vez-en-una-eleccion-provincial\/#article","isPartOf":{"@id":"https:\/\/cvinoticias.com\/v3\/la-inteligencia-artificial-sera-aplicada-por-primera-vez-en-una-eleccion-provincial\/"},"author":{"name":"f1000024","@id":"https:\/\/cvinoticias.com\/v3\/#\/schema\/person\/2db77e3c6bc03c538495d7b2b8be9b66"},"headline":"La Inteligencia Artificial ser\u00e1 aplicada por primera vez en una elecci\u00f3n provincial","datePublished":"2023-04-30T22:07:34+00:00","mainEntityOfPage":{"@id":"https:\/\/cvinoticias.com\/v3\/la-inteligencia-artificial-sera-aplicada-por-primera-vez-en-una-eleccion-provincial\/"},"wordCount":958,"commentCount":0,"publisher":{"@id":"https:\/\/cvinoticias.com\/v3\/#organization"},"image":{"@id":"https:\/\/cvinoticias.com\/v3\/la-inteligencia-artificial-sera-aplicada-por-primera-vez-en-una-eleccion-provincial\/#primaryimage"},"thumbnailUrl":"https:\/\/cvinoticias.com\/wp-content\/uploads\/2023\/04\/6424879649af2_1200.jpg","articleSection":["Nacionales"],"inLanguage":"es","potentialAction":[{"@type":"CommentAction","name":"Comment","target":["https:\/\/cvinoticias.com\/v3\/la-inteligencia-artificial-sera-aplicada-por-primera-vez-en-una-eleccion-provincial\/#respond"]}]},{"@type":"WebPage","@id":"https:\/\/cvinoticias.com\/v3\/la-inteligencia-artificial-sera-aplicada-por-primera-vez-en-una-eleccion-provincial\/","url":"https:\/\/cvinoticias.com\/v3\/la-inteligencia-artificial-sera-aplicada-por-primera-vez-en-una-eleccion-provincial\/","name":"La Inteligencia Artificial ser\u00e1 aplicada por primera vez en una elecci\u00f3n provincial | CVI NOTICIAS","isPartOf":{"@id":"https:\/\/cvinoticias.com\/v3\/#website"},"primaryImageOfPage":{"@id":"https:\/\/cvinoticias.com\/v3\/la-inteligencia-artificial-sera-aplicada-por-primera-vez-en-una-eleccion-provincial\/#primaryimage"},"image":{"@id":"https:\/\/cvinoticias.com\/v3\/la-inteligencia-artificial-sera-aplicada-por-primera-vez-en-una-eleccion-provincial\/#primaryimage"},"thumbnailUrl":"https:\/\/cvinoticias.com\/wp-content\/uploads\/2023\/04\/6424879649af2_1200.jpg","datePublished":"2023-04-30T22:07:34+00:00","breadcrumb":{"@id":"https:\/\/cvinoticias.com\/v3\/la-inteligencia-artificial-sera-aplicada-por-primera-vez-en-una-eleccion-provincial\/#breadcrumb"},"inLanguage":"es","potentialAction":[{"@type":"ReadAction","target":["https:\/\/cvinoticias.com\/v3\/la-inteligencia-artificial-sera-aplicada-por-primera-vez-en-una-eleccion-provincial\/"]}]},{"@type":"ImageObject","inLanguage":"es","@id":"https:\/\/cvinoticias.com\/v3\/la-inteligencia-artificial-sera-aplicada-por-primera-vez-en-una-eleccion-provincial\/#primaryimage","url":"https:\/\/cvinoticias.com\/wp-content\/uploads\/2023\/04\/6424879649af2_1200.jpg","contentUrl":"https:\/\/cvinoticias.com\/wp-content\/uploads\/2023\/04\/6424879649af2_1200.jpg","width":900,"height":506},{"@type":"BreadcrumbList","@id":"https:\/\/cvinoticias.com\/v3\/la-inteligencia-artificial-sera-aplicada-por-primera-vez-en-una-eleccion-provincial\/#breadcrumb","itemListElement":[{"@type":"ListItem","position":1,"name":"Portada","item":"https:\/\/cvinoticias.com\/v3\/"},{"@type":"ListItem","position":2,"name":"La Inteligencia Artificial ser\u00e1 aplicada por primera vez en una elecci\u00f3n provincial"}]},{"@type":"WebSite","@id":"https:\/\/cvinoticias.com\/v3\/#website","url":"https:\/\/cvinoticias.com\/v3\/","name":"CVI NOTICIAS","description":"","publisher":{"@id":"https:\/\/cvinoticias.com\/v3\/#organization"},"alternateName":"CVI","potentialAction":[{"@type":"SearchAction","target":{"@type":"EntryPoint","urlTemplate":"https:\/\/cvinoticias.com\/v3\/?s={search_term_string}"},"query-input":{"@type":"PropertyValueSpecification","valueRequired":true,"valueName":"search_term_string"}}],"inLanguage":"es"},{"@type":"Organization","@id":"https:\/\/cvinoticias.com\/v3\/#organization","name":"CVI NOTICIAS","url":"https:\/\/cvinoticias.com\/v3\/","logo":{"@type":"ImageObject","inLanguage":"es","@id":"https:\/\/cvinoticias.com\/v3\/#\/schema\/logo\/image\/","url":"https:\/\/cvinoticias.com\/wp-content\/uploads\/2023\/04\/cropped-cropped-cropped-cropped-cropped-3-1.png","contentUrl":"https:\/\/cvinoticias.com\/wp-content\/uploads\/2023\/04\/cropped-cropped-cropped-cropped-cropped-3-1.png","width":95,"height":122,"caption":"CVI NOTICIAS"},"image":{"@id":"https:\/\/cvinoticias.com\/v3\/#\/schema\/logo\/image\/"},"sameAs":["https:\/\/www.facebook.com\/cvinoticias","https:\/\/www.instagram.com\/cvinoticias\/","https:\/\/www.youtube.com\/@CVINOTICIAS"]},{"@type":"Person","@id":"https:\/\/cvinoticias.com\/v3\/#\/schema\/person\/2db77e3c6bc03c538495d7b2b8be9b66","name":"f1000024","image":{"@type":"ImageObject","inLanguage":"es","@id":"https:\/\/secure.gravatar.com\/avatar\/d4fe7459cfc51ff5129ce1a732bbef5928568b8092d412ef95611616376bbeed?s=96&d=mm&r=g","url":"https:\/\/secure.gravatar.com\/avatar\/d4fe7459cfc51ff5129ce1a732bbef5928568b8092d412ef95611616376bbeed?s=96&d=mm&r=g","contentUrl":"https:\/\/secure.gravatar.com\/avatar\/d4fe7459cfc51ff5129ce1a732bbef5928568b8092d412ef95611616376bbeed?s=96&d=mm&r=g","caption":"f1000024"},"url":"https:\/\/cvinoticias.com\/v3\/author\/f1000024\/"}]}},"_links":{"self":[{"href":"https:\/\/cvinoticias.com\/v3\/wp-json\/wp\/v2\/posts\/24484","targetHints":{"allow":["GET"]}}],"collection":[{"href":"https:\/\/cvinoticias.com\/v3\/wp-json\/wp\/v2\/posts"}],"about":[{"href":"https:\/\/cvinoticias.com\/v3\/wp-json\/wp\/v2\/types\/post"}],"author":[{"embeddable":true,"href":"https:\/\/cvinoticias.com\/v3\/wp-json\/wp\/v2\/users\/2"}],"replies":[{"embeddable":true,"href":"https:\/\/cvinoticias.com\/v3\/wp-json\/wp\/v2\/comments?post=24484"}],"version-history":[{"count":1,"href":"https:\/\/cvinoticias.com\/v3\/wp-json\/wp\/v2\/posts\/24484\/revisions"}],"predecessor-version":[{"id":24486,"href":"https:\/\/cvinoticias.com\/v3\/wp-json\/wp\/v2\/posts\/24484\/revisions\/24486"}],"wp:featuredmedia":[{"embeddable":true,"href":"https:\/\/cvinoticias.com\/v3\/wp-json\/wp\/v2\/media\/24485"}],"wp:attachment":[{"href":"https:\/\/cvinoticias.com\/v3\/wp-json\/wp\/v2\/media?parent=24484"}],"wp:term":[{"taxonomy":"category","embeddable":true,"href":"https:\/\/cvinoticias.com\/v3\/wp-json\/wp\/v2\/categories?post=24484"},{"taxonomy":"post_tag","embeddable":true,"href":"https:\/\/cvinoticias.com\/v3\/wp-json\/wp\/v2\/tags?post=24484"}],"curies":[{"name":"wp","href":"https:\/\/api.w.org\/{rel}","templated":true}]}}