{"id":24469,"date":"2023-04-30T13:13:14","date_gmt":"2023-04-30T13:13:14","guid":{"rendered":"https:\/\/cvinoticias.com\/v3\/?p=24469"},"modified":"2023-04-30T13:13:14","modified_gmt":"2023-04-30T13:13:14","slug":"la-fuerza-arrolladora-de-lo-tangible","status":"publish","type":"post","link":"https:\/\/cvinoticias.com\/v3\/la-fuerza-arrolladora-de-lo-tangible\/","title":{"rendered":"LA FUERZA ARROLLADORA DE LO TANGIBLE"},"content":{"rendered":"\n<p><strong><em>A una semana de las elecciones que definir\u00e1 quien ser\u00e1 el pr\u00f3ximo gobernador de la provincia se observa un fuerte contraste entre el hacer y el decir. La Renovaci\u00f3n ostenta credenciales de un modelo de gesti\u00f3n 365 que viene transformando Misiones. Por su parte, los candidatos de los dos grandes frentes nacionales cargan con el peor de los males: la falta de credibilidad.<\/em><\/strong><\/p>\n\n\n\n<p><strong>Por Nicol\u00e1s Marchiori<\/strong><\/p>\n\n\n\n<p>A la hora de explicar \u00bfcu\u00e1l es el objetivo de la pol\u00edtica?, por aproximaci\u00f3n podr\u00edamos animarnos a decir que tiene por fin garantizar la convivencia y la vida en sociedad. Pero lo cierto es que si hacemos una radiograf\u00eda de la Argentina, nos damos cuenta de que la pol\u00edtica ha dejado de manifiesto una incapacidad total para promover grandes consensos que permitan lograr ese objetivo al que hemos hecho menci\u00f3n. La realidad indica que hoy se impone el antagonismo pol\u00edtico, traducido en la primac\u00eda de la exclusi\u00f3n y la descalificaci\u00f3n mutua entre adversarios. Una actitud que supone una falta de respeto hacia la ciudadan\u00eda. La famosa grieta ha derivado en el est\u00e9ril espect\u00e1culo de la confrontaci\u00f3n y la ausencia de un verdadero debate de ideas y proyectos.<\/p>\n\n\n\n<p>Lo cierto es que produce una inmensa frustraci\u00f3n comprobar que el di\u00e1logo, el consenso y los acuerdos han sido desplazados por un nivel de confrontaci\u00f3n irreconciliable que impide la normal convivencia. La sociedad pide a gritos una clase dirigente capaz de resolver los problemas.<br>Las grandes transformaciones s\u00f3lo pueden llevarse adelante de la mano de l\u00edderes con una aguda percepci\u00f3n de la realidad y una visi\u00f3n poderosa. Como contrapartida, los l\u00edderes mediocres son incapaces de distinguir lo significativo de lo ordinario; tienden a verse sobrepasados por el aspecto inexorable de la historia. Los grandes l\u00edderes intuyen los requisitos intemporales del arte de gobernar y distinguen, entre los muchos elementos de la realidad, aquellos que contribuyen a unas elevadas perspectivas de futuro y deben ser promovidos de otros que deben ser gestionados.<\/p>\n\n\n\n<p>Los verdaderos estadistas entienden la importancia de la soledad. Lejos de las luces y las c\u00e1maras y de la carga cotidiana de mando, sacan partido a la quietud y la reflexi\u00f3n, sobre todo antes de tomar decisiones importantes.<\/p>\n\n\n\n<p>Francia recuerda a Charles De Gaulle como su mayor figura del siglo XX, una figura central de la pol\u00edtica en aquella \u00e9poca que busco que el pueblo franc\u00e9s siga el camino que lideraba, pero que no se esforz\u00f3 por lograr el consenso ni lo esper\u00f3. Considero menester traer a colaci\u00f3n el ejemplo de De Gaulle, ya que en su caso la controversia fue una consecuencia inevitable de las transformaciones que pretendi\u00f3 llevar adelante.<\/p>\n\n\n\n<p>En consecuencia, queda claro que un l\u00edder no puede emprender grandes reformas y transformaciones sin molestar intereses arraigados y enemistarse con ciertos grupos.<br>No todo el mundo admira a los l\u00edderes, ni durante sus a\u00f1os de gobierno ni despu\u00e9s, ni tampoco est\u00e1 de acuerdo con sus pol\u00edticas. Siempre enfrentar\u00e1n resistencias, muchas veces incomprensible, pero el l\u00edder debe valerse de una fortaleza espiritual y mental para soportar la incomprensi\u00f3n. Al fin y al cabo, ese es el precio de hacer historia.<\/p>\n\n\n\n<ul class=\"wp-block-list\">\n<li>* *<br><strong>La gran suma<\/strong><\/li>\n<\/ul>\n\n\n\n<p>Semanas atr\u00e1s, en el marco de la presentaci\u00f3n que hizo la empresa biotecnol\u00f3gica de sus fertilizantes org\u00e1nicos en el Parque Industrial y de la Innovaci\u00f3n de Posadas, el Ing. Carlos Rovira realiz\u00f3 una serie de consideraciones acerca de la actualidad pol\u00edtica nacional y provincial. En dicha oportunidad manifest\u00f3 que \u201cel proyecto pol\u00edtico es el que elige a las personas, por eso no ha sido casual que hemos transitado con los mejores representantes nuestra provincia en la \u00faltima crisis nacional. La mayor\u00eda de los gobernantes recibi\u00f3 el aplazo de la gente.\u201d En la misma l\u00ednea, destac\u00f3 que la Renovaci\u00f3n no le signific\u00f3 ni un segundo de distracci\u00f3n al resto de la ciudadan\u00eda porque ese espacio pol\u00edtico, con mucha anticipaci\u00f3n, llev\u00f3 adelante la tarea de ordenar y de armar equipos, ponderando la gran capacidad de entendimiento y di\u00e1logo.<\/p>\n\n\n\n<p>En la oferta electoral del Frente Renovador hay muchos integrantes que provienen del sector privado y que est\u00e1n dando sus primeros pasos en la pol\u00edtica. Se trata de una caracter\u00edstica distintiva de esta versi\u00f3n Neo de la Renovaci\u00f3n que no hace distingo entre el sector p\u00fablico y el sector privado. De esta forma se genera una sinergia imparable que explica el porqu\u00e9 del excelente presente que vive la provincia y permite vislumbrar el ingreso hacia una nueva etapa de crecimiento exponencial.<\/p>\n\n\n\n<p>La Renovaci\u00f3n muestra un nivel de apertura hacia nuevos actores que no se observa en espacios pol\u00edticos tradicionales y all\u00ed radica el porqu\u00e9 del creciente nivel adhesi\u00f3n de gente que hasta hace poco era ajena a la actividad pol\u00edtica.<br>Rovira destac\u00f3 con contundencia que \u201chay una sola empresa, que es la felicidad del pueblo y ah\u00ed cabe todo, y ah\u00ed est\u00e1n todos invitados.\u201d<\/p>\n\n\n\n<p><strong>Una campa\u00f1a de contrastes muy marcados<\/strong><\/p>\n\n\n\n<p>Falta exactamente una semana para las elecciones que definir\u00e1n quien conducir\u00e1 los destinos de la provincia por los pr\u00f3ximos cuatro a\u00f1os. Misiones luce un clima de total concordia y convivencia pol\u00edtica en donde ha sido clave la decisi\u00f3n del oficialismo de frenar y rechazar cualquier tipo de discusi\u00f3n que no haga referencia a los intereses concretos de la provincia. Esta situaci\u00f3n deriv\u00f3 en un escenario con una oposici\u00f3n descolocada que ha transitado muy inc\u00f3moda toda la campa\u00f1a frente a la imposibilidad, pese a la insistencia, de traer a Misiones el debate de temas nacionales. La ciudadan\u00eda misionera le dio la espalda a la grieta.<br>La campa\u00f1a de la oposici\u00f3n ha girado en torno a un discurso de crisis, de malestar, de des\u00e1nimo, en donde se pudo observar el enorme grado de mezquindad pol\u00edtica, id\u00e9ntico al que se vive en Buenos Aires.<\/p>\n\n\n\n<p>Los frentes que responden a las estructuras nacionales se han mostrado vac\u00edo de contenidos y distanciados de la sociedad misionera, con ideas envasadas que vienen del poder central y que no representan la realidad del d\u00eda a d\u00eda de los misioneros.<\/p>\n\n\n\n<p>La gesti\u00f3n del gobierno provincial sustentada en grandes hitos como la consolidaci\u00f3n de un modelo de educaci\u00f3n disruptiva; una gesti\u00f3n exitosa de la pandemia; la consolidaci\u00f3n y desarrollo del comercio; el boom del sector tur\u00edstico; el crecimiento de los sectores productivos; la creaci\u00f3n de polos de desarrollo como Silicon Misiones, el mega molino yerbatero, el centro tecnol\u00f3gico de la madera; entre otros grandes aspectos, es un elemento determinante en esta campa\u00f1a frente a una oposici\u00f3n sin propuestas concretas y sin ning\u00fan tipo de trayectoria para mostrar. Algunos actores pol\u00edticos m\u00e1s bien remiten al recuerdo de momentos de mucha incertidumbre y tristeza vividos por la sociedad misionera d\u00e9cadas atr\u00e1s.<\/p>\n\n\n\n<p>De esta forma, lo tangible se impone ante lo abstracto, lo cual es totalmente entendible porque las transformaciones que van a permitir seguir creciendo se deben hacer, m\u00e1s que decir.<\/p>\n\n\n\n<p><strong>Abogado. Diplomado en Manejo de Crisis y en An\u00e1lisis de Procesos Electorales. Especializado en Comunicaci\u00f3n de Gobierno y Electoral.<\/strong><\/p>\n","protected":false},"excerpt":{"rendered":"<p>A una semana de las elecciones que definir\u00e1 quien ser\u00e1 el pr\u00f3ximo gobernador de la provincia se observa un fuerte contraste entre el hacer y el decir. La Renovaci\u00f3n ostenta credenciales de un modelo de gesti\u00f3n 365 que viene transformando Misiones. Por su parte, los candidatos de los dos grandes frentes nacionales cargan con el [&hellip;]<\/p>\n","protected":false},"author":2,"featured_media":24470,"comment_status":"open","ping_status":"open","sticky":false,"template":"","format":"standard","meta":{"footnotes":""},"categories":[41],"tags":[],"class_list":["post-24469","post","type-post","status-publish","format-standard","has-post-thumbnail","hentry","category-policiales"],"yoast_head":"<!-- This site is optimized with the Yoast SEO plugin v27.4 - https:\/\/yoast.com\/product\/yoast-seo-wordpress\/ -->\n<title>LA FUERZA ARROLLADORA DE LO TANGIBLE | CVI NOTICIAS<\/title>\n<meta name=\"robots\" content=\"index, follow, max-snippet:-1, max-image-preview:large, max-video-preview:-1\" \/>\n<link rel=\"canonical\" href=\"https:\/\/cvinoticias.com\/v3\/la-fuerza-arrolladora-de-lo-tangible\/\" \/>\n<meta property=\"og:locale\" content=\"es_ES\" \/>\n<meta property=\"og:type\" content=\"article\" \/>\n<meta property=\"og:title\" content=\"LA FUERZA ARROLLADORA DE LO TANGIBLE | CVI NOTICIAS\" \/>\n<meta property=\"og:description\" content=\"A una semana de las elecciones que definir\u00e1 quien ser\u00e1 el pr\u00f3ximo gobernador de la provincia se observa un fuerte contraste entre el hacer y el decir. La Renovaci\u00f3n ostenta credenciales de un modelo de gesti\u00f3n 365 que viene transformando Misiones. Por su parte, los candidatos de los dos grandes frentes nacionales cargan con el [&hellip;]\" \/>\n<meta property=\"og:url\" content=\"https:\/\/cvinoticias.com\/v3\/la-fuerza-arrolladora-de-lo-tangible\/\" \/>\n<meta property=\"og:site_name\" content=\"CVI NOTICIAS\" \/>\n<meta property=\"article:publisher\" content=\"https:\/\/www.facebook.com\/cvinoticias\" \/>\n<meta property=\"article:published_time\" content=\"2023-04-30T13:13:14+00:00\" \/>\n<meta property=\"og:image\" content=\"https:\/\/cvinoticias.com\/wp-content\/uploads\/2023\/04\/Screenshot_20230430_100908_Docs.jpg\" \/>\n\t<meta property=\"og:image:width\" content=\"935\" \/>\n\t<meta property=\"og:image:height\" content=\"619\" \/>\n\t<meta property=\"og:image:type\" content=\"image\/jpeg\" \/>\n<meta name=\"author\" content=\"f1000024\" \/>\n<meta name=\"twitter:card\" content=\"summary_large_image\" \/>\n<meta name=\"twitter:label1\" content=\"Escrito por\" \/>\n\t<meta name=\"twitter:data1\" content=\"f1000024\" \/>\n\t<meta name=\"twitter:label2\" content=\"Tiempo de lectura\" \/>\n\t<meta name=\"twitter:data2\" content=\"6 minutos\" \/>\n<script type=\"application\/ld+json\" class=\"yoast-schema-graph\">{\"@context\":\"https:\\\/\\\/schema.org\",\"@graph\":[{\"@type\":\"Article\",\"@id\":\"https:\\\/\\\/cvinoticias.com\\\/v3\\\/la-fuerza-arrolladora-de-lo-tangible\\\/#article\",\"isPartOf\":{\"@id\":\"https:\\\/\\\/cvinoticias.com\\\/v3\\\/la-fuerza-arrolladora-de-lo-tangible\\\/\"},\"author\":{\"name\":\"f1000024\",\"@id\":\"https:\\\/\\\/cvinoticias.com\\\/v3\\\/#\\\/schema\\\/person\\\/2db77e3c6bc03c538495d7b2b8be9b66\"},\"headline\":\"LA FUERZA ARROLLADORA DE LO TANGIBLE\",\"datePublished\":\"2023-04-30T13:13:14+00:00\",\"mainEntityOfPage\":{\"@id\":\"https:\\\/\\\/cvinoticias.com\\\/v3\\\/la-fuerza-arrolladora-de-lo-tangible\\\/\"},\"wordCount\":1253,\"commentCount\":0,\"publisher\":{\"@id\":\"https:\\\/\\\/cvinoticias.com\\\/v3\\\/#organization\"},\"image\":{\"@id\":\"https:\\\/\\\/cvinoticias.com\\\/v3\\\/la-fuerza-arrolladora-de-lo-tangible\\\/#primaryimage\"},\"thumbnailUrl\":\"https:\\\/\\\/cvinoticias.com\\\/wp-content\\\/uploads\\\/2023\\\/04\\\/Screenshot_20230430_100908_Docs.jpg\",\"articleSection\":[\"Policiales\"],\"inLanguage\":\"es\",\"potentialAction\":[{\"@type\":\"CommentAction\",\"name\":\"Comment\",\"target\":[\"https:\\\/\\\/cvinoticias.com\\\/v3\\\/la-fuerza-arrolladora-de-lo-tangible\\\/#respond\"]}]},{\"@type\":\"WebPage\",\"@id\":\"https:\\\/\\\/cvinoticias.com\\\/v3\\\/la-fuerza-arrolladora-de-lo-tangible\\\/\",\"url\":\"https:\\\/\\\/cvinoticias.com\\\/v3\\\/la-fuerza-arrolladora-de-lo-tangible\\\/\",\"name\":\"LA FUERZA ARROLLADORA DE LO TANGIBLE | CVI NOTICIAS\",\"isPartOf\":{\"@id\":\"https:\\\/\\\/cvinoticias.com\\\/v3\\\/#website\"},\"primaryImageOfPage\":{\"@id\":\"https:\\\/\\\/cvinoticias.com\\\/v3\\\/la-fuerza-arrolladora-de-lo-tangible\\\/#primaryimage\"},\"image\":{\"@id\":\"https:\\\/\\\/cvinoticias.com\\\/v3\\\/la-fuerza-arrolladora-de-lo-tangible\\\/#primaryimage\"},\"thumbnailUrl\":\"https:\\\/\\\/cvinoticias.com\\\/wp-content\\\/uploads\\\/2023\\\/04\\\/Screenshot_20230430_100908_Docs.jpg\",\"datePublished\":\"2023-04-30T13:13:14+00:00\",\"breadcrumb\":{\"@id\":\"https:\\\/\\\/cvinoticias.com\\\/v3\\\/la-fuerza-arrolladora-de-lo-tangible\\\/#breadcrumb\"},\"inLanguage\":\"es\",\"potentialAction\":[{\"@type\":\"ReadAction\",\"target\":[\"https:\\\/\\\/cvinoticias.com\\\/v3\\\/la-fuerza-arrolladora-de-lo-tangible\\\/\"]}]},{\"@type\":\"ImageObject\",\"inLanguage\":\"es\",\"@id\":\"https:\\\/\\\/cvinoticias.com\\\/v3\\\/la-fuerza-arrolladora-de-lo-tangible\\\/#primaryimage\",\"url\":\"https:\\\/\\\/cvinoticias.com\\\/wp-content\\\/uploads\\\/2023\\\/04\\\/Screenshot_20230430_100908_Docs.jpg\",\"contentUrl\":\"https:\\\/\\\/cvinoticias.com\\\/wp-content\\\/uploads\\\/2023\\\/04\\\/Screenshot_20230430_100908_Docs.jpg\",\"width\":935,\"height\":619},{\"@type\":\"BreadcrumbList\",\"@id\":\"https:\\\/\\\/cvinoticias.com\\\/v3\\\/la-fuerza-arrolladora-de-lo-tangible\\\/#breadcrumb\",\"itemListElement\":[{\"@type\":\"ListItem\",\"position\":1,\"name\":\"Portada\",\"item\":\"https:\\\/\\\/cvinoticias.com\\\/v3\\\/\"},{\"@type\":\"ListItem\",\"position\":2,\"name\":\"LA FUERZA ARROLLADORA DE LO TANGIBLE\"}]},{\"@type\":\"WebSite\",\"@id\":\"https:\\\/\\\/cvinoticias.com\\\/v3\\\/#website\",\"url\":\"https:\\\/\\\/cvinoticias.com\\\/v3\\\/\",\"name\":\"CVI NOTICIAS\",\"description\":\"\",\"publisher\":{\"@id\":\"https:\\\/\\\/cvinoticias.com\\\/v3\\\/#organization\"},\"alternateName\":\"CVI\",\"potentialAction\":[{\"@type\":\"SearchAction\",\"target\":{\"@type\":\"EntryPoint\",\"urlTemplate\":\"https:\\\/\\\/cvinoticias.com\\\/v3\\\/?s={search_term_string}\"},\"query-input\":{\"@type\":\"PropertyValueSpecification\",\"valueRequired\":true,\"valueName\":\"search_term_string\"}}],\"inLanguage\":\"es\"},{\"@type\":\"Organization\",\"@id\":\"https:\\\/\\\/cvinoticias.com\\\/v3\\\/#organization\",\"name\":\"CVI NOTICIAS\",\"url\":\"https:\\\/\\\/cvinoticias.com\\\/v3\\\/\",\"logo\":{\"@type\":\"ImageObject\",\"inLanguage\":\"es\",\"@id\":\"https:\\\/\\\/cvinoticias.com\\\/v3\\\/#\\\/schema\\\/logo\\\/image\\\/\",\"url\":\"https:\\\/\\\/cvinoticias.com\\\/wp-content\\\/uploads\\\/2023\\\/04\\\/cropped-cropped-cropped-cropped-cropped-3-1.png\",\"contentUrl\":\"https:\\\/\\\/cvinoticias.com\\\/wp-content\\\/uploads\\\/2023\\\/04\\\/cropped-cropped-cropped-cropped-cropped-3-1.png\",\"width\":95,\"height\":122,\"caption\":\"CVI NOTICIAS\"},\"image\":{\"@id\":\"https:\\\/\\\/cvinoticias.com\\\/v3\\\/#\\\/schema\\\/logo\\\/image\\\/\"},\"sameAs\":[\"https:\\\/\\\/www.facebook.com\\\/cvinoticias\",\"https:\\\/\\\/www.instagram.com\\\/cvinoticias\\\/\",\"https:\\\/\\\/www.youtube.com\\\/@CVINOTICIAS\"]},{\"@type\":\"Person\",\"@id\":\"https:\\\/\\\/cvinoticias.com\\\/v3\\\/#\\\/schema\\\/person\\\/2db77e3c6bc03c538495d7b2b8be9b66\",\"name\":\"f1000024\",\"image\":{\"@type\":\"ImageObject\",\"inLanguage\":\"es\",\"@id\":\"https:\\\/\\\/secure.gravatar.com\\\/avatar\\\/d4fe7459cfc51ff5129ce1a732bbef5928568b8092d412ef95611616376bbeed?s=96&d=mm&r=g\",\"url\":\"https:\\\/\\\/secure.gravatar.com\\\/avatar\\\/d4fe7459cfc51ff5129ce1a732bbef5928568b8092d412ef95611616376bbeed?s=96&d=mm&r=g\",\"contentUrl\":\"https:\\\/\\\/secure.gravatar.com\\\/avatar\\\/d4fe7459cfc51ff5129ce1a732bbef5928568b8092d412ef95611616376bbeed?s=96&d=mm&r=g\",\"caption\":\"f1000024\"},\"url\":\"https:\\\/\\\/cvinoticias.com\\\/v3\\\/author\\\/f1000024\\\/\"}]}<\/script>\n<!-- \/ Yoast SEO plugin. -->","yoast_head_json":{"title":"LA FUERZA ARROLLADORA DE LO TANGIBLE | CVI NOTICIAS","robots":{"index":"index","follow":"follow","max-snippet":"max-snippet:-1","max-image-preview":"max-image-preview:large","max-video-preview":"max-video-preview:-1"},"canonical":"https:\/\/cvinoticias.com\/v3\/la-fuerza-arrolladora-de-lo-tangible\/","og_locale":"es_ES","og_type":"article","og_title":"LA FUERZA ARROLLADORA DE LO TANGIBLE | CVI NOTICIAS","og_description":"A una semana de las elecciones que definir\u00e1 quien ser\u00e1 el pr\u00f3ximo gobernador de la provincia se observa un fuerte contraste entre el hacer y el decir. La Renovaci\u00f3n ostenta credenciales de un modelo de gesti\u00f3n 365 que viene transformando Misiones. Por su parte, los candidatos de los dos grandes frentes nacionales cargan con el [&hellip;]","og_url":"https:\/\/cvinoticias.com\/v3\/la-fuerza-arrolladora-de-lo-tangible\/","og_site_name":"CVI NOTICIAS","article_publisher":"https:\/\/www.facebook.com\/cvinoticias","article_published_time":"2023-04-30T13:13:14+00:00","og_image":[{"width":935,"height":619,"url":"https:\/\/cvinoticias.com\/wp-content\/uploads\/2023\/04\/Screenshot_20230430_100908_Docs.jpg","type":"image\/jpeg"}],"author":"f1000024","twitter_card":"summary_large_image","twitter_misc":{"Escrito por":"f1000024","Tiempo de lectura":"6 minutos"},"schema":{"@context":"https:\/\/schema.org","@graph":[{"@type":"Article","@id":"https:\/\/cvinoticias.com\/v3\/la-fuerza-arrolladora-de-lo-tangible\/#article","isPartOf":{"@id":"https:\/\/cvinoticias.com\/v3\/la-fuerza-arrolladora-de-lo-tangible\/"},"author":{"name":"f1000024","@id":"https:\/\/cvinoticias.com\/v3\/#\/schema\/person\/2db77e3c6bc03c538495d7b2b8be9b66"},"headline":"LA FUERZA ARROLLADORA DE LO TANGIBLE","datePublished":"2023-04-30T13:13:14+00:00","mainEntityOfPage":{"@id":"https:\/\/cvinoticias.com\/v3\/la-fuerza-arrolladora-de-lo-tangible\/"},"wordCount":1253,"commentCount":0,"publisher":{"@id":"https:\/\/cvinoticias.com\/v3\/#organization"},"image":{"@id":"https:\/\/cvinoticias.com\/v3\/la-fuerza-arrolladora-de-lo-tangible\/#primaryimage"},"thumbnailUrl":"https:\/\/cvinoticias.com\/wp-content\/uploads\/2023\/04\/Screenshot_20230430_100908_Docs.jpg","articleSection":["Policiales"],"inLanguage":"es","potentialAction":[{"@type":"CommentAction","name":"Comment","target":["https:\/\/cvinoticias.com\/v3\/la-fuerza-arrolladora-de-lo-tangible\/#respond"]}]},{"@type":"WebPage","@id":"https:\/\/cvinoticias.com\/v3\/la-fuerza-arrolladora-de-lo-tangible\/","url":"https:\/\/cvinoticias.com\/v3\/la-fuerza-arrolladora-de-lo-tangible\/","name":"LA FUERZA ARROLLADORA DE LO TANGIBLE | CVI NOTICIAS","isPartOf":{"@id":"https:\/\/cvinoticias.com\/v3\/#website"},"primaryImageOfPage":{"@id":"https:\/\/cvinoticias.com\/v3\/la-fuerza-arrolladora-de-lo-tangible\/#primaryimage"},"image":{"@id":"https:\/\/cvinoticias.com\/v3\/la-fuerza-arrolladora-de-lo-tangible\/#primaryimage"},"thumbnailUrl":"https:\/\/cvinoticias.com\/wp-content\/uploads\/2023\/04\/Screenshot_20230430_100908_Docs.jpg","datePublished":"2023-04-30T13:13:14+00:00","breadcrumb":{"@id":"https:\/\/cvinoticias.com\/v3\/la-fuerza-arrolladora-de-lo-tangible\/#breadcrumb"},"inLanguage":"es","potentialAction":[{"@type":"ReadAction","target":["https:\/\/cvinoticias.com\/v3\/la-fuerza-arrolladora-de-lo-tangible\/"]}]},{"@type":"ImageObject","inLanguage":"es","@id":"https:\/\/cvinoticias.com\/v3\/la-fuerza-arrolladora-de-lo-tangible\/#primaryimage","url":"https:\/\/cvinoticias.com\/wp-content\/uploads\/2023\/04\/Screenshot_20230430_100908_Docs.jpg","contentUrl":"https:\/\/cvinoticias.com\/wp-content\/uploads\/2023\/04\/Screenshot_20230430_100908_Docs.jpg","width":935,"height":619},{"@type":"BreadcrumbList","@id":"https:\/\/cvinoticias.com\/v3\/la-fuerza-arrolladora-de-lo-tangible\/#breadcrumb","itemListElement":[{"@type":"ListItem","position":1,"name":"Portada","item":"https:\/\/cvinoticias.com\/v3\/"},{"@type":"ListItem","position":2,"name":"LA FUERZA ARROLLADORA DE LO TANGIBLE"}]},{"@type":"WebSite","@id":"https:\/\/cvinoticias.com\/v3\/#website","url":"https:\/\/cvinoticias.com\/v3\/","name":"CVI NOTICIAS","description":"","publisher":{"@id":"https:\/\/cvinoticias.com\/v3\/#organization"},"alternateName":"CVI","potentialAction":[{"@type":"SearchAction","target":{"@type":"EntryPoint","urlTemplate":"https:\/\/cvinoticias.com\/v3\/?s={search_term_string}"},"query-input":{"@type":"PropertyValueSpecification","valueRequired":true,"valueName":"search_term_string"}}],"inLanguage":"es"},{"@type":"Organization","@id":"https:\/\/cvinoticias.com\/v3\/#organization","name":"CVI NOTICIAS","url":"https:\/\/cvinoticias.com\/v3\/","logo":{"@type":"ImageObject","inLanguage":"es","@id":"https:\/\/cvinoticias.com\/v3\/#\/schema\/logo\/image\/","url":"https:\/\/cvinoticias.com\/wp-content\/uploads\/2023\/04\/cropped-cropped-cropped-cropped-cropped-3-1.png","contentUrl":"https:\/\/cvinoticias.com\/wp-content\/uploads\/2023\/04\/cropped-cropped-cropped-cropped-cropped-3-1.png","width":95,"height":122,"caption":"CVI NOTICIAS"},"image":{"@id":"https:\/\/cvinoticias.com\/v3\/#\/schema\/logo\/image\/"},"sameAs":["https:\/\/www.facebook.com\/cvinoticias","https:\/\/www.instagram.com\/cvinoticias\/","https:\/\/www.youtube.com\/@CVINOTICIAS"]},{"@type":"Person","@id":"https:\/\/cvinoticias.com\/v3\/#\/schema\/person\/2db77e3c6bc03c538495d7b2b8be9b66","name":"f1000024","image":{"@type":"ImageObject","inLanguage":"es","@id":"https:\/\/secure.gravatar.com\/avatar\/d4fe7459cfc51ff5129ce1a732bbef5928568b8092d412ef95611616376bbeed?s=96&d=mm&r=g","url":"https:\/\/secure.gravatar.com\/avatar\/d4fe7459cfc51ff5129ce1a732bbef5928568b8092d412ef95611616376bbeed?s=96&d=mm&r=g","contentUrl":"https:\/\/secure.gravatar.com\/avatar\/d4fe7459cfc51ff5129ce1a732bbef5928568b8092d412ef95611616376bbeed?s=96&d=mm&r=g","caption":"f1000024"},"url":"https:\/\/cvinoticias.com\/v3\/author\/f1000024\/"}]}},"_links":{"self":[{"href":"https:\/\/cvinoticias.com\/v3\/wp-json\/wp\/v2\/posts\/24469","targetHints":{"allow":["GET"]}}],"collection":[{"href":"https:\/\/cvinoticias.com\/v3\/wp-json\/wp\/v2\/posts"}],"about":[{"href":"https:\/\/cvinoticias.com\/v3\/wp-json\/wp\/v2\/types\/post"}],"author":[{"embeddable":true,"href":"https:\/\/cvinoticias.com\/v3\/wp-json\/wp\/v2\/users\/2"}],"replies":[{"embeddable":true,"href":"https:\/\/cvinoticias.com\/v3\/wp-json\/wp\/v2\/comments?post=24469"}],"version-history":[{"count":1,"href":"https:\/\/cvinoticias.com\/v3\/wp-json\/wp\/v2\/posts\/24469\/revisions"}],"predecessor-version":[{"id":24471,"href":"https:\/\/cvinoticias.com\/v3\/wp-json\/wp\/v2\/posts\/24469\/revisions\/24471"}],"wp:featuredmedia":[{"embeddable":true,"href":"https:\/\/cvinoticias.com\/v3\/wp-json\/wp\/v2\/media\/24470"}],"wp:attachment":[{"href":"https:\/\/cvinoticias.com\/v3\/wp-json\/wp\/v2\/media?parent=24469"}],"wp:term":[{"taxonomy":"category","embeddable":true,"href":"https:\/\/cvinoticias.com\/v3\/wp-json\/wp\/v2\/categories?post=24469"},{"taxonomy":"post_tag","embeddable":true,"href":"https:\/\/cvinoticias.com\/v3\/wp-json\/wp\/v2\/tags?post=24469"}],"curies":[{"name":"wp","href":"https:\/\/api.w.org\/{rel}","templated":true}]}}