{"id":24453,"date":"2023-04-29T11:09:36","date_gmt":"2023-04-29T11:09:36","guid":{"rendered":"https:\/\/cvinoticias.com\/v3\/?p=24453"},"modified":"2023-04-29T11:09:36","modified_gmt":"2023-04-29T11:09:36","slug":"multitudinaria-fiesta-en-obera-para-celebrar-la-unidad","status":"publish","type":"post","link":"https:\/\/cvinoticias.com\/v3\/multitudinaria-fiesta-en-obera-para-celebrar-la-unidad\/","title":{"rendered":"Multitudinaria fiesta en Ober\u00e1 para celebrar la unidad"},"content":{"rendered":"\n<p><strong><em>En Misiones no hay grieta: la plaza San Mart\u00edn reuni\u00f3 a militantes, funcionarios y a candidatos de todos los sublemas del Frente Renovador. Con artistas locales y m\u00fasica en vivo, las banderas y remeras de todos los espacios convivieron en un clima de paz y fraternidad con el p\u00fablico de todas las edades que se acercaron voluntariamente. \u201cFue una fiesta de la democracia\u201d, dijo a Canal 12 el ministro de Cultura, Joselo Schuap.<\/em><\/strong><\/p>\n\n\n\n<p>La ciudad de Ober\u00e1 vivi\u00f3 este viernes una multitudinaria fiesta a pura m\u00fasica y cultura con artistas locales en la plaza San Mart\u00edn. El evento Seguir Creciendo organizado por el Frente Renovador de la Concordia convoc\u00f3 a todos los candidatos de los diferentes sublemas junto a los vecinos de todas las edades en una noche colorida por las banderas y remeras de las diferentes listas. \u201cFue la fiesta de la democracia\u201d, manifest\u00f3 con mucha emoci\u00f3n el ministro de Cultura, Joselo Schuap en declaraciones a Canal 12.<\/p>\n\n\n\n<p>La unidad de los militantes, funcionarios y candidatos de la Renovaci\u00f3n junto a las familias presentes colmaron la plaza con felicidad, empat\u00eda y madurez pol\u00edtica que se vive en la tierra sin mal a una semana de las elecciones del 7 de mayo. Con la conducci\u00f3n del reconocido m\u00fasico Japo Fleitas y el DJ Danny Ver\u00f3n, la gente disfrut\u00f3 de las brillantes presentaciones de Andy Gaona, Negrito Arias, Omar Bueno, Carina la Estrellita, Pilar Paredes, Hugo y los M\u00e1gicos, L\u00ednea 6, Tr\u00edo da Capo, Camila Casco, Pablo y su grupo, Banda Estaci\u00f3n 13.<\/p>\n\n\n\n<figure class=\"wp-block-image size-large\"><a href=\"https:\/\/cvinoticias.com\/wp-content\/uploads\/2023\/04\/IMG-20230429-WA0008.jpg\"><img decoding=\"async\" width=\"1024\" height=\"576\" data-src=\"https:\/\/cvinoticias.com\/wp-content\/uploads\/2023\/04\/IMG-20230429-WA0008-1024x576.jpg\" alt=\"\" class=\"wp-image-24454 lazyload\" data-srcset=\"https:\/\/cvinoticias.com\/wp-content\/uploads\/2023\/04\/IMG-20230429-WA0008-1024x576.jpg 1024w, https:\/\/cvinoticias.com\/wp-content\/uploads\/2023\/04\/IMG-20230429-WA0008-300x169.jpg 300w, https:\/\/cvinoticias.com\/wp-content\/uploads\/2023\/04\/IMG-20230429-WA0008-768x432.jpg 768w, https:\/\/cvinoticias.com\/wp-content\/uploads\/2023\/04\/IMG-20230429-WA0008-1536x864.jpg 1536w, https:\/\/cvinoticias.com\/wp-content\/uploads\/2023\/04\/IMG-20230429-WA0008.jpg 1600w\" data-sizes=\"(max-width: 1024px) 100vw, 1024px\" src=\"data:image\/svg+xml;base64,PHN2ZyB3aWR0aD0iMSIgaGVpZ2h0PSIxIiB4bWxucz0iaHR0cDovL3d3dy53My5vcmcvMjAwMC9zdmciPjwvc3ZnPg==\" style=\"--smush-placeholder-width: 1024px; --smush-placeholder-aspect-ratio: 1024\/576;\" \/><\/a><\/figure>\n\n\n\n<p>\u201cFue una fiesta multitudinaria in\u00e9dita, pocas veces se vio que, una semana antes de las elecciones, se junten tantas personas sin una movilizaci\u00f3n, sino por voluntad propia de los vecinos y los simpatizantes de los candidatos presentes\u201d, relat\u00f3 Schuap a Canal 12. Para el ministro, fue una demostraci\u00f3n de \u201cla unidad de la Renovaci\u00f3n para que gane en la provincia y en Ober\u00e1\u201d.<\/p>\n\n\n\n<p>La misma emoci\u00f3n tuvo el intendente local, Pablo Hassan, quien se presentar\u00e1 como candidato para continuar al frente del municipio con el sublema Hagamos. \u201cNo recuerdo cu\u00e1ndo fue la \u00faltima vez que vi esta plaza tan llena, pasaron a\u00f1os, siento mucho orgullo y una felicidad inmensa\u201d, expres\u00f3.<br>En el evento, Hassan destac\u00f3 \u201cel trabajo en equipo de todos los sublemas\u201d para la realizaci\u00f3n del Festival Cultural. Tambi\u00e9n reiter\u00f3 que una de sus propuestas de campa\u00f1a es la \u201crestauraci\u00f3n de la plaza San Mart\u00edn, porque es importante mantener su historia y arquitectura para que podamos disfrutar todos los obere\u00f1os\u201d.<\/p>\n\n\n\n<figure class=\"wp-block-image size-large\"><a href=\"https:\/\/cvinoticias.com\/wp-content\/uploads\/2023\/04\/IMG-20230429-WA0007.jpg\"><img decoding=\"async\" width=\"1024\" height=\"575\" data-src=\"https:\/\/cvinoticias.com\/wp-content\/uploads\/2023\/04\/IMG-20230429-WA0007-1024x575.jpg\" alt=\"\" class=\"wp-image-24455 lazyload\" data-srcset=\"https:\/\/cvinoticias.com\/wp-content\/uploads\/2023\/04\/IMG-20230429-WA0007-1024x575.jpg 1024w, https:\/\/cvinoticias.com\/wp-content\/uploads\/2023\/04\/IMG-20230429-WA0007-300x168.jpg 300w, https:\/\/cvinoticias.com\/wp-content\/uploads\/2023\/04\/IMG-20230429-WA0007-768x431.jpg 768w, https:\/\/cvinoticias.com\/wp-content\/uploads\/2023\/04\/IMG-20230429-WA0007-1536x862.jpg 1536w, https:\/\/cvinoticias.com\/wp-content\/uploads\/2023\/04\/IMG-20230429-WA0007.jpg 1600w\" data-sizes=\"(max-width: 1024px) 100vw, 1024px\" src=\"data:image\/svg+xml;base64,PHN2ZyB3aWR0aD0iMSIgaGVpZ2h0PSIxIiB4bWxucz0iaHR0cDovL3d3dy53My5vcmcvMjAwMC9zdmciPjwvc3ZnPg==\" style=\"--smush-placeholder-width: 1024px; --smush-placeholder-aspect-ratio: 1024\/575;\" \/><\/a><\/figure>\n\n\n\n<p>El jefe comunal no dej\u00f3 pasar la oportunidad para recordar a la poblaci\u00f3n el evento nacional que tuvo como sede a Ober\u00e1: el Festival de las Culturas del Norte Grande, que se llev\u00f3 a cabo en marzo. Fue un espect\u00e1culo que reuni\u00f3 la diversidad cultural de las diez provincias del NEA y NOA y cont\u00f3 con la organizaci\u00f3n del municipio en conjunto con el Ministerio de Cultura. \u201cFue de primer nivel\u201d dijo Hassan, y afirm\u00f3 que su ciudad \u201cest\u00e1 preparada para hacer este tipo de eventos para disfrutar en familia\u201d.<\/p>\n\n\n\n<p>La alegr\u00eda y fraternidad que emana no solo desde los sublemas de la Renovaci\u00f3n, sino tambi\u00e9n de las personas de todas las edades que estuvieron presentes tambi\u00e9n es un hecho concreto de que en Misiones no hay grieta, se vive un clima de paz y felicidad, como tantas veces lo manifest\u00f3 en sus discursos el conductor Carlos Eduardo Rovira.<\/p>\n\n\n\n<p>En el Festival Cultural Seguir Creciendo tambi\u00e9n estuvieron presentes el candidato a vicegobernador Lucas Romero Spinelli; el ministro de Salud Oscar Alarc\u00f3n; los diputados Mart\u00edn Cesino, Yamila Ruiz, Rafael Pereyra Pigerl; el concejal de Posadas Daniel Colo Vancsik, entre otros funcionarios y candidatos de los 78 municipios.<\/p>\n\n\n\n<figure class=\"wp-block-image size-large\"><a href=\"https:\/\/cvinoticias.com\/wp-content\/uploads\/2023\/04\/IMG-20230429-WA0010.jpg\"><img decoding=\"async\" width=\"1024\" height=\"768\" data-src=\"https:\/\/cvinoticias.com\/wp-content\/uploads\/2023\/04\/IMG-20230429-WA0010-1024x768.jpg\" alt=\"\" class=\"wp-image-24456 lazyload\" data-srcset=\"https:\/\/cvinoticias.com\/wp-content\/uploads\/2023\/04\/IMG-20230429-WA0010-1024x768.jpg 1024w, https:\/\/cvinoticias.com\/wp-content\/uploads\/2023\/04\/IMG-20230429-WA0010-300x225.jpg 300w, https:\/\/cvinoticias.com\/wp-content\/uploads\/2023\/04\/IMG-20230429-WA0010-768x576.jpg 768w, https:\/\/cvinoticias.com\/wp-content\/uploads\/2023\/04\/IMG-20230429-WA0010.jpg 1280w\" data-sizes=\"(max-width: 1024px) 100vw, 1024px\" src=\"data:image\/svg+xml;base64,PHN2ZyB3aWR0aD0iMSIgaGVpZ2h0PSIxIiB4bWxucz0iaHR0cDovL3d3dy53My5vcmcvMjAwMC9zdmciPjwvc3ZnPg==\" style=\"--smush-placeholder-width: 1024px; --smush-placeholder-aspect-ratio: 1024\/768;\" \/><\/a><\/figure>\n","protected":false},"excerpt":{"rendered":"<p>En Misiones no hay grieta: la plaza San Mart\u00edn reuni\u00f3 a militantes, funcionarios y a candidatos de todos los sublemas del Frente Renovador. Con artistas locales y m\u00fasica en vivo, las banderas y remeras de todos los espacios convivieron en un clima de paz y fraternidad con el p\u00fablico de todas las edades que se [&hellip;]<\/p>\n","protected":false},"author":2,"featured_media":24457,"comment_status":"open","ping_status":"open","sticky":false,"template":"","format":"standard","meta":{"footnotes":""},"categories":[43],"tags":[],"class_list":["post-24453","post","type-post","status-publish","format-standard","has-post-thumbnail","hentry","category-provinciales"],"yoast_head":"<!-- This site is optimized with the Yoast SEO plugin v27.4 - https:\/\/yoast.com\/product\/yoast-seo-wordpress\/ -->\n<title>Multitudinaria fiesta en Ober\u00e1 para celebrar la unidad | CVI NOTICIAS<\/title>\n<meta name=\"robots\" content=\"index, follow, max-snippet:-1, max-image-preview:large, max-video-preview:-1\" \/>\n<link rel=\"canonical\" href=\"https:\/\/cvinoticias.com\/v3\/multitudinaria-fiesta-en-obera-para-celebrar-la-unidad\/\" \/>\n<meta property=\"og:locale\" content=\"es_ES\" \/>\n<meta property=\"og:type\" content=\"article\" \/>\n<meta property=\"og:title\" content=\"Multitudinaria fiesta en Ober\u00e1 para celebrar la unidad | CVI NOTICIAS\" \/>\n<meta property=\"og:description\" content=\"En Misiones no hay grieta: la plaza San Mart\u00edn reuni\u00f3 a militantes, funcionarios y a candidatos de todos los sublemas del Frente Renovador. Con artistas locales y m\u00fasica en vivo, las banderas y remeras de todos los espacios convivieron en un clima de paz y fraternidad con el p\u00fablico de todas las edades que se [&hellip;]\" \/>\n<meta property=\"og:url\" content=\"https:\/\/cvinoticias.com\/v3\/multitudinaria-fiesta-en-obera-para-celebrar-la-unidad\/\" \/>\n<meta property=\"og:site_name\" content=\"CVI NOTICIAS\" \/>\n<meta property=\"article:publisher\" content=\"https:\/\/www.facebook.com\/cvinoticias\" \/>\n<meta property=\"article:published_time\" content=\"2023-04-29T11:09:36+00:00\" \/>\n<meta property=\"og:image\" content=\"https:\/\/cvinoticias.com\/wp-content\/uploads\/2023\/04\/IMG-20230429-WA0006.jpg\" \/>\n\t<meta property=\"og:image:width\" content=\"1089\" \/>\n\t<meta property=\"og:image:height\" content=\"730\" \/>\n\t<meta property=\"og:image:type\" content=\"image\/jpeg\" \/>\n<meta name=\"author\" content=\"f1000024\" \/>\n<meta name=\"twitter:card\" content=\"summary_large_image\" \/>\n<meta name=\"twitter:label1\" content=\"Escrito por\" \/>\n\t<meta name=\"twitter:data1\" content=\"f1000024\" \/>\n\t<meta name=\"twitter:label2\" content=\"Tiempo de lectura\" \/>\n\t<meta name=\"twitter:data2\" content=\"3 minutos\" \/>\n<script type=\"application\/ld+json\" class=\"yoast-schema-graph\">{\"@context\":\"https:\\\/\\\/schema.org\",\"@graph\":[{\"@type\":\"Article\",\"@id\":\"https:\\\/\\\/cvinoticias.com\\\/v3\\\/multitudinaria-fiesta-en-obera-para-celebrar-la-unidad\\\/#article\",\"isPartOf\":{\"@id\":\"https:\\\/\\\/cvinoticias.com\\\/v3\\\/multitudinaria-fiesta-en-obera-para-celebrar-la-unidad\\\/\"},\"author\":{\"name\":\"f1000024\",\"@id\":\"https:\\\/\\\/cvinoticias.com\\\/v3\\\/#\\\/schema\\\/person\\\/2db77e3c6bc03c538495d7b2b8be9b66\"},\"headline\":\"Multitudinaria fiesta en Ober\u00e1 para celebrar la unidad\",\"datePublished\":\"2023-04-29T11:09:36+00:00\",\"mainEntityOfPage\":{\"@id\":\"https:\\\/\\\/cvinoticias.com\\\/v3\\\/multitudinaria-fiesta-en-obera-para-celebrar-la-unidad\\\/\"},\"wordCount\":649,\"commentCount\":0,\"publisher\":{\"@id\":\"https:\\\/\\\/cvinoticias.com\\\/v3\\\/#organization\"},\"image\":{\"@id\":\"https:\\\/\\\/cvinoticias.com\\\/v3\\\/multitudinaria-fiesta-en-obera-para-celebrar-la-unidad\\\/#primaryimage\"},\"thumbnailUrl\":\"https:\\\/\\\/cvinoticias.com\\\/wp-content\\\/uploads\\\/2023\\\/04\\\/IMG-20230429-WA0006.jpg\",\"articleSection\":[\"Provinciales\"],\"inLanguage\":\"es\",\"potentialAction\":[{\"@type\":\"CommentAction\",\"name\":\"Comment\",\"target\":[\"https:\\\/\\\/cvinoticias.com\\\/v3\\\/multitudinaria-fiesta-en-obera-para-celebrar-la-unidad\\\/#respond\"]}]},{\"@type\":\"WebPage\",\"@id\":\"https:\\\/\\\/cvinoticias.com\\\/v3\\\/multitudinaria-fiesta-en-obera-para-celebrar-la-unidad\\\/\",\"url\":\"https:\\\/\\\/cvinoticias.com\\\/v3\\\/multitudinaria-fiesta-en-obera-para-celebrar-la-unidad\\\/\",\"name\":\"Multitudinaria fiesta en Ober\u00e1 para celebrar la unidad | CVI NOTICIAS\",\"isPartOf\":{\"@id\":\"https:\\\/\\\/cvinoticias.com\\\/v3\\\/#website\"},\"primaryImageOfPage\":{\"@id\":\"https:\\\/\\\/cvinoticias.com\\\/v3\\\/multitudinaria-fiesta-en-obera-para-celebrar-la-unidad\\\/#primaryimage\"},\"image\":{\"@id\":\"https:\\\/\\\/cvinoticias.com\\\/v3\\\/multitudinaria-fiesta-en-obera-para-celebrar-la-unidad\\\/#primaryimage\"},\"thumbnailUrl\":\"https:\\\/\\\/cvinoticias.com\\\/wp-content\\\/uploads\\\/2023\\\/04\\\/IMG-20230429-WA0006.jpg\",\"datePublished\":\"2023-04-29T11:09:36+00:00\",\"breadcrumb\":{\"@id\":\"https:\\\/\\\/cvinoticias.com\\\/v3\\\/multitudinaria-fiesta-en-obera-para-celebrar-la-unidad\\\/#breadcrumb\"},\"inLanguage\":\"es\",\"potentialAction\":[{\"@type\":\"ReadAction\",\"target\":[\"https:\\\/\\\/cvinoticias.com\\\/v3\\\/multitudinaria-fiesta-en-obera-para-celebrar-la-unidad\\\/\"]}]},{\"@type\":\"ImageObject\",\"inLanguage\":\"es\",\"@id\":\"https:\\\/\\\/cvinoticias.com\\\/v3\\\/multitudinaria-fiesta-en-obera-para-celebrar-la-unidad\\\/#primaryimage\",\"url\":\"https:\\\/\\\/cvinoticias.com\\\/wp-content\\\/uploads\\\/2023\\\/04\\\/IMG-20230429-WA0006.jpg\",\"contentUrl\":\"https:\\\/\\\/cvinoticias.com\\\/wp-content\\\/uploads\\\/2023\\\/04\\\/IMG-20230429-WA0006.jpg\",\"width\":1089,\"height\":730},{\"@type\":\"BreadcrumbList\",\"@id\":\"https:\\\/\\\/cvinoticias.com\\\/v3\\\/multitudinaria-fiesta-en-obera-para-celebrar-la-unidad\\\/#breadcrumb\",\"itemListElement\":[{\"@type\":\"ListItem\",\"position\":1,\"name\":\"Portada\",\"item\":\"https:\\\/\\\/cvinoticias.com\\\/v3\\\/\"},{\"@type\":\"ListItem\",\"position\":2,\"name\":\"Multitudinaria fiesta en Ober\u00e1 para celebrar la unidad\"}]},{\"@type\":\"WebSite\",\"@id\":\"https:\\\/\\\/cvinoticias.com\\\/v3\\\/#website\",\"url\":\"https:\\\/\\\/cvinoticias.com\\\/v3\\\/\",\"name\":\"CVI NOTICIAS\",\"description\":\"\",\"publisher\":{\"@id\":\"https:\\\/\\\/cvinoticias.com\\\/v3\\\/#organization\"},\"alternateName\":\"CVI\",\"potentialAction\":[{\"@type\":\"SearchAction\",\"target\":{\"@type\":\"EntryPoint\",\"urlTemplate\":\"https:\\\/\\\/cvinoticias.com\\\/v3\\\/?s={search_term_string}\"},\"query-input\":{\"@type\":\"PropertyValueSpecification\",\"valueRequired\":true,\"valueName\":\"search_term_string\"}}],\"inLanguage\":\"es\"},{\"@type\":\"Organization\",\"@id\":\"https:\\\/\\\/cvinoticias.com\\\/v3\\\/#organization\",\"name\":\"CVI NOTICIAS\",\"url\":\"https:\\\/\\\/cvinoticias.com\\\/v3\\\/\",\"logo\":{\"@type\":\"ImageObject\",\"inLanguage\":\"es\",\"@id\":\"https:\\\/\\\/cvinoticias.com\\\/v3\\\/#\\\/schema\\\/logo\\\/image\\\/\",\"url\":\"https:\\\/\\\/cvinoticias.com\\\/wp-content\\\/uploads\\\/2023\\\/04\\\/cropped-cropped-cropped-cropped-cropped-3-1.png\",\"contentUrl\":\"https:\\\/\\\/cvinoticias.com\\\/wp-content\\\/uploads\\\/2023\\\/04\\\/cropped-cropped-cropped-cropped-cropped-3-1.png\",\"width\":95,\"height\":122,\"caption\":\"CVI NOTICIAS\"},\"image\":{\"@id\":\"https:\\\/\\\/cvinoticias.com\\\/v3\\\/#\\\/schema\\\/logo\\\/image\\\/\"},\"sameAs\":[\"https:\\\/\\\/www.facebook.com\\\/cvinoticias\",\"https:\\\/\\\/www.instagram.com\\\/cvinoticias\\\/\",\"https:\\\/\\\/www.youtube.com\\\/@CVINOTICIAS\"]},{\"@type\":\"Person\",\"@id\":\"https:\\\/\\\/cvinoticias.com\\\/v3\\\/#\\\/schema\\\/person\\\/2db77e3c6bc03c538495d7b2b8be9b66\",\"name\":\"f1000024\",\"image\":{\"@type\":\"ImageObject\",\"inLanguage\":\"es\",\"@id\":\"https:\\\/\\\/secure.gravatar.com\\\/avatar\\\/d4fe7459cfc51ff5129ce1a732bbef5928568b8092d412ef95611616376bbeed?s=96&d=mm&r=g\",\"url\":\"https:\\\/\\\/secure.gravatar.com\\\/avatar\\\/d4fe7459cfc51ff5129ce1a732bbef5928568b8092d412ef95611616376bbeed?s=96&d=mm&r=g\",\"contentUrl\":\"https:\\\/\\\/secure.gravatar.com\\\/avatar\\\/d4fe7459cfc51ff5129ce1a732bbef5928568b8092d412ef95611616376bbeed?s=96&d=mm&r=g\",\"caption\":\"f1000024\"},\"url\":\"https:\\\/\\\/cvinoticias.com\\\/v3\\\/author\\\/f1000024\\\/\"}]}<\/script>\n<!-- \/ Yoast SEO plugin. -->","yoast_head_json":{"title":"Multitudinaria fiesta en Ober\u00e1 para celebrar la unidad | CVI NOTICIAS","robots":{"index":"index","follow":"follow","max-snippet":"max-snippet:-1","max-image-preview":"max-image-preview:large","max-video-preview":"max-video-preview:-1"},"canonical":"https:\/\/cvinoticias.com\/v3\/multitudinaria-fiesta-en-obera-para-celebrar-la-unidad\/","og_locale":"es_ES","og_type":"article","og_title":"Multitudinaria fiesta en Ober\u00e1 para celebrar la unidad | CVI NOTICIAS","og_description":"En Misiones no hay grieta: la plaza San Mart\u00edn reuni\u00f3 a militantes, funcionarios y a candidatos de todos los sublemas del Frente Renovador. Con artistas locales y m\u00fasica en vivo, las banderas y remeras de todos los espacios convivieron en un clima de paz y fraternidad con el p\u00fablico de todas las edades que se [&hellip;]","og_url":"https:\/\/cvinoticias.com\/v3\/multitudinaria-fiesta-en-obera-para-celebrar-la-unidad\/","og_site_name":"CVI NOTICIAS","article_publisher":"https:\/\/www.facebook.com\/cvinoticias","article_published_time":"2023-04-29T11:09:36+00:00","og_image":[{"width":1089,"height":730,"url":"https:\/\/cvinoticias.com\/wp-content\/uploads\/2023\/04\/IMG-20230429-WA0006.jpg","type":"image\/jpeg"}],"author":"f1000024","twitter_card":"summary_large_image","twitter_misc":{"Escrito por":"f1000024","Tiempo de lectura":"3 minutos"},"schema":{"@context":"https:\/\/schema.org","@graph":[{"@type":"Article","@id":"https:\/\/cvinoticias.com\/v3\/multitudinaria-fiesta-en-obera-para-celebrar-la-unidad\/#article","isPartOf":{"@id":"https:\/\/cvinoticias.com\/v3\/multitudinaria-fiesta-en-obera-para-celebrar-la-unidad\/"},"author":{"name":"f1000024","@id":"https:\/\/cvinoticias.com\/v3\/#\/schema\/person\/2db77e3c6bc03c538495d7b2b8be9b66"},"headline":"Multitudinaria fiesta en Ober\u00e1 para celebrar la unidad","datePublished":"2023-04-29T11:09:36+00:00","mainEntityOfPage":{"@id":"https:\/\/cvinoticias.com\/v3\/multitudinaria-fiesta-en-obera-para-celebrar-la-unidad\/"},"wordCount":649,"commentCount":0,"publisher":{"@id":"https:\/\/cvinoticias.com\/v3\/#organization"},"image":{"@id":"https:\/\/cvinoticias.com\/v3\/multitudinaria-fiesta-en-obera-para-celebrar-la-unidad\/#primaryimage"},"thumbnailUrl":"https:\/\/cvinoticias.com\/wp-content\/uploads\/2023\/04\/IMG-20230429-WA0006.jpg","articleSection":["Provinciales"],"inLanguage":"es","potentialAction":[{"@type":"CommentAction","name":"Comment","target":["https:\/\/cvinoticias.com\/v3\/multitudinaria-fiesta-en-obera-para-celebrar-la-unidad\/#respond"]}]},{"@type":"WebPage","@id":"https:\/\/cvinoticias.com\/v3\/multitudinaria-fiesta-en-obera-para-celebrar-la-unidad\/","url":"https:\/\/cvinoticias.com\/v3\/multitudinaria-fiesta-en-obera-para-celebrar-la-unidad\/","name":"Multitudinaria fiesta en Ober\u00e1 para celebrar la unidad | CVI NOTICIAS","isPartOf":{"@id":"https:\/\/cvinoticias.com\/v3\/#website"},"primaryImageOfPage":{"@id":"https:\/\/cvinoticias.com\/v3\/multitudinaria-fiesta-en-obera-para-celebrar-la-unidad\/#primaryimage"},"image":{"@id":"https:\/\/cvinoticias.com\/v3\/multitudinaria-fiesta-en-obera-para-celebrar-la-unidad\/#primaryimage"},"thumbnailUrl":"https:\/\/cvinoticias.com\/wp-content\/uploads\/2023\/04\/IMG-20230429-WA0006.jpg","datePublished":"2023-04-29T11:09:36+00:00","breadcrumb":{"@id":"https:\/\/cvinoticias.com\/v3\/multitudinaria-fiesta-en-obera-para-celebrar-la-unidad\/#breadcrumb"},"inLanguage":"es","potentialAction":[{"@type":"ReadAction","target":["https:\/\/cvinoticias.com\/v3\/multitudinaria-fiesta-en-obera-para-celebrar-la-unidad\/"]}]},{"@type":"ImageObject","inLanguage":"es","@id":"https:\/\/cvinoticias.com\/v3\/multitudinaria-fiesta-en-obera-para-celebrar-la-unidad\/#primaryimage","url":"https:\/\/cvinoticias.com\/wp-content\/uploads\/2023\/04\/IMG-20230429-WA0006.jpg","contentUrl":"https:\/\/cvinoticias.com\/wp-content\/uploads\/2023\/04\/IMG-20230429-WA0006.jpg","width":1089,"height":730},{"@type":"BreadcrumbList","@id":"https:\/\/cvinoticias.com\/v3\/multitudinaria-fiesta-en-obera-para-celebrar-la-unidad\/#breadcrumb","itemListElement":[{"@type":"ListItem","position":1,"name":"Portada","item":"https:\/\/cvinoticias.com\/v3\/"},{"@type":"ListItem","position":2,"name":"Multitudinaria fiesta en Ober\u00e1 para celebrar la unidad"}]},{"@type":"WebSite","@id":"https:\/\/cvinoticias.com\/v3\/#website","url":"https:\/\/cvinoticias.com\/v3\/","name":"CVI NOTICIAS","description":"","publisher":{"@id":"https:\/\/cvinoticias.com\/v3\/#organization"},"alternateName":"CVI","potentialAction":[{"@type":"SearchAction","target":{"@type":"EntryPoint","urlTemplate":"https:\/\/cvinoticias.com\/v3\/?s={search_term_string}"},"query-input":{"@type":"PropertyValueSpecification","valueRequired":true,"valueName":"search_term_string"}}],"inLanguage":"es"},{"@type":"Organization","@id":"https:\/\/cvinoticias.com\/v3\/#organization","name":"CVI NOTICIAS","url":"https:\/\/cvinoticias.com\/v3\/","logo":{"@type":"ImageObject","inLanguage":"es","@id":"https:\/\/cvinoticias.com\/v3\/#\/schema\/logo\/image\/","url":"https:\/\/cvinoticias.com\/wp-content\/uploads\/2023\/04\/cropped-cropped-cropped-cropped-cropped-3-1.png","contentUrl":"https:\/\/cvinoticias.com\/wp-content\/uploads\/2023\/04\/cropped-cropped-cropped-cropped-cropped-3-1.png","width":95,"height":122,"caption":"CVI NOTICIAS"},"image":{"@id":"https:\/\/cvinoticias.com\/v3\/#\/schema\/logo\/image\/"},"sameAs":["https:\/\/www.facebook.com\/cvinoticias","https:\/\/www.instagram.com\/cvinoticias\/","https:\/\/www.youtube.com\/@CVINOTICIAS"]},{"@type":"Person","@id":"https:\/\/cvinoticias.com\/v3\/#\/schema\/person\/2db77e3c6bc03c538495d7b2b8be9b66","name":"f1000024","image":{"@type":"ImageObject","inLanguage":"es","@id":"https:\/\/secure.gravatar.com\/avatar\/d4fe7459cfc51ff5129ce1a732bbef5928568b8092d412ef95611616376bbeed?s=96&d=mm&r=g","url":"https:\/\/secure.gravatar.com\/avatar\/d4fe7459cfc51ff5129ce1a732bbef5928568b8092d412ef95611616376bbeed?s=96&d=mm&r=g","contentUrl":"https:\/\/secure.gravatar.com\/avatar\/d4fe7459cfc51ff5129ce1a732bbef5928568b8092d412ef95611616376bbeed?s=96&d=mm&r=g","caption":"f1000024"},"url":"https:\/\/cvinoticias.com\/v3\/author\/f1000024\/"}]}},"_links":{"self":[{"href":"https:\/\/cvinoticias.com\/v3\/wp-json\/wp\/v2\/posts\/24453","targetHints":{"allow":["GET"]}}],"collection":[{"href":"https:\/\/cvinoticias.com\/v3\/wp-json\/wp\/v2\/posts"}],"about":[{"href":"https:\/\/cvinoticias.com\/v3\/wp-json\/wp\/v2\/types\/post"}],"author":[{"embeddable":true,"href":"https:\/\/cvinoticias.com\/v3\/wp-json\/wp\/v2\/users\/2"}],"replies":[{"embeddable":true,"href":"https:\/\/cvinoticias.com\/v3\/wp-json\/wp\/v2\/comments?post=24453"}],"version-history":[{"count":1,"href":"https:\/\/cvinoticias.com\/v3\/wp-json\/wp\/v2\/posts\/24453\/revisions"}],"predecessor-version":[{"id":24458,"href":"https:\/\/cvinoticias.com\/v3\/wp-json\/wp\/v2\/posts\/24453\/revisions\/24458"}],"wp:featuredmedia":[{"embeddable":true,"href":"https:\/\/cvinoticias.com\/v3\/wp-json\/wp\/v2\/media\/24457"}],"wp:attachment":[{"href":"https:\/\/cvinoticias.com\/v3\/wp-json\/wp\/v2\/media?parent=24453"}],"wp:term":[{"taxonomy":"category","embeddable":true,"href":"https:\/\/cvinoticias.com\/v3\/wp-json\/wp\/v2\/categories?post=24453"},{"taxonomy":"post_tag","embeddable":true,"href":"https:\/\/cvinoticias.com\/v3\/wp-json\/wp\/v2\/tags?post=24453"}],"curies":[{"name":"wp","href":"https:\/\/api.w.org\/{rel}","templated":true}]}}