{"id":24450,"date":"2023-04-29T11:02:48","date_gmt":"2023-04-29T11:02:48","guid":{"rendered":"https:\/\/cvinoticias.com\/v3\/?p=24450"},"modified":"2023-04-29T11:02:48","modified_gmt":"2023-04-29T11:02:48","slug":"dia-del-animal-por-que-se-celebra-el-29-de-abril-en-argentina","status":"publish","type":"post","link":"https:\/\/cvinoticias.com\/v3\/dia-del-animal-por-que-se-celebra-el-29-de-abril-en-argentina\/","title":{"rendered":"D\u00eda del Animal: por qu\u00e9 se celebra el 29 de abril en Argentina"},"content":{"rendered":"\n<p><strong><em>En nuestro pa\u00eds, y todos los 29 de abril, se celebra el D\u00eda del Animal, celebrando as\u00ed por todas las mascotas y animales que se encuentran en nuestro territorio.<\/em><\/strong><\/p>\n\n\n\n<p>Desde las mascotas que varios argentinos tienen en sus casas, hasta aquellos animales que se encuentran en su habitat natural, los 29 de abril se celebra por ellos en lo que se conoce en nuestro pa\u00eds como el D\u00eda del Animal, festejado solo en Argentina. Desde el a\u00f1o 1908, y de manera initerrumpida, los 29 de abril es el d\u00eda de los animales.<\/p>\n\n\n\n<p>Este d\u00eda fue establecido hace m\u00e1s de cien a\u00f1os y conmemora el fallecimiento del Doctor Ignacio Lucas Albarrac\u00edn, quien fue el encargado de fundar la Sociedad Protectora de Animales, adem\u00e1s de impulsar la ley Nacional Protectora de Animales, brindando protecci\u00f3n hacia los mismos impidiendo su maltrato y caza.<\/p>\n\n\n\n<p>Este d\u00eda es distinto al resto del mundo, ya que en los dem\u00e1s pa\u00edses el D\u00eda del Animal est\u00e1 pactado para el cuatro de octubre, en memoria de San Francisco de As\u00eds, quien es considerado el patrono de los animales.<\/p>\n\n\n\n<p>Argentina a\u00f1o a a\u00f1o fue progresando con respecto al cuidado y trato de los animales, y es por ello que llev\u00f3 a cabo varias reformas en todo el pa\u00eds. Se crearon reservas naturales y se protegieron varias para que la fauna del pa\u00eds pueda vivir en su habitat. Adem\u00e1s de eliminar varios zool\u00f3gicos en distintas ciudades devolviendo a los animales a donde corresponden.<\/p>\n\n\n\n<p>Argentina cuenta con una fauna muy variada desde el norte con llamas y alpacas hasta el sur con ping\u00fcinos y ballenas. En el \u00faltimo tiempo, se imprimieron los billetes de nuestro pa\u00eds con varios animales caracter\u00edsticos, como lo es el jaguar, la ballena franca asutral, el hornero que es el ave nacional, entre otros.<\/p>\n\n\n\n<p>Todos los a\u00f1os, varias organizaciones o refugios de animales organizan colectas o eventos para recaudar dinero para as\u00ed mejorar las instalaciones, en las cuales cuidan a los animales en peligro de extinci\u00f3n, les dan un refugio y cuando se encuentran en condiciones los devuelven a su habitat.<\/p>\n","protected":false},"excerpt":{"rendered":"<p>En nuestro pa\u00eds, y todos los 29 de abril, se celebra el D\u00eda del Animal, celebrando as\u00ed por todas las mascotas y animales que se encuentran en nuestro territorio. Desde las mascotas que varios argentinos tienen en sus casas, hasta aquellos animales que se encuentran en su habitat natural, los 29 de abril se celebra [&hellip;]<\/p>\n","protected":false},"author":2,"featured_media":24451,"comment_status":"open","ping_status":"open","sticky":false,"template":"","format":"standard","meta":{"footnotes":""},"categories":[35],"tags":[],"class_list":["post-24450","post","type-post","status-publish","format-standard","has-post-thumbnail","hentry","category-informacion-general"],"yoast_head":"<!-- This site is optimized with the Yoast SEO plugin v27.4 - https:\/\/yoast.com\/product\/yoast-seo-wordpress\/ -->\n<title>D\u00eda del Animal: por qu\u00e9 se celebra el 29 de abril en Argentina | CVI NOTICIAS<\/title>\n<meta name=\"robots\" content=\"index, follow, max-snippet:-1, max-image-preview:large, max-video-preview:-1\" \/>\n<link rel=\"canonical\" href=\"https:\/\/cvinoticias.com\/v3\/dia-del-animal-por-que-se-celebra-el-29-de-abril-en-argentina\/\" \/>\n<meta property=\"og:locale\" content=\"es_ES\" \/>\n<meta property=\"og:type\" content=\"article\" \/>\n<meta property=\"og:title\" content=\"D\u00eda del Animal: por qu\u00e9 se celebra el 29 de abril en Argentina | CVI NOTICIAS\" \/>\n<meta property=\"og:description\" content=\"En nuestro pa\u00eds, y todos los 29 de abril, se celebra el D\u00eda del Animal, celebrando as\u00ed por todas las mascotas y animales que se encuentran en nuestro territorio. Desde las mascotas que varios argentinos tienen en sus casas, hasta aquellos animales que se encuentran en su habitat natural, los 29 de abril se celebra [&hellip;]\" \/>\n<meta property=\"og:url\" content=\"https:\/\/cvinoticias.com\/v3\/dia-del-animal-por-que-se-celebra-el-29-de-abril-en-argentina\/\" \/>\n<meta property=\"og:site_name\" content=\"CVI NOTICIAS\" \/>\n<meta property=\"article:publisher\" content=\"https:\/\/www.facebook.com\/cvinoticias\" \/>\n<meta property=\"article:published_time\" content=\"2023-04-29T11:02:48+00:00\" \/>\n<meta property=\"og:image\" content=\"https:\/\/cvinoticias.com\/wp-content\/uploads\/2023\/04\/NYC4ZOFUDNBO5DZHMTQ3QEAEFQ.jpeg\" \/>\n\t<meta property=\"og:image:width\" content=\"992\" \/>\n\t<meta property=\"og:image:height\" content=\"496\" \/>\n\t<meta property=\"og:image:type\" content=\"image\/jpeg\" \/>\n<meta name=\"author\" content=\"f1000024\" \/>\n<meta name=\"twitter:card\" content=\"summary_large_image\" \/>\n<meta name=\"twitter:label1\" content=\"Escrito por\" \/>\n\t<meta name=\"twitter:data1\" content=\"f1000024\" \/>\n\t<meta name=\"twitter:label2\" content=\"Tiempo de lectura\" \/>\n\t<meta name=\"twitter:data2\" content=\"2 minutos\" \/>\n<script type=\"application\/ld+json\" class=\"yoast-schema-graph\">{\"@context\":\"https:\\\/\\\/schema.org\",\"@graph\":[{\"@type\":\"Article\",\"@id\":\"https:\\\/\\\/cvinoticias.com\\\/v3\\\/dia-del-animal-por-que-se-celebra-el-29-de-abril-en-argentina\\\/#article\",\"isPartOf\":{\"@id\":\"https:\\\/\\\/cvinoticias.com\\\/v3\\\/dia-del-animal-por-que-se-celebra-el-29-de-abril-en-argentina\\\/\"},\"author\":{\"name\":\"f1000024\",\"@id\":\"https:\\\/\\\/cvinoticias.com\\\/v3\\\/#\\\/schema\\\/person\\\/2db77e3c6bc03c538495d7b2b8be9b66\"},\"headline\":\"D\u00eda del Animal: por qu\u00e9 se celebra el 29 de abril en Argentina\",\"datePublished\":\"2023-04-29T11:02:48+00:00\",\"mainEntityOfPage\":{\"@id\":\"https:\\\/\\\/cvinoticias.com\\\/v3\\\/dia-del-animal-por-que-se-celebra-el-29-de-abril-en-argentina\\\/\"},\"wordCount\":381,\"commentCount\":0,\"publisher\":{\"@id\":\"https:\\\/\\\/cvinoticias.com\\\/v3\\\/#organization\"},\"image\":{\"@id\":\"https:\\\/\\\/cvinoticias.com\\\/v3\\\/dia-del-animal-por-que-se-celebra-el-29-de-abril-en-argentina\\\/#primaryimage\"},\"thumbnailUrl\":\"https:\\\/\\\/cvinoticias.com\\\/wp-content\\\/uploads\\\/2023\\\/04\\\/NYC4ZOFUDNBO5DZHMTQ3QEAEFQ.jpeg\",\"articleSection\":[\"Informaci\u00f3n General\"],\"inLanguage\":\"es\",\"potentialAction\":[{\"@type\":\"CommentAction\",\"name\":\"Comment\",\"target\":[\"https:\\\/\\\/cvinoticias.com\\\/v3\\\/dia-del-animal-por-que-se-celebra-el-29-de-abril-en-argentina\\\/#respond\"]}]},{\"@type\":\"WebPage\",\"@id\":\"https:\\\/\\\/cvinoticias.com\\\/v3\\\/dia-del-animal-por-que-se-celebra-el-29-de-abril-en-argentina\\\/\",\"url\":\"https:\\\/\\\/cvinoticias.com\\\/v3\\\/dia-del-animal-por-que-se-celebra-el-29-de-abril-en-argentina\\\/\",\"name\":\"D\u00eda del Animal: por qu\u00e9 se celebra el 29 de abril en Argentina | CVI NOTICIAS\",\"isPartOf\":{\"@id\":\"https:\\\/\\\/cvinoticias.com\\\/v3\\\/#website\"},\"primaryImageOfPage\":{\"@id\":\"https:\\\/\\\/cvinoticias.com\\\/v3\\\/dia-del-animal-por-que-se-celebra-el-29-de-abril-en-argentina\\\/#primaryimage\"},\"image\":{\"@id\":\"https:\\\/\\\/cvinoticias.com\\\/v3\\\/dia-del-animal-por-que-se-celebra-el-29-de-abril-en-argentina\\\/#primaryimage\"},\"thumbnailUrl\":\"https:\\\/\\\/cvinoticias.com\\\/wp-content\\\/uploads\\\/2023\\\/04\\\/NYC4ZOFUDNBO5DZHMTQ3QEAEFQ.jpeg\",\"datePublished\":\"2023-04-29T11:02:48+00:00\",\"breadcrumb\":{\"@id\":\"https:\\\/\\\/cvinoticias.com\\\/v3\\\/dia-del-animal-por-que-se-celebra-el-29-de-abril-en-argentina\\\/#breadcrumb\"},\"inLanguage\":\"es\",\"potentialAction\":[{\"@type\":\"ReadAction\",\"target\":[\"https:\\\/\\\/cvinoticias.com\\\/v3\\\/dia-del-animal-por-que-se-celebra-el-29-de-abril-en-argentina\\\/\"]}]},{\"@type\":\"ImageObject\",\"inLanguage\":\"es\",\"@id\":\"https:\\\/\\\/cvinoticias.com\\\/v3\\\/dia-del-animal-por-que-se-celebra-el-29-de-abril-en-argentina\\\/#primaryimage\",\"url\":\"https:\\\/\\\/cvinoticias.com\\\/wp-content\\\/uploads\\\/2023\\\/04\\\/NYC4ZOFUDNBO5DZHMTQ3QEAEFQ.jpeg\",\"contentUrl\":\"https:\\\/\\\/cvinoticias.com\\\/wp-content\\\/uploads\\\/2023\\\/04\\\/NYC4ZOFUDNBO5DZHMTQ3QEAEFQ.jpeg\",\"width\":992,\"height\":496},{\"@type\":\"BreadcrumbList\",\"@id\":\"https:\\\/\\\/cvinoticias.com\\\/v3\\\/dia-del-animal-por-que-se-celebra-el-29-de-abril-en-argentina\\\/#breadcrumb\",\"itemListElement\":[{\"@type\":\"ListItem\",\"position\":1,\"name\":\"Portada\",\"item\":\"https:\\\/\\\/cvinoticias.com\\\/v3\\\/\"},{\"@type\":\"ListItem\",\"position\":2,\"name\":\"D\u00eda del Animal: por qu\u00e9 se celebra el 29 de abril en Argentina\"}]},{\"@type\":\"WebSite\",\"@id\":\"https:\\\/\\\/cvinoticias.com\\\/v3\\\/#website\",\"url\":\"https:\\\/\\\/cvinoticias.com\\\/v3\\\/\",\"name\":\"CVI NOTICIAS\",\"description\":\"\",\"publisher\":{\"@id\":\"https:\\\/\\\/cvinoticias.com\\\/v3\\\/#organization\"},\"alternateName\":\"CVI\",\"potentialAction\":[{\"@type\":\"SearchAction\",\"target\":{\"@type\":\"EntryPoint\",\"urlTemplate\":\"https:\\\/\\\/cvinoticias.com\\\/v3\\\/?s={search_term_string}\"},\"query-input\":{\"@type\":\"PropertyValueSpecification\",\"valueRequired\":true,\"valueName\":\"search_term_string\"}}],\"inLanguage\":\"es\"},{\"@type\":\"Organization\",\"@id\":\"https:\\\/\\\/cvinoticias.com\\\/v3\\\/#organization\",\"name\":\"CVI NOTICIAS\",\"url\":\"https:\\\/\\\/cvinoticias.com\\\/v3\\\/\",\"logo\":{\"@type\":\"ImageObject\",\"inLanguage\":\"es\",\"@id\":\"https:\\\/\\\/cvinoticias.com\\\/v3\\\/#\\\/schema\\\/logo\\\/image\\\/\",\"url\":\"https:\\\/\\\/cvinoticias.com\\\/wp-content\\\/uploads\\\/2023\\\/04\\\/cropped-cropped-cropped-cropped-cropped-3-1.png\",\"contentUrl\":\"https:\\\/\\\/cvinoticias.com\\\/wp-content\\\/uploads\\\/2023\\\/04\\\/cropped-cropped-cropped-cropped-cropped-3-1.png\",\"width\":95,\"height\":122,\"caption\":\"CVI NOTICIAS\"},\"image\":{\"@id\":\"https:\\\/\\\/cvinoticias.com\\\/v3\\\/#\\\/schema\\\/logo\\\/image\\\/\"},\"sameAs\":[\"https:\\\/\\\/www.facebook.com\\\/cvinoticias\",\"https:\\\/\\\/www.instagram.com\\\/cvinoticias\\\/\",\"https:\\\/\\\/www.youtube.com\\\/@CVINOTICIAS\"]},{\"@type\":\"Person\",\"@id\":\"https:\\\/\\\/cvinoticias.com\\\/v3\\\/#\\\/schema\\\/person\\\/2db77e3c6bc03c538495d7b2b8be9b66\",\"name\":\"f1000024\",\"image\":{\"@type\":\"ImageObject\",\"inLanguage\":\"es\",\"@id\":\"https:\\\/\\\/secure.gravatar.com\\\/avatar\\\/d4fe7459cfc51ff5129ce1a732bbef5928568b8092d412ef95611616376bbeed?s=96&d=mm&r=g\",\"url\":\"https:\\\/\\\/secure.gravatar.com\\\/avatar\\\/d4fe7459cfc51ff5129ce1a732bbef5928568b8092d412ef95611616376bbeed?s=96&d=mm&r=g\",\"contentUrl\":\"https:\\\/\\\/secure.gravatar.com\\\/avatar\\\/d4fe7459cfc51ff5129ce1a732bbef5928568b8092d412ef95611616376bbeed?s=96&d=mm&r=g\",\"caption\":\"f1000024\"},\"url\":\"https:\\\/\\\/cvinoticias.com\\\/v3\\\/author\\\/f1000024\\\/\"}]}<\/script>\n<!-- \/ Yoast SEO plugin. -->","yoast_head_json":{"title":"D\u00eda del Animal: por qu\u00e9 se celebra el 29 de abril en Argentina | CVI NOTICIAS","robots":{"index":"index","follow":"follow","max-snippet":"max-snippet:-1","max-image-preview":"max-image-preview:large","max-video-preview":"max-video-preview:-1"},"canonical":"https:\/\/cvinoticias.com\/v3\/dia-del-animal-por-que-se-celebra-el-29-de-abril-en-argentina\/","og_locale":"es_ES","og_type":"article","og_title":"D\u00eda del Animal: por qu\u00e9 se celebra el 29 de abril en Argentina | CVI NOTICIAS","og_description":"En nuestro pa\u00eds, y todos los 29 de abril, se celebra el D\u00eda del Animal, celebrando as\u00ed por todas las mascotas y animales que se encuentran en nuestro territorio. Desde las mascotas que varios argentinos tienen en sus casas, hasta aquellos animales que se encuentran en su habitat natural, los 29 de abril se celebra [&hellip;]","og_url":"https:\/\/cvinoticias.com\/v3\/dia-del-animal-por-que-se-celebra-el-29-de-abril-en-argentina\/","og_site_name":"CVI NOTICIAS","article_publisher":"https:\/\/www.facebook.com\/cvinoticias","article_published_time":"2023-04-29T11:02:48+00:00","og_image":[{"width":992,"height":496,"url":"https:\/\/cvinoticias.com\/wp-content\/uploads\/2023\/04\/NYC4ZOFUDNBO5DZHMTQ3QEAEFQ.jpeg","type":"image\/jpeg"}],"author":"f1000024","twitter_card":"summary_large_image","twitter_misc":{"Escrito por":"f1000024","Tiempo de lectura":"2 minutos"},"schema":{"@context":"https:\/\/schema.org","@graph":[{"@type":"Article","@id":"https:\/\/cvinoticias.com\/v3\/dia-del-animal-por-que-se-celebra-el-29-de-abril-en-argentina\/#article","isPartOf":{"@id":"https:\/\/cvinoticias.com\/v3\/dia-del-animal-por-que-se-celebra-el-29-de-abril-en-argentina\/"},"author":{"name":"f1000024","@id":"https:\/\/cvinoticias.com\/v3\/#\/schema\/person\/2db77e3c6bc03c538495d7b2b8be9b66"},"headline":"D\u00eda del Animal: por qu\u00e9 se celebra el 29 de abril en Argentina","datePublished":"2023-04-29T11:02:48+00:00","mainEntityOfPage":{"@id":"https:\/\/cvinoticias.com\/v3\/dia-del-animal-por-que-se-celebra-el-29-de-abril-en-argentina\/"},"wordCount":381,"commentCount":0,"publisher":{"@id":"https:\/\/cvinoticias.com\/v3\/#organization"},"image":{"@id":"https:\/\/cvinoticias.com\/v3\/dia-del-animal-por-que-se-celebra-el-29-de-abril-en-argentina\/#primaryimage"},"thumbnailUrl":"https:\/\/cvinoticias.com\/wp-content\/uploads\/2023\/04\/NYC4ZOFUDNBO5DZHMTQ3QEAEFQ.jpeg","articleSection":["Informaci\u00f3n General"],"inLanguage":"es","potentialAction":[{"@type":"CommentAction","name":"Comment","target":["https:\/\/cvinoticias.com\/v3\/dia-del-animal-por-que-se-celebra-el-29-de-abril-en-argentina\/#respond"]}]},{"@type":"WebPage","@id":"https:\/\/cvinoticias.com\/v3\/dia-del-animal-por-que-se-celebra-el-29-de-abril-en-argentina\/","url":"https:\/\/cvinoticias.com\/v3\/dia-del-animal-por-que-se-celebra-el-29-de-abril-en-argentina\/","name":"D\u00eda del Animal: por qu\u00e9 se celebra el 29 de abril en Argentina | CVI NOTICIAS","isPartOf":{"@id":"https:\/\/cvinoticias.com\/v3\/#website"},"primaryImageOfPage":{"@id":"https:\/\/cvinoticias.com\/v3\/dia-del-animal-por-que-se-celebra-el-29-de-abril-en-argentina\/#primaryimage"},"image":{"@id":"https:\/\/cvinoticias.com\/v3\/dia-del-animal-por-que-se-celebra-el-29-de-abril-en-argentina\/#primaryimage"},"thumbnailUrl":"https:\/\/cvinoticias.com\/wp-content\/uploads\/2023\/04\/NYC4ZOFUDNBO5DZHMTQ3QEAEFQ.jpeg","datePublished":"2023-04-29T11:02:48+00:00","breadcrumb":{"@id":"https:\/\/cvinoticias.com\/v3\/dia-del-animal-por-que-se-celebra-el-29-de-abril-en-argentina\/#breadcrumb"},"inLanguage":"es","potentialAction":[{"@type":"ReadAction","target":["https:\/\/cvinoticias.com\/v3\/dia-del-animal-por-que-se-celebra-el-29-de-abril-en-argentina\/"]}]},{"@type":"ImageObject","inLanguage":"es","@id":"https:\/\/cvinoticias.com\/v3\/dia-del-animal-por-que-se-celebra-el-29-de-abril-en-argentina\/#primaryimage","url":"https:\/\/cvinoticias.com\/wp-content\/uploads\/2023\/04\/NYC4ZOFUDNBO5DZHMTQ3QEAEFQ.jpeg","contentUrl":"https:\/\/cvinoticias.com\/wp-content\/uploads\/2023\/04\/NYC4ZOFUDNBO5DZHMTQ3QEAEFQ.jpeg","width":992,"height":496},{"@type":"BreadcrumbList","@id":"https:\/\/cvinoticias.com\/v3\/dia-del-animal-por-que-se-celebra-el-29-de-abril-en-argentina\/#breadcrumb","itemListElement":[{"@type":"ListItem","position":1,"name":"Portada","item":"https:\/\/cvinoticias.com\/v3\/"},{"@type":"ListItem","position":2,"name":"D\u00eda del Animal: por qu\u00e9 se celebra el 29 de abril en Argentina"}]},{"@type":"WebSite","@id":"https:\/\/cvinoticias.com\/v3\/#website","url":"https:\/\/cvinoticias.com\/v3\/","name":"CVI NOTICIAS","description":"","publisher":{"@id":"https:\/\/cvinoticias.com\/v3\/#organization"},"alternateName":"CVI","potentialAction":[{"@type":"SearchAction","target":{"@type":"EntryPoint","urlTemplate":"https:\/\/cvinoticias.com\/v3\/?s={search_term_string}"},"query-input":{"@type":"PropertyValueSpecification","valueRequired":true,"valueName":"search_term_string"}}],"inLanguage":"es"},{"@type":"Organization","@id":"https:\/\/cvinoticias.com\/v3\/#organization","name":"CVI NOTICIAS","url":"https:\/\/cvinoticias.com\/v3\/","logo":{"@type":"ImageObject","inLanguage":"es","@id":"https:\/\/cvinoticias.com\/v3\/#\/schema\/logo\/image\/","url":"https:\/\/cvinoticias.com\/wp-content\/uploads\/2023\/04\/cropped-cropped-cropped-cropped-cropped-3-1.png","contentUrl":"https:\/\/cvinoticias.com\/wp-content\/uploads\/2023\/04\/cropped-cropped-cropped-cropped-cropped-3-1.png","width":95,"height":122,"caption":"CVI NOTICIAS"},"image":{"@id":"https:\/\/cvinoticias.com\/v3\/#\/schema\/logo\/image\/"},"sameAs":["https:\/\/www.facebook.com\/cvinoticias","https:\/\/www.instagram.com\/cvinoticias\/","https:\/\/www.youtube.com\/@CVINOTICIAS"]},{"@type":"Person","@id":"https:\/\/cvinoticias.com\/v3\/#\/schema\/person\/2db77e3c6bc03c538495d7b2b8be9b66","name":"f1000024","image":{"@type":"ImageObject","inLanguage":"es","@id":"https:\/\/secure.gravatar.com\/avatar\/d4fe7459cfc51ff5129ce1a732bbef5928568b8092d412ef95611616376bbeed?s=96&d=mm&r=g","url":"https:\/\/secure.gravatar.com\/avatar\/d4fe7459cfc51ff5129ce1a732bbef5928568b8092d412ef95611616376bbeed?s=96&d=mm&r=g","contentUrl":"https:\/\/secure.gravatar.com\/avatar\/d4fe7459cfc51ff5129ce1a732bbef5928568b8092d412ef95611616376bbeed?s=96&d=mm&r=g","caption":"f1000024"},"url":"https:\/\/cvinoticias.com\/v3\/author\/f1000024\/"}]}},"_links":{"self":[{"href":"https:\/\/cvinoticias.com\/v3\/wp-json\/wp\/v2\/posts\/24450","targetHints":{"allow":["GET"]}}],"collection":[{"href":"https:\/\/cvinoticias.com\/v3\/wp-json\/wp\/v2\/posts"}],"about":[{"href":"https:\/\/cvinoticias.com\/v3\/wp-json\/wp\/v2\/types\/post"}],"author":[{"embeddable":true,"href":"https:\/\/cvinoticias.com\/v3\/wp-json\/wp\/v2\/users\/2"}],"replies":[{"embeddable":true,"href":"https:\/\/cvinoticias.com\/v3\/wp-json\/wp\/v2\/comments?post=24450"}],"version-history":[{"count":1,"href":"https:\/\/cvinoticias.com\/v3\/wp-json\/wp\/v2\/posts\/24450\/revisions"}],"predecessor-version":[{"id":24452,"href":"https:\/\/cvinoticias.com\/v3\/wp-json\/wp\/v2\/posts\/24450\/revisions\/24452"}],"wp:featuredmedia":[{"embeddable":true,"href":"https:\/\/cvinoticias.com\/v3\/wp-json\/wp\/v2\/media\/24451"}],"wp:attachment":[{"href":"https:\/\/cvinoticias.com\/v3\/wp-json\/wp\/v2\/media?parent=24450"}],"wp:term":[{"taxonomy":"category","embeddable":true,"href":"https:\/\/cvinoticias.com\/v3\/wp-json\/wp\/v2\/categories?post=24450"},{"taxonomy":"post_tag","embeddable":true,"href":"https:\/\/cvinoticias.com\/v3\/wp-json\/wp\/v2\/tags?post=24450"}],"curies":[{"name":"wp","href":"https:\/\/api.w.org\/{rel}","templated":true}]}}